{"id":7641,"date":"2021-02-09T15:20:50","date_gmt":"2021-02-09T14:20:50","guid":{"rendered":"https:\/\/www.organisator.ch\/?p=7641"},"modified":"2021-02-09T15:20:50","modified_gmt":"2021-02-09T14:20:50","slug":"gewerbeverband-fordert-ende-des-lockdowns","status":"publish","type":"post","link":"https:\/\/www.organisator.ch\/it\/allgemein\/2021-02-09\/gewerbeverband-fordert-ende-des-lockdowns\/","title":{"rendered":"L'associazione di categoria chiede la fine dell'isolamento"},"content":{"rendered":"<figure id=\"attachment_7643\" aria-describedby=\"caption-attachment-7643\" style=\"width: 680px\" class=\"wp-caption alignnone\"><img loading=\"lazy\" decoding=\"async\" class=\"size-medium wp-image-7643\" src=\"https:\/\/www.organisator.ch\/wp-content\/uploads\/2021\/02\/Gewerbeverband-fordert-Ende-des-Lockdowns_Organisator.jpg\" alt=\"\" width=\"680\" height=\"617\" srcset=\"https:\/\/www.organisator.ch\/wp-content\/uploads\/2021\/02\/Gewerbeverband-fordert-Ende-des-Lockdowns_Organisator.jpg 680w, https:\/\/www.organisator.ch\/wp-content\/uploads\/2021\/02\/Gewerbeverband-fordert-Ende-des-Lockdowns_Organisator-13x12.jpg 13w, https:\/\/www.organisator.ch\/wp-content\/uploads\/2021\/02\/Gewerbeverband-fordert-Ende-des-Lockdowns_Organisator-193x175.jpg 193w, https:\/\/www.organisator.ch\/wp-content\/uploads\/2021\/02\/Gewerbeverband-fordert-Ende-des-Lockdowns_Organisator-386x350.jpg 386w, https:\/\/www.organisator.ch\/wp-content\/uploads\/2021\/02\/Gewerbeverband-fordert-Ende-des-Lockdowns_Organisator-300x272.jpg 300w\" sizes=\"auto, (max-width: 680px) 100vw, 680px\" \/><figcaption id=\"caption-attachment-7643\" class=\"wp-caption-text\">Fine della chiusura di ristoranti e negozi: l'Associazione svizzera del commercio chiede la fine della chiusura e il ritorno a misure basate su prove. (Immagine: Unsplash.com)<\/figcaption><\/figure>\n<p>Hans-Ulrich Bigler, direttore generale dell'Istituto di ricerca e sviluppo <a href=\"https:\/\/www.sgv-usam.ch\/\">Confederazione Svizzera dell'Artigianato sgv<\/a>La situazione \u00e8 desolante e abbiamo urgentemente bisogno di una prospettiva. C'\u00e8 una crescente mancanza di comprensione delle misure adottate finora per combattere la pandemia. Ci si concentra troppo sui peggiori scenari possibili, l'attuale blocco si basa su prove false e c'\u00e8 troppo allarmismo in generale, come ha detto Bigler in una conferenza stampa il 9 febbraio 2021. La richiesta al Consiglio federale \u00e8 altrettanto chiara: deve tornare rapidamente sulla \"strada della proporzionalit\u00e0\". Questo prevede la fine del blocco il 1\u00b0 marzo 2021 insieme a misure di accompagnamento coerenti, come test su scala nazionale, protezione di gruppi di popolazione particolarmente vulnerabili, promozione di campagne di vaccinazione e implementazione di concetti di protezione nelle aziende.<\/p>\n<h2><strong>La strategia di isolamento \u00e8 fallita<\/strong><\/h2>\n<p>Fabio Regazzi, consigliere nazionale e presidente del sgv, ha dichiarato ai media che l'economia potr\u00e0 tornare a funzionare con l'apertura dal 1\u00b0 marzo. In questo modo \u00e8 stato possibile contenere gli ingenti danni causati dal blocco. Con la logica della protezione mirata e delle misure ad essa associate - vaccinazioni, test e tracciabilit\u00e0 dei contatti - si potrebbe garantire nuovamente la libert\u00e0 economica e gli scambi sociali potrebbero gradualmente tornare alla normalit\u00e0. L'importante \u00e8 che l'economia abbia concetti di protezione che includono misure igieniche e di distanza. \"Questi concetti sono utilizzati in modo trasversale e hanno dimostrato la loro validit\u00e0, come dimostrano i dati dell'UFSP sui siti di infezione\", ha affermato Regazzi. Alla fine del suo discorso, il presidente del sgv ha citato gli imprenditori delle PMI che hanno testimoniato il loro grande disagio esistenziale. Ad esempio, un operatore alberghiero di 36 anni della Svizzera francese gli ha detto che gli sarebbero serviti diversi anni per riprendersi professionalmente e privatamente. Oppure un rivenditore di articoli sportivi ticinese gli ha detto che al momento solo cinque dei 40 dipendenti lavorano ancora - tutti membri della famiglia del proprietario. L'unica cosa che questa societ\u00e0 \u00e8 attualmente autorizzata a offrire \u00e8 il servizio sci e biciclette. Anche Andr\u00e9 Berdoz, vicepresidente dell'SBA, riporta voci di \"profonda disillusione e speranze deluse\". La chiusura di aree \"non essenziali\" ha gravi conseguenze per le aziende colpite, che devono convivere con la sensazione di vedersi negato il diritto economico di esistere. Nella prima fase della pandemia, quando si trattava di prepararsi alla fine del blocco, che ha prevalso da met\u00e0 marzo a met\u00e0 aprile dello scorso anno, le aziende sono state eccezionalmente disciplinate. L'umore \u00e8 diverso ora. <a href=\"https:\/\/www.organisator.ch\/lockdown-und-kein-ende-stimmen-aus-den-kmu\/\">Lo dimostrano molte voci di PMI<\/a>.<\/p>\n<h2><strong>Fine dell'isolamento o del \"lavoro\".<\/strong><\/h2>\n<p>Anche Fabio Regazzi descrive l'attuale strategia di blocco come un fallimento. \"Le PMI hanno bisogno di una prospettiva. Niente salti mortali e confusione di misure incomprensibili. Abbiamo bisogno di una strategia di uscita affidabile\". Tomas Prenosil di Handelsverband.swiss ha criticato il fatto che la chiusura del commercio stazionario abbia un effetto negativo sulle persone. L'effetto della limitazione della mobilit\u00e0 attraverso la chiusura dei negozi non \u00e8 percepibile, lamenta. Si tratta quindi di imparare a convivere con Covid. Werner Scherrer, presidente dell'Associazione PMI e Commercio del Cantone di Zurigo e lui stesso imprenditore, chiede: \"Lasciateci lavorare\". Per molte PMI il tempo passa da 5 a 12, l'attesa non \u00e8 pi\u00f9 un'opzione e la disperazione e il risentimento crescono. Esistono soluzioni per consentire una vita commerciale pi\u00f9 o meno normale anche in condizioni di Covid, ad esempio rendendo gli orari di apertura dei negozi il pi\u00f9 flessibili possibile o attraverso il private shopping: i clienti vengono in negozio su appuntamento per fare acquisti. Scherrer non ha una grande opinione dell'obbligo dell'home office: non ha portato a nulla, se non a controlli costosi e fastidiosi. \"Di conseguenza, l'obbligo deve essere abolito immediatamente\", chiede Scherrer. \"Questo darebbe alle aziende un maggiore spazio di manovra. La responsabilit\u00e0 individuale e la persuasione credibile sono pi\u00f9 efficaci per i cittadini responsabili rispetto alle normative statali.<\/p>\n<h2><strong>Mettere insieme elementi collaudati in modo \"intelligente<\/strong><\/h2>\n<p>Con le sue richieste di porre fine al blocco, l'Sgv esprime la crescente \"stanchezza da Corona\" nelle imprese e nella societ\u00e0. Tuttavia, resta da chiedersi se un'apertura troppo precoce non corra il rischio di provocare una prossima ondata a causa dell'aumento delle mutazioni. Probabilmente non esiste una risposta definitiva, se non, come dice Tomas Prenosil: \"Dobbiamo convivere con il fatto che Covid rimarr\u00e0 a medio termine. Non possiamo permetterci un blocco a medio termine. Se la situazione attuale si protrarr\u00e0 ancora a lungo, le basi della nostra convivenza sociale si eroderanno. Dobbiamo quindi sviluppare strategie per continuare a condividere e, naturalmente, a proteggerci nel processo. Questo pu\u00f2 essere fatto con una buona strategia di vaccinazione, con la ricerca dei contatti, con i test, con l'interruzione dei picchi di traffico e con i concetti di protezione. La buona notizia \u00e8 che questi elementi sono gi\u00e0 tutti presenti. Ora dobbiamo solo metterli insieme in modo intelligente. Questo \u00e8 esattamente ci\u00f2 che ci aspettiamo e pretendiamo dal governo\".<\/p>\n<blockquote>\n<h2><strong>Le richieste di sgv<\/strong><\/h2>\n<p>Nell'interesse delle PMI svizzere, la pi\u00f9 grande organizzazione mantello dell'economia svizzera si batte per condizioni quadro economiche e politiche ottimali e per un ambiente favorevole alle imprese. In questo contesto, l'Sgv chiede in un documento di posizione:<\/p>\n<ul>\n<li>Lo sviluppo di indicatori affidabili con valori soglia oggettivi e costanti, che fungono da base per una politica basata su dati concreti;<\/li>\n<li>L'apertura di tutti i settori economici a partire dal 1\u00b0 marzo 2021 con un ritorno alla logica della protezione mirata, supportata da concetti di test e protezione mirati;<\/li>\n<li>Il rafforzamento del programma di vaccinazione con informazioni vincolanti sulla sua attuazione;<\/li>\n<li>L'interruzione delle catene di infezione con la ricerca mirata dei contatti;<\/li>\n<li>L'attuazione di misure di accompagnamento come l'abolizione dell'obbligo di sede, le aperture parziali e la flessibilizzazione entro il 1\u00b0 marzo 2021;<\/li>\n<li>Affrontare le lacune del regime di rigore e la sua rapida attuazione;<\/li>\n<li>Una spinta alla digitalizzazione nell'amministrazione federale e nel settore sanitario, perch\u00e9 molte di queste richieste possono essere implementate digitalmente in modo semplice ed economico.<\/li>\n<\/ul>\n<p><em>Ulteriori informazioni: <a href=\"https:\/\/www.sgv-usam.ch\/\">https:\/\/www.sgv-usam.ch\/<\/a><\/em><\/p><\/blockquote>","protected":false},"excerpt":{"rendered":"<p>Hans-Ulrich Bigler, Gesch\u00e4ftsf\u00fchrer des Schweizerischen Gewerbeverbands sgv, besch\u00f6nigt nichts: \u00abDie Lage ist d\u00fcster und wir ben\u00f6tigen dringend eine Perspektive.\u00bb Das Unverst\u00e4ndnis gegen\u00fcber den bisher getroffenen Massnahmen zur Pandemie-Bek\u00e4mpfung nehme zu. Man richte sich zu stark nach den schlimmstm\u00f6glichen Szenarien, der aktuelle Lockdown beruhe auf falscher Evidenz und allgemein herrsche zu viel Alarmismus, wie Bigler anl\u00e4sslich [&hellip;]<\/p>\n","protected":false},"author":4,"featured_media":7643,"comment_status":"closed","ping_status":"closed","sticky":false,"template":"","format":"standard","meta":{"_acf_changed":false,"_yoast_wpseo_focuskw":"Ende des Lockdowns","_yoast_wpseo_metadesc":"Der sgv fordert ein Ende des Lockdowns per 1. M\u00e4rz 2021. Die Dachorganisation der Schweizer KMU erachtet die bisherige Pandemie-Strategie als gescheitert.","articlekey":"","footnotes":""},"categories":[1],"tags":[132,492,531],"class_list":["post-7641","post","type-post","status-publish","format-standard","has-post-thumbnail","hentry","category-allgemein","tag-coronavirus","tag-unternehmen","tag-wirtschaftspolitik"],"acf":[],"yoast_head":"<!-- This site is optimized with the Yoast SEO plugin v27.5 - https:\/\/yoast.com\/product\/yoast-seo-wordpress\/ -->\n<title>Gewerbeverband fordert Ende des Lockdowns - Organisator<\/title>\n<meta name=\"description\" content=\"Der sgv fordert ein Ende des Lockdowns per 1. M\u00e4rz 2021. Die Dachorganisation der Schweizer KMU erachtet die bisherige Pandemie-Strategie als gescheitert.\" \/>\n<meta name=\"robots\" content=\"index, follow, max-snippet:-1, max-image-preview:large, max-video-preview:-1\" \/>\n<link rel=\"canonical\" href=\"https:\/\/www.organisator.ch\/it\/generale\/2021-02-09\/gewerbeverband-fordert-ende-des-lockdowns\/\" \/>\n<meta property=\"og:locale\" content=\"it_IT\" \/>\n<meta property=\"og:type\" content=\"article\" \/>\n<meta property=\"og:title\" content=\"Gewerbeverband fordert Ende des Lockdowns\" \/>\n<meta property=\"og:description\" content=\"Der sgv fordert ein Ende des Lockdowns per 1. M\u00e4rz 2021. Die Dachorganisation der Schweizer KMU erachtet die bisherige Pandemie-Strategie als gescheitert.\" \/>\n<meta property=\"og:url\" content=\"https:\/\/www.organisator.ch\/it\/generale\/2021-02-09\/gewerbeverband-fordert-ende-des-lockdowns\/\" \/>\n<meta property=\"og:site_name\" content=\"Organisator\" \/>\n<meta property=\"article:publisher\" content=\"https:\/\/www.facebook.com\/OrganisatorFachmagazin\" \/>\n<meta property=\"article:published_time\" content=\"2021-02-09T14:20:50+00:00\" \/>\n<meta property=\"og:image\" content=\"https:\/\/www.organisator.ch\/wp-content\/uploads\/2021\/02\/Gewerbeverband-fordert-Ende-des-Lockdowns_Organisator.jpg\" \/>\n\t<meta property=\"og:image:width\" content=\"680\" \/>\n\t<meta property=\"og:image:height\" content=\"617\" \/>\n\t<meta property=\"og:image:type\" content=\"image\/jpeg\" \/>\n<meta name=\"author\" content=\"thomas.berner\" \/>\n<meta name=\"twitter:card\" content=\"summary_large_image\" \/>\n<meta name=\"twitter:title\" content=\"#Gewerbeverband fordert Ende des Lockdowns\" \/>\n<meta name=\"twitter:description\" content=\"Der #sgv fordert ein Ende des #Lockdowns per 1. M\u00e4rz 2021. Die Dachorganisation der Schweizer KMU erachtet die bisherige #Pandemie-Strategie als gescheitert.\" \/>\n<meta name=\"twitter:image\" content=\"https:\/\/www.organisator.ch\/wp-content\/uploads\/2021\/02\/Gewerbeverband-fordert-Ende-des-Lockdowns_Organisator.jpg\" \/>\n<script type=\"application\/ld+json\" class=\"yoast-schema-graph\">{\"@context\":\"https:\\\/\\\/schema.org\",\"@graph\":[{\"@type\":\"Article\",\"@id\":\"https:\\\/\\\/www.organisator.ch\\\/en\\\/general\\\/2021-02-09\\\/gewerbeverband-fordert-ende-des-lockdowns\\\/#article\",\"isPartOf\":{\"@id\":\"https:\\\/\\\/www.organisator.ch\\\/en\\\/general\\\/2021-02-09\\\/gewerbeverband-fordert-ende-des-lockdowns\\\/\"},\"author\":{\"name\":\"thomas.berner\",\"@id\":\"https:\\\/\\\/www.organisator.ch\\\/#\\\/schema\\\/person\\\/6f650f90b2842cd4c0cc334b4e36f67e\"},\"headline\":\"Gewerbeverband fordert Ende des Lockdowns\",\"datePublished\":\"2021-02-09T14:20:50+00:00\",\"mainEntityOfPage\":{\"@id\":\"https:\\\/\\\/www.organisator.ch\\\/en\\\/general\\\/2021-02-09\\\/gewerbeverband-fordert-ende-des-lockdowns\\\/\"},\"wordCount\":995,\"publisher\":{\"@id\":\"https:\\\/\\\/www.organisator.ch\\\/#organization\"},\"image\":{\"@id\":\"https:\\\/\\\/www.organisator.ch\\\/en\\\/general\\\/2021-02-09\\\/gewerbeverband-fordert-ende-des-lockdowns\\\/#primaryimage\"},\"thumbnailUrl\":\"https:\\\/\\\/www.organisator.ch\\\/wp-content\\\/uploads\\\/2021\\\/02\\\/Gewerbeverband-fordert-Ende-des-Lockdowns_Organisator.jpg\",\"keywords\":[\"Coronavirus\",\"Unternehmen\",\"Wirtschaftspolitik\"],\"articleSection\":[\"Allgemein\"],\"inLanguage\":\"it-IT\"},{\"@type\":\"WebPage\",\"@id\":\"https:\\\/\\\/www.organisator.ch\\\/en\\\/general\\\/2021-02-09\\\/gewerbeverband-fordert-ende-des-lockdowns\\\/\",\"url\":\"https:\\\/\\\/www.organisator.ch\\\/en\\\/general\\\/2021-02-09\\\/gewerbeverband-fordert-ende-des-lockdowns\\\/\",\"name\":\"Gewerbeverband fordert Ende des Lockdowns - Organisator\",\"isPartOf\":{\"@id\":\"https:\\\/\\\/www.organisator.ch\\\/#website\"},\"primaryImageOfPage\":{\"@id\":\"https:\\\/\\\/www.organisator.ch\\\/en\\\/general\\\/2021-02-09\\\/gewerbeverband-fordert-ende-des-lockdowns\\\/#primaryimage\"},\"image\":{\"@id\":\"https:\\\/\\\/www.organisator.ch\\\/en\\\/general\\\/2021-02-09\\\/gewerbeverband-fordert-ende-des-lockdowns\\\/#primaryimage\"},\"thumbnailUrl\":\"https:\\\/\\\/www.organisator.ch\\\/wp-content\\\/uploads\\\/2021\\\/02\\\/Gewerbeverband-fordert-Ende-des-Lockdowns_Organisator.jpg\",\"datePublished\":\"2021-02-09T14:20:50+00:00\",\"description\":\"Der sgv fordert ein Ende des Lockdowns per 1. M\u00e4rz 2021. Die Dachorganisation der Schweizer KMU erachtet die bisherige Pandemie-Strategie als gescheitert.\",\"breadcrumb\":{\"@id\":\"https:\\\/\\\/www.organisator.ch\\\/en\\\/general\\\/2021-02-09\\\/gewerbeverband-fordert-ende-des-lockdowns\\\/#breadcrumb\"},\"inLanguage\":\"it-IT\",\"potentialAction\":[{\"@type\":\"ReadAction\",\"target\":[\"https:\\\/\\\/www.organisator.ch\\\/en\\\/general\\\/2021-02-09\\\/gewerbeverband-fordert-ende-des-lockdowns\\\/\"]}]},{\"@type\":\"ImageObject\",\"inLanguage\":\"it-IT\",\"@id\":\"https:\\\/\\\/www.organisator.ch\\\/en\\\/general\\\/2021-02-09\\\/gewerbeverband-fordert-ende-des-lockdowns\\\/#primaryimage\",\"url\":\"https:\\\/\\\/www.organisator.ch\\\/wp-content\\\/uploads\\\/2021\\\/02\\\/Gewerbeverband-fordert-Ende-des-Lockdowns_Organisator.jpg\",\"contentUrl\":\"https:\\\/\\\/www.organisator.ch\\\/wp-content\\\/uploads\\\/2021\\\/02\\\/Gewerbeverband-fordert-Ende-des-Lockdowns_Organisator.jpg\",\"width\":680,\"height\":617,\"caption\":\"Schluss mit geschlossenen Restaurants und L\u00e4den: Der Schweizerische Gewerbeverband fordert ein Ende des Lockdowns und eine R\u00fcckkehr zu evidenz-basierten Massnahmen. (Bild: Unsplash.com)\"},{\"@type\":\"BreadcrumbList\",\"@id\":\"https:\\\/\\\/www.organisator.ch\\\/en\\\/general\\\/2021-02-09\\\/gewerbeverband-fordert-ende-des-lockdowns\\\/#breadcrumb\",\"itemListElement\":[{\"@type\":\"ListItem\",\"position\":1,\"name\":\"Home\",\"item\":\"https:\\\/\\\/www.organisator.ch\\\/\"},{\"@type\":\"ListItem\",\"position\":2,\"name\":\"Gewerbeverband fordert Ende des Lockdowns\"}]},{\"@type\":\"WebSite\",\"@id\":\"https:\\\/\\\/www.organisator.ch\\\/#website\",\"url\":\"https:\\\/\\\/www.organisator.ch\\\/\",\"name\":\"Organisator\",\"description\":\"Kompetent. Praxisnah. Der ORGANISATOR bereitet in 10 Ausgaben pro Jahr die wesentlichen Themen f\u00fcr F\u00fchrungskr\u00e4fte von KMU auf.\",\"publisher\":{\"@id\":\"https:\\\/\\\/www.organisator.ch\\\/#organization\"},\"potentialAction\":[{\"@type\":\"SearchAction\",\"target\":{\"@type\":\"EntryPoint\",\"urlTemplate\":\"https:\\\/\\\/www.organisator.ch\\\/?s={search_term_string}\"},\"query-input\":{\"@type\":\"PropertyValueSpecification\",\"valueRequired\":true,\"valueName\":\"search_term_string\"}}],\"inLanguage\":\"it-IT\"},{\"@type\":\"Organization\",\"@id\":\"https:\\\/\\\/www.organisator.ch\\\/#organization\",\"name\":\"Organisator\",\"url\":\"https:\\\/\\\/www.organisator.ch\\\/\",\"logo\":{\"@type\":\"ImageObject\",\"inLanguage\":\"it-IT\",\"@id\":\"https:\\\/\\\/www.organisator.ch\\\/#\\\/schema\\\/logo\\\/image\\\/\",\"url\":\"https:\\\/\\\/www.organisator.ch\\\/wp-content\\\/uploads\\\/2022\\\/01\\\/Logo_Organisator_Website.png\",\"contentUrl\":\"https:\\\/\\\/www.organisator.ch\\\/wp-content\\\/uploads\\\/2022\\\/01\\\/Logo_Organisator_Website.png\",\"width\":800,\"height\":77,\"caption\":\"Organisator\"},\"image\":{\"@id\":\"https:\\\/\\\/www.organisator.ch\\\/#\\\/schema\\\/logo\\\/image\\\/\"},\"sameAs\":[\"https:\\\/\\\/www.facebook.com\\\/OrganisatorFachmagazin\",\"https:\\\/\\\/www.linkedin.com\\\/showcase\\\/organisator-das-magazin-fr-kmu\",\"https:\\\/\\\/www.xing.com\\\/news\\\/pages\\\/organisator-ch-695\",\"https:\\\/\\\/www.youtube.com\\\/channel\\\/UCGP2Sq0iWaZwT3BdIAQFYpw\"]},{\"@type\":\"Person\",\"@id\":\"https:\\\/\\\/www.organisator.ch\\\/#\\\/schema\\\/person\\\/6f650f90b2842cd4c0cc334b4e36f67e\",\"name\":\"thomas.berner\",\"image\":{\"@type\":\"ImageObject\",\"inLanguage\":\"it-IT\",\"@id\":\"https:\\\/\\\/secure.gravatar.com\\\/avatar\\\/ac5001d2a36cb6c6cd3e50789007ffca834b477b74a2144564522e944eabff61?s=96&d=mm&r=g\",\"url\":\"https:\\\/\\\/secure.gravatar.com\\\/avatar\\\/ac5001d2a36cb6c6cd3e50789007ffca834b477b74a2144564522e944eabff61?s=96&d=mm&r=g\",\"contentUrl\":\"https:\\\/\\\/secure.gravatar.com\\\/avatar\\\/ac5001d2a36cb6c6cd3e50789007ffca834b477b74a2144564522e944eabff61?s=96&d=mm&r=g\",\"caption\":\"thomas.berner\"},\"url\":\"https:\\\/\\\/www.organisator.ch\\\/it\\\/author\\\/thomas-berner\\\/\"}]}<\/script>\n<!-- \/ Yoast SEO plugin. -->","yoast_head_json":{"title":"L'associazione di categoria chiede la fine del blocco - Organizzatore","description":"L'sgv chiede la fine del blocco il 1\u00b0 marzo 2021. L'organizzazione mantello delle PMI svizzere ritiene che l'attuale strategia contro la pandemia sia fallita.","robots":{"index":"index","follow":"follow","max-snippet":"max-snippet:-1","max-image-preview":"max-image-preview:large","max-video-preview":"max-video-preview:-1"},"canonical":"https:\/\/www.organisator.ch\/it\/generale\/2021-02-09\/gewerbeverband-fordert-ende-des-lockdowns\/","og_locale":"it_IT","og_type":"article","og_title":"Gewerbeverband fordert Ende des Lockdowns","og_description":"Der sgv fordert ein Ende des Lockdowns per 1. M\u00e4rz 2021. Die Dachorganisation der Schweizer KMU erachtet die bisherige Pandemie-Strategie als gescheitert.","og_url":"https:\/\/www.organisator.ch\/it\/generale\/2021-02-09\/gewerbeverband-fordert-ende-des-lockdowns\/","og_site_name":"Organisator","article_publisher":"https:\/\/www.facebook.com\/OrganisatorFachmagazin","article_published_time":"2021-02-09T14:20:50+00:00","og_image":[{"width":680,"height":617,"url":"https:\/\/www.organisator.ch\/wp-content\/uploads\/2021\/02\/Gewerbeverband-fordert-Ende-des-Lockdowns_Organisator.jpg","type":"image\/jpeg"}],"author":"thomas.berner","twitter_card":"summary_large_image","twitter_title":"#Gewerbeverband fordert Ende des Lockdowns","twitter_description":"Der #sgv fordert ein Ende des #Lockdowns per 1. M\u00e4rz 2021. Die Dachorganisation der Schweizer KMU erachtet die bisherige #Pandemie-Strategie als gescheitert.","twitter_image":"https:\/\/www.organisator.ch\/wp-content\/uploads\/2021\/02\/Gewerbeverband-fordert-Ende-des-Lockdowns_Organisator.jpg","schema":{"@context":"https:\/\/schema.org","@graph":[{"@type":"Article","@id":"https:\/\/www.organisator.ch\/en\/general\/2021-02-09\/gewerbeverband-fordert-ende-des-lockdowns\/#article","isPartOf":{"@id":"https:\/\/www.organisator.ch\/en\/general\/2021-02-09\/gewerbeverband-fordert-ende-des-lockdowns\/"},"author":{"name":"thomas.berner","@id":"https:\/\/www.organisator.ch\/#\/schema\/person\/6f650f90b2842cd4c0cc334b4e36f67e"},"headline":"Gewerbeverband fordert Ende des Lockdowns","datePublished":"2021-02-09T14:20:50+00:00","mainEntityOfPage":{"@id":"https:\/\/www.organisator.ch\/en\/general\/2021-02-09\/gewerbeverband-fordert-ende-des-lockdowns\/"},"wordCount":995,"publisher":{"@id":"https:\/\/www.organisator.ch\/#organization"},"image":{"@id":"https:\/\/www.organisator.ch\/en\/general\/2021-02-09\/gewerbeverband-fordert-ende-des-lockdowns\/#primaryimage"},"thumbnailUrl":"https:\/\/www.organisator.ch\/wp-content\/uploads\/2021\/02\/Gewerbeverband-fordert-Ende-des-Lockdowns_Organisator.jpg","keywords":["Coronavirus","Unternehmen","Wirtschaftspolitik"],"articleSection":["Allgemein"],"inLanguage":"it-IT"},{"@type":"WebPage","@id":"https:\/\/www.organisator.ch\/en\/general\/2021-02-09\/gewerbeverband-fordert-ende-des-lockdowns\/","url":"https:\/\/www.organisator.ch\/en\/general\/2021-02-09\/gewerbeverband-fordert-ende-des-lockdowns\/","name":"L'associazione di categoria chiede la fine del blocco - Organizzatore","isPartOf":{"@id":"https:\/\/www.organisator.ch\/#website"},"primaryImageOfPage":{"@id":"https:\/\/www.organisator.ch\/en\/general\/2021-02-09\/gewerbeverband-fordert-ende-des-lockdowns\/#primaryimage"},"image":{"@id":"https:\/\/www.organisator.ch\/en\/general\/2021-02-09\/gewerbeverband-fordert-ende-des-lockdowns\/#primaryimage"},"thumbnailUrl":"https:\/\/www.organisator.ch\/wp-content\/uploads\/2021\/02\/Gewerbeverband-fordert-Ende-des-Lockdowns_Organisator.jpg","datePublished":"2021-02-09T14:20:50+00:00","description":"L'sgv chiede la fine del blocco il 1\u00b0 marzo 2021. L'organizzazione mantello delle PMI svizzere ritiene che l'attuale strategia contro la pandemia sia fallita.","breadcrumb":{"@id":"https:\/\/www.organisator.ch\/en\/general\/2021-02-09\/gewerbeverband-fordert-ende-des-lockdowns\/#breadcrumb"},"inLanguage":"it-IT","potentialAction":[{"@type":"ReadAction","target":["https:\/\/www.organisator.ch\/en\/general\/2021-02-09\/gewerbeverband-fordert-ende-des-lockdowns\/"]}]},{"@type":"ImageObject","inLanguage":"it-IT","@id":"https:\/\/www.organisator.ch\/en\/general\/2021-02-09\/gewerbeverband-fordert-ende-des-lockdowns\/#primaryimage","url":"https:\/\/www.organisator.ch\/wp-content\/uploads\/2021\/02\/Gewerbeverband-fordert-Ende-des-Lockdowns_Organisator.jpg","contentUrl":"https:\/\/www.organisator.ch\/wp-content\/uploads\/2021\/02\/Gewerbeverband-fordert-Ende-des-Lockdowns_Organisator.jpg","width":680,"height":617,"caption":"Schluss mit geschlossenen Restaurants und L\u00e4den: Der Schweizerische Gewerbeverband fordert ein Ende des Lockdowns und eine R\u00fcckkehr zu evidenz-basierten Massnahmen. (Bild: Unsplash.com)"},{"@type":"BreadcrumbList","@id":"https:\/\/www.organisator.ch\/en\/general\/2021-02-09\/gewerbeverband-fordert-ende-des-lockdowns\/#breadcrumb","itemListElement":[{"@type":"ListItem","position":1,"name":"Home","item":"https:\/\/www.organisator.ch\/"},{"@type":"ListItem","position":2,"name":"Gewerbeverband fordert Ende des Lockdowns"}]},{"@type":"WebSite","@id":"https:\/\/www.organisator.ch\/#website","url":"https:\/\/www.organisator.ch\/","name":"Organizzatore","description":"Competente. Pratico. In 10 numeri all'anno, ORGANISATOR presenta i temi essenziali per i manager delle PMI.","publisher":{"@id":"https:\/\/www.organisator.ch\/#organization"},"potentialAction":[{"@type":"SearchAction","target":{"@type":"EntryPoint","urlTemplate":"https:\/\/www.organisator.ch\/?s={search_term_string}"},"query-input":{"@type":"PropertyValueSpecification","valueRequired":true,"valueName":"search_term_string"}}],"inLanguage":"it-IT"},{"@type":"Organization","@id":"https:\/\/www.organisator.ch\/#organization","name":"Organizzatore","url":"https:\/\/www.organisator.ch\/","logo":{"@type":"ImageObject","inLanguage":"it-IT","@id":"https:\/\/www.organisator.ch\/#\/schema\/logo\/image\/","url":"https:\/\/www.organisator.ch\/wp-content\/uploads\/2022\/01\/Logo_Organisator_Website.png","contentUrl":"https:\/\/www.organisator.ch\/wp-content\/uploads\/2022\/01\/Logo_Organisator_Website.png","width":800,"height":77,"caption":"Organisator"},"image":{"@id":"https:\/\/www.organisator.ch\/#\/schema\/logo\/image\/"},"sameAs":["https:\/\/www.facebook.com\/OrganisatorFachmagazin","https:\/\/www.linkedin.com\/showcase\/organisator-das-magazin-fr-kmu","https:\/\/www.xing.com\/news\/pages\/organisator-ch-695","https:\/\/www.youtube.com\/channel\/UCGP2Sq0iWaZwT3BdIAQFYpw"]},{"@type":"Person","@id":"https:\/\/www.organisator.ch\/#\/schema\/person\/6f650f90b2842cd4c0cc334b4e36f67e","name":"Tommaso.berner","image":{"@type":"ImageObject","inLanguage":"it-IT","@id":"https:\/\/secure.gravatar.com\/avatar\/ac5001d2a36cb6c6cd3e50789007ffca834b477b74a2144564522e944eabff61?s=96&d=mm&r=g","url":"https:\/\/secure.gravatar.com\/avatar\/ac5001d2a36cb6c6cd3e50789007ffca834b477b74a2144564522e944eabff61?s=96&d=mm&r=g","contentUrl":"https:\/\/secure.gravatar.com\/avatar\/ac5001d2a36cb6c6cd3e50789007ffca834b477b74a2144564522e944eabff61?s=96&d=mm&r=g","caption":"thomas.berner"},"url":"https:\/\/www.organisator.ch\/it\/author\/thomas-berner\/"}]}},"_links":{"self":[{"href":"https:\/\/www.organisator.ch\/it\/wp-json\/wp\/v2\/posts\/7641","targetHints":{"allow":["GET"]}}],"collection":[{"href":"https:\/\/www.organisator.ch\/it\/wp-json\/wp\/v2\/posts"}],"about":[{"href":"https:\/\/www.organisator.ch\/it\/wp-json\/wp\/v2\/types\/post"}],"author":[{"embeddable":true,"href":"https:\/\/www.organisator.ch\/it\/wp-json\/wp\/v2\/users\/4"}],"replies":[{"embeddable":true,"href":"https:\/\/www.organisator.ch\/it\/wp-json\/wp\/v2\/comments?post=7641"}],"version-history":[{"count":0,"href":"https:\/\/www.organisator.ch\/it\/wp-json\/wp\/v2\/posts\/7641\/revisions"}],"wp:featuredmedia":[{"embeddable":true,"href":"https:\/\/www.organisator.ch\/it\/wp-json\/wp\/v2\/media\/7643"}],"wp:attachment":[{"href":"https:\/\/www.organisator.ch\/it\/wp-json\/wp\/v2\/media?parent=7641"}],"wp:term":[{"taxonomy":"category","embeddable":true,"href":"https:\/\/www.organisator.ch\/it\/wp-json\/wp\/v2\/categories?post=7641"},{"taxonomy":"post_tag","embeddable":true,"href":"https:\/\/www.organisator.ch\/it\/wp-json\/wp\/v2\/tags?post=7641"}],"curies":[{"name":"wp","href":"https:\/\/api.w.org\/{rel}","templated":true}]}}