{"id":7685,"date":"2021-02-18T17:02:55","date_gmt":"2021-02-18T16:02:55","guid":{"rendered":"https:\/\/www.organisator.ch\/?p=7685"},"modified":"2021-02-18T17:02:55","modified_gmt":"2021-02-18T16:02:55","slug":"kmu-mem-benoetigen-weiterhin-durchhaltewillen","status":"publish","type":"post","link":"https:\/\/www.organisator.ch\/it\/management\/2021-02-18\/kmu-mem-benoetigen-weiterhin-durchhaltewillen\/","title":{"rendered":"Le PMI-MEM hanno ancora bisogno di potenza"},"content":{"rendered":"<figure id=\"attachment_7686\" aria-describedby=\"caption-attachment-7686\" style=\"width: 680px\" class=\"wp-caption alignnone\"><img loading=\"lazy\" decoding=\"async\" class=\"size-medium wp-image-7686\" src=\"https:\/\/www.organisator.ch\/wp-content\/uploads\/2021\/02\/KMU-MEM-benoetigen-weiterhin-Durchhaltewillen_Organisator.jpg\" alt=\"\" width=\"680\" height=\"448\" srcset=\"https:\/\/www.organisator.ch\/wp-content\/uploads\/2021\/02\/KMU-MEM-benoetigen-weiterhin-Durchhaltewillen_Organisator.jpg 680w, https:\/\/www.organisator.ch\/wp-content\/uploads\/2021\/02\/KMU-MEM-benoetigen-weiterhin-Durchhaltewillen_Organisator-16x12.jpg 16w, https:\/\/www.organisator.ch\/wp-content\/uploads\/2021\/02\/KMU-MEM-benoetigen-weiterhin-Durchhaltewillen_Organisator-266x175.jpg 266w, https:\/\/www.organisator.ch\/wp-content\/uploads\/2021\/02\/KMU-MEM-benoetigen-weiterhin-Durchhaltewillen_Organisator-531x350.jpg 531w, https:\/\/www.organisator.ch\/wp-content\/uploads\/2021\/02\/KMU-MEM-benoetigen-weiterhin-Durchhaltewillen_Organisator-300x198.jpg 300w\" sizes=\"auto, (max-width: 680px) 100vw, 680px\" \/><figcaption id=\"caption-attachment-7686\" class=\"wp-caption-text\">Le PMI-MEM continuano a soffrire in queste condizioni economiche. (Grafico: Swissmechanic)<\/figcaption><\/figure>\n<p>La recessione di Corona ha ormai raggiunto proporzioni storiche. Questo \u00e8 dimostrato dal sondaggio condotto in gennaio tra circa 300 aziende membri di Swissmechanic. Per la sesta volta di seguito, e quindi negli ultimi 1 anno e mezzo, l'indice trimestrale del clima economico per il settore PMI-MEM \u00e8 in territorio negativo. Dal lato dell'offerta, il settore MEM soffre di pi\u00f9 di assenteismo dei dipendenti nella seconda ondata (29%) che nella prima (25% delle aziende). Questo non \u00e8 sorprendente perch\u00e9 il numero di casi supera di diverse volte quello della primavera 2020. L'utilizzo della capacit\u00e0 rimane basso, anche se \u00e8 aumentato leggermente dall'ultimo trimestre.<\/p>\n<h2><strong>PMI-MEM: \"Decisioni difficili e dure\".<\/strong><\/h2>\n<p>Circa due aziende su tre si sono registrate per il lavoro a tempo ridotto. Le aziende MEM si aspettano che il lavoro a orario ridotto effettivo salga al 26% nel primo trimestre del 2021. Il 62% ha imposto un blocco delle assunzioni. Una PMI su quattro sta pianificando dei licenziamenti. \"Queste cifre dimostrano che le nostre aziende associate devono prendere decisioni difficili e dure per sopravvivere in questa crisi\", dice il direttore di Swissmechanic J\u00fcrg Marti. Purtroppo, dice, \u00e8 ancora troppo presto per dare il via libera. \"Il settore MEM non \u00e8 affatto fuori pericolo, le PMI-MEM devono resistere e hanno bisogno di forza per restare.<\/p>\n<h2><strong>Le misure di aiuto sono ancora necessarie<\/strong><\/h2>\n<p>Le misure di aiuto d'emergenza come l'estensione e la semplificazione del lavoro a orario ridotto, i prestiti ponte e le norme di rigore sono state molto importanti per assicurare la Svizzera come luogo di lavoro nella prima fase della crisi. \"La situazione \u00e8 ancora tesa, ed \u00e8 per questo che il pacchetto di aiuti menzionato \u00e8 ancora assolutamente necessario, deve essere esteso e applicato in modo pi\u00f9 differenziato ai singoli settori\", spiega Marti. Swissmechanic chiede quindi che anche i lavoratori autonomi e le persone in una posizione simile a quella di un datore di lavoro possano beneficiare dell'indennit\u00e0 per lavoro ridotto. Poich\u00e9 l'indennit\u00e0 per lavoro ridotto \u00e8 un'assicurazione, tutte le persone che pagano in questa assicurazione devono anche poterne beneficiare in caso di crisi.<\/p>\n<h2><strong>Prospettiva debolmente ottimista<\/strong><\/h2>\n<p>Il settore MEM \u00e8 ancora nel mezzo della crisi e l'incertezza rimane alta. Il corso della pandemia \u00e8 difficile da prevedere, in parte a causa delle mutazioni. Tuttavia, BAK Economics presume che la Svizzera e i pi\u00f9 importanti mercati di vendita si troveranno sempre pi\u00f9 a fronteggiare la pandemia attraverso le vaccinazioni in estate. \"Con la diminuzione dell'incertezza e la ripresa economica globale, ci aspettiamo anche notevoli impulsi per la domanda di prodotti dell'industria MEM svizzera nella seconda met\u00e0 dell'anno\", dice Michael Grass di BAK Economics.<\/p>\n<p><em>Fonte: <a href=\"http:\/\/www.swissmechanic.ch\">Swissmechanic<\/a><\/em><\/p>","protected":false},"excerpt":{"rendered":"<p>Die Corona-Rezession hat inzwischen historische Ausmasse angenommen. Das zeigt die im Januar bei rund 300 Swissmechanic Mitgliedsunternehmen durchgef\u00fchrte Befragung. Zum sechsten Mal in Folge und damit bereits seit 1\u00bd Jahren liegt der quartalsweise erhobene Gesch\u00e4ftsklima-Index f\u00fcr die KMU-MEM im Minus. Auf der Angebotsseite leidet die MEM-Branche in der zweiten Welle st\u00e4rker unter dem Ausfall von [&hellip;]<\/p>\n","protected":false},"author":4,"featured_media":7686,"comment_status":"closed","ping_status":"closed","sticky":false,"template":"","format":"standard","meta":{"_acf_changed":false,"_yoast_wpseo_focuskw":"KMU-MEM","_yoast_wpseo_metadesc":"Der Swissmechanic Wirtschaftsbarometer vom Februar 2021 zeigt, dass die Situation der KMU-MEM nach wie vor schwierig ist.","articlekey":"","footnotes":""},"categories":[28],"tags":[310,492,508,531],"class_list":["post-7685","post","type-post","status-publish","format-standard","has-post-thumbnail","hentry","category-management","tag-konjunktur","tag-unternehmen","tag-vermischtes","tag-wirtschaftspolitik"],"acf":[],"yoast_head":"<!-- This site is optimized with the Yoast SEO plugin v27.4 - https:\/\/yoast.com\/product\/yoast-seo-wordpress\/ -->\n<title>KMU-MEM ben\u00f6tigen weiterhin Durchhaltewillen - Organisator<\/title>\n<meta name=\"description\" content=\"Der Swissmechanic Wirtschaftsbarometer vom Februar 2021 zeigt, dass die Situation der KMU-MEM nach wie vor schwierig ist.\" \/>\n<meta name=\"robots\" content=\"index, follow, max-snippet:-1, max-image-preview:large, max-video-preview:-1\" \/>\n<link rel=\"canonical\" href=\"https:\/\/www.organisator.ch\/it\/gestione-2\/2021-02-18\/kmu-mem-benoetigen-weiterhin-durchhaltewillen\/\" \/>\n<meta property=\"og:locale\" content=\"it_IT\" \/>\n<meta property=\"og:type\" content=\"article\" \/>\n<meta property=\"og:title\" content=\"KMU-MEM ben\u00f6tigen weiterhin Durchhaltewillen\" \/>\n<meta property=\"og:description\" content=\"Der Swissmechanic Wirtschaftsbarometer vom Februar 2021 zeigt, dass die Situation der KMU-MEM nach wie vor schwierig ist.\" \/>\n<meta property=\"og:url\" content=\"https:\/\/www.organisator.ch\/it\/gestione-2\/2021-02-18\/kmu-mem-benoetigen-weiterhin-durchhaltewillen\/\" \/>\n<meta property=\"og:site_name\" content=\"Organisator\" \/>\n<meta property=\"article:publisher\" content=\"https:\/\/www.facebook.com\/OrganisatorFachmagazin\" \/>\n<meta property=\"article:published_time\" content=\"2021-02-18T16:02:55+00:00\" \/>\n<meta property=\"og:image\" content=\"https:\/\/www.organisator.ch\/wp-content\/uploads\/2021\/02\/KMU-MEM-benoetigen-weiterhin-Durchhaltewillen_Organisator.jpg\" \/>\n\t<meta property=\"og:image:width\" content=\"680\" \/>\n\t<meta property=\"og:image:height\" content=\"448\" \/>\n\t<meta property=\"og:image:type\" content=\"image\/jpeg\" \/>\n<meta name=\"author\" content=\"thomas.berner\" \/>\n<meta name=\"twitter:card\" content=\"summary_large_image\" \/>\n<meta name=\"twitter:title\" content=\"#KMU-MEM ben\u00f6tigen weiterhin #Durchhaltewillen\" \/>\n<meta name=\"twitter:description\" content=\"Der #Swissmechanic #Wirtschaftsbarometer vom Februar 2021 zeigt, dass die Situation der #KMU-MEM nach wie vor schwierig ist.\" \/>\n<meta name=\"twitter:image\" content=\"https:\/\/www.organisator.ch\/wp-content\/uploads\/2021\/02\/KMU-MEM-benoetigen-weiterhin-Durchhaltewillen_Organisator.jpg\" \/>\n<script type=\"application\/ld+json\" class=\"yoast-schema-graph\">{\"@context\":\"https:\\\/\\\/schema.org\",\"@graph\":[{\"@type\":\"Article\",\"@id\":\"https:\\\/\\\/www.organisator.ch\\\/management\\\/2021-02-18\\\/kmu-mem-benoetigen-weiterhin-durchhaltewillen\\\/#article\",\"isPartOf\":{\"@id\":\"https:\\\/\\\/www.organisator.ch\\\/management\\\/2021-02-18\\\/kmu-mem-benoetigen-weiterhin-durchhaltewillen\\\/\"},\"author\":{\"name\":\"thomas.berner\",\"@id\":\"https:\\\/\\\/www.organisator.ch\\\/#\\\/schema\\\/person\\\/6f650f90b2842cd4c0cc334b4e36f67e\"},\"headline\":\"KMU-MEM ben\u00f6tigen weiterhin Durchhaltewillen\",\"datePublished\":\"2021-02-18T16:02:55+00:00\",\"mainEntityOfPage\":{\"@id\":\"https:\\\/\\\/www.organisator.ch\\\/management\\\/2021-02-18\\\/kmu-mem-benoetigen-weiterhin-durchhaltewillen\\\/\"},\"wordCount\":417,\"publisher\":{\"@id\":\"https:\\\/\\\/www.organisator.ch\\\/#organization\"},\"image\":{\"@id\":\"https:\\\/\\\/www.organisator.ch\\\/management\\\/2021-02-18\\\/kmu-mem-benoetigen-weiterhin-durchhaltewillen\\\/#primaryimage\"},\"thumbnailUrl\":\"https:\\\/\\\/www.organisator.ch\\\/wp-content\\\/uploads\\\/2021\\\/02\\\/KMU-MEM-benoetigen-weiterhin-Durchhaltewillen_Organisator.jpg\",\"keywords\":[\"Konjunktur\",\"Unternehmen\",\"Vermischtes\",\"Wirtschaftspolitik\"],\"articleSection\":[\"MANAGEMENT\"],\"inLanguage\":\"it-IT\"},{\"@type\":\"WebPage\",\"@id\":\"https:\\\/\\\/www.organisator.ch\\\/management\\\/2021-02-18\\\/kmu-mem-benoetigen-weiterhin-durchhaltewillen\\\/\",\"url\":\"https:\\\/\\\/www.organisator.ch\\\/management\\\/2021-02-18\\\/kmu-mem-benoetigen-weiterhin-durchhaltewillen\\\/\",\"name\":\"KMU-MEM ben\u00f6tigen weiterhin Durchhaltewillen - Organisator\",\"isPartOf\":{\"@id\":\"https:\\\/\\\/www.organisator.ch\\\/#website\"},\"primaryImageOfPage\":{\"@id\":\"https:\\\/\\\/www.organisator.ch\\\/management\\\/2021-02-18\\\/kmu-mem-benoetigen-weiterhin-durchhaltewillen\\\/#primaryimage\"},\"image\":{\"@id\":\"https:\\\/\\\/www.organisator.ch\\\/management\\\/2021-02-18\\\/kmu-mem-benoetigen-weiterhin-durchhaltewillen\\\/#primaryimage\"},\"thumbnailUrl\":\"https:\\\/\\\/www.organisator.ch\\\/wp-content\\\/uploads\\\/2021\\\/02\\\/KMU-MEM-benoetigen-weiterhin-Durchhaltewillen_Organisator.jpg\",\"datePublished\":\"2021-02-18T16:02:55+00:00\",\"description\":\"Der Swissmechanic Wirtschaftsbarometer vom Februar 2021 zeigt, dass die Situation der KMU-MEM nach wie vor schwierig ist.\",\"breadcrumb\":{\"@id\":\"https:\\\/\\\/www.organisator.ch\\\/management\\\/2021-02-18\\\/kmu-mem-benoetigen-weiterhin-durchhaltewillen\\\/#breadcrumb\"},\"inLanguage\":\"it-IT\",\"potentialAction\":[{\"@type\":\"ReadAction\",\"target\":[\"https:\\\/\\\/www.organisator.ch\\\/management\\\/2021-02-18\\\/kmu-mem-benoetigen-weiterhin-durchhaltewillen\\\/\"]}]},{\"@type\":\"ImageObject\",\"inLanguage\":\"it-IT\",\"@id\":\"https:\\\/\\\/www.organisator.ch\\\/management\\\/2021-02-18\\\/kmu-mem-benoetigen-weiterhin-durchhaltewillen\\\/#primaryimage\",\"url\":\"https:\\\/\\\/www.organisator.ch\\\/wp-content\\\/uploads\\\/2021\\\/02\\\/KMU-MEM-benoetigen-weiterhin-Durchhaltewillen_Organisator.jpg\",\"contentUrl\":\"https:\\\/\\\/www.organisator.ch\\\/wp-content\\\/uploads\\\/2021\\\/02\\\/KMU-MEM-benoetigen-weiterhin-Durchhaltewillen_Organisator.jpg\",\"width\":680,\"height\":448,\"caption\":\"Unter diesen wirtschaftlichen Rahmenbedingungen leiden die KMU-MEM weiter. (Grafik: Swissmechanic)\"},{\"@type\":\"BreadcrumbList\",\"@id\":\"https:\\\/\\\/www.organisator.ch\\\/management\\\/2021-02-18\\\/kmu-mem-benoetigen-weiterhin-durchhaltewillen\\\/#breadcrumb\",\"itemListElement\":[{\"@type\":\"ListItem\",\"position\":1,\"name\":\"Home\",\"item\":\"https:\\\/\\\/www.organisator.ch\\\/\"},{\"@type\":\"ListItem\",\"position\":2,\"name\":\"KMU-MEM ben\u00f6tigen weiterhin Durchhaltewillen\"}]},{\"@type\":\"WebSite\",\"@id\":\"https:\\\/\\\/www.organisator.ch\\\/#website\",\"url\":\"https:\\\/\\\/www.organisator.ch\\\/\",\"name\":\"Organisator\",\"description\":\"Kompetent. Praxisnah. Der ORGANISATOR bereitet in 10 Ausgaben pro Jahr die wesentlichen Themen f\u00fcr F\u00fchrungskr\u00e4fte von KMU auf.\",\"publisher\":{\"@id\":\"https:\\\/\\\/www.organisator.ch\\\/#organization\"},\"potentialAction\":[{\"@type\":\"SearchAction\",\"target\":{\"@type\":\"EntryPoint\",\"urlTemplate\":\"https:\\\/\\\/www.organisator.ch\\\/?s={search_term_string}\"},\"query-input\":{\"@type\":\"PropertyValueSpecification\",\"valueRequired\":true,\"valueName\":\"search_term_string\"}}],\"inLanguage\":\"it-IT\"},{\"@type\":\"Organization\",\"@id\":\"https:\\\/\\\/www.organisator.ch\\\/#organization\",\"name\":\"Organisator\",\"url\":\"https:\\\/\\\/www.organisator.ch\\\/\",\"logo\":{\"@type\":\"ImageObject\",\"inLanguage\":\"it-IT\",\"@id\":\"https:\\\/\\\/www.organisator.ch\\\/#\\\/schema\\\/logo\\\/image\\\/\",\"url\":\"https:\\\/\\\/www.organisator.ch\\\/wp-content\\\/uploads\\\/2022\\\/01\\\/Logo_Organisator_Website.png\",\"contentUrl\":\"https:\\\/\\\/www.organisator.ch\\\/wp-content\\\/uploads\\\/2022\\\/01\\\/Logo_Organisator_Website.png\",\"width\":800,\"height\":77,\"caption\":\"Organisator\"},\"image\":{\"@id\":\"https:\\\/\\\/www.organisator.ch\\\/#\\\/schema\\\/logo\\\/image\\\/\"},\"sameAs\":[\"https:\\\/\\\/www.facebook.com\\\/OrganisatorFachmagazin\",\"https:\\\/\\\/www.linkedin.com\\\/showcase\\\/organisator-das-magazin-fr-kmu\",\"https:\\\/\\\/www.xing.com\\\/news\\\/pages\\\/organisator-ch-695\",\"https:\\\/\\\/www.youtube.com\\\/channel\\\/UCGP2Sq0iWaZwT3BdIAQFYpw\"]},{\"@type\":\"Person\",\"@id\":\"https:\\\/\\\/www.organisator.ch\\\/#\\\/schema\\\/person\\\/6f650f90b2842cd4c0cc334b4e36f67e\",\"name\":\"thomas.berner\",\"image\":{\"@type\":\"ImageObject\",\"inLanguage\":\"it-IT\",\"@id\":\"https:\\\/\\\/secure.gravatar.com\\\/avatar\\\/ac5001d2a36cb6c6cd3e50789007ffca834b477b74a2144564522e944eabff61?s=96&d=mm&r=g\",\"url\":\"https:\\\/\\\/secure.gravatar.com\\\/avatar\\\/ac5001d2a36cb6c6cd3e50789007ffca834b477b74a2144564522e944eabff61?s=96&d=mm&r=g\",\"contentUrl\":\"https:\\\/\\\/secure.gravatar.com\\\/avatar\\\/ac5001d2a36cb6c6cd3e50789007ffca834b477b74a2144564522e944eabff61?s=96&d=mm&r=g\",\"caption\":\"thomas.berner\"},\"url\":\"https:\\\/\\\/www.organisator.ch\\\/it\\\/author\\\/thomas-berner\\\/\"}]}<\/script>\n<!-- \/ Yoast SEO plugin. -->","yoast_head_json":{"title":"Le PMI-MEM hanno ancora bisogno di forza - Organizzatore","description":"Il Barometro economico di Swissmechanic del febbraio 2021 mostra che la situazione delle PMI-MEM rimane difficile.","robots":{"index":"index","follow":"follow","max-snippet":"max-snippet:-1","max-image-preview":"max-image-preview:large","max-video-preview":"max-video-preview:-1"},"canonical":"https:\/\/www.organisator.ch\/it\/gestione-2\/2021-02-18\/kmu-mem-benoetigen-weiterhin-durchhaltewillen\/","og_locale":"it_IT","og_type":"article","og_title":"KMU-MEM ben\u00f6tigen weiterhin Durchhaltewillen","og_description":"Der Swissmechanic Wirtschaftsbarometer vom Februar 2021 zeigt, dass die Situation der KMU-MEM nach wie vor schwierig ist.","og_url":"https:\/\/www.organisator.ch\/it\/gestione-2\/2021-02-18\/kmu-mem-benoetigen-weiterhin-durchhaltewillen\/","og_site_name":"Organisator","article_publisher":"https:\/\/www.facebook.com\/OrganisatorFachmagazin","article_published_time":"2021-02-18T16:02:55+00:00","og_image":[{"width":680,"height":448,"url":"https:\/\/www.organisator.ch\/wp-content\/uploads\/2021\/02\/KMU-MEM-benoetigen-weiterhin-Durchhaltewillen_Organisator.jpg","type":"image\/jpeg"}],"author":"thomas.berner","twitter_card":"summary_large_image","twitter_title":"#KMU-MEM ben\u00f6tigen weiterhin #Durchhaltewillen","twitter_description":"Der #Swissmechanic #Wirtschaftsbarometer vom Februar 2021 zeigt, dass die Situation der #KMU-MEM nach wie vor schwierig ist.","twitter_image":"https:\/\/www.organisator.ch\/wp-content\/uploads\/2021\/02\/KMU-MEM-benoetigen-weiterhin-Durchhaltewillen_Organisator.jpg","schema":{"@context":"https:\/\/schema.org","@graph":[{"@type":"Article","@id":"https:\/\/www.organisator.ch\/management\/2021-02-18\/kmu-mem-benoetigen-weiterhin-durchhaltewillen\/#article","isPartOf":{"@id":"https:\/\/www.organisator.ch\/management\/2021-02-18\/kmu-mem-benoetigen-weiterhin-durchhaltewillen\/"},"author":{"name":"thomas.berner","@id":"https:\/\/www.organisator.ch\/#\/schema\/person\/6f650f90b2842cd4c0cc334b4e36f67e"},"headline":"KMU-MEM ben\u00f6tigen weiterhin Durchhaltewillen","datePublished":"2021-02-18T16:02:55+00:00","mainEntityOfPage":{"@id":"https:\/\/www.organisator.ch\/management\/2021-02-18\/kmu-mem-benoetigen-weiterhin-durchhaltewillen\/"},"wordCount":417,"publisher":{"@id":"https:\/\/www.organisator.ch\/#organization"},"image":{"@id":"https:\/\/www.organisator.ch\/management\/2021-02-18\/kmu-mem-benoetigen-weiterhin-durchhaltewillen\/#primaryimage"},"thumbnailUrl":"https:\/\/www.organisator.ch\/wp-content\/uploads\/2021\/02\/KMU-MEM-benoetigen-weiterhin-Durchhaltewillen_Organisator.jpg","keywords":["Konjunktur","Unternehmen","Vermischtes","Wirtschaftspolitik"],"articleSection":["MANAGEMENT"],"inLanguage":"it-IT"},{"@type":"WebPage","@id":"https:\/\/www.organisator.ch\/management\/2021-02-18\/kmu-mem-benoetigen-weiterhin-durchhaltewillen\/","url":"https:\/\/www.organisator.ch\/management\/2021-02-18\/kmu-mem-benoetigen-weiterhin-durchhaltewillen\/","name":"Le PMI-MEM hanno ancora bisogno di forza - Organizzatore","isPartOf":{"@id":"https:\/\/www.organisator.ch\/#website"},"primaryImageOfPage":{"@id":"https:\/\/www.organisator.ch\/management\/2021-02-18\/kmu-mem-benoetigen-weiterhin-durchhaltewillen\/#primaryimage"},"image":{"@id":"https:\/\/www.organisator.ch\/management\/2021-02-18\/kmu-mem-benoetigen-weiterhin-durchhaltewillen\/#primaryimage"},"thumbnailUrl":"https:\/\/www.organisator.ch\/wp-content\/uploads\/2021\/02\/KMU-MEM-benoetigen-weiterhin-Durchhaltewillen_Organisator.jpg","datePublished":"2021-02-18T16:02:55+00:00","description":"Il Barometro economico di Swissmechanic del febbraio 2021 mostra che la situazione delle PMI-MEM rimane difficile.","breadcrumb":{"@id":"https:\/\/www.organisator.ch\/management\/2021-02-18\/kmu-mem-benoetigen-weiterhin-durchhaltewillen\/#breadcrumb"},"inLanguage":"it-IT","potentialAction":[{"@type":"ReadAction","target":["https:\/\/www.organisator.ch\/management\/2021-02-18\/kmu-mem-benoetigen-weiterhin-durchhaltewillen\/"]}]},{"@type":"ImageObject","inLanguage":"it-IT","@id":"https:\/\/www.organisator.ch\/management\/2021-02-18\/kmu-mem-benoetigen-weiterhin-durchhaltewillen\/#primaryimage","url":"https:\/\/www.organisator.ch\/wp-content\/uploads\/2021\/02\/KMU-MEM-benoetigen-weiterhin-Durchhaltewillen_Organisator.jpg","contentUrl":"https:\/\/www.organisator.ch\/wp-content\/uploads\/2021\/02\/KMU-MEM-benoetigen-weiterhin-Durchhaltewillen_Organisator.jpg","width":680,"height":448,"caption":"Unter diesen wirtschaftlichen Rahmenbedingungen leiden die KMU-MEM weiter. (Grafik: Swissmechanic)"},{"@type":"BreadcrumbList","@id":"https:\/\/www.organisator.ch\/management\/2021-02-18\/kmu-mem-benoetigen-weiterhin-durchhaltewillen\/#breadcrumb","itemListElement":[{"@type":"ListItem","position":1,"name":"Home","item":"https:\/\/www.organisator.ch\/"},{"@type":"ListItem","position":2,"name":"KMU-MEM ben\u00f6tigen weiterhin Durchhaltewillen"}]},{"@type":"WebSite","@id":"https:\/\/www.organisator.ch\/#website","url":"https:\/\/www.organisator.ch\/","name":"Organizzatore","description":"Competente. Pratico. In 10 numeri all'anno, ORGANISATOR presenta i temi essenziali per i manager delle PMI.","publisher":{"@id":"https:\/\/www.organisator.ch\/#organization"},"potentialAction":[{"@type":"SearchAction","target":{"@type":"EntryPoint","urlTemplate":"https:\/\/www.organisator.ch\/?s={search_term_string}"},"query-input":{"@type":"PropertyValueSpecification","valueRequired":true,"valueName":"search_term_string"}}],"inLanguage":"it-IT"},{"@type":"Organization","@id":"https:\/\/www.organisator.ch\/#organization","name":"Organizzatore","url":"https:\/\/www.organisator.ch\/","logo":{"@type":"ImageObject","inLanguage":"it-IT","@id":"https:\/\/www.organisator.ch\/#\/schema\/logo\/image\/","url":"https:\/\/www.organisator.ch\/wp-content\/uploads\/2022\/01\/Logo_Organisator_Website.png","contentUrl":"https:\/\/www.organisator.ch\/wp-content\/uploads\/2022\/01\/Logo_Organisator_Website.png","width":800,"height":77,"caption":"Organisator"},"image":{"@id":"https:\/\/www.organisator.ch\/#\/schema\/logo\/image\/"},"sameAs":["https:\/\/www.facebook.com\/OrganisatorFachmagazin","https:\/\/www.linkedin.com\/showcase\/organisator-das-magazin-fr-kmu","https:\/\/www.xing.com\/news\/pages\/organisator-ch-695","https:\/\/www.youtube.com\/channel\/UCGP2Sq0iWaZwT3BdIAQFYpw"]},{"@type":"Person","@id":"https:\/\/www.organisator.ch\/#\/schema\/person\/6f650f90b2842cd4c0cc334b4e36f67e","name":"Tommaso.berner","image":{"@type":"ImageObject","inLanguage":"it-IT","@id":"https:\/\/secure.gravatar.com\/avatar\/ac5001d2a36cb6c6cd3e50789007ffca834b477b74a2144564522e944eabff61?s=96&d=mm&r=g","url":"https:\/\/secure.gravatar.com\/avatar\/ac5001d2a36cb6c6cd3e50789007ffca834b477b74a2144564522e944eabff61?s=96&d=mm&r=g","contentUrl":"https:\/\/secure.gravatar.com\/avatar\/ac5001d2a36cb6c6cd3e50789007ffca834b477b74a2144564522e944eabff61?s=96&d=mm&r=g","caption":"thomas.berner"},"url":"https:\/\/www.organisator.ch\/it\/author\/thomas-berner\/"}]}},"_links":{"self":[{"href":"https:\/\/www.organisator.ch\/it\/wp-json\/wp\/v2\/posts\/7685","targetHints":{"allow":["GET"]}}],"collection":[{"href":"https:\/\/www.organisator.ch\/it\/wp-json\/wp\/v2\/posts"}],"about":[{"href":"https:\/\/www.organisator.ch\/it\/wp-json\/wp\/v2\/types\/post"}],"author":[{"embeddable":true,"href":"https:\/\/www.organisator.ch\/it\/wp-json\/wp\/v2\/users\/4"}],"replies":[{"embeddable":true,"href":"https:\/\/www.organisator.ch\/it\/wp-json\/wp\/v2\/comments?post=7685"}],"version-history":[{"count":0,"href":"https:\/\/www.organisator.ch\/it\/wp-json\/wp\/v2\/posts\/7685\/revisions"}],"wp:featuredmedia":[{"embeddable":true,"href":"https:\/\/www.organisator.ch\/it\/wp-json\/wp\/v2\/media\/7686"}],"wp:attachment":[{"href":"https:\/\/www.organisator.ch\/it\/wp-json\/wp\/v2\/media?parent=7685"}],"wp:term":[{"taxonomy":"category","embeddable":true,"href":"https:\/\/www.organisator.ch\/it\/wp-json\/wp\/v2\/categories?post=7685"},{"taxonomy":"post_tag","embeddable":true,"href":"https:\/\/www.organisator.ch\/it\/wp-json\/wp\/v2\/tags?post=7685"}],"curies":[{"name":"wp","href":"https:\/\/api.w.org\/{rel}","templated":true}]}}