{"id":769,"date":"2016-06-21T16:45:34","date_gmt":"2016-06-21T14:45:34","guid":{"rendered":"http:\/\/dev.organisator.ch\/?p=769"},"modified":"2016-06-21T16:45:34","modified_gmt":"2016-06-21T14:45:34","slug":"generationenmix-statt-ausgrenzung-eine-chance-fuer-die-kmu","status":"publish","type":"post","link":"https:\/\/www.organisator.ch\/it\/management\/2016-06-21\/generationenmix-statt-ausgrenzung-eine-chance-fuer-die-kmu\/","title":{"rendered":"Mix di generazioni invece di esclusione: un'opportunit\u00e0 per le PMI"},"content":{"rendered":"<figure id=\"attachment_770\" aria-describedby=\"caption-attachment-770\" style=\"width: 640px\" class=\"wp-caption alignnone\"><img loading=\"lazy\" decoding=\"async\" class=\"size-full wp-image-770\" src=\"https:\/\/www.organisator.ch\/wp-content\/uploads\/2016\/12\/Generationenmix-statt-Ausgrenzung-Eine-Chance-fuer-die-KMU-organisator.jpg\" alt=\"\" width=\"640\" height=\"427\" srcset=\"https:\/\/www.organisator.ch\/wp-content\/uploads\/2016\/12\/Generationenmix-statt-Ausgrenzung-Eine-Chance-fuer-die-KMU-organisator.jpg 640w, https:\/\/www.organisator.ch\/wp-content\/uploads\/2016\/12\/Generationenmix-statt-Ausgrenzung-Eine-Chance-fuer-die-KMU-organisator-16x12.jpg 16w, https:\/\/www.organisator.ch\/wp-content\/uploads\/2016\/12\/Generationenmix-statt-Ausgrenzung-Eine-Chance-fuer-die-KMU-organisator-262x175.jpg 262w, https:\/\/www.organisator.ch\/wp-content\/uploads\/2016\/12\/Generationenmix-statt-Ausgrenzung-Eine-Chance-fuer-die-KMU-organisator-525x350.jpg 525w, https:\/\/www.organisator.ch\/wp-content\/uploads\/2016\/12\/Generationenmix-statt-Ausgrenzung-Eine-Chance-fuer-die-KMU-organisator-300x200.jpg 300w\" sizes=\"auto, (max-width: 640px) 100vw, 640px\" \/><figcaption id=\"caption-attachment-770\" class=\"wp-caption-text\">Il mix di generazione in squadre rompe le strutture incrostate. (Immagine: sepy - Fotolia.com)Il mix generazionale nelle squadre rompe le strutture incrostate. (Immagine: sepy - Fotolia.com)<\/figcaption><\/figure>\n<p>La vecchia generazione non \u00e8 abbastanza dinamica, non \u00e8 abbastanza flessibile, non \u00e8 abbastanza efficiente e troppo costosa. La serie di caratteristiche peggiorative associate all'avanzare dell'et\u00e0 pu\u00f2 essere estesa senza sforzo e non di rado culmina nell'idea saldamente ancorata che i lavoratori anziani sono \"croccanti\", hanno solo una capacit\u00e0 limitata di imparare e una volont\u00e0 molto modesta di imparare! Cos\u00ec, non vale pi\u00f9 la pena di affrontarli con nuove sfide. Un mix equilibrato di et\u00e0 delle generazioni \u00e8 un fattore importante per una filosofia aziendale di successo: i gruppi pi\u00f9 anziani e di mezza et\u00e0 hanno un notevole potenziale in termini di esperienza professionale e di vita, mentre i giovani portano alle aziende conoscenze aggiornate, slancio, dinamismo e forza innovativa. Inoltre, un mix generazionale equilibrato \u00e8 importante per l'omogeneit\u00e0 e l'atmosfera lavorativa di una comunit\u00e0 di lavoro. Non si tratta quindi pi\u00f9 di promuovere il pensionamento anticipato, ma di mantenere nelle aziende lavoratori qualificati esperti e specialisti - una questione di sopravvivenza per molte PMI, dato che la carenza di lavoratori qualificati ben formati \u00e8 sempre pi\u00f9 accentuata.<\/p>\n<p><strong>L'et\u00e0 biologica non \u00e8 determinante per le prestazioni<\/strong><\/p>\n<p>Come dimostrano i risultati della ricerca gerontologica globale, l'et\u00e0 biologica \u00e8 solo uno dei molti fattori che influenzano lo sviluppo individuale di una persona. Il loro rendimento \u00e8 determinato in misura molto maggiore dalle attivit\u00e0, dalle funzioni e dalle richieste che incontrano nel corso della loro vita. Queste perspicaci osservazioni provengono da Werner R. M\u00fcller, professore emerito di economia aziendale, organizzazione e gestione delle risorse umane all'Universit\u00e0 di Basilea. Aggiunge che l'acquisizione di competenze \u00e8 indipendente dai fenomeni di declino biologico nella vecchiaia. Di conseguenza, la politica delle risorse umane non dovrebbe concentrarsi sui deficit di et\u00e0, ma sulle possibilit\u00e0 di sviluppo umano. \u00c8 importante creare un ambiente di lavoro che sfida tutti i dipendenti per tutta la durata della loro biografia lavorativa.<\/p>\n<p><strong>Sfruttare meglio il potenziale della generazione pi\u00f9 matura<\/strong><\/p>\n<p>Quindi non \u00e8 pi\u00f9 sufficiente giocare al \"benefattore\" e dare a un anziano la possibilit\u00e0 di essere utile ogni tanto. Piuttosto, \u00e8 importante rendersi conto di quali vantaggi possono sorgere per le aziende se fanno un uso migliore del potenziale della generazione pi\u00f9 matura di quello che hanno fatto finora. Questo significa un ripensamento in quei consigli di amministrazione in cui l'et\u00e0 \u00e8 vista principalmente come un deficit piuttosto che un'opportunit\u00e0. Ci sono una serie di competenze che sono specifiche dei dipendenti pi\u00f9 anziani (senza negare queste competenze ai dipendenti pi\u00f9 giovani):<\/p>\n<ul>\n<li>Una solida esperienza di vita e professionale<\/li>\n<li>Conoscenza esperta: acquisita attraverso molti anni di pratica professionale<\/li>\n<li>Giudizio equilibrato<\/li>\n<li>Alta affidabilit\u00e0, grande senso del dovere e della responsabilit\u00e0<\/li>\n<li>Distinta capacit\u00e0 di problem solving<\/li>\n<li>Sicurezza\/stabilit\u00e0 attraverso la prevedibilit\u00e0 della carriera professionale<\/li>\n<li>Lealt\u00e0, fedelt\u00e0, diligenza e disciplina.<\/li>\n<\/ul>\n<p>Ultimo ma non meno importante, i clienti stanno anche invecchiando e spesso danno molta importanza a una relazione d'affari di lunga data, preferibilmente una persona di riferimento di una fascia d'et\u00e0 simile.<\/p>\n<p><strong>Autoresponsabilit\u00e0 delle coorti pi\u00f9 anziane<\/strong><\/p>\n<p>Nel corso del costante cambiamento, la cosiddetta occupabilit\u00e0, cio\u00e8 l'idoneit\u00e0 al mercato del lavoro di ogni singolo dipendente, sta guadagnando importanza. Questo significa che anche i senior esperti devono essere disposti a imparare cose nuove e ad affrontare attivamente i cambiamenti, a volte rapidi, di oggi. Termini come mobilit\u00e0 intellettuale e geografica, apprendimento permanente e autosviluppo non sono parole estranee neanche per loro, ma parte della loro forma fisica sul mercato del lavoro. Gli amministratori delegati e i responsabili delle risorse umane sono predestinati ad agire come \"allenatori dell'occupabilit\u00e0\", assicurando la promozione delle competenze tecniche e sociali di tutti i gruppi di et\u00e0.<\/p>\n<p><strong>Dalla filosofia alla strategia<\/strong><\/p>\n<p>La filosofia aziendale \u00e8 una cosa, l'autoresponsabilit\u00e0 dei singoli dipendenti \u00e8 un'altra. Il compito ora \u00e8 quello di sviluppare una strategia da questo, che potrebbe essere qualcosa del genere:<\/p>\n<ul>\n<li>Formazione continua per tutte le fasce d'et\u00e0<\/li>\n<li>Gestione della salute sul lavoro<\/li>\n<li>Una politica generazionale consapevole nella pianificazione e nel reclutamento del personale<\/li>\n<li>Trasferimento di conoscenze tra dipendenti pi\u00f9 anziani e pi\u00f9 giovani<\/li>\n<li>Cura della clientela anziana da parte di personale della stessa generazione<\/li>\n<\/ul>\n<p>Questi sono solo alcuni punti. Pi\u00f9 importante che fissarli in una carta patinata \u00e8 ancorarli nella mente della direzione dell'azienda e implementarli in una politica progressiva delle risorse umane. Se questo deve avere un carattere duraturo, la seguente lista di controllo pu\u00f2 essere utile; \u00e8 gi\u00e0 stata usata con successo nella pratica in diverse aziende. Probabilmente avete gi\u00e0 familiarit\u00e0 con alcune delle misure che contiene.<\/p>\n<p><strong>Lista di controllo per una politica del personale intergenerazionale<\/strong><\/p>\n<ul>\n<li>Primo: fare un'analisi della struttura dell'et\u00e0: Quando sono previsti i pensionamenti?<\/li>\n<li>Abbinare i bisogni futuri di personale con le risorse esistenti<\/li>\n<li>Pari opportunit\u00e0 per giovani e anziani: il profilo professionale, non l'et\u00e0, \u00e8 decisivo per occupare una posizione.<\/li>\n<li>A meno che non sia assolutamente obbligatorio: nessun limite di et\u00e0 nelle pubblicit\u00e0<\/li>\n<li>Costruire un mix di generazioni: I giovani come portatori di conoscenze attuali, gli anziani come garanti del know-how esperto<\/li>\n<li>In linea di principio, nessun prepensionamento<\/li>\n<li>Offrire un orario di lavoro flessibile e modelli di pensionamento<\/li>\n<li>Invece di lussuosi seminari di preparazione alla pensione e simili: Investimento nella formazione continua mirata per i lavoratori pi\u00f9 anziani<\/li>\n<li>Adattare l'organizzazione del lavoro a una maggiore aspettativa di vita: Dal modello 50plus al modello 60plus: carriere ad arco, tandem, mentoring e altro<\/li>\n<\/ul>\n<p>A proposito: Roma non \u00e8 stata costruita in un giorno: \u00e8 quindi possibile implementare i punti elencati passo dopo passo secondo il principio modulare - a seconda della prontezza interna e dei requisiti organizzativi della vostra azienda.<\/p>\n<p>Conclusione: il lavoro tra le generazioni deve ricevere una nuova enfasi e una nuova qualit\u00e0.<\/p>\n<p><em>Di Alex M\u00fcller. L'autore <\/em><em>\u00e8 un ex manager delle risorse umane presso l'ospedale universitario Psych. e ora lavora come scrittore di risorse umane per giornali quotidiani e commerciali. Si tiene anche aggiornato sui nuovi sviluppi in materia di risorse umane e di leadership attraverso un lavoro intermittente come mentore e consulente per i nuovi orientamenti.<\/em><\/p>","protected":false},"excerpt":{"rendered":"<p>Die \u00e4ltere Generation sei zu wenig dynamisch, zu wenig flexibel, zu wenig leistungsf\u00e4hig und zu teuer. Die Reihe abwertender Eigenschaften, die mit dem fortschreitenden Lebensalter verbunden werden, l\u00e4sst sich m\u00fchelos erweitern und gipfelt nicht selten in der fest verankerten Vorstellung, dass \u00e4ltere Arbeitnehmerinnen und Arbeitnehmer \u00abverkrustet\u00bb seien, nur noch \u00fcber eine beschr\u00e4nkte Lernf\u00e4higkeit und eine [&hellip;]<\/p>\n","protected":false},"author":1,"featured_media":770,"comment_status":"open","ping_status":"open","sticky":false,"template":"","format":"standard","meta":{"_acf_changed":false,"_yoast_wpseo_focuskw":"Generationenmix","_yoast_wpseo_metadesc":"Es wird immer noch gedacht, dass \u00e4ltere Mitarbeiter\/Innen den heutigen Anspr\u00fcchen nicht mehr gen\u00fcgen w\u00fcrden. H\u00f6chste Zeit f\u00fcr ein Umdenken \u2013 Generationenmix","articlekey":"","footnotes":""},"categories":[28],"tags":[148,334,335],"class_list":["post-769","post","type-post","status-publish","format-standard","has-post-thumbnail","hentry","category-management","tag-demografie","tag-management","tag-management-und-unternehmensfuehrung"],"acf":[],"yoast_head":"<!-- This site is optimized with the Yoast SEO plugin v27.5 - https:\/\/yoast.com\/product\/yoast-seo-wordpress\/ -->\n<title>Generationenmix statt Ausgrenzung: Eine Chance f\u00fcr die KMU - Organisator<\/title>\n<meta name=\"description\" content=\"Es wird immer noch gedacht, dass \u00e4ltere Mitarbeiter\/Innen den heutigen Anspr\u00fcchen nicht mehr gen\u00fcgen w\u00fcrden. H\u00f6chste Zeit f\u00fcr ein Umdenken \u2013 Generationenmix\" \/>\n<meta name=\"robots\" content=\"index, follow, max-snippet:-1, max-image-preview:large, max-video-preview:-1\" \/>\n<link rel=\"canonical\" href=\"https:\/\/www.organisator.ch\/it\/gestione-2\/2016-06-21\/generationenmix-statt-ausgrenzung-eine-chance-fuer-die-kmu\/\" \/>\n<meta property=\"og:locale\" content=\"it_IT\" \/>\n<meta property=\"og:type\" content=\"article\" \/>\n<meta property=\"og:title\" content=\"Generationenmix statt Ausgrenzung: Eine Chance f\u00fcr die KMU\" \/>\n<meta property=\"og:description\" content=\"Bei einigen Managern und Personalchefs geistert immer noch die fixe Idee herum, dass \u00e4ltere Mitarbeiterinnen und Mitarbeiter \u2013 manchmal bereits vom 45. Lebensjahr an \u2013 den Anspr\u00fcchen der heutigen Berufswelt nicht mehr gen\u00fcgen w\u00fcrden. H\u00f6chste Zeit f\u00fcr ein Umdenken!\" \/>\n<meta property=\"og:url\" content=\"https:\/\/www.organisator.ch\/it\/gestione-2\/2016-06-21\/generationenmix-statt-ausgrenzung-eine-chance-fuer-die-kmu\/\" \/>\n<meta property=\"og:site_name\" content=\"Organisator\" \/>\n<meta property=\"article:publisher\" content=\"https:\/\/www.facebook.com\/OrganisatorFachmagazin\" \/>\n<meta property=\"article:published_time\" content=\"2016-06-21T14:45:34+00:00\" \/>\n<meta name=\"author\" content=\"admin\" \/>\n<meta name=\"twitter:card\" content=\"summary_large_image\" \/>\n<meta name=\"twitter:image\" content=\"https:\/\/www.organisator.ch\/wp-content\/uploads\/2016\/12\/Generationenmix-statt-Ausgrenzung-Eine-Chance-fuer-die-KMU-organisator.jpg\" \/>\n<script type=\"application\/ld+json\" class=\"yoast-schema-graph\">{\"@context\":\"https:\\\/\\\/schema.org\",\"@graph\":[{\"@type\":\"Article\",\"@id\":\"https:\\\/\\\/www.organisator.ch\\\/management\\\/2016-06-21\\\/generationenmix-statt-ausgrenzung-eine-chance-fuer-die-kmu\\\/#article\",\"isPartOf\":{\"@id\":\"https:\\\/\\\/www.organisator.ch\\\/management\\\/2016-06-21\\\/generationenmix-statt-ausgrenzung-eine-chance-fuer-die-kmu\\\/\"},\"author\":{\"name\":\"admin\",\"@id\":\"https:\\\/\\\/www.organisator.ch\\\/#\\\/schema\\\/person\\\/aa2bace6c5c5aad60102004a50c4eb1c\"},\"headline\":\"Generationenmix statt Ausgrenzung: Eine Chance f\u00fcr die KMU\",\"datePublished\":\"2016-06-21T14:45:34+00:00\",\"mainEntityOfPage\":{\"@id\":\"https:\\\/\\\/www.organisator.ch\\\/management\\\/2016-06-21\\\/generationenmix-statt-ausgrenzung-eine-chance-fuer-die-kmu\\\/\"},\"wordCount\":952,\"commentCount\":0,\"publisher\":{\"@id\":\"https:\\\/\\\/www.organisator.ch\\\/#organization\"},\"image\":{\"@id\":\"https:\\\/\\\/www.organisator.ch\\\/management\\\/2016-06-21\\\/generationenmix-statt-ausgrenzung-eine-chance-fuer-die-kmu\\\/#primaryimage\"},\"thumbnailUrl\":\"https:\\\/\\\/www.organisator.ch\\\/wp-content\\\/uploads\\\/2016\\\/12\\\/Generationenmix-statt-Ausgrenzung-Eine-Chance-fuer-die-KMU-organisator.jpg\",\"keywords\":[\"Demografie\",\"Management\",\"Management und Unternehmensf\u00fchrung\"],\"articleSection\":[\"MANAGEMENT\"],\"inLanguage\":\"it-IT\"},{\"@type\":\"WebPage\",\"@id\":\"https:\\\/\\\/www.organisator.ch\\\/management\\\/2016-06-21\\\/generationenmix-statt-ausgrenzung-eine-chance-fuer-die-kmu\\\/\",\"url\":\"https:\\\/\\\/www.organisator.ch\\\/management\\\/2016-06-21\\\/generationenmix-statt-ausgrenzung-eine-chance-fuer-die-kmu\\\/\",\"name\":\"Generationenmix statt Ausgrenzung: Eine Chance f\u00fcr die KMU - Organisator\",\"isPartOf\":{\"@id\":\"https:\\\/\\\/www.organisator.ch\\\/#website\"},\"primaryImageOfPage\":{\"@id\":\"https:\\\/\\\/www.organisator.ch\\\/management\\\/2016-06-21\\\/generationenmix-statt-ausgrenzung-eine-chance-fuer-die-kmu\\\/#primaryimage\"},\"image\":{\"@id\":\"https:\\\/\\\/www.organisator.ch\\\/management\\\/2016-06-21\\\/generationenmix-statt-ausgrenzung-eine-chance-fuer-die-kmu\\\/#primaryimage\"},\"thumbnailUrl\":\"https:\\\/\\\/www.organisator.ch\\\/wp-content\\\/uploads\\\/2016\\\/12\\\/Generationenmix-statt-Ausgrenzung-Eine-Chance-fuer-die-KMU-organisator.jpg\",\"datePublished\":\"2016-06-21T14:45:34+00:00\",\"description\":\"Es wird immer noch gedacht, dass \u00e4ltere Mitarbeiter\\\/Innen den heutigen Anspr\u00fcchen nicht mehr gen\u00fcgen w\u00fcrden. H\u00f6chste Zeit f\u00fcr ein Umdenken \u2013 Generationenmix\",\"breadcrumb\":{\"@id\":\"https:\\\/\\\/www.organisator.ch\\\/management\\\/2016-06-21\\\/generationenmix-statt-ausgrenzung-eine-chance-fuer-die-kmu\\\/#breadcrumb\"},\"inLanguage\":\"it-IT\",\"potentialAction\":[{\"@type\":\"ReadAction\",\"target\":[\"https:\\\/\\\/www.organisator.ch\\\/management\\\/2016-06-21\\\/generationenmix-statt-ausgrenzung-eine-chance-fuer-die-kmu\\\/\"]}]},{\"@type\":\"ImageObject\",\"inLanguage\":\"it-IT\",\"@id\":\"https:\\\/\\\/www.organisator.ch\\\/management\\\/2016-06-21\\\/generationenmix-statt-ausgrenzung-eine-chance-fuer-die-kmu\\\/#primaryimage\",\"url\":\"https:\\\/\\\/www.organisator.ch\\\/wp-content\\\/uploads\\\/2016\\\/12\\\/Generationenmix-statt-Ausgrenzung-Eine-Chance-fuer-die-KMU-organisator.jpg\",\"contentUrl\":\"https:\\\/\\\/www.organisator.ch\\\/wp-content\\\/uploads\\\/2016\\\/12\\\/Generationenmix-statt-Ausgrenzung-Eine-Chance-fuer-die-KMU-organisator.jpg\",\"width\":640,\"height\":427,\"caption\":\"Der Generationenmix in Teams bricht verkrustete Strukturen auf. (Bild: sepy - Fotolia.com)Der Generationenmix in Teams bricht verkrustete Strukturen auf. (Bild: sepy - Fotolia.com)\"},{\"@type\":\"BreadcrumbList\",\"@id\":\"https:\\\/\\\/www.organisator.ch\\\/management\\\/2016-06-21\\\/generationenmix-statt-ausgrenzung-eine-chance-fuer-die-kmu\\\/#breadcrumb\",\"itemListElement\":[{\"@type\":\"ListItem\",\"position\":1,\"name\":\"Home\",\"item\":\"https:\\\/\\\/www.organisator.ch\\\/\"},{\"@type\":\"ListItem\",\"position\":2,\"name\":\"Generationenmix statt Ausgrenzung: Eine Chance f\u00fcr die KMU\"}]},{\"@type\":\"WebSite\",\"@id\":\"https:\\\/\\\/www.organisator.ch\\\/#website\",\"url\":\"https:\\\/\\\/www.organisator.ch\\\/\",\"name\":\"Organisator\",\"description\":\"Kompetent. Praxisnah. Der ORGANISATOR bereitet in 10 Ausgaben pro Jahr die wesentlichen Themen f\u00fcr F\u00fchrungskr\u00e4fte von KMU auf.\",\"publisher\":{\"@id\":\"https:\\\/\\\/www.organisator.ch\\\/#organization\"},\"potentialAction\":[{\"@type\":\"SearchAction\",\"target\":{\"@type\":\"EntryPoint\",\"urlTemplate\":\"https:\\\/\\\/www.organisator.ch\\\/?s={search_term_string}\"},\"query-input\":{\"@type\":\"PropertyValueSpecification\",\"valueRequired\":true,\"valueName\":\"search_term_string\"}}],\"inLanguage\":\"it-IT\"},{\"@type\":\"Organization\",\"@id\":\"https:\\\/\\\/www.organisator.ch\\\/#organization\",\"name\":\"Organisator\",\"url\":\"https:\\\/\\\/www.organisator.ch\\\/\",\"logo\":{\"@type\":\"ImageObject\",\"inLanguage\":\"it-IT\",\"@id\":\"https:\\\/\\\/www.organisator.ch\\\/#\\\/schema\\\/logo\\\/image\\\/\",\"url\":\"https:\\\/\\\/www.organisator.ch\\\/wp-content\\\/uploads\\\/2022\\\/01\\\/Logo_Organisator_Website.png\",\"contentUrl\":\"https:\\\/\\\/www.organisator.ch\\\/wp-content\\\/uploads\\\/2022\\\/01\\\/Logo_Organisator_Website.png\",\"width\":800,\"height\":77,\"caption\":\"Organisator\"},\"image\":{\"@id\":\"https:\\\/\\\/www.organisator.ch\\\/#\\\/schema\\\/logo\\\/image\\\/\"},\"sameAs\":[\"https:\\\/\\\/www.facebook.com\\\/OrganisatorFachmagazin\",\"https:\\\/\\\/www.linkedin.com\\\/showcase\\\/organisator-das-magazin-fr-kmu\",\"https:\\\/\\\/www.xing.com\\\/news\\\/pages\\\/organisator-ch-695\",\"https:\\\/\\\/www.youtube.com\\\/channel\\\/UCGP2Sq0iWaZwT3BdIAQFYpw\"]},{\"@type\":\"Person\",\"@id\":\"https:\\\/\\\/www.organisator.ch\\\/#\\\/schema\\\/person\\\/aa2bace6c5c5aad60102004a50c4eb1c\",\"name\":\"admin\",\"image\":{\"@type\":\"ImageObject\",\"inLanguage\":\"it-IT\",\"@id\":\"https:\\\/\\\/secure.gravatar.com\\\/avatar\\\/ae2f4d718e6c49043e314ce431e7e645d646302a24a5ef5a8bc8e3f5a032e319?s=96&d=mm&r=g\",\"url\":\"https:\\\/\\\/secure.gravatar.com\\\/avatar\\\/ae2f4d718e6c49043e314ce431e7e645d646302a24a5ef5a8bc8e3f5a032e319?s=96&d=mm&r=g\",\"contentUrl\":\"https:\\\/\\\/secure.gravatar.com\\\/avatar\\\/ae2f4d718e6c49043e314ce431e7e645d646302a24a5ef5a8bc8e3f5a032e319?s=96&d=mm&r=g\",\"caption\":\"admin\"},\"sameAs\":[\"https:\\\/\\\/www.organisator.ch\"],\"url\":\"https:\\\/\\\/www.organisator.ch\\\/it\\\/author\\\/admin\\\/\"}]}<\/script>\n<!-- \/ Yoast SEO plugin. -->","yoast_head_json":{"title":"Mix di generazioni invece di esclusione: un'opportunit\u00e0 per le PMI - Organizzatore","description":"Si pensa ancora che i dipendenti pi\u00f9 anziani non soddisfino pi\u00f9 i requisiti odierni. \u00c8 giunto il momento di ripensare il mix generazionale","robots":{"index":"index","follow":"follow","max-snippet":"max-snippet:-1","max-image-preview":"max-image-preview:large","max-video-preview":"max-video-preview:-1"},"canonical":"https:\/\/www.organisator.ch\/it\/gestione-2\/2016-06-21\/generationenmix-statt-ausgrenzung-eine-chance-fuer-die-kmu\/","og_locale":"it_IT","og_type":"article","og_title":"Generationenmix statt Ausgrenzung: Eine Chance f\u00fcr die KMU","og_description":"Bei einigen Managern und Personalchefs geistert immer noch die fixe Idee herum, dass \u00e4ltere Mitarbeiterinnen und Mitarbeiter \u2013 manchmal bereits vom 45. Lebensjahr an \u2013 den Anspr\u00fcchen der heutigen Berufswelt nicht mehr gen\u00fcgen w\u00fcrden. H\u00f6chste Zeit f\u00fcr ein Umdenken!","og_url":"https:\/\/www.organisator.ch\/it\/gestione-2\/2016-06-21\/generationenmix-statt-ausgrenzung-eine-chance-fuer-die-kmu\/","og_site_name":"Organisator","article_publisher":"https:\/\/www.facebook.com\/OrganisatorFachmagazin","article_published_time":"2016-06-21T14:45:34+00:00","author":"admin","twitter_card":"summary_large_image","twitter_image":"https:\/\/www.organisator.ch\/wp-content\/uploads\/2016\/12\/Generationenmix-statt-Ausgrenzung-Eine-Chance-fuer-die-KMU-organisator.jpg","schema":{"@context":"https:\/\/schema.org","@graph":[{"@type":"Article","@id":"https:\/\/www.organisator.ch\/management\/2016-06-21\/generationenmix-statt-ausgrenzung-eine-chance-fuer-die-kmu\/#article","isPartOf":{"@id":"https:\/\/www.organisator.ch\/management\/2016-06-21\/generationenmix-statt-ausgrenzung-eine-chance-fuer-die-kmu\/"},"author":{"name":"admin","@id":"https:\/\/www.organisator.ch\/#\/schema\/person\/aa2bace6c5c5aad60102004a50c4eb1c"},"headline":"Generationenmix statt Ausgrenzung: Eine Chance f\u00fcr die KMU","datePublished":"2016-06-21T14:45:34+00:00","mainEntityOfPage":{"@id":"https:\/\/www.organisator.ch\/management\/2016-06-21\/generationenmix-statt-ausgrenzung-eine-chance-fuer-die-kmu\/"},"wordCount":952,"commentCount":0,"publisher":{"@id":"https:\/\/www.organisator.ch\/#organization"},"image":{"@id":"https:\/\/www.organisator.ch\/management\/2016-06-21\/generationenmix-statt-ausgrenzung-eine-chance-fuer-die-kmu\/#primaryimage"},"thumbnailUrl":"https:\/\/www.organisator.ch\/wp-content\/uploads\/2016\/12\/Generationenmix-statt-Ausgrenzung-Eine-Chance-fuer-die-KMU-organisator.jpg","keywords":["Demografie","Management","Management und Unternehmensf\u00fchrung"],"articleSection":["MANAGEMENT"],"inLanguage":"it-IT"},{"@type":"WebPage","@id":"https:\/\/www.organisator.ch\/management\/2016-06-21\/generationenmix-statt-ausgrenzung-eine-chance-fuer-die-kmu\/","url":"https:\/\/www.organisator.ch\/management\/2016-06-21\/generationenmix-statt-ausgrenzung-eine-chance-fuer-die-kmu\/","name":"Mix di generazioni invece di esclusione: un'opportunit\u00e0 per le PMI - Organizzatore","isPartOf":{"@id":"https:\/\/www.organisator.ch\/#website"},"primaryImageOfPage":{"@id":"https:\/\/www.organisator.ch\/management\/2016-06-21\/generationenmix-statt-ausgrenzung-eine-chance-fuer-die-kmu\/#primaryimage"},"image":{"@id":"https:\/\/www.organisator.ch\/management\/2016-06-21\/generationenmix-statt-ausgrenzung-eine-chance-fuer-die-kmu\/#primaryimage"},"thumbnailUrl":"https:\/\/www.organisator.ch\/wp-content\/uploads\/2016\/12\/Generationenmix-statt-Ausgrenzung-Eine-Chance-fuer-die-KMU-organisator.jpg","datePublished":"2016-06-21T14:45:34+00:00","description":"Si pensa ancora che i dipendenti pi\u00f9 anziani non soddisfino pi\u00f9 i requisiti odierni. \u00c8 giunto il momento di ripensare il mix generazionale","breadcrumb":{"@id":"https:\/\/www.organisator.ch\/management\/2016-06-21\/generationenmix-statt-ausgrenzung-eine-chance-fuer-die-kmu\/#breadcrumb"},"inLanguage":"it-IT","potentialAction":[{"@type":"ReadAction","target":["https:\/\/www.organisator.ch\/management\/2016-06-21\/generationenmix-statt-ausgrenzung-eine-chance-fuer-die-kmu\/"]}]},{"@type":"ImageObject","inLanguage":"it-IT","@id":"https:\/\/www.organisator.ch\/management\/2016-06-21\/generationenmix-statt-ausgrenzung-eine-chance-fuer-die-kmu\/#primaryimage","url":"https:\/\/www.organisator.ch\/wp-content\/uploads\/2016\/12\/Generationenmix-statt-Ausgrenzung-Eine-Chance-fuer-die-KMU-organisator.jpg","contentUrl":"https:\/\/www.organisator.ch\/wp-content\/uploads\/2016\/12\/Generationenmix-statt-Ausgrenzung-Eine-Chance-fuer-die-KMU-organisator.jpg","width":640,"height":427,"caption":"Der Generationenmix in Teams bricht verkrustete Strukturen auf. (Bild: sepy - Fotolia.com)Der Generationenmix in Teams bricht verkrustete Strukturen auf. (Bild: sepy - Fotolia.com)"},{"@type":"BreadcrumbList","@id":"https:\/\/www.organisator.ch\/management\/2016-06-21\/generationenmix-statt-ausgrenzung-eine-chance-fuer-die-kmu\/#breadcrumb","itemListElement":[{"@type":"ListItem","position":1,"name":"Home","item":"https:\/\/www.organisator.ch\/"},{"@type":"ListItem","position":2,"name":"Generationenmix statt Ausgrenzung: Eine Chance f\u00fcr die KMU"}]},{"@type":"WebSite","@id":"https:\/\/www.organisator.ch\/#website","url":"https:\/\/www.organisator.ch\/","name":"Organizzatore","description":"Competente. Pratico. In 10 numeri all'anno, ORGANISATOR presenta i temi essenziali per i manager delle PMI.","publisher":{"@id":"https:\/\/www.organisator.ch\/#organization"},"potentialAction":[{"@type":"SearchAction","target":{"@type":"EntryPoint","urlTemplate":"https:\/\/www.organisator.ch\/?s={search_term_string}"},"query-input":{"@type":"PropertyValueSpecification","valueRequired":true,"valueName":"search_term_string"}}],"inLanguage":"it-IT"},{"@type":"Organization","@id":"https:\/\/www.organisator.ch\/#organization","name":"Organizzatore","url":"https:\/\/www.organisator.ch\/","logo":{"@type":"ImageObject","inLanguage":"it-IT","@id":"https:\/\/www.organisator.ch\/#\/schema\/logo\/image\/","url":"https:\/\/www.organisator.ch\/wp-content\/uploads\/2022\/01\/Logo_Organisator_Website.png","contentUrl":"https:\/\/www.organisator.ch\/wp-content\/uploads\/2022\/01\/Logo_Organisator_Website.png","width":800,"height":77,"caption":"Organisator"},"image":{"@id":"https:\/\/www.organisator.ch\/#\/schema\/logo\/image\/"},"sameAs":["https:\/\/www.facebook.com\/OrganisatorFachmagazin","https:\/\/www.linkedin.com\/showcase\/organisator-das-magazin-fr-kmu","https:\/\/www.xing.com\/news\/pages\/organisator-ch-695","https:\/\/www.youtube.com\/channel\/UCGP2Sq0iWaZwT3BdIAQFYpw"]},{"@type":"Person","@id":"https:\/\/www.organisator.ch\/#\/schema\/person\/aa2bace6c5c5aad60102004a50c4eb1c","name":"amministratore","image":{"@type":"ImageObject","inLanguage":"it-IT","@id":"https:\/\/secure.gravatar.com\/avatar\/ae2f4d718e6c49043e314ce431e7e645d646302a24a5ef5a8bc8e3f5a032e319?s=96&d=mm&r=g","url":"https:\/\/secure.gravatar.com\/avatar\/ae2f4d718e6c49043e314ce431e7e645d646302a24a5ef5a8bc8e3f5a032e319?s=96&d=mm&r=g","contentUrl":"https:\/\/secure.gravatar.com\/avatar\/ae2f4d718e6c49043e314ce431e7e645d646302a24a5ef5a8bc8e3f5a032e319?s=96&d=mm&r=g","caption":"admin"},"sameAs":["https:\/\/www.organisator.ch"],"url":"https:\/\/www.organisator.ch\/it\/author\/admin\/"}]}},"_links":{"self":[{"href":"https:\/\/www.organisator.ch\/it\/wp-json\/wp\/v2\/posts\/769","targetHints":{"allow":["GET"]}}],"collection":[{"href":"https:\/\/www.organisator.ch\/it\/wp-json\/wp\/v2\/posts"}],"about":[{"href":"https:\/\/www.organisator.ch\/it\/wp-json\/wp\/v2\/types\/post"}],"author":[{"embeddable":true,"href":"https:\/\/www.organisator.ch\/it\/wp-json\/wp\/v2\/users\/1"}],"replies":[{"embeddable":true,"href":"https:\/\/www.organisator.ch\/it\/wp-json\/wp\/v2\/comments?post=769"}],"version-history":[{"count":0,"href":"https:\/\/www.organisator.ch\/it\/wp-json\/wp\/v2\/posts\/769\/revisions"}],"wp:featuredmedia":[{"embeddable":true,"href":"https:\/\/www.organisator.ch\/it\/wp-json\/wp\/v2\/media\/770"}],"wp:attachment":[{"href":"https:\/\/www.organisator.ch\/it\/wp-json\/wp\/v2\/media?parent=769"}],"wp:term":[{"taxonomy":"category","embeddable":true,"href":"https:\/\/www.organisator.ch\/it\/wp-json\/wp\/v2\/categories?post=769"},{"taxonomy":"post_tag","embeddable":true,"href":"https:\/\/www.organisator.ch\/it\/wp-json\/wp\/v2\/tags?post=769"}],"curies":[{"name":"wp","href":"https:\/\/api.w.org\/{rel}","templated":true}]}}