{"id":77,"date":"2016-01-15T15:00:58","date_gmt":"2016-01-15T14:00:58","guid":{"rendered":"http:\/\/dev.organisator.ch\/?p=77"},"modified":"2016-01-15T15:00:58","modified_gmt":"2016-01-15T14:00:58","slug":"beekeeper-neues-partnermitglied-bei-perikom","status":"publish","type":"post","link":"https:\/\/www.organisator.ch\/it\/allgemein\/2016-01-15\/beekeeper-neues-partnermitglied-bei-perikom\/","title":{"rendered":"Apicoltore nuovo membro partner di Perikom"},"content":{"rendered":"<p><img loading=\"lazy\" decoding=\"async\" class=\"alignnone size-medium wp-image-78\" src=\"https:\/\/organisator.ch\/wp-content\/uploads\/2016\/12\/Beekeeper-neues-Partnermitglied-bei-Perikom-organisator.jpg\" alt=\"\" width=\"680\" height=\"454\" srcset=\"https:\/\/www.organisator.ch\/wp-content\/uploads\/2016\/12\/Beekeeper-neues-Partnermitglied-bei-Perikom-organisator.jpg 850w, https:\/\/www.organisator.ch\/wp-content\/uploads\/2016\/12\/Beekeeper-neues-Partnermitglied-bei-Perikom-organisator-680x454.jpg 680w, https:\/\/www.organisator.ch\/wp-content\/uploads\/2016\/12\/Beekeeper-neues-Partnermitglied-bei-Perikom-organisator-768x512.jpg 768w, https:\/\/www.organisator.ch\/wp-content\/uploads\/2016\/12\/Beekeeper-neues-Partnermitglied-bei-Perikom-organisator-16x12.jpg 16w, https:\/\/www.organisator.ch\/wp-content\/uploads\/2016\/12\/Beekeeper-neues-Partnermitglied-bei-Perikom-organisator-262x175.jpg 262w, https:\/\/www.organisator.ch\/wp-content\/uploads\/2016\/12\/Beekeeper-neues-Partnermitglied-bei-Perikom-organisator-525x350.jpg 525w, https:\/\/www.organisator.ch\/wp-content\/uploads\/2016\/12\/Beekeeper-neues-Partnermitglied-bei-Perikom-organisator-300x200.jpg 300w\" sizes=\"auto, (max-width: 680px) 100vw, 680px\" \/><\/p>\n<p>Le attivit\u00e0 principali dell'associazione professionale comprendono essenzialmente eventi regolari per esperti di comunicazione e di risorse umane, lo sviluppo di corsi di perfezionamento, l'avvio e il sostegno di lavori di ricerca e studi sul tema della \"comunicazione interna - infine, una conferenza annuale svizzera HR\/Internal Communication.<\/p>\n<p>Perikom offre una piattaforma utile soprattutto per le aziende con un gran numero di dipendenti senza una postazione PC. L'associazione \u00e8 ora definita da tredici membri partner. Cristian Grossmann, CEO e co-fondatore di Beekeeper, spiega cos\u00ec l'interesse per Perikom: \"Ci vediamo non solo come un fornitore di soluzioni, ma anche come un leader di pensiero\".<\/p>\n<p><strong>I precedenti membri partner di Perikom:<\/strong><\/p>\n<p>- Apicoltore, <a href=\"http:\/\/www.beekeeper.ch\" target=\"_blank\" data-cke-saved-href=\"http:\/\/www.beekeeper.ch\" rel=\"noopener\">www.beekeeper.ch<\/a><\/p>\n<p>- GfK Switzerland AG, <a href=\"http:\/\/www.gfk.com\" target=\"_blank\" data-cke-saved-href=\"http:\/\/www.gfk.com\" rel=\"noopener\">www.gfk.com<\/a><\/p>\n<p>- HWZ Hochschule f\u00fcr Wirtschaft Z\u00fcrich,\u00a0<a href=\"http:\/\/www.gfk.com\" target=\"_blank\" data-cke-saved-href=\"http:\/\/www.gfk.com\" rel=\"noopener\">www.fh-hwz.ch<\/a><\/p>\n<p>- Universit\u00e0 di Scienze Applicate e Arti di Lucerna - Economia,\u00a0<a href=\"http:\/\/www.hslu.ch\/wirtschaft\" target=\"_blank\" data-cke-saved-href=\"http:\/\/www.hslu.ch\/wirtschaft\" rel=\"noopener\">www.hslu.ch\/wirtschaft<\/a><\/p>\n<p>- Istituto svizzero di relazioni pubbliche SPRI,\u00a0<a href=\"http:\/\/www.spri.ch\" target=\"_blank\" data-cke-saved-href=\"http:\/\/www.spri.ch\" rel=\"noopener\">www.spri.ch<\/a><\/p>\n<p>- Capi del Corporate Branding AG,\u00a0<a href=\"http:\/\/www.heads.ch\" target=\"_blank\" data-cke-saved-href=\"http:\/\/www.heads.ch\" rel=\"noopener\">www.heads.ch<\/a><\/p>\n<p>- Agenzia di comunicazione principale,\u00a0<a href=\"http:\/\/www.prime.ch\" target=\"_blank\" data-cke-saved-href=\"http:\/\/www.prime.ch\" rel=\"noopener\">www.prime.ch<\/a><\/p>\n<p>- Agenzia di comunicazione aziendale Wirz, <a href=\"http:\/\/www.wirz.ch\/wirz-corporate\/\" target=\"_blank\" data-cke-saved-href=\"http:\/\/www.wirz.ch\/wirz-corporate\/\" rel=\"noopener\">www.wirz.ch\/wirz-corporate\/<\/a><\/p>\n<p>- Consulenza per lo sviluppo organizzativo Enzaim - Change by Farner,\u00a0<a href=\"http:\/\/www.enzaim.com\" target=\"_blank\" data-cke-saved-href=\"http:\/\/www.enzaim.com\" rel=\"noopener\">www.enzaim.com<\/a><\/p>\n<p>- Consulenza di ricerca esecutiva smart.heads,\u00a0<a href=\"http:\/\/www.smartheads.ch\" target=\"_blank\" data-cke-saved-href=\"http:\/\/www.smartheads.ch\" rel=\"noopener\">www.smartheads.ch<\/a><\/p>\n<p>- Standing ovation dell'agenzia di eventi, <a href=\"http:\/\/www.standingovation.ch\" target=\"_blank\" data-cke-saved-href=\"http:\/\/www.standingovation.ch\" rel=\"noopener\">www.standingovation.ch<\/a><\/p>\n<p>- Yjoo. Agenzia di comunicazione,\u00a0<a href=\"http:\/\/www.yjoo.ch\" target=\"_blank\" data-cke-saved-href=\"http:\/\/www.yjoo.ch\" rel=\"noopener\">www.yjoo.ch<\/a><\/p>\n<p>- Societ\u00e0 di Zurigo per la gestione delle risorse umane,\u00a0<a href=\"http:\/\/www.zgp.ch\" target=\"_blank\" data-cke-saved-href=\"http:\/\/www.zgp.ch\" rel=\"noopener\">www.zgp.ch<\/a><\/p>\n<p>A proposito, \"Condurre e comunicare nel mondo del lavoro mobile\" \u00e8 il tema del prossimo evento Perikom, il 12 maggio 2016.<\/p>\n<p><a href=\"http:\/\/www.perikom.ch\" target=\"_blank\" data-cke-saved-href=\"http:\/\/www.perikom.ch\" rel=\"noopener\">www.perikom.ch<\/a><\/p>","protected":false},"excerpt":{"rendered":"<p>Die Kernaktivit\u00e4ten des Fachvereins umfassen im Wesentlichen regelm\u00e4ssige Veranstaltungen f\u00fcr Kommunikations- und Personalexperten, die Entwicklung von Weiterbildungsangeboten, die Initiierung und Begleitung von Forschungsarbeiten und Studien zum Thema \u201einterne Kommunikation &#8211; schliesslich eine j\u00e4hrlich stattfindende Schweizerische Tagung HR\/Interne Kommunikation. Speziell f\u00fcr Unternehmen mit einer Grosszahl an Mitarbeitern ohne PC-Arbeitsplatz bietet Perikom eine n\u00fctzliche Plattform. Neu wird [&hellip;]<\/p>\n","protected":false},"author":1,"featured_media":78,"comment_status":"open","ping_status":"open","sticky":false,"template":"","format":"standard","meta":{"_acf_changed":false,"_yoast_wpseo_focuskw":"Beekeeper","_yoast_wpseo_metadesc":"Perikom, der Fachverein, w\u00e4chst. Bereits zum Jahresanfang 2016 gesellt sich Beekeeper, ein Schweizer Unternehmen im Bereich IK\/HR, zum Verein.","articlekey":"","footnotes":""},"categories":[1],"tags":[396],"class_list":["post-77","post","type-post","status-publish","format-standard","has-post-thumbnail","hentry","category-allgemein","tag-projektentwicklung"],"acf":[],"yoast_head":"<!-- This site is optimized with the Yoast SEO plugin v27.4 - https:\/\/yoast.com\/product\/yoast-seo-wordpress\/ -->\n<title>Beekeeper neues Partnermitglied bei Perikom - Organisator<\/title>\n<meta name=\"description\" content=\"Perikom, der Fachverein, w\u00e4chst. Bereits zum Jahresanfang 2016 gesellt sich Beekeeper, ein Schweizer Unternehmen im Bereich IK\/HR, zum Verein.\" \/>\n<meta name=\"robots\" content=\"index, follow, max-snippet:-1, max-image-preview:large, max-video-preview:-1\" \/>\n<link rel=\"canonical\" href=\"https:\/\/www.organisator.ch\/it\/generale\/2016-01-15\/beekeeper-neues-partnermitglied-bei-perikom\/\" \/>\n<meta property=\"og:locale\" content=\"it_IT\" \/>\n<meta property=\"og:type\" content=\"article\" \/>\n<meta property=\"og:title\" content=\"Beekeeper neues Partnermitglied bei Perikom\" \/>\n<meta property=\"og:description\" content=\"Perikom, der Fachverein f\u00fcr Personalmanagement und Interne Kommunikation, w\u00e4chst. Besonders das &quot;Employee Engagement&quot; und die mobile Kommunikation stossen auf interessierte Partner. Bereits zum Jahresanfang 2016 gesellt sich Beekeeper, ein Schweizer Unternehmen im Bereich IK\/HR, zum innovativen Verein.\" \/>\n<meta property=\"og:url\" content=\"https:\/\/www.organisator.ch\/it\/generale\/2016-01-15\/beekeeper-neues-partnermitglied-bei-perikom\/\" \/>\n<meta property=\"og:site_name\" content=\"Organisator\" \/>\n<meta property=\"article:publisher\" content=\"https:\/\/www.facebook.com\/OrganisatorFachmagazin\" \/>\n<meta property=\"article:published_time\" content=\"2016-01-15T14:00:58+00:00\" \/>\n<meta name=\"author\" content=\"admin\" \/>\n<meta name=\"twitter:card\" content=\"summary_large_image\" \/>\n<meta name=\"twitter:image\" content=\"https:\/\/www.organisator.ch\/wp-content\/uploads\/2016\/12\/Beekeeper-neues-Partnermitglied-bei-Perikom-organisator.jpg\" \/>\n<script type=\"application\/ld+json\" class=\"yoast-schema-graph\">{\"@context\":\"https:\\\/\\\/schema.org\",\"@graph\":[{\"@type\":\"Article\",\"@id\":\"https:\\\/\\\/www.organisator.ch\\\/de\\\/allgemein\\\/2016-01-15\\\/beekeeper-neues-partnermitglied-bei-perikom\\\/#article\",\"isPartOf\":{\"@id\":\"https:\\\/\\\/www.organisator.ch\\\/de\\\/allgemein\\\/2016-01-15\\\/beekeeper-neues-partnermitglied-bei-perikom\\\/\"},\"author\":{\"name\":\"admin\",\"@id\":\"https:\\\/\\\/www.organisator.ch\\\/#\\\/schema\\\/person\\\/aa2bace6c5c5aad60102004a50c4eb1c\"},\"headline\":\"Beekeeper neues Partnermitglied bei Perikom\",\"datePublished\":\"2016-01-15T14:00:58+00:00\",\"mainEntityOfPage\":{\"@id\":\"https:\\\/\\\/www.organisator.ch\\\/de\\\/allgemein\\\/2016-01-15\\\/beekeeper-neues-partnermitglied-bei-perikom\\\/\"},\"wordCount\":219,\"commentCount\":0,\"publisher\":{\"@id\":\"https:\\\/\\\/www.organisator.ch\\\/#organization\"},\"image\":{\"@id\":\"https:\\\/\\\/www.organisator.ch\\\/de\\\/allgemein\\\/2016-01-15\\\/beekeeper-neues-partnermitglied-bei-perikom\\\/#primaryimage\"},\"thumbnailUrl\":\"https:\\\/\\\/www.organisator.ch\\\/wp-content\\\/uploads\\\/2016\\\/12\\\/Beekeeper-neues-Partnermitglied-bei-Perikom-organisator.jpg\",\"keywords\":[\"Projektentwicklung\"],\"articleSection\":[\"Allgemein\"],\"inLanguage\":\"it-IT\"},{\"@type\":\"WebPage\",\"@id\":\"https:\\\/\\\/www.organisator.ch\\\/de\\\/allgemein\\\/2016-01-15\\\/beekeeper-neues-partnermitglied-bei-perikom\\\/\",\"url\":\"https:\\\/\\\/www.organisator.ch\\\/de\\\/allgemein\\\/2016-01-15\\\/beekeeper-neues-partnermitglied-bei-perikom\\\/\",\"name\":\"Beekeeper neues Partnermitglied bei Perikom - Organisator\",\"isPartOf\":{\"@id\":\"https:\\\/\\\/www.organisator.ch\\\/#website\"},\"primaryImageOfPage\":{\"@id\":\"https:\\\/\\\/www.organisator.ch\\\/de\\\/allgemein\\\/2016-01-15\\\/beekeeper-neues-partnermitglied-bei-perikom\\\/#primaryimage\"},\"image\":{\"@id\":\"https:\\\/\\\/www.organisator.ch\\\/de\\\/allgemein\\\/2016-01-15\\\/beekeeper-neues-partnermitglied-bei-perikom\\\/#primaryimage\"},\"thumbnailUrl\":\"https:\\\/\\\/www.organisator.ch\\\/wp-content\\\/uploads\\\/2016\\\/12\\\/Beekeeper-neues-Partnermitglied-bei-Perikom-organisator.jpg\",\"datePublished\":\"2016-01-15T14:00:58+00:00\",\"description\":\"Perikom, der Fachverein, w\u00e4chst. Bereits zum Jahresanfang 2016 gesellt sich Beekeeper, ein Schweizer Unternehmen im Bereich IK\\\/HR, zum Verein.\",\"breadcrumb\":{\"@id\":\"https:\\\/\\\/www.organisator.ch\\\/de\\\/allgemein\\\/2016-01-15\\\/beekeeper-neues-partnermitglied-bei-perikom\\\/#breadcrumb\"},\"inLanguage\":\"it-IT\",\"potentialAction\":[{\"@type\":\"ReadAction\",\"target\":[\"https:\\\/\\\/www.organisator.ch\\\/de\\\/allgemein\\\/2016-01-15\\\/beekeeper-neues-partnermitglied-bei-perikom\\\/\"]}]},{\"@type\":\"ImageObject\",\"inLanguage\":\"it-IT\",\"@id\":\"https:\\\/\\\/www.organisator.ch\\\/de\\\/allgemein\\\/2016-01-15\\\/beekeeper-neues-partnermitglied-bei-perikom\\\/#primaryimage\",\"url\":\"https:\\\/\\\/www.organisator.ch\\\/wp-content\\\/uploads\\\/2016\\\/12\\\/Beekeeper-neues-Partnermitglied-bei-Perikom-organisator.jpg\",\"contentUrl\":\"https:\\\/\\\/www.organisator.ch\\\/wp-content\\\/uploads\\\/2016\\\/12\\\/Beekeeper-neues-Partnermitglied-bei-Perikom-organisator.jpg\",\"width\":850,\"height\":567},{\"@type\":\"BreadcrumbList\",\"@id\":\"https:\\\/\\\/www.organisator.ch\\\/de\\\/allgemein\\\/2016-01-15\\\/beekeeper-neues-partnermitglied-bei-perikom\\\/#breadcrumb\",\"itemListElement\":[{\"@type\":\"ListItem\",\"position\":1,\"name\":\"Home\",\"item\":\"https:\\\/\\\/www.organisator.ch\\\/\"},{\"@type\":\"ListItem\",\"position\":2,\"name\":\"Beekeeper neues Partnermitglied bei Perikom\"}]},{\"@type\":\"WebSite\",\"@id\":\"https:\\\/\\\/www.organisator.ch\\\/#website\",\"url\":\"https:\\\/\\\/www.organisator.ch\\\/\",\"name\":\"Organisator\",\"description\":\"Kompetent. Praxisnah. Der ORGANISATOR bereitet in 10 Ausgaben pro Jahr die wesentlichen Themen f\u00fcr F\u00fchrungskr\u00e4fte von KMU auf.\",\"publisher\":{\"@id\":\"https:\\\/\\\/www.organisator.ch\\\/#organization\"},\"potentialAction\":[{\"@type\":\"SearchAction\",\"target\":{\"@type\":\"EntryPoint\",\"urlTemplate\":\"https:\\\/\\\/www.organisator.ch\\\/?s={search_term_string}\"},\"query-input\":{\"@type\":\"PropertyValueSpecification\",\"valueRequired\":true,\"valueName\":\"search_term_string\"}}],\"inLanguage\":\"it-IT\"},{\"@type\":\"Organization\",\"@id\":\"https:\\\/\\\/www.organisator.ch\\\/#organization\",\"name\":\"Organisator\",\"url\":\"https:\\\/\\\/www.organisator.ch\\\/\",\"logo\":{\"@type\":\"ImageObject\",\"inLanguage\":\"it-IT\",\"@id\":\"https:\\\/\\\/www.organisator.ch\\\/#\\\/schema\\\/logo\\\/image\\\/\",\"url\":\"https:\\\/\\\/www.organisator.ch\\\/wp-content\\\/uploads\\\/2022\\\/01\\\/Logo_Organisator_Website.png\",\"contentUrl\":\"https:\\\/\\\/www.organisator.ch\\\/wp-content\\\/uploads\\\/2022\\\/01\\\/Logo_Organisator_Website.png\",\"width\":800,\"height\":77,\"caption\":\"Organisator\"},\"image\":{\"@id\":\"https:\\\/\\\/www.organisator.ch\\\/#\\\/schema\\\/logo\\\/image\\\/\"},\"sameAs\":[\"https:\\\/\\\/www.facebook.com\\\/OrganisatorFachmagazin\",\"https:\\\/\\\/www.linkedin.com\\\/showcase\\\/organisator-das-magazin-fr-kmu\",\"https:\\\/\\\/www.xing.com\\\/news\\\/pages\\\/organisator-ch-695\",\"https:\\\/\\\/www.youtube.com\\\/channel\\\/UCGP2Sq0iWaZwT3BdIAQFYpw\"]},{\"@type\":\"Person\",\"@id\":\"https:\\\/\\\/www.organisator.ch\\\/#\\\/schema\\\/person\\\/aa2bace6c5c5aad60102004a50c4eb1c\",\"name\":\"admin\",\"image\":{\"@type\":\"ImageObject\",\"inLanguage\":\"it-IT\",\"@id\":\"https:\\\/\\\/secure.gravatar.com\\\/avatar\\\/ae2f4d718e6c49043e314ce431e7e645d646302a24a5ef5a8bc8e3f5a032e319?s=96&d=mm&r=g\",\"url\":\"https:\\\/\\\/secure.gravatar.com\\\/avatar\\\/ae2f4d718e6c49043e314ce431e7e645d646302a24a5ef5a8bc8e3f5a032e319?s=96&d=mm&r=g\",\"contentUrl\":\"https:\\\/\\\/secure.gravatar.com\\\/avatar\\\/ae2f4d718e6c49043e314ce431e7e645d646302a24a5ef5a8bc8e3f5a032e319?s=96&d=mm&r=g\",\"caption\":\"admin\"},\"sameAs\":[\"https:\\\/\\\/www.organisator.ch\"],\"url\":\"https:\\\/\\\/www.organisator.ch\\\/it\\\/author\\\/admin\\\/\"}]}<\/script>\n<!-- \/ Yoast SEO plugin. -->","yoast_head_json":{"title":"Apicoltore nuovo membro partner di Perikom - Organizzatore","description":"Perikom, l'associazione professionale, \u00e8 in crescita. Beekeeper, un'azienda svizzera del settore IC\/HR, ha aderito all'associazione gi\u00e0 all'inizio del 2016.","robots":{"index":"index","follow":"follow","max-snippet":"max-snippet:-1","max-image-preview":"max-image-preview:large","max-video-preview":"max-video-preview:-1"},"canonical":"https:\/\/www.organisator.ch\/it\/generale\/2016-01-15\/beekeeper-neues-partnermitglied-bei-perikom\/","og_locale":"it_IT","og_type":"article","og_title":"Beekeeper neues Partnermitglied bei Perikom","og_description":"Perikom, der Fachverein f\u00fcr Personalmanagement und Interne Kommunikation, w\u00e4chst. Besonders das \"Employee Engagement\" und die mobile Kommunikation stossen auf interessierte Partner. Bereits zum Jahresanfang 2016 gesellt sich Beekeeper, ein Schweizer Unternehmen im Bereich IK\/HR, zum innovativen Verein.","og_url":"https:\/\/www.organisator.ch\/it\/generale\/2016-01-15\/beekeeper-neues-partnermitglied-bei-perikom\/","og_site_name":"Organisator","article_publisher":"https:\/\/www.facebook.com\/OrganisatorFachmagazin","article_published_time":"2016-01-15T14:00:58+00:00","author":"admin","twitter_card":"summary_large_image","twitter_image":"https:\/\/www.organisator.ch\/wp-content\/uploads\/2016\/12\/Beekeeper-neues-Partnermitglied-bei-Perikom-organisator.jpg","schema":{"@context":"https:\/\/schema.org","@graph":[{"@type":"Article","@id":"https:\/\/www.organisator.ch\/de\/allgemein\/2016-01-15\/beekeeper-neues-partnermitglied-bei-perikom\/#article","isPartOf":{"@id":"https:\/\/www.organisator.ch\/de\/allgemein\/2016-01-15\/beekeeper-neues-partnermitglied-bei-perikom\/"},"author":{"name":"admin","@id":"https:\/\/www.organisator.ch\/#\/schema\/person\/aa2bace6c5c5aad60102004a50c4eb1c"},"headline":"Beekeeper neues Partnermitglied bei Perikom","datePublished":"2016-01-15T14:00:58+00:00","mainEntityOfPage":{"@id":"https:\/\/www.organisator.ch\/de\/allgemein\/2016-01-15\/beekeeper-neues-partnermitglied-bei-perikom\/"},"wordCount":219,"commentCount":0,"publisher":{"@id":"https:\/\/www.organisator.ch\/#organization"},"image":{"@id":"https:\/\/www.organisator.ch\/de\/allgemein\/2016-01-15\/beekeeper-neues-partnermitglied-bei-perikom\/#primaryimage"},"thumbnailUrl":"https:\/\/www.organisator.ch\/wp-content\/uploads\/2016\/12\/Beekeeper-neues-Partnermitglied-bei-Perikom-organisator.jpg","keywords":["Projektentwicklung"],"articleSection":["Allgemein"],"inLanguage":"it-IT"},{"@type":"WebPage","@id":"https:\/\/www.organisator.ch\/de\/allgemein\/2016-01-15\/beekeeper-neues-partnermitglied-bei-perikom\/","url":"https:\/\/www.organisator.ch\/de\/allgemein\/2016-01-15\/beekeeper-neues-partnermitglied-bei-perikom\/","name":"Apicoltore nuovo membro partner di Perikom - Organizzatore","isPartOf":{"@id":"https:\/\/www.organisator.ch\/#website"},"primaryImageOfPage":{"@id":"https:\/\/www.organisator.ch\/de\/allgemein\/2016-01-15\/beekeeper-neues-partnermitglied-bei-perikom\/#primaryimage"},"image":{"@id":"https:\/\/www.organisator.ch\/de\/allgemein\/2016-01-15\/beekeeper-neues-partnermitglied-bei-perikom\/#primaryimage"},"thumbnailUrl":"https:\/\/www.organisator.ch\/wp-content\/uploads\/2016\/12\/Beekeeper-neues-Partnermitglied-bei-Perikom-organisator.jpg","datePublished":"2016-01-15T14:00:58+00:00","description":"Perikom, l'associazione professionale, \u00e8 in crescita. Beekeeper, un'azienda svizzera del settore IC\/HR, ha aderito all'associazione gi\u00e0 all'inizio del 2016.","breadcrumb":{"@id":"https:\/\/www.organisator.ch\/de\/allgemein\/2016-01-15\/beekeeper-neues-partnermitglied-bei-perikom\/#breadcrumb"},"inLanguage":"it-IT","potentialAction":[{"@type":"ReadAction","target":["https:\/\/www.organisator.ch\/de\/allgemein\/2016-01-15\/beekeeper-neues-partnermitglied-bei-perikom\/"]}]},{"@type":"ImageObject","inLanguage":"it-IT","@id":"https:\/\/www.organisator.ch\/de\/allgemein\/2016-01-15\/beekeeper-neues-partnermitglied-bei-perikom\/#primaryimage","url":"https:\/\/www.organisator.ch\/wp-content\/uploads\/2016\/12\/Beekeeper-neues-Partnermitglied-bei-Perikom-organisator.jpg","contentUrl":"https:\/\/www.organisator.ch\/wp-content\/uploads\/2016\/12\/Beekeeper-neues-Partnermitglied-bei-Perikom-organisator.jpg","width":850,"height":567},{"@type":"BreadcrumbList","@id":"https:\/\/www.organisator.ch\/de\/allgemein\/2016-01-15\/beekeeper-neues-partnermitglied-bei-perikom\/#breadcrumb","itemListElement":[{"@type":"ListItem","position":1,"name":"Home","item":"https:\/\/www.organisator.ch\/"},{"@type":"ListItem","position":2,"name":"Beekeeper neues Partnermitglied bei Perikom"}]},{"@type":"WebSite","@id":"https:\/\/www.organisator.ch\/#website","url":"https:\/\/www.organisator.ch\/","name":"Organizzatore","description":"Competente. Pratico. In 10 numeri all'anno, ORGANISATOR presenta i temi essenziali per i manager delle PMI.","publisher":{"@id":"https:\/\/www.organisator.ch\/#organization"},"potentialAction":[{"@type":"SearchAction","target":{"@type":"EntryPoint","urlTemplate":"https:\/\/www.organisator.ch\/?s={search_term_string}"},"query-input":{"@type":"PropertyValueSpecification","valueRequired":true,"valueName":"search_term_string"}}],"inLanguage":"it-IT"},{"@type":"Organization","@id":"https:\/\/www.organisator.ch\/#organization","name":"Organizzatore","url":"https:\/\/www.organisator.ch\/","logo":{"@type":"ImageObject","inLanguage":"it-IT","@id":"https:\/\/www.organisator.ch\/#\/schema\/logo\/image\/","url":"https:\/\/www.organisator.ch\/wp-content\/uploads\/2022\/01\/Logo_Organisator_Website.png","contentUrl":"https:\/\/www.organisator.ch\/wp-content\/uploads\/2022\/01\/Logo_Organisator_Website.png","width":800,"height":77,"caption":"Organisator"},"image":{"@id":"https:\/\/www.organisator.ch\/#\/schema\/logo\/image\/"},"sameAs":["https:\/\/www.facebook.com\/OrganisatorFachmagazin","https:\/\/www.linkedin.com\/showcase\/organisator-das-magazin-fr-kmu","https:\/\/www.xing.com\/news\/pages\/organisator-ch-695","https:\/\/www.youtube.com\/channel\/UCGP2Sq0iWaZwT3BdIAQFYpw"]},{"@type":"Person","@id":"https:\/\/www.organisator.ch\/#\/schema\/person\/aa2bace6c5c5aad60102004a50c4eb1c","name":"amministratore","image":{"@type":"ImageObject","inLanguage":"it-IT","@id":"https:\/\/secure.gravatar.com\/avatar\/ae2f4d718e6c49043e314ce431e7e645d646302a24a5ef5a8bc8e3f5a032e319?s=96&d=mm&r=g","url":"https:\/\/secure.gravatar.com\/avatar\/ae2f4d718e6c49043e314ce431e7e645d646302a24a5ef5a8bc8e3f5a032e319?s=96&d=mm&r=g","contentUrl":"https:\/\/secure.gravatar.com\/avatar\/ae2f4d718e6c49043e314ce431e7e645d646302a24a5ef5a8bc8e3f5a032e319?s=96&d=mm&r=g","caption":"admin"},"sameAs":["https:\/\/www.organisator.ch"],"url":"https:\/\/www.organisator.ch\/it\/author\/admin\/"}]}},"_links":{"self":[{"href":"https:\/\/www.organisator.ch\/it\/wp-json\/wp\/v2\/posts\/77","targetHints":{"allow":["GET"]}}],"collection":[{"href":"https:\/\/www.organisator.ch\/it\/wp-json\/wp\/v2\/posts"}],"about":[{"href":"https:\/\/www.organisator.ch\/it\/wp-json\/wp\/v2\/types\/post"}],"author":[{"embeddable":true,"href":"https:\/\/www.organisator.ch\/it\/wp-json\/wp\/v2\/users\/1"}],"replies":[{"embeddable":true,"href":"https:\/\/www.organisator.ch\/it\/wp-json\/wp\/v2\/comments?post=77"}],"version-history":[{"count":0,"href":"https:\/\/www.organisator.ch\/it\/wp-json\/wp\/v2\/posts\/77\/revisions"}],"wp:featuredmedia":[{"embeddable":true,"href":"https:\/\/www.organisator.ch\/it\/wp-json\/wp\/v2\/media\/78"}],"wp:attachment":[{"href":"https:\/\/www.organisator.ch\/it\/wp-json\/wp\/v2\/media?parent=77"}],"wp:term":[{"taxonomy":"category","embeddable":true,"href":"https:\/\/www.organisator.ch\/it\/wp-json\/wp\/v2\/categories?post=77"},{"taxonomy":"post_tag","embeddable":true,"href":"https:\/\/www.organisator.ch\/it\/wp-json\/wp\/v2\/tags?post=77"}],"curies":[{"name":"wp","href":"https:\/\/api.w.org\/{rel}","templated":true}]}}