{"id":7737,"date":"2021-03-02T08:20:44","date_gmt":"2021-03-02T07:20:44","guid":{"rendered":"https:\/\/www.organisator.ch\/?p=7737"},"modified":"2021-03-02T08:20:44","modified_gmt":"2021-03-02T07:20:44","slug":"valiant-und-die-vaudoise-arbeiten-in-sachen-hypotheken-zusammen","status":"publish","type":"post","link":"https:\/\/www.organisator.ch\/it\/management\/finanzen_recht\/2021-03-02\/valiant-und-die-vaudoise-arbeiten-in-sachen-hypotheken-zusammen\/","title":{"rendered":"Valiant e Vaudoise lavorano insieme sui mutui"},"content":{"rendered":"<p><img loading=\"lazy\" decoding=\"async\" class=\"alignnone size-medium wp-image-7738\" src=\"https:\/\/www.organisator.ch\/wp-content\/uploads\/2021\/03\/Valiant-und-die-Vaudoise-arbeiten-in-Sachen-Hypotheken-zusammen_Organisator.jpg\" alt=\"\" width=\"680\" height=\"272\" srcset=\"https:\/\/www.organisator.ch\/wp-content\/uploads\/2021\/03\/Valiant-und-die-Vaudoise-arbeiten-in-Sachen-Hypotheken-zusammen_Organisator.jpg 680w, https:\/\/www.organisator.ch\/wp-content\/uploads\/2021\/03\/Valiant-und-die-Vaudoise-arbeiten-in-Sachen-Hypotheken-zusammen_Organisator-16x6.jpg 16w, https:\/\/www.organisator.ch\/wp-content\/uploads\/2021\/03\/Valiant-und-die-Vaudoise-arbeiten-in-Sachen-Hypotheken-zusammen_Organisator-375x150.jpg 375w, https:\/\/www.organisator.ch\/wp-content\/uploads\/2021\/03\/Valiant-und-die-Vaudoise-arbeiten-in-Sachen-Hypotheken-zusammen_Organisator-300x120.jpg 300w\" sizes=\"auto, (max-width: 680px) 100vw, 680px\" \/><\/p>\n<p>La banca Valiant e la compagnia assicurativa Vaudoise hanno lanciato una cooperazione nel settore dei mutui il 2 marzo 2021. L'assicuratore Vaudoise continuer\u00e0 a consigliare i suoi clienti su tutte le questioni relative al finanziamento di immobili residenziali e vorrebbe soddisfare ancora meglio le aspettative dei suoi clienti nel settore ipotecario, secondo un comunicato stampa corrispondente. In futuro, la compagnia di assicurazione riferir\u00e0 i finanziamenti pi\u00f9 complessi direttamente al fornitore di servizi finanziari Valiant e ai suoi specialisti. Secondo le due aziende, questo \u00e8 destinato a creare una migliore esperienza del cliente. Dovrebbe funzionare bene anche culturalmente: A causa delle loro dimensioni, della cultura aziendale e anche geograficamente, i due fornitori di servizi si completano bene a vicenda, continua la dichiarazione. Viene promesso un solido partenariato al servizio della soddisfazione del cliente.<\/p>\n<h2>Valiant e Vaudoise: offerta complementare<\/h2>\n<p>La Vaudoise - che \u00e8 uno dei dieci maggiori assicuratori privati in Svizzera ed \u00e8 stata fondata nel 1895 - sta completando la propria offerta ipotecaria esistente con questa collaborazione. Le PMI e i clienti privati hanno ora una scelta pi\u00f9 ampia per il finanziamento ipotecario delle loro aziende e dei loro progetti. \"La collaborazione con Valiant ci d\u00e0 l'opportunit\u00e0 di offrire ai nostri clienti soluzioni ipotecarie complete\", afferma Jean-Daniel Laffely, CEO della Vaudoise Insurance e responsabile di oltre 1650 dipendenti, tra cui 100 apprendisti e persone in formazione. La compagnia di assicurazione ha radici cooperative e passa parte del profitto ai suoi clienti sotto forma di rimborso dei premi. Nel 2020, questo ammontava a 34 milioni di franchi svizzeri.<\/p>\n<h2>La cooperazione promette un maggior volume d'affari<\/h2>\n<p>D'altra parte, Valiant guadagna una nuova partnership e pu\u00f2 aumentare il suo volume d'affari grazie alle capacit\u00e0 di distribuzione ben sviluppate della Vaudoise. \"Non vedo l'ora di collaborare con la Vaudoise, che si adatta molto bene a Valiant\", dice Ewald Burgener, CEO di Valiant. \"Il fatto che la Vaudoise e la Valiant stiano sfruttando le sinergie ci apre ulteriori possibilit\u00e0 di sviluppo\".<\/p>\n<p>Il fornitore indipendente di servizi finanziari Valiant serve clienti esclusivamente in Svizzera ed \u00e8 ancorato localmente in 97 sedi in 13 cantoni. Il totale di bilancio ammonta a 33,2 miliardi di franchi. La banca impiega pi\u00f9 di 1.000 persone, compresi 80 apprendisti.<\/p>\n<p><em>Fonte e ulteriori informazioni: <a href=\"http:\/\/www.valiant.ch\">Valiant<\/a> \/ <a href=\"http:\/\/www.vaudoise.ch\">Vaudoise<\/a><\/em><\/p>","protected":false},"excerpt":{"rendered":"<p>Die Bank Valiant und die Versicherung Vaudoise haben am 2. M\u00e4rz 2021 eine Zusammenarbeit im Hypothekarbereich lanciert. Der Versicherer Vaudoise ber\u00e4t ihre Kundinnen und Kunden weiterhin in Fragen rund um die Finanzierung von Wohnobjekten und m\u00f6chte die Erwartungen ihrer Kunden im Hypothekarbereich noch besser erf\u00fcllen, wie es in einer entsprechenden Medienmitteilung heisst. Komplexere Finanzierungen vermittelt [&hellip;]<\/p>\n","protected":false},"author":4,"featured_media":7738,"comment_status":"closed","ping_status":"closed","sticky":false,"template":"","format":"standard","meta":{"_acf_changed":false,"_yoast_wpseo_focuskw":"Valiant und die Vaudoise","_yoast_wpseo_metadesc":"Wie Valiant und die Vaudoise gemeinsam mitteilen, wollen die beiden Unternehmen insk\u00fcnftig im Hypothekengesch\u00e4ft zusammenarbeiten.","articlekey":"","footnotes":""},"categories":[24],"tags":[203,492,508],"class_list":["post-7737","post","type-post","status-publish","format-standard","has-post-thumbnail","hentry","category-finanzen_recht","tag-finanzierung","tag-unternehmen","tag-vermischtes"],"acf":[],"yoast_head":"<!-- This site is optimized with the Yoast SEO plugin v27.4 - https:\/\/yoast.com\/product\/yoast-seo-wordpress\/ -->\n<title>Valiant und die Vaudoise arbeiten in Sachen Hypotheken zusammen - Organisator<\/title>\n<meta name=\"description\" content=\"Wie Valiant und die Vaudoise gemeinsam mitteilen, wollen die beiden Unternehmen insk\u00fcnftig im Hypothekengesch\u00e4ft zusammenarbeiten.\" \/>\n<meta name=\"robots\" content=\"index, follow, max-snippet:-1, max-image-preview:large, max-video-preview:-1\" \/>\n<link rel=\"canonical\" href=\"https:\/\/www.organisator.ch\/it\/gestione-2\/finanzen_recht\/2021-03-02\/valiant-und-die-vaudoise-arbeiten-in-sachen-hypotheken-zusammen\/\" \/>\n<meta property=\"og:locale\" content=\"it_IT\" \/>\n<meta property=\"og:type\" content=\"article\" \/>\n<meta property=\"og:title\" content=\"Valiant und die Vaudoise arbeiten in Sachen Hypotheken zusammen\" \/>\n<meta property=\"og:description\" content=\"Wie Valiant und die Vaudoise gemeinsam mitteilen, wollen die beiden Unternehmen insk\u00fcnftig im Hypothekengesch\u00e4ft zusammenarbeiten.\" \/>\n<meta property=\"og:url\" content=\"https:\/\/www.organisator.ch\/it\/gestione-2\/finanzen_recht\/2021-03-02\/valiant-und-die-vaudoise-arbeiten-in-sachen-hypotheken-zusammen\/\" \/>\n<meta property=\"og:site_name\" content=\"Organisator\" \/>\n<meta property=\"article:publisher\" content=\"https:\/\/www.facebook.com\/OrganisatorFachmagazin\" \/>\n<meta property=\"article:published_time\" content=\"2021-03-02T07:20:44+00:00\" \/>\n<meta property=\"og:image\" content=\"https:\/\/www.organisator.ch\/wp-content\/uploads\/2021\/03\/Valiant-und-die-Vaudoise-arbeiten-in-Sachen-Hypotheken-zusammen_Organisator.jpg\" \/>\n\t<meta property=\"og:image:width\" content=\"680\" \/>\n\t<meta property=\"og:image:height\" content=\"272\" \/>\n\t<meta property=\"og:image:type\" content=\"image\/jpeg\" \/>\n<meta name=\"author\" content=\"thomas.berner\" \/>\n<meta name=\"twitter:card\" content=\"summary_large_image\" \/>\n<meta name=\"twitter:title\" content=\"#Valiant und die #Vaudoise arbeiten in Sachen #Hypotheken zusammen\" \/>\n<meta name=\"twitter:description\" content=\"Wie #Valiant und die #Vaudoise gemeinsam mitteilen, wollen die beiden Unternehmen insk\u00fcnftig im #Hypothekengesch\u00e4ft zusammenarbeiten.\" \/>\n<meta name=\"twitter:image\" content=\"https:\/\/www.organisator.ch\/wp-content\/uploads\/2021\/03\/Valiant-und-die-Vaudoise-arbeiten-in-Sachen-Hypotheken-zusammen_Organisator.jpg\" \/>\n<script type=\"application\/ld+json\" class=\"yoast-schema-graph\">{\"@context\":\"https:\\\/\\\/schema.org\",\"@graph\":[{\"@type\":\"Article\",\"@id\":\"https:\\\/\\\/www.organisator.ch\\\/management\\\/finanzen_recht\\\/2021-03-02\\\/valiant-und-die-vaudoise-arbeiten-in-sachen-hypotheken-zusammen\\\/#article\",\"isPartOf\":{\"@id\":\"https:\\\/\\\/www.organisator.ch\\\/management\\\/finanzen_recht\\\/2021-03-02\\\/valiant-und-die-vaudoise-arbeiten-in-sachen-hypotheken-zusammen\\\/\"},\"author\":{\"name\":\"thomas.berner\",\"@id\":\"https:\\\/\\\/www.organisator.ch\\\/#\\\/schema\\\/person\\\/6f650f90b2842cd4c0cc334b4e36f67e\"},\"headline\":\"Valiant und die Vaudoise arbeiten in Sachen Hypotheken zusammen\",\"datePublished\":\"2021-03-02T07:20:44+00:00\",\"mainEntityOfPage\":{\"@id\":\"https:\\\/\\\/www.organisator.ch\\\/management\\\/finanzen_recht\\\/2021-03-02\\\/valiant-und-die-vaudoise-arbeiten-in-sachen-hypotheken-zusammen\\\/\"},\"wordCount\":349,\"publisher\":{\"@id\":\"https:\\\/\\\/www.organisator.ch\\\/#organization\"},\"image\":{\"@id\":\"https:\\\/\\\/www.organisator.ch\\\/management\\\/finanzen_recht\\\/2021-03-02\\\/valiant-und-die-vaudoise-arbeiten-in-sachen-hypotheken-zusammen\\\/#primaryimage\"},\"thumbnailUrl\":\"https:\\\/\\\/www.organisator.ch\\\/wp-content\\\/uploads\\\/2021\\\/03\\\/Valiant-und-die-Vaudoise-arbeiten-in-Sachen-Hypotheken-zusammen_Organisator.jpg\",\"keywords\":[\"Finanzierung\",\"Unternehmen\",\"Vermischtes\"],\"articleSection\":[\"FINANZEN\\\/RECHT\"],\"inLanguage\":\"it-IT\"},{\"@type\":\"WebPage\",\"@id\":\"https:\\\/\\\/www.organisator.ch\\\/management\\\/finanzen_recht\\\/2021-03-02\\\/valiant-und-die-vaudoise-arbeiten-in-sachen-hypotheken-zusammen\\\/\",\"url\":\"https:\\\/\\\/www.organisator.ch\\\/management\\\/finanzen_recht\\\/2021-03-02\\\/valiant-und-die-vaudoise-arbeiten-in-sachen-hypotheken-zusammen\\\/\",\"name\":\"Valiant und die Vaudoise arbeiten in Sachen Hypotheken zusammen - Organisator\",\"isPartOf\":{\"@id\":\"https:\\\/\\\/www.organisator.ch\\\/#website\"},\"primaryImageOfPage\":{\"@id\":\"https:\\\/\\\/www.organisator.ch\\\/management\\\/finanzen_recht\\\/2021-03-02\\\/valiant-und-die-vaudoise-arbeiten-in-sachen-hypotheken-zusammen\\\/#primaryimage\"},\"image\":{\"@id\":\"https:\\\/\\\/www.organisator.ch\\\/management\\\/finanzen_recht\\\/2021-03-02\\\/valiant-und-die-vaudoise-arbeiten-in-sachen-hypotheken-zusammen\\\/#primaryimage\"},\"thumbnailUrl\":\"https:\\\/\\\/www.organisator.ch\\\/wp-content\\\/uploads\\\/2021\\\/03\\\/Valiant-und-die-Vaudoise-arbeiten-in-Sachen-Hypotheken-zusammen_Organisator.jpg\",\"datePublished\":\"2021-03-02T07:20:44+00:00\",\"description\":\"Wie Valiant und die Vaudoise gemeinsam mitteilen, wollen die beiden Unternehmen insk\u00fcnftig im Hypothekengesch\u00e4ft zusammenarbeiten.\",\"breadcrumb\":{\"@id\":\"https:\\\/\\\/www.organisator.ch\\\/management\\\/finanzen_recht\\\/2021-03-02\\\/valiant-und-die-vaudoise-arbeiten-in-sachen-hypotheken-zusammen\\\/#breadcrumb\"},\"inLanguage\":\"it-IT\",\"potentialAction\":[{\"@type\":\"ReadAction\",\"target\":[\"https:\\\/\\\/www.organisator.ch\\\/management\\\/finanzen_recht\\\/2021-03-02\\\/valiant-und-die-vaudoise-arbeiten-in-sachen-hypotheken-zusammen\\\/\"]}]},{\"@type\":\"ImageObject\",\"inLanguage\":\"it-IT\",\"@id\":\"https:\\\/\\\/www.organisator.ch\\\/management\\\/finanzen_recht\\\/2021-03-02\\\/valiant-und-die-vaudoise-arbeiten-in-sachen-hypotheken-zusammen\\\/#primaryimage\",\"url\":\"https:\\\/\\\/www.organisator.ch\\\/wp-content\\\/uploads\\\/2021\\\/03\\\/Valiant-und-die-Vaudoise-arbeiten-in-Sachen-Hypotheken-zusammen_Organisator.jpg\",\"contentUrl\":\"https:\\\/\\\/www.organisator.ch\\\/wp-content\\\/uploads\\\/2021\\\/03\\\/Valiant-und-die-Vaudoise-arbeiten-in-Sachen-Hypotheken-zusammen_Organisator.jpg\",\"width\":680,\"height\":272},{\"@type\":\"BreadcrumbList\",\"@id\":\"https:\\\/\\\/www.organisator.ch\\\/management\\\/finanzen_recht\\\/2021-03-02\\\/valiant-und-die-vaudoise-arbeiten-in-sachen-hypotheken-zusammen\\\/#breadcrumb\",\"itemListElement\":[{\"@type\":\"ListItem\",\"position\":1,\"name\":\"Home\",\"item\":\"https:\\\/\\\/www.organisator.ch\\\/\"},{\"@type\":\"ListItem\",\"position\":2,\"name\":\"Valiant und die Vaudoise arbeiten in Sachen Hypotheken zusammen\"}]},{\"@type\":\"WebSite\",\"@id\":\"https:\\\/\\\/www.organisator.ch\\\/#website\",\"url\":\"https:\\\/\\\/www.organisator.ch\\\/\",\"name\":\"Organisator\",\"description\":\"Kompetent. Praxisnah. Der ORGANISATOR bereitet in 10 Ausgaben pro Jahr die wesentlichen Themen f\u00fcr F\u00fchrungskr\u00e4fte von KMU auf.\",\"publisher\":{\"@id\":\"https:\\\/\\\/www.organisator.ch\\\/#organization\"},\"potentialAction\":[{\"@type\":\"SearchAction\",\"target\":{\"@type\":\"EntryPoint\",\"urlTemplate\":\"https:\\\/\\\/www.organisator.ch\\\/?s={search_term_string}\"},\"query-input\":{\"@type\":\"PropertyValueSpecification\",\"valueRequired\":true,\"valueName\":\"search_term_string\"}}],\"inLanguage\":\"it-IT\"},{\"@type\":\"Organization\",\"@id\":\"https:\\\/\\\/www.organisator.ch\\\/#organization\",\"name\":\"Organisator\",\"url\":\"https:\\\/\\\/www.organisator.ch\\\/\",\"logo\":{\"@type\":\"ImageObject\",\"inLanguage\":\"it-IT\",\"@id\":\"https:\\\/\\\/www.organisator.ch\\\/#\\\/schema\\\/logo\\\/image\\\/\",\"url\":\"https:\\\/\\\/www.organisator.ch\\\/wp-content\\\/uploads\\\/2022\\\/01\\\/Logo_Organisator_Website.png\",\"contentUrl\":\"https:\\\/\\\/www.organisator.ch\\\/wp-content\\\/uploads\\\/2022\\\/01\\\/Logo_Organisator_Website.png\",\"width\":800,\"height\":77,\"caption\":\"Organisator\"},\"image\":{\"@id\":\"https:\\\/\\\/www.organisator.ch\\\/#\\\/schema\\\/logo\\\/image\\\/\"},\"sameAs\":[\"https:\\\/\\\/www.facebook.com\\\/OrganisatorFachmagazin\",\"https:\\\/\\\/www.linkedin.com\\\/showcase\\\/organisator-das-magazin-fr-kmu\",\"https:\\\/\\\/www.xing.com\\\/news\\\/pages\\\/organisator-ch-695\",\"https:\\\/\\\/www.youtube.com\\\/channel\\\/UCGP2Sq0iWaZwT3BdIAQFYpw\"]},{\"@type\":\"Person\",\"@id\":\"https:\\\/\\\/www.organisator.ch\\\/#\\\/schema\\\/person\\\/6f650f90b2842cd4c0cc334b4e36f67e\",\"name\":\"thomas.berner\",\"image\":{\"@type\":\"ImageObject\",\"inLanguage\":\"it-IT\",\"@id\":\"https:\\\/\\\/secure.gravatar.com\\\/avatar\\\/ac5001d2a36cb6c6cd3e50789007ffca834b477b74a2144564522e944eabff61?s=96&d=mm&r=g\",\"url\":\"https:\\\/\\\/secure.gravatar.com\\\/avatar\\\/ac5001d2a36cb6c6cd3e50789007ffca834b477b74a2144564522e944eabff61?s=96&d=mm&r=g\",\"contentUrl\":\"https:\\\/\\\/secure.gravatar.com\\\/avatar\\\/ac5001d2a36cb6c6cd3e50789007ffca834b477b74a2144564522e944eabff61?s=96&d=mm&r=g\",\"caption\":\"thomas.berner\"},\"url\":\"https:\\\/\\\/www.organisator.ch\\\/it\\\/author\\\/thomas-berner\\\/\"}]}<\/script>\n<!-- \/ Yoast SEO plugin. -->","yoast_head_json":{"title":"Valiant e Vaudoise collaborano sui mutui - Organizzatore","description":"Come annunciato congiuntamente da Valiant e Vaudoise, le due societ\u00e0 intendono collaborare in futuro nel settore dei mutui.","robots":{"index":"index","follow":"follow","max-snippet":"max-snippet:-1","max-image-preview":"max-image-preview:large","max-video-preview":"max-video-preview:-1"},"canonical":"https:\/\/www.organisator.ch\/it\/gestione-2\/finanzen_recht\/2021-03-02\/valiant-und-die-vaudoise-arbeiten-in-sachen-hypotheken-zusammen\/","og_locale":"it_IT","og_type":"article","og_title":"Valiant und die Vaudoise arbeiten in Sachen Hypotheken zusammen","og_description":"Wie Valiant und die Vaudoise gemeinsam mitteilen, wollen die beiden Unternehmen insk\u00fcnftig im Hypothekengesch\u00e4ft zusammenarbeiten.","og_url":"https:\/\/www.organisator.ch\/it\/gestione-2\/finanzen_recht\/2021-03-02\/valiant-und-die-vaudoise-arbeiten-in-sachen-hypotheken-zusammen\/","og_site_name":"Organisator","article_publisher":"https:\/\/www.facebook.com\/OrganisatorFachmagazin","article_published_time":"2021-03-02T07:20:44+00:00","og_image":[{"width":680,"height":272,"url":"https:\/\/www.organisator.ch\/wp-content\/uploads\/2021\/03\/Valiant-und-die-Vaudoise-arbeiten-in-Sachen-Hypotheken-zusammen_Organisator.jpg","type":"image\/jpeg"}],"author":"thomas.berner","twitter_card":"summary_large_image","twitter_title":"#Valiant und die #Vaudoise arbeiten in Sachen #Hypotheken zusammen","twitter_description":"Wie #Valiant und die #Vaudoise gemeinsam mitteilen, wollen die beiden Unternehmen insk\u00fcnftig im #Hypothekengesch\u00e4ft zusammenarbeiten.","twitter_image":"https:\/\/www.organisator.ch\/wp-content\/uploads\/2021\/03\/Valiant-und-die-Vaudoise-arbeiten-in-Sachen-Hypotheken-zusammen_Organisator.jpg","schema":{"@context":"https:\/\/schema.org","@graph":[{"@type":"Article","@id":"https:\/\/www.organisator.ch\/management\/finanzen_recht\/2021-03-02\/valiant-und-die-vaudoise-arbeiten-in-sachen-hypotheken-zusammen\/#article","isPartOf":{"@id":"https:\/\/www.organisator.ch\/management\/finanzen_recht\/2021-03-02\/valiant-und-die-vaudoise-arbeiten-in-sachen-hypotheken-zusammen\/"},"author":{"name":"thomas.berner","@id":"https:\/\/www.organisator.ch\/#\/schema\/person\/6f650f90b2842cd4c0cc334b4e36f67e"},"headline":"Valiant und die Vaudoise arbeiten in Sachen Hypotheken zusammen","datePublished":"2021-03-02T07:20:44+00:00","mainEntityOfPage":{"@id":"https:\/\/www.organisator.ch\/management\/finanzen_recht\/2021-03-02\/valiant-und-die-vaudoise-arbeiten-in-sachen-hypotheken-zusammen\/"},"wordCount":349,"publisher":{"@id":"https:\/\/www.organisator.ch\/#organization"},"image":{"@id":"https:\/\/www.organisator.ch\/management\/finanzen_recht\/2021-03-02\/valiant-und-die-vaudoise-arbeiten-in-sachen-hypotheken-zusammen\/#primaryimage"},"thumbnailUrl":"https:\/\/www.organisator.ch\/wp-content\/uploads\/2021\/03\/Valiant-und-die-Vaudoise-arbeiten-in-Sachen-Hypotheken-zusammen_Organisator.jpg","keywords":["Finanzierung","Unternehmen","Vermischtes"],"articleSection":["FINANZEN\/RECHT"],"inLanguage":"it-IT"},{"@type":"WebPage","@id":"https:\/\/www.organisator.ch\/management\/finanzen_recht\/2021-03-02\/valiant-und-die-vaudoise-arbeiten-in-sachen-hypotheken-zusammen\/","url":"https:\/\/www.organisator.ch\/management\/finanzen_recht\/2021-03-02\/valiant-und-die-vaudoise-arbeiten-in-sachen-hypotheken-zusammen\/","name":"Valiant e Vaudoise collaborano sui mutui - Organizzatore","isPartOf":{"@id":"https:\/\/www.organisator.ch\/#website"},"primaryImageOfPage":{"@id":"https:\/\/www.organisator.ch\/management\/finanzen_recht\/2021-03-02\/valiant-und-die-vaudoise-arbeiten-in-sachen-hypotheken-zusammen\/#primaryimage"},"image":{"@id":"https:\/\/www.organisator.ch\/management\/finanzen_recht\/2021-03-02\/valiant-und-die-vaudoise-arbeiten-in-sachen-hypotheken-zusammen\/#primaryimage"},"thumbnailUrl":"https:\/\/www.organisator.ch\/wp-content\/uploads\/2021\/03\/Valiant-und-die-Vaudoise-arbeiten-in-Sachen-Hypotheken-zusammen_Organisator.jpg","datePublished":"2021-03-02T07:20:44+00:00","description":"Come annunciato congiuntamente da Valiant e Vaudoise, le due societ\u00e0 intendono collaborare in futuro nel settore dei mutui.","breadcrumb":{"@id":"https:\/\/www.organisator.ch\/management\/finanzen_recht\/2021-03-02\/valiant-und-die-vaudoise-arbeiten-in-sachen-hypotheken-zusammen\/#breadcrumb"},"inLanguage":"it-IT","potentialAction":[{"@type":"ReadAction","target":["https:\/\/www.organisator.ch\/management\/finanzen_recht\/2021-03-02\/valiant-und-die-vaudoise-arbeiten-in-sachen-hypotheken-zusammen\/"]}]},{"@type":"ImageObject","inLanguage":"it-IT","@id":"https:\/\/www.organisator.ch\/management\/finanzen_recht\/2021-03-02\/valiant-und-die-vaudoise-arbeiten-in-sachen-hypotheken-zusammen\/#primaryimage","url":"https:\/\/www.organisator.ch\/wp-content\/uploads\/2021\/03\/Valiant-und-die-Vaudoise-arbeiten-in-Sachen-Hypotheken-zusammen_Organisator.jpg","contentUrl":"https:\/\/www.organisator.ch\/wp-content\/uploads\/2021\/03\/Valiant-und-die-Vaudoise-arbeiten-in-Sachen-Hypotheken-zusammen_Organisator.jpg","width":680,"height":272},{"@type":"BreadcrumbList","@id":"https:\/\/www.organisator.ch\/management\/finanzen_recht\/2021-03-02\/valiant-und-die-vaudoise-arbeiten-in-sachen-hypotheken-zusammen\/#breadcrumb","itemListElement":[{"@type":"ListItem","position":1,"name":"Home","item":"https:\/\/www.organisator.ch\/"},{"@type":"ListItem","position":2,"name":"Valiant und die Vaudoise arbeiten in Sachen Hypotheken zusammen"}]},{"@type":"WebSite","@id":"https:\/\/www.organisator.ch\/#website","url":"https:\/\/www.organisator.ch\/","name":"Organizzatore","description":"Competente. Pratico. In 10 numeri all'anno, ORGANISATOR presenta i temi essenziali per i manager delle PMI.","publisher":{"@id":"https:\/\/www.organisator.ch\/#organization"},"potentialAction":[{"@type":"SearchAction","target":{"@type":"EntryPoint","urlTemplate":"https:\/\/www.organisator.ch\/?s={search_term_string}"},"query-input":{"@type":"PropertyValueSpecification","valueRequired":true,"valueName":"search_term_string"}}],"inLanguage":"it-IT"},{"@type":"Organization","@id":"https:\/\/www.organisator.ch\/#organization","name":"Organizzatore","url":"https:\/\/www.organisator.ch\/","logo":{"@type":"ImageObject","inLanguage":"it-IT","@id":"https:\/\/www.organisator.ch\/#\/schema\/logo\/image\/","url":"https:\/\/www.organisator.ch\/wp-content\/uploads\/2022\/01\/Logo_Organisator_Website.png","contentUrl":"https:\/\/www.organisator.ch\/wp-content\/uploads\/2022\/01\/Logo_Organisator_Website.png","width":800,"height":77,"caption":"Organisator"},"image":{"@id":"https:\/\/www.organisator.ch\/#\/schema\/logo\/image\/"},"sameAs":["https:\/\/www.facebook.com\/OrganisatorFachmagazin","https:\/\/www.linkedin.com\/showcase\/organisator-das-magazin-fr-kmu","https:\/\/www.xing.com\/news\/pages\/organisator-ch-695","https:\/\/www.youtube.com\/channel\/UCGP2Sq0iWaZwT3BdIAQFYpw"]},{"@type":"Person","@id":"https:\/\/www.organisator.ch\/#\/schema\/person\/6f650f90b2842cd4c0cc334b4e36f67e","name":"Tommaso.berner","image":{"@type":"ImageObject","inLanguage":"it-IT","@id":"https:\/\/secure.gravatar.com\/avatar\/ac5001d2a36cb6c6cd3e50789007ffca834b477b74a2144564522e944eabff61?s=96&d=mm&r=g","url":"https:\/\/secure.gravatar.com\/avatar\/ac5001d2a36cb6c6cd3e50789007ffca834b477b74a2144564522e944eabff61?s=96&d=mm&r=g","contentUrl":"https:\/\/secure.gravatar.com\/avatar\/ac5001d2a36cb6c6cd3e50789007ffca834b477b74a2144564522e944eabff61?s=96&d=mm&r=g","caption":"thomas.berner"},"url":"https:\/\/www.organisator.ch\/it\/author\/thomas-berner\/"}]}},"_links":{"self":[{"href":"https:\/\/www.organisator.ch\/it\/wp-json\/wp\/v2\/posts\/7737","targetHints":{"allow":["GET"]}}],"collection":[{"href":"https:\/\/www.organisator.ch\/it\/wp-json\/wp\/v2\/posts"}],"about":[{"href":"https:\/\/www.organisator.ch\/it\/wp-json\/wp\/v2\/types\/post"}],"author":[{"embeddable":true,"href":"https:\/\/www.organisator.ch\/it\/wp-json\/wp\/v2\/users\/4"}],"replies":[{"embeddable":true,"href":"https:\/\/www.organisator.ch\/it\/wp-json\/wp\/v2\/comments?post=7737"}],"version-history":[{"count":0,"href":"https:\/\/www.organisator.ch\/it\/wp-json\/wp\/v2\/posts\/7737\/revisions"}],"wp:featuredmedia":[{"embeddable":true,"href":"https:\/\/www.organisator.ch\/it\/wp-json\/wp\/v2\/media\/7738"}],"wp:attachment":[{"href":"https:\/\/www.organisator.ch\/it\/wp-json\/wp\/v2\/media?parent=7737"}],"wp:term":[{"taxonomy":"category","embeddable":true,"href":"https:\/\/www.organisator.ch\/it\/wp-json\/wp\/v2\/categories?post=7737"},{"taxonomy":"post_tag","embeddable":true,"href":"https:\/\/www.organisator.ch\/it\/wp-json\/wp\/v2\/tags?post=7737"}],"curies":[{"name":"wp","href":"https:\/\/api.w.org\/{rel}","templated":true}]}}