{"id":7791,"date":"2021-03-11T11:16:06","date_gmt":"2021-03-11T10:16:06","guid":{"rendered":"https:\/\/www.organisator.ch\/?p=7791"},"modified":"2021-03-11T11:16:06","modified_gmt":"2021-03-11T10:16:06","slug":"franken-abwertung-ende-des-sicheren-hafens","status":"publish","type":"post","link":"https:\/\/www.organisator.ch\/it\/management\/finanzen_recht\/2021-03-11\/franken-abwertung-ende-des-sicheren-hafens\/","title":{"rendered":"Svalutazione del franco: fine del \"porto sicuro\"?"},"content":{"rendered":"<figure id=\"attachment_7792\" aria-describedby=\"caption-attachment-7792\" style=\"width: 680px\" class=\"wp-caption alignnone\"><img loading=\"lazy\" decoding=\"async\" class=\"size-medium wp-image-7792\" src=\"https:\/\/www.organisator.ch\/wp-content\/uploads\/2021\/03\/Franken-Abwertung-Ende-des-sicheren-Hafens_Organisator.jpg\" alt=\"\" width=\"680\" height=\"427\" srcset=\"https:\/\/www.organisator.ch\/wp-content\/uploads\/2021\/03\/Franken-Abwertung-Ende-des-sicheren-Hafens_Organisator.jpg 680w, https:\/\/www.organisator.ch\/wp-content\/uploads\/2021\/03\/Franken-Abwertung-Ende-des-sicheren-Hafens_Organisator-16x10.jpg 16w, https:\/\/www.organisator.ch\/wp-content\/uploads\/2021\/03\/Franken-Abwertung-Ende-des-sicheren-Hafens_Organisator-279x175.jpg 279w, https:\/\/www.organisator.ch\/wp-content\/uploads\/2021\/03\/Franken-Abwertung-Ende-des-sicheren-Hafens_Organisator-557x350.jpg 557w, https:\/\/www.organisator.ch\/wp-content\/uploads\/2021\/03\/Franken-Abwertung-Ende-des-sicheren-Hafens_Organisator-300x188.jpg 300w\" sizes=\"auto, (max-width: 680px) 100vw, 680px\" \/><figcaption id=\"caption-attachment-7792\" class=\"wp-caption-text\">La svalutazione del franco pu\u00f2 avere un effetto positivo. Le aziende possono trarre profitto dalle fluttuazioni di valuta. (Immagine: pixabay.com)<\/figcaption><\/figure>\n<p>I cambiamenti nell'umore dei mercati globali continueranno a influenzare i tassi di cambio nel 2021. In particolare, le aziende che sono attive all'estero non dovrebbero ignorare le fluttuazioni di valuta, poich\u00e9 i costi saliranno rapidamente alle stelle se non sono coperti. La societ\u00e0 fintech Ebury, con sede a Zurigo, sostiene i suoi clienti nella copertura ottimale contro le perdite di valuta ed \u00e8 ancora una volta al primo posto tra i migliori previsori del tasso di cambio euro\/dollaro USA secondo Bloomberg grazie alle sue previsioni accurate del tasso di cambio nel quarto trimestre del 2020.<\/p>\n<h2>Svalutazione del franco e ulteriori prospettive<\/h2>\n<p>Un deprezzamento del franco \u00e8 stato osservato per qualche tempo. Questo dopo che l'anno scorso lo stato di emergenza intorno a COVID-19 ha visto il franco svizzero all'altezza della sua reputazione di \"porto sicuro\". Fabio Comminot, Head of Dealing di Ebury, rivela come andr\u00e0 il franco svizzero quest'anno e quale posizione prender\u00e0 la Banca Nazionale Svizzera (BNS).<\/p>\n<p><em>La stabilit\u00e0 economica e politica della Svizzera rende il franco svizzero un investimento ricercato a livello internazionale. Questo si riflette anche nell'attuale situazione di incertezza dovuta alla pandemia di Corona?<br \/>\n<\/em>Fabio Comminot: Le valute, che sono considerate rifugi sicuri in tempi di crisi, hanno beneficiato maggiormente dell'incertezza prevalente dopo lo scoppio del virus corona nel primo trimestre del 2020. Soprattutto all'inizio della crisi, il franco svizzero \u00e8 salito bruscamente e si \u00e8 apprezzato rispetto all'euro e al dollaro americano. Questo nonostante il fatto che la Banca Nazionale Svizzera (BNS) sia intervenuta fortemente per frenare l'apprezzamento del franco svizzero. Quando la situazione politica si \u00e8 un po' normalizzata dopo il primo blocco di marzo, la coppia di valute EUR\/CHF era al suo punto pi\u00f9 basso a maggio. Questo perch\u00e9 pi\u00f9 bassa \u00e8 l'incertezza, meno gli investitori mondiali cercano protezione nella valuta svizzera.<\/p>\n<p><em>Il movimento al ribasso del franco svizzero ha accelerato ulteriormente nel novembre 2020 e questo nonostante le cifre di infezione ancora elevate. Perch\u00e9 la continua incertezza della situazione economica non ha portato a un nuovo apprezzamento del franco?<br \/>\n<\/em>Fabio Comminot: Le condizioni economiche reali sono sempre importanti per l'evoluzione dei tassi di cambio. Tuttavia, lo stato effettivo di un'economia \u00e8 meno importante delle aspettative dei partecipanti al mercato. Per esempio, dopo l'esito delle elezioni americane e le notizie sui progressi nello sviluppo di diversi vaccini, il franco svizzero \u00e8 diventato visibilmente meno attraente perch\u00e9 molti investitori sono diventati cautamente ottimisti e quindi pi\u00f9 avversi al rischio.<\/p>\n<p><em>Incertezza e speranza hanno caratterizzato anche il nostro inizio nel 2021. Cosa succeder\u00e0 al franco svizzero quest'anno?<br \/>\n<\/em>Fabio Comminot: Dato che il governo svizzero ha agito in modo piuttosto indulgente rispetto agli standard internazionali per quanto riguarda le misure di contenimento della pandemia, ci aspettiamo che l'economia svizzera benefici meno di altri paesi dell'allentamento delle misure Corona nel 2021. Il franco svizzero continuer\u00e0 quindi a deprezzarsi gradualmente nei confronti dell'euro. Il ritorno a un livello pi\u00f9 \"normale\" di attivit\u00e0 economica globale dovrebbe ridurre ulteriormente l'attrattiva degli \"asset sicuri\".<\/p>\n<p><em>Come menzionato in precedenza, la Banca Nazionale Svizzera (BNS) \u00e8 intervenuta pesantemente nelle prime fasi della crisi di Corona nel tentativo di indebolire il franco. Quale strategia perseguir\u00e0 la BNS nel 2021?<br \/>\n<\/em>Fabio Comminot: Solo nel primo semestre dell'anno scorso, la BNS ha speso circa 90 miliardi di franchi per indebolire la moneta nazionale. Questo perch\u00e9 la forte dipendenza della Svizzera dalle esportazioni significa che una moneta forte \u00e8 un problema per la BNS. Quindi, prevenire un forte apprezzamento del franco rimane lo strumento di politica pi\u00f9 importante della BNS. Noi di Ebury crediamo quindi che la BNS continuer\u00e0 a intervenire sul mercato dei cambi e a impedire un apprezzamento significativo del franco. La visione ottimista sui vaccini e sull'economia globale assicura anche che l'intervento diventer\u00e0 sempre meno necessario a nostro avviso, poich\u00e9 gli investitori preferiranno invece le valute rischiose. Ci aspettiamo che il franco continui a deprezzarsi nei confronti dell'euro fino alla fine del 2021.<\/p>\n<h2>Sostegno da parte di esperti<\/h2>\n<p>Pu\u00f2 essere difficile per le aziende svizzere fare un budget per l'anno successivo se i tassi di cambio cambiano tra il momento in cui fatturano o ricevono una fattura e la sua data di scadenza. Gli esperti in soluzioni di rischio, come quelli di Ebury, possono aiutare le aziende a sviluppare un piano di gestione del rischio che sia allineato con gli obiettivi di business di ogni cliente, in modo che le future fluttuazioni di valuta non li colpiscano. In generale, comunque, il deprezzamento del franco sta aiutando l'industria svizzera delle esportazioni.<\/p>\n<p><em>Ulteriori informazioni: <a href=\"http:\/\/www.ebury.ch\">Ebury<\/a><\/em><\/p>","protected":false},"excerpt":{"rendered":"<p>Stimmungsumschw\u00fcnge der globalen M\u00e4rkte werden auch 2021 die W\u00e4hrungskurse beeinflussen. Insbesondere Unternehmen, die im Ausland t\u00e4tig sind, sollten W\u00e4hrungsschwankungen nicht ausser Acht lassen, da bei mangelnder Absicherung die Kosten rasch in die H\u00f6he schnellen. Das Fintech-Unternehmen Ebury mit Sitz in Z\u00fcrich unterst\u00fctzt seine Kunden dabei, sich optimal gegen W\u00e4hrungsverluste abzusichern und belegt bei Bloomberg aufgrund [&hellip;]<\/p>\n","protected":false},"author":4,"featured_media":7792,"comment_status":"closed","ping_status":"closed","sticky":false,"template":"","format":"standard","meta":{"_acf_changed":false,"_yoast_wpseo_focuskw":"Franken-Abwertung","_yoast_wpseo_metadesc":"Was bedeutet die Franken-Abwertung f\u00fcr das angelaufene Jahr? Fabio Comminot von Ebury, sagt, welche Zukunft er f\u00fcr den Schweizer Franken sieht.","articlekey":"","footnotes":""},"categories":[24],"tags":[202,203,517,531],"class_list":["post-7791","post","type-post","status-publish","format-standard","has-post-thumbnail","hentry","category-finanzen_recht","tag-finanzenrecht","tag-finanzierung","tag-waehrung","tag-wirtschaftspolitik"],"acf":[],"yoast_head":"<!-- This site is optimized with the Yoast SEO plugin v27.5 - https:\/\/yoast.com\/product\/yoast-seo-wordpress\/ -->\n<title>Franken-Abwertung: Ende des &quot;sicheren Hafens&quot;? - Organisator<\/title>\n<meta name=\"description\" content=\"Was bedeutet die Franken-Abwertung f\u00fcr das angelaufene Jahr? Fabio Comminot von Ebury, sagt, welche Zukunft er f\u00fcr den Schweizer Franken sieht.\" \/>\n<meta name=\"robots\" content=\"index, follow, max-snippet:-1, max-image-preview:large, max-video-preview:-1\" \/>\n<link rel=\"canonical\" href=\"https:\/\/www.organisator.ch\/it\/gestione-2\/finanzen_recht\/2021-03-11\/franken-abwertung-ende-des-sicheren-hafens\/\" \/>\n<meta property=\"og:locale\" content=\"it_IT\" \/>\n<meta property=\"og:type\" content=\"article\" \/>\n<meta property=\"og:title\" content=\"Franken-Abwertung: Ende des &quot;sicheren Hafens&quot;?\" \/>\n<meta property=\"og:description\" content=\"Was bedeutet die Franken-Abwertung f\u00fcr das angelaufene Jahr? Fabio Comminot von Ebury, sagt, welche Zukunft er f\u00fcr den Schweizer Franken sieht.\" \/>\n<meta property=\"og:url\" content=\"https:\/\/www.organisator.ch\/it\/gestione-2\/finanzen_recht\/2021-03-11\/franken-abwertung-ende-des-sicheren-hafens\/\" \/>\n<meta property=\"og:site_name\" content=\"Organisator\" \/>\n<meta property=\"article:publisher\" content=\"https:\/\/www.facebook.com\/OrganisatorFachmagazin\" \/>\n<meta property=\"article:published_time\" content=\"2021-03-11T10:16:06+00:00\" \/>\n<meta property=\"og:image\" content=\"https:\/\/www.organisator.ch\/wp-content\/uploads\/2021\/03\/Franken-Abwertung-Ende-des-sicheren-Hafens_Organisator.jpg\" \/>\n\t<meta property=\"og:image:width\" content=\"680\" \/>\n\t<meta property=\"og:image:height\" content=\"427\" \/>\n\t<meta property=\"og:image:type\" content=\"image\/jpeg\" \/>\n<meta name=\"author\" content=\"thomas.berner\" \/>\n<meta name=\"twitter:card\" content=\"summary_large_image\" \/>\n<meta name=\"twitter:title\" content=\"#Franken-Abwertung: Ende des &quot;sicheren Hafens&quot;?\" \/>\n<meta name=\"twitter:description\" content=\"Was bedeutet die #Franken-Abwertung f\u00fcr das angelaufene Jahr? Fabio Comminot von #Ebury, sagt, welche Zukunft er f\u00fcr den Schweizer Franken sieht.\" \/>\n<meta name=\"twitter:image\" content=\"https:\/\/www.organisator.ch\/wp-content\/uploads\/2021\/03\/Franken-Abwertung-Ende-des-sicheren-Hafens_Organisator.jpg\" \/>\n<script type=\"application\/ld+json\" class=\"yoast-schema-graph\">{\"@context\":\"https:\\\/\\\/schema.org\",\"@graph\":[{\"@type\":\"Article\",\"@id\":\"https:\\\/\\\/www.organisator.ch\\\/management\\\/finanzen_recht\\\/2021-03-11\\\/franken-abwertung-ende-des-sicheren-hafens\\\/#article\",\"isPartOf\":{\"@id\":\"https:\\\/\\\/www.organisator.ch\\\/management\\\/finanzen_recht\\\/2021-03-11\\\/franken-abwertung-ende-des-sicheren-hafens\\\/\"},\"author\":{\"name\":\"thomas.berner\",\"@id\":\"https:\\\/\\\/www.organisator.ch\\\/#\\\/schema\\\/person\\\/6f650f90b2842cd4c0cc334b4e36f67e\"},\"headline\":\"Franken-Abwertung: Ende des &#8222;sicheren Hafens&#8220;?\",\"datePublished\":\"2021-03-11T10:16:06+00:00\",\"mainEntityOfPage\":{\"@id\":\"https:\\\/\\\/www.organisator.ch\\\/management\\\/finanzen_recht\\\/2021-03-11\\\/franken-abwertung-ende-des-sicheren-hafens\\\/\"},\"wordCount\":753,\"publisher\":{\"@id\":\"https:\\\/\\\/www.organisator.ch\\\/#organization\"},\"image\":{\"@id\":\"https:\\\/\\\/www.organisator.ch\\\/management\\\/finanzen_recht\\\/2021-03-11\\\/franken-abwertung-ende-des-sicheren-hafens\\\/#primaryimage\"},\"thumbnailUrl\":\"https:\\\/\\\/www.organisator.ch\\\/wp-content\\\/uploads\\\/2021\\\/03\\\/Franken-Abwertung-Ende-des-sicheren-Hafens_Organisator.jpg\",\"keywords\":[\"Finanzen\\\/Recht\",\"Finanzierung\",\"W\u00e4hrung\",\"Wirtschaftspolitik\"],\"articleSection\":[\"FINANZEN\\\/RECHT\"],\"inLanguage\":\"it-IT\"},{\"@type\":\"WebPage\",\"@id\":\"https:\\\/\\\/www.organisator.ch\\\/management\\\/finanzen_recht\\\/2021-03-11\\\/franken-abwertung-ende-des-sicheren-hafens\\\/\",\"url\":\"https:\\\/\\\/www.organisator.ch\\\/management\\\/finanzen_recht\\\/2021-03-11\\\/franken-abwertung-ende-des-sicheren-hafens\\\/\",\"name\":\"Franken-Abwertung: Ende des \\\"sicheren Hafens\\\"? - Organisator\",\"isPartOf\":{\"@id\":\"https:\\\/\\\/www.organisator.ch\\\/#website\"},\"primaryImageOfPage\":{\"@id\":\"https:\\\/\\\/www.organisator.ch\\\/management\\\/finanzen_recht\\\/2021-03-11\\\/franken-abwertung-ende-des-sicheren-hafens\\\/#primaryimage\"},\"image\":{\"@id\":\"https:\\\/\\\/www.organisator.ch\\\/management\\\/finanzen_recht\\\/2021-03-11\\\/franken-abwertung-ende-des-sicheren-hafens\\\/#primaryimage\"},\"thumbnailUrl\":\"https:\\\/\\\/www.organisator.ch\\\/wp-content\\\/uploads\\\/2021\\\/03\\\/Franken-Abwertung-Ende-des-sicheren-Hafens_Organisator.jpg\",\"datePublished\":\"2021-03-11T10:16:06+00:00\",\"description\":\"Was bedeutet die Franken-Abwertung f\u00fcr das angelaufene Jahr? Fabio Comminot von Ebury, sagt, welche Zukunft er f\u00fcr den Schweizer Franken sieht.\",\"breadcrumb\":{\"@id\":\"https:\\\/\\\/www.organisator.ch\\\/management\\\/finanzen_recht\\\/2021-03-11\\\/franken-abwertung-ende-des-sicheren-hafens\\\/#breadcrumb\"},\"inLanguage\":\"it-IT\",\"potentialAction\":[{\"@type\":\"ReadAction\",\"target\":[\"https:\\\/\\\/www.organisator.ch\\\/management\\\/finanzen_recht\\\/2021-03-11\\\/franken-abwertung-ende-des-sicheren-hafens\\\/\"]}]},{\"@type\":\"ImageObject\",\"inLanguage\":\"it-IT\",\"@id\":\"https:\\\/\\\/www.organisator.ch\\\/management\\\/finanzen_recht\\\/2021-03-11\\\/franken-abwertung-ende-des-sicheren-hafens\\\/#primaryimage\",\"url\":\"https:\\\/\\\/www.organisator.ch\\\/wp-content\\\/uploads\\\/2021\\\/03\\\/Franken-Abwertung-Ende-des-sicheren-Hafens_Organisator.jpg\",\"contentUrl\":\"https:\\\/\\\/www.organisator.ch\\\/wp-content\\\/uploads\\\/2021\\\/03\\\/Franken-Abwertung-Ende-des-sicheren-Hafens_Organisator.jpg\",\"width\":680,\"height\":427,\"caption\":\"Die Franken-Abwertung kann sich positiv auswirken. Firmen k\u00f6nnen von W\u00e4hrungsschwankungen profitieren. (Bild: pixabay.com)\"},{\"@type\":\"BreadcrumbList\",\"@id\":\"https:\\\/\\\/www.organisator.ch\\\/management\\\/finanzen_recht\\\/2021-03-11\\\/franken-abwertung-ende-des-sicheren-hafens\\\/#breadcrumb\",\"itemListElement\":[{\"@type\":\"ListItem\",\"position\":1,\"name\":\"Home\",\"item\":\"https:\\\/\\\/www.organisator.ch\\\/\"},{\"@type\":\"ListItem\",\"position\":2,\"name\":\"Franken-Abwertung: Ende des &#8222;sicheren Hafens&#8220;?\"}]},{\"@type\":\"WebSite\",\"@id\":\"https:\\\/\\\/www.organisator.ch\\\/#website\",\"url\":\"https:\\\/\\\/www.organisator.ch\\\/\",\"name\":\"Organisator\",\"description\":\"Kompetent. Praxisnah. Der ORGANISATOR bereitet in 10 Ausgaben pro Jahr die wesentlichen Themen f\u00fcr F\u00fchrungskr\u00e4fte von KMU auf.\",\"publisher\":{\"@id\":\"https:\\\/\\\/www.organisator.ch\\\/#organization\"},\"potentialAction\":[{\"@type\":\"SearchAction\",\"target\":{\"@type\":\"EntryPoint\",\"urlTemplate\":\"https:\\\/\\\/www.organisator.ch\\\/?s={search_term_string}\"},\"query-input\":{\"@type\":\"PropertyValueSpecification\",\"valueRequired\":true,\"valueName\":\"search_term_string\"}}],\"inLanguage\":\"it-IT\"},{\"@type\":\"Organization\",\"@id\":\"https:\\\/\\\/www.organisator.ch\\\/#organization\",\"name\":\"Organisator\",\"url\":\"https:\\\/\\\/www.organisator.ch\\\/\",\"logo\":{\"@type\":\"ImageObject\",\"inLanguage\":\"it-IT\",\"@id\":\"https:\\\/\\\/www.organisator.ch\\\/#\\\/schema\\\/logo\\\/image\\\/\",\"url\":\"https:\\\/\\\/www.organisator.ch\\\/wp-content\\\/uploads\\\/2022\\\/01\\\/Logo_Organisator_Website.png\",\"contentUrl\":\"https:\\\/\\\/www.organisator.ch\\\/wp-content\\\/uploads\\\/2022\\\/01\\\/Logo_Organisator_Website.png\",\"width\":800,\"height\":77,\"caption\":\"Organisator\"},\"image\":{\"@id\":\"https:\\\/\\\/www.organisator.ch\\\/#\\\/schema\\\/logo\\\/image\\\/\"},\"sameAs\":[\"https:\\\/\\\/www.facebook.com\\\/OrganisatorFachmagazin\",\"https:\\\/\\\/www.linkedin.com\\\/showcase\\\/organisator-das-magazin-fr-kmu\",\"https:\\\/\\\/www.xing.com\\\/news\\\/pages\\\/organisator-ch-695\",\"https:\\\/\\\/www.youtube.com\\\/channel\\\/UCGP2Sq0iWaZwT3BdIAQFYpw\"]},{\"@type\":\"Person\",\"@id\":\"https:\\\/\\\/www.organisator.ch\\\/#\\\/schema\\\/person\\\/6f650f90b2842cd4c0cc334b4e36f67e\",\"name\":\"thomas.berner\",\"image\":{\"@type\":\"ImageObject\",\"inLanguage\":\"it-IT\",\"@id\":\"https:\\\/\\\/secure.gravatar.com\\\/avatar\\\/ac5001d2a36cb6c6cd3e50789007ffca834b477b74a2144564522e944eabff61?s=96&d=mm&r=g\",\"url\":\"https:\\\/\\\/secure.gravatar.com\\\/avatar\\\/ac5001d2a36cb6c6cd3e50789007ffca834b477b74a2144564522e944eabff61?s=96&d=mm&r=g\",\"contentUrl\":\"https:\\\/\\\/secure.gravatar.com\\\/avatar\\\/ac5001d2a36cb6c6cd3e50789007ffca834b477b74a2144564522e944eabff61?s=96&d=mm&r=g\",\"caption\":\"thomas.berner\"},\"url\":\"https:\\\/\\\/www.organisator.ch\\\/it\\\/author\\\/thomas-berner\\\/\"}]}<\/script>\n<!-- \/ Yoast SEO plugin. -->","yoast_head_json":{"title":"Svalutazione del franco: fine del \"rifugio sicuro\"? - Organizzatore","description":"Cosa significa la svalutazione del franco per l'anno in corso? Fabio Comminot di Ebury spiega quale futuro vede per il franco svizzero.","robots":{"index":"index","follow":"follow","max-snippet":"max-snippet:-1","max-image-preview":"max-image-preview:large","max-video-preview":"max-video-preview:-1"},"canonical":"https:\/\/www.organisator.ch\/it\/gestione-2\/finanzen_recht\/2021-03-11\/franken-abwertung-ende-des-sicheren-hafens\/","og_locale":"it_IT","og_type":"article","og_title":"Franken-Abwertung: Ende des \"sicheren Hafens\"?","og_description":"Was bedeutet die Franken-Abwertung f\u00fcr das angelaufene Jahr? Fabio Comminot von Ebury, sagt, welche Zukunft er f\u00fcr den Schweizer Franken sieht.","og_url":"https:\/\/www.organisator.ch\/it\/gestione-2\/finanzen_recht\/2021-03-11\/franken-abwertung-ende-des-sicheren-hafens\/","og_site_name":"Organisator","article_publisher":"https:\/\/www.facebook.com\/OrganisatorFachmagazin","article_published_time":"2021-03-11T10:16:06+00:00","og_image":[{"width":680,"height":427,"url":"https:\/\/www.organisator.ch\/wp-content\/uploads\/2021\/03\/Franken-Abwertung-Ende-des-sicheren-Hafens_Organisator.jpg","type":"image\/jpeg"}],"author":"thomas.berner","twitter_card":"summary_large_image","twitter_title":"#Franken-Abwertung: Ende des \"sicheren Hafens\"?","twitter_description":"Was bedeutet die #Franken-Abwertung f\u00fcr das angelaufene Jahr? Fabio Comminot von #Ebury, sagt, welche Zukunft er f\u00fcr den Schweizer Franken sieht.","twitter_image":"https:\/\/www.organisator.ch\/wp-content\/uploads\/2021\/03\/Franken-Abwertung-Ende-des-sicheren-Hafens_Organisator.jpg","schema":{"@context":"https:\/\/schema.org","@graph":[{"@type":"Article","@id":"https:\/\/www.organisator.ch\/management\/finanzen_recht\/2021-03-11\/franken-abwertung-ende-des-sicheren-hafens\/#article","isPartOf":{"@id":"https:\/\/www.organisator.ch\/management\/finanzen_recht\/2021-03-11\/franken-abwertung-ende-des-sicheren-hafens\/"},"author":{"name":"thomas.berner","@id":"https:\/\/www.organisator.ch\/#\/schema\/person\/6f650f90b2842cd4c0cc334b4e36f67e"},"headline":"Franken-Abwertung: Ende des &#8222;sicheren Hafens&#8220;?","datePublished":"2021-03-11T10:16:06+00:00","mainEntityOfPage":{"@id":"https:\/\/www.organisator.ch\/management\/finanzen_recht\/2021-03-11\/franken-abwertung-ende-des-sicheren-hafens\/"},"wordCount":753,"publisher":{"@id":"https:\/\/www.organisator.ch\/#organization"},"image":{"@id":"https:\/\/www.organisator.ch\/management\/finanzen_recht\/2021-03-11\/franken-abwertung-ende-des-sicheren-hafens\/#primaryimage"},"thumbnailUrl":"https:\/\/www.organisator.ch\/wp-content\/uploads\/2021\/03\/Franken-Abwertung-Ende-des-sicheren-Hafens_Organisator.jpg","keywords":["Finanzen\/Recht","Finanzierung","W\u00e4hrung","Wirtschaftspolitik"],"articleSection":["FINANZEN\/RECHT"],"inLanguage":"it-IT"},{"@type":"WebPage","@id":"https:\/\/www.organisator.ch\/management\/finanzen_recht\/2021-03-11\/franken-abwertung-ende-des-sicheren-hafens\/","url":"https:\/\/www.organisator.ch\/management\/finanzen_recht\/2021-03-11\/franken-abwertung-ende-des-sicheren-hafens\/","name":"Svalutazione del franco: fine del \"rifugio sicuro\"? - Organizzatore","isPartOf":{"@id":"https:\/\/www.organisator.ch\/#website"},"primaryImageOfPage":{"@id":"https:\/\/www.organisator.ch\/management\/finanzen_recht\/2021-03-11\/franken-abwertung-ende-des-sicheren-hafens\/#primaryimage"},"image":{"@id":"https:\/\/www.organisator.ch\/management\/finanzen_recht\/2021-03-11\/franken-abwertung-ende-des-sicheren-hafens\/#primaryimage"},"thumbnailUrl":"https:\/\/www.organisator.ch\/wp-content\/uploads\/2021\/03\/Franken-Abwertung-Ende-des-sicheren-Hafens_Organisator.jpg","datePublished":"2021-03-11T10:16:06+00:00","description":"Cosa significa la svalutazione del franco per l'anno in corso? Fabio Comminot di Ebury spiega quale futuro vede per il franco svizzero.","breadcrumb":{"@id":"https:\/\/www.organisator.ch\/management\/finanzen_recht\/2021-03-11\/franken-abwertung-ende-des-sicheren-hafens\/#breadcrumb"},"inLanguage":"it-IT","potentialAction":[{"@type":"ReadAction","target":["https:\/\/www.organisator.ch\/management\/finanzen_recht\/2021-03-11\/franken-abwertung-ende-des-sicheren-hafens\/"]}]},{"@type":"ImageObject","inLanguage":"it-IT","@id":"https:\/\/www.organisator.ch\/management\/finanzen_recht\/2021-03-11\/franken-abwertung-ende-des-sicheren-hafens\/#primaryimage","url":"https:\/\/www.organisator.ch\/wp-content\/uploads\/2021\/03\/Franken-Abwertung-Ende-des-sicheren-Hafens_Organisator.jpg","contentUrl":"https:\/\/www.organisator.ch\/wp-content\/uploads\/2021\/03\/Franken-Abwertung-Ende-des-sicheren-Hafens_Organisator.jpg","width":680,"height":427,"caption":"Die Franken-Abwertung kann sich positiv auswirken. Firmen k\u00f6nnen von W\u00e4hrungsschwankungen profitieren. (Bild: pixabay.com)"},{"@type":"BreadcrumbList","@id":"https:\/\/www.organisator.ch\/management\/finanzen_recht\/2021-03-11\/franken-abwertung-ende-des-sicheren-hafens\/#breadcrumb","itemListElement":[{"@type":"ListItem","position":1,"name":"Home","item":"https:\/\/www.organisator.ch\/"},{"@type":"ListItem","position":2,"name":"Franken-Abwertung: Ende des &#8222;sicheren Hafens&#8220;?"}]},{"@type":"WebSite","@id":"https:\/\/www.organisator.ch\/#website","url":"https:\/\/www.organisator.ch\/","name":"Organizzatore","description":"Competente. Pratico. In 10 numeri all'anno, ORGANISATOR presenta i temi essenziali per i manager delle PMI.","publisher":{"@id":"https:\/\/www.organisator.ch\/#organization"},"potentialAction":[{"@type":"SearchAction","target":{"@type":"EntryPoint","urlTemplate":"https:\/\/www.organisator.ch\/?s={search_term_string}"},"query-input":{"@type":"PropertyValueSpecification","valueRequired":true,"valueName":"search_term_string"}}],"inLanguage":"it-IT"},{"@type":"Organization","@id":"https:\/\/www.organisator.ch\/#organization","name":"Organizzatore","url":"https:\/\/www.organisator.ch\/","logo":{"@type":"ImageObject","inLanguage":"it-IT","@id":"https:\/\/www.organisator.ch\/#\/schema\/logo\/image\/","url":"https:\/\/www.organisator.ch\/wp-content\/uploads\/2022\/01\/Logo_Organisator_Website.png","contentUrl":"https:\/\/www.organisator.ch\/wp-content\/uploads\/2022\/01\/Logo_Organisator_Website.png","width":800,"height":77,"caption":"Organisator"},"image":{"@id":"https:\/\/www.organisator.ch\/#\/schema\/logo\/image\/"},"sameAs":["https:\/\/www.facebook.com\/OrganisatorFachmagazin","https:\/\/www.linkedin.com\/showcase\/organisator-das-magazin-fr-kmu","https:\/\/www.xing.com\/news\/pages\/organisator-ch-695","https:\/\/www.youtube.com\/channel\/UCGP2Sq0iWaZwT3BdIAQFYpw"]},{"@type":"Person","@id":"https:\/\/www.organisator.ch\/#\/schema\/person\/6f650f90b2842cd4c0cc334b4e36f67e","name":"Tommaso.berner","image":{"@type":"ImageObject","inLanguage":"it-IT","@id":"https:\/\/secure.gravatar.com\/avatar\/ac5001d2a36cb6c6cd3e50789007ffca834b477b74a2144564522e944eabff61?s=96&d=mm&r=g","url":"https:\/\/secure.gravatar.com\/avatar\/ac5001d2a36cb6c6cd3e50789007ffca834b477b74a2144564522e944eabff61?s=96&d=mm&r=g","contentUrl":"https:\/\/secure.gravatar.com\/avatar\/ac5001d2a36cb6c6cd3e50789007ffca834b477b74a2144564522e944eabff61?s=96&d=mm&r=g","caption":"thomas.berner"},"url":"https:\/\/www.organisator.ch\/it\/author\/thomas-berner\/"}]}},"_links":{"self":[{"href":"https:\/\/www.organisator.ch\/it\/wp-json\/wp\/v2\/posts\/7791","targetHints":{"allow":["GET"]}}],"collection":[{"href":"https:\/\/www.organisator.ch\/it\/wp-json\/wp\/v2\/posts"}],"about":[{"href":"https:\/\/www.organisator.ch\/it\/wp-json\/wp\/v2\/types\/post"}],"author":[{"embeddable":true,"href":"https:\/\/www.organisator.ch\/it\/wp-json\/wp\/v2\/users\/4"}],"replies":[{"embeddable":true,"href":"https:\/\/www.organisator.ch\/it\/wp-json\/wp\/v2\/comments?post=7791"}],"version-history":[{"count":0,"href":"https:\/\/www.organisator.ch\/it\/wp-json\/wp\/v2\/posts\/7791\/revisions"}],"wp:featuredmedia":[{"embeddable":true,"href":"https:\/\/www.organisator.ch\/it\/wp-json\/wp\/v2\/media\/7792"}],"wp:attachment":[{"href":"https:\/\/www.organisator.ch\/it\/wp-json\/wp\/v2\/media?parent=7791"}],"wp:term":[{"taxonomy":"category","embeddable":true,"href":"https:\/\/www.organisator.ch\/it\/wp-json\/wp\/v2\/categories?post=7791"},{"taxonomy":"post_tag","embeddable":true,"href":"https:\/\/www.organisator.ch\/it\/wp-json\/wp\/v2\/tags?post=7791"}],"curies":[{"name":"wp","href":"https:\/\/api.w.org\/{rel}","templated":true}]}}