{"id":7800,"date":"2021-03-16T08:27:26","date_gmt":"2021-03-16T07:27:26","guid":{"rendered":"https:\/\/www.organisator.ch\/?p=7800"},"modified":"2021-03-16T08:27:26","modified_gmt":"2021-03-16T07:27:26","slug":"smart-working-in-der-schweiz-neun-erkenntnisse-nach-einem-jahr-pandemie","status":"publish","type":"post","link":"https:\/\/www.organisator.ch\/it\/human-resources\/hrm\/2021-03-16\/smart-working-in-der-schweiz-neun-erkenntnisse-nach-einem-jahr-pandemie\/","title":{"rendered":"Smart working in Svizzera: nove intuizioni dopo un anno di pandemia"},"content":{"rendered":"<figure id=\"attachment_7801\" aria-describedby=\"caption-attachment-7801\" style=\"width: 680px\" class=\"wp-caption alignnone\"><img loading=\"lazy\" decoding=\"async\" class=\"size-medium wp-image-7801\" src=\"https:\/\/www.organisator.ch\/wp-content\/uploads\/2021\/03\/Smart-Working-in-der-Schweiz-Neun-Erkenntnisse-nach-einem-Jahr-Pandemie_Organisator.jpg\" alt=\"\" width=\"680\" height=\"454\" srcset=\"https:\/\/www.organisator.ch\/wp-content\/uploads\/2021\/03\/Smart-Working-in-der-Schweiz-Neun-Erkenntnisse-nach-einem-Jahr-Pandemie_Organisator.jpg 680w, https:\/\/www.organisator.ch\/wp-content\/uploads\/2021\/03\/Smart-Working-in-der-Schweiz-Neun-Erkenntnisse-nach-einem-Jahr-Pandemie_Organisator-16x12.jpg 16w, https:\/\/www.organisator.ch\/wp-content\/uploads\/2021\/03\/Smart-Working-in-der-Schweiz-Neun-Erkenntnisse-nach-einem-Jahr-Pandemie_Organisator-262x175.jpg 262w, https:\/\/www.organisator.ch\/wp-content\/uploads\/2021\/03\/Smart-Working-in-der-Schweiz-Neun-Erkenntnisse-nach-einem-Jahr-Pandemie_Organisator-524x350.jpg 524w, https:\/\/www.organisator.ch\/wp-content\/uploads\/2021\/03\/Smart-Working-in-der-Schweiz-Neun-Erkenntnisse-nach-einem-Jahr-Pandemie_Organisator-300x200.jpg 300w\" sizes=\"auto, (max-width: 680px) 100vw, 680px\" \/><figcaption id=\"caption-attachment-7801\" class=\"wp-caption-text\">Dopo un anno di pandemia, tutti parlano di smart working: ma gli home office da soli non faranno lavorare le persone \"pi\u00f9 intelligenti\" in futuro. (Immagine: Unsplash.com)<\/figcaption><\/figure>\n<p>Il fornitore di servizi di outplacement von Rundstedt ha condotto un importante studio sul tema dello smart working in Svizzera tra dicembre 2020 e febbraio 2021 sotto la direzione del Prof. Dr. Andrea Martone (Direttore Ricerca &amp; Studi di von Rundstedt). Nel processo \u00e8 stato lanciato anche un grande sondaggio.<\/p>\n<h2>La pandemia come motore delle moderne forme di lavoro?<\/h2>\n<p>Lo studio e l'indagine hanno lo scopo di esaminare le esperienze e gli effetti del lavoro da casa sulla cultura del lavoro e sulle strutture e i processi aziendali un anno dopo la prima serrata con l'ufficio a casa obbligatorio per molti dipendenti. Il passo forzato dell'home office in Svizzera sta finalmente portando alla nuova cultura del lavoro prevista da tempo da Work 4.0 e Future Work? Siamo sulla strada dello Smart Working o stiamo semplicemente telelavorando da casa? Le aziende svizzere stanno approfittando di questa opportunit\u00e0 per passare in linea di principio e definitivamente a una cultura del lavoro con maggiore flessibilit\u00e0 e autonomia nella scelta dello spazio di lavoro, del tempo e dei mezzi? Lo shock pandemico porter\u00e0 alla fine a un cambiamento culturale nelle aziende svizzere? Quali sono le prime esperienze con lo Smart Working? Lo Smart Working porta davvero a pi\u00f9 produttivit\u00e0, efficienza, qualit\u00e0 e risultati migliori? Le aziende svizzere sono consapevoli che questo richiede qualcosa di pi\u00f9 di un ufficio a domicilio e del telelavoro?<\/p>\n<h2>Lavoro intelligente: 9 intuizioni<\/h2>\n<p>534 manager e dirigenti delle risorse umane di aziende di diversi settori, regioni linguistiche e dimensioni aziendali hanno partecipato all'indagine. Nove risultati possono essere derivati dalle risposte:<\/p>\n<ol>\n<li><strong>Principalmente telelavoro, ma quasi nessuno smart working:<\/strong> La grande maggioranza delle aziende intervistate non ha introdotto lo Smart Working, ma il telelavoro. Lavorano ancora nelle stesse strutture, processi e metodi e hanno semplicemente spostato gli stessi processi di lavoro che si svolgevano in ufficio in un luogo remoto (l'home office). Agli occhi degli autori dello studio, questo significa che molte aziende stanno perdendo una grande opportunit\u00e0.<\/li>\n<li><strong>Covid come acceleratore involontario dello Smart Working:<\/strong> Per il 77,4% delle aziende, Covid \u00e8 stato il motivo principale della pratica dell'home office e dello smart working. La maggior parte delle aziende non \u00e8 ancora passata volontariamente al lavoro a distanza. Lo smart working non \u00e8 quindi attualmente una scelta, ma una necessit\u00e0. Questo spiega anche che le forme moderne di lavoro non sono ancora veramente ancorate nell'azienda e nella cultura.<\/li>\n<li><strong>Troppo lavoro a distanza:<\/strong> Gli esperti vedono il tempo ottimale e sano a distanza a 2 giorni alla settimana. Secondo Covid, pi\u00f9 di 60% di tutte le aziende in Svizzera hanno superato questo traguardo. 46% delle aziende hanno persino inviato i loro dipendenti all'ufficio centrale 60-100% l'anno scorso, prima dell'obbligo dell'ufficio centrale. Questo non \u00e8 un livello sano ed \u00e8 allarmante, secondo lo studio. Le possibili conseguenze sono la demotivazione, i problemi di coordinazione, il declino della qualit\u00e0 delle relazioni e l'equilibrio tra lavoro e vita privata in pericolo.<\/li>\n<li><strong>Impatto positivo sull'efficienza e la qualit\u00e0:<\/strong> Si teme spesso che la leadership e il coordinamento pi\u00f9 difficili e il comportamento opportunistico dei dipendenti abbiano un impatto negativo sulla produttivit\u00e0 e l'efficienza. Lo studio trova che \u00e8 il contrario: oltre 75% non vedono alcuna perdita di efficienza. Circa 37% anche vedere un chiaro aumento della produttivit\u00e0. Un quadro simile pu\u00f2 essere visto con la qualit\u00e0. Circa 80% non vedono alcun calo di qualit\u00e0, e 22% credono addirittura di vedere un aumento di qualit\u00e0.<\/li>\n<li><strong>Influenza negativa sulla motivazione della squadra e del personale: <\/strong>Non sorprende che la motivazione del team e dei dipendenti sembri soffrire con lo smart working. La qualit\u00e0 della collaborazione rimane invariata. Tuttavia, circa un terzo delle aziende riporta una diminuzione della collaborazione e del lavoro di squadra. 69% delle aziende vedono un deterioramento delle relazioni sociali tra i dipendenti. E quasi la met\u00e0 delle aziende osserva che l'identificazione dei dipendenti con l'azienda \u00e8 peggiorata. In questo contesto, le aziende farebbero bene a lanciare misure mirate per coinvolgere e trattenere le persone chiave.<\/li>\n<li><strong>Pi\u00f9 giovani con maggiore prontezza; pi\u00f9 anziani con pi\u00f9 abilit\u00e0: <\/strong>Non \u00e8 sorprendente che i dipendenti pi\u00f9 giovani siano pi\u00f9 veloci e disposti a passare allo smart working e ad accettare pi\u00f9 flessibilit\u00e0 e autonomia. Sono anche pi\u00f9 abituati alla comunicazione virtuale rispetto ai dipendenti pi\u00f9 anziani. Tuttavia, se guardiamo all'abilit\u00e0 per lo smart working, in realt\u00e0 sarebbero i dipendenti pi\u00f9 anziani che, con la loro esperienza nella vita lavorativa e nelle organizzazioni, hanno i migliori prerequisiti di quelli pi\u00f9 giovani. Lo smart working richiede una buona comprensione del contesto organizzativo. Questo non dovrebbe essere sottovalutato quando si introduce lo Smart Working ai dipendenti pi\u00f9 giovani. Qui la prontezza e l'abilit\u00e0 divergono.<\/li>\n<li><strong>Lo smart working rimarr\u00e0 nel futuro:<\/strong> Anche se lo Smart Working e il Remote Working sono stati introdotti pi\u00f9 o meno involontariamente da Covid nella maggior parte delle aziende, solo il 6% delle aziende crede che questa nuova forma di lavoro scomparir\u00e0 di nuovo. La stragrande maggioranza dei 69% crede che lo Smart Working rimarr\u00e0 come modello e cultura di lavoro a lungo termine, ma che diminuir\u00e0 leggermente di intensit\u00e0 e intensit\u00e0, cio\u00e8 che si stabilizzer\u00e0 in una sana via di mezzo. Un altro 15% crede addirittura che questa forma modificata di lavoro continuer\u00e0 ad aumentare, diffondersi e intensificarsi.<\/li>\n<li><strong>Troppo poco supporto per i dipendenti:<\/strong> Questo cambiamento nella cultura del lavoro e nel modello di collaborazione non \u00e8 facile per molti dipendenti. Tuttavia, il sostegno dei datori di lavoro si limita principalmente alla fornitura di mezzi e infrastrutture tecnologiche (laptop, stampante, licenze). La maggior parte dei datori di lavoro sono molto riluttanti a fornire un ulteriore supporto finanziario (ad esempio infrastrutture per l'ufficio e ambiente di lavoro nell'home office). Si fa troppo poco anche in termini di sostegno personale e individuale (formazione 40%, coaching 19%). Solo quando si tratta di rendere l'orario di lavoro pi\u00f9 flessibile, la maggioranza dei datori di lavoro (76%) offre un aiuto.<\/li>\n<li><strong>Le opinioni nella gestione sono molto diverse: <\/strong>C'\u00e8 sicuramente disaccordo nel management sul fatto che lo Smart Working abbia successo, sia desiderabile, sostenibile e significativo. Vari parametri indicano un disaccordo. Per esempio, la met\u00e0 dei manager pensa che lo Smart Working porti a pi\u00f9 confusione e mancanza di chiarezza nell'ambiente di lavoro, l'altra met\u00e0 non la vede cos\u00ec. Probabilmente la stessa met\u00e0 dei manager vede una perdita di controllo sui dipendenti attraverso lo Smart Working, l'altra met\u00e0 non la vede cos\u00ec. Lo studio trova anche un risultato entusiasmante nell'auto-dubbio dei manager: pi\u00f9 della met\u00e0 dei manager crede che i dirigenti e i quadri abbiano pi\u00f9 problemi con il cambiamento allo Smart Working rispetto ai dipendenti. Queste cifre mostrano che una gran parte dei manager si sente in un dilemma.<\/li>\n<\/ol>\n<h2>Strategie per il futuro<\/h2>\n<p>I risultati dello studio sono stati raccolti da von Rundstedt in un libro bianco. Delinea anche le strategie per il futuro. Non c'\u00e8 dubbio che dopo la pandemia il mondo del lavoro sar\u00e0 diverso da prima. Pertanto, i cambiamenti sono necessari a vari livelli: Nella leadership, nella misurazione degli indicatori di produttivit\u00e0, nelle strutture aziendali, nella formazione e nella mobilit\u00e0 del lavoro. Per esempio, la leadership dovr\u00e0 spostarsi pi\u00f9 sul piano delle relazioni e concentrarsi meno sui processi. I KPI saranno sostituiti dagli OKR (Obiettivi sui risultati chiave) come criteri di misurazione. Le strutture aziendali dovranno diventare pi\u00f9 flessibili e basarsi su squadre invece che su gerarchie. Questo significa pi\u00f9 autonomia per i dipendenti, che dovranno essere formati in modo diverso. Lo sviluppo delle risorse umane diventer\u00e0 pi\u00f9 importante e dovrebbe portare a un aumento della domanda di servizi corrispondenti.<\/p>\n<p><em>Fonte: <a href=\"http:\/\/www.rundstedt.ch\">von Rundstedt<\/a><\/em><\/p>","protected":false},"excerpt":{"rendered":"<p>Der Outplacement-Dienstleister von Rundstedt hat zwischen Dezember 2020 und Februar 2021 unter der Leitung von Prof. Dr. Andrea Martone (Director Research &amp; Studies bei von Rundstedt) eine grosse Studie zum Thema Smart Working in der Schweiz durchgef\u00fchrt. Dabei wurde auch eine grosse Umfrage lanciert. Pandemie als Treiber f\u00fcr moderne Arbeitsformen? Studie und Umfrage verfolgen das [&hellip;]<\/p>\n","protected":false},"author":4,"featured_media":7801,"comment_status":"closed","ping_status":"closed","sticky":false,"template":"","format":"standard","meta":{"_acf_changed":false,"_yoast_wpseo_focuskw":"Smart Working","_yoast_wpseo_metadesc":"Viele Unternehmen m\u00fcssen wegen der Pandemie ihre Mitarbeitenden von zu Hause aus besch\u00e4ftigen. Ist das der Durchbruch f\u00fcr Smart Working?","articlekey":"","footnotes":""},"categories":[26],"tags":[51,254,335,459,537],"class_list":["post-7800","post","type-post","status-publish","format-standard","has-post-thumbnail","hentry","category-hrm","tag-arbeitsplatzgestaltung","tag-hrm","tag-management-und-unternehmensfuehrung","tag-studie","tag-work-smart"],"acf":[],"yoast_head":"<!-- This site is optimized with the Yoast SEO plugin v27.4 - https:\/\/yoast.com\/product\/yoast-seo-wordpress\/ -->\n<title>Smart Working in der Schweiz: Neun Erkenntnisse nach einem Jahr Pandemie - Organisator<\/title>\n<meta name=\"description\" content=\"Viele Unternehmen m\u00fcssen wegen der Pandemie ihre Mitarbeitenden von zu Hause aus besch\u00e4ftigen. Ist das der Durchbruch f\u00fcr Smart Working?\" \/>\n<meta name=\"robots\" content=\"index, follow, max-snippet:-1, max-image-preview:large, max-video-preview:-1\" \/>\n<link rel=\"canonical\" href=\"https:\/\/www.organisator.ch\/it\/risorse-umane\/hrm\/2021-03-16\/smart-working-in-der-schweiz-neun-erkenntnisse-nach-einem-jahr-pandemie\/\" \/>\n<meta property=\"og:locale\" content=\"it_IT\" \/>\n<meta property=\"og:type\" content=\"article\" \/>\n<meta property=\"og:title\" content=\"Smart Working in der Schweiz: Neun Erkenntnisse nach einem Jahr Pandemie\" \/>\n<meta property=\"og:description\" content=\"Viele Unternehmen m\u00fcssen wegen der Pandemie ihre Mitarbeitenden von zu Hause aus besch\u00e4ftigen. Ist das der Durchbruch f\u00fcr Smart Working?\" \/>\n<meta property=\"og:url\" content=\"https:\/\/www.organisator.ch\/it\/risorse-umane\/hrm\/2021-03-16\/smart-working-in-der-schweiz-neun-erkenntnisse-nach-einem-jahr-pandemie\/\" \/>\n<meta property=\"og:site_name\" content=\"Organisator\" \/>\n<meta property=\"article:publisher\" content=\"https:\/\/www.facebook.com\/OrganisatorFachmagazin\" \/>\n<meta property=\"article:published_time\" content=\"2021-03-16T07:27:26+00:00\" \/>\n<meta property=\"og:image\" content=\"https:\/\/www.organisator.ch\/wp-content\/uploads\/2021\/03\/Smart-Working-in-der-Schweiz-Neun-Erkenntnisse-nach-einem-Jahr-Pandemie_Organisator.jpg\" \/>\n\t<meta property=\"og:image:width\" content=\"680\" \/>\n\t<meta property=\"og:image:height\" content=\"454\" \/>\n\t<meta property=\"og:image:type\" content=\"image\/jpeg\" \/>\n<meta name=\"author\" content=\"thomas.berner\" \/>\n<meta name=\"twitter:card\" content=\"summary_large_image\" \/>\n<meta name=\"twitter:title\" content=\"Smart #Working in der Schweiz: Neun Erkenntnisse nach einem Jahr #Pandemie\" \/>\n<meta name=\"twitter:description\" content=\"Viele Unternehmen m\u00fcssen wegen der Pandemie ihre Mitarbeitenden von zu Hause aus besch\u00e4ftigen. Ist das der Durchbruch f\u00fcr #SmartWorking?\" \/>\n<meta name=\"twitter:image\" content=\"https:\/\/www.organisator.ch\/wp-content\/uploads\/2021\/03\/Smart-Working-in-der-Schweiz-Neun-Erkenntnisse-nach-einem-Jahr-Pandemie_Organisator.jpg\" \/>\n<script type=\"application\/ld+json\" class=\"yoast-schema-graph\">{\"@context\":\"https:\\\/\\\/schema.org\",\"@graph\":[{\"@type\":\"Article\",\"@id\":\"https:\\\/\\\/www.organisator.ch\\\/human-resources\\\/hrm\\\/2021-03-16\\\/smart-working-in-der-schweiz-neun-erkenntnisse-nach-einem-jahr-pandemie\\\/#article\",\"isPartOf\":{\"@id\":\"https:\\\/\\\/www.organisator.ch\\\/human-resources\\\/hrm\\\/2021-03-16\\\/smart-working-in-der-schweiz-neun-erkenntnisse-nach-einem-jahr-pandemie\\\/\"},\"author\":{\"name\":\"thomas.berner\",\"@id\":\"https:\\\/\\\/www.organisator.ch\\\/#\\\/schema\\\/person\\\/6f650f90b2842cd4c0cc334b4e36f67e\"},\"headline\":\"Smart Working in der Schweiz: Neun Erkenntnisse nach einem Jahr Pandemie\",\"datePublished\":\"2021-03-16T07:27:26+00:00\",\"mainEntityOfPage\":{\"@id\":\"https:\\\/\\\/www.organisator.ch\\\/human-resources\\\/hrm\\\/2021-03-16\\\/smart-working-in-der-schweiz-neun-erkenntnisse-nach-einem-jahr-pandemie\\\/\"},\"wordCount\":1232,\"publisher\":{\"@id\":\"https:\\\/\\\/www.organisator.ch\\\/#organization\"},\"image\":{\"@id\":\"https:\\\/\\\/www.organisator.ch\\\/human-resources\\\/hrm\\\/2021-03-16\\\/smart-working-in-der-schweiz-neun-erkenntnisse-nach-einem-jahr-pandemie\\\/#primaryimage\"},\"thumbnailUrl\":\"https:\\\/\\\/www.organisator.ch\\\/wp-content\\\/uploads\\\/2021\\\/03\\\/Smart-Working-in-der-Schweiz-Neun-Erkenntnisse-nach-einem-Jahr-Pandemie_Organisator.jpg\",\"keywords\":[\"Arbeitsplatzgestaltung\",\"HRM\",\"Management und Unternehmensf\u00fchrung\",\"Studie\",\"Work Smart\"],\"articleSection\":[\"HRM\"],\"inLanguage\":\"it-IT\"},{\"@type\":\"WebPage\",\"@id\":\"https:\\\/\\\/www.organisator.ch\\\/human-resources\\\/hrm\\\/2021-03-16\\\/smart-working-in-der-schweiz-neun-erkenntnisse-nach-einem-jahr-pandemie\\\/\",\"url\":\"https:\\\/\\\/www.organisator.ch\\\/human-resources\\\/hrm\\\/2021-03-16\\\/smart-working-in-der-schweiz-neun-erkenntnisse-nach-einem-jahr-pandemie\\\/\",\"name\":\"Smart Working in der Schweiz: Neun Erkenntnisse nach einem Jahr Pandemie - Organisator\",\"isPartOf\":{\"@id\":\"https:\\\/\\\/www.organisator.ch\\\/#website\"},\"primaryImageOfPage\":{\"@id\":\"https:\\\/\\\/www.organisator.ch\\\/human-resources\\\/hrm\\\/2021-03-16\\\/smart-working-in-der-schweiz-neun-erkenntnisse-nach-einem-jahr-pandemie\\\/#primaryimage\"},\"image\":{\"@id\":\"https:\\\/\\\/www.organisator.ch\\\/human-resources\\\/hrm\\\/2021-03-16\\\/smart-working-in-der-schweiz-neun-erkenntnisse-nach-einem-jahr-pandemie\\\/#primaryimage\"},\"thumbnailUrl\":\"https:\\\/\\\/www.organisator.ch\\\/wp-content\\\/uploads\\\/2021\\\/03\\\/Smart-Working-in-der-Schweiz-Neun-Erkenntnisse-nach-einem-Jahr-Pandemie_Organisator.jpg\",\"datePublished\":\"2021-03-16T07:27:26+00:00\",\"description\":\"Viele Unternehmen m\u00fcssen wegen der Pandemie ihre Mitarbeitenden von zu Hause aus besch\u00e4ftigen. Ist das der Durchbruch f\u00fcr Smart Working?\",\"breadcrumb\":{\"@id\":\"https:\\\/\\\/www.organisator.ch\\\/human-resources\\\/hrm\\\/2021-03-16\\\/smart-working-in-der-schweiz-neun-erkenntnisse-nach-einem-jahr-pandemie\\\/#breadcrumb\"},\"inLanguage\":\"it-IT\",\"potentialAction\":[{\"@type\":\"ReadAction\",\"target\":[\"https:\\\/\\\/www.organisator.ch\\\/human-resources\\\/hrm\\\/2021-03-16\\\/smart-working-in-der-schweiz-neun-erkenntnisse-nach-einem-jahr-pandemie\\\/\"]}]},{\"@type\":\"ImageObject\",\"inLanguage\":\"it-IT\",\"@id\":\"https:\\\/\\\/www.organisator.ch\\\/human-resources\\\/hrm\\\/2021-03-16\\\/smart-working-in-der-schweiz-neun-erkenntnisse-nach-einem-jahr-pandemie\\\/#primaryimage\",\"url\":\"https:\\\/\\\/www.organisator.ch\\\/wp-content\\\/uploads\\\/2021\\\/03\\\/Smart-Working-in-der-Schweiz-Neun-Erkenntnisse-nach-einem-Jahr-Pandemie_Organisator.jpg\",\"contentUrl\":\"https:\\\/\\\/www.organisator.ch\\\/wp-content\\\/uploads\\\/2021\\\/03\\\/Smart-Working-in-der-Schweiz-Neun-Erkenntnisse-nach-einem-Jahr-Pandemie_Organisator.jpg\",\"width\":680,\"height\":454,\"caption\":\"Nach einem Jahr Pandemie spricht alles von Smart Working: Doch mit Homeoffice allein wird man in Zukunft nicht \\\"smarter\\\" arbeiten. (Bild: Unsplash.com)\"},{\"@type\":\"BreadcrumbList\",\"@id\":\"https:\\\/\\\/www.organisator.ch\\\/human-resources\\\/hrm\\\/2021-03-16\\\/smart-working-in-der-schweiz-neun-erkenntnisse-nach-einem-jahr-pandemie\\\/#breadcrumb\",\"itemListElement\":[{\"@type\":\"ListItem\",\"position\":1,\"name\":\"Home\",\"item\":\"https:\\\/\\\/www.organisator.ch\\\/\"},{\"@type\":\"ListItem\",\"position\":2,\"name\":\"Smart Working in der Schweiz: Neun Erkenntnisse nach einem Jahr Pandemie\"}]},{\"@type\":\"WebSite\",\"@id\":\"https:\\\/\\\/www.organisator.ch\\\/#website\",\"url\":\"https:\\\/\\\/www.organisator.ch\\\/\",\"name\":\"Organisator\",\"description\":\"Kompetent. Praxisnah. Der ORGANISATOR bereitet in 10 Ausgaben pro Jahr die wesentlichen Themen f\u00fcr F\u00fchrungskr\u00e4fte von KMU auf.\",\"publisher\":{\"@id\":\"https:\\\/\\\/www.organisator.ch\\\/#organization\"},\"potentialAction\":[{\"@type\":\"SearchAction\",\"target\":{\"@type\":\"EntryPoint\",\"urlTemplate\":\"https:\\\/\\\/www.organisator.ch\\\/?s={search_term_string}\"},\"query-input\":{\"@type\":\"PropertyValueSpecification\",\"valueRequired\":true,\"valueName\":\"search_term_string\"}}],\"inLanguage\":\"it-IT\"},{\"@type\":\"Organization\",\"@id\":\"https:\\\/\\\/www.organisator.ch\\\/#organization\",\"name\":\"Organisator\",\"url\":\"https:\\\/\\\/www.organisator.ch\\\/\",\"logo\":{\"@type\":\"ImageObject\",\"inLanguage\":\"it-IT\",\"@id\":\"https:\\\/\\\/www.organisator.ch\\\/#\\\/schema\\\/logo\\\/image\\\/\",\"url\":\"https:\\\/\\\/www.organisator.ch\\\/wp-content\\\/uploads\\\/2022\\\/01\\\/Logo_Organisator_Website.png\",\"contentUrl\":\"https:\\\/\\\/www.organisator.ch\\\/wp-content\\\/uploads\\\/2022\\\/01\\\/Logo_Organisator_Website.png\",\"width\":800,\"height\":77,\"caption\":\"Organisator\"},\"image\":{\"@id\":\"https:\\\/\\\/www.organisator.ch\\\/#\\\/schema\\\/logo\\\/image\\\/\"},\"sameAs\":[\"https:\\\/\\\/www.facebook.com\\\/OrganisatorFachmagazin\",\"https:\\\/\\\/www.linkedin.com\\\/showcase\\\/organisator-das-magazin-fr-kmu\",\"https:\\\/\\\/www.xing.com\\\/news\\\/pages\\\/organisator-ch-695\",\"https:\\\/\\\/www.youtube.com\\\/channel\\\/UCGP2Sq0iWaZwT3BdIAQFYpw\"]},{\"@type\":\"Person\",\"@id\":\"https:\\\/\\\/www.organisator.ch\\\/#\\\/schema\\\/person\\\/6f650f90b2842cd4c0cc334b4e36f67e\",\"name\":\"thomas.berner\",\"image\":{\"@type\":\"ImageObject\",\"inLanguage\":\"it-IT\",\"@id\":\"https:\\\/\\\/secure.gravatar.com\\\/avatar\\\/ac5001d2a36cb6c6cd3e50789007ffca834b477b74a2144564522e944eabff61?s=96&d=mm&r=g\",\"url\":\"https:\\\/\\\/secure.gravatar.com\\\/avatar\\\/ac5001d2a36cb6c6cd3e50789007ffca834b477b74a2144564522e944eabff61?s=96&d=mm&r=g\",\"contentUrl\":\"https:\\\/\\\/secure.gravatar.com\\\/avatar\\\/ac5001d2a36cb6c6cd3e50789007ffca834b477b74a2144564522e944eabff61?s=96&d=mm&r=g\",\"caption\":\"thomas.berner\"},\"url\":\"https:\\\/\\\/www.organisator.ch\\\/it\\\/author\\\/thomas-berner\\\/\"}]}<\/script>\n<!-- \/ Yoast SEO plugin. -->","yoast_head_json":{"title":"Smart working in Svizzera: nove intuizioni dopo un anno di pandemia - Organizzatore","description":"Molte aziende sono costrette ad assumere personale da casa a causa della pandemia. \u00c8 questa la svolta per lo smart working?","robots":{"index":"index","follow":"follow","max-snippet":"max-snippet:-1","max-image-preview":"max-image-preview:large","max-video-preview":"max-video-preview:-1"},"canonical":"https:\/\/www.organisator.ch\/it\/risorse-umane\/hrm\/2021-03-16\/smart-working-in-der-schweiz-neun-erkenntnisse-nach-einem-jahr-pandemie\/","og_locale":"it_IT","og_type":"article","og_title":"Smart Working in der Schweiz: Neun Erkenntnisse nach einem Jahr Pandemie","og_description":"Viele Unternehmen m\u00fcssen wegen der Pandemie ihre Mitarbeitenden von zu Hause aus besch\u00e4ftigen. Ist das der Durchbruch f\u00fcr Smart Working?","og_url":"https:\/\/www.organisator.ch\/it\/risorse-umane\/hrm\/2021-03-16\/smart-working-in-der-schweiz-neun-erkenntnisse-nach-einem-jahr-pandemie\/","og_site_name":"Organisator","article_publisher":"https:\/\/www.facebook.com\/OrganisatorFachmagazin","article_published_time":"2021-03-16T07:27:26+00:00","og_image":[{"width":680,"height":454,"url":"https:\/\/www.organisator.ch\/wp-content\/uploads\/2021\/03\/Smart-Working-in-der-Schweiz-Neun-Erkenntnisse-nach-einem-Jahr-Pandemie_Organisator.jpg","type":"image\/jpeg"}],"author":"thomas.berner","twitter_card":"summary_large_image","twitter_title":"Smart #Working in der Schweiz: Neun Erkenntnisse nach einem Jahr #Pandemie","twitter_description":"Viele Unternehmen m\u00fcssen wegen der Pandemie ihre Mitarbeitenden von zu Hause aus besch\u00e4ftigen. Ist das der Durchbruch f\u00fcr #SmartWorking?","twitter_image":"https:\/\/www.organisator.ch\/wp-content\/uploads\/2021\/03\/Smart-Working-in-der-Schweiz-Neun-Erkenntnisse-nach-einem-Jahr-Pandemie_Organisator.jpg","schema":{"@context":"https:\/\/schema.org","@graph":[{"@type":"Article","@id":"https:\/\/www.organisator.ch\/human-resources\/hrm\/2021-03-16\/smart-working-in-der-schweiz-neun-erkenntnisse-nach-einem-jahr-pandemie\/#article","isPartOf":{"@id":"https:\/\/www.organisator.ch\/human-resources\/hrm\/2021-03-16\/smart-working-in-der-schweiz-neun-erkenntnisse-nach-einem-jahr-pandemie\/"},"author":{"name":"thomas.berner","@id":"https:\/\/www.organisator.ch\/#\/schema\/person\/6f650f90b2842cd4c0cc334b4e36f67e"},"headline":"Smart Working in der Schweiz: Neun Erkenntnisse nach einem Jahr Pandemie","datePublished":"2021-03-16T07:27:26+00:00","mainEntityOfPage":{"@id":"https:\/\/www.organisator.ch\/human-resources\/hrm\/2021-03-16\/smart-working-in-der-schweiz-neun-erkenntnisse-nach-einem-jahr-pandemie\/"},"wordCount":1232,"publisher":{"@id":"https:\/\/www.organisator.ch\/#organization"},"image":{"@id":"https:\/\/www.organisator.ch\/human-resources\/hrm\/2021-03-16\/smart-working-in-der-schweiz-neun-erkenntnisse-nach-einem-jahr-pandemie\/#primaryimage"},"thumbnailUrl":"https:\/\/www.organisator.ch\/wp-content\/uploads\/2021\/03\/Smart-Working-in-der-Schweiz-Neun-Erkenntnisse-nach-einem-Jahr-Pandemie_Organisator.jpg","keywords":["Arbeitsplatzgestaltung","HRM","Management und Unternehmensf\u00fchrung","Studie","Work Smart"],"articleSection":["HRM"],"inLanguage":"it-IT"},{"@type":"WebPage","@id":"https:\/\/www.organisator.ch\/human-resources\/hrm\/2021-03-16\/smart-working-in-der-schweiz-neun-erkenntnisse-nach-einem-jahr-pandemie\/","url":"https:\/\/www.organisator.ch\/human-resources\/hrm\/2021-03-16\/smart-working-in-der-schweiz-neun-erkenntnisse-nach-einem-jahr-pandemie\/","name":"Smart working in Svizzera: nove intuizioni dopo un anno di pandemia - Organizzatore","isPartOf":{"@id":"https:\/\/www.organisator.ch\/#website"},"primaryImageOfPage":{"@id":"https:\/\/www.organisator.ch\/human-resources\/hrm\/2021-03-16\/smart-working-in-der-schweiz-neun-erkenntnisse-nach-einem-jahr-pandemie\/#primaryimage"},"image":{"@id":"https:\/\/www.organisator.ch\/human-resources\/hrm\/2021-03-16\/smart-working-in-der-schweiz-neun-erkenntnisse-nach-einem-jahr-pandemie\/#primaryimage"},"thumbnailUrl":"https:\/\/www.organisator.ch\/wp-content\/uploads\/2021\/03\/Smart-Working-in-der-Schweiz-Neun-Erkenntnisse-nach-einem-Jahr-Pandemie_Organisator.jpg","datePublished":"2021-03-16T07:27:26+00:00","description":"Molte aziende sono costrette ad assumere personale da casa a causa della pandemia. \u00c8 questa la svolta per lo smart working?","breadcrumb":{"@id":"https:\/\/www.organisator.ch\/human-resources\/hrm\/2021-03-16\/smart-working-in-der-schweiz-neun-erkenntnisse-nach-einem-jahr-pandemie\/#breadcrumb"},"inLanguage":"it-IT","potentialAction":[{"@type":"ReadAction","target":["https:\/\/www.organisator.ch\/human-resources\/hrm\/2021-03-16\/smart-working-in-der-schweiz-neun-erkenntnisse-nach-einem-jahr-pandemie\/"]}]},{"@type":"ImageObject","inLanguage":"it-IT","@id":"https:\/\/www.organisator.ch\/human-resources\/hrm\/2021-03-16\/smart-working-in-der-schweiz-neun-erkenntnisse-nach-einem-jahr-pandemie\/#primaryimage","url":"https:\/\/www.organisator.ch\/wp-content\/uploads\/2021\/03\/Smart-Working-in-der-Schweiz-Neun-Erkenntnisse-nach-einem-Jahr-Pandemie_Organisator.jpg","contentUrl":"https:\/\/www.organisator.ch\/wp-content\/uploads\/2021\/03\/Smart-Working-in-der-Schweiz-Neun-Erkenntnisse-nach-einem-Jahr-Pandemie_Organisator.jpg","width":680,"height":454,"caption":"Nach einem Jahr Pandemie spricht alles von Smart Working: Doch mit Homeoffice allein wird man in Zukunft nicht \"smarter\" arbeiten. (Bild: Unsplash.com)"},{"@type":"BreadcrumbList","@id":"https:\/\/www.organisator.ch\/human-resources\/hrm\/2021-03-16\/smart-working-in-der-schweiz-neun-erkenntnisse-nach-einem-jahr-pandemie\/#breadcrumb","itemListElement":[{"@type":"ListItem","position":1,"name":"Home","item":"https:\/\/www.organisator.ch\/"},{"@type":"ListItem","position":2,"name":"Smart Working in der Schweiz: Neun Erkenntnisse nach einem Jahr Pandemie"}]},{"@type":"WebSite","@id":"https:\/\/www.organisator.ch\/#website","url":"https:\/\/www.organisator.ch\/","name":"Organizzatore","description":"Competente. Pratico. In 10 numeri all'anno, ORGANISATOR presenta i temi essenziali per i manager delle PMI.","publisher":{"@id":"https:\/\/www.organisator.ch\/#organization"},"potentialAction":[{"@type":"SearchAction","target":{"@type":"EntryPoint","urlTemplate":"https:\/\/www.organisator.ch\/?s={search_term_string}"},"query-input":{"@type":"PropertyValueSpecification","valueRequired":true,"valueName":"search_term_string"}}],"inLanguage":"it-IT"},{"@type":"Organization","@id":"https:\/\/www.organisator.ch\/#organization","name":"Organizzatore","url":"https:\/\/www.organisator.ch\/","logo":{"@type":"ImageObject","inLanguage":"it-IT","@id":"https:\/\/www.organisator.ch\/#\/schema\/logo\/image\/","url":"https:\/\/www.organisator.ch\/wp-content\/uploads\/2022\/01\/Logo_Organisator_Website.png","contentUrl":"https:\/\/www.organisator.ch\/wp-content\/uploads\/2022\/01\/Logo_Organisator_Website.png","width":800,"height":77,"caption":"Organisator"},"image":{"@id":"https:\/\/www.organisator.ch\/#\/schema\/logo\/image\/"},"sameAs":["https:\/\/www.facebook.com\/OrganisatorFachmagazin","https:\/\/www.linkedin.com\/showcase\/organisator-das-magazin-fr-kmu","https:\/\/www.xing.com\/news\/pages\/organisator-ch-695","https:\/\/www.youtube.com\/channel\/UCGP2Sq0iWaZwT3BdIAQFYpw"]},{"@type":"Person","@id":"https:\/\/www.organisator.ch\/#\/schema\/person\/6f650f90b2842cd4c0cc334b4e36f67e","name":"Tommaso.berner","image":{"@type":"ImageObject","inLanguage":"it-IT","@id":"https:\/\/secure.gravatar.com\/avatar\/ac5001d2a36cb6c6cd3e50789007ffca834b477b74a2144564522e944eabff61?s=96&d=mm&r=g","url":"https:\/\/secure.gravatar.com\/avatar\/ac5001d2a36cb6c6cd3e50789007ffca834b477b74a2144564522e944eabff61?s=96&d=mm&r=g","contentUrl":"https:\/\/secure.gravatar.com\/avatar\/ac5001d2a36cb6c6cd3e50789007ffca834b477b74a2144564522e944eabff61?s=96&d=mm&r=g","caption":"thomas.berner"},"url":"https:\/\/www.organisator.ch\/it\/author\/thomas-berner\/"}]}},"_links":{"self":[{"href":"https:\/\/www.organisator.ch\/it\/wp-json\/wp\/v2\/posts\/7800","targetHints":{"allow":["GET"]}}],"collection":[{"href":"https:\/\/www.organisator.ch\/it\/wp-json\/wp\/v2\/posts"}],"about":[{"href":"https:\/\/www.organisator.ch\/it\/wp-json\/wp\/v2\/types\/post"}],"author":[{"embeddable":true,"href":"https:\/\/www.organisator.ch\/it\/wp-json\/wp\/v2\/users\/4"}],"replies":[{"embeddable":true,"href":"https:\/\/www.organisator.ch\/it\/wp-json\/wp\/v2\/comments?post=7800"}],"version-history":[{"count":0,"href":"https:\/\/www.organisator.ch\/it\/wp-json\/wp\/v2\/posts\/7800\/revisions"}],"wp:featuredmedia":[{"embeddable":true,"href":"https:\/\/www.organisator.ch\/it\/wp-json\/wp\/v2\/media\/7801"}],"wp:attachment":[{"href":"https:\/\/www.organisator.ch\/it\/wp-json\/wp\/v2\/media?parent=7800"}],"wp:term":[{"taxonomy":"category","embeddable":true,"href":"https:\/\/www.organisator.ch\/it\/wp-json\/wp\/v2\/categories?post=7800"},{"taxonomy":"post_tag","embeddable":true,"href":"https:\/\/www.organisator.ch\/it\/wp-json\/wp\/v2\/tags?post=7800"}],"curies":[{"name":"wp","href":"https:\/\/api.w.org\/{rel}","templated":true}]}}