{"id":7824,"date":"2021-03-19T13:32:56","date_gmt":"2021-03-19T12:32:56","guid":{"rendered":"https:\/\/www.organisator.ch\/?p=7824"},"modified":"2021-03-19T13:32:56","modified_gmt":"2021-03-19T12:32:56","slug":"neuer-ceo-bei-graphax-ag","status":"publish","type":"post","link":"https:\/\/www.organisator.ch\/it\/management\/2021-03-19\/neuer-ceo-bei-graphax-ag\/","title":{"rendered":"Nuovo CEO di Graphax AG"},"content":{"rendered":"<figure id=\"attachment_7825\" aria-describedby=\"caption-attachment-7825\" style=\"width: 680px\" class=\"wp-caption alignnone\"><img loading=\"lazy\" decoding=\"async\" class=\"size-medium wp-image-7825\" src=\"https:\/\/www.organisator.ch\/wp-content\/uploads\/2021\/03\/Neuer-CEO-bei-Graphax-AG_Organisator.jpg\" alt=\"\" width=\"680\" height=\"538\" srcset=\"https:\/\/www.organisator.ch\/wp-content\/uploads\/2021\/03\/Neuer-CEO-bei-Graphax-AG_Organisator.jpg 680w, https:\/\/www.organisator.ch\/wp-content\/uploads\/2021\/03\/Neuer-CEO-bei-Graphax-AG_Organisator-16x12.jpg 16w, https:\/\/www.organisator.ch\/wp-content\/uploads\/2021\/03\/Neuer-CEO-bei-Graphax-AG_Organisator-221x175.jpg 221w, https:\/\/www.organisator.ch\/wp-content\/uploads\/2021\/03\/Neuer-CEO-bei-Graphax-AG_Organisator-442x350.jpg 442w, https:\/\/www.organisator.ch\/wp-content\/uploads\/2021\/03\/Neuer-CEO-bei-Graphax-AG_Organisator-300x237.jpg 300w\" sizes=\"auto, (max-width: 680px) 100vw, 680px\" \/><figcaption id=\"caption-attachment-7825\" class=\"wp-caption-text\">Diventa nuovo CEO di Graphax AG: Beat B\u00fchlmann. (Immagine: zVg)<\/figcaption><\/figure>\n<p>Beat B\u00fchlmann diventer\u00e0 il nuovo CEO di Graphax AG a partire dal 1\u00b0 giugno 2021. Sostituisce il mandato di Ernst Fl\u00fcckiger. Nella sua ultima posizione di Responsabile Vendite PMI di Swisscom, Beat B\u00fchlmann si \u00e8 occupato di IT, Internet e telefonia come soluzioni globali modulari. In precedenza ha lavorato presso HP, Dell, Google ed Evernote. Con la sua doppia formazione (informatica e amministrazione aziendale) e i suoi 20 anni di esperienza pratica, Beat B\u00fchlmann porta con s\u00e9 gli strumenti necessari per guidare e intensificare ulteriormente il percorso di digitalizzazione gi\u00e0 di successo dell'azienda svizzera. Beat B\u00fchlmann dice del suo futuro nuovo ruolo: \"Sono molto contento di poter contribuire con la mia pluriennale esperienza nell'ambiente ICT a uno dei rinomati leader di mercato svizzeri nel settore DMS ed ECM.<\/p>\n<p>Graphax AG, con sede a Dietikon vicino a Zurigo e otto filiali nella Svizzera tedesca e francese, impiega circa 190 persone. Tra le altre cose, l'azienda \u00e8 il distributore generale svizzero delle soluzioni di stampa Konica Minolta. Grazie alla sua ampia gamma di servizi, l'azienda dichiara di essere uno dei principali fornitori di tecnologie innovative nei settori della gestione dei contenuti aziendali, dei servizi IT, della gestione del parco stampanti e delle soluzioni complete. <a href=\"https:\/\/www.organisator.ch\/prof-dr-rene-huesler-neu-im-verwaltungsrat-von-graphax\/\">Solo recentemente<\/a> Graphax AG ha nominato il Prof. Dr. Ren\u00e9 H\u00fcsler nuovo membro del Consiglio di Amministrazione.<\/p>\n<p><em>Fonte: <a href=\"http:\/\/www.graphax.ch\">Graphax AG<\/a><\/em><\/p>","protected":false},"excerpt":{"rendered":"<p>Beat B\u00fchlmann wird ab 1. Juni 2021 neuer CEO von Graphax AG. Er l\u00f6st damit das Mandat von Ernst Fl\u00fcckiger ab. In seiner letzten T\u00e4tigkeit als Leiter Verkauf KMU bei Swisscom hat sich Beat B\u00fchlmann mit IT, Internet und Telefonie als modulare Gesamtl\u00f6sungen besch\u00e4ftigt. Vorherige Stationen waren bei HP, Dell, Google und Evernote. Beat B\u00fchlmann [&hellip;]<\/p>\n","protected":false},"author":4,"featured_media":7825,"comment_status":"closed","ping_status":"closed","sticky":false,"template":"","format":"standard","meta":{"_acf_changed":false,"_yoast_wpseo_focuskw":"neuer CEO","_yoast_wpseo_metadesc":"Die in Dietikon bei Z\u00fcrich ans\u00e4ssige Graphax AG erh\u00e4lt eine neue F\u00fchrung. Beat B\u00fchlmann wird ab 1. Juni 2021 neuer CEO beim ICT-Dienstleister.","articlekey":"","footnotes":""},"categories":[28],"tags":[335,381,492],"class_list":["post-7824","post","type-post","status-publish","format-standard","has-post-thumbnail","hentry","category-management","tag-management-und-unternehmensfuehrung","tag-personalia","tag-unternehmen"],"acf":[],"yoast_head":"<!-- This site is optimized with the Yoast SEO plugin v27.5 - https:\/\/yoast.com\/product\/yoast-seo-wordpress\/ -->\n<title>Neuer CEO bei Graphax AG - Organisator<\/title>\n<meta name=\"description\" content=\"Die in Dietikon bei Z\u00fcrich ans\u00e4ssige Graphax AG erh\u00e4lt eine neue F\u00fchrung. Beat B\u00fchlmann wird ab 1. Juni 2021 neuer CEO beim ICT-Dienstleister.\" \/>\n<meta name=\"robots\" content=\"index, follow, max-snippet:-1, max-image-preview:large, max-video-preview:-1\" \/>\n<link rel=\"canonical\" href=\"https:\/\/www.organisator.ch\/it\/gestione-2\/2021-03-19\/neuer-ceo-bei-graphax-ag\/\" \/>\n<meta property=\"og:locale\" content=\"it_IT\" \/>\n<meta property=\"og:type\" content=\"article\" \/>\n<meta property=\"og:title\" content=\"Neuer CEO bei Graphax AG\" \/>\n<meta property=\"og:description\" content=\"Die in Dietikon bei Z\u00fcrich ans\u00e4ssige Graphax AG erh\u00e4lt eine neue F\u00fchrung. Beat B\u00fchlmann wird ab 1. Juni 2021 neuer CEO beim ICT-Dienstleister.\" \/>\n<meta property=\"og:url\" content=\"https:\/\/www.organisator.ch\/it\/gestione-2\/2021-03-19\/neuer-ceo-bei-graphax-ag\/\" \/>\n<meta property=\"og:site_name\" content=\"Organisator\" \/>\n<meta property=\"article:publisher\" content=\"https:\/\/www.facebook.com\/OrganisatorFachmagazin\" \/>\n<meta property=\"article:published_time\" content=\"2021-03-19T12:32:56+00:00\" \/>\n<meta property=\"og:image\" content=\"https:\/\/www.organisator.ch\/wp-content\/uploads\/2021\/03\/Neuer-CEO-bei-Graphax-AG_Organisator.jpg\" \/>\n\t<meta property=\"og:image:width\" content=\"680\" \/>\n\t<meta property=\"og:image:height\" content=\"538\" \/>\n\t<meta property=\"og:image:type\" content=\"image\/jpeg\" \/>\n<meta name=\"author\" content=\"thomas.berner\" \/>\n<meta name=\"twitter:card\" content=\"summary_large_image\" \/>\n<meta name=\"twitter:title\" content=\"Neuer #CEO bei #Graphax AG\" \/>\n<meta name=\"twitter:description\" content=\"Die in Dietikon bei Z\u00fcrich ans\u00e4ssige #Graphax AG erh\u00e4lt eine neue F\u00fchrung. Beat #B\u00fchlmann wird ab 1. Juni 2021 neuer CEO beim ICT-Dienstleister.\" \/>\n<meta name=\"twitter:image\" content=\"https:\/\/www.organisator.ch\/wp-content\/uploads\/2021\/03\/Neuer-CEO-bei-Graphax-AG_Organisator.jpg\" \/>\n<script type=\"application\/ld+json\" class=\"yoast-schema-graph\">{\"@context\":\"https:\\\/\\\/schema.org\",\"@graph\":[{\"@type\":\"Article\",\"@id\":\"https:\\\/\\\/www.organisator.ch\\\/management\\\/2021-03-19\\\/neuer-ceo-bei-graphax-ag\\\/#article\",\"isPartOf\":{\"@id\":\"https:\\\/\\\/www.organisator.ch\\\/management\\\/2021-03-19\\\/neuer-ceo-bei-graphax-ag\\\/\"},\"author\":{\"name\":\"thomas.berner\",\"@id\":\"https:\\\/\\\/www.organisator.ch\\\/#\\\/schema\\\/person\\\/6f650f90b2842cd4c0cc334b4e36f67e\"},\"headline\":\"Neuer CEO bei Graphax AG\",\"datePublished\":\"2021-03-19T12:32:56+00:00\",\"mainEntityOfPage\":{\"@id\":\"https:\\\/\\\/www.organisator.ch\\\/management\\\/2021-03-19\\\/neuer-ceo-bei-graphax-ag\\\/\"},\"wordCount\":239,\"publisher\":{\"@id\":\"https:\\\/\\\/www.organisator.ch\\\/#organization\"},\"image\":{\"@id\":\"https:\\\/\\\/www.organisator.ch\\\/management\\\/2021-03-19\\\/neuer-ceo-bei-graphax-ag\\\/#primaryimage\"},\"thumbnailUrl\":\"https:\\\/\\\/www.organisator.ch\\\/wp-content\\\/uploads\\\/2021\\\/03\\\/Neuer-CEO-bei-Graphax-AG_Organisator.jpg\",\"keywords\":[\"Management und Unternehmensf\u00fchrung\",\"Personalia\",\"Unternehmen\"],\"articleSection\":[\"MANAGEMENT\"],\"inLanguage\":\"it-IT\"},{\"@type\":\"WebPage\",\"@id\":\"https:\\\/\\\/www.organisator.ch\\\/management\\\/2021-03-19\\\/neuer-ceo-bei-graphax-ag\\\/\",\"url\":\"https:\\\/\\\/www.organisator.ch\\\/management\\\/2021-03-19\\\/neuer-ceo-bei-graphax-ag\\\/\",\"name\":\"Neuer CEO bei Graphax AG - Organisator\",\"isPartOf\":{\"@id\":\"https:\\\/\\\/www.organisator.ch\\\/#website\"},\"primaryImageOfPage\":{\"@id\":\"https:\\\/\\\/www.organisator.ch\\\/management\\\/2021-03-19\\\/neuer-ceo-bei-graphax-ag\\\/#primaryimage\"},\"image\":{\"@id\":\"https:\\\/\\\/www.organisator.ch\\\/management\\\/2021-03-19\\\/neuer-ceo-bei-graphax-ag\\\/#primaryimage\"},\"thumbnailUrl\":\"https:\\\/\\\/www.organisator.ch\\\/wp-content\\\/uploads\\\/2021\\\/03\\\/Neuer-CEO-bei-Graphax-AG_Organisator.jpg\",\"datePublished\":\"2021-03-19T12:32:56+00:00\",\"description\":\"Die in Dietikon bei Z\u00fcrich ans\u00e4ssige Graphax AG erh\u00e4lt eine neue F\u00fchrung. Beat B\u00fchlmann wird ab 1. Juni 2021 neuer CEO beim ICT-Dienstleister.\",\"breadcrumb\":{\"@id\":\"https:\\\/\\\/www.organisator.ch\\\/management\\\/2021-03-19\\\/neuer-ceo-bei-graphax-ag\\\/#breadcrumb\"},\"inLanguage\":\"it-IT\",\"potentialAction\":[{\"@type\":\"ReadAction\",\"target\":[\"https:\\\/\\\/www.organisator.ch\\\/management\\\/2021-03-19\\\/neuer-ceo-bei-graphax-ag\\\/\"]}]},{\"@type\":\"ImageObject\",\"inLanguage\":\"it-IT\",\"@id\":\"https:\\\/\\\/www.organisator.ch\\\/management\\\/2021-03-19\\\/neuer-ceo-bei-graphax-ag\\\/#primaryimage\",\"url\":\"https:\\\/\\\/www.organisator.ch\\\/wp-content\\\/uploads\\\/2021\\\/03\\\/Neuer-CEO-bei-Graphax-AG_Organisator.jpg\",\"contentUrl\":\"https:\\\/\\\/www.organisator.ch\\\/wp-content\\\/uploads\\\/2021\\\/03\\\/Neuer-CEO-bei-Graphax-AG_Organisator.jpg\",\"width\":680,\"height\":538,\"caption\":\"Wird neuer CEO bei Graphax AG: Beat B\u00fchlmann. (Bild: zVg)\"},{\"@type\":\"BreadcrumbList\",\"@id\":\"https:\\\/\\\/www.organisator.ch\\\/management\\\/2021-03-19\\\/neuer-ceo-bei-graphax-ag\\\/#breadcrumb\",\"itemListElement\":[{\"@type\":\"ListItem\",\"position\":1,\"name\":\"Home\",\"item\":\"https:\\\/\\\/www.organisator.ch\\\/\"},{\"@type\":\"ListItem\",\"position\":2,\"name\":\"Neuer CEO bei Graphax AG\"}]},{\"@type\":\"WebSite\",\"@id\":\"https:\\\/\\\/www.organisator.ch\\\/#website\",\"url\":\"https:\\\/\\\/www.organisator.ch\\\/\",\"name\":\"Organisator\",\"description\":\"Kompetent. Praxisnah. Der ORGANISATOR bereitet in 10 Ausgaben pro Jahr die wesentlichen Themen f\u00fcr F\u00fchrungskr\u00e4fte von KMU auf.\",\"publisher\":{\"@id\":\"https:\\\/\\\/www.organisator.ch\\\/#organization\"},\"potentialAction\":[{\"@type\":\"SearchAction\",\"target\":{\"@type\":\"EntryPoint\",\"urlTemplate\":\"https:\\\/\\\/www.organisator.ch\\\/?s={search_term_string}\"},\"query-input\":{\"@type\":\"PropertyValueSpecification\",\"valueRequired\":true,\"valueName\":\"search_term_string\"}}],\"inLanguage\":\"it-IT\"},{\"@type\":\"Organization\",\"@id\":\"https:\\\/\\\/www.organisator.ch\\\/#organization\",\"name\":\"Organisator\",\"url\":\"https:\\\/\\\/www.organisator.ch\\\/\",\"logo\":{\"@type\":\"ImageObject\",\"inLanguage\":\"it-IT\",\"@id\":\"https:\\\/\\\/www.organisator.ch\\\/#\\\/schema\\\/logo\\\/image\\\/\",\"url\":\"https:\\\/\\\/www.organisator.ch\\\/wp-content\\\/uploads\\\/2022\\\/01\\\/Logo_Organisator_Website.png\",\"contentUrl\":\"https:\\\/\\\/www.organisator.ch\\\/wp-content\\\/uploads\\\/2022\\\/01\\\/Logo_Organisator_Website.png\",\"width\":800,\"height\":77,\"caption\":\"Organisator\"},\"image\":{\"@id\":\"https:\\\/\\\/www.organisator.ch\\\/#\\\/schema\\\/logo\\\/image\\\/\"},\"sameAs\":[\"https:\\\/\\\/www.facebook.com\\\/OrganisatorFachmagazin\",\"https:\\\/\\\/www.linkedin.com\\\/showcase\\\/organisator-das-magazin-fr-kmu\",\"https:\\\/\\\/www.xing.com\\\/news\\\/pages\\\/organisator-ch-695\",\"https:\\\/\\\/www.youtube.com\\\/channel\\\/UCGP2Sq0iWaZwT3BdIAQFYpw\"]},{\"@type\":\"Person\",\"@id\":\"https:\\\/\\\/www.organisator.ch\\\/#\\\/schema\\\/person\\\/6f650f90b2842cd4c0cc334b4e36f67e\",\"name\":\"thomas.berner\",\"image\":{\"@type\":\"ImageObject\",\"inLanguage\":\"it-IT\",\"@id\":\"https:\\\/\\\/secure.gravatar.com\\\/avatar\\\/ac5001d2a36cb6c6cd3e50789007ffca834b477b74a2144564522e944eabff61?s=96&d=mm&r=g\",\"url\":\"https:\\\/\\\/secure.gravatar.com\\\/avatar\\\/ac5001d2a36cb6c6cd3e50789007ffca834b477b74a2144564522e944eabff61?s=96&d=mm&r=g\",\"contentUrl\":\"https:\\\/\\\/secure.gravatar.com\\\/avatar\\\/ac5001d2a36cb6c6cd3e50789007ffca834b477b74a2144564522e944eabff61?s=96&d=mm&r=g\",\"caption\":\"thomas.berner\"},\"url\":\"https:\\\/\\\/www.organisator.ch\\\/it\\\/author\\\/thomas-berner\\\/\"}]}<\/script>\n<!-- \/ Yoast SEO plugin. -->","yoast_head_json":{"title":"Nuovo CEO per Graphax AG - Organizzatore","description":"Graphax AG, con sede a Dietikon, vicino a Zurigo, ha una nuova leadership. Beat B\u00fchlmann diventer\u00e0 il nuovo CEO del fornitore di servizi ICT a partire dal 1\u00b0 giugno 2021.","robots":{"index":"index","follow":"follow","max-snippet":"max-snippet:-1","max-image-preview":"max-image-preview:large","max-video-preview":"max-video-preview:-1"},"canonical":"https:\/\/www.organisator.ch\/it\/gestione-2\/2021-03-19\/neuer-ceo-bei-graphax-ag\/","og_locale":"it_IT","og_type":"article","og_title":"Neuer CEO bei Graphax AG","og_description":"Die in Dietikon bei Z\u00fcrich ans\u00e4ssige Graphax AG erh\u00e4lt eine neue F\u00fchrung. Beat B\u00fchlmann wird ab 1. Juni 2021 neuer CEO beim ICT-Dienstleister.","og_url":"https:\/\/www.organisator.ch\/it\/gestione-2\/2021-03-19\/neuer-ceo-bei-graphax-ag\/","og_site_name":"Organisator","article_publisher":"https:\/\/www.facebook.com\/OrganisatorFachmagazin","article_published_time":"2021-03-19T12:32:56+00:00","og_image":[{"width":680,"height":538,"url":"https:\/\/www.organisator.ch\/wp-content\/uploads\/2021\/03\/Neuer-CEO-bei-Graphax-AG_Organisator.jpg","type":"image\/jpeg"}],"author":"thomas.berner","twitter_card":"summary_large_image","twitter_title":"Neuer #CEO bei #Graphax AG","twitter_description":"Die in Dietikon bei Z\u00fcrich ans\u00e4ssige #Graphax AG erh\u00e4lt eine neue F\u00fchrung. Beat #B\u00fchlmann wird ab 1. Juni 2021 neuer CEO beim ICT-Dienstleister.","twitter_image":"https:\/\/www.organisator.ch\/wp-content\/uploads\/2021\/03\/Neuer-CEO-bei-Graphax-AG_Organisator.jpg","schema":{"@context":"https:\/\/schema.org","@graph":[{"@type":"Article","@id":"https:\/\/www.organisator.ch\/management\/2021-03-19\/neuer-ceo-bei-graphax-ag\/#article","isPartOf":{"@id":"https:\/\/www.organisator.ch\/management\/2021-03-19\/neuer-ceo-bei-graphax-ag\/"},"author":{"name":"thomas.berner","@id":"https:\/\/www.organisator.ch\/#\/schema\/person\/6f650f90b2842cd4c0cc334b4e36f67e"},"headline":"Neuer CEO bei Graphax AG","datePublished":"2021-03-19T12:32:56+00:00","mainEntityOfPage":{"@id":"https:\/\/www.organisator.ch\/management\/2021-03-19\/neuer-ceo-bei-graphax-ag\/"},"wordCount":239,"publisher":{"@id":"https:\/\/www.organisator.ch\/#organization"},"image":{"@id":"https:\/\/www.organisator.ch\/management\/2021-03-19\/neuer-ceo-bei-graphax-ag\/#primaryimage"},"thumbnailUrl":"https:\/\/www.organisator.ch\/wp-content\/uploads\/2021\/03\/Neuer-CEO-bei-Graphax-AG_Organisator.jpg","keywords":["Management und Unternehmensf\u00fchrung","Personalia","Unternehmen"],"articleSection":["MANAGEMENT"],"inLanguage":"it-IT"},{"@type":"WebPage","@id":"https:\/\/www.organisator.ch\/management\/2021-03-19\/neuer-ceo-bei-graphax-ag\/","url":"https:\/\/www.organisator.ch\/management\/2021-03-19\/neuer-ceo-bei-graphax-ag\/","name":"Nuovo CEO per Graphax AG - Organizzatore","isPartOf":{"@id":"https:\/\/www.organisator.ch\/#website"},"primaryImageOfPage":{"@id":"https:\/\/www.organisator.ch\/management\/2021-03-19\/neuer-ceo-bei-graphax-ag\/#primaryimage"},"image":{"@id":"https:\/\/www.organisator.ch\/management\/2021-03-19\/neuer-ceo-bei-graphax-ag\/#primaryimage"},"thumbnailUrl":"https:\/\/www.organisator.ch\/wp-content\/uploads\/2021\/03\/Neuer-CEO-bei-Graphax-AG_Organisator.jpg","datePublished":"2021-03-19T12:32:56+00:00","description":"Graphax AG, con sede a Dietikon, vicino a Zurigo, ha una nuova leadership. Beat B\u00fchlmann diventer\u00e0 il nuovo CEO del fornitore di servizi ICT a partire dal 1\u00b0 giugno 2021.","breadcrumb":{"@id":"https:\/\/www.organisator.ch\/management\/2021-03-19\/neuer-ceo-bei-graphax-ag\/#breadcrumb"},"inLanguage":"it-IT","potentialAction":[{"@type":"ReadAction","target":["https:\/\/www.organisator.ch\/management\/2021-03-19\/neuer-ceo-bei-graphax-ag\/"]}]},{"@type":"ImageObject","inLanguage":"it-IT","@id":"https:\/\/www.organisator.ch\/management\/2021-03-19\/neuer-ceo-bei-graphax-ag\/#primaryimage","url":"https:\/\/www.organisator.ch\/wp-content\/uploads\/2021\/03\/Neuer-CEO-bei-Graphax-AG_Organisator.jpg","contentUrl":"https:\/\/www.organisator.ch\/wp-content\/uploads\/2021\/03\/Neuer-CEO-bei-Graphax-AG_Organisator.jpg","width":680,"height":538,"caption":"Wird neuer CEO bei Graphax AG: Beat B\u00fchlmann. (Bild: zVg)"},{"@type":"BreadcrumbList","@id":"https:\/\/www.organisator.ch\/management\/2021-03-19\/neuer-ceo-bei-graphax-ag\/#breadcrumb","itemListElement":[{"@type":"ListItem","position":1,"name":"Home","item":"https:\/\/www.organisator.ch\/"},{"@type":"ListItem","position":2,"name":"Neuer CEO bei Graphax AG"}]},{"@type":"WebSite","@id":"https:\/\/www.organisator.ch\/#website","url":"https:\/\/www.organisator.ch\/","name":"Organizzatore","description":"Competente. Pratico. In 10 numeri all'anno, ORGANISATOR presenta i temi essenziali per i manager delle PMI.","publisher":{"@id":"https:\/\/www.organisator.ch\/#organization"},"potentialAction":[{"@type":"SearchAction","target":{"@type":"EntryPoint","urlTemplate":"https:\/\/www.organisator.ch\/?s={search_term_string}"},"query-input":{"@type":"PropertyValueSpecification","valueRequired":true,"valueName":"search_term_string"}}],"inLanguage":"it-IT"},{"@type":"Organization","@id":"https:\/\/www.organisator.ch\/#organization","name":"Organizzatore","url":"https:\/\/www.organisator.ch\/","logo":{"@type":"ImageObject","inLanguage":"it-IT","@id":"https:\/\/www.organisator.ch\/#\/schema\/logo\/image\/","url":"https:\/\/www.organisator.ch\/wp-content\/uploads\/2022\/01\/Logo_Organisator_Website.png","contentUrl":"https:\/\/www.organisator.ch\/wp-content\/uploads\/2022\/01\/Logo_Organisator_Website.png","width":800,"height":77,"caption":"Organisator"},"image":{"@id":"https:\/\/www.organisator.ch\/#\/schema\/logo\/image\/"},"sameAs":["https:\/\/www.facebook.com\/OrganisatorFachmagazin","https:\/\/www.linkedin.com\/showcase\/organisator-das-magazin-fr-kmu","https:\/\/www.xing.com\/news\/pages\/organisator-ch-695","https:\/\/www.youtube.com\/channel\/UCGP2Sq0iWaZwT3BdIAQFYpw"]},{"@type":"Person","@id":"https:\/\/www.organisator.ch\/#\/schema\/person\/6f650f90b2842cd4c0cc334b4e36f67e","name":"Tommaso.berner","image":{"@type":"ImageObject","inLanguage":"it-IT","@id":"https:\/\/secure.gravatar.com\/avatar\/ac5001d2a36cb6c6cd3e50789007ffca834b477b74a2144564522e944eabff61?s=96&d=mm&r=g","url":"https:\/\/secure.gravatar.com\/avatar\/ac5001d2a36cb6c6cd3e50789007ffca834b477b74a2144564522e944eabff61?s=96&d=mm&r=g","contentUrl":"https:\/\/secure.gravatar.com\/avatar\/ac5001d2a36cb6c6cd3e50789007ffca834b477b74a2144564522e944eabff61?s=96&d=mm&r=g","caption":"thomas.berner"},"url":"https:\/\/www.organisator.ch\/it\/author\/thomas-berner\/"}]}},"_links":{"self":[{"href":"https:\/\/www.organisator.ch\/it\/wp-json\/wp\/v2\/posts\/7824","targetHints":{"allow":["GET"]}}],"collection":[{"href":"https:\/\/www.organisator.ch\/it\/wp-json\/wp\/v2\/posts"}],"about":[{"href":"https:\/\/www.organisator.ch\/it\/wp-json\/wp\/v2\/types\/post"}],"author":[{"embeddable":true,"href":"https:\/\/www.organisator.ch\/it\/wp-json\/wp\/v2\/users\/4"}],"replies":[{"embeddable":true,"href":"https:\/\/www.organisator.ch\/it\/wp-json\/wp\/v2\/comments?post=7824"}],"version-history":[{"count":0,"href":"https:\/\/www.organisator.ch\/it\/wp-json\/wp\/v2\/posts\/7824\/revisions"}],"wp:featuredmedia":[{"embeddable":true,"href":"https:\/\/www.organisator.ch\/it\/wp-json\/wp\/v2\/media\/7825"}],"wp:attachment":[{"href":"https:\/\/www.organisator.ch\/it\/wp-json\/wp\/v2\/media?parent=7824"}],"wp:term":[{"taxonomy":"category","embeddable":true,"href":"https:\/\/www.organisator.ch\/it\/wp-json\/wp\/v2\/categories?post=7824"},{"taxonomy":"post_tag","embeddable":true,"href":"https:\/\/www.organisator.ch\/it\/wp-json\/wp\/v2\/tags?post=7824"}],"curies":[{"name":"wp","href":"https:\/\/api.w.org\/{rel}","templated":true}]}}