{"id":7876,"date":"2021-03-31T16:34:49","date_gmt":"2021-03-31T14:34:49","guid":{"rendered":"https:\/\/www.organisator.ch\/?p=7876"},"modified":"2021-03-31T16:34:49","modified_gmt":"2021-03-31T14:34:49","slug":"post-corona-arbeitswelt-schweizer-coworking-spaces-sind-bereit","status":"publish","type":"post","link":"https:\/\/www.organisator.ch\/it\/allgemein\/2021-03-31\/post-corona-arbeitswelt-schweizer-coworking-spaces-sind-bereit\/","title":{"rendered":"Mondo del lavoro post-Corona: gli spazi di coworking svizzeri sono pronti"},"content":{"rendered":"<figure id=\"attachment_7878\" aria-describedby=\"caption-attachment-7878\" style=\"width: 680px\" class=\"wp-caption alignnone\"><img loading=\"lazy\" decoding=\"async\" class=\"size-medium wp-image-7878\" src=\"https:\/\/www.organisator.ch\/wp-content\/uploads\/2021\/03\/Post-Corona-Arbeitswelt-Schweizer-Coworking-Spaces-sind-bereit-1_Organisator.jpg\" alt=\"\" width=\"680\" height=\"430\" srcset=\"https:\/\/www.organisator.ch\/wp-content\/uploads\/2021\/03\/Post-Corona-Arbeitswelt-Schweizer-Coworking-Spaces-sind-bereit-1_Organisator.jpg 680w, https:\/\/www.organisator.ch\/wp-content\/uploads\/2021\/03\/Post-Corona-Arbeitswelt-Schweizer-Coworking-Spaces-sind-bereit-1_Organisator-16x10.jpg 16w, https:\/\/www.organisator.ch\/wp-content\/uploads\/2021\/03\/Post-Corona-Arbeitswelt-Schweizer-Coworking-Spaces-sind-bereit-1_Organisator-277x175.jpg 277w, https:\/\/www.organisator.ch\/wp-content\/uploads\/2021\/03\/Post-Corona-Arbeitswelt-Schweizer-Coworking-Spaces-sind-bereit-1_Organisator-553x350.jpg 553w, https:\/\/www.organisator.ch\/wp-content\/uploads\/2021\/03\/Post-Corona-Arbeitswelt-Schweizer-Coworking-Spaces-sind-bereit-1_Organisator-300x190.jpg 300w\" sizes=\"auto, (max-width: 680px) 100vw, 680px\" \/><figcaption id=\"caption-attachment-7878\" class=\"wp-caption-text\">Posti di lavoro vuoti a causa della pandemia... Ma gli spazi di coworking svizzeri si vedono attrezzati per il mondo del lavoro post-Corona. (Immagine: Pixabay.com)<\/figcaption><\/figure>\n<p>L'11 marzo, l'assemblea generale dell'associazione Coworking Switzerland ha avuto luogo - praticamente per la prima volta. Durante l'incontro si \u00e8 discusso anche dello stato attuale del coworking in Svizzera e dell'impatto della pandemia.<\/p>\n<h2>La pandemia colpir\u00e0 anche gli spazi di coworking nel 2020<\/h2>\n<p>All'inizio del 2020, il titolo era ancora che il coworking si era evoluto da un fenomeno marginale a un mercato in crescita. Tuttavia, questo sviluppo \u00e8 stato ampiamente rallentato dalla pandemia, anche se le varie misure per combattere la pandemia non hanno mai portato alla chiusura forzata degli spazi di coworking. Nella primavera del 2020, la maggior parte degli spazi di coworking sono stati comunque costretti all'inattivit\u00e0, sia in termini di affitto di spazi di lavoro che di sale per conferenze e riunioni. Dopo che le restrizioni sono state tolte in estate, c'\u00e8 stata una ripresa. Sono arrivati nuovi clienti interessati a spazi di lavoro individuali nell'Open Space o anche a uffici privati.<\/p>\n<figure id=\"attachment_7877\" aria-describedby=\"caption-attachment-7877\" style=\"width: 680px\" class=\"wp-caption alignnone\"><img loading=\"lazy\" decoding=\"async\" class=\"wp-image-7877 size-medium\" src=\"https:\/\/www.organisator.ch\/wp-content\/uploads\/2021\/03\/Post-Corona-Arbeitswelt-Schweizer-Coworking-Spaces-sind-bereit-2_Organisator.jpg\" alt=\"\" width=\"680\" height=\"409\" srcset=\"https:\/\/www.organisator.ch\/wp-content\/uploads\/2021\/03\/Post-Corona-Arbeitswelt-Schweizer-Coworking-Spaces-sind-bereit-2_Organisator.jpg 680w, https:\/\/www.organisator.ch\/wp-content\/uploads\/2021\/03\/Post-Corona-Arbeitswelt-Schweizer-Coworking-Spaces-sind-bereit-2_Organisator-16x10.jpg 16w, https:\/\/www.organisator.ch\/wp-content\/uploads\/2021\/03\/Post-Corona-Arbeitswelt-Schweizer-Coworking-Spaces-sind-bereit-2_Organisator-291x175.jpg 291w, https:\/\/www.organisator.ch\/wp-content\/uploads\/2021\/03\/Post-Corona-Arbeitswelt-Schweizer-Coworking-Spaces-sind-bereit-2_Organisator-582x350.jpg 582w, https:\/\/www.organisator.ch\/wp-content\/uploads\/2021\/03\/Post-Corona-Arbeitswelt-Schweizer-Coworking-Spaces-sind-bereit-2_Organisator-300x180.jpg 300w\" sizes=\"auto, (max-width: 680px) 100vw, 680px\" \/><figcaption id=\"caption-attachment-7877\" class=\"wp-caption-text\">Sviluppo di spazi di coworking svizzeri nell'estate 2020<\/figcaption><\/figure>\n<p>Tuttavia, questa ripresa \u00e8 stata interrotta di nuovo nell'ottobre 2020, e date le restrizioni e l'obbligo di casa, la situazione non si \u00e8 realmente attenuata da allora. Quindi il 2020, come molte altre industrie, \u00e8 stato un anno difficile. In un sondaggio, 56% dei membri dell'associazione hanno riportato una perdita di reddito. Gli spazi che dipendono dall'affitto di spazi per eventi e conferenze sono stati colpiti pi\u00f9 duramente di altri. Queste perdite di reddito sono state parzialmente compensate in pi\u00f9 del 40% dei casi dal lavoro a tempo ridotto, dai fondi di soccorso Covid 19 e dalle riduzioni di affitto da parte dei proprietari.<\/p>\n<p>Nel 2020, un'altra sfida per gli spazi di coworking era quella di mantenere una comunit\u00e0 esistente - l'idea stessa di coworking - nonostante le restrizioni di contatto. L'intraprendenza era all'ordine del giorno, e varie azioni sono state offerte ai rispettivi membri della comunit\u00e0. Queste attivit\u00e0, in cui i contatti sociali cos\u00ec importanti per le persone erano ancora presenti, hanno contribuito alla buona salute mentale dei collaboratori.<\/p>\n<h2>Il cambiamento sostenibile nel mondo del lavoro rafforzer\u00e0 il coworking<\/h2>\n<p>La pandemia di Covid19 ha stravolto le abitudini lavorative nel nostro paese, e un numero crescente di lavoratori ha scoperto di lavorare da casa - con pi\u00f9 o meno piacere. Il tempo risparmiato in termini di pendolarismo grazie all'home office permette un aumento della qualit\u00e0 della vita. Tuttavia, rimane difficile separare la vita privata da quella professionale, soprattutto se le condizioni di lavoro a casa non sono ideali. Questa esperienza plasmer\u00e0 il mondo del lavoro per il futuro: Secondo <a href=\"https:\/\/www.organisator.ch\/zurueck-ins-buero-aber-nicht-mehr-so-oft-wie-vor-der-pandemie\/\">In uno studio pubblicato la settimana scorsa<\/a> da Deloitte, solo 12% dei dipendenti vogliono tornare completamente all'ufficio \"normale\" dopo la fine della pandemia. 62% vogliono pi\u00f9 flessibilit\u00e0 e vorrebbero dividere il loro tempo di lavoro tra ufficio e ufficio a casa. Per cui il termine home office non \u00e8 sufficiente: quasi la met\u00e0 (46%) degli intervistati non usa solo la propria residenza come home office, ma lavora anche, per esempio, in case di vacanza, con amici, in famiglia o in uno spazio di coworking. Per il 44% degli intervistati, la mancanza di scambio personale al lavoro \u00e8 una delle pi\u00f9 grandi sfide dell'home office. Questo \u00e8 precisamente l'aspetto in cui gli spazi di coworking segnano come alternativa all'ufficio domestico. Anche la vicinanza al luogo di residenza \u00e8 un argomento importante: con oltre 150 spazi di coworking in tutta la Svizzera, l'associazione Coworking Switzerland offre una gamma completa di servizi.<\/p>\n<h2>Gli spazi di coworking vogliono cogliere lo slancio per gli ambienti di lavoro post-Corona<\/h2>\n<p>La maggioranza degli attori del coworking svizzero \u00e8 convinta che la situazione appena vissuta abbia accelerato il cambiamento di paradigma a livello professionale e che gli spazi di coworking ne beneficeranno a medio termine. L'associazione Coworking Switzerland sta anche reagendo all'opportunit\u00e0 che ora esiste per un ancoraggio pi\u00f9 ampio del coworking. Ha prodotto un clip compatto che mostra i vantaggi del coworking come alternativa all'ufficio domestico: Vicinanza a casa, separazione tra vita privata e professionale, uffici ergonomici, contatti sociali. La campagna con il video disponibile in cinque lingue inizier\u00e0 nei prossimi giorni.<\/p>\n<p>L'anno scorso ha cambiato il modo di lavorare della maggior parte degli impiegati. Gli spazi di coworking, che sono presenti in tutto il paese - e sempre pi\u00f9 nelle zone rurali - avranno un ruolo nel mondo del lavoro post-Corona. Permettono a tutti di lavorare vicino a casa in un ambiente professionale, pur mantenendo le connessioni sociali che sono cos\u00ec importanti per la nostra salute mentale.<\/p>\n<p><em>Fonte: <a href=\"http:\/\/www.coworking.ch\">www.coworking.ch<\/a><\/em><\/p>","protected":false},"excerpt":{"rendered":"<p>Am 11. M\u00e4rz fand die Generalversammlung des Verbands Coworking Switzerland statt \u2013 erstmals virtuell. Anl\u00e4sslich der Versammlung wurden auch der aktuelle Stand von Coworking in der Schweiz und die Auswirkungen der Pandemie diskutiert. Die Pandemie trifft 2020 auch die Coworking Spaces Anfang 2020 lautete die Schlagzeile noch, dass sich das Coworking von einem Randph\u00e4nomen hin [&hellip;]<\/p>\n","protected":false},"author":4,"featured_media":7878,"comment_status":"closed","ping_status":"closed","sticky":false,"template":"","format":"standard","meta":{"_acf_changed":false,"_yoast_wpseo_focuskw":"Post-Corona Arbeitswelt","_yoast_wpseo_metadesc":"F\u00fcr die Post-Corona Arbeitswelt ist der Verband Coworking Switzerland positiv: Viele Besch\u00e4ftigte wollen nicht einfach zur\u00fcck ins \u00abnormale\u00bb B\u00fcro.","articlekey":"","footnotes":""},"categories":[1],"tags":[51,135,363,503],"class_list":["post-7876","post","type-post","status-publish","format-standard","has-post-thumbnail","hentry","category-allgemein","tag-arbeitsplatzgestaltung","tag-coworking","tag-new-work","tag-verbaende"],"acf":[],"yoast_head":"<!-- This site is optimized with the Yoast SEO plugin v27.4 - https:\/\/yoast.com\/product\/yoast-seo-wordpress\/ -->\n<title>Post-Corona Arbeitswelt: Schweizer Coworking Spaces sind bereit - Organisator<\/title>\n<meta name=\"description\" content=\"F\u00fcr die Post-Corona Arbeitswelt ist der Verband Coworking Switzerland positiv: Viele Besch\u00e4ftigte wollen nicht einfach zur\u00fcck ins \u00abnormale\u00bb B\u00fcro.\" \/>\n<meta name=\"robots\" content=\"index, follow, max-snippet:-1, max-image-preview:large, max-video-preview:-1\" \/>\n<link rel=\"canonical\" href=\"https:\/\/www.organisator.ch\/it\/generale\/2021-03-31\/post-corona-arbeitswelt-schweizer-coworking-spaces-sind-bereit\/\" \/>\n<meta property=\"og:locale\" content=\"it_IT\" \/>\n<meta property=\"og:type\" content=\"article\" \/>\n<meta property=\"og:title\" content=\"Post-Corona Arbeitswelt: Schweizer Coworking Spaces sind bereit\" \/>\n<meta property=\"og:description\" content=\"F\u00fcr die Post-Corona Arbeitswelt ist der Verband Coworking Switzerland positiv: Viele Besch\u00e4ftigte wollen nicht einfach zur\u00fcck ins \u00abnormale\u00bb B\u00fcro.\" \/>\n<meta property=\"og:url\" content=\"https:\/\/www.organisator.ch\/it\/generale\/2021-03-31\/post-corona-arbeitswelt-schweizer-coworking-spaces-sind-bereit\/\" \/>\n<meta property=\"og:site_name\" content=\"Organisator\" \/>\n<meta property=\"article:publisher\" content=\"https:\/\/www.facebook.com\/OrganisatorFachmagazin\" \/>\n<meta property=\"article:published_time\" content=\"2021-03-31T14:34:49+00:00\" \/>\n<meta property=\"og:image\" content=\"https:\/\/www.organisator.ch\/wp-content\/uploads\/2021\/03\/Post-Corona-Arbeitswelt-Schweizer-Coworking-Spaces-sind-bereit-1_Organisator.jpg\" \/>\n\t<meta property=\"og:image:width\" content=\"680\" \/>\n\t<meta property=\"og:image:height\" content=\"430\" \/>\n\t<meta property=\"og:image:type\" content=\"image\/jpeg\" \/>\n<meta name=\"author\" content=\"thomas.berner\" \/>\n<meta name=\"twitter:card\" content=\"summary_large_image\" \/>\n<meta name=\"twitter:title\" content=\"#Post-Corona Arbeitswelt: Schweizer #Coworking Spaces sind bereit\" \/>\n<meta name=\"twitter:description\" content=\"F\u00fcr die #Post-Corona Arbeitswelt ist der Verband #Coworking Switzerland positiv: Viele Besch\u00e4ftigte wollen nicht einfach zur\u00fcck ins \u00abnormale\u00bb B\u00fcro.\" \/>\n<meta name=\"twitter:image\" content=\"https:\/\/www.organisator.ch\/wp-content\/uploads\/2021\/03\/Post-Corona-Arbeitswelt-Schweizer-Coworking-Spaces-sind-bereit-1_Organisator.jpg\" \/>\n<script type=\"application\/ld+json\" class=\"yoast-schema-graph\">{\"@context\":\"https:\\\/\\\/schema.org\",\"@graph\":[{\"@type\":\"Article\",\"@id\":\"https:\\\/\\\/www.organisator.ch\\\/en\\\/general\\\/2021-03-31\\\/post-corona-arbeitswelt-schweizer-coworking-spaces-sind-bereit\\\/#article\",\"isPartOf\":{\"@id\":\"https:\\\/\\\/www.organisator.ch\\\/en\\\/general\\\/2021-03-31\\\/post-corona-arbeitswelt-schweizer-coworking-spaces-sind-bereit\\\/\"},\"author\":{\"name\":\"thomas.berner\",\"@id\":\"https:\\\/\\\/www.organisator.ch\\\/#\\\/schema\\\/person\\\/6f650f90b2842cd4c0cc334b4e36f67e\"},\"headline\":\"Post-Corona Arbeitswelt: Schweizer Coworking Spaces sind bereit\",\"datePublished\":\"2021-03-31T14:34:49+00:00\",\"mainEntityOfPage\":{\"@id\":\"https:\\\/\\\/www.organisator.ch\\\/en\\\/general\\\/2021-03-31\\\/post-corona-arbeitswelt-schweizer-coworking-spaces-sind-bereit\\\/\"},\"wordCount\":771,\"publisher\":{\"@id\":\"https:\\\/\\\/www.organisator.ch\\\/#organization\"},\"image\":{\"@id\":\"https:\\\/\\\/www.organisator.ch\\\/en\\\/general\\\/2021-03-31\\\/post-corona-arbeitswelt-schweizer-coworking-spaces-sind-bereit\\\/#primaryimage\"},\"thumbnailUrl\":\"https:\\\/\\\/www.organisator.ch\\\/wp-content\\\/uploads\\\/2021\\\/03\\\/Post-Corona-Arbeitswelt-Schweizer-Coworking-Spaces-sind-bereit-1_Organisator.jpg\",\"keywords\":[\"Arbeitsplatzgestaltung\",\"Coworking\",\"New Work\",\"Verb\u00e4nde\"],\"articleSection\":[\"Allgemein\"],\"inLanguage\":\"it-IT\"},{\"@type\":\"WebPage\",\"@id\":\"https:\\\/\\\/www.organisator.ch\\\/en\\\/general\\\/2021-03-31\\\/post-corona-arbeitswelt-schweizer-coworking-spaces-sind-bereit\\\/\",\"url\":\"https:\\\/\\\/www.organisator.ch\\\/en\\\/general\\\/2021-03-31\\\/post-corona-arbeitswelt-schweizer-coworking-spaces-sind-bereit\\\/\",\"name\":\"Post-Corona Arbeitswelt: Schweizer Coworking Spaces sind bereit - Organisator\",\"isPartOf\":{\"@id\":\"https:\\\/\\\/www.organisator.ch\\\/#website\"},\"primaryImageOfPage\":{\"@id\":\"https:\\\/\\\/www.organisator.ch\\\/en\\\/general\\\/2021-03-31\\\/post-corona-arbeitswelt-schweizer-coworking-spaces-sind-bereit\\\/#primaryimage\"},\"image\":{\"@id\":\"https:\\\/\\\/www.organisator.ch\\\/en\\\/general\\\/2021-03-31\\\/post-corona-arbeitswelt-schweizer-coworking-spaces-sind-bereit\\\/#primaryimage\"},\"thumbnailUrl\":\"https:\\\/\\\/www.organisator.ch\\\/wp-content\\\/uploads\\\/2021\\\/03\\\/Post-Corona-Arbeitswelt-Schweizer-Coworking-Spaces-sind-bereit-1_Organisator.jpg\",\"datePublished\":\"2021-03-31T14:34:49+00:00\",\"description\":\"F\u00fcr die Post-Corona Arbeitswelt ist der Verband Coworking Switzerland positiv: Viele Besch\u00e4ftigte wollen nicht einfach zur\u00fcck ins \u00abnormale\u00bb B\u00fcro.\",\"breadcrumb\":{\"@id\":\"https:\\\/\\\/www.organisator.ch\\\/en\\\/general\\\/2021-03-31\\\/post-corona-arbeitswelt-schweizer-coworking-spaces-sind-bereit\\\/#breadcrumb\"},\"inLanguage\":\"it-IT\",\"potentialAction\":[{\"@type\":\"ReadAction\",\"target\":[\"https:\\\/\\\/www.organisator.ch\\\/en\\\/general\\\/2021-03-31\\\/post-corona-arbeitswelt-schweizer-coworking-spaces-sind-bereit\\\/\"]}]},{\"@type\":\"ImageObject\",\"inLanguage\":\"it-IT\",\"@id\":\"https:\\\/\\\/www.organisator.ch\\\/en\\\/general\\\/2021-03-31\\\/post-corona-arbeitswelt-schweizer-coworking-spaces-sind-bereit\\\/#primaryimage\",\"url\":\"https:\\\/\\\/www.organisator.ch\\\/wp-content\\\/uploads\\\/2021\\\/03\\\/Post-Corona-Arbeitswelt-Schweizer-Coworking-Spaces-sind-bereit-1_Organisator.jpg\",\"contentUrl\":\"https:\\\/\\\/www.organisator.ch\\\/wp-content\\\/uploads\\\/2021\\\/03\\\/Post-Corona-Arbeitswelt-Schweizer-Coworking-Spaces-sind-bereit-1_Organisator.jpg\",\"width\":680,\"height\":430,\"caption\":\"Leere Coworking Spaces wegen der Pandemie... Aber f\u00fcr die Post-Corona Arbeitswelt sehen sich die Schweizer Coworking Spaces ger\u00fcstet. (Bild: Pixabay.com)\"},{\"@type\":\"BreadcrumbList\",\"@id\":\"https:\\\/\\\/www.organisator.ch\\\/en\\\/general\\\/2021-03-31\\\/post-corona-arbeitswelt-schweizer-coworking-spaces-sind-bereit\\\/#breadcrumb\",\"itemListElement\":[{\"@type\":\"ListItem\",\"position\":1,\"name\":\"Home\",\"item\":\"https:\\\/\\\/www.organisator.ch\\\/\"},{\"@type\":\"ListItem\",\"position\":2,\"name\":\"Post-Corona Arbeitswelt: Schweizer Coworking Spaces sind bereit\"}]},{\"@type\":\"WebSite\",\"@id\":\"https:\\\/\\\/www.organisator.ch\\\/#website\",\"url\":\"https:\\\/\\\/www.organisator.ch\\\/\",\"name\":\"Organisator\",\"description\":\"Kompetent. Praxisnah. Der ORGANISATOR bereitet in 10 Ausgaben pro Jahr die wesentlichen Themen f\u00fcr F\u00fchrungskr\u00e4fte von KMU auf.\",\"publisher\":{\"@id\":\"https:\\\/\\\/www.organisator.ch\\\/#organization\"},\"potentialAction\":[{\"@type\":\"SearchAction\",\"target\":{\"@type\":\"EntryPoint\",\"urlTemplate\":\"https:\\\/\\\/www.organisator.ch\\\/?s={search_term_string}\"},\"query-input\":{\"@type\":\"PropertyValueSpecification\",\"valueRequired\":true,\"valueName\":\"search_term_string\"}}],\"inLanguage\":\"it-IT\"},{\"@type\":\"Organization\",\"@id\":\"https:\\\/\\\/www.organisator.ch\\\/#organization\",\"name\":\"Organisator\",\"url\":\"https:\\\/\\\/www.organisator.ch\\\/\",\"logo\":{\"@type\":\"ImageObject\",\"inLanguage\":\"it-IT\",\"@id\":\"https:\\\/\\\/www.organisator.ch\\\/#\\\/schema\\\/logo\\\/image\\\/\",\"url\":\"https:\\\/\\\/www.organisator.ch\\\/wp-content\\\/uploads\\\/2022\\\/01\\\/Logo_Organisator_Website.png\",\"contentUrl\":\"https:\\\/\\\/www.organisator.ch\\\/wp-content\\\/uploads\\\/2022\\\/01\\\/Logo_Organisator_Website.png\",\"width\":800,\"height\":77,\"caption\":\"Organisator\"},\"image\":{\"@id\":\"https:\\\/\\\/www.organisator.ch\\\/#\\\/schema\\\/logo\\\/image\\\/\"},\"sameAs\":[\"https:\\\/\\\/www.facebook.com\\\/OrganisatorFachmagazin\",\"https:\\\/\\\/www.linkedin.com\\\/showcase\\\/organisator-das-magazin-fr-kmu\",\"https:\\\/\\\/www.xing.com\\\/news\\\/pages\\\/organisator-ch-695\",\"https:\\\/\\\/www.youtube.com\\\/channel\\\/UCGP2Sq0iWaZwT3BdIAQFYpw\"]},{\"@type\":\"Person\",\"@id\":\"https:\\\/\\\/www.organisator.ch\\\/#\\\/schema\\\/person\\\/6f650f90b2842cd4c0cc334b4e36f67e\",\"name\":\"thomas.berner\",\"image\":{\"@type\":\"ImageObject\",\"inLanguage\":\"it-IT\",\"@id\":\"https:\\\/\\\/secure.gravatar.com\\\/avatar\\\/ac5001d2a36cb6c6cd3e50789007ffca834b477b74a2144564522e944eabff61?s=96&d=mm&r=g\",\"url\":\"https:\\\/\\\/secure.gravatar.com\\\/avatar\\\/ac5001d2a36cb6c6cd3e50789007ffca834b477b74a2144564522e944eabff61?s=96&d=mm&r=g\",\"contentUrl\":\"https:\\\/\\\/secure.gravatar.com\\\/avatar\\\/ac5001d2a36cb6c6cd3e50789007ffca834b477b74a2144564522e944eabff61?s=96&d=mm&r=g\",\"caption\":\"thomas.berner\"},\"url\":\"https:\\\/\\\/www.organisator.ch\\\/it\\\/author\\\/thomas-berner\\\/\"}]}<\/script>\n<!-- \/ Yoast SEO plugin. -->","yoast_head_json":{"title":"Mondo del lavoro post-Corona: gli spazi di coworking svizzeri sono pronti - Organizzatore","description":"Per il mondo del lavoro post-Corona, l'associazione Coworking Svizzera \u00e8 positiva: molti dipendenti non vogliono semplicemente tornare all'ufficio \"normale\".","robots":{"index":"index","follow":"follow","max-snippet":"max-snippet:-1","max-image-preview":"max-image-preview:large","max-video-preview":"max-video-preview:-1"},"canonical":"https:\/\/www.organisator.ch\/it\/generale\/2021-03-31\/post-corona-arbeitswelt-schweizer-coworking-spaces-sind-bereit\/","og_locale":"it_IT","og_type":"article","og_title":"Post-Corona Arbeitswelt: Schweizer Coworking Spaces sind bereit","og_description":"F\u00fcr die Post-Corona Arbeitswelt ist der Verband Coworking Switzerland positiv: Viele Besch\u00e4ftigte wollen nicht einfach zur\u00fcck ins \u00abnormale\u00bb B\u00fcro.","og_url":"https:\/\/www.organisator.ch\/it\/generale\/2021-03-31\/post-corona-arbeitswelt-schweizer-coworking-spaces-sind-bereit\/","og_site_name":"Organisator","article_publisher":"https:\/\/www.facebook.com\/OrganisatorFachmagazin","article_published_time":"2021-03-31T14:34:49+00:00","og_image":[{"width":680,"height":430,"url":"https:\/\/www.organisator.ch\/wp-content\/uploads\/2021\/03\/Post-Corona-Arbeitswelt-Schweizer-Coworking-Spaces-sind-bereit-1_Organisator.jpg","type":"image\/jpeg"}],"author":"thomas.berner","twitter_card":"summary_large_image","twitter_title":"#Post-Corona Arbeitswelt: Schweizer #Coworking Spaces sind bereit","twitter_description":"F\u00fcr die #Post-Corona Arbeitswelt ist der Verband #Coworking Switzerland positiv: Viele Besch\u00e4ftigte wollen nicht einfach zur\u00fcck ins \u00abnormale\u00bb B\u00fcro.","twitter_image":"https:\/\/www.organisator.ch\/wp-content\/uploads\/2021\/03\/Post-Corona-Arbeitswelt-Schweizer-Coworking-Spaces-sind-bereit-1_Organisator.jpg","schema":{"@context":"https:\/\/schema.org","@graph":[{"@type":"Article","@id":"https:\/\/www.organisator.ch\/en\/general\/2021-03-31\/post-corona-arbeitswelt-schweizer-coworking-spaces-sind-bereit\/#article","isPartOf":{"@id":"https:\/\/www.organisator.ch\/en\/general\/2021-03-31\/post-corona-arbeitswelt-schweizer-coworking-spaces-sind-bereit\/"},"author":{"name":"thomas.berner","@id":"https:\/\/www.organisator.ch\/#\/schema\/person\/6f650f90b2842cd4c0cc334b4e36f67e"},"headline":"Post-Corona Arbeitswelt: Schweizer Coworking Spaces sind bereit","datePublished":"2021-03-31T14:34:49+00:00","mainEntityOfPage":{"@id":"https:\/\/www.organisator.ch\/en\/general\/2021-03-31\/post-corona-arbeitswelt-schweizer-coworking-spaces-sind-bereit\/"},"wordCount":771,"publisher":{"@id":"https:\/\/www.organisator.ch\/#organization"},"image":{"@id":"https:\/\/www.organisator.ch\/en\/general\/2021-03-31\/post-corona-arbeitswelt-schweizer-coworking-spaces-sind-bereit\/#primaryimage"},"thumbnailUrl":"https:\/\/www.organisator.ch\/wp-content\/uploads\/2021\/03\/Post-Corona-Arbeitswelt-Schweizer-Coworking-Spaces-sind-bereit-1_Organisator.jpg","keywords":["Arbeitsplatzgestaltung","Coworking","New Work","Verb\u00e4nde"],"articleSection":["Allgemein"],"inLanguage":"it-IT"},{"@type":"WebPage","@id":"https:\/\/www.organisator.ch\/en\/general\/2021-03-31\/post-corona-arbeitswelt-schweizer-coworking-spaces-sind-bereit\/","url":"https:\/\/www.organisator.ch\/en\/general\/2021-03-31\/post-corona-arbeitswelt-schweizer-coworking-spaces-sind-bereit\/","name":"Mondo del lavoro post-Corona: gli spazi di coworking svizzeri sono pronti - Organizzatore","isPartOf":{"@id":"https:\/\/www.organisator.ch\/#website"},"primaryImageOfPage":{"@id":"https:\/\/www.organisator.ch\/en\/general\/2021-03-31\/post-corona-arbeitswelt-schweizer-coworking-spaces-sind-bereit\/#primaryimage"},"image":{"@id":"https:\/\/www.organisator.ch\/en\/general\/2021-03-31\/post-corona-arbeitswelt-schweizer-coworking-spaces-sind-bereit\/#primaryimage"},"thumbnailUrl":"https:\/\/www.organisator.ch\/wp-content\/uploads\/2021\/03\/Post-Corona-Arbeitswelt-Schweizer-Coworking-Spaces-sind-bereit-1_Organisator.jpg","datePublished":"2021-03-31T14:34:49+00:00","description":"Per il mondo del lavoro post-Corona, l'associazione Coworking Svizzera \u00e8 positiva: molti dipendenti non vogliono semplicemente tornare all'ufficio \"normale\".","breadcrumb":{"@id":"https:\/\/www.organisator.ch\/en\/general\/2021-03-31\/post-corona-arbeitswelt-schweizer-coworking-spaces-sind-bereit\/#breadcrumb"},"inLanguage":"it-IT","potentialAction":[{"@type":"ReadAction","target":["https:\/\/www.organisator.ch\/en\/general\/2021-03-31\/post-corona-arbeitswelt-schweizer-coworking-spaces-sind-bereit\/"]}]},{"@type":"ImageObject","inLanguage":"it-IT","@id":"https:\/\/www.organisator.ch\/en\/general\/2021-03-31\/post-corona-arbeitswelt-schweizer-coworking-spaces-sind-bereit\/#primaryimage","url":"https:\/\/www.organisator.ch\/wp-content\/uploads\/2021\/03\/Post-Corona-Arbeitswelt-Schweizer-Coworking-Spaces-sind-bereit-1_Organisator.jpg","contentUrl":"https:\/\/www.organisator.ch\/wp-content\/uploads\/2021\/03\/Post-Corona-Arbeitswelt-Schweizer-Coworking-Spaces-sind-bereit-1_Organisator.jpg","width":680,"height":430,"caption":"Leere Coworking Spaces wegen der Pandemie... Aber f\u00fcr die Post-Corona Arbeitswelt sehen sich die Schweizer Coworking Spaces ger\u00fcstet. (Bild: Pixabay.com)"},{"@type":"BreadcrumbList","@id":"https:\/\/www.organisator.ch\/en\/general\/2021-03-31\/post-corona-arbeitswelt-schweizer-coworking-spaces-sind-bereit\/#breadcrumb","itemListElement":[{"@type":"ListItem","position":1,"name":"Home","item":"https:\/\/www.organisator.ch\/"},{"@type":"ListItem","position":2,"name":"Post-Corona Arbeitswelt: Schweizer Coworking Spaces sind bereit"}]},{"@type":"WebSite","@id":"https:\/\/www.organisator.ch\/#website","url":"https:\/\/www.organisator.ch\/","name":"Organizzatore","description":"Competente. Pratico. In 10 numeri all'anno, ORGANISATOR presenta i temi essenziali per i manager delle PMI.","publisher":{"@id":"https:\/\/www.organisator.ch\/#organization"},"potentialAction":[{"@type":"SearchAction","target":{"@type":"EntryPoint","urlTemplate":"https:\/\/www.organisator.ch\/?s={search_term_string}"},"query-input":{"@type":"PropertyValueSpecification","valueRequired":true,"valueName":"search_term_string"}}],"inLanguage":"it-IT"},{"@type":"Organization","@id":"https:\/\/www.organisator.ch\/#organization","name":"Organizzatore","url":"https:\/\/www.organisator.ch\/","logo":{"@type":"ImageObject","inLanguage":"it-IT","@id":"https:\/\/www.organisator.ch\/#\/schema\/logo\/image\/","url":"https:\/\/www.organisator.ch\/wp-content\/uploads\/2022\/01\/Logo_Organisator_Website.png","contentUrl":"https:\/\/www.organisator.ch\/wp-content\/uploads\/2022\/01\/Logo_Organisator_Website.png","width":800,"height":77,"caption":"Organisator"},"image":{"@id":"https:\/\/www.organisator.ch\/#\/schema\/logo\/image\/"},"sameAs":["https:\/\/www.facebook.com\/OrganisatorFachmagazin","https:\/\/www.linkedin.com\/showcase\/organisator-das-magazin-fr-kmu","https:\/\/www.xing.com\/news\/pages\/organisator-ch-695","https:\/\/www.youtube.com\/channel\/UCGP2Sq0iWaZwT3BdIAQFYpw"]},{"@type":"Person","@id":"https:\/\/www.organisator.ch\/#\/schema\/person\/6f650f90b2842cd4c0cc334b4e36f67e","name":"Tommaso.berner","image":{"@type":"ImageObject","inLanguage":"it-IT","@id":"https:\/\/secure.gravatar.com\/avatar\/ac5001d2a36cb6c6cd3e50789007ffca834b477b74a2144564522e944eabff61?s=96&d=mm&r=g","url":"https:\/\/secure.gravatar.com\/avatar\/ac5001d2a36cb6c6cd3e50789007ffca834b477b74a2144564522e944eabff61?s=96&d=mm&r=g","contentUrl":"https:\/\/secure.gravatar.com\/avatar\/ac5001d2a36cb6c6cd3e50789007ffca834b477b74a2144564522e944eabff61?s=96&d=mm&r=g","caption":"thomas.berner"},"url":"https:\/\/www.organisator.ch\/it\/author\/thomas-berner\/"}]}},"_links":{"self":[{"href":"https:\/\/www.organisator.ch\/it\/wp-json\/wp\/v2\/posts\/7876","targetHints":{"allow":["GET"]}}],"collection":[{"href":"https:\/\/www.organisator.ch\/it\/wp-json\/wp\/v2\/posts"}],"about":[{"href":"https:\/\/www.organisator.ch\/it\/wp-json\/wp\/v2\/types\/post"}],"author":[{"embeddable":true,"href":"https:\/\/www.organisator.ch\/it\/wp-json\/wp\/v2\/users\/4"}],"replies":[{"embeddable":true,"href":"https:\/\/www.organisator.ch\/it\/wp-json\/wp\/v2\/comments?post=7876"}],"version-history":[{"count":0,"href":"https:\/\/www.organisator.ch\/it\/wp-json\/wp\/v2\/posts\/7876\/revisions"}],"wp:featuredmedia":[{"embeddable":true,"href":"https:\/\/www.organisator.ch\/it\/wp-json\/wp\/v2\/media\/7878"}],"wp:attachment":[{"href":"https:\/\/www.organisator.ch\/it\/wp-json\/wp\/v2\/media?parent=7876"}],"wp:term":[{"taxonomy":"category","embeddable":true,"href":"https:\/\/www.organisator.ch\/it\/wp-json\/wp\/v2\/categories?post=7876"},{"taxonomy":"post_tag","embeddable":true,"href":"https:\/\/www.organisator.ch\/it\/wp-json\/wp\/v2\/tags?post=7876"}],"curies":[{"name":"wp","href":"https:\/\/api.w.org\/{rel}","templated":true}]}}