{"id":790,"date":"2017-03-01T14:36:58","date_gmt":"2017-03-01T13:36:58","guid":{"rendered":"https:\/\/www.umweltperspektiven.ch\/?p=790"},"modified":"2022-02-09T11:10:12","modified_gmt":"2022-02-09T10:10:12","slug":"privates-carsharing-im-trend","status":"publish","type":"post","link":"https:\/\/www.organisator.ch\/it\/sustainability\/2017-03-01\/privates-carsharing-im-trend\/","title":{"rendered":"Il car sharing privato \u00e8 in voga"},"content":{"rendered":"<figure id=\"attachment_792\" aria-describedby=\"caption-attachment-792\" style=\"width: 680px\" class=\"wp-caption alignnone\"><img loading=\"lazy\" decoding=\"async\" class=\"size-medium wp-image-792\" src=\"\/\/www.umweltperspektiven.ch\/wp-content\/uploads\/2017\/02\/Depositphotos_34127551_l-2015.jpg\" alt=\"\" width=\"680\" height=\"481\" srcset=\"https:\/\/www.organisator.ch\/wp-content\/uploads\/2017\/02\/Depositphotos_34127551_l-2015.jpg 1999w, https:\/\/www.organisator.ch\/wp-content\/uploads\/2017\/02\/Depositphotos_34127551_l-2015-680x481.jpg 680w, https:\/\/www.organisator.ch\/wp-content\/uploads\/2017\/02\/Depositphotos_34127551_l-2015-1024x724.jpg 1024w, https:\/\/www.organisator.ch\/wp-content\/uploads\/2017\/02\/Depositphotos_34127551_l-2015-768x543.jpg 768w, https:\/\/www.organisator.ch\/wp-content\/uploads\/2017\/02\/Depositphotos_34127551_l-2015-1536x1086.jpg 1536w, https:\/\/www.organisator.ch\/wp-content\/uploads\/2017\/02\/Depositphotos_34127551_l-2015-18x12.jpg 18w, https:\/\/www.organisator.ch\/wp-content\/uploads\/2017\/02\/Depositphotos_34127551_l-2015-247x175.jpg 247w, https:\/\/www.organisator.ch\/wp-content\/uploads\/2017\/02\/Depositphotos_34127551_l-2015-495x350.jpg 495w, https:\/\/www.organisator.ch\/wp-content\/uploads\/2017\/02\/Depositphotos_34127551_l-2015-1131x800.jpg 1131w, https:\/\/www.organisator.ch\/wp-content\/uploads\/2017\/02\/Depositphotos_34127551_l-2015-920x651.jpg 920w, https:\/\/www.organisator.ch\/wp-content\/uploads\/2017\/02\/Depositphotos_34127551_l-2015-1400x990.jpg 1400w, https:\/\/www.organisator.ch\/wp-content\/uploads\/2017\/02\/Depositphotos_34127551_l-2015-1979x1400.jpg 1979w, https:\/\/www.organisator.ch\/wp-content\/uploads\/2017\/02\/Depositphotos_34127551_l-2015-300x212.jpg 300w\" sizes=\"auto, (max-width: 680px) 100vw, 680px\" \/><figcaption id=\"caption-attachment-792\" class=\"wp-caption-text\">Un confronto dei servizi di car sharing in Europa mostra: Condividere un'auto privata sta diventando sempre pi\u00f9 normale.<\/figcaption><\/figure>\n<p><span style=\"font-size: 10.5pt; font-family: 'Arial','sans-serif';\">Barcellona, Berlino, Copenhagen, Londra, Parigi, Vienna e Zurigo: gli studenti della ZHAW School of Engineering hanno studiato i concetti di condivisione esistenti nel campo della mobilit\u00e0 in sette citt\u00e0 europee. I risultati mostrano che all'interno della tendenza onnipresente della sharing economy, la condivisione della propria auto in particolare sta guadagnando importanza.<\/span><\/p>\n<p><span style=\"font-size: 10.5pt; font-family: 'Arial','sans-serif';\">Il car sharing peer-to-peer (in breve P2P car sharing) \u00e8 un nuovo tipo di modello di condivisione: i fornitori offrono agli utenti privati piattaforme online dove possono condividere il loro veicolo con altri. Almeno uno di questi servizi \u00e8 disponibile in tutte e sette le citt\u00e0 prese in esame. <\/span><\/p>\n<p><span style=\"font-size: 10.5pt; font-family: 'Arial','sans-serif';\">Il capofila \u00e8 Parigi, dove cinque fornitori permettono ad un totale di oltre 2200 proprietari di auto di affittare i loro veicoli a sconosciuti attraverso una piattaforma corrispondente. A Zurigo, c'\u00e8 solo un fornitore con ben 100 partecipanti finora. <\/span><\/p>\n<p><span style=\"font-size: 10.5pt; font-family: 'Arial','sans-serif';\">I vantaggi sono evidenti: \"In questo modo, l'auto non rimane solo nel parcheggio a causare costi, ma si pu\u00f2 guadagnare con essa\", sa lo studente della ZHAW Christoph Sutter, che ha guidato il progetto nel corso di laurea in Sistemi di trasporto insieme al suo collega Wolfgang Thullen. <\/span><\/p>\n<p><b><span style=\"font-size: 10.5pt; font-family: 'Arial','sans-serif';\">Modello P2P vs. Car-Sharing organizzato<br \/>\n<\/span><\/b><span style=\"font-size: 10.5pt; font-family: 'Arial','sans-serif';\">In contrasto con il Car-Sharing tradizionale, l'ostacolo all'entrata per le piattaforme P2P \u00e8 piccolo. Non ci sono spese di registrazione. \"Pay as you go\" si applica su tutte le piattaforme studiate. Questo offre agli utenti un sacco di flessibilit\u00e0 e li aiuta a resistere alla concorrenza del car sharing organizzato e del noleggio auto. <\/span><\/p>\n<p><span style=\"font-size: 10.5pt; font-family: 'Arial','sans-serif';\">L'offerta di condivisione sulle piattaforme P2P sembra essere maggiore della domanda. \"Questa \u00e8 una buona cosa, perch\u00e9 il punto decisivo per il potenziale utente \u00e8 la breve distanza da un'auto P2P\", spiega Thomas Sauter-Servaes, capo del corso di Sistemi di Trasporto. Oltre al nuovo modello P2P, i suoi studenti hanno anche esaminato le offerte convenzionali di Car-Sharing e di Bike-Sharing. Per essere in grado di confrontare le offerte l'una con l'altra dal punto di vista della situazione, sono stati creati otto diversi gruppi di utenti con un tipico comportamento di mobilit\u00e0. <\/span><\/p>\n<p><b><span style=\"font-size: 10.5pt; font-family: 'Arial','sans-serif';\">I turisti viaggiano in modo pi\u00f9 economico con bici a noleggio e trasporto pubblico<br \/>\n<\/span><\/b><span style=\"font-size: 10.5pt; font-family: 'Arial','sans-serif';\">Per un gruppo di utenti in particolare, il modello P2P potrebbe superare il noleggio auto tradizionale: Coloro che hanno bisogno di un'auto per una settimana per le vacanze in famiglia guidano pi\u00f9 economicamente con il P2P che con il car-sharing tradizionale in tutte e sette le citt\u00e0. A Barcellona, Copenaghen, Londra, Parigi e Vienna, invece, una settimana di shopping conviene sicuramente con i fornitori di Car-Sharing, mentre a Berlino e Zurigo \u00e8 meglio affidarsi alle offerte P2P anche in questo caso. Se sei un turista in viaggio in citt\u00e0, il bike sharing \u00e8 di solito una buona scelta. <\/span><\/p>\n<p><span style=\"font-size: 10.5pt; font-family: 'Arial','sans-serif';\">\"Nella maggior parte delle citt\u00e0 che abbiamo esaminato, un tour della citt\u00e0 in bicicletta a noleggio \u00e8 pi\u00f9 economico che con i trasporti pubblici\", dice Wolfgang Thullen. D'altra parte, il trasporto pubblico \u00e8 pi\u00f9 economico del car-sharing. \"Tuttavia, per una coppia di turisti, un'offerta di car-sharing \u00e8 pi\u00f9 attraente se l'obiettivo principale \u00e8 il comfort e la campagna circostante \u00e8 anche da esplorare\". Il principio del free-floating - cio\u00e8 la restituzione dell'auto indipendentemente dal luogo - rende i fornitori di Car-Sharing ancora pi\u00f9 attraenti.<\/span><\/p>\n<p>Vai a <a href=\"\/\/www.zhaw.ch\/storage\/engineering\/studium\/bachelorstudium\/studiengaenge\/verkehrssysteme\/studien\/ZHAW-Verkehrssysteme_Studie-Shared-Mobility_2016.pdf\">studio completo<\/a><\/p>\n<p>Testo: ZHAW<\/p>","protected":false},"excerpt":{"rendered":"<p>Barcelona, Berlin, Kopenhagen, London, Paris, Wien und Z\u00fcrich: Studierende der ZHAW School of Engineering haben in sieben europ\u00e4ischen St\u00e4dten bestehende Sharing-Konzepte im Bereich der Mobilit\u00e4t untersucht. Die Ergebnisse zeigen, dass innerhalb des allgegenw\u00e4rtigen Trends der Sharing-Economy insbesondere das Teilen des eigenen Autos an Bedeutung gewinnt. Unter dem Namen Peer-to-Peer-Car-Sharing (kurz: P2P-Car-Sharing) verbirgt sich ein neuartiges [&hellip;]<\/p>\n","protected":false},"author":1,"featured_media":792,"comment_status":"open","ping_status":"open","sticky":false,"template":"","format":"standard","meta":{"_acf_changed":false,"_yoast_wpseo_focuskw":"Carsharing","_yoast_wpseo_metadesc":"Das eigene Auto zu teilen wird immer mehr zum Trend: Das zeigt ein Vergleich verschiedener Sharingkonzepte in sieben europ\u00e4ischen St\u00e4dten.","articlekey":"","footnotes":""},"categories":[580],"tags":[1769,460,2454,2600],"class_list":["post-790","post","type-post","status-publish","format-standard","has-post-thumbnail","hentry","category-sustainability","tag-nachhaltige-mobilitaet","tag-studien","tag-verkehr","tag-zhaw"],"acf":[],"yoast_head":"<!-- This site is optimized with the Yoast SEO plugin v27.4 - https:\/\/yoast.com\/product\/yoast-seo-wordpress\/ -->\n<title>Privates Carsharing im Trend - Organisator<\/title>\n<meta name=\"description\" content=\"Das eigene Auto zu teilen wird immer mehr zum Trend: Das zeigt ein Vergleich verschiedener Sharingkonzepte in sieben europ\u00e4ischen St\u00e4dten.\" \/>\n<meta name=\"robots\" content=\"index, follow, max-snippet:-1, max-image-preview:large, max-video-preview:-1\" \/>\n<link rel=\"canonical\" href=\"https:\/\/www.organisator.ch\/it\/sostenibilita\/2017-03-01\/privates-carsharing-im-trend\/\" \/>\n<meta property=\"og:locale\" content=\"it_IT\" \/>\n<meta property=\"og:type\" content=\"article\" \/>\n<meta property=\"og:title\" content=\"Privates Carsharing im Trend - Organisator\" \/>\n<meta property=\"og:description\" content=\"Das eigene Auto zu teilen wird immer mehr zum Trend: Das zeigt ein Vergleich verschiedener Sharingkonzepte in sieben europ\u00e4ischen St\u00e4dten.\" \/>\n<meta property=\"og:url\" content=\"https:\/\/www.organisator.ch\/it\/sostenibilita\/2017-03-01\/privates-carsharing-im-trend\/\" \/>\n<meta property=\"og:site_name\" content=\"Organisator\" \/>\n<meta property=\"article:publisher\" content=\"https:\/\/www.facebook.com\/OrganisatorFachmagazin\" \/>\n<meta property=\"article:published_time\" content=\"2017-03-01T13:36:58+00:00\" \/>\n<meta property=\"article:modified_time\" content=\"2022-02-09T10:10:12+00:00\" \/>\n<meta property=\"og:image\" content=\"https:\/\/www.organisator.ch\/wp-content\/uploads\/2017\/02\/Depositphotos_34127551_l-2015.jpg\" \/>\n\t<meta property=\"og:image:width\" content=\"1999\" \/>\n\t<meta property=\"og:image:height\" content=\"1414\" \/>\n\t<meta property=\"og:image:type\" content=\"image\/jpeg\" \/>\n<meta name=\"author\" content=\"admin\" \/>\n<meta name=\"twitter:card\" content=\"summary_large_image\" \/>\n<script type=\"application\/ld+json\" class=\"yoast-schema-graph\">{\"@context\":\"https:\\\/\\\/schema.org\",\"@graph\":[{\"@type\":\"Article\",\"@id\":\"https:\\\/\\\/www.organisator.ch\\\/sustainability\\\/2017-03-01\\\/privates-carsharing-im-trend\\\/#article\",\"isPartOf\":{\"@id\":\"https:\\\/\\\/www.organisator.ch\\\/sustainability\\\/2017-03-01\\\/privates-carsharing-im-trend\\\/\"},\"author\":{\"name\":\"admin\",\"@id\":\"https:\\\/\\\/www.organisator.ch\\\/#\\\/schema\\\/person\\\/aa2bace6c5c5aad60102004a50c4eb1c\"},\"headline\":\"Privates Carsharing im Trend\",\"datePublished\":\"2017-03-01T13:36:58+00:00\",\"dateModified\":\"2022-02-09T10:10:12+00:00\",\"mainEntityOfPage\":{\"@id\":\"https:\\\/\\\/www.organisator.ch\\\/sustainability\\\/2017-03-01\\\/privates-carsharing-im-trend\\\/\"},\"wordCount\":504,\"commentCount\":0,\"publisher\":{\"@id\":\"https:\\\/\\\/www.organisator.ch\\\/#organization\"},\"image\":{\"@id\":\"https:\\\/\\\/www.organisator.ch\\\/sustainability\\\/2017-03-01\\\/privates-carsharing-im-trend\\\/#primaryimage\"},\"thumbnailUrl\":\"https:\\\/\\\/www.organisator.ch\\\/wp-content\\\/uploads\\\/2017\\\/02\\\/Depositphotos_34127551_l-2015.jpg\",\"keywords\":[\"Nachhaltige Mobilit\u00e4t\",\"Studien\",\"Verkehr\",\"ZHAW\"],\"articleSection\":[\"SUSTAINABILITY\"],\"inLanguage\":\"it-IT\"},{\"@type\":\"WebPage\",\"@id\":\"https:\\\/\\\/www.organisator.ch\\\/sustainability\\\/2017-03-01\\\/privates-carsharing-im-trend\\\/\",\"url\":\"https:\\\/\\\/www.organisator.ch\\\/sustainability\\\/2017-03-01\\\/privates-carsharing-im-trend\\\/\",\"name\":\"Privates Carsharing im Trend - Organisator\",\"isPartOf\":{\"@id\":\"https:\\\/\\\/www.organisator.ch\\\/#website\"},\"primaryImageOfPage\":{\"@id\":\"https:\\\/\\\/www.organisator.ch\\\/sustainability\\\/2017-03-01\\\/privates-carsharing-im-trend\\\/#primaryimage\"},\"image\":{\"@id\":\"https:\\\/\\\/www.organisator.ch\\\/sustainability\\\/2017-03-01\\\/privates-carsharing-im-trend\\\/#primaryimage\"},\"thumbnailUrl\":\"https:\\\/\\\/www.organisator.ch\\\/wp-content\\\/uploads\\\/2017\\\/02\\\/Depositphotos_34127551_l-2015.jpg\",\"datePublished\":\"2017-03-01T13:36:58+00:00\",\"dateModified\":\"2022-02-09T10:10:12+00:00\",\"description\":\"Das eigene Auto zu teilen wird immer mehr zum Trend: Das zeigt ein Vergleich verschiedener Sharingkonzepte in sieben europ\u00e4ischen St\u00e4dten.\",\"breadcrumb\":{\"@id\":\"https:\\\/\\\/www.organisator.ch\\\/sustainability\\\/2017-03-01\\\/privates-carsharing-im-trend\\\/#breadcrumb\"},\"inLanguage\":\"it-IT\",\"potentialAction\":[{\"@type\":\"ReadAction\",\"target\":[\"https:\\\/\\\/www.organisator.ch\\\/sustainability\\\/2017-03-01\\\/privates-carsharing-im-trend\\\/\"]}]},{\"@type\":\"ImageObject\",\"inLanguage\":\"it-IT\",\"@id\":\"https:\\\/\\\/www.organisator.ch\\\/sustainability\\\/2017-03-01\\\/privates-carsharing-im-trend\\\/#primaryimage\",\"url\":\"https:\\\/\\\/www.organisator.ch\\\/wp-content\\\/uploads\\\/2017\\\/02\\\/Depositphotos_34127551_l-2015.jpg\",\"contentUrl\":\"https:\\\/\\\/www.organisator.ch\\\/wp-content\\\/uploads\\\/2017\\\/02\\\/Depositphotos_34127551_l-2015.jpg\",\"width\":1999,\"height\":1414,\"caption\":\"Ein Vergleich der Carsharing-Angebote in Europa zeigt: Das Privatauto zu teilen, wird immer normaler.\"},{\"@type\":\"BreadcrumbList\",\"@id\":\"https:\\\/\\\/www.organisator.ch\\\/sustainability\\\/2017-03-01\\\/privates-carsharing-im-trend\\\/#breadcrumb\",\"itemListElement\":[{\"@type\":\"ListItem\",\"position\":1,\"name\":\"Home\",\"item\":\"https:\\\/\\\/www.organisator.ch\\\/\"},{\"@type\":\"ListItem\",\"position\":2,\"name\":\"Privates Carsharing im Trend\"}]},{\"@type\":\"WebSite\",\"@id\":\"https:\\\/\\\/www.organisator.ch\\\/#website\",\"url\":\"https:\\\/\\\/www.organisator.ch\\\/\",\"name\":\"Organisator\",\"description\":\"Kompetent. Praxisnah. Der ORGANISATOR bereitet in 10 Ausgaben pro Jahr die wesentlichen Themen f\u00fcr F\u00fchrungskr\u00e4fte von KMU auf.\",\"publisher\":{\"@id\":\"https:\\\/\\\/www.organisator.ch\\\/#organization\"},\"potentialAction\":[{\"@type\":\"SearchAction\",\"target\":{\"@type\":\"EntryPoint\",\"urlTemplate\":\"https:\\\/\\\/www.organisator.ch\\\/?s={search_term_string}\"},\"query-input\":{\"@type\":\"PropertyValueSpecification\",\"valueRequired\":true,\"valueName\":\"search_term_string\"}}],\"inLanguage\":\"it-IT\"},{\"@type\":\"Organization\",\"@id\":\"https:\\\/\\\/www.organisator.ch\\\/#organization\",\"name\":\"Organisator\",\"url\":\"https:\\\/\\\/www.organisator.ch\\\/\",\"logo\":{\"@type\":\"ImageObject\",\"inLanguage\":\"it-IT\",\"@id\":\"https:\\\/\\\/www.organisator.ch\\\/#\\\/schema\\\/logo\\\/image\\\/\",\"url\":\"https:\\\/\\\/www.organisator.ch\\\/wp-content\\\/uploads\\\/2022\\\/01\\\/Logo_Organisator_Website.png\",\"contentUrl\":\"https:\\\/\\\/www.organisator.ch\\\/wp-content\\\/uploads\\\/2022\\\/01\\\/Logo_Organisator_Website.png\",\"width\":800,\"height\":77,\"caption\":\"Organisator\"},\"image\":{\"@id\":\"https:\\\/\\\/www.organisator.ch\\\/#\\\/schema\\\/logo\\\/image\\\/\"},\"sameAs\":[\"https:\\\/\\\/www.facebook.com\\\/OrganisatorFachmagazin\",\"https:\\\/\\\/www.linkedin.com\\\/showcase\\\/organisator-das-magazin-fr-kmu\",\"https:\\\/\\\/www.xing.com\\\/news\\\/pages\\\/organisator-ch-695\",\"https:\\\/\\\/www.youtube.com\\\/channel\\\/UCGP2Sq0iWaZwT3BdIAQFYpw\"]},{\"@type\":\"Person\",\"@id\":\"https:\\\/\\\/www.organisator.ch\\\/#\\\/schema\\\/person\\\/aa2bace6c5c5aad60102004a50c4eb1c\",\"name\":\"admin\",\"image\":{\"@type\":\"ImageObject\",\"inLanguage\":\"it-IT\",\"@id\":\"https:\\\/\\\/secure.gravatar.com\\\/avatar\\\/ae2f4d718e6c49043e314ce431e7e645d646302a24a5ef5a8bc8e3f5a032e319?s=96&d=mm&r=g\",\"url\":\"https:\\\/\\\/secure.gravatar.com\\\/avatar\\\/ae2f4d718e6c49043e314ce431e7e645d646302a24a5ef5a8bc8e3f5a032e319?s=96&d=mm&r=g\",\"contentUrl\":\"https:\\\/\\\/secure.gravatar.com\\\/avatar\\\/ae2f4d718e6c49043e314ce431e7e645d646302a24a5ef5a8bc8e3f5a032e319?s=96&d=mm&r=g\",\"caption\":\"admin\"},\"sameAs\":[\"https:\\\/\\\/www.organisator.ch\"],\"url\":\"https:\\\/\\\/www.organisator.ch\\\/it\\\/author\\\/admin\\\/\"}]}<\/script>\n<!-- \/ Yoast SEO plugin. -->","yoast_head_json":{"title":"Il car sharing privato \u00e8 in voga - Organizzatore","description":"Condividere la propria auto sta diventando sempre pi\u00f9 una tendenza: lo dimostra un confronto tra diversi concetti di condivisione in sette citt\u00e0 europee.","robots":{"index":"index","follow":"follow","max-snippet":"max-snippet:-1","max-image-preview":"max-image-preview:large","max-video-preview":"max-video-preview:-1"},"canonical":"https:\/\/www.organisator.ch\/it\/sostenibilita\/2017-03-01\/privates-carsharing-im-trend\/","og_locale":"it_IT","og_type":"article","og_title":"Privates Carsharing im Trend - Organisator","og_description":"Das eigene Auto zu teilen wird immer mehr zum Trend: Das zeigt ein Vergleich verschiedener Sharingkonzepte in sieben europ\u00e4ischen St\u00e4dten.","og_url":"https:\/\/www.organisator.ch\/it\/sostenibilita\/2017-03-01\/privates-carsharing-im-trend\/","og_site_name":"Organisator","article_publisher":"https:\/\/www.facebook.com\/OrganisatorFachmagazin","article_published_time":"2017-03-01T13:36:58+00:00","article_modified_time":"2022-02-09T10:10:12+00:00","og_image":[{"width":1999,"height":1414,"url":"https:\/\/www.organisator.ch\/wp-content\/uploads\/2017\/02\/Depositphotos_34127551_l-2015.jpg","type":"image\/jpeg"}],"author":"admin","twitter_card":"summary_large_image","schema":{"@context":"https:\/\/schema.org","@graph":[{"@type":"Article","@id":"https:\/\/www.organisator.ch\/sustainability\/2017-03-01\/privates-carsharing-im-trend\/#article","isPartOf":{"@id":"https:\/\/www.organisator.ch\/sustainability\/2017-03-01\/privates-carsharing-im-trend\/"},"author":{"name":"admin","@id":"https:\/\/www.organisator.ch\/#\/schema\/person\/aa2bace6c5c5aad60102004a50c4eb1c"},"headline":"Privates Carsharing im Trend","datePublished":"2017-03-01T13:36:58+00:00","dateModified":"2022-02-09T10:10:12+00:00","mainEntityOfPage":{"@id":"https:\/\/www.organisator.ch\/sustainability\/2017-03-01\/privates-carsharing-im-trend\/"},"wordCount":504,"commentCount":0,"publisher":{"@id":"https:\/\/www.organisator.ch\/#organization"},"image":{"@id":"https:\/\/www.organisator.ch\/sustainability\/2017-03-01\/privates-carsharing-im-trend\/#primaryimage"},"thumbnailUrl":"https:\/\/www.organisator.ch\/wp-content\/uploads\/2017\/02\/Depositphotos_34127551_l-2015.jpg","keywords":["Nachhaltige Mobilit\u00e4t","Studien","Verkehr","ZHAW"],"articleSection":["SUSTAINABILITY"],"inLanguage":"it-IT"},{"@type":"WebPage","@id":"https:\/\/www.organisator.ch\/sustainability\/2017-03-01\/privates-carsharing-im-trend\/","url":"https:\/\/www.organisator.ch\/sustainability\/2017-03-01\/privates-carsharing-im-trend\/","name":"Il car sharing privato \u00e8 in voga - Organizzatore","isPartOf":{"@id":"https:\/\/www.organisator.ch\/#website"},"primaryImageOfPage":{"@id":"https:\/\/www.organisator.ch\/sustainability\/2017-03-01\/privates-carsharing-im-trend\/#primaryimage"},"image":{"@id":"https:\/\/www.organisator.ch\/sustainability\/2017-03-01\/privates-carsharing-im-trend\/#primaryimage"},"thumbnailUrl":"https:\/\/www.organisator.ch\/wp-content\/uploads\/2017\/02\/Depositphotos_34127551_l-2015.jpg","datePublished":"2017-03-01T13:36:58+00:00","dateModified":"2022-02-09T10:10:12+00:00","description":"Condividere la propria auto sta diventando sempre pi\u00f9 una tendenza: lo dimostra un confronto tra diversi concetti di condivisione in sette citt\u00e0 europee.","breadcrumb":{"@id":"https:\/\/www.organisator.ch\/sustainability\/2017-03-01\/privates-carsharing-im-trend\/#breadcrumb"},"inLanguage":"it-IT","potentialAction":[{"@type":"ReadAction","target":["https:\/\/www.organisator.ch\/sustainability\/2017-03-01\/privates-carsharing-im-trend\/"]}]},{"@type":"ImageObject","inLanguage":"it-IT","@id":"https:\/\/www.organisator.ch\/sustainability\/2017-03-01\/privates-carsharing-im-trend\/#primaryimage","url":"https:\/\/www.organisator.ch\/wp-content\/uploads\/2017\/02\/Depositphotos_34127551_l-2015.jpg","contentUrl":"https:\/\/www.organisator.ch\/wp-content\/uploads\/2017\/02\/Depositphotos_34127551_l-2015.jpg","width":1999,"height":1414,"caption":"Ein Vergleich der Carsharing-Angebote in Europa zeigt: Das Privatauto zu teilen, wird immer normaler."},{"@type":"BreadcrumbList","@id":"https:\/\/www.organisator.ch\/sustainability\/2017-03-01\/privates-carsharing-im-trend\/#breadcrumb","itemListElement":[{"@type":"ListItem","position":1,"name":"Home","item":"https:\/\/www.organisator.ch\/"},{"@type":"ListItem","position":2,"name":"Privates Carsharing im Trend"}]},{"@type":"WebSite","@id":"https:\/\/www.organisator.ch\/#website","url":"https:\/\/www.organisator.ch\/","name":"Organizzatore","description":"Competente. Pratico. In 10 numeri all'anno, ORGANISATOR presenta i temi essenziali per i manager delle PMI.","publisher":{"@id":"https:\/\/www.organisator.ch\/#organization"},"potentialAction":[{"@type":"SearchAction","target":{"@type":"EntryPoint","urlTemplate":"https:\/\/www.organisator.ch\/?s={search_term_string}"},"query-input":{"@type":"PropertyValueSpecification","valueRequired":true,"valueName":"search_term_string"}}],"inLanguage":"it-IT"},{"@type":"Organization","@id":"https:\/\/www.organisator.ch\/#organization","name":"Organizzatore","url":"https:\/\/www.organisator.ch\/","logo":{"@type":"ImageObject","inLanguage":"it-IT","@id":"https:\/\/www.organisator.ch\/#\/schema\/logo\/image\/","url":"https:\/\/www.organisator.ch\/wp-content\/uploads\/2022\/01\/Logo_Organisator_Website.png","contentUrl":"https:\/\/www.organisator.ch\/wp-content\/uploads\/2022\/01\/Logo_Organisator_Website.png","width":800,"height":77,"caption":"Organisator"},"image":{"@id":"https:\/\/www.organisator.ch\/#\/schema\/logo\/image\/"},"sameAs":["https:\/\/www.facebook.com\/OrganisatorFachmagazin","https:\/\/www.linkedin.com\/showcase\/organisator-das-magazin-fr-kmu","https:\/\/www.xing.com\/news\/pages\/organisator-ch-695","https:\/\/www.youtube.com\/channel\/UCGP2Sq0iWaZwT3BdIAQFYpw"]},{"@type":"Person","@id":"https:\/\/www.organisator.ch\/#\/schema\/person\/aa2bace6c5c5aad60102004a50c4eb1c","name":"amministratore","image":{"@type":"ImageObject","inLanguage":"it-IT","@id":"https:\/\/secure.gravatar.com\/avatar\/ae2f4d718e6c49043e314ce431e7e645d646302a24a5ef5a8bc8e3f5a032e319?s=96&d=mm&r=g","url":"https:\/\/secure.gravatar.com\/avatar\/ae2f4d718e6c49043e314ce431e7e645d646302a24a5ef5a8bc8e3f5a032e319?s=96&d=mm&r=g","contentUrl":"https:\/\/secure.gravatar.com\/avatar\/ae2f4d718e6c49043e314ce431e7e645d646302a24a5ef5a8bc8e3f5a032e319?s=96&d=mm&r=g","caption":"admin"},"sameAs":["https:\/\/www.organisator.ch"],"url":"https:\/\/www.organisator.ch\/it\/author\/admin\/"}]}},"_links":{"self":[{"href":"https:\/\/www.organisator.ch\/it\/wp-json\/wp\/v2\/posts\/790","targetHints":{"allow":["GET"]}}],"collection":[{"href":"https:\/\/www.organisator.ch\/it\/wp-json\/wp\/v2\/posts"}],"about":[{"href":"https:\/\/www.organisator.ch\/it\/wp-json\/wp\/v2\/types\/post"}],"author":[{"embeddable":true,"href":"https:\/\/www.organisator.ch\/it\/wp-json\/wp\/v2\/users\/1"}],"replies":[{"embeddable":true,"href":"https:\/\/www.organisator.ch\/it\/wp-json\/wp\/v2\/comments?post=790"}],"version-history":[{"count":1,"href":"https:\/\/www.organisator.ch\/it\/wp-json\/wp\/v2\/posts\/790\/revisions"}],"predecessor-version":[{"id":10944,"href":"https:\/\/www.organisator.ch\/it\/wp-json\/wp\/v2\/posts\/790\/revisions\/10944"}],"wp:featuredmedia":[{"embeddable":true,"href":"https:\/\/www.organisator.ch\/it\/wp-json\/wp\/v2\/media\/792"}],"wp:attachment":[{"href":"https:\/\/www.organisator.ch\/it\/wp-json\/wp\/v2\/media?parent=790"}],"wp:term":[{"taxonomy":"category","embeddable":true,"href":"https:\/\/www.organisator.ch\/it\/wp-json\/wp\/v2\/categories?post=790"},{"taxonomy":"post_tag","embeddable":true,"href":"https:\/\/www.organisator.ch\/it\/wp-json\/wp\/v2\/tags?post=790"}],"curies":[{"name":"wp","href":"https:\/\/api.w.org\/{rel}","templated":true}]}}