{"id":7918,"date":"2021-04-14T16:31:06","date_gmt":"2021-04-14T14:31:06","guid":{"rendered":"https:\/\/www.organisator.ch\/?p=7918"},"modified":"2021-04-14T16:31:06","modified_gmt":"2021-04-14T14:31:06","slug":"berufseinstieg-2020-lehrabgaenger-innen-beweisen-anpassungsfaehigkeit","status":"publish","type":"post","link":"https:\/\/www.organisator.ch\/it\/allgemein\/2021-04-14\/berufseinstieg-2020-lehrabgaenger-innen-beweisen-anpassungsfaehigkeit\/","title":{"rendered":"Ingresso in carriera 2020: i laureati in apprendistato dimostrano capacit\u00e0 di adattamento"},"content":{"rendered":"<figure id=\"attachment_7920\" aria-describedby=\"caption-attachment-7920\" style=\"width: 680px\" class=\"wp-caption alignnone\"><img loading=\"lazy\" decoding=\"async\" class=\"size-medium wp-image-7920\" src=\"https:\/\/www.organisator.ch\/wp-content\/uploads\/2021\/04\/Berufseinstieg-2020-Lehrabgaengerinnen-beweisen-Anpassungsfaehigkeit-1_Organisator.jpg\" alt=\"\" width=\"680\" height=\"229\" srcset=\"https:\/\/www.organisator.ch\/wp-content\/uploads\/2021\/04\/Berufseinstieg-2020-Lehrabgaengerinnen-beweisen-Anpassungsfaehigkeit-1_Organisator.jpg 680w, https:\/\/www.organisator.ch\/wp-content\/uploads\/2021\/04\/Berufseinstieg-2020-Lehrabgaengerinnen-beweisen-Anpassungsfaehigkeit-1_Organisator-16x5.jpg 16w, https:\/\/www.organisator.ch\/wp-content\/uploads\/2021\/04\/Berufseinstieg-2020-Lehrabgaengerinnen-beweisen-Anpassungsfaehigkeit-1_Organisator-375x126.jpg 375w, https:\/\/www.organisator.ch\/wp-content\/uploads\/2021\/04\/Berufseinstieg-2020-Lehrabgaengerinnen-beweisen-Anpassungsfaehigkeit-1_Organisator-300x101.jpg 300w\" sizes=\"auto, (max-width: 680px) 100vw, 680px\" \/><figcaption id=\"caption-attachment-7920\" class=\"wp-caption-text\">preparati al 100% per l'inizio della loro carriera: Nonostante la pandemia di Corona, la formazione commerciale si \u00e8 rivelata la scelta giusta per la maggior parte dei diplomati dell'apprendistato. (Immagine: Pixabay.com)<\/figcaption><\/figure>\n<p>Da pi\u00f9 di quattordici anni, l'Associazione svizzera del commercio ha intervistato i diplomati KV in Svizzera sulle condizioni di lavoro durante l'apprendistato, il loro passaggio alla vita lavorativa e i loro progetti per il futuro. Il sondaggio 2020 si \u00e8 concentrato sull'impatto della pandemia di Covid 19 sull'apprendimento e sul lavoro, cos\u00ec come sulla ricerca di un lavoro.<\/p>\n<h2>Difficolt\u00e0 nell'iniziare una carriera<\/h2>\n<p>La pandemia del Covid 19 ha colpito duramente i giovani professionisti e ha reso difficile il loro ingresso nel mercato del lavoro. Nel novembre 2020, circa il 9,1% degli apprendisti KV intervistati era alla ricerca di un lavoro. Solo il 64,8% ha dichiarato di essere ancora occupato. Rispetto all'anno precedente, ci\u00f2 corrisponde a una diminuzione di 5%, ponendo bruscamente fine alla tendenza positiva degli ultimi anni (cfr. grafico 1). \"La diminuzione dei tassi di occupazione pu\u00f2 essere attribuita alla difficile situazione del mercato del lavoro nel primo anno della pandemia\". Nina Meier, lavoratrice del progetto per l'educazione di base e la consulenza ai giovani presso l'Associazione Commerciale, riassume i risultati. Anche l'aumento dei laureati in apprendistato con un lavoro precario \u00e8 preoccupante. Nel 2020, la percentuale di laureati che sono stati assunti su base temporanea \u00e8 aumentata di 5%. Questo deve essere considerato in modo critico, dato che un quarto di coloro che hanno un impiego di questo tipo dichiarano che preferirebbero un contratto a tempo indeterminato, ma non gli \u00e8 stato offerto. La situazione \u00e8 simile con i laureati che hanno un lavoro a tempo parziale: il 27,7% dichiara che preferirebbe una posizione a tempo pieno. Nina Meier mette in guardia contro questo sviluppo: \"L'aumento significativo dei contratti di lavoro a tempo determinato, i carichi di lavoro ridotti e le posizioni part-time sono indicatori dell'ingresso pi\u00f9 difficile in una professione a causa della difficile situazione economica. A lungo termine, questo pu\u00f2 avere conseguenze negative, come salari pi\u00f9 bassi, ma anche una compromissione delle opportunit\u00e0 di carriera\".<\/p>\n<figure id=\"attachment_7921\" aria-describedby=\"caption-attachment-7921\" style=\"width: 680px\" class=\"wp-caption alignnone\"><img loading=\"lazy\" decoding=\"async\" class=\"size-medium wp-image-7921\" src=\"https:\/\/www.organisator.ch\/wp-content\/uploads\/2021\/04\/Berufseinstieg-2020-Lehrabgaengerinnen-beweisen-Anpassungsfaehigkeit-2_Organisator.jpg\" alt=\"\" width=\"680\" height=\"761\" srcset=\"https:\/\/www.organisator.ch\/wp-content\/uploads\/2021\/04\/Berufseinstieg-2020-Lehrabgaengerinnen-beweisen-Anpassungsfaehigkeit-2_Organisator.jpg 680w, https:\/\/www.organisator.ch\/wp-content\/uploads\/2021\/04\/Berufseinstieg-2020-Lehrabgaengerinnen-beweisen-Anpassungsfaehigkeit-2_Organisator-11x12.jpg 11w, https:\/\/www.organisator.ch\/wp-content\/uploads\/2021\/04\/Berufseinstieg-2020-Lehrabgaengerinnen-beweisen-Anpassungsfaehigkeit-2_Organisator-156x175.jpg 156w, https:\/\/www.organisator.ch\/wp-content\/uploads\/2021\/04\/Berufseinstieg-2020-Lehrabgaengerinnen-beweisen-Anpassungsfaehigkeit-2_Organisator-313x350.jpg 313w, https:\/\/www.organisator.ch\/wp-content\/uploads\/2021\/04\/Berufseinstieg-2020-Lehrabgaengerinnen-beweisen-Anpassungsfaehigkeit-2_Organisator-300x336.jpg 300w\" sizes=\"auto, (max-width: 680px) 100vw, 680px\" \/><figcaption id=\"caption-attachment-7921\" class=\"wp-caption-text\">La maggior parte dei laureati in apprendistato nel settore commerciale sono soddisfatti del loro inizio di carriera. (Grafico: Associazione commerciale svizzera)<\/figcaption><\/figure>\n<h2>Costruire il know-how attraverso la formazione continua<\/h2>\n<p>Con il KV, i giovani hanno una formazione di base solida e generalista per iniziare una carriera. Con un'ulteriore formazione successiva, possono specializzarsi rapidamente in nuove professioni e diventare esperti ricercati. Cos\u00ec, l'85,9% dei diplomati dell'apprendistato sono anche convinti che la formazione commerciale di base \u00e8 un buon punto di partenza per la loro carriera professionale. Molti giovani imprenditori sono in grado di portare le competenze acquisite durante l'apprendistato nel loro attuale lavoro (cfr. grafico 2). \"La formazione ben fondata e l'agilit\u00e0 per la loro carriera acquisita attraverso di essa sono particolarmente utili per loro in un anno di crisi. Gli apprendisti commerciali completano volentieri l'ulteriore formazione, che \u00e8 indispensabile per il successo a lungo termine nel mercato del lavoro. Cos\u00ec, durante la crisi, le soluzioni provvisorie sono cercate in modo proattivo e utilizzate per colmare la disoccupazione e allo stesso tempo costruire il know-how in modo mirato\". In linea con il motto \"lifelong learning\", 9 laureati su 10 vogliono continuare la loro istruzione nel prossimo futuro. Questo conferma la tendenza alla formazione continua, di cui la LAU si \u00e8 occupata intensamente nel 2019. Dopo la prima formazione, la volont\u00e0 di acquisire maggiori conoscenze \u00e8 chiaramente riconoscibile. Gi\u00e0 nel novembre 2020, il 32,3% degli intervistati ha iniziato un'ulteriore formazione. Un altro 27,7% vuole affrontare il progetto nei prossimi 12 mesi. Il BM2 rimane uno dei corsi di formazione continua pi\u00f9 popolari direttamente dopo un apprendistato, seguito da studi in un'universit\u00e0 di scienze applicate.<\/p>\n<h2>Il Ministero dell'Interno e l'apprendistato<\/h2>\n<p>Nonostante i numerosi cambiamenti sul mercato del lavoro, i giovani imprenditori non si sono lasciati scoraggiare dalla situazione tesa e hanno mostrato un alto livello di impegno durante il processo di candidatura. Anche Nina Meier ha fatto questa osservazione. Lei nota che \"i laureati come pure i loro supervisori di formazione hanno mostrato un alto grado di adattabilit\u00e0 e hanno adattato la fase finale della formazione alla nuova norma di lavoro e alle condizioni pi\u00f9 difficili attraverso uno sforzo supplementare. E lo hanno fatto senza sacrificare la qualit\u00e0. La soddisfazione per la natura degli incarichi di lavoro \u00e8 rimasta alta anche nell'home office, che \u00e8 diventato il nuovo ambiente di lavoro per oltre 50% dei laureati in apprendistato a partire dalla primavera. Circa 74% hanno dichiarato che gli incarichi ricevuti nell'home office erano istruttivi e significativi (cfr. grafico 3). Gli studenti sono stati anche in grado di sviluppare le loro competenze digitali e lavorare in modo indipendente. Pi\u00f9 della met\u00e0 sono convinti di aver imparato qualcosa di nuovo nell'home office. L'apprendistato commerciale completato nel 2020 non \u00e8 quindi in alcun modo inferiore alle qualifiche degli anni precedenti.<\/p>\n<p><em>Fonte: <a href=\"http:\/\/www.kfmv.ch\">Associazione commerciale svizzera<\/a><\/em><\/p>","protected":false},"excerpt":{"rendered":"<p>Seit mehr als vierzehn Jahren befragt der Kaufm\u00e4nnische Verband die KV-Abg\u00e4nger\/innen in der Schweiz zu den Arbeitsbedingungen in der Lehre, dem \u00dcbertritt ins Berufsleben und ihren Zukunftspl\u00e4nen. Die Befragung im Jahr 2020 hat den Fokus auf die Auswirkungen der Covid-19-Pandemie auf das Lernen und Arbeiten sowie auf die Stellensuche gelegt. Erschwerter Berufseinstieg Die Covid-19-Pandemie hat [&hellip;]<\/p>\n","protected":false},"author":4,"featured_media":7920,"comment_status":"closed","ping_status":"closed","sticky":false,"template":"","format":"standard","meta":{"_acf_changed":false,"_yoast_wpseo_focuskw":"Berufseinstieg","_yoast_wpseo_metadesc":"Eine Studie des Kaufm\u00e4nnischen Verbands zeigt, dass der Berufseinstieg 2020 recht schwierig war. Doch die Lehrabg\u00e4nger\/innen zeigten sich anpassungsf\u00e4hig.","articlekey":"","footnotes":""},"categories":[1,30],"tags":[62,73,75,254,459],"class_list":["post-7918","post","type-post","status-publish","format-standard","has-post-thumbnail","hentry","category-allgemein","category-weiterbildung","tag-aus-weiterbildung","tag-berufsbildung","tag-berufswahl","tag-hrm","tag-studie"],"acf":[],"yoast_head":"<!-- This site is optimized with the Yoast SEO plugin v27.5 - https:\/\/yoast.com\/product\/yoast-seo-wordpress\/ -->\n<title>Berufseinstieg 2020: Lehrabg\u00e4nger\/innen beweisen Anpassungsf\u00e4higkeit - Organisator<\/title>\n<meta name=\"description\" content=\"Eine Studie des Kaufm\u00e4nnischen Verbands zeigt, dass der Berufseinstieg 2020 recht schwierig war. Doch die Lehrabg\u00e4nger\/innen zeigten sich anpassungsf\u00e4hig.\" \/>\n<meta name=\"robots\" content=\"index, follow, max-snippet:-1, max-image-preview:large, max-video-preview:-1\" \/>\n<link rel=\"canonical\" href=\"https:\/\/www.organisator.ch\/it\/generale\/2021-04-14\/berufseinstieg-2020-lehrabgaenger-innen-beweisen-anpassungsfaehigkeit\/\" \/>\n<meta property=\"og:locale\" content=\"it_IT\" \/>\n<meta property=\"og:type\" content=\"article\" \/>\n<meta property=\"og:title\" content=\"Berufseinstieg 2020: Lehrabg\u00e4nger\/innen beweisen Anpassungsf\u00e4higkeit\" \/>\n<meta property=\"og:description\" content=\"Eine Studie des Kaufm\u00e4nnischen Verbands zeigt, dass der Berufseinstieg 2020 recht schwierig war. Doch die Lehrabg\u00e4nger\/innen zeigten sich anpassungsf\u00e4hig.\" \/>\n<meta property=\"og:url\" content=\"https:\/\/www.organisator.ch\/it\/generale\/2021-04-14\/berufseinstieg-2020-lehrabgaenger-innen-beweisen-anpassungsfaehigkeit\/\" \/>\n<meta property=\"og:site_name\" content=\"Organisator\" \/>\n<meta property=\"article:publisher\" content=\"https:\/\/www.facebook.com\/OrganisatorFachmagazin\" \/>\n<meta property=\"article:published_time\" content=\"2021-04-14T14:31:06+00:00\" \/>\n<meta property=\"og:image\" content=\"https:\/\/www.organisator.ch\/wp-content\/uploads\/2021\/04\/Berufseinstieg-2020-Lehrabgaengerinnen-beweisen-Anpassungsfaehigkeit-1_Organisator.jpg\" \/>\n\t<meta property=\"og:image:width\" content=\"680\" \/>\n\t<meta property=\"og:image:height\" content=\"229\" \/>\n\t<meta property=\"og:image:type\" content=\"image\/jpeg\" \/>\n<meta name=\"author\" content=\"thomas.berner\" \/>\n<meta name=\"twitter:card\" content=\"summary_large_image\" \/>\n<meta name=\"twitter:title\" content=\"#Berufseinstieg 2020: #Lehrabg\u00e4nger\/innen beweisen Anpassungsf\u00e4higkeit\" \/>\n<meta name=\"twitter:description\" content=\"Eine Studie des Kaufm\u00e4nnischen Verbands #KVSchweiz zeigt, dass der #Berufseinstieg 2020 recht schwierig war. Doch die #Lehrabg\u00e4nger\/innen zeigten sich anpassungsf\u00e4hig.\" \/>\n<meta name=\"twitter:image\" content=\"https:\/\/www.organisator.ch\/wp-content\/uploads\/2021\/04\/Berufseinstieg-2020-Lehrabgaengerinnen-beweisen-Anpassungsfaehigkeit-1_Organisator.jpg\" \/>\n<script type=\"application\/ld+json\" class=\"yoast-schema-graph\">{\"@context\":\"https:\\\/\\\/schema.org\",\"@graph\":[{\"@type\":\"Article\",\"@id\":\"https:\\\/\\\/www.organisator.ch\\\/allgemein\\\/2021-04-14\\\/berufseinstieg-2020-lehrabgaenger-innen-beweisen-anpassungsfaehigkeit\\\/#article\",\"isPartOf\":{\"@id\":\"https:\\\/\\\/www.organisator.ch\\\/allgemein\\\/2021-04-14\\\/berufseinstieg-2020-lehrabgaenger-innen-beweisen-anpassungsfaehigkeit\\\/\"},\"author\":{\"name\":\"thomas.berner\",\"@id\":\"https:\\\/\\\/www.organisator.ch\\\/#\\\/schema\\\/person\\\/6f650f90b2842cd4c0cc334b4e36f67e\"},\"headline\":\"Berufseinstieg 2020: Lehrabg\u00e4nger\\\/innen beweisen Anpassungsf\u00e4higkeit\",\"datePublished\":\"2021-04-14T14:31:06+00:00\",\"mainEntityOfPage\":{\"@id\":\"https:\\\/\\\/www.organisator.ch\\\/allgemein\\\/2021-04-14\\\/berufseinstieg-2020-lehrabgaenger-innen-beweisen-anpassungsfaehigkeit\\\/\"},\"wordCount\":744,\"publisher\":{\"@id\":\"https:\\\/\\\/www.organisator.ch\\\/#organization\"},\"image\":{\"@id\":\"https:\\\/\\\/www.organisator.ch\\\/allgemein\\\/2021-04-14\\\/berufseinstieg-2020-lehrabgaenger-innen-beweisen-anpassungsfaehigkeit\\\/#primaryimage\"},\"thumbnailUrl\":\"https:\\\/\\\/www.organisator.ch\\\/wp-content\\\/uploads\\\/2021\\\/04\\\/Berufseinstieg-2020-Lehrabgaengerinnen-beweisen-Anpassungsfaehigkeit-1_Organisator.jpg\",\"keywords\":[\"Aus-\\\/Weiterbildung\",\"Berufsbildung\",\"Berufswahl\",\"HRM\",\"Studie\"],\"articleSection\":[\"Allgemein\",\"WEITERBILDUNG\"],\"inLanguage\":\"it-IT\"},{\"@type\":\"WebPage\",\"@id\":\"https:\\\/\\\/www.organisator.ch\\\/allgemein\\\/2021-04-14\\\/berufseinstieg-2020-lehrabgaenger-innen-beweisen-anpassungsfaehigkeit\\\/\",\"url\":\"https:\\\/\\\/www.organisator.ch\\\/allgemein\\\/2021-04-14\\\/berufseinstieg-2020-lehrabgaenger-innen-beweisen-anpassungsfaehigkeit\\\/\",\"name\":\"Berufseinstieg 2020: Lehrabg\u00e4nger\\\/innen beweisen Anpassungsf\u00e4higkeit - Organisator\",\"isPartOf\":{\"@id\":\"https:\\\/\\\/www.organisator.ch\\\/#website\"},\"primaryImageOfPage\":{\"@id\":\"https:\\\/\\\/www.organisator.ch\\\/allgemein\\\/2021-04-14\\\/berufseinstieg-2020-lehrabgaenger-innen-beweisen-anpassungsfaehigkeit\\\/#primaryimage\"},\"image\":{\"@id\":\"https:\\\/\\\/www.organisator.ch\\\/allgemein\\\/2021-04-14\\\/berufseinstieg-2020-lehrabgaenger-innen-beweisen-anpassungsfaehigkeit\\\/#primaryimage\"},\"thumbnailUrl\":\"https:\\\/\\\/www.organisator.ch\\\/wp-content\\\/uploads\\\/2021\\\/04\\\/Berufseinstieg-2020-Lehrabgaengerinnen-beweisen-Anpassungsfaehigkeit-1_Organisator.jpg\",\"datePublished\":\"2021-04-14T14:31:06+00:00\",\"description\":\"Eine Studie des Kaufm\u00e4nnischen Verbands zeigt, dass der Berufseinstieg 2020 recht schwierig war. Doch die Lehrabg\u00e4nger\\\/innen zeigten sich anpassungsf\u00e4hig.\",\"breadcrumb\":{\"@id\":\"https:\\\/\\\/www.organisator.ch\\\/allgemein\\\/2021-04-14\\\/berufseinstieg-2020-lehrabgaenger-innen-beweisen-anpassungsfaehigkeit\\\/#breadcrumb\"},\"inLanguage\":\"it-IT\",\"potentialAction\":[{\"@type\":\"ReadAction\",\"target\":[\"https:\\\/\\\/www.organisator.ch\\\/allgemein\\\/2021-04-14\\\/berufseinstieg-2020-lehrabgaenger-innen-beweisen-anpassungsfaehigkeit\\\/\"]}]},{\"@type\":\"ImageObject\",\"inLanguage\":\"it-IT\",\"@id\":\"https:\\\/\\\/www.organisator.ch\\\/allgemein\\\/2021-04-14\\\/berufseinstieg-2020-lehrabgaenger-innen-beweisen-anpassungsfaehigkeit\\\/#primaryimage\",\"url\":\"https:\\\/\\\/www.organisator.ch\\\/wp-content\\\/uploads\\\/2021\\\/04\\\/Berufseinstieg-2020-Lehrabgaengerinnen-beweisen-Anpassungsfaehigkeit-1_Organisator.jpg\",\"contentUrl\":\"https:\\\/\\\/www.organisator.ch\\\/wp-content\\\/uploads\\\/2021\\\/04\\\/Berufseinstieg-2020-Lehrabgaengerinnen-beweisen-Anpassungsfaehigkeit-1_Organisator.jpg\",\"width\":680,\"height\":229,\"caption\":\"Zu 100 Prozent f\u00fcr den Berufseinstieg ger\u00fcstet: Die kaufm\u00e4nnische Ausbildung erwies sich trotz Corona-Pandemie f\u00fcr die meisten Lehrabg\u00e4nger\\\/innen als richtige Wahl. (Bild: Pixabay.com)\"},{\"@type\":\"BreadcrumbList\",\"@id\":\"https:\\\/\\\/www.organisator.ch\\\/allgemein\\\/2021-04-14\\\/berufseinstieg-2020-lehrabgaenger-innen-beweisen-anpassungsfaehigkeit\\\/#breadcrumb\",\"itemListElement\":[{\"@type\":\"ListItem\",\"position\":1,\"name\":\"Home\",\"item\":\"https:\\\/\\\/www.organisator.ch\\\/\"},{\"@type\":\"ListItem\",\"position\":2,\"name\":\"Berufseinstieg 2020: Lehrabg\u00e4nger\\\/innen beweisen Anpassungsf\u00e4higkeit\"}]},{\"@type\":\"WebSite\",\"@id\":\"https:\\\/\\\/www.organisator.ch\\\/#website\",\"url\":\"https:\\\/\\\/www.organisator.ch\\\/\",\"name\":\"Organisator\",\"description\":\"Kompetent. Praxisnah. Der ORGANISATOR bereitet in 10 Ausgaben pro Jahr die wesentlichen Themen f\u00fcr F\u00fchrungskr\u00e4fte von KMU auf.\",\"publisher\":{\"@id\":\"https:\\\/\\\/www.organisator.ch\\\/#organization\"},\"potentialAction\":[{\"@type\":\"SearchAction\",\"target\":{\"@type\":\"EntryPoint\",\"urlTemplate\":\"https:\\\/\\\/www.organisator.ch\\\/?s={search_term_string}\"},\"query-input\":{\"@type\":\"PropertyValueSpecification\",\"valueRequired\":true,\"valueName\":\"search_term_string\"}}],\"inLanguage\":\"it-IT\"},{\"@type\":\"Organization\",\"@id\":\"https:\\\/\\\/www.organisator.ch\\\/#organization\",\"name\":\"Organisator\",\"url\":\"https:\\\/\\\/www.organisator.ch\\\/\",\"logo\":{\"@type\":\"ImageObject\",\"inLanguage\":\"it-IT\",\"@id\":\"https:\\\/\\\/www.organisator.ch\\\/#\\\/schema\\\/logo\\\/image\\\/\",\"url\":\"https:\\\/\\\/www.organisator.ch\\\/wp-content\\\/uploads\\\/2022\\\/01\\\/Logo_Organisator_Website.png\",\"contentUrl\":\"https:\\\/\\\/www.organisator.ch\\\/wp-content\\\/uploads\\\/2022\\\/01\\\/Logo_Organisator_Website.png\",\"width\":800,\"height\":77,\"caption\":\"Organisator\"},\"image\":{\"@id\":\"https:\\\/\\\/www.organisator.ch\\\/#\\\/schema\\\/logo\\\/image\\\/\"},\"sameAs\":[\"https:\\\/\\\/www.facebook.com\\\/OrganisatorFachmagazin\",\"https:\\\/\\\/www.linkedin.com\\\/showcase\\\/organisator-das-magazin-fr-kmu\",\"https:\\\/\\\/www.xing.com\\\/news\\\/pages\\\/organisator-ch-695\",\"https:\\\/\\\/www.youtube.com\\\/channel\\\/UCGP2Sq0iWaZwT3BdIAQFYpw\"]},{\"@type\":\"Person\",\"@id\":\"https:\\\/\\\/www.organisator.ch\\\/#\\\/schema\\\/person\\\/6f650f90b2842cd4c0cc334b4e36f67e\",\"name\":\"thomas.berner\",\"image\":{\"@type\":\"ImageObject\",\"inLanguage\":\"it-IT\",\"@id\":\"https:\\\/\\\/secure.gravatar.com\\\/avatar\\\/ac5001d2a36cb6c6cd3e50789007ffca834b477b74a2144564522e944eabff61?s=96&d=mm&r=g\",\"url\":\"https:\\\/\\\/secure.gravatar.com\\\/avatar\\\/ac5001d2a36cb6c6cd3e50789007ffca834b477b74a2144564522e944eabff61?s=96&d=mm&r=g\",\"contentUrl\":\"https:\\\/\\\/secure.gravatar.com\\\/avatar\\\/ac5001d2a36cb6c6cd3e50789007ffca834b477b74a2144564522e944eabff61?s=96&d=mm&r=g\",\"caption\":\"thomas.berner\"},\"url\":\"https:\\\/\\\/www.organisator.ch\\\/it\\\/author\\\/thomas-berner\\\/\"}]}<\/script>\n<!-- \/ Yoast SEO plugin. -->","yoast_head_json":{"title":"Ingresso in carriera 2020: i laureati in apprendistato dimostrano capacit\u00e0 di adattamento - Organizzatore","description":"Uno studio dell'Associazione commerciale mostra che iniziare una carriera nel 2020 \u00e8 stato piuttosto difficile. Ma i laureati in apprendistato si sono dimostrati adattabili.","robots":{"index":"index","follow":"follow","max-snippet":"max-snippet:-1","max-image-preview":"max-image-preview:large","max-video-preview":"max-video-preview:-1"},"canonical":"https:\/\/www.organisator.ch\/it\/generale\/2021-04-14\/berufseinstieg-2020-lehrabgaenger-innen-beweisen-anpassungsfaehigkeit\/","og_locale":"it_IT","og_type":"article","og_title":"Berufseinstieg 2020: Lehrabg\u00e4nger\/innen beweisen Anpassungsf\u00e4higkeit","og_description":"Eine Studie des Kaufm\u00e4nnischen Verbands zeigt, dass der Berufseinstieg 2020 recht schwierig war. Doch die Lehrabg\u00e4nger\/innen zeigten sich anpassungsf\u00e4hig.","og_url":"https:\/\/www.organisator.ch\/it\/generale\/2021-04-14\/berufseinstieg-2020-lehrabgaenger-innen-beweisen-anpassungsfaehigkeit\/","og_site_name":"Organisator","article_publisher":"https:\/\/www.facebook.com\/OrganisatorFachmagazin","article_published_time":"2021-04-14T14:31:06+00:00","og_image":[{"width":680,"height":229,"url":"https:\/\/www.organisator.ch\/wp-content\/uploads\/2021\/04\/Berufseinstieg-2020-Lehrabgaengerinnen-beweisen-Anpassungsfaehigkeit-1_Organisator.jpg","type":"image\/jpeg"}],"author":"thomas.berner","twitter_card":"summary_large_image","twitter_title":"#Berufseinstieg 2020: #Lehrabg\u00e4nger\/innen beweisen Anpassungsf\u00e4higkeit","twitter_description":"Eine Studie des Kaufm\u00e4nnischen Verbands #KVSchweiz zeigt, dass der #Berufseinstieg 2020 recht schwierig war. Doch die #Lehrabg\u00e4nger\/innen zeigten sich anpassungsf\u00e4hig.","twitter_image":"https:\/\/www.organisator.ch\/wp-content\/uploads\/2021\/04\/Berufseinstieg-2020-Lehrabgaengerinnen-beweisen-Anpassungsfaehigkeit-1_Organisator.jpg","schema":{"@context":"https:\/\/schema.org","@graph":[{"@type":"Article","@id":"https:\/\/www.organisator.ch\/allgemein\/2021-04-14\/berufseinstieg-2020-lehrabgaenger-innen-beweisen-anpassungsfaehigkeit\/#article","isPartOf":{"@id":"https:\/\/www.organisator.ch\/allgemein\/2021-04-14\/berufseinstieg-2020-lehrabgaenger-innen-beweisen-anpassungsfaehigkeit\/"},"author":{"name":"thomas.berner","@id":"https:\/\/www.organisator.ch\/#\/schema\/person\/6f650f90b2842cd4c0cc334b4e36f67e"},"headline":"Berufseinstieg 2020: Lehrabg\u00e4nger\/innen beweisen Anpassungsf\u00e4higkeit","datePublished":"2021-04-14T14:31:06+00:00","mainEntityOfPage":{"@id":"https:\/\/www.organisator.ch\/allgemein\/2021-04-14\/berufseinstieg-2020-lehrabgaenger-innen-beweisen-anpassungsfaehigkeit\/"},"wordCount":744,"publisher":{"@id":"https:\/\/www.organisator.ch\/#organization"},"image":{"@id":"https:\/\/www.organisator.ch\/allgemein\/2021-04-14\/berufseinstieg-2020-lehrabgaenger-innen-beweisen-anpassungsfaehigkeit\/#primaryimage"},"thumbnailUrl":"https:\/\/www.organisator.ch\/wp-content\/uploads\/2021\/04\/Berufseinstieg-2020-Lehrabgaengerinnen-beweisen-Anpassungsfaehigkeit-1_Organisator.jpg","keywords":["Aus-\/Weiterbildung","Berufsbildung","Berufswahl","HRM","Studie"],"articleSection":["Allgemein","WEITERBILDUNG"],"inLanguage":"it-IT"},{"@type":"WebPage","@id":"https:\/\/www.organisator.ch\/allgemein\/2021-04-14\/berufseinstieg-2020-lehrabgaenger-innen-beweisen-anpassungsfaehigkeit\/","url":"https:\/\/www.organisator.ch\/allgemein\/2021-04-14\/berufseinstieg-2020-lehrabgaenger-innen-beweisen-anpassungsfaehigkeit\/","name":"Ingresso in carriera 2020: i laureati in apprendistato dimostrano capacit\u00e0 di adattamento - Organizzatore","isPartOf":{"@id":"https:\/\/www.organisator.ch\/#website"},"primaryImageOfPage":{"@id":"https:\/\/www.organisator.ch\/allgemein\/2021-04-14\/berufseinstieg-2020-lehrabgaenger-innen-beweisen-anpassungsfaehigkeit\/#primaryimage"},"image":{"@id":"https:\/\/www.organisator.ch\/allgemein\/2021-04-14\/berufseinstieg-2020-lehrabgaenger-innen-beweisen-anpassungsfaehigkeit\/#primaryimage"},"thumbnailUrl":"https:\/\/www.organisator.ch\/wp-content\/uploads\/2021\/04\/Berufseinstieg-2020-Lehrabgaengerinnen-beweisen-Anpassungsfaehigkeit-1_Organisator.jpg","datePublished":"2021-04-14T14:31:06+00:00","description":"Uno studio dell'Associazione commerciale mostra che iniziare una carriera nel 2020 \u00e8 stato piuttosto difficile. Ma i laureati in apprendistato si sono dimostrati adattabili.","breadcrumb":{"@id":"https:\/\/www.organisator.ch\/allgemein\/2021-04-14\/berufseinstieg-2020-lehrabgaenger-innen-beweisen-anpassungsfaehigkeit\/#breadcrumb"},"inLanguage":"it-IT","potentialAction":[{"@type":"ReadAction","target":["https:\/\/www.organisator.ch\/allgemein\/2021-04-14\/berufseinstieg-2020-lehrabgaenger-innen-beweisen-anpassungsfaehigkeit\/"]}]},{"@type":"ImageObject","inLanguage":"it-IT","@id":"https:\/\/www.organisator.ch\/allgemein\/2021-04-14\/berufseinstieg-2020-lehrabgaenger-innen-beweisen-anpassungsfaehigkeit\/#primaryimage","url":"https:\/\/www.organisator.ch\/wp-content\/uploads\/2021\/04\/Berufseinstieg-2020-Lehrabgaengerinnen-beweisen-Anpassungsfaehigkeit-1_Organisator.jpg","contentUrl":"https:\/\/www.organisator.ch\/wp-content\/uploads\/2021\/04\/Berufseinstieg-2020-Lehrabgaengerinnen-beweisen-Anpassungsfaehigkeit-1_Organisator.jpg","width":680,"height":229,"caption":"Zu 100 Prozent f\u00fcr den Berufseinstieg ger\u00fcstet: Die kaufm\u00e4nnische Ausbildung erwies sich trotz Corona-Pandemie f\u00fcr die meisten Lehrabg\u00e4nger\/innen als richtige Wahl. (Bild: Pixabay.com)"},{"@type":"BreadcrumbList","@id":"https:\/\/www.organisator.ch\/allgemein\/2021-04-14\/berufseinstieg-2020-lehrabgaenger-innen-beweisen-anpassungsfaehigkeit\/#breadcrumb","itemListElement":[{"@type":"ListItem","position":1,"name":"Home","item":"https:\/\/www.organisator.ch\/"},{"@type":"ListItem","position":2,"name":"Berufseinstieg 2020: Lehrabg\u00e4nger\/innen beweisen Anpassungsf\u00e4higkeit"}]},{"@type":"WebSite","@id":"https:\/\/www.organisator.ch\/#website","url":"https:\/\/www.organisator.ch\/","name":"Organizzatore","description":"Competente. Pratico. In 10 numeri all'anno, ORGANISATOR presenta i temi essenziali per i manager delle PMI.","publisher":{"@id":"https:\/\/www.organisator.ch\/#organization"},"potentialAction":[{"@type":"SearchAction","target":{"@type":"EntryPoint","urlTemplate":"https:\/\/www.organisator.ch\/?s={search_term_string}"},"query-input":{"@type":"PropertyValueSpecification","valueRequired":true,"valueName":"search_term_string"}}],"inLanguage":"it-IT"},{"@type":"Organization","@id":"https:\/\/www.organisator.ch\/#organization","name":"Organizzatore","url":"https:\/\/www.organisator.ch\/","logo":{"@type":"ImageObject","inLanguage":"it-IT","@id":"https:\/\/www.organisator.ch\/#\/schema\/logo\/image\/","url":"https:\/\/www.organisator.ch\/wp-content\/uploads\/2022\/01\/Logo_Organisator_Website.png","contentUrl":"https:\/\/www.organisator.ch\/wp-content\/uploads\/2022\/01\/Logo_Organisator_Website.png","width":800,"height":77,"caption":"Organisator"},"image":{"@id":"https:\/\/www.organisator.ch\/#\/schema\/logo\/image\/"},"sameAs":["https:\/\/www.facebook.com\/OrganisatorFachmagazin","https:\/\/www.linkedin.com\/showcase\/organisator-das-magazin-fr-kmu","https:\/\/www.xing.com\/news\/pages\/organisator-ch-695","https:\/\/www.youtube.com\/channel\/UCGP2Sq0iWaZwT3BdIAQFYpw"]},{"@type":"Person","@id":"https:\/\/www.organisator.ch\/#\/schema\/person\/6f650f90b2842cd4c0cc334b4e36f67e","name":"Tommaso.berner","image":{"@type":"ImageObject","inLanguage":"it-IT","@id":"https:\/\/secure.gravatar.com\/avatar\/ac5001d2a36cb6c6cd3e50789007ffca834b477b74a2144564522e944eabff61?s=96&d=mm&r=g","url":"https:\/\/secure.gravatar.com\/avatar\/ac5001d2a36cb6c6cd3e50789007ffca834b477b74a2144564522e944eabff61?s=96&d=mm&r=g","contentUrl":"https:\/\/secure.gravatar.com\/avatar\/ac5001d2a36cb6c6cd3e50789007ffca834b477b74a2144564522e944eabff61?s=96&d=mm&r=g","caption":"thomas.berner"},"url":"https:\/\/www.organisator.ch\/it\/author\/thomas-berner\/"}]}},"_links":{"self":[{"href":"https:\/\/www.organisator.ch\/it\/wp-json\/wp\/v2\/posts\/7918","targetHints":{"allow":["GET"]}}],"collection":[{"href":"https:\/\/www.organisator.ch\/it\/wp-json\/wp\/v2\/posts"}],"about":[{"href":"https:\/\/www.organisator.ch\/it\/wp-json\/wp\/v2\/types\/post"}],"author":[{"embeddable":true,"href":"https:\/\/www.organisator.ch\/it\/wp-json\/wp\/v2\/users\/4"}],"replies":[{"embeddable":true,"href":"https:\/\/www.organisator.ch\/it\/wp-json\/wp\/v2\/comments?post=7918"}],"version-history":[{"count":0,"href":"https:\/\/www.organisator.ch\/it\/wp-json\/wp\/v2\/posts\/7918\/revisions"}],"wp:featuredmedia":[{"embeddable":true,"href":"https:\/\/www.organisator.ch\/it\/wp-json\/wp\/v2\/media\/7920"}],"wp:attachment":[{"href":"https:\/\/www.organisator.ch\/it\/wp-json\/wp\/v2\/media?parent=7918"}],"wp:term":[{"taxonomy":"category","embeddable":true,"href":"https:\/\/www.organisator.ch\/it\/wp-json\/wp\/v2\/categories?post=7918"},{"taxonomy":"post_tag","embeddable":true,"href":"https:\/\/www.organisator.ch\/it\/wp-json\/wp\/v2\/tags?post=7918"}],"curies":[{"name":"wp","href":"https:\/\/api.w.org\/{rel}","templated":true}]}}