{"id":7937,"date":"2021-04-21T11:38:03","date_gmt":"2021-04-21T09:38:03","guid":{"rendered":"https:\/\/www.organisator.ch\/?p=7937"},"modified":"2021-04-21T11:38:03","modified_gmt":"2021-04-21T09:38:03","slug":"klimaschutzprojekte-von-kmu-2020-war-ein-rekordjahr","status":"publish","type":"post","link":"https:\/\/www.organisator.ch\/it\/allgemein\/2021-04-21\/klimaschutzprojekte-von-kmu-2020-war-ein-rekordjahr\/","title":{"rendered":"Progetti di protezione del clima delle PMI: il 2020 \u00e8 stato un anno record"},"content":{"rendered":"<figure id=\"attachment_7938\" aria-describedby=\"caption-attachment-7938\" style=\"width: 680px\" class=\"wp-caption alignnone\"><img loading=\"lazy\" decoding=\"async\" class=\"size-medium wp-image-7938\" src=\"https:\/\/www.organisator.ch\/wp-content\/uploads\/2021\/04\/Klimaschutzprojekte-von-KMU-2020-war-ein-Rekordjahr_Organisator.jpg\" alt=\"\" width=\"680\" height=\"454\" srcset=\"https:\/\/www.organisator.ch\/wp-content\/uploads\/2021\/04\/Klimaschutzprojekte-von-KMU-2020-war-ein-Rekordjahr_Organisator.jpg 680w, https:\/\/www.organisator.ch\/wp-content\/uploads\/2021\/04\/Klimaschutzprojekte-von-KMU-2020-war-ein-Rekordjahr_Organisator-16x12.jpg 16w, https:\/\/www.organisator.ch\/wp-content\/uploads\/2021\/04\/Klimaschutzprojekte-von-KMU-2020-war-ein-Rekordjahr_Organisator-262x175.jpg 262w, https:\/\/www.organisator.ch\/wp-content\/uploads\/2021\/04\/Klimaschutzprojekte-von-KMU-2020-war-ein-Rekordjahr_Organisator-524x350.jpg 524w, https:\/\/www.organisator.ch\/wp-content\/uploads\/2021\/04\/Klimaschutzprojekte-von-KMU-2020-war-ein-Rekordjahr_Organisator-300x200.jpg 300w\" sizes=\"auto, (max-width: 680px) 100vw, 680px\" \/><figcaption id=\"caption-attachment-7938\" class=\"wp-caption-text\">Nel 2020, la Fondazione svizzera per il clima ha finanziato progetti di protezione del clima nelle PMI con la cifra record di 5 milioni di franchi. (Immagine simbolica \/ Fonte: Pixabay.com)<\/figcaption><\/figure>\n<p>L'edificio per uffici diventa una centrale solare, il cemento riciclato diventa una centrale di CO<sub>2<\/sub>-La creativit\u00e0 delle PMI svizzere e del Liechtenstein per proteggere il clima non \u00e8 diminuita nel difficile anno 2020. La Fondazione svizzera per il clima ha ricevuto ancora una volta numerose richieste di finanziamento. La Fondazione e l'Advisory Board hanno concesso circa 5 milioni di franchi per progetti di protezione del clima nel 2020. Questo \u00e8 il 16% in pi\u00f9 rispetto all'anno precedente.<\/p>\n<h2><strong>Tecnologie innovative al centro dei finanziamenti\u00a0<\/strong><\/h2>\n<p>Nel 2020, la quota maggiore dei finanziamenti \u00e8 andata al settore dell'innovazione: un totale di 23 progetti pu\u00f2 ora contare sul sostegno della Fondazione, per un totale di 2,7 milioni di franchi. Le innovazioni sostenute includono, per esempio, una tecnologia per lo stoccaggio di CO<sub>2<\/sub>\u00a0in calcestruzzo riciclato (<a href=\"https:\/\/maxcomm.us12.list-manage.com\/track\/click?u=74090039ecde65db808b5baa9&amp;id=eb5f66b006&amp;e=4a105d0b7c\">neustark<\/a>), nuovi processi per la produzione di materiale isolante sostenibile dalla cenere (<a href=\"https:\/\/maxcomm.us12.list-manage.com\/track\/click?u=74090039ecde65db808b5baa9&amp;id=dee6da2167&amp;e=4a105d0b7c\">FenX<\/a>) o per la conversione di rifiuti vegetali in prodotti chimici di alta qualit\u00e0 come alternativa al petrolio (<a href=\"https:\/\/maxcomm.us12.list-manage.com\/track\/click?u=74090039ecde65db808b5baa9&amp;id=2f1831e961&amp;e=4a105d0b7c\">Bloom Biorenewables<\/a>) e una CO<sub>2<\/sub>-Riscaldamento neutrale delle serre con rifiuti grassi organici (Oekokraft).<\/p>\n<p>\"Se vogliamo raggiungere gli obiettivi climatici nazionali, dipendiamo urgentemente da queste tecnologie lungimiranti, soprattutto nei settori dell'edilizia e dell'agricoltura e nell'economia circolare\", dice Thomas H\u00fcgli, presidente del consiglio di fondazione della Fondazione svizzera per il clima. \"Non sar\u00e0 sufficiente per l'economia ridurre o compensare le sue emissioni di CO2. Stiamo quindi combinando i punti di forza delle singole aziende partner nella fondazione comune al fine di espandere ulteriormente la promozione delle innovazioni climatiche in modo efficiente e mirato\".<\/p>\n<h2><strong>Pi\u00f9 del doppio dei progetti di protezione del clima finanziati rispetto all'anno precedente\u00a0<\/strong><\/h2>\n<p>Pi\u00f9 di 350 progetti di efficienza energetica riceveranno anche in futuro il sostegno della Fondazione svizzera per il clima. Oltre a numerose misure standard per il miglioramento dell'efficienza energetica nelle operazioni (progetti come il passaggio all'elettromobilit\u00e0, l'uso del calore residuo o la sostituzione degli elettrodomestici), questi includono anche dodici progetti su larga scala per la promozione e il trattamento del biogas. Inoltre, ci sono circa 30 progetti del programma di manutenzione delle foreste, in cui la Fondazione sostiene la rigenerazione di foreste troppo vecchie per ridurre le loro emissioni di CO<sub>2<\/sub>-recettivit\u00e0. In totale, il numero di progetti individuali finanziati nel 2020 ammonta a pi\u00f9 di 400 ed \u00e8 quindi pi\u00f9 che raddoppiato rispetto all'anno precedente.<\/p>\n<h2><strong>Ridistribuzione da CO<sub>2<\/sub>-Il prelievo ha il maggior effetto possibile\u00a0<\/strong><\/h2>\n<p>Il finanziamento \u00e8 reso possibile da pi\u00f9 di 20 aziende svizzere e del Liechtenstein che donano alla Fondazione la ridistribuzione a cui hanno diritto dalla tassa di pilotaggio del CO2. La Fondazione svizzera per il clima \u00e8 aperta ad altre aziende che desiderano sostenere questo impegno comune dell'economia per raggiungere gli obiettivi climatici nazionali come futuri partner.<\/p>\n<p><em>Fonte <a href=\"http:\/\/www.klimastiftung.ch\">Fondazione per il clima Svizzera<\/a><\/em><\/p>","protected":false},"excerpt":{"rendered":"<p>Das B\u00fcrohaus wird zum Solarkraftwerk, der Recycling-Beton wird zum CO2-Speicher, aus Abfall werden Treibstoff und Parf\u00fcm: Die Kreativit\u00e4t der Schweizer und Liechtensteiner KMU zum Schutz des Klimas haben auch im anspruchsvollen 2020 nicht nachgelassen. Die Klimastiftung Schweiz hat erneut zahlreiche F\u00f6rderantr\u00e4ge erhalten. Rund 5 Millionen Franken F\u00f6rderung f\u00fcr Klimaschutzprojekte haben Stiftungs- und Beirat im Jahr [&hellip;]<\/p>\n","protected":false},"author":4,"featured_media":7938,"comment_status":"closed","ping_status":"closed","sticky":false,"template":"","format":"standard","meta":{"_acf_changed":false,"_yoast_wpseo_focuskw":"Klimaschutzprojekte","_yoast_wpseo_metadesc":"Die Klimastiftung Schweiz hat 2020 5 Millionen Franken F\u00f6rdergelder gesprochen. Diese gehen an \u00fcber 400 Klimaschutzprojekte von KMU.","articlekey":"","footnotes":""},"categories":[1],"tags":[300,335,488,492],"class_list":["post-7937","post","type-post","status-publish","format-standard","has-post-thumbnail","hentry","category-allgemein","tag-klimaschutz","tag-management-und-unternehmensfuehrung","tag-umweltmanagement","tag-unternehmen"],"acf":[],"yoast_head":"<!-- This site is optimized with the Yoast SEO plugin v27.4 - https:\/\/yoast.com\/product\/yoast-seo-wordpress\/ -->\n<title>Klimaschutzprojekte von KMU: 2020 war ein Rekordjahr - Organisator<\/title>\n<meta name=\"description\" content=\"Die Klimastiftung Schweiz hat 2020 5 Millionen Franken F\u00f6rdergelder gesprochen. Diese gehen an \u00fcber 400 Klimaschutzprojekte von KMU.\" \/>\n<meta name=\"robots\" content=\"index, follow, max-snippet:-1, max-image-preview:large, max-video-preview:-1\" \/>\n<link rel=\"canonical\" href=\"https:\/\/www.organisator.ch\/it\/generale\/2021-04-21\/klimaschutzprojekte-von-kmu-2020-war-ein-rekordjahr\/\" \/>\n<meta property=\"og:locale\" content=\"it_IT\" \/>\n<meta property=\"og:type\" content=\"article\" \/>\n<meta property=\"og:title\" content=\"Klimaschutzprojekte von KMU: 2020 war ein Rekordjahr\" \/>\n<meta property=\"og:description\" content=\"Die Klimastiftung Schweiz hat 2020 5 Millionen Franken F\u00f6rdergelder gesprochen. Diese gehen an \u00fcber 400 Klimaschutzprojekte von KMU.\" \/>\n<meta property=\"og:url\" content=\"https:\/\/www.organisator.ch\/it\/generale\/2021-04-21\/klimaschutzprojekte-von-kmu-2020-war-ein-rekordjahr\/\" \/>\n<meta property=\"og:site_name\" content=\"Organisator\" \/>\n<meta property=\"article:publisher\" content=\"https:\/\/www.facebook.com\/OrganisatorFachmagazin\" \/>\n<meta property=\"article:published_time\" content=\"2021-04-21T09:38:03+00:00\" \/>\n<meta property=\"og:image\" content=\"https:\/\/www.organisator.ch\/wp-content\/uploads\/2021\/04\/Klimaschutzprojekte-von-KMU-2020-war-ein-Rekordjahr_Organisator.jpg\" \/>\n\t<meta property=\"og:image:width\" content=\"680\" \/>\n\t<meta property=\"og:image:height\" content=\"454\" \/>\n\t<meta property=\"og:image:type\" content=\"image\/jpeg\" \/>\n<meta name=\"author\" content=\"thomas.berner\" \/>\n<meta name=\"twitter:card\" content=\"summary_large_image\" \/>\n<meta name=\"twitter:title\" content=\"#Klimaschutzprojekte von KMU: 2020 war ein #Rekordjahr\" \/>\n<meta name=\"twitter:description\" content=\"Die #Klimastiftung Schweiz hat 2020 5 Millionen Franken #F\u00f6rdergelder gesprochen. Diese gehen an \u00fcber 400 #Klimaschutzprojekte von KMU.\" \/>\n<meta name=\"twitter:image\" content=\"https:\/\/www.organisator.ch\/wp-content\/uploads\/2021\/04\/Klimaschutzprojekte-von-KMU-2020-war-ein-Rekordjahr_Organisator.jpg\" \/>\n<script type=\"application\/ld+json\" class=\"yoast-schema-graph\">{\"@context\":\"https:\\\/\\\/schema.org\",\"@graph\":[{\"@type\":\"Article\",\"@id\":\"https:\\\/\\\/www.organisator.ch\\\/de\\\/allgemein\\\/2021-04-21\\\/klimaschutzprojekte-von-kmu-2020-war-ein-rekordjahr\\\/#article\",\"isPartOf\":{\"@id\":\"https:\\\/\\\/www.organisator.ch\\\/de\\\/allgemein\\\/2021-04-21\\\/klimaschutzprojekte-von-kmu-2020-war-ein-rekordjahr\\\/\"},\"author\":{\"name\":\"thomas.berner\",\"@id\":\"https:\\\/\\\/www.organisator.ch\\\/#\\\/schema\\\/person\\\/6f650f90b2842cd4c0cc334b4e36f67e\"},\"headline\":\"Klimaschutzprojekte von KMU: 2020 war ein Rekordjahr\",\"datePublished\":\"2021-04-21T09:38:03+00:00\",\"mainEntityOfPage\":{\"@id\":\"https:\\\/\\\/www.organisator.ch\\\/de\\\/allgemein\\\/2021-04-21\\\/klimaschutzprojekte-von-kmu-2020-war-ein-rekordjahr\\\/\"},\"wordCount\":447,\"publisher\":{\"@id\":\"https:\\\/\\\/www.organisator.ch\\\/#organization\"},\"image\":{\"@id\":\"https:\\\/\\\/www.organisator.ch\\\/de\\\/allgemein\\\/2021-04-21\\\/klimaschutzprojekte-von-kmu-2020-war-ein-rekordjahr\\\/#primaryimage\"},\"thumbnailUrl\":\"https:\\\/\\\/www.organisator.ch\\\/wp-content\\\/uploads\\\/2021\\\/04\\\/Klimaschutzprojekte-von-KMU-2020-war-ein-Rekordjahr_Organisator.jpg\",\"keywords\":[\"Klimaschutz\",\"Management und Unternehmensf\u00fchrung\",\"Umweltmanagement\",\"Unternehmen\"],\"articleSection\":[\"Allgemein\"],\"inLanguage\":\"it-IT\"},{\"@type\":\"WebPage\",\"@id\":\"https:\\\/\\\/www.organisator.ch\\\/de\\\/allgemein\\\/2021-04-21\\\/klimaschutzprojekte-von-kmu-2020-war-ein-rekordjahr\\\/\",\"url\":\"https:\\\/\\\/www.organisator.ch\\\/de\\\/allgemein\\\/2021-04-21\\\/klimaschutzprojekte-von-kmu-2020-war-ein-rekordjahr\\\/\",\"name\":\"Klimaschutzprojekte von KMU: 2020 war ein Rekordjahr - Organisator\",\"isPartOf\":{\"@id\":\"https:\\\/\\\/www.organisator.ch\\\/#website\"},\"primaryImageOfPage\":{\"@id\":\"https:\\\/\\\/www.organisator.ch\\\/de\\\/allgemein\\\/2021-04-21\\\/klimaschutzprojekte-von-kmu-2020-war-ein-rekordjahr\\\/#primaryimage\"},\"image\":{\"@id\":\"https:\\\/\\\/www.organisator.ch\\\/de\\\/allgemein\\\/2021-04-21\\\/klimaschutzprojekte-von-kmu-2020-war-ein-rekordjahr\\\/#primaryimage\"},\"thumbnailUrl\":\"https:\\\/\\\/www.organisator.ch\\\/wp-content\\\/uploads\\\/2021\\\/04\\\/Klimaschutzprojekte-von-KMU-2020-war-ein-Rekordjahr_Organisator.jpg\",\"datePublished\":\"2021-04-21T09:38:03+00:00\",\"description\":\"Die Klimastiftung Schweiz hat 2020 5 Millionen Franken F\u00f6rdergelder gesprochen. Diese gehen an \u00fcber 400 Klimaschutzprojekte von KMU.\",\"breadcrumb\":{\"@id\":\"https:\\\/\\\/www.organisator.ch\\\/de\\\/allgemein\\\/2021-04-21\\\/klimaschutzprojekte-von-kmu-2020-war-ein-rekordjahr\\\/#breadcrumb\"},\"inLanguage\":\"it-IT\",\"potentialAction\":[{\"@type\":\"ReadAction\",\"target\":[\"https:\\\/\\\/www.organisator.ch\\\/de\\\/allgemein\\\/2021-04-21\\\/klimaschutzprojekte-von-kmu-2020-war-ein-rekordjahr\\\/\"]}]},{\"@type\":\"ImageObject\",\"inLanguage\":\"it-IT\",\"@id\":\"https:\\\/\\\/www.organisator.ch\\\/de\\\/allgemein\\\/2021-04-21\\\/klimaschutzprojekte-von-kmu-2020-war-ein-rekordjahr\\\/#primaryimage\",\"url\":\"https:\\\/\\\/www.organisator.ch\\\/wp-content\\\/uploads\\\/2021\\\/04\\\/Klimaschutzprojekte-von-KMU-2020-war-ein-Rekordjahr_Organisator.jpg\",\"contentUrl\":\"https:\\\/\\\/www.organisator.ch\\\/wp-content\\\/uploads\\\/2021\\\/04\\\/Klimaschutzprojekte-von-KMU-2020-war-ein-Rekordjahr_Organisator.jpg\",\"width\":680,\"height\":454,\"caption\":\"Im Jahr 2020 hat die Klimastiftung Schweiz rekordverd\u00e4chtige 5 Millionen Franken f\u00fcr Klimaschutzprojekte in KMU ausgegeben.\"},{\"@type\":\"BreadcrumbList\",\"@id\":\"https:\\\/\\\/www.organisator.ch\\\/de\\\/allgemein\\\/2021-04-21\\\/klimaschutzprojekte-von-kmu-2020-war-ein-rekordjahr\\\/#breadcrumb\",\"itemListElement\":[{\"@type\":\"ListItem\",\"position\":1,\"name\":\"Home\",\"item\":\"https:\\\/\\\/www.organisator.ch\\\/\"},{\"@type\":\"ListItem\",\"position\":2,\"name\":\"Klimaschutzprojekte von KMU: 2020 war ein Rekordjahr\"}]},{\"@type\":\"WebSite\",\"@id\":\"https:\\\/\\\/www.organisator.ch\\\/#website\",\"url\":\"https:\\\/\\\/www.organisator.ch\\\/\",\"name\":\"Organisator\",\"description\":\"Kompetent. Praxisnah. Der ORGANISATOR bereitet in 10 Ausgaben pro Jahr die wesentlichen Themen f\u00fcr F\u00fchrungskr\u00e4fte von KMU auf.\",\"publisher\":{\"@id\":\"https:\\\/\\\/www.organisator.ch\\\/#organization\"},\"potentialAction\":[{\"@type\":\"SearchAction\",\"target\":{\"@type\":\"EntryPoint\",\"urlTemplate\":\"https:\\\/\\\/www.organisator.ch\\\/?s={search_term_string}\"},\"query-input\":{\"@type\":\"PropertyValueSpecification\",\"valueRequired\":true,\"valueName\":\"search_term_string\"}}],\"inLanguage\":\"it-IT\"},{\"@type\":\"Organization\",\"@id\":\"https:\\\/\\\/www.organisator.ch\\\/#organization\",\"name\":\"Organisator\",\"url\":\"https:\\\/\\\/www.organisator.ch\\\/\",\"logo\":{\"@type\":\"ImageObject\",\"inLanguage\":\"it-IT\",\"@id\":\"https:\\\/\\\/www.organisator.ch\\\/#\\\/schema\\\/logo\\\/image\\\/\",\"url\":\"https:\\\/\\\/www.organisator.ch\\\/wp-content\\\/uploads\\\/2022\\\/01\\\/Logo_Organisator_Website.png\",\"contentUrl\":\"https:\\\/\\\/www.organisator.ch\\\/wp-content\\\/uploads\\\/2022\\\/01\\\/Logo_Organisator_Website.png\",\"width\":800,\"height\":77,\"caption\":\"Organisator\"},\"image\":{\"@id\":\"https:\\\/\\\/www.organisator.ch\\\/#\\\/schema\\\/logo\\\/image\\\/\"},\"sameAs\":[\"https:\\\/\\\/www.facebook.com\\\/OrganisatorFachmagazin\",\"https:\\\/\\\/www.linkedin.com\\\/showcase\\\/organisator-das-magazin-fr-kmu\",\"https:\\\/\\\/www.xing.com\\\/news\\\/pages\\\/organisator-ch-695\",\"https:\\\/\\\/www.youtube.com\\\/channel\\\/UCGP2Sq0iWaZwT3BdIAQFYpw\"]},{\"@type\":\"Person\",\"@id\":\"https:\\\/\\\/www.organisator.ch\\\/#\\\/schema\\\/person\\\/6f650f90b2842cd4c0cc334b4e36f67e\",\"name\":\"thomas.berner\",\"image\":{\"@type\":\"ImageObject\",\"inLanguage\":\"it-IT\",\"@id\":\"https:\\\/\\\/secure.gravatar.com\\\/avatar\\\/ac5001d2a36cb6c6cd3e50789007ffca834b477b74a2144564522e944eabff61?s=96&d=mm&r=g\",\"url\":\"https:\\\/\\\/secure.gravatar.com\\\/avatar\\\/ac5001d2a36cb6c6cd3e50789007ffca834b477b74a2144564522e944eabff61?s=96&d=mm&r=g\",\"contentUrl\":\"https:\\\/\\\/secure.gravatar.com\\\/avatar\\\/ac5001d2a36cb6c6cd3e50789007ffca834b477b74a2144564522e944eabff61?s=96&d=mm&r=g\",\"caption\":\"thomas.berner\"},\"url\":\"https:\\\/\\\/www.organisator.ch\\\/it\\\/author\\\/thomas-berner\\\/\"}]}<\/script>\n<!-- \/ Yoast SEO plugin. -->","yoast_head_json":{"title":"Progetti di protezione del clima da parte delle PMI: il 2020 \u00e8 stato un anno record - Organizzatore","description":"La Fondazione svizzera per il clima ha concesso un finanziamento di 5 milioni di franchi svizzeri per il 2020. Questi saranno destinati a oltre 400 progetti di protezione del clima gestiti da PMI.","robots":{"index":"index","follow":"follow","max-snippet":"max-snippet:-1","max-image-preview":"max-image-preview:large","max-video-preview":"max-video-preview:-1"},"canonical":"https:\/\/www.organisator.ch\/it\/generale\/2021-04-21\/klimaschutzprojekte-von-kmu-2020-war-ein-rekordjahr\/","og_locale":"it_IT","og_type":"article","og_title":"Klimaschutzprojekte von KMU: 2020 war ein Rekordjahr","og_description":"Die Klimastiftung Schweiz hat 2020 5 Millionen Franken F\u00f6rdergelder gesprochen. Diese gehen an \u00fcber 400 Klimaschutzprojekte von KMU.","og_url":"https:\/\/www.organisator.ch\/it\/generale\/2021-04-21\/klimaschutzprojekte-von-kmu-2020-war-ein-rekordjahr\/","og_site_name":"Organisator","article_publisher":"https:\/\/www.facebook.com\/OrganisatorFachmagazin","article_published_time":"2021-04-21T09:38:03+00:00","og_image":[{"width":680,"height":454,"url":"https:\/\/www.organisator.ch\/wp-content\/uploads\/2021\/04\/Klimaschutzprojekte-von-KMU-2020-war-ein-Rekordjahr_Organisator.jpg","type":"image\/jpeg"}],"author":"thomas.berner","twitter_card":"summary_large_image","twitter_title":"#Klimaschutzprojekte von KMU: 2020 war ein #Rekordjahr","twitter_description":"Die #Klimastiftung Schweiz hat 2020 5 Millionen Franken #F\u00f6rdergelder gesprochen. Diese gehen an \u00fcber 400 #Klimaschutzprojekte von KMU.","twitter_image":"https:\/\/www.organisator.ch\/wp-content\/uploads\/2021\/04\/Klimaschutzprojekte-von-KMU-2020-war-ein-Rekordjahr_Organisator.jpg","schema":{"@context":"https:\/\/schema.org","@graph":[{"@type":"Article","@id":"https:\/\/www.organisator.ch\/de\/allgemein\/2021-04-21\/klimaschutzprojekte-von-kmu-2020-war-ein-rekordjahr\/#article","isPartOf":{"@id":"https:\/\/www.organisator.ch\/de\/allgemein\/2021-04-21\/klimaschutzprojekte-von-kmu-2020-war-ein-rekordjahr\/"},"author":{"name":"thomas.berner","@id":"https:\/\/www.organisator.ch\/#\/schema\/person\/6f650f90b2842cd4c0cc334b4e36f67e"},"headline":"Klimaschutzprojekte von KMU: 2020 war ein Rekordjahr","datePublished":"2021-04-21T09:38:03+00:00","mainEntityOfPage":{"@id":"https:\/\/www.organisator.ch\/de\/allgemein\/2021-04-21\/klimaschutzprojekte-von-kmu-2020-war-ein-rekordjahr\/"},"wordCount":447,"publisher":{"@id":"https:\/\/www.organisator.ch\/#organization"},"image":{"@id":"https:\/\/www.organisator.ch\/de\/allgemein\/2021-04-21\/klimaschutzprojekte-von-kmu-2020-war-ein-rekordjahr\/#primaryimage"},"thumbnailUrl":"https:\/\/www.organisator.ch\/wp-content\/uploads\/2021\/04\/Klimaschutzprojekte-von-KMU-2020-war-ein-Rekordjahr_Organisator.jpg","keywords":["Klimaschutz","Management und Unternehmensf\u00fchrung","Umweltmanagement","Unternehmen"],"articleSection":["Allgemein"],"inLanguage":"it-IT"},{"@type":"WebPage","@id":"https:\/\/www.organisator.ch\/de\/allgemein\/2021-04-21\/klimaschutzprojekte-von-kmu-2020-war-ein-rekordjahr\/","url":"https:\/\/www.organisator.ch\/de\/allgemein\/2021-04-21\/klimaschutzprojekte-von-kmu-2020-war-ein-rekordjahr\/","name":"Progetti di protezione del clima da parte delle PMI: il 2020 \u00e8 stato un anno record - Organizzatore","isPartOf":{"@id":"https:\/\/www.organisator.ch\/#website"},"primaryImageOfPage":{"@id":"https:\/\/www.organisator.ch\/de\/allgemein\/2021-04-21\/klimaschutzprojekte-von-kmu-2020-war-ein-rekordjahr\/#primaryimage"},"image":{"@id":"https:\/\/www.organisator.ch\/de\/allgemein\/2021-04-21\/klimaschutzprojekte-von-kmu-2020-war-ein-rekordjahr\/#primaryimage"},"thumbnailUrl":"https:\/\/www.organisator.ch\/wp-content\/uploads\/2021\/04\/Klimaschutzprojekte-von-KMU-2020-war-ein-Rekordjahr_Organisator.jpg","datePublished":"2021-04-21T09:38:03+00:00","description":"La Fondazione svizzera per il clima ha concesso un finanziamento di 5 milioni di franchi svizzeri per il 2020. Questi saranno destinati a oltre 400 progetti di protezione del clima gestiti da PMI.","breadcrumb":{"@id":"https:\/\/www.organisator.ch\/de\/allgemein\/2021-04-21\/klimaschutzprojekte-von-kmu-2020-war-ein-rekordjahr\/#breadcrumb"},"inLanguage":"it-IT","potentialAction":[{"@type":"ReadAction","target":["https:\/\/www.organisator.ch\/de\/allgemein\/2021-04-21\/klimaschutzprojekte-von-kmu-2020-war-ein-rekordjahr\/"]}]},{"@type":"ImageObject","inLanguage":"it-IT","@id":"https:\/\/www.organisator.ch\/de\/allgemein\/2021-04-21\/klimaschutzprojekte-von-kmu-2020-war-ein-rekordjahr\/#primaryimage","url":"https:\/\/www.organisator.ch\/wp-content\/uploads\/2021\/04\/Klimaschutzprojekte-von-KMU-2020-war-ein-Rekordjahr_Organisator.jpg","contentUrl":"https:\/\/www.organisator.ch\/wp-content\/uploads\/2021\/04\/Klimaschutzprojekte-von-KMU-2020-war-ein-Rekordjahr_Organisator.jpg","width":680,"height":454,"caption":"Im Jahr 2020 hat die Klimastiftung Schweiz rekordverd\u00e4chtige 5 Millionen Franken f\u00fcr Klimaschutzprojekte in KMU ausgegeben."},{"@type":"BreadcrumbList","@id":"https:\/\/www.organisator.ch\/de\/allgemein\/2021-04-21\/klimaschutzprojekte-von-kmu-2020-war-ein-rekordjahr\/#breadcrumb","itemListElement":[{"@type":"ListItem","position":1,"name":"Home","item":"https:\/\/www.organisator.ch\/"},{"@type":"ListItem","position":2,"name":"Klimaschutzprojekte von KMU: 2020 war ein Rekordjahr"}]},{"@type":"WebSite","@id":"https:\/\/www.organisator.ch\/#website","url":"https:\/\/www.organisator.ch\/","name":"Organizzatore","description":"Competente. Pratico. In 10 numeri all'anno, ORGANISATOR presenta i temi essenziali per i manager delle PMI.","publisher":{"@id":"https:\/\/www.organisator.ch\/#organization"},"potentialAction":[{"@type":"SearchAction","target":{"@type":"EntryPoint","urlTemplate":"https:\/\/www.organisator.ch\/?s={search_term_string}"},"query-input":{"@type":"PropertyValueSpecification","valueRequired":true,"valueName":"search_term_string"}}],"inLanguage":"it-IT"},{"@type":"Organization","@id":"https:\/\/www.organisator.ch\/#organization","name":"Organizzatore","url":"https:\/\/www.organisator.ch\/","logo":{"@type":"ImageObject","inLanguage":"it-IT","@id":"https:\/\/www.organisator.ch\/#\/schema\/logo\/image\/","url":"https:\/\/www.organisator.ch\/wp-content\/uploads\/2022\/01\/Logo_Organisator_Website.png","contentUrl":"https:\/\/www.organisator.ch\/wp-content\/uploads\/2022\/01\/Logo_Organisator_Website.png","width":800,"height":77,"caption":"Organisator"},"image":{"@id":"https:\/\/www.organisator.ch\/#\/schema\/logo\/image\/"},"sameAs":["https:\/\/www.facebook.com\/OrganisatorFachmagazin","https:\/\/www.linkedin.com\/showcase\/organisator-das-magazin-fr-kmu","https:\/\/www.xing.com\/news\/pages\/organisator-ch-695","https:\/\/www.youtube.com\/channel\/UCGP2Sq0iWaZwT3BdIAQFYpw"]},{"@type":"Person","@id":"https:\/\/www.organisator.ch\/#\/schema\/person\/6f650f90b2842cd4c0cc334b4e36f67e","name":"Tommaso.berner","image":{"@type":"ImageObject","inLanguage":"it-IT","@id":"https:\/\/secure.gravatar.com\/avatar\/ac5001d2a36cb6c6cd3e50789007ffca834b477b74a2144564522e944eabff61?s=96&d=mm&r=g","url":"https:\/\/secure.gravatar.com\/avatar\/ac5001d2a36cb6c6cd3e50789007ffca834b477b74a2144564522e944eabff61?s=96&d=mm&r=g","contentUrl":"https:\/\/secure.gravatar.com\/avatar\/ac5001d2a36cb6c6cd3e50789007ffca834b477b74a2144564522e944eabff61?s=96&d=mm&r=g","caption":"thomas.berner"},"url":"https:\/\/www.organisator.ch\/it\/author\/thomas-berner\/"}]}},"_links":{"self":[{"href":"https:\/\/www.organisator.ch\/it\/wp-json\/wp\/v2\/posts\/7937","targetHints":{"allow":["GET"]}}],"collection":[{"href":"https:\/\/www.organisator.ch\/it\/wp-json\/wp\/v2\/posts"}],"about":[{"href":"https:\/\/www.organisator.ch\/it\/wp-json\/wp\/v2\/types\/post"}],"author":[{"embeddable":true,"href":"https:\/\/www.organisator.ch\/it\/wp-json\/wp\/v2\/users\/4"}],"replies":[{"embeddable":true,"href":"https:\/\/www.organisator.ch\/it\/wp-json\/wp\/v2\/comments?post=7937"}],"version-history":[{"count":0,"href":"https:\/\/www.organisator.ch\/it\/wp-json\/wp\/v2\/posts\/7937\/revisions"}],"wp:featuredmedia":[{"embeddable":true,"href":"https:\/\/www.organisator.ch\/it\/wp-json\/wp\/v2\/media\/7938"}],"wp:attachment":[{"href":"https:\/\/www.organisator.ch\/it\/wp-json\/wp\/v2\/media?parent=7937"}],"wp:term":[{"taxonomy":"category","embeddable":true,"href":"https:\/\/www.organisator.ch\/it\/wp-json\/wp\/v2\/categories?post=7937"},{"taxonomy":"post_tag","embeddable":true,"href":"https:\/\/www.organisator.ch\/it\/wp-json\/wp\/v2\/tags?post=7937"}],"curies":[{"name":"wp","href":"https:\/\/api.w.org\/{rel}","templated":true}]}}