{"id":7941,"date":"2021-04-22T10:47:10","date_gmt":"2021-04-22T08:47:10","guid":{"rendered":"https:\/\/www.organisator.ch\/?p=7941"},"modified":"2021-04-22T10:47:10","modified_gmt":"2021-04-22T08:47:10","slug":"hunn-gartenmoebel-ag-mit-neuem-mitinhaber","status":"publish","type":"post","link":"https:\/\/www.organisator.ch\/it\/management\/2021-04-22\/hunn-gartenmoebel-ag-mit-neuem-mitinhaber\/","title":{"rendered":"Hunn Gartenm\u00f6bel AG con un nuovo comproprietario"},"content":{"rendered":"<figure id=\"attachment_7942\" aria-describedby=\"caption-attachment-7942\" style=\"width: 680px\" class=\"wp-caption alignnone\"><img loading=\"lazy\" decoding=\"async\" class=\"size-medium wp-image-7942\" src=\"https:\/\/www.organisator.ch\/wp-content\/uploads\/2021\/04\/Hunn-Gartenmoebel-AG-mit-neuem-Mitinhaber_Organisator.jpg\" alt=\"\" width=\"680\" height=\"510\" srcset=\"https:\/\/www.organisator.ch\/wp-content\/uploads\/2021\/04\/Hunn-Gartenmoebel-AG-mit-neuem-Mitinhaber_Organisator.jpg 680w, https:\/\/www.organisator.ch\/wp-content\/uploads\/2021\/04\/Hunn-Gartenmoebel-AG-mit-neuem-Mitinhaber_Organisator-16x12.jpg 16w, https:\/\/www.organisator.ch\/wp-content\/uploads\/2021\/04\/Hunn-Gartenmoebel-AG-mit-neuem-Mitinhaber_Organisator-233x175.jpg 233w, https:\/\/www.organisator.ch\/wp-content\/uploads\/2021\/04\/Hunn-Gartenmoebel-AG-mit-neuem-Mitinhaber_Organisator-467x350.jpg 467w, https:\/\/www.organisator.ch\/wp-content\/uploads\/2021\/04\/Hunn-Gartenmoebel-AG-mit-neuem-Mitinhaber_Organisator-300x225.jpg 300w\" sizes=\"auto, (max-width: 680px) 100vw, 680px\" \/><figcaption id=\"caption-attachment-7942\" class=\"wp-caption-text\">La propriet\u00e0 di Hunn Gartenm\u00f6bel AG \u00e8 stata ampliata con l'ingresso di Jean-Pierre Iacopetta (all'estrema destra). (Immagine: zVg)<\/figcaption><\/figure>\n<p>La pianificazione della successione \u00e8 stata nella mente di Hunn per molti anni. L'azienda e il marchio di mobili da giardino Hunn sono stati costruiti dai coniugi B\u00e4nninger con grande passione nel corso di 33 anni e oggi conta quasi 100 dipendenti. L'azienda offre la pi\u00f9 ampia selezione di mobili da giardino in Svizzera ed \u00e8, per sua stessa ammissione, leader di mercato nel settore. Secondo Hunn, la ricerca di un acquirente e di un successore adatto ha richiesto molto tempo. \"Cercavamo un successore che comprendesse e continuasse a vivere i valori fondamentali e la filosofia aziendale di Hunn. La vendita a un grande investitore o a una societ\u00e0 straniera non \u00e8 mai stata un'opzione per noi\", spiega J\u00fcrg B\u00e4nninger. Con Jean-Pierre Iacopetta, i B\u00e4nninger hanno trovato un nuovo comproprietario che continuer\u00e0 a gestire l'azienda con lo stesso spirito a lungo termine e che apprezza ogni singolo dipendente dell'azienda, secondo il rapporto.<\/p>\n<h2><strong>Perch\u00e9 i mobili da giardino Hunn?<\/strong><\/h2>\n<p>Jean-Pierre Iacopetta \u00e8 stato entusiasta dei mobili da giardino Hunn fin dall'inizio, perch\u00e9 Hunn si concentra sul cliente e sul prodotto e guarda a ci\u00f2 che \u00e8 veramente adatto al cliente. Hunn \u00e8 un'azienda esemplare con il suo impegno, le sue conoscenze specialistiche e gli elevati standard di qualit\u00e0 per i prodotti e il servizio, spiega ancora il nuovo comproprietario. L'interazione tra i dipendenti e i proprietari \u00e8 molto apprezzabile e collegiale. Inoltre, negli ultimi 33 anni Hunn \u00e8 cresciuta fino a diventare leader di mercato, grazie a un elevato livello di consapevolezza, a dipendenti di lunga data e a una struttura aziendale molto solida e sostenibile.<\/p>\n<h2><strong>Chi \u00e8 Jean-Pierre Iacopetta?<\/strong><\/h2>\n<p>Jean-Pierre Iacopetta \u00e8 di nazionalit\u00e0 belga e ha conseguito un Master in Ingegneria, Business &amp; Administration presso la Solvay Business School di Bruxelles. Ha lavorato per quattro anni come Senior Portfolio Manager presso la banca BNP Paribas Fortis SA a Bruxelles. In seguito \u00e8 passato alla Compagnie Nationale \u00e0 Portefeuille SA, il pi\u00f9 grande gruppo d'investimento a conduzione familiare del Belgio, dove ha acquisito esperienza negli investimenti aziendali e nelle acquisizioni di aziende familiari come Senior Investment Manager. Si \u00e8 poi trasferito in Svizzera e ha lavorato nel cantone di Zug, prima nel commercio del petrolio e poi come presidente e amministratore delegato di altre due societ\u00e0. Dall'inizio del 2017 \u00e8 presidente del consiglio di amministrazione e comproprietario di GKM Gewerbek\u00fchlm\u00f6bel AG di Sarnen OW, uno dei principali fornitori svizzeri nel campo della tecnologia del freddo per la ristorazione e l'industria del freddo e dei congelatori, nonch\u00e9 di Tempco AG, specializzata nel noleggio di armadi frigoriferi professionali. Insieme, le aziende impiegano attualmente circa 45 persone.<\/p>\n<p>Jean-Pierre Iacopetta \u00e8 cresciuto in Belgio in una famiglia di imprenditori. \u00c8 sposato e padre di quattro figli, due volte gemelli.<\/p>\n<h2><strong>Cosa succede dopo?<\/strong><\/h2>\n<p>Hunn Gartenm\u00f6bel AG manterr\u00e0 la sua ragione sociale e la sua forma commerciale come prima e rimarr\u00e0 in futuro un'azienda familiare svizzera indipendente. Il benessere dei dipendenti \u00e8 estremamente importante per tutti i comproprietari. Il successo dell'azienda \u00e8 garantito solo da personale soddisfatto e motivato, motivo per cui l'intera forza lavoro continuer\u00e0 a essere assunta. \"Il team di Hunn \u00e8 una grande famiglia, per questo ogni singolo dipendente \u00e8 importante per noi\", afferma Barbara B\u00e4nninger.<\/p>\n<p>Hunn Gartenm\u00f6bel AG continua a concentrarsi sulla sua attivit\u00e0 principale, la vendita di mobili da giardino di alta qualit\u00e0 a clienti privati e commerciali, e fa tutto il possibile per rimanere leader nel mercato dei mobili da giardino specializzati. Insieme a Jean-Pierre Iacopetta, Hunn continua a seguire il suo percorso di successo e punta a migliorare e crescere continuamente.<\/p>\n<p>Il piano di successione di Hunn Gartenm\u00f6bel AG segna un'altra pietra miliare nella storia dell'azienda. Il Consiglio di Amministrazione guarda al futuro con grande entusiasmo ed \u00e8 convinto che Hunn continuer\u00e0 ad avere successo sul mercato e a distinguersi dalla concorrenza negli anni a venire.<\/p>\n<p><a href=\"http:\/\/www.hunn.ch\"><em>Fonte e ulteriori informazioni<\/em><\/a><\/p>","protected":false},"excerpt":{"rendered":"<p>Die Nachfolgeregelung besch\u00e4ftigt Hunn seit vielen Jahren. Die Firma und die Marke Hunn Gartenm\u00f6bel wurden vom Ehepaar B\u00e4nninger w\u00e4hrend 33 Jahren mit viel Herzblut aufgebaut und besch\u00e4ftigt heute knapp 100 Mitarbeitende. Das Unternehmen bietet die gr\u00f6sste Gartenm\u00f6bel-Auswahl der Schweiz und ist nach eigener Darstellung Marktf\u00fchrer in der Branche. Wie Hunn weiter berichtet, habe man sich [&hellip;]<\/p>\n","protected":false},"author":4,"featured_media":7942,"comment_status":"closed","ping_status":"closed","sticky":false,"template":"","format":"standard","meta":{"_acf_changed":false,"_yoast_wpseo_focuskw":"Hunn Gartenm\u00f6bel","_yoast_wpseo_metadesc":"Seit 1. April 2021 hat die Hunn Gartenm\u00f6bel AG mit Jean-Pierre Iacopetta einen neuen Mitinhaber und Hauptaktion\u00e4r und stellt die Weichen f\u00fcr die Nachfolge.","articlekey":"","footnotes":""},"categories":[28],"tags":[207,335,492],"class_list":["post-7941","post","type-post","status-publish","format-standard","has-post-thumbnail","hentry","category-management","tag-firmennachfolge","tag-management-und-unternehmensfuehrung","tag-unternehmen"],"acf":[],"yoast_head":"<!-- This site is optimized with the Yoast SEO plugin v27.5 - https:\/\/yoast.com\/product\/yoast-seo-wordpress\/ -->\n<title>Hunn Gartenm\u00f6bel AG mit neuem Mitinhaber - Organisator<\/title>\n<meta name=\"description\" content=\"Seit 1. April 2021 hat die Hunn Gartenm\u00f6bel AG mit Jean-Pierre Iacopetta einen neuen Mitinhaber und Hauptaktion\u00e4r und stellt die Weichen f\u00fcr die Nachfolge.\" \/>\n<meta name=\"robots\" content=\"index, follow, max-snippet:-1, max-image-preview:large, max-video-preview:-1\" \/>\n<link rel=\"canonical\" href=\"https:\/\/www.organisator.ch\/it\/gestione-2\/2021-04-22\/hunn-gartenmoebel-ag-mit-neuem-mitinhaber\/\" \/>\n<meta property=\"og:locale\" content=\"it_IT\" \/>\n<meta property=\"og:type\" content=\"article\" \/>\n<meta property=\"og:title\" content=\"Hunn Gartenm\u00f6bel AG mit neuem Mitinhaber\" \/>\n<meta property=\"og:description\" content=\"Seit 1. April 2021 hat die Hunn Gartenm\u00f6bel AG mit Jean-Pierre Iacopetta einen neuen Mitinhaber und Hauptaktion\u00e4r und stellt die Weichen f\u00fcr die Nachfolge.\" \/>\n<meta property=\"og:url\" content=\"https:\/\/www.organisator.ch\/it\/gestione-2\/2021-04-22\/hunn-gartenmoebel-ag-mit-neuem-mitinhaber\/\" \/>\n<meta property=\"og:site_name\" content=\"Organisator\" \/>\n<meta property=\"article:publisher\" content=\"https:\/\/www.facebook.com\/OrganisatorFachmagazin\" \/>\n<meta property=\"article:published_time\" content=\"2021-04-22T08:47:10+00:00\" \/>\n<meta property=\"og:image\" content=\"https:\/\/www.organisator.ch\/wp-content\/uploads\/2021\/04\/Hunn-Gartenmoebel-AG-mit-neuem-Mitinhaber_Organisator.jpg\" \/>\n\t<meta property=\"og:image:width\" content=\"680\" \/>\n\t<meta property=\"og:image:height\" content=\"510\" \/>\n\t<meta property=\"og:image:type\" content=\"image\/jpeg\" \/>\n<meta name=\"author\" content=\"thomas.berner\" \/>\n<meta name=\"twitter:card\" content=\"summary_large_image\" \/>\n<meta name=\"twitter:title\" content=\"#Hunn #Gartenm\u00f6bel AG mit neuem Mitinhaber\" \/>\n<meta name=\"twitter:description\" content=\"Seit 1. April 2021 hat die #Hunn Gartenm\u00f6bel AG mit Jean-Pierre #Iacopetta einen neuen #Mitinhaber und Hauptaktion\u00e4r und stellt die Weichen f\u00fcr die #Nachfolge.\" \/>\n<meta name=\"twitter:image\" content=\"https:\/\/www.organisator.ch\/wp-content\/uploads\/2021\/04\/Hunn-Gartenmoebel-AG-mit-neuem-Mitinhaber_Organisator.jpg\" \/>\n<script type=\"application\/ld+json\" class=\"yoast-schema-graph\">{\"@context\":\"https:\\\/\\\/schema.org\",\"@graph\":[{\"@type\":\"Article\",\"@id\":\"https:\\\/\\\/www.organisator.ch\\\/management\\\/2021-04-22\\\/hunn-gartenmoebel-ag-mit-neuem-mitinhaber\\\/#article\",\"isPartOf\":{\"@id\":\"https:\\\/\\\/www.organisator.ch\\\/management\\\/2021-04-22\\\/hunn-gartenmoebel-ag-mit-neuem-mitinhaber\\\/\"},\"author\":{\"name\":\"thomas.berner\",\"@id\":\"https:\\\/\\\/www.organisator.ch\\\/#\\\/schema\\\/person\\\/6f650f90b2842cd4c0cc334b4e36f67e\"},\"headline\":\"Hunn Gartenm\u00f6bel AG mit neuem Mitinhaber\",\"datePublished\":\"2021-04-22T08:47:10+00:00\",\"mainEntityOfPage\":{\"@id\":\"https:\\\/\\\/www.organisator.ch\\\/management\\\/2021-04-22\\\/hunn-gartenmoebel-ag-mit-neuem-mitinhaber\\\/\"},\"wordCount\":643,\"publisher\":{\"@id\":\"https:\\\/\\\/www.organisator.ch\\\/#organization\"},\"image\":{\"@id\":\"https:\\\/\\\/www.organisator.ch\\\/management\\\/2021-04-22\\\/hunn-gartenmoebel-ag-mit-neuem-mitinhaber\\\/#primaryimage\"},\"thumbnailUrl\":\"https:\\\/\\\/www.organisator.ch\\\/wp-content\\\/uploads\\\/2021\\\/04\\\/Hunn-Gartenmoebel-AG-mit-neuem-Mitinhaber_Organisator.jpg\",\"keywords\":[\"Firmennachfolge\",\"Management und Unternehmensf\u00fchrung\",\"Unternehmen\"],\"articleSection\":[\"MANAGEMENT\"],\"inLanguage\":\"it-IT\"},{\"@type\":\"WebPage\",\"@id\":\"https:\\\/\\\/www.organisator.ch\\\/management\\\/2021-04-22\\\/hunn-gartenmoebel-ag-mit-neuem-mitinhaber\\\/\",\"url\":\"https:\\\/\\\/www.organisator.ch\\\/management\\\/2021-04-22\\\/hunn-gartenmoebel-ag-mit-neuem-mitinhaber\\\/\",\"name\":\"Hunn Gartenm\u00f6bel AG mit neuem Mitinhaber - Organisator\",\"isPartOf\":{\"@id\":\"https:\\\/\\\/www.organisator.ch\\\/#website\"},\"primaryImageOfPage\":{\"@id\":\"https:\\\/\\\/www.organisator.ch\\\/management\\\/2021-04-22\\\/hunn-gartenmoebel-ag-mit-neuem-mitinhaber\\\/#primaryimage\"},\"image\":{\"@id\":\"https:\\\/\\\/www.organisator.ch\\\/management\\\/2021-04-22\\\/hunn-gartenmoebel-ag-mit-neuem-mitinhaber\\\/#primaryimage\"},\"thumbnailUrl\":\"https:\\\/\\\/www.organisator.ch\\\/wp-content\\\/uploads\\\/2021\\\/04\\\/Hunn-Gartenmoebel-AG-mit-neuem-Mitinhaber_Organisator.jpg\",\"datePublished\":\"2021-04-22T08:47:10+00:00\",\"description\":\"Seit 1. April 2021 hat die Hunn Gartenm\u00f6bel AG mit Jean-Pierre Iacopetta einen neuen Mitinhaber und Hauptaktion\u00e4r und stellt die Weichen f\u00fcr die Nachfolge.\",\"breadcrumb\":{\"@id\":\"https:\\\/\\\/www.organisator.ch\\\/management\\\/2021-04-22\\\/hunn-gartenmoebel-ag-mit-neuem-mitinhaber\\\/#breadcrumb\"},\"inLanguage\":\"it-IT\",\"potentialAction\":[{\"@type\":\"ReadAction\",\"target\":[\"https:\\\/\\\/www.organisator.ch\\\/management\\\/2021-04-22\\\/hunn-gartenmoebel-ag-mit-neuem-mitinhaber\\\/\"]}]},{\"@type\":\"ImageObject\",\"inLanguage\":\"it-IT\",\"@id\":\"https:\\\/\\\/www.organisator.ch\\\/management\\\/2021-04-22\\\/hunn-gartenmoebel-ag-mit-neuem-mitinhaber\\\/#primaryimage\",\"url\":\"https:\\\/\\\/www.organisator.ch\\\/wp-content\\\/uploads\\\/2021\\\/04\\\/Hunn-Gartenmoebel-AG-mit-neuem-Mitinhaber_Organisator.jpg\",\"contentUrl\":\"https:\\\/\\\/www.organisator.ch\\\/wp-content\\\/uploads\\\/2021\\\/04\\\/Hunn-Gartenmoebel-AG-mit-neuem-Mitinhaber_Organisator.jpg\",\"width\":680,\"height\":510,\"caption\":\"Die Inhaberschaft von Hunn Gartenm\u00f6bel AG wurde um Jean-Pierre Iacopetta (ganz rechts) erweitert. (Bild: zVg)\"},{\"@type\":\"BreadcrumbList\",\"@id\":\"https:\\\/\\\/www.organisator.ch\\\/management\\\/2021-04-22\\\/hunn-gartenmoebel-ag-mit-neuem-mitinhaber\\\/#breadcrumb\",\"itemListElement\":[{\"@type\":\"ListItem\",\"position\":1,\"name\":\"Home\",\"item\":\"https:\\\/\\\/www.organisator.ch\\\/\"},{\"@type\":\"ListItem\",\"position\":2,\"name\":\"Hunn Gartenm\u00f6bel AG mit neuem Mitinhaber\"}]},{\"@type\":\"WebSite\",\"@id\":\"https:\\\/\\\/www.organisator.ch\\\/#website\",\"url\":\"https:\\\/\\\/www.organisator.ch\\\/\",\"name\":\"Organisator\",\"description\":\"Kompetent. Praxisnah. Der ORGANISATOR bereitet in 10 Ausgaben pro Jahr die wesentlichen Themen f\u00fcr F\u00fchrungskr\u00e4fte von KMU auf.\",\"publisher\":{\"@id\":\"https:\\\/\\\/www.organisator.ch\\\/#organization\"},\"potentialAction\":[{\"@type\":\"SearchAction\",\"target\":{\"@type\":\"EntryPoint\",\"urlTemplate\":\"https:\\\/\\\/www.organisator.ch\\\/?s={search_term_string}\"},\"query-input\":{\"@type\":\"PropertyValueSpecification\",\"valueRequired\":true,\"valueName\":\"search_term_string\"}}],\"inLanguage\":\"it-IT\"},{\"@type\":\"Organization\",\"@id\":\"https:\\\/\\\/www.organisator.ch\\\/#organization\",\"name\":\"Organisator\",\"url\":\"https:\\\/\\\/www.organisator.ch\\\/\",\"logo\":{\"@type\":\"ImageObject\",\"inLanguage\":\"it-IT\",\"@id\":\"https:\\\/\\\/www.organisator.ch\\\/#\\\/schema\\\/logo\\\/image\\\/\",\"url\":\"https:\\\/\\\/www.organisator.ch\\\/wp-content\\\/uploads\\\/2022\\\/01\\\/Logo_Organisator_Website.png\",\"contentUrl\":\"https:\\\/\\\/www.organisator.ch\\\/wp-content\\\/uploads\\\/2022\\\/01\\\/Logo_Organisator_Website.png\",\"width\":800,\"height\":77,\"caption\":\"Organisator\"},\"image\":{\"@id\":\"https:\\\/\\\/www.organisator.ch\\\/#\\\/schema\\\/logo\\\/image\\\/\"},\"sameAs\":[\"https:\\\/\\\/www.facebook.com\\\/OrganisatorFachmagazin\",\"https:\\\/\\\/www.linkedin.com\\\/showcase\\\/organisator-das-magazin-fr-kmu\",\"https:\\\/\\\/www.xing.com\\\/news\\\/pages\\\/organisator-ch-695\",\"https:\\\/\\\/www.youtube.com\\\/channel\\\/UCGP2Sq0iWaZwT3BdIAQFYpw\"]},{\"@type\":\"Person\",\"@id\":\"https:\\\/\\\/www.organisator.ch\\\/#\\\/schema\\\/person\\\/6f650f90b2842cd4c0cc334b4e36f67e\",\"name\":\"thomas.berner\",\"image\":{\"@type\":\"ImageObject\",\"inLanguage\":\"it-IT\",\"@id\":\"https:\\\/\\\/secure.gravatar.com\\\/avatar\\\/ac5001d2a36cb6c6cd3e50789007ffca834b477b74a2144564522e944eabff61?s=96&d=mm&r=g\",\"url\":\"https:\\\/\\\/secure.gravatar.com\\\/avatar\\\/ac5001d2a36cb6c6cd3e50789007ffca834b477b74a2144564522e944eabff61?s=96&d=mm&r=g\",\"contentUrl\":\"https:\\\/\\\/secure.gravatar.com\\\/avatar\\\/ac5001d2a36cb6c6cd3e50789007ffca834b477b74a2144564522e944eabff61?s=96&d=mm&r=g\",\"caption\":\"thomas.berner\"},\"url\":\"https:\\\/\\\/www.organisator.ch\\\/it\\\/author\\\/thomas-berner\\\/\"}]}<\/script>\n<!-- \/ Yoast SEO plugin. -->","yoast_head_json":{"title":"Hunn Gartenm\u00f6bel AG con un nuovo comproprietario - Organizzatore","description":"Dal 1\u00b0 aprile 2021, Hunn Gartenm\u00f6bel AG ha un nuovo comproprietario e azionista principale in Jean-Pierre Iacopetta e sta preparando la successione.","robots":{"index":"index","follow":"follow","max-snippet":"max-snippet:-1","max-image-preview":"max-image-preview:large","max-video-preview":"max-video-preview:-1"},"canonical":"https:\/\/www.organisator.ch\/it\/gestione-2\/2021-04-22\/hunn-gartenmoebel-ag-mit-neuem-mitinhaber\/","og_locale":"it_IT","og_type":"article","og_title":"Hunn Gartenm\u00f6bel AG mit neuem Mitinhaber","og_description":"Seit 1. April 2021 hat die Hunn Gartenm\u00f6bel AG mit Jean-Pierre Iacopetta einen neuen Mitinhaber und Hauptaktion\u00e4r und stellt die Weichen f\u00fcr die Nachfolge.","og_url":"https:\/\/www.organisator.ch\/it\/gestione-2\/2021-04-22\/hunn-gartenmoebel-ag-mit-neuem-mitinhaber\/","og_site_name":"Organisator","article_publisher":"https:\/\/www.facebook.com\/OrganisatorFachmagazin","article_published_time":"2021-04-22T08:47:10+00:00","og_image":[{"width":680,"height":510,"url":"https:\/\/www.organisator.ch\/wp-content\/uploads\/2021\/04\/Hunn-Gartenmoebel-AG-mit-neuem-Mitinhaber_Organisator.jpg","type":"image\/jpeg"}],"author":"thomas.berner","twitter_card":"summary_large_image","twitter_title":"#Hunn #Gartenm\u00f6bel AG mit neuem Mitinhaber","twitter_description":"Seit 1. April 2021 hat die #Hunn Gartenm\u00f6bel AG mit Jean-Pierre #Iacopetta einen neuen #Mitinhaber und Hauptaktion\u00e4r und stellt die Weichen f\u00fcr die #Nachfolge.","twitter_image":"https:\/\/www.organisator.ch\/wp-content\/uploads\/2021\/04\/Hunn-Gartenmoebel-AG-mit-neuem-Mitinhaber_Organisator.jpg","schema":{"@context":"https:\/\/schema.org","@graph":[{"@type":"Article","@id":"https:\/\/www.organisator.ch\/management\/2021-04-22\/hunn-gartenmoebel-ag-mit-neuem-mitinhaber\/#article","isPartOf":{"@id":"https:\/\/www.organisator.ch\/management\/2021-04-22\/hunn-gartenmoebel-ag-mit-neuem-mitinhaber\/"},"author":{"name":"thomas.berner","@id":"https:\/\/www.organisator.ch\/#\/schema\/person\/6f650f90b2842cd4c0cc334b4e36f67e"},"headline":"Hunn Gartenm\u00f6bel AG mit neuem Mitinhaber","datePublished":"2021-04-22T08:47:10+00:00","mainEntityOfPage":{"@id":"https:\/\/www.organisator.ch\/management\/2021-04-22\/hunn-gartenmoebel-ag-mit-neuem-mitinhaber\/"},"wordCount":643,"publisher":{"@id":"https:\/\/www.organisator.ch\/#organization"},"image":{"@id":"https:\/\/www.organisator.ch\/management\/2021-04-22\/hunn-gartenmoebel-ag-mit-neuem-mitinhaber\/#primaryimage"},"thumbnailUrl":"https:\/\/www.organisator.ch\/wp-content\/uploads\/2021\/04\/Hunn-Gartenmoebel-AG-mit-neuem-Mitinhaber_Organisator.jpg","keywords":["Firmennachfolge","Management und Unternehmensf\u00fchrung","Unternehmen"],"articleSection":["MANAGEMENT"],"inLanguage":"it-IT"},{"@type":"WebPage","@id":"https:\/\/www.organisator.ch\/management\/2021-04-22\/hunn-gartenmoebel-ag-mit-neuem-mitinhaber\/","url":"https:\/\/www.organisator.ch\/management\/2021-04-22\/hunn-gartenmoebel-ag-mit-neuem-mitinhaber\/","name":"Hunn Gartenm\u00f6bel AG con un nuovo comproprietario - Organizzatore","isPartOf":{"@id":"https:\/\/www.organisator.ch\/#website"},"primaryImageOfPage":{"@id":"https:\/\/www.organisator.ch\/management\/2021-04-22\/hunn-gartenmoebel-ag-mit-neuem-mitinhaber\/#primaryimage"},"image":{"@id":"https:\/\/www.organisator.ch\/management\/2021-04-22\/hunn-gartenmoebel-ag-mit-neuem-mitinhaber\/#primaryimage"},"thumbnailUrl":"https:\/\/www.organisator.ch\/wp-content\/uploads\/2021\/04\/Hunn-Gartenmoebel-AG-mit-neuem-Mitinhaber_Organisator.jpg","datePublished":"2021-04-22T08:47:10+00:00","description":"Dal 1\u00b0 aprile 2021, Hunn Gartenm\u00f6bel AG ha un nuovo comproprietario e azionista principale in Jean-Pierre Iacopetta e sta preparando la successione.","breadcrumb":{"@id":"https:\/\/www.organisator.ch\/management\/2021-04-22\/hunn-gartenmoebel-ag-mit-neuem-mitinhaber\/#breadcrumb"},"inLanguage":"it-IT","potentialAction":[{"@type":"ReadAction","target":["https:\/\/www.organisator.ch\/management\/2021-04-22\/hunn-gartenmoebel-ag-mit-neuem-mitinhaber\/"]}]},{"@type":"ImageObject","inLanguage":"it-IT","@id":"https:\/\/www.organisator.ch\/management\/2021-04-22\/hunn-gartenmoebel-ag-mit-neuem-mitinhaber\/#primaryimage","url":"https:\/\/www.organisator.ch\/wp-content\/uploads\/2021\/04\/Hunn-Gartenmoebel-AG-mit-neuem-Mitinhaber_Organisator.jpg","contentUrl":"https:\/\/www.organisator.ch\/wp-content\/uploads\/2021\/04\/Hunn-Gartenmoebel-AG-mit-neuem-Mitinhaber_Organisator.jpg","width":680,"height":510,"caption":"Die Inhaberschaft von Hunn Gartenm\u00f6bel AG wurde um Jean-Pierre Iacopetta (ganz rechts) erweitert. (Bild: zVg)"},{"@type":"BreadcrumbList","@id":"https:\/\/www.organisator.ch\/management\/2021-04-22\/hunn-gartenmoebel-ag-mit-neuem-mitinhaber\/#breadcrumb","itemListElement":[{"@type":"ListItem","position":1,"name":"Home","item":"https:\/\/www.organisator.ch\/"},{"@type":"ListItem","position":2,"name":"Hunn Gartenm\u00f6bel AG mit neuem Mitinhaber"}]},{"@type":"WebSite","@id":"https:\/\/www.organisator.ch\/#website","url":"https:\/\/www.organisator.ch\/","name":"Organizzatore","description":"Competente. Pratico. In 10 numeri all'anno, ORGANISATOR presenta i temi essenziali per i manager delle PMI.","publisher":{"@id":"https:\/\/www.organisator.ch\/#organization"},"potentialAction":[{"@type":"SearchAction","target":{"@type":"EntryPoint","urlTemplate":"https:\/\/www.organisator.ch\/?s={search_term_string}"},"query-input":{"@type":"PropertyValueSpecification","valueRequired":true,"valueName":"search_term_string"}}],"inLanguage":"it-IT"},{"@type":"Organization","@id":"https:\/\/www.organisator.ch\/#organization","name":"Organizzatore","url":"https:\/\/www.organisator.ch\/","logo":{"@type":"ImageObject","inLanguage":"it-IT","@id":"https:\/\/www.organisator.ch\/#\/schema\/logo\/image\/","url":"https:\/\/www.organisator.ch\/wp-content\/uploads\/2022\/01\/Logo_Organisator_Website.png","contentUrl":"https:\/\/www.organisator.ch\/wp-content\/uploads\/2022\/01\/Logo_Organisator_Website.png","width":800,"height":77,"caption":"Organisator"},"image":{"@id":"https:\/\/www.organisator.ch\/#\/schema\/logo\/image\/"},"sameAs":["https:\/\/www.facebook.com\/OrganisatorFachmagazin","https:\/\/www.linkedin.com\/showcase\/organisator-das-magazin-fr-kmu","https:\/\/www.xing.com\/news\/pages\/organisator-ch-695","https:\/\/www.youtube.com\/channel\/UCGP2Sq0iWaZwT3BdIAQFYpw"]},{"@type":"Person","@id":"https:\/\/www.organisator.ch\/#\/schema\/person\/6f650f90b2842cd4c0cc334b4e36f67e","name":"Tommaso.berner","image":{"@type":"ImageObject","inLanguage":"it-IT","@id":"https:\/\/secure.gravatar.com\/avatar\/ac5001d2a36cb6c6cd3e50789007ffca834b477b74a2144564522e944eabff61?s=96&d=mm&r=g","url":"https:\/\/secure.gravatar.com\/avatar\/ac5001d2a36cb6c6cd3e50789007ffca834b477b74a2144564522e944eabff61?s=96&d=mm&r=g","contentUrl":"https:\/\/secure.gravatar.com\/avatar\/ac5001d2a36cb6c6cd3e50789007ffca834b477b74a2144564522e944eabff61?s=96&d=mm&r=g","caption":"thomas.berner"},"url":"https:\/\/www.organisator.ch\/it\/author\/thomas-berner\/"}]}},"_links":{"self":[{"href":"https:\/\/www.organisator.ch\/it\/wp-json\/wp\/v2\/posts\/7941","targetHints":{"allow":["GET"]}}],"collection":[{"href":"https:\/\/www.organisator.ch\/it\/wp-json\/wp\/v2\/posts"}],"about":[{"href":"https:\/\/www.organisator.ch\/it\/wp-json\/wp\/v2\/types\/post"}],"author":[{"embeddable":true,"href":"https:\/\/www.organisator.ch\/it\/wp-json\/wp\/v2\/users\/4"}],"replies":[{"embeddable":true,"href":"https:\/\/www.organisator.ch\/it\/wp-json\/wp\/v2\/comments?post=7941"}],"version-history":[{"count":0,"href":"https:\/\/www.organisator.ch\/it\/wp-json\/wp\/v2\/posts\/7941\/revisions"}],"wp:featuredmedia":[{"embeddable":true,"href":"https:\/\/www.organisator.ch\/it\/wp-json\/wp\/v2\/media\/7942"}],"wp:attachment":[{"href":"https:\/\/www.organisator.ch\/it\/wp-json\/wp\/v2\/media?parent=7941"}],"wp:term":[{"taxonomy":"category","embeddable":true,"href":"https:\/\/www.organisator.ch\/it\/wp-json\/wp\/v2\/categories?post=7941"},{"taxonomy":"post_tag","embeddable":true,"href":"https:\/\/www.organisator.ch\/it\/wp-json\/wp\/v2\/tags?post=7941"}],"curies":[{"name":"wp","href":"https:\/\/api.w.org\/{rel}","templated":true}]}}