{"id":7955,"date":"2021-04-26T13:30:54","date_gmt":"2021-04-26T11:30:54","guid":{"rendered":"https:\/\/www.organisator.ch\/?p=7955"},"modified":"2021-04-26T13:30:54","modified_gmt":"2021-04-26T11:30:54","slug":"wirtschaftskrise-schweizer-unternehmen-kommen-im-europaeischen-vergleich-besser-durch","status":"publish","type":"post","link":"https:\/\/www.organisator.ch\/it\/management\/2021-04-26\/wirtschaftskrise-schweizer-unternehmen-kommen-im-europaeischen-vergleich-besser-durch\/","title":{"rendered":"Crisi economica: le aziende svizzere vanno meglio nel confronto europeo"},"content":{"rendered":"<figure id=\"attachment_7956\" aria-describedby=\"caption-attachment-7956\" style=\"width: 680px\" class=\"wp-caption alignnone\"><img loading=\"lazy\" decoding=\"async\" class=\"size-medium wp-image-7956\" src=\"https:\/\/www.organisator.ch\/wp-content\/uploads\/2021\/04\/Wirtschaftskrise-Schweizer-Unternehmen-kommen-im-europaeischen-Vergleich-besser-durch-1_Organisator.jpg\" alt=\"\" width=\"680\" height=\"485\" srcset=\"https:\/\/www.organisator.ch\/wp-content\/uploads\/2021\/04\/Wirtschaftskrise-Schweizer-Unternehmen-kommen-im-europaeischen-Vergleich-besser-durch-1_Organisator.jpg 680w, https:\/\/www.organisator.ch\/wp-content\/uploads\/2021\/04\/Wirtschaftskrise-Schweizer-Unternehmen-kommen-im-europaeischen-Vergleich-besser-durch-1_Organisator-16x12.jpg 16w, https:\/\/www.organisator.ch\/wp-content\/uploads\/2021\/04\/Wirtschaftskrise-Schweizer-Unternehmen-kommen-im-europaeischen-Vergleich-besser-durch-1_Organisator-245x175.jpg 245w, https:\/\/www.organisator.ch\/wp-content\/uploads\/2021\/04\/Wirtschaftskrise-Schweizer-Unternehmen-kommen-im-europaeischen-Vergleich-besser-durch-1_Organisator-491x350.jpg 491w, https:\/\/www.organisator.ch\/wp-content\/uploads\/2021\/04\/Wirtschaftskrise-Schweizer-Unternehmen-kommen-im-europaeischen-Vergleich-besser-durch-1_Organisator-300x214.jpg 300w\" sizes=\"auto, (max-width: 680px) 100vw, 680px\" \/><figcaption id=\"caption-attachment-7956\" class=\"wp-caption-text\">La crisi economica legata alla pandemia ha colpito gli imprenditori svizzeri meno della maggior parte dei loro concorrenti europei. (Immagine: Pixabay.com)<\/figcaption><\/figure>\n<p>Le aziende svizzere hanno superato la crisi economica meglio dei loro concorrenti europei. Nel 2019 si trovavano gi\u00e0 in una posizione competitiva relativamente forte e sono riusciti ad aumentare il rendimento del capitale proprio e l'utile operativo durante la pandemia rispetto ai loro colleghi europei. Questa \u00e8 la conclusione dello studio \"Switzerland's Top500 - Summit in Sight\" pubblicato da Accenture Svizzera. Se un'azienda entra in crisi pi\u00f9 forte, ne esce anche pi\u00f9 vincente. Il rapporto mostra le caratteristiche di questo successo imprenditoriale. Sono state esaminate pi\u00f9 di 200 aziende svizzere ed europee di un totale di dieci settori.<\/p>\n<h2>Gi\u00e0 prima dei segnali pandemici di un'imminente crisi economica<\/h2>\n<p>I risultati mostrano gi\u00e0 un rallentamento dello sviluppo del fatturato in tutti i settori per l'anno precedente alla pandemia. Questo dato si confronta con un aumento medio del fatturato del 3,5% nei cinque anni precedenti e con una crescita nulla nel 2019. Tuttavia, i margini di profitto dei diversi settori possono essere analizzati in modo pi\u00f9 differenziato. Nei settori chimico, farmaceutico e sanitario, i margini di profitto erano ben superiori alla media nazionale del 9,5% prima della pandemia. Anche in termini di crescita delle vendite, sono state superiori alla media del 2,5% degli ultimi cinque anni. Se si considera la Svizzera, si pu\u00f2 affermare che le imprese nazionali sono entrate nella crisi con una redditivit\u00e0 superiore a quella dei loro concorrenti europei. Anche in termini di valutazione del mercato, le aziende svizzere hanno ottenuto risultati migliori rispetto alle loro controparti europee praticamente in tutti i settori, in sette industrie su dieci. Solo il margine operativo \u00e8 stato leggermente inferiore. Ci\u00f2 \u00e8 dimostrato da un confronto internazionale delle cifre chiave corrispondenti.<\/p>\n<figure id=\"attachment_7957\" aria-describedby=\"caption-attachment-7957\" style=\"width: 680px\" class=\"wp-caption alignnone\"><img loading=\"lazy\" decoding=\"async\" class=\"size-medium wp-image-7957\" src=\"https:\/\/www.organisator.ch\/wp-content\/uploads\/2021\/04\/Wirtschaftskrise-Schweizer-Unternehmen-kommen-im-europaeischen-Vergleich-besser-durch-2_Organisator.jpg\" alt=\"\" width=\"680\" height=\"213\" srcset=\"https:\/\/www.organisator.ch\/wp-content\/uploads\/2021\/04\/Wirtschaftskrise-Schweizer-Unternehmen-kommen-im-europaeischen-Vergleich-besser-durch-2_Organisator.jpg 680w, https:\/\/www.organisator.ch\/wp-content\/uploads\/2021\/04\/Wirtschaftskrise-Schweizer-Unternehmen-kommen-im-europaeischen-Vergleich-besser-durch-2_Organisator-16x5.jpg 16w, https:\/\/www.organisator.ch\/wp-content\/uploads\/2021\/04\/Wirtschaftskrise-Schweizer-Unternehmen-kommen-im-europaeischen-Vergleich-besser-durch-2_Organisator-375x117.jpg 375w, https:\/\/www.organisator.ch\/wp-content\/uploads\/2021\/04\/Wirtschaftskrise-Schweizer-Unternehmen-kommen-im-europaeischen-Vergleich-besser-durch-2_Organisator-300x94.jpg 300w\" sizes=\"auto, (max-width: 680px) 100vw, 680px\" \/><figcaption id=\"caption-attachment-7957\" class=\"wp-caption-text\"><br \/>L'impatto della crisi economica: i KPI delle aziende svizzere a confronto con i colleghi europei (grafico: Accenture)<\/figcaption><\/figure>\n<h2>Crisi economica, e adesso?<\/h2>\n<p>L'aumento del rendimento del capitale proprio e del margine operativo dimostra come le aziende svizzere abbiano reagito bene alla pandemia. Questo \u00e8 particolarmente evidente nel caso dei produttori di beni di consumo, di attrezzature industriali o anche di aziende chimiche, che hanno ulteriormente migliorato i loro valori di performance relativa rispetto ai concorrenti europei durante la crisi economica legata alla pandemia. L'opposto \u00e8 il caso di altri settori. Il commercio al dettaglio svizzero ha perso ulteriore terreno perch\u00e9 molti rivenditori hanno tardato a seguire la tendenza verso una maggiore digitalizzazione e il commercio elettronico. Anche se si riconosce la necessit\u00e0 di recuperare il ritardo e si portano avanti le iniziative di trasformazione digitale, il contesto economico rimane difficile, indipendentemente dal settore. Si pone quindi la domanda: esistono criteri che possano ispirare il successo anche di fronte alla crisi?<\/p>\n<p>Le aziende che hanno investito nella digitalizzazione prima della crisi COVID 19 ne usciranno rafforzate e amplieranno ulteriormente il loro vantaggio rispetto alle aziende che hanno gestito esclusivamente la loro infrastruttura digitale prima della crisi. Uno dei motivi \u00e8 che la crisi del COVID 19 ha accelerato la digitalizzazione. Di conseguenza, ci\u00f2 significa che, oltre alle attivit\u00e0 commerciali in corso, queste aziende stanno promuovendo riforme in nuove attivit\u00e0 commerciali e stanno scalando i loro modelli di business digitali. L'attenzione generale all'esperienza del cliente, in combinazione con una moderna architettura digitale, sar\u00e0 anche la base per il successo imprenditoriale dopo la crisi di COVID 19.<\/p>\n<h2>Ancorare le caratteristiche di successo - ma come?<\/h2>\n<p>L'attenzione all'innovazione e all'agilit\u00e0 operativa e strategica \u00e8 una necessit\u00e0 imprescindibile per dominare il futuro. Solo attraverso la costante reinvenzione della velocit\u00e0 si pu\u00f2 raggiungere lo stato desiderato. In questo modo, si riconoscono ed evitano i costi inutili e si possono reindirizzare le risorse finanziarie liberate nella riprogettazione. Questo modo di pensare porta a una nuova cultura dell'innovazione in azienda. Migliorando l'infrastruttura digitale e l'uso mirato delle moderne tecnologie, \u00e8 possibile riallineare le competenze, la leadership e la cultura aziendale nel suo complesso, in modo da far emergere un nuovo e coerente modello di business digitale all'interno dell'organizzazione. La parola chiave in questo caso: Creazione attraverso il ridimensionamento. Poich\u00e9 la customer experience (CX) si riferisce alla transazione con i clienti, ma l'offerta di un prodotto da sola non definisce una grande esperienza, la CX si \u00e8 evoluta in BX: il business dell'esperienza. Questo approccio olistico e incentrato sul cliente non solo genera una crescita sostenibile, ma consente anche l'innovazione.<\/p>\n<h2>Il Nuovo Nucleo Digitale \u00e8 il cuore<\/h2>\n<p>L'azienda che ne risulta, reimmaginata e digitalizzata end-to-end, si basa su un nuovo vantaggio competitivo. Il \"New Digital Core\" \u00e8 l'immagine digitale di un'azienda. Tutte le applicazioni, i servizi e i dati sono riuniti nel cloud. In questo modo, tutti i processi aziendali possono essere controllati centralmente e in tempo reale. Questo include anche i processi che coinvolgono partner e clienti. L'idea \u00e8 quella di radicare la collaborazione e l'esperienza del cliente nelle strutture e nell'immagine dell'azienda. I dati necessari a questo scopo sono disponibili contemporaneamente, il che abbrevia i processi decisionali, consente la valutazione delle prestazioni e rende la trasparenza completa uno standard. In questo modo vengono eliminate le barriere che ostacolano l'innovazione e i costi tra processi, dipendenti, fornitori e clienti. In combinazione con l'automazione, la robotica, l'intelligenza artificiale o l'Internet degli oggetti (IoT), i processi aziendali, l'innovazione dei prodotti e le catene di fornitura vengono ottimizzati e radicalmente accorciati. Il New Digital Core porta in ultima analisi a catene del valore completamente digitalizzate e a ecosistemi sostenibili al di l\u00e0 dei confini aziendali e industriali.<\/p>\n<h2>Necessit\u00e0 di mettersi al passo con le tecnologie digitali<\/h2>\n<p>Questa attenzione alla digitalizzazione si nota anche sul posto di lavoro. Le infrastrutture costruite attorno al New Digital Core devono ora essere utilizzate in modo ottimale per generare un adeguato ritorno sugli investimenti. \u00c8 importante garantire la disponibilit\u00e0 e l'accettazione dei dipendenti facendo penetrare le tecnologie digitali anche nei pi\u00f9 piccoli angoli dell'azienda. Il New Digital Core \u00e8 il fattore critico di successo che rende possibili tutti gli altri cambiamenti necessari nel \"mondo post-pandemico\" e crea valore sostenibile per le aziende.<\/p>\n<p>Le aziende svizzere devono ancora recuperare un po' di terreno. Il 41% ha poca o nessuna esperienza con i dati disaccoppiati. Tuttavia, il loro utilizzo insieme alle applicazioni aumenterebbe la flessibilit\u00e0 e consentirebbe di apportare modifiche in tempo reale senza influenzare altri sistemi. Un terzo non ha quasi mai sperimentato soluzioni cloud all'avanguardia. Integrando l'analisi dei dati o l'IA, questa tecnologia chiave \u00e8 diventata un catalizzatore di crescita. Secondo lo studio, quasi la met\u00e0 delle aziende svizzere non dispone di tecnologie adeguate per acquisire e analizzare i dati in tempo reale. Tuttavia, l'uso, l'analisi e la qualit\u00e0 dei dati diventeranno standard e dovranno essere integrati in ogni processo decisionale dell'azienda.<\/p>\n<p><em>Fonte: <a href=\"http:\/\/www.accenture.ch\">Accenture<\/a><\/em><\/p>","protected":false},"excerpt":{"rendered":"<p>Schweizer Unternehmen sind im Vergleich zu ihren Wettbewerbern in Europa besser durch die Wirtschaftskrise gekommen. Bereits im Jahr 2019 befanden sie sich in einer vergleichsweise starken Wettbewerbsposition und es gelang ihnen, die Eigenkapitalrendite sowie den Betriebsgewinn w\u00e4hrend der Pandemie im europ\u00e4ischen Vergleich zu steigern. Zu diesem Schluss kommt die von Accenture Schweiz ver\u00f6ffentlichte Studie \u00abSwitzerland\u2019s [&hellip;]<\/p>\n","protected":false},"author":4,"featured_media":7956,"comment_status":"closed","ping_status":"closed","sticky":false,"template":"","format":"standard","meta":{"_acf_changed":false,"_yoast_wpseo_focuskw":"Wirtschaftskrise","_yoast_wpseo_metadesc":"Unternehmen, die erfolgreich durch die aktuelle Wirtschaftskrise kommen, haben Gemeinsamkeiten: Fokus auf Innovation, Agilit\u00e4t, strategisch flexibel.","articlekey":"","footnotes":""},"categories":[28],"tags":[156,335,459,530],"class_list":["post-7955","post","type-post","status-publish","format-standard","has-post-thumbnail","hentry","category-management","tag-digitalisierung","tag-management-und-unternehmensfuehrung","tag-studie","tag-wirtschaftskrise"],"acf":[],"yoast_head":"<!-- This site is optimized with the Yoast SEO plugin v27.5 - https:\/\/yoast.com\/product\/yoast-seo-wordpress\/ -->\n<title>Wirtschaftskrise: Schweizer Unternehmen kommen im europ\u00e4ischen Vergleich besser durch - Organisator<\/title>\n<meta name=\"description\" content=\"Unternehmen, die erfolgreich durch die aktuelle Wirtschaftskrise kommen, haben Gemeinsamkeiten: Fokus auf Innovation, Agilit\u00e4t, strategisch flexibel.\" \/>\n<meta name=\"robots\" content=\"index, follow, max-snippet:-1, max-image-preview:large, max-video-preview:-1\" \/>\n<link rel=\"canonical\" href=\"https:\/\/www.organisator.ch\/it\/gestione-2\/2021-04-26\/wirtschaftskrise-schweizer-unternehmen-kommen-im-europaeischen-vergleich-besser-durch\/\" \/>\n<meta property=\"og:locale\" content=\"it_IT\" \/>\n<meta property=\"og:type\" content=\"article\" \/>\n<meta property=\"og:title\" content=\"Wirtschaftskrise: Schweizer Unternehmen kommen im europ\u00e4ischen Vergleich besser durch\" \/>\n<meta property=\"og:description\" content=\"Unternehmen, die erfolgreich durch die aktuelle Wirtschaftskrise kommen, haben Gemeinsamkeiten: Fokus auf Innovation, Agilit\u00e4t, strategisch flexibel.\" \/>\n<meta property=\"og:url\" content=\"https:\/\/www.organisator.ch\/it\/gestione-2\/2021-04-26\/wirtschaftskrise-schweizer-unternehmen-kommen-im-europaeischen-vergleich-besser-durch\/\" \/>\n<meta property=\"og:site_name\" content=\"Organisator\" \/>\n<meta property=\"article:publisher\" content=\"https:\/\/www.facebook.com\/OrganisatorFachmagazin\" \/>\n<meta property=\"article:published_time\" content=\"2021-04-26T11:30:54+00:00\" \/>\n<meta property=\"og:image\" content=\"https:\/\/www.organisator.ch\/wp-content\/uploads\/2021\/04\/Wirtschaftskrise-Schweizer-Unternehmen-kommen-im-europaeischen-Vergleich-besser-durch-1_Organisator.jpg\" \/>\n\t<meta property=\"og:image:width\" content=\"680\" \/>\n\t<meta property=\"og:image:height\" content=\"485\" \/>\n\t<meta property=\"og:image:type\" content=\"image\/jpeg\" \/>\n<meta name=\"author\" content=\"thomas.berner\" \/>\n<meta name=\"twitter:card\" content=\"summary_large_image\" \/>\n<meta name=\"twitter:title\" content=\"#Wirtschaftskrise: Schweizer Unternehmen kommen im europ\u00e4ischen Vergleich besser durch\" \/>\n<meta name=\"twitter:description\" content=\"Unternehmen, die erfolgreich durch die aktuelle #Wirtschaftskrise kommen, haben Gemeinsamkeiten: Fokus auf #Innovation, #Agilit\u00e4t, strategisch flexibel.\" \/>\n<meta name=\"twitter:image\" content=\"https:\/\/www.organisator.ch\/wp-content\/uploads\/2021\/04\/Wirtschaftskrise-Schweizer-Unternehmen-kommen-im-europaeischen-Vergleich-besser-durch-1_Organisator.jpg\" \/>\n<script type=\"application\/ld+json\" class=\"yoast-schema-graph\">{\"@context\":\"https:\\\/\\\/schema.org\",\"@graph\":[{\"@type\":\"Article\",\"@id\":\"https:\\\/\\\/www.organisator.ch\\\/management\\\/2021-04-26\\\/wirtschaftskrise-schweizer-unternehmen-kommen-im-europaeischen-vergleich-besser-durch\\\/#article\",\"isPartOf\":{\"@id\":\"https:\\\/\\\/www.organisator.ch\\\/management\\\/2021-04-26\\\/wirtschaftskrise-schweizer-unternehmen-kommen-im-europaeischen-vergleich-besser-durch\\\/\"},\"author\":{\"name\":\"thomas.berner\",\"@id\":\"https:\\\/\\\/www.organisator.ch\\\/#\\\/schema\\\/person\\\/6f650f90b2842cd4c0cc334b4e36f67e\"},\"headline\":\"Wirtschaftskrise: Schweizer Unternehmen kommen im europ\u00e4ischen Vergleich besser durch\",\"datePublished\":\"2021-04-26T11:30:54+00:00\",\"mainEntityOfPage\":{\"@id\":\"https:\\\/\\\/www.organisator.ch\\\/management\\\/2021-04-26\\\/wirtschaftskrise-schweizer-unternehmen-kommen-im-europaeischen-vergleich-besser-durch\\\/\"},\"wordCount\":1081,\"publisher\":{\"@id\":\"https:\\\/\\\/www.organisator.ch\\\/#organization\"},\"image\":{\"@id\":\"https:\\\/\\\/www.organisator.ch\\\/management\\\/2021-04-26\\\/wirtschaftskrise-schweizer-unternehmen-kommen-im-europaeischen-vergleich-besser-durch\\\/#primaryimage\"},\"thumbnailUrl\":\"https:\\\/\\\/www.organisator.ch\\\/wp-content\\\/uploads\\\/2021\\\/04\\\/Wirtschaftskrise-Schweizer-Unternehmen-kommen-im-europaeischen-Vergleich-besser-durch-1_Organisator.jpg\",\"keywords\":[\"Digitalisierung\",\"Management und Unternehmensf\u00fchrung\",\"Studie\",\"Wirtschaftskrise\"],\"articleSection\":[\"MANAGEMENT\"],\"inLanguage\":\"it-IT\"},{\"@type\":\"WebPage\",\"@id\":\"https:\\\/\\\/www.organisator.ch\\\/management\\\/2021-04-26\\\/wirtschaftskrise-schweizer-unternehmen-kommen-im-europaeischen-vergleich-besser-durch\\\/\",\"url\":\"https:\\\/\\\/www.organisator.ch\\\/management\\\/2021-04-26\\\/wirtschaftskrise-schweizer-unternehmen-kommen-im-europaeischen-vergleich-besser-durch\\\/\",\"name\":\"Wirtschaftskrise: Schweizer Unternehmen kommen im europ\u00e4ischen Vergleich besser durch - Organisator\",\"isPartOf\":{\"@id\":\"https:\\\/\\\/www.organisator.ch\\\/#website\"},\"primaryImageOfPage\":{\"@id\":\"https:\\\/\\\/www.organisator.ch\\\/management\\\/2021-04-26\\\/wirtschaftskrise-schweizer-unternehmen-kommen-im-europaeischen-vergleich-besser-durch\\\/#primaryimage\"},\"image\":{\"@id\":\"https:\\\/\\\/www.organisator.ch\\\/management\\\/2021-04-26\\\/wirtschaftskrise-schweizer-unternehmen-kommen-im-europaeischen-vergleich-besser-durch\\\/#primaryimage\"},\"thumbnailUrl\":\"https:\\\/\\\/www.organisator.ch\\\/wp-content\\\/uploads\\\/2021\\\/04\\\/Wirtschaftskrise-Schweizer-Unternehmen-kommen-im-europaeischen-Vergleich-besser-durch-1_Organisator.jpg\",\"datePublished\":\"2021-04-26T11:30:54+00:00\",\"description\":\"Unternehmen, die erfolgreich durch die aktuelle Wirtschaftskrise kommen, haben Gemeinsamkeiten: Fokus auf Innovation, Agilit\u00e4t, strategisch flexibel.\",\"breadcrumb\":{\"@id\":\"https:\\\/\\\/www.organisator.ch\\\/management\\\/2021-04-26\\\/wirtschaftskrise-schweizer-unternehmen-kommen-im-europaeischen-vergleich-besser-durch\\\/#breadcrumb\"},\"inLanguage\":\"it-IT\",\"potentialAction\":[{\"@type\":\"ReadAction\",\"target\":[\"https:\\\/\\\/www.organisator.ch\\\/management\\\/2021-04-26\\\/wirtschaftskrise-schweizer-unternehmen-kommen-im-europaeischen-vergleich-besser-durch\\\/\"]}]},{\"@type\":\"ImageObject\",\"inLanguage\":\"it-IT\",\"@id\":\"https:\\\/\\\/www.organisator.ch\\\/management\\\/2021-04-26\\\/wirtschaftskrise-schweizer-unternehmen-kommen-im-europaeischen-vergleich-besser-durch\\\/#primaryimage\",\"url\":\"https:\\\/\\\/www.organisator.ch\\\/wp-content\\\/uploads\\\/2021\\\/04\\\/Wirtschaftskrise-Schweizer-Unternehmen-kommen-im-europaeischen-Vergleich-besser-durch-1_Organisator.jpg\",\"contentUrl\":\"https:\\\/\\\/www.organisator.ch\\\/wp-content\\\/uploads\\\/2021\\\/04\\\/Wirtschaftskrise-Schweizer-Unternehmen-kommen-im-europaeischen-Vergleich-besser-durch-1_Organisator.jpg\",\"width\":680,\"height\":485,\"caption\":\"Die pandemie-bedingte Wirtschaftskrise hat Schweizer Unternehmer weniger stark getroffen als die meisten ihrer europ\u00e4ischen Wettbewerber. (Bild: Pixabay.com)\"},{\"@type\":\"BreadcrumbList\",\"@id\":\"https:\\\/\\\/www.organisator.ch\\\/management\\\/2021-04-26\\\/wirtschaftskrise-schweizer-unternehmen-kommen-im-europaeischen-vergleich-besser-durch\\\/#breadcrumb\",\"itemListElement\":[{\"@type\":\"ListItem\",\"position\":1,\"name\":\"Home\",\"item\":\"https:\\\/\\\/www.organisator.ch\\\/\"},{\"@type\":\"ListItem\",\"position\":2,\"name\":\"Wirtschaftskrise: Schweizer Unternehmen kommen im europ\u00e4ischen Vergleich besser durch\"}]},{\"@type\":\"WebSite\",\"@id\":\"https:\\\/\\\/www.organisator.ch\\\/#website\",\"url\":\"https:\\\/\\\/www.organisator.ch\\\/\",\"name\":\"Organisator\",\"description\":\"Kompetent. Praxisnah. Der ORGANISATOR bereitet in 10 Ausgaben pro Jahr die wesentlichen Themen f\u00fcr F\u00fchrungskr\u00e4fte von KMU auf.\",\"publisher\":{\"@id\":\"https:\\\/\\\/www.organisator.ch\\\/#organization\"},\"potentialAction\":[{\"@type\":\"SearchAction\",\"target\":{\"@type\":\"EntryPoint\",\"urlTemplate\":\"https:\\\/\\\/www.organisator.ch\\\/?s={search_term_string}\"},\"query-input\":{\"@type\":\"PropertyValueSpecification\",\"valueRequired\":true,\"valueName\":\"search_term_string\"}}],\"inLanguage\":\"it-IT\"},{\"@type\":\"Organization\",\"@id\":\"https:\\\/\\\/www.organisator.ch\\\/#organization\",\"name\":\"Organisator\",\"url\":\"https:\\\/\\\/www.organisator.ch\\\/\",\"logo\":{\"@type\":\"ImageObject\",\"inLanguage\":\"it-IT\",\"@id\":\"https:\\\/\\\/www.organisator.ch\\\/#\\\/schema\\\/logo\\\/image\\\/\",\"url\":\"https:\\\/\\\/www.organisator.ch\\\/wp-content\\\/uploads\\\/2022\\\/01\\\/Logo_Organisator_Website.png\",\"contentUrl\":\"https:\\\/\\\/www.organisator.ch\\\/wp-content\\\/uploads\\\/2022\\\/01\\\/Logo_Organisator_Website.png\",\"width\":800,\"height\":77,\"caption\":\"Organisator\"},\"image\":{\"@id\":\"https:\\\/\\\/www.organisator.ch\\\/#\\\/schema\\\/logo\\\/image\\\/\"},\"sameAs\":[\"https:\\\/\\\/www.facebook.com\\\/OrganisatorFachmagazin\",\"https:\\\/\\\/www.linkedin.com\\\/showcase\\\/organisator-das-magazin-fr-kmu\",\"https:\\\/\\\/www.xing.com\\\/news\\\/pages\\\/organisator-ch-695\",\"https:\\\/\\\/www.youtube.com\\\/channel\\\/UCGP2Sq0iWaZwT3BdIAQFYpw\"]},{\"@type\":\"Person\",\"@id\":\"https:\\\/\\\/www.organisator.ch\\\/#\\\/schema\\\/person\\\/6f650f90b2842cd4c0cc334b4e36f67e\",\"name\":\"thomas.berner\",\"image\":{\"@type\":\"ImageObject\",\"inLanguage\":\"it-IT\",\"@id\":\"https:\\\/\\\/secure.gravatar.com\\\/avatar\\\/ac5001d2a36cb6c6cd3e50789007ffca834b477b74a2144564522e944eabff61?s=96&d=mm&r=g\",\"url\":\"https:\\\/\\\/secure.gravatar.com\\\/avatar\\\/ac5001d2a36cb6c6cd3e50789007ffca834b477b74a2144564522e944eabff61?s=96&d=mm&r=g\",\"contentUrl\":\"https:\\\/\\\/secure.gravatar.com\\\/avatar\\\/ac5001d2a36cb6c6cd3e50789007ffca834b477b74a2144564522e944eabff61?s=96&d=mm&r=g\",\"caption\":\"thomas.berner\"},\"url\":\"https:\\\/\\\/www.organisator.ch\\\/it\\\/author\\\/thomas-berner\\\/\"}]}<\/script>\n<!-- \/ Yoast SEO plugin. -->","yoast_head_json":{"title":"Crisi economica: le aziende svizzere fanno meglio nel confronto europeo - Organizzatore","description":"Le aziende che stanno superando con successo l'attuale crisi economica hanno qualcosa in comune: Concentrarsi su innovazione, agilit\u00e0 e flessibilit\u00e0 strategica.","robots":{"index":"index","follow":"follow","max-snippet":"max-snippet:-1","max-image-preview":"max-image-preview:large","max-video-preview":"max-video-preview:-1"},"canonical":"https:\/\/www.organisator.ch\/it\/gestione-2\/2021-04-26\/wirtschaftskrise-schweizer-unternehmen-kommen-im-europaeischen-vergleich-besser-durch\/","og_locale":"it_IT","og_type":"article","og_title":"Wirtschaftskrise: Schweizer Unternehmen kommen im europ\u00e4ischen Vergleich besser durch","og_description":"Unternehmen, die erfolgreich durch die aktuelle Wirtschaftskrise kommen, haben Gemeinsamkeiten: Fokus auf Innovation, Agilit\u00e4t, strategisch flexibel.","og_url":"https:\/\/www.organisator.ch\/it\/gestione-2\/2021-04-26\/wirtschaftskrise-schweizer-unternehmen-kommen-im-europaeischen-vergleich-besser-durch\/","og_site_name":"Organisator","article_publisher":"https:\/\/www.facebook.com\/OrganisatorFachmagazin","article_published_time":"2021-04-26T11:30:54+00:00","og_image":[{"width":680,"height":485,"url":"https:\/\/www.organisator.ch\/wp-content\/uploads\/2021\/04\/Wirtschaftskrise-Schweizer-Unternehmen-kommen-im-europaeischen-Vergleich-besser-durch-1_Organisator.jpg","type":"image\/jpeg"}],"author":"thomas.berner","twitter_card":"summary_large_image","twitter_title":"#Wirtschaftskrise: Schweizer Unternehmen kommen im europ\u00e4ischen Vergleich besser durch","twitter_description":"Unternehmen, die erfolgreich durch die aktuelle #Wirtschaftskrise kommen, haben Gemeinsamkeiten: Fokus auf #Innovation, #Agilit\u00e4t, strategisch flexibel.","twitter_image":"https:\/\/www.organisator.ch\/wp-content\/uploads\/2021\/04\/Wirtschaftskrise-Schweizer-Unternehmen-kommen-im-europaeischen-Vergleich-besser-durch-1_Organisator.jpg","schema":{"@context":"https:\/\/schema.org","@graph":[{"@type":"Article","@id":"https:\/\/www.organisator.ch\/management\/2021-04-26\/wirtschaftskrise-schweizer-unternehmen-kommen-im-europaeischen-vergleich-besser-durch\/#article","isPartOf":{"@id":"https:\/\/www.organisator.ch\/management\/2021-04-26\/wirtschaftskrise-schweizer-unternehmen-kommen-im-europaeischen-vergleich-besser-durch\/"},"author":{"name":"thomas.berner","@id":"https:\/\/www.organisator.ch\/#\/schema\/person\/6f650f90b2842cd4c0cc334b4e36f67e"},"headline":"Wirtschaftskrise: Schweizer Unternehmen kommen im europ\u00e4ischen Vergleich besser durch","datePublished":"2021-04-26T11:30:54+00:00","mainEntityOfPage":{"@id":"https:\/\/www.organisator.ch\/management\/2021-04-26\/wirtschaftskrise-schweizer-unternehmen-kommen-im-europaeischen-vergleich-besser-durch\/"},"wordCount":1081,"publisher":{"@id":"https:\/\/www.organisator.ch\/#organization"},"image":{"@id":"https:\/\/www.organisator.ch\/management\/2021-04-26\/wirtschaftskrise-schweizer-unternehmen-kommen-im-europaeischen-vergleich-besser-durch\/#primaryimage"},"thumbnailUrl":"https:\/\/www.organisator.ch\/wp-content\/uploads\/2021\/04\/Wirtschaftskrise-Schweizer-Unternehmen-kommen-im-europaeischen-Vergleich-besser-durch-1_Organisator.jpg","keywords":["Digitalisierung","Management und Unternehmensf\u00fchrung","Studie","Wirtschaftskrise"],"articleSection":["MANAGEMENT"],"inLanguage":"it-IT"},{"@type":"WebPage","@id":"https:\/\/www.organisator.ch\/management\/2021-04-26\/wirtschaftskrise-schweizer-unternehmen-kommen-im-europaeischen-vergleich-besser-durch\/","url":"https:\/\/www.organisator.ch\/management\/2021-04-26\/wirtschaftskrise-schweizer-unternehmen-kommen-im-europaeischen-vergleich-besser-durch\/","name":"Crisi economica: le aziende svizzere fanno meglio nel confronto europeo - Organizzatore","isPartOf":{"@id":"https:\/\/www.organisator.ch\/#website"},"primaryImageOfPage":{"@id":"https:\/\/www.organisator.ch\/management\/2021-04-26\/wirtschaftskrise-schweizer-unternehmen-kommen-im-europaeischen-vergleich-besser-durch\/#primaryimage"},"image":{"@id":"https:\/\/www.organisator.ch\/management\/2021-04-26\/wirtschaftskrise-schweizer-unternehmen-kommen-im-europaeischen-vergleich-besser-durch\/#primaryimage"},"thumbnailUrl":"https:\/\/www.organisator.ch\/wp-content\/uploads\/2021\/04\/Wirtschaftskrise-Schweizer-Unternehmen-kommen-im-europaeischen-Vergleich-besser-durch-1_Organisator.jpg","datePublished":"2021-04-26T11:30:54+00:00","description":"Le aziende che stanno superando con successo l'attuale crisi economica hanno qualcosa in comune: Concentrarsi su innovazione, agilit\u00e0 e flessibilit\u00e0 strategica.","breadcrumb":{"@id":"https:\/\/www.organisator.ch\/management\/2021-04-26\/wirtschaftskrise-schweizer-unternehmen-kommen-im-europaeischen-vergleich-besser-durch\/#breadcrumb"},"inLanguage":"it-IT","potentialAction":[{"@type":"ReadAction","target":["https:\/\/www.organisator.ch\/management\/2021-04-26\/wirtschaftskrise-schweizer-unternehmen-kommen-im-europaeischen-vergleich-besser-durch\/"]}]},{"@type":"ImageObject","inLanguage":"it-IT","@id":"https:\/\/www.organisator.ch\/management\/2021-04-26\/wirtschaftskrise-schweizer-unternehmen-kommen-im-europaeischen-vergleich-besser-durch\/#primaryimage","url":"https:\/\/www.organisator.ch\/wp-content\/uploads\/2021\/04\/Wirtschaftskrise-Schweizer-Unternehmen-kommen-im-europaeischen-Vergleich-besser-durch-1_Organisator.jpg","contentUrl":"https:\/\/www.organisator.ch\/wp-content\/uploads\/2021\/04\/Wirtschaftskrise-Schweizer-Unternehmen-kommen-im-europaeischen-Vergleich-besser-durch-1_Organisator.jpg","width":680,"height":485,"caption":"Die pandemie-bedingte Wirtschaftskrise hat Schweizer Unternehmer weniger stark getroffen als die meisten ihrer europ\u00e4ischen Wettbewerber. (Bild: Pixabay.com)"},{"@type":"BreadcrumbList","@id":"https:\/\/www.organisator.ch\/management\/2021-04-26\/wirtschaftskrise-schweizer-unternehmen-kommen-im-europaeischen-vergleich-besser-durch\/#breadcrumb","itemListElement":[{"@type":"ListItem","position":1,"name":"Home","item":"https:\/\/www.organisator.ch\/"},{"@type":"ListItem","position":2,"name":"Wirtschaftskrise: Schweizer Unternehmen kommen im europ\u00e4ischen Vergleich besser durch"}]},{"@type":"WebSite","@id":"https:\/\/www.organisator.ch\/#website","url":"https:\/\/www.organisator.ch\/","name":"Organizzatore","description":"Competente. Pratico. In 10 numeri all'anno, ORGANISATOR presenta i temi essenziali per i manager delle PMI.","publisher":{"@id":"https:\/\/www.organisator.ch\/#organization"},"potentialAction":[{"@type":"SearchAction","target":{"@type":"EntryPoint","urlTemplate":"https:\/\/www.organisator.ch\/?s={search_term_string}"},"query-input":{"@type":"PropertyValueSpecification","valueRequired":true,"valueName":"search_term_string"}}],"inLanguage":"it-IT"},{"@type":"Organization","@id":"https:\/\/www.organisator.ch\/#organization","name":"Organizzatore","url":"https:\/\/www.organisator.ch\/","logo":{"@type":"ImageObject","inLanguage":"it-IT","@id":"https:\/\/www.organisator.ch\/#\/schema\/logo\/image\/","url":"https:\/\/www.organisator.ch\/wp-content\/uploads\/2022\/01\/Logo_Organisator_Website.png","contentUrl":"https:\/\/www.organisator.ch\/wp-content\/uploads\/2022\/01\/Logo_Organisator_Website.png","width":800,"height":77,"caption":"Organisator"},"image":{"@id":"https:\/\/www.organisator.ch\/#\/schema\/logo\/image\/"},"sameAs":["https:\/\/www.facebook.com\/OrganisatorFachmagazin","https:\/\/www.linkedin.com\/showcase\/organisator-das-magazin-fr-kmu","https:\/\/www.xing.com\/news\/pages\/organisator-ch-695","https:\/\/www.youtube.com\/channel\/UCGP2Sq0iWaZwT3BdIAQFYpw"]},{"@type":"Person","@id":"https:\/\/www.organisator.ch\/#\/schema\/person\/6f650f90b2842cd4c0cc334b4e36f67e","name":"Tommaso.berner","image":{"@type":"ImageObject","inLanguage":"it-IT","@id":"https:\/\/secure.gravatar.com\/avatar\/ac5001d2a36cb6c6cd3e50789007ffca834b477b74a2144564522e944eabff61?s=96&d=mm&r=g","url":"https:\/\/secure.gravatar.com\/avatar\/ac5001d2a36cb6c6cd3e50789007ffca834b477b74a2144564522e944eabff61?s=96&d=mm&r=g","contentUrl":"https:\/\/secure.gravatar.com\/avatar\/ac5001d2a36cb6c6cd3e50789007ffca834b477b74a2144564522e944eabff61?s=96&d=mm&r=g","caption":"thomas.berner"},"url":"https:\/\/www.organisator.ch\/it\/author\/thomas-berner\/"}]}},"_links":{"self":[{"href":"https:\/\/www.organisator.ch\/it\/wp-json\/wp\/v2\/posts\/7955","targetHints":{"allow":["GET"]}}],"collection":[{"href":"https:\/\/www.organisator.ch\/it\/wp-json\/wp\/v2\/posts"}],"about":[{"href":"https:\/\/www.organisator.ch\/it\/wp-json\/wp\/v2\/types\/post"}],"author":[{"embeddable":true,"href":"https:\/\/www.organisator.ch\/it\/wp-json\/wp\/v2\/users\/4"}],"replies":[{"embeddable":true,"href":"https:\/\/www.organisator.ch\/it\/wp-json\/wp\/v2\/comments?post=7955"}],"version-history":[{"count":0,"href":"https:\/\/www.organisator.ch\/it\/wp-json\/wp\/v2\/posts\/7955\/revisions"}],"wp:featuredmedia":[{"embeddable":true,"href":"https:\/\/www.organisator.ch\/it\/wp-json\/wp\/v2\/media\/7956"}],"wp:attachment":[{"href":"https:\/\/www.organisator.ch\/it\/wp-json\/wp\/v2\/media?parent=7955"}],"wp:term":[{"taxonomy":"category","embeddable":true,"href":"https:\/\/www.organisator.ch\/it\/wp-json\/wp\/v2\/categories?post=7955"},{"taxonomy":"post_tag","embeddable":true,"href":"https:\/\/www.organisator.ch\/it\/wp-json\/wp\/v2\/tags?post=7955"}],"curies":[{"name":"wp","href":"https:\/\/api.w.org\/{rel}","templated":true}]}}