{"id":801,"date":"2017-03-01T10:54:31","date_gmt":"2017-03-01T09:54:31","guid":{"rendered":"https:\/\/www.umweltperspektiven.ch\/?p=801"},"modified":"2022-02-09T11:06:56","modified_gmt":"2022-02-09T10:06:56","slug":"schweiz-vom-klimawandel-stark-betroffen","status":"publish","type":"post","link":"https:\/\/www.organisator.ch\/it\/sustainability\/2017-03-01\/schweiz-vom-klimawandel-stark-betroffen\/","title":{"rendered":"La Svizzera \u00e8 fortemente colpita dal cambiamento climatico"},"content":{"rendered":"<figure id=\"attachment_802\" aria-describedby=\"caption-attachment-802\" style=\"width: 680px\" class=\"wp-caption alignnone\"><img loading=\"lazy\" decoding=\"async\" class=\"size-medium wp-image-802\" src=\"\/\/www.umweltperspektiven.ch\/wp-content\/uploads\/2017\/03\/Schneekanonen_Lachtal_20111029_2.jpg\" alt=\"\" width=\"680\" height=\"510\" \/><figcaption id=\"caption-attachment-802\" class=\"wp-caption-text\">Pista da sci senza neve: gli effetti del riscaldamento globale sulla Svizzera sono superiori alla media.<\/figcaption><\/figure>\n<p>Il 2 marzo, il Consiglio nazionale ha discusso la ratifica dell'accordo sul clima di Parigi. L'attuazione \u00e8 pi\u00f9 importante per la Svizzera che per molti altri paesi, perch\u00e9 gli effetti del riscaldamento globale sono enormi in questo paese.<\/p>\n<p>Questo accordo delle Nazioni Unite mira a limitare l'aumento medio della temperatura globale rispetto ai tempi preindustriali a meno di 2 gradi Celsius. Se possibile, si punta addirittura a un aumento massimo di 1,5 gradi Celsius. Tuttavia, questo obiettivo pu\u00f2 essere raggiunto solo con una drastica riduzione delle emissioni di CO2.<\/p>\n<p><strong>Molta meno neve, 10 volte pi\u00f9 notti tropicali, 3 volte pi\u00f9 giorni di caldo<\/strong><br \/>\nIl rapporto \"<a href=\"\/\/www.naturwissenschaften.ch\/organisations\/proclim\/activities\/brennpunkt\">Focus on Climate Switzerland. Fondamenti Conseguenze e prospettive<\/a>Il rapporto \"ProClim\" dell'Accademia svizzera delle scienze mostra che la Svizzera \u00e8 colpita dal cambiamento climatico in misura superiore alla media. Rispetto alla media globale, la temperatura media annuale qui \u00e8 aumentata circa il doppio negli ultimi 150 anni, a 1,8 gradi Celsius. Se l'\"obiettivo dei 2 gradi\" dell'accordo di Parigi viene raggiunto, questo significa un riscaldamento totale per la Svizzera rispetto all'epoca preindustriale di 3 o 3,5 gradi entro la fine del secolo. Se non si fanno sforzi sufficienti e la temperatura globale aumenta, per esempio, di 3 gradi, le temperature medie annuali in questo paese aumenterebbero di 4 o 5 gradi entro la fine del secolo.<\/p>\n<p>Il riscaldamento ha conseguenze impressionanti per la salute, per esempio: se l'obiettivo dei 2 gradi (\"2-degree world\") viene raggiunto, i ricercatori climatici si aspettano una media di circa 5 notti tropicali (oggi 1-2) e 15-20 giorni di caldo (oggi 10-15) all'anno nell'Altopiano Centrale entro il 2085. Con un riscaldamento globale di 3 gradi (\"3-degree world\"), invece, ci saranno da 15 a 20 notti tropicali e circa 30-40 giorni di caldo, con temperature massime pi\u00f9 alte allo stesso tempo.<\/p>\n<p>Il maggiore riscaldamento ha anche conseguenze notevoli per il turismo della neve: Il limite delle nevi nel mondo a 3 gradi aumenterebbe di circa 500 metri di altitudine entro il 2085 rispetto a oggi, invece di 250 metri come nel mondo a 2 gradi, e la profondit\u00e0 media della neve diminuirebbe di circa 60% invece di 30%. La stagione della neve sarebbe anche notevolmente pi\u00f9 breve.<\/p>\n<p>Questi sono solo alcuni esempi dei molti impatti del cambiamento climatico in Svizzera, come descritto in dettaglio nel rapporto \"Focus on Climate Switzerland\".<\/p>\n<p><strong>Azioni internazionali in domanda<\/strong><br \/>\nProprio perch\u00e9 la Svizzera \u00e8 particolarmente colpita dal cambiamento climatico in un confronto internazionale, un'azione coordinata a livello globale \u00e8 importante per essa. Questo \u00e8 l'unico modo per frenare il cambiamento climatico. Cooperando con la comunit\u00e0 internazionale, la Svizzera pu\u00f2 costruire sulla sua buona reputazione internazionale.<br \/>\ne la loro forza innovativa per dare il buon esempio e dimostrare che la prosperit\u00e0 e la protezione del clima possono essere conciliate.<\/p>\n<p><strong>La Commissione del Consiglio Nazionale d\u00e0 il \"via<\/strong><br \/>\nL'accordo internazionale di Parigi obbliga tutti i paesi a presentare volontariamente obiettivi nazionali per la riduzione delle emissioni di gas serra e a prendere misure interne per raggiungere questi obiettivi. Tuttavia, gli obiettivi presentati dagli stati finora sono ancora lontani dall'essere sufficienti per raggiungere l'obiettivo dei 2 gradi.<br \/>\nL'obiettivo dei 2 gradi significa che le emissioni di gas serra devono scendere a zero nella seconda met\u00e0 del XXI secolo. Per la Svizzera, il Consiglio federale ha ora formulato l'obiettivo di una riduzione del 50 per cento entro il 2030, rispetto al 1990. La Commissione dell'ambiente, della pianificazione del territorio e dell'energia del Consiglio nazionale ha gi\u00e0 discusso la Convenzione il 31 gennaio 2017 e l'ha approvata per la ratifica in questa forma. Tuttavia, due minoranze vorrebbero ratificare la Convenzione, ma con un obiettivo di riduzione rispettivamente del 40 e del 60 per cento. Un'altra minoranza propone di non ratificare la legge. \u00c8 chiaro che meno la Svizzera riduce le sue emissioni di gas a effetto serra entro il 2030, pi\u00f9 sposta il problema sulle generazioni future.<\/p>\n<p>Testo: Accademie svizzere<\/p>","protected":false},"excerpt":{"rendered":"<p>Am 2. M\u00e4rz diskutierte der Nationalrat die Ratifikation des Pariser Klimaabkommens. Die Umsetzung hat f\u00fcr die Schweiz eine gr\u00f6ssere Bedeutung als f\u00fcr viele andere L\u00e4nder, denn die Auswirkungen der Klimaerw\u00e4rmung\u00a0sind hierzulande massiv. Dieses Abkommen der Vereinten\u00a0Nationen hat zum Ziel, den durchschnittlichen weltweiten Temperaturanstieg gegen\u00fcber der\u00a0vorindustriellen Zeit auf unter 2 Grad Celsius zu begrenzen. Nach M\u00f6glichkeit [&hellip;]<\/p>\n","protected":false},"author":1,"featured_media":802,"comment_status":"open","ping_status":"open","sticky":false,"template":"","format":"standard","meta":{"_acf_changed":false,"_yoast_wpseo_focuskw":"Klimawandel","_yoast_wpseo_metadesc":"Ob zwei oder drei Grad mehr: Diese anscheinend kleine Differenz hat auf die Schweiz massive Auswirkungen. Dies zeigen wissenschaftliche Studien.","articlekey":"","footnotes":""},"categories":[580],"tags":[1532,1806,1885],"class_list":["post-801","post","type-post","status-publish","format-standard","has-post-thumbnail","hentry","category-sustainability","tag-klimawandel","tag-nationalrat","tag-pariser-klimaabkommen"],"acf":[],"yoast_head":"<!-- This site is optimized with the Yoast SEO plugin v27.5 - https:\/\/yoast.com\/product\/yoast-seo-wordpress\/ -->\n<title>Schweiz vom Klimawandel stark betroffen - Organisator<\/title>\n<meta name=\"description\" content=\"Ob zwei oder drei Grad mehr: Diese anscheinend kleine Differenz hat auf die Schweiz massive Auswirkungen. Dies zeigen wissenschaftliche Studien.\" \/>\n<meta name=\"robots\" content=\"index, follow, max-snippet:-1, max-image-preview:large, max-video-preview:-1\" \/>\n<link rel=\"canonical\" href=\"https:\/\/www.organisator.ch\/it\/sostenibilita\/2017-03-01\/schweiz-vom-klimawandel-stark-betroffen\/\" \/>\n<meta property=\"og:locale\" content=\"it_IT\" \/>\n<meta property=\"og:type\" content=\"article\" \/>\n<meta property=\"og:title\" content=\"Schweiz vom Klimawandel stark betroffen - Organisator\" \/>\n<meta property=\"og:description\" content=\"Ob zwei oder drei Grad mehr: Diese anscheinend kleine Differenz hat auf die Schweiz massive Auswirkungen. Dies zeigen wissenschaftliche Studien.\" \/>\n<meta property=\"og:url\" content=\"https:\/\/www.organisator.ch\/it\/sostenibilita\/2017-03-01\/schweiz-vom-klimawandel-stark-betroffen\/\" \/>\n<meta property=\"og:site_name\" content=\"Organisator\" \/>\n<meta property=\"article:publisher\" content=\"https:\/\/www.facebook.com\/OrganisatorFachmagazin\" \/>\n<meta property=\"article:published_time\" content=\"2017-03-01T09:54:31+00:00\" \/>\n<meta property=\"article:modified_time\" content=\"2022-02-09T10:06:56+00:00\" \/>\n<meta property=\"og:image\" content=\"https:\/\/www.organisator.ch\/wp-content\/uploads\/2017\/03\/Schneekanonen_Lachtal_20111029_2-scaled.jpg\" \/>\n\t<meta property=\"og:image:width\" content=\"2560\" \/>\n\t<meta property=\"og:image:height\" content=\"1920\" \/>\n\t<meta property=\"og:image:type\" content=\"image\/jpeg\" \/>\n<meta name=\"author\" content=\"admin\" \/>\n<meta name=\"twitter:card\" content=\"summary_large_image\" \/>\n<script type=\"application\/ld+json\" class=\"yoast-schema-graph\">{\"@context\":\"https:\\\/\\\/schema.org\",\"@graph\":[{\"@type\":\"Article\",\"@id\":\"https:\\\/\\\/www.organisator.ch\\\/sustainability\\\/2017-03-01\\\/schweiz-vom-klimawandel-stark-betroffen\\\/#article\",\"isPartOf\":{\"@id\":\"https:\\\/\\\/www.organisator.ch\\\/sustainability\\\/2017-03-01\\\/schweiz-vom-klimawandel-stark-betroffen\\\/\"},\"author\":{\"name\":\"admin\",\"@id\":\"https:\\\/\\\/www.organisator.ch\\\/#\\\/schema\\\/person\\\/aa2bace6c5c5aad60102004a50c4eb1c\"},\"headline\":\"Schweiz vom Klimawandel stark betroffen\",\"datePublished\":\"2017-03-01T09:54:31+00:00\",\"dateModified\":\"2022-02-09T10:06:56+00:00\",\"mainEntityOfPage\":{\"@id\":\"https:\\\/\\\/www.organisator.ch\\\/sustainability\\\/2017-03-01\\\/schweiz-vom-klimawandel-stark-betroffen\\\/\"},\"wordCount\":586,\"commentCount\":0,\"publisher\":{\"@id\":\"https:\\\/\\\/www.organisator.ch\\\/#organization\"},\"image\":{\"@id\":\"https:\\\/\\\/www.organisator.ch\\\/sustainability\\\/2017-03-01\\\/schweiz-vom-klimawandel-stark-betroffen\\\/#primaryimage\"},\"thumbnailUrl\":\"https:\\\/\\\/www.organisator.ch\\\/wp-content\\\/uploads\\\/2017\\\/03\\\/Schneekanonen_Lachtal_20111029_2-scaled.jpg\",\"keywords\":[\"Klimawandel\",\"Nationalrat\",\"Pariser Klimaabkommen\"],\"articleSection\":[\"SUSTAINABILITY\"],\"inLanguage\":\"it-IT\"},{\"@type\":\"WebPage\",\"@id\":\"https:\\\/\\\/www.organisator.ch\\\/sustainability\\\/2017-03-01\\\/schweiz-vom-klimawandel-stark-betroffen\\\/\",\"url\":\"https:\\\/\\\/www.organisator.ch\\\/sustainability\\\/2017-03-01\\\/schweiz-vom-klimawandel-stark-betroffen\\\/\",\"name\":\"Schweiz vom Klimawandel stark betroffen - Organisator\",\"isPartOf\":{\"@id\":\"https:\\\/\\\/www.organisator.ch\\\/#website\"},\"primaryImageOfPage\":{\"@id\":\"https:\\\/\\\/www.organisator.ch\\\/sustainability\\\/2017-03-01\\\/schweiz-vom-klimawandel-stark-betroffen\\\/#primaryimage\"},\"image\":{\"@id\":\"https:\\\/\\\/www.organisator.ch\\\/sustainability\\\/2017-03-01\\\/schweiz-vom-klimawandel-stark-betroffen\\\/#primaryimage\"},\"thumbnailUrl\":\"https:\\\/\\\/www.organisator.ch\\\/wp-content\\\/uploads\\\/2017\\\/03\\\/Schneekanonen_Lachtal_20111029_2-scaled.jpg\",\"datePublished\":\"2017-03-01T09:54:31+00:00\",\"dateModified\":\"2022-02-09T10:06:56+00:00\",\"description\":\"Ob zwei oder drei Grad mehr: Diese anscheinend kleine Differenz hat auf die Schweiz massive Auswirkungen. Dies zeigen wissenschaftliche Studien.\",\"breadcrumb\":{\"@id\":\"https:\\\/\\\/www.organisator.ch\\\/sustainability\\\/2017-03-01\\\/schweiz-vom-klimawandel-stark-betroffen\\\/#breadcrumb\"},\"inLanguage\":\"it-IT\",\"potentialAction\":[{\"@type\":\"ReadAction\",\"target\":[\"https:\\\/\\\/www.organisator.ch\\\/sustainability\\\/2017-03-01\\\/schweiz-vom-klimawandel-stark-betroffen\\\/\"]}]},{\"@type\":\"ImageObject\",\"inLanguage\":\"it-IT\",\"@id\":\"https:\\\/\\\/www.organisator.ch\\\/sustainability\\\/2017-03-01\\\/schweiz-vom-klimawandel-stark-betroffen\\\/#primaryimage\",\"url\":\"https:\\\/\\\/www.organisator.ch\\\/wp-content\\\/uploads\\\/2017\\\/03\\\/Schneekanonen_Lachtal_20111029_2-scaled.jpg\",\"contentUrl\":\"https:\\\/\\\/www.organisator.ch\\\/wp-content\\\/uploads\\\/2017\\\/03\\\/Schneekanonen_Lachtal_20111029_2-scaled.jpg\",\"width\":2560,\"height\":1920,\"caption\":\"Skipiste ohne Schnee: Die Auswirkungen der Klimaerw\u00e4rmung auf die Schweiz sind \u00fcberdurchschnittlich stark.\"},{\"@type\":\"BreadcrumbList\",\"@id\":\"https:\\\/\\\/www.organisator.ch\\\/sustainability\\\/2017-03-01\\\/schweiz-vom-klimawandel-stark-betroffen\\\/#breadcrumb\",\"itemListElement\":[{\"@type\":\"ListItem\",\"position\":1,\"name\":\"Home\",\"item\":\"https:\\\/\\\/www.organisator.ch\\\/\"},{\"@type\":\"ListItem\",\"position\":2,\"name\":\"Schweiz vom Klimawandel stark betroffen\"}]},{\"@type\":\"WebSite\",\"@id\":\"https:\\\/\\\/www.organisator.ch\\\/#website\",\"url\":\"https:\\\/\\\/www.organisator.ch\\\/\",\"name\":\"Organisator\",\"description\":\"Kompetent. Praxisnah. Der ORGANISATOR bereitet in 10 Ausgaben pro Jahr die wesentlichen Themen f\u00fcr F\u00fchrungskr\u00e4fte von KMU auf.\",\"publisher\":{\"@id\":\"https:\\\/\\\/www.organisator.ch\\\/#organization\"},\"potentialAction\":[{\"@type\":\"SearchAction\",\"target\":{\"@type\":\"EntryPoint\",\"urlTemplate\":\"https:\\\/\\\/www.organisator.ch\\\/?s={search_term_string}\"},\"query-input\":{\"@type\":\"PropertyValueSpecification\",\"valueRequired\":true,\"valueName\":\"search_term_string\"}}],\"inLanguage\":\"it-IT\"},{\"@type\":\"Organization\",\"@id\":\"https:\\\/\\\/www.organisator.ch\\\/#organization\",\"name\":\"Organisator\",\"url\":\"https:\\\/\\\/www.organisator.ch\\\/\",\"logo\":{\"@type\":\"ImageObject\",\"inLanguage\":\"it-IT\",\"@id\":\"https:\\\/\\\/www.organisator.ch\\\/#\\\/schema\\\/logo\\\/image\\\/\",\"url\":\"https:\\\/\\\/www.organisator.ch\\\/wp-content\\\/uploads\\\/2022\\\/01\\\/Logo_Organisator_Website.png\",\"contentUrl\":\"https:\\\/\\\/www.organisator.ch\\\/wp-content\\\/uploads\\\/2022\\\/01\\\/Logo_Organisator_Website.png\",\"width\":800,\"height\":77,\"caption\":\"Organisator\"},\"image\":{\"@id\":\"https:\\\/\\\/www.organisator.ch\\\/#\\\/schema\\\/logo\\\/image\\\/\"},\"sameAs\":[\"https:\\\/\\\/www.facebook.com\\\/OrganisatorFachmagazin\",\"https:\\\/\\\/www.linkedin.com\\\/showcase\\\/organisator-das-magazin-fr-kmu\",\"https:\\\/\\\/www.xing.com\\\/news\\\/pages\\\/organisator-ch-695\",\"https:\\\/\\\/www.youtube.com\\\/channel\\\/UCGP2Sq0iWaZwT3BdIAQFYpw\"]},{\"@type\":\"Person\",\"@id\":\"https:\\\/\\\/www.organisator.ch\\\/#\\\/schema\\\/person\\\/aa2bace6c5c5aad60102004a50c4eb1c\",\"name\":\"admin\",\"image\":{\"@type\":\"ImageObject\",\"inLanguage\":\"it-IT\",\"@id\":\"https:\\\/\\\/secure.gravatar.com\\\/avatar\\\/ae2f4d718e6c49043e314ce431e7e645d646302a24a5ef5a8bc8e3f5a032e319?s=96&d=mm&r=g\",\"url\":\"https:\\\/\\\/secure.gravatar.com\\\/avatar\\\/ae2f4d718e6c49043e314ce431e7e645d646302a24a5ef5a8bc8e3f5a032e319?s=96&d=mm&r=g\",\"contentUrl\":\"https:\\\/\\\/secure.gravatar.com\\\/avatar\\\/ae2f4d718e6c49043e314ce431e7e645d646302a24a5ef5a8bc8e3f5a032e319?s=96&d=mm&r=g\",\"caption\":\"admin\"},\"sameAs\":[\"https:\\\/\\\/www.organisator.ch\"],\"url\":\"https:\\\/\\\/www.organisator.ch\\\/it\\\/author\\\/admin\\\/\"}]}<\/script>\n<!-- \/ Yoast SEO plugin. -->","yoast_head_json":{"title":"La Svizzera \u00e8 fortemente colpita dai cambiamenti climatici - Organizzatore","description":"Due o tre gradi in pi\u00f9: questa differenza apparentemente piccola ha un impatto enorme sulla Svizzera. Questo \u00e8 dimostrato da studi scientifici.","robots":{"index":"index","follow":"follow","max-snippet":"max-snippet:-1","max-image-preview":"max-image-preview:large","max-video-preview":"max-video-preview:-1"},"canonical":"https:\/\/www.organisator.ch\/it\/sostenibilita\/2017-03-01\/schweiz-vom-klimawandel-stark-betroffen\/","og_locale":"it_IT","og_type":"article","og_title":"Schweiz vom Klimawandel stark betroffen - Organisator","og_description":"Ob zwei oder drei Grad mehr: Diese anscheinend kleine Differenz hat auf die Schweiz massive Auswirkungen. Dies zeigen wissenschaftliche Studien.","og_url":"https:\/\/www.organisator.ch\/it\/sostenibilita\/2017-03-01\/schweiz-vom-klimawandel-stark-betroffen\/","og_site_name":"Organisator","article_publisher":"https:\/\/www.facebook.com\/OrganisatorFachmagazin","article_published_time":"2017-03-01T09:54:31+00:00","article_modified_time":"2022-02-09T10:06:56+00:00","og_image":[{"width":2560,"height":1920,"url":"https:\/\/www.organisator.ch\/wp-content\/uploads\/2017\/03\/Schneekanonen_Lachtal_20111029_2-scaled.jpg","type":"image\/jpeg"}],"author":"admin","twitter_card":"summary_large_image","schema":{"@context":"https:\/\/schema.org","@graph":[{"@type":"Article","@id":"https:\/\/www.organisator.ch\/sustainability\/2017-03-01\/schweiz-vom-klimawandel-stark-betroffen\/#article","isPartOf":{"@id":"https:\/\/www.organisator.ch\/sustainability\/2017-03-01\/schweiz-vom-klimawandel-stark-betroffen\/"},"author":{"name":"admin","@id":"https:\/\/www.organisator.ch\/#\/schema\/person\/aa2bace6c5c5aad60102004a50c4eb1c"},"headline":"Schweiz vom Klimawandel stark betroffen","datePublished":"2017-03-01T09:54:31+00:00","dateModified":"2022-02-09T10:06:56+00:00","mainEntityOfPage":{"@id":"https:\/\/www.organisator.ch\/sustainability\/2017-03-01\/schweiz-vom-klimawandel-stark-betroffen\/"},"wordCount":586,"commentCount":0,"publisher":{"@id":"https:\/\/www.organisator.ch\/#organization"},"image":{"@id":"https:\/\/www.organisator.ch\/sustainability\/2017-03-01\/schweiz-vom-klimawandel-stark-betroffen\/#primaryimage"},"thumbnailUrl":"https:\/\/www.organisator.ch\/wp-content\/uploads\/2017\/03\/Schneekanonen_Lachtal_20111029_2-scaled.jpg","keywords":["Klimawandel","Nationalrat","Pariser Klimaabkommen"],"articleSection":["SUSTAINABILITY"],"inLanguage":"it-IT"},{"@type":"WebPage","@id":"https:\/\/www.organisator.ch\/sustainability\/2017-03-01\/schweiz-vom-klimawandel-stark-betroffen\/","url":"https:\/\/www.organisator.ch\/sustainability\/2017-03-01\/schweiz-vom-klimawandel-stark-betroffen\/","name":"La Svizzera \u00e8 fortemente colpita dai cambiamenti climatici - Organizzatore","isPartOf":{"@id":"https:\/\/www.organisator.ch\/#website"},"primaryImageOfPage":{"@id":"https:\/\/www.organisator.ch\/sustainability\/2017-03-01\/schweiz-vom-klimawandel-stark-betroffen\/#primaryimage"},"image":{"@id":"https:\/\/www.organisator.ch\/sustainability\/2017-03-01\/schweiz-vom-klimawandel-stark-betroffen\/#primaryimage"},"thumbnailUrl":"https:\/\/www.organisator.ch\/wp-content\/uploads\/2017\/03\/Schneekanonen_Lachtal_20111029_2-scaled.jpg","datePublished":"2017-03-01T09:54:31+00:00","dateModified":"2022-02-09T10:06:56+00:00","description":"Due o tre gradi in pi\u00f9: questa differenza apparentemente piccola ha un impatto enorme sulla Svizzera. Questo \u00e8 dimostrato da studi scientifici.","breadcrumb":{"@id":"https:\/\/www.organisator.ch\/sustainability\/2017-03-01\/schweiz-vom-klimawandel-stark-betroffen\/#breadcrumb"},"inLanguage":"it-IT","potentialAction":[{"@type":"ReadAction","target":["https:\/\/www.organisator.ch\/sustainability\/2017-03-01\/schweiz-vom-klimawandel-stark-betroffen\/"]}]},{"@type":"ImageObject","inLanguage":"it-IT","@id":"https:\/\/www.organisator.ch\/sustainability\/2017-03-01\/schweiz-vom-klimawandel-stark-betroffen\/#primaryimage","url":"https:\/\/www.organisator.ch\/wp-content\/uploads\/2017\/03\/Schneekanonen_Lachtal_20111029_2-scaled.jpg","contentUrl":"https:\/\/www.organisator.ch\/wp-content\/uploads\/2017\/03\/Schneekanonen_Lachtal_20111029_2-scaled.jpg","width":2560,"height":1920,"caption":"Skipiste ohne Schnee: Die Auswirkungen der Klimaerw\u00e4rmung auf die Schweiz sind \u00fcberdurchschnittlich stark."},{"@type":"BreadcrumbList","@id":"https:\/\/www.organisator.ch\/sustainability\/2017-03-01\/schweiz-vom-klimawandel-stark-betroffen\/#breadcrumb","itemListElement":[{"@type":"ListItem","position":1,"name":"Home","item":"https:\/\/www.organisator.ch\/"},{"@type":"ListItem","position":2,"name":"Schweiz vom Klimawandel stark betroffen"}]},{"@type":"WebSite","@id":"https:\/\/www.organisator.ch\/#website","url":"https:\/\/www.organisator.ch\/","name":"Organizzatore","description":"Competente. Pratico. In 10 numeri all'anno, ORGANISATOR presenta i temi essenziali per i manager delle PMI.","publisher":{"@id":"https:\/\/www.organisator.ch\/#organization"},"potentialAction":[{"@type":"SearchAction","target":{"@type":"EntryPoint","urlTemplate":"https:\/\/www.organisator.ch\/?s={search_term_string}"},"query-input":{"@type":"PropertyValueSpecification","valueRequired":true,"valueName":"search_term_string"}}],"inLanguage":"it-IT"},{"@type":"Organization","@id":"https:\/\/www.organisator.ch\/#organization","name":"Organizzatore","url":"https:\/\/www.organisator.ch\/","logo":{"@type":"ImageObject","inLanguage":"it-IT","@id":"https:\/\/www.organisator.ch\/#\/schema\/logo\/image\/","url":"https:\/\/www.organisator.ch\/wp-content\/uploads\/2022\/01\/Logo_Organisator_Website.png","contentUrl":"https:\/\/www.organisator.ch\/wp-content\/uploads\/2022\/01\/Logo_Organisator_Website.png","width":800,"height":77,"caption":"Organisator"},"image":{"@id":"https:\/\/www.organisator.ch\/#\/schema\/logo\/image\/"},"sameAs":["https:\/\/www.facebook.com\/OrganisatorFachmagazin","https:\/\/www.linkedin.com\/showcase\/organisator-das-magazin-fr-kmu","https:\/\/www.xing.com\/news\/pages\/organisator-ch-695","https:\/\/www.youtube.com\/channel\/UCGP2Sq0iWaZwT3BdIAQFYpw"]},{"@type":"Person","@id":"https:\/\/www.organisator.ch\/#\/schema\/person\/aa2bace6c5c5aad60102004a50c4eb1c","name":"amministratore","image":{"@type":"ImageObject","inLanguage":"it-IT","@id":"https:\/\/secure.gravatar.com\/avatar\/ae2f4d718e6c49043e314ce431e7e645d646302a24a5ef5a8bc8e3f5a032e319?s=96&d=mm&r=g","url":"https:\/\/secure.gravatar.com\/avatar\/ae2f4d718e6c49043e314ce431e7e645d646302a24a5ef5a8bc8e3f5a032e319?s=96&d=mm&r=g","contentUrl":"https:\/\/secure.gravatar.com\/avatar\/ae2f4d718e6c49043e314ce431e7e645d646302a24a5ef5a8bc8e3f5a032e319?s=96&d=mm&r=g","caption":"admin"},"sameAs":["https:\/\/www.organisator.ch"],"url":"https:\/\/www.organisator.ch\/it\/author\/admin\/"}]}},"_links":{"self":[{"href":"https:\/\/www.organisator.ch\/it\/wp-json\/wp\/v2\/posts\/801","targetHints":{"allow":["GET"]}}],"collection":[{"href":"https:\/\/www.organisator.ch\/it\/wp-json\/wp\/v2\/posts"}],"about":[{"href":"https:\/\/www.organisator.ch\/it\/wp-json\/wp\/v2\/types\/post"}],"author":[{"embeddable":true,"href":"https:\/\/www.organisator.ch\/it\/wp-json\/wp\/v2\/users\/1"}],"replies":[{"embeddable":true,"href":"https:\/\/www.organisator.ch\/it\/wp-json\/wp\/v2\/comments?post=801"}],"version-history":[{"count":1,"href":"https:\/\/www.organisator.ch\/it\/wp-json\/wp\/v2\/posts\/801\/revisions"}],"predecessor-version":[{"id":10737,"href":"https:\/\/www.organisator.ch\/it\/wp-json\/wp\/v2\/posts\/801\/revisions\/10737"}],"wp:featuredmedia":[{"embeddable":true,"href":"https:\/\/www.organisator.ch\/it\/wp-json\/wp\/v2\/media\/802"}],"wp:attachment":[{"href":"https:\/\/www.organisator.ch\/it\/wp-json\/wp\/v2\/media?parent=801"}],"wp:term":[{"taxonomy":"category","embeddable":true,"href":"https:\/\/www.organisator.ch\/it\/wp-json\/wp\/v2\/categories?post=801"},{"taxonomy":"post_tag","embeddable":true,"href":"https:\/\/www.organisator.ch\/it\/wp-json\/wp\/v2\/tags?post=801"}],"curies":[{"name":"wp","href":"https:\/\/api.w.org\/{rel}","templated":true}]}}