{"id":803,"date":"2016-06-28T16:58:44","date_gmt":"2016-06-28T14:58:44","guid":{"rendered":"http:\/\/dev.organisator.ch\/?p=803"},"modified":"2016-06-28T16:58:44","modified_gmt":"2016-06-28T14:58:44","slug":"industrie-4-0-chefs-sind-aus-mitarbeitersicht-inkompetent","status":"publish","type":"post","link":"https:\/\/www.organisator.ch\/it\/management\/2016-06-28\/industrie-4-0-chefs-sind-aus-mitarbeitersicht-inkompetent\/","title":{"rendered":"Industria 4.0: i capi sono incompetenti dal punto di vista del dipendente"},"content":{"rendered":"<figure id=\"attachment_804\" aria-describedby=\"caption-attachment-804\" style=\"width: 640px\" class=\"wp-caption alignnone\"><img loading=\"lazy\" decoding=\"async\" class=\"size-full wp-image-804\" src=\"https:\/\/www.organisator.ch\/wp-content\/uploads\/2016\/12\/Industrie-4.0-Chefs-sind-aus-Mitarbeitersicht-inkompetent-organisator.jpg\" alt=\"\" width=\"640\" height=\"429\" srcset=\"https:\/\/www.organisator.ch\/wp-content\/uploads\/2016\/12\/Industrie-4.0-Chefs-sind-aus-Mitarbeitersicht-inkompetent-organisator.jpg 640w, https:\/\/www.organisator.ch\/wp-content\/uploads\/2016\/12\/Industrie-4.0-Chefs-sind-aus-Mitarbeitersicht-inkompetent-organisator-16x12.jpg 16w, https:\/\/www.organisator.ch\/wp-content\/uploads\/2016\/12\/Industrie-4.0-Chefs-sind-aus-Mitarbeitersicht-inkompetent-organisator-261x175.jpg 261w, https:\/\/www.organisator.ch\/wp-content\/uploads\/2016\/12\/Industrie-4.0-Chefs-sind-aus-Mitarbeitersicht-inkompetent-organisator-522x350.jpg 522w, https:\/\/www.organisator.ch\/wp-content\/uploads\/2016\/12\/Industrie-4.0-Chefs-sind-aus-Mitarbeitersicht-inkompetent-organisator-300x201.jpg 300w\" sizes=\"auto, (max-width: 640px) 100vw, 640px\" \/><figcaption id=\"caption-attachment-804\" class=\"wp-caption-text\">Girare la ruota dell'Industria 4.0: un dipendente su tre in Europa pensa che i suoi capi siano incompetenti in questo senso. (Foto: Fotolia.com)<\/figcaption><\/figure>\n<p>\"La trasformazione digitale \u00e8 in pieno svolgimento. Tuttavia, una transizione di successo verso l'Industria 4.0 e l'Internet delle cose non \u00e8 solo un compito tecnico, ma almeno altrettanto un compito di leadership\", dice Oliver Back, Global COO del ROC Group. \"Idealmente, un alto dirigente dell'azienda dovrebbe vivere il mondo del lavoro del futuro il pi\u00f9 possibile gi\u00e0 oggi, per dare il buon esempio ai dipendenti. Questo pu\u00f2 essere in ufficio, in produzione o nel reparto sviluppo\".<\/p>\n<p><strong>I manager svizzeri sono pi\u00f9 competenti<\/strong><\/p>\n<p>Lo studio ROC mostra differenze regionali: i manager svizzeri e austriaci, con il 42% e il 41% rispettivamente, ricevono una pagella nettamente migliore dai loro dipendenti in termini di Industria 4.0 rispetto ai manager tedeschi (36%). I manager britannici sono ancora peggio, con solo un dipendente su quattro che attesta un utile know-how digitale.<\/p>\n<p>Almeno un po' pi\u00f9 alta \u00e8 la fiducia dei dipendenti che i loro superiori condurranno con successo l'azienda e i dipendenti nel futuro mondo del lavoro. In Germania, Austria e Svizzera, circa un impiegato su due conta su una curva di apprendimento crescente, e tra gli inglesi \u00e8 ancora un buon uno su tre.<\/p>\n<p><strong>La fiducia nella gestione non \u00e8 abbastanza alta<\/strong><\/p>\n<p>\"Come mostra il nostro sondaggio, la fiducia di molti impiegati nei loro manager non \u00e8 cos\u00ec alta come dovrebbe essere in vista delle sfide tecnologiche e organizzative che ci attendono. Questo \u00e8 abbastanza allarmante - dopo tutto, \u00e8 il management che gioca il ruolo chiave nella trasformazione digitale\", avverte il Prof. Dr. Armin Trost, decano degli studi all'Universit\u00e0 di Furtwangen (HFU), che ha fornito il supporto scientifico allo studio.<\/p>\n<p>In questo contesto, i dipartimenti delle risorse umane delle aziende sono messi a dura prova. \"Spetta agli sviluppatori delle risorse umane rendere i capi e quindi l'intera organizzazione adatta a una nuova cultura aziendale nel futuro digitale. L'apprendimento permanente di Working World 4.0 \u00e8 un must assoluto. Questo vale per ogni individuo dell'azienda, ma soprattutto per i manager come moltiplicatori\", chiede ROC COO Back.<\/p>\n<p><em>Fonte: <a href=\"http:\/\/www.roc-group.de\" target=\"_blank\" data-cke-saved-href=\"http:\/\/www.roc-group.de\" rel=\"noopener\">www.roc-group.de<\/a><\/em><\/p>\n<p><img loading=\"lazy\" decoding=\"async\" class=\"alignnone size-full wp-image-805\" src=\"https:\/\/www.organisator.ch\/wp-content\/uploads\/2016\/12\/Industrie-4.0-Chefs-sind-aus-Mitarbeitersicht-inkompetent2-organisator.jpg\" alt=\"\" width=\"640\" height=\"480\" srcset=\"https:\/\/www.organisator.ch\/wp-content\/uploads\/2016\/12\/Industrie-4.0-Chefs-sind-aus-Mitarbeitersicht-inkompetent2-organisator.jpg 640w, https:\/\/www.organisator.ch\/wp-content\/uploads\/2016\/12\/Industrie-4.0-Chefs-sind-aus-Mitarbeitersicht-inkompetent2-organisator-16x12.jpg 16w, https:\/\/www.organisator.ch\/wp-content\/uploads\/2016\/12\/Industrie-4.0-Chefs-sind-aus-Mitarbeitersicht-inkompetent2-organisator-233x175.jpg 233w, https:\/\/www.organisator.ch\/wp-content\/uploads\/2016\/12\/Industrie-4.0-Chefs-sind-aus-Mitarbeitersicht-inkompetent2-organisator-467x350.jpg 467w, https:\/\/www.organisator.ch\/wp-content\/uploads\/2016\/12\/Industrie-4.0-Chefs-sind-aus-Mitarbeitersicht-inkompetent2-organisator-300x225.jpg 300w\" sizes=\"auto, (max-width: 640px) 100vw, 640px\" \/><\/p>","protected":false},"excerpt":{"rendered":"<p>\u201eDie digitale Transformation ist in vollem Gange. Ein gelungener \u00dcbergang in Richtung Industrie 4.0 und Internet der Dinge ist aber nicht nur eine technische, sondern mindestens genauso eine F\u00fchrungsaufgabe\u201c, sagt Oliver Back, Global COO der ROC Group. \u201eIdealerweise sollte eine Spitzenkraft im Unternehmen die Arbeitswelt der Zukunft bereits heute so weit wie m\u00f6glich leben, um [&hellip;]<\/p>\n","protected":false},"author":1,"featured_media":804,"comment_status":"open","ping_status":"open","sticky":false,"template":"","format":"standard","meta":{"_acf_changed":false,"_yoast_wpseo_focuskw":"Industrie 4.0","_yoast_wpseo_metadesc":"Industrie 4.0: Schlechte Noten f\u00fcr Manager: Nur 30 bis 40 Prozent der Arbeitnehmer bezeichnen die F\u00fchrungskr\u00e4fte in ihrem Unternehmen als absolut kompetent.","articlekey":"","footnotes":""},"categories":[28],"tags":[334,335],"class_list":["post-803","post","type-post","status-publish","format-standard","has-post-thumbnail","hentry","category-management","tag-management","tag-management-und-unternehmensfuehrung"],"acf":[],"yoast_head":"<!-- This site is optimized with the Yoast SEO plugin v27.5 - https:\/\/yoast.com\/product\/yoast-seo-wordpress\/ -->\n<title>Industrie 4.0: Chefs sind aus Mitarbeitersicht inkompetent - Organisator<\/title>\n<meta name=\"description\" content=\"Industrie 4.0: Schlechte Noten f\u00fcr Manager: Nur 30 bis 40 Prozent der Arbeitnehmer bezeichnen die F\u00fchrungskr\u00e4fte in ihrem Unternehmen als absolut kompetent.\" \/>\n<meta name=\"robots\" content=\"index, follow, max-snippet:-1, max-image-preview:large, max-video-preview:-1\" \/>\n<link rel=\"canonical\" href=\"https:\/\/www.organisator.ch\/it\/gestione-2\/2016-06-28\/industrie-4-0-chefs-sind-aus-mitarbeitersicht-inkompetent\/\" \/>\n<meta property=\"og:locale\" content=\"it_IT\" \/>\n<meta property=\"og:type\" content=\"article\" \/>\n<meta property=\"og:title\" content=\"Industrie 4.0: Chefs sind aus Mitarbeitersicht inkompetent\" \/>\n<meta property=\"og:description\" content=\"Schlechte Noten f\u00fcr Europas Manager: Nur 30 bis 40 Prozent der Arbeitnehmer bezeichnen die F\u00fchrungskr\u00e4fte in ihrem Unternehmen als absolut kompetent in Sachen \u201eIndustrie 4.0\u201c. Und h\u00f6chstens jeder Zweite traut den Chefs zu, Firma und Mitarbeiter erfolgreich in die Arbeitswelt von morgen zu f\u00fchren. Das sind Ergebnisse der internationalen Studie &quot;Arbeitswelt der Zukunft&quot; der Unternehmensberatung ROC. Daf\u00fcr wurden mehr als 2.500 Arbeitnehmer in Deutschland, Gro\u00dfbritannien, \u00d6sterreich und der Schweiz befragt.\" \/>\n<meta property=\"og:url\" content=\"https:\/\/www.organisator.ch\/it\/gestione-2\/2016-06-28\/industrie-4-0-chefs-sind-aus-mitarbeitersicht-inkompetent\/\" \/>\n<meta property=\"og:site_name\" content=\"Organisator\" \/>\n<meta property=\"article:publisher\" content=\"https:\/\/www.facebook.com\/OrganisatorFachmagazin\" \/>\n<meta property=\"article:published_time\" content=\"2016-06-28T14:58:44+00:00\" \/>\n<meta name=\"author\" content=\"admin\" \/>\n<meta name=\"twitter:card\" content=\"summary_large_image\" \/>\n<meta name=\"twitter:image\" content=\"https:\/\/www.organisator.ch\/wp-content\/uploads\/2016\/12\/Industrie-4.0-Chefs-sind-aus-Mitarbeitersicht-inkompetent-organisator.jpg\" \/>\n<script type=\"application\/ld+json\" class=\"yoast-schema-graph\">{\"@context\":\"https:\\\/\\\/schema.org\",\"@graph\":[{\"@type\":\"Article\",\"@id\":\"https:\\\/\\\/www.organisator.ch\\\/management\\\/2016-06-28\\\/industrie-4-0-chefs-sind-aus-mitarbeitersicht-inkompetent\\\/#article\",\"isPartOf\":{\"@id\":\"https:\\\/\\\/www.organisator.ch\\\/management\\\/2016-06-28\\\/industrie-4-0-chefs-sind-aus-mitarbeitersicht-inkompetent\\\/\"},\"author\":{\"name\":\"admin\",\"@id\":\"https:\\\/\\\/www.organisator.ch\\\/#\\\/schema\\\/person\\\/aa2bace6c5c5aad60102004a50c4eb1c\"},\"headline\":\"Industrie 4.0: Chefs sind aus Mitarbeitersicht inkompetent\",\"datePublished\":\"2016-06-28T14:58:44+00:00\",\"mainEntityOfPage\":{\"@id\":\"https:\\\/\\\/www.organisator.ch\\\/management\\\/2016-06-28\\\/industrie-4-0-chefs-sind-aus-mitarbeitersicht-inkompetent\\\/\"},\"wordCount\":357,\"commentCount\":0,\"publisher\":{\"@id\":\"https:\\\/\\\/www.organisator.ch\\\/#organization\"},\"image\":{\"@id\":\"https:\\\/\\\/www.organisator.ch\\\/management\\\/2016-06-28\\\/industrie-4-0-chefs-sind-aus-mitarbeitersicht-inkompetent\\\/#primaryimage\"},\"thumbnailUrl\":\"https:\\\/\\\/www.organisator.ch\\\/wp-content\\\/uploads\\\/2016\\\/12\\\/Industrie-4.0-Chefs-sind-aus-Mitarbeitersicht-inkompetent-organisator.jpg\",\"keywords\":[\"Management\",\"Management und Unternehmensf\u00fchrung\"],\"articleSection\":[\"MANAGEMENT\"],\"inLanguage\":\"it-IT\"},{\"@type\":\"WebPage\",\"@id\":\"https:\\\/\\\/www.organisator.ch\\\/management\\\/2016-06-28\\\/industrie-4-0-chefs-sind-aus-mitarbeitersicht-inkompetent\\\/\",\"url\":\"https:\\\/\\\/www.organisator.ch\\\/management\\\/2016-06-28\\\/industrie-4-0-chefs-sind-aus-mitarbeitersicht-inkompetent\\\/\",\"name\":\"Industrie 4.0: Chefs sind aus Mitarbeitersicht inkompetent - Organisator\",\"isPartOf\":{\"@id\":\"https:\\\/\\\/www.organisator.ch\\\/#website\"},\"primaryImageOfPage\":{\"@id\":\"https:\\\/\\\/www.organisator.ch\\\/management\\\/2016-06-28\\\/industrie-4-0-chefs-sind-aus-mitarbeitersicht-inkompetent\\\/#primaryimage\"},\"image\":{\"@id\":\"https:\\\/\\\/www.organisator.ch\\\/management\\\/2016-06-28\\\/industrie-4-0-chefs-sind-aus-mitarbeitersicht-inkompetent\\\/#primaryimage\"},\"thumbnailUrl\":\"https:\\\/\\\/www.organisator.ch\\\/wp-content\\\/uploads\\\/2016\\\/12\\\/Industrie-4.0-Chefs-sind-aus-Mitarbeitersicht-inkompetent-organisator.jpg\",\"datePublished\":\"2016-06-28T14:58:44+00:00\",\"description\":\"Industrie 4.0: Schlechte Noten f\u00fcr Manager: Nur 30 bis 40 Prozent der Arbeitnehmer bezeichnen die F\u00fchrungskr\u00e4fte in ihrem Unternehmen als absolut kompetent.\",\"breadcrumb\":{\"@id\":\"https:\\\/\\\/www.organisator.ch\\\/management\\\/2016-06-28\\\/industrie-4-0-chefs-sind-aus-mitarbeitersicht-inkompetent\\\/#breadcrumb\"},\"inLanguage\":\"it-IT\",\"potentialAction\":[{\"@type\":\"ReadAction\",\"target\":[\"https:\\\/\\\/www.organisator.ch\\\/management\\\/2016-06-28\\\/industrie-4-0-chefs-sind-aus-mitarbeitersicht-inkompetent\\\/\"]}]},{\"@type\":\"ImageObject\",\"inLanguage\":\"it-IT\",\"@id\":\"https:\\\/\\\/www.organisator.ch\\\/management\\\/2016-06-28\\\/industrie-4-0-chefs-sind-aus-mitarbeitersicht-inkompetent\\\/#primaryimage\",\"url\":\"https:\\\/\\\/www.organisator.ch\\\/wp-content\\\/uploads\\\/2016\\\/12\\\/Industrie-4.0-Chefs-sind-aus-Mitarbeitersicht-inkompetent-organisator.jpg\",\"contentUrl\":\"https:\\\/\\\/www.organisator.ch\\\/wp-content\\\/uploads\\\/2016\\\/12\\\/Industrie-4.0-Chefs-sind-aus-Mitarbeitersicht-inkompetent-organisator.jpg\",\"width\":640,\"height\":429,\"caption\":\"Drehen am Rad von Industrie 4.0: Jeder dritte Mitarbeitende in Europa h\u00e4lt die Chefs diesbez\u00fcglich f\u00fcr inkompetent. (Foto: Fotolia.com)\"},{\"@type\":\"BreadcrumbList\",\"@id\":\"https:\\\/\\\/www.organisator.ch\\\/management\\\/2016-06-28\\\/industrie-4-0-chefs-sind-aus-mitarbeitersicht-inkompetent\\\/#breadcrumb\",\"itemListElement\":[{\"@type\":\"ListItem\",\"position\":1,\"name\":\"Home\",\"item\":\"https:\\\/\\\/www.organisator.ch\\\/\"},{\"@type\":\"ListItem\",\"position\":2,\"name\":\"Industrie 4.0: Chefs sind aus Mitarbeitersicht inkompetent\"}]},{\"@type\":\"WebSite\",\"@id\":\"https:\\\/\\\/www.organisator.ch\\\/#website\",\"url\":\"https:\\\/\\\/www.organisator.ch\\\/\",\"name\":\"Organisator\",\"description\":\"Kompetent. Praxisnah. Der ORGANISATOR bereitet in 10 Ausgaben pro Jahr die wesentlichen Themen f\u00fcr F\u00fchrungskr\u00e4fte von KMU auf.\",\"publisher\":{\"@id\":\"https:\\\/\\\/www.organisator.ch\\\/#organization\"},\"potentialAction\":[{\"@type\":\"SearchAction\",\"target\":{\"@type\":\"EntryPoint\",\"urlTemplate\":\"https:\\\/\\\/www.organisator.ch\\\/?s={search_term_string}\"},\"query-input\":{\"@type\":\"PropertyValueSpecification\",\"valueRequired\":true,\"valueName\":\"search_term_string\"}}],\"inLanguage\":\"it-IT\"},{\"@type\":\"Organization\",\"@id\":\"https:\\\/\\\/www.organisator.ch\\\/#organization\",\"name\":\"Organisator\",\"url\":\"https:\\\/\\\/www.organisator.ch\\\/\",\"logo\":{\"@type\":\"ImageObject\",\"inLanguage\":\"it-IT\",\"@id\":\"https:\\\/\\\/www.organisator.ch\\\/#\\\/schema\\\/logo\\\/image\\\/\",\"url\":\"https:\\\/\\\/www.organisator.ch\\\/wp-content\\\/uploads\\\/2022\\\/01\\\/Logo_Organisator_Website.png\",\"contentUrl\":\"https:\\\/\\\/www.organisator.ch\\\/wp-content\\\/uploads\\\/2022\\\/01\\\/Logo_Organisator_Website.png\",\"width\":800,\"height\":77,\"caption\":\"Organisator\"},\"image\":{\"@id\":\"https:\\\/\\\/www.organisator.ch\\\/#\\\/schema\\\/logo\\\/image\\\/\"},\"sameAs\":[\"https:\\\/\\\/www.facebook.com\\\/OrganisatorFachmagazin\",\"https:\\\/\\\/www.linkedin.com\\\/showcase\\\/organisator-das-magazin-fr-kmu\",\"https:\\\/\\\/www.xing.com\\\/news\\\/pages\\\/organisator-ch-695\",\"https:\\\/\\\/www.youtube.com\\\/channel\\\/UCGP2Sq0iWaZwT3BdIAQFYpw\"]},{\"@type\":\"Person\",\"@id\":\"https:\\\/\\\/www.organisator.ch\\\/#\\\/schema\\\/person\\\/aa2bace6c5c5aad60102004a50c4eb1c\",\"name\":\"admin\",\"image\":{\"@type\":\"ImageObject\",\"inLanguage\":\"it-IT\",\"@id\":\"https:\\\/\\\/secure.gravatar.com\\\/avatar\\\/ae2f4d718e6c49043e314ce431e7e645d646302a24a5ef5a8bc8e3f5a032e319?s=96&d=mm&r=g\",\"url\":\"https:\\\/\\\/secure.gravatar.com\\\/avatar\\\/ae2f4d718e6c49043e314ce431e7e645d646302a24a5ef5a8bc8e3f5a032e319?s=96&d=mm&r=g\",\"contentUrl\":\"https:\\\/\\\/secure.gravatar.com\\\/avatar\\\/ae2f4d718e6c49043e314ce431e7e645d646302a24a5ef5a8bc8e3f5a032e319?s=96&d=mm&r=g\",\"caption\":\"admin\"},\"sameAs\":[\"https:\\\/\\\/www.organisator.ch\"],\"url\":\"https:\\\/\\\/www.organisator.ch\\\/it\\\/author\\\/admin\\\/\"}]}<\/script>\n<!-- \/ Yoast SEO plugin. -->","yoast_head_json":{"title":"Industria 4.0: i capi sono incompetenti dal punto di vista del dipendente - Organizzatore","description":"Industria 4.0: voti bassi per i manager: solo il 30-40% dei dipendenti descrive i manager della propria azienda come assolutamente competenti.","robots":{"index":"index","follow":"follow","max-snippet":"max-snippet:-1","max-image-preview":"max-image-preview:large","max-video-preview":"max-video-preview:-1"},"canonical":"https:\/\/www.organisator.ch\/it\/gestione-2\/2016-06-28\/industrie-4-0-chefs-sind-aus-mitarbeitersicht-inkompetent\/","og_locale":"it_IT","og_type":"article","og_title":"Industrie 4.0: Chefs sind aus Mitarbeitersicht inkompetent","og_description":"Schlechte Noten f\u00fcr Europas Manager: Nur 30 bis 40 Prozent der Arbeitnehmer bezeichnen die F\u00fchrungskr\u00e4fte in ihrem Unternehmen als absolut kompetent in Sachen \u201eIndustrie 4.0\u201c. Und h\u00f6chstens jeder Zweite traut den Chefs zu, Firma und Mitarbeiter erfolgreich in die Arbeitswelt von morgen zu f\u00fchren. Das sind Ergebnisse der internationalen Studie \"Arbeitswelt der Zukunft\" der Unternehmensberatung ROC. Daf\u00fcr wurden mehr als 2.500 Arbeitnehmer in Deutschland, Gro\u00dfbritannien, \u00d6sterreich und der Schweiz befragt.","og_url":"https:\/\/www.organisator.ch\/it\/gestione-2\/2016-06-28\/industrie-4-0-chefs-sind-aus-mitarbeitersicht-inkompetent\/","og_site_name":"Organisator","article_publisher":"https:\/\/www.facebook.com\/OrganisatorFachmagazin","article_published_time":"2016-06-28T14:58:44+00:00","author":"admin","twitter_card":"summary_large_image","twitter_image":"https:\/\/www.organisator.ch\/wp-content\/uploads\/2016\/12\/Industrie-4.0-Chefs-sind-aus-Mitarbeitersicht-inkompetent-organisator.jpg","schema":{"@context":"https:\/\/schema.org","@graph":[{"@type":"Article","@id":"https:\/\/www.organisator.ch\/management\/2016-06-28\/industrie-4-0-chefs-sind-aus-mitarbeitersicht-inkompetent\/#article","isPartOf":{"@id":"https:\/\/www.organisator.ch\/management\/2016-06-28\/industrie-4-0-chefs-sind-aus-mitarbeitersicht-inkompetent\/"},"author":{"name":"admin","@id":"https:\/\/www.organisator.ch\/#\/schema\/person\/aa2bace6c5c5aad60102004a50c4eb1c"},"headline":"Industrie 4.0: Chefs sind aus Mitarbeitersicht inkompetent","datePublished":"2016-06-28T14:58:44+00:00","mainEntityOfPage":{"@id":"https:\/\/www.organisator.ch\/management\/2016-06-28\/industrie-4-0-chefs-sind-aus-mitarbeitersicht-inkompetent\/"},"wordCount":357,"commentCount":0,"publisher":{"@id":"https:\/\/www.organisator.ch\/#organization"},"image":{"@id":"https:\/\/www.organisator.ch\/management\/2016-06-28\/industrie-4-0-chefs-sind-aus-mitarbeitersicht-inkompetent\/#primaryimage"},"thumbnailUrl":"https:\/\/www.organisator.ch\/wp-content\/uploads\/2016\/12\/Industrie-4.0-Chefs-sind-aus-Mitarbeitersicht-inkompetent-organisator.jpg","keywords":["Management","Management und Unternehmensf\u00fchrung"],"articleSection":["MANAGEMENT"],"inLanguage":"it-IT"},{"@type":"WebPage","@id":"https:\/\/www.organisator.ch\/management\/2016-06-28\/industrie-4-0-chefs-sind-aus-mitarbeitersicht-inkompetent\/","url":"https:\/\/www.organisator.ch\/management\/2016-06-28\/industrie-4-0-chefs-sind-aus-mitarbeitersicht-inkompetent\/","name":"Industria 4.0: i capi sono incompetenti dal punto di vista del dipendente - Organizzatore","isPartOf":{"@id":"https:\/\/www.organisator.ch\/#website"},"primaryImageOfPage":{"@id":"https:\/\/www.organisator.ch\/management\/2016-06-28\/industrie-4-0-chefs-sind-aus-mitarbeitersicht-inkompetent\/#primaryimage"},"image":{"@id":"https:\/\/www.organisator.ch\/management\/2016-06-28\/industrie-4-0-chefs-sind-aus-mitarbeitersicht-inkompetent\/#primaryimage"},"thumbnailUrl":"https:\/\/www.organisator.ch\/wp-content\/uploads\/2016\/12\/Industrie-4.0-Chefs-sind-aus-Mitarbeitersicht-inkompetent-organisator.jpg","datePublished":"2016-06-28T14:58:44+00:00","description":"Industria 4.0: voti bassi per i manager: solo il 30-40% dei dipendenti descrive i manager della propria azienda come assolutamente competenti.","breadcrumb":{"@id":"https:\/\/www.organisator.ch\/management\/2016-06-28\/industrie-4-0-chefs-sind-aus-mitarbeitersicht-inkompetent\/#breadcrumb"},"inLanguage":"it-IT","potentialAction":[{"@type":"ReadAction","target":["https:\/\/www.organisator.ch\/management\/2016-06-28\/industrie-4-0-chefs-sind-aus-mitarbeitersicht-inkompetent\/"]}]},{"@type":"ImageObject","inLanguage":"it-IT","@id":"https:\/\/www.organisator.ch\/management\/2016-06-28\/industrie-4-0-chefs-sind-aus-mitarbeitersicht-inkompetent\/#primaryimage","url":"https:\/\/www.organisator.ch\/wp-content\/uploads\/2016\/12\/Industrie-4.0-Chefs-sind-aus-Mitarbeitersicht-inkompetent-organisator.jpg","contentUrl":"https:\/\/www.organisator.ch\/wp-content\/uploads\/2016\/12\/Industrie-4.0-Chefs-sind-aus-Mitarbeitersicht-inkompetent-organisator.jpg","width":640,"height":429,"caption":"Drehen am Rad von Industrie 4.0: Jeder dritte Mitarbeitende in Europa h\u00e4lt die Chefs diesbez\u00fcglich f\u00fcr inkompetent. (Foto: Fotolia.com)"},{"@type":"BreadcrumbList","@id":"https:\/\/www.organisator.ch\/management\/2016-06-28\/industrie-4-0-chefs-sind-aus-mitarbeitersicht-inkompetent\/#breadcrumb","itemListElement":[{"@type":"ListItem","position":1,"name":"Home","item":"https:\/\/www.organisator.ch\/"},{"@type":"ListItem","position":2,"name":"Industrie 4.0: Chefs sind aus Mitarbeitersicht inkompetent"}]},{"@type":"WebSite","@id":"https:\/\/www.organisator.ch\/#website","url":"https:\/\/www.organisator.ch\/","name":"Organizzatore","description":"Competente. Pratico. In 10 numeri all'anno, ORGANISATOR presenta i temi essenziali per i manager delle PMI.","publisher":{"@id":"https:\/\/www.organisator.ch\/#organization"},"potentialAction":[{"@type":"SearchAction","target":{"@type":"EntryPoint","urlTemplate":"https:\/\/www.organisator.ch\/?s={search_term_string}"},"query-input":{"@type":"PropertyValueSpecification","valueRequired":true,"valueName":"search_term_string"}}],"inLanguage":"it-IT"},{"@type":"Organization","@id":"https:\/\/www.organisator.ch\/#organization","name":"Organizzatore","url":"https:\/\/www.organisator.ch\/","logo":{"@type":"ImageObject","inLanguage":"it-IT","@id":"https:\/\/www.organisator.ch\/#\/schema\/logo\/image\/","url":"https:\/\/www.organisator.ch\/wp-content\/uploads\/2022\/01\/Logo_Organisator_Website.png","contentUrl":"https:\/\/www.organisator.ch\/wp-content\/uploads\/2022\/01\/Logo_Organisator_Website.png","width":800,"height":77,"caption":"Organisator"},"image":{"@id":"https:\/\/www.organisator.ch\/#\/schema\/logo\/image\/"},"sameAs":["https:\/\/www.facebook.com\/OrganisatorFachmagazin","https:\/\/www.linkedin.com\/showcase\/organisator-das-magazin-fr-kmu","https:\/\/www.xing.com\/news\/pages\/organisator-ch-695","https:\/\/www.youtube.com\/channel\/UCGP2Sq0iWaZwT3BdIAQFYpw"]},{"@type":"Person","@id":"https:\/\/www.organisator.ch\/#\/schema\/person\/aa2bace6c5c5aad60102004a50c4eb1c","name":"amministratore","image":{"@type":"ImageObject","inLanguage":"it-IT","@id":"https:\/\/secure.gravatar.com\/avatar\/ae2f4d718e6c49043e314ce431e7e645d646302a24a5ef5a8bc8e3f5a032e319?s=96&d=mm&r=g","url":"https:\/\/secure.gravatar.com\/avatar\/ae2f4d718e6c49043e314ce431e7e645d646302a24a5ef5a8bc8e3f5a032e319?s=96&d=mm&r=g","contentUrl":"https:\/\/secure.gravatar.com\/avatar\/ae2f4d718e6c49043e314ce431e7e645d646302a24a5ef5a8bc8e3f5a032e319?s=96&d=mm&r=g","caption":"admin"},"sameAs":["https:\/\/www.organisator.ch"],"url":"https:\/\/www.organisator.ch\/it\/author\/admin\/"}]}},"_links":{"self":[{"href":"https:\/\/www.organisator.ch\/it\/wp-json\/wp\/v2\/posts\/803","targetHints":{"allow":["GET"]}}],"collection":[{"href":"https:\/\/www.organisator.ch\/it\/wp-json\/wp\/v2\/posts"}],"about":[{"href":"https:\/\/www.organisator.ch\/it\/wp-json\/wp\/v2\/types\/post"}],"author":[{"embeddable":true,"href":"https:\/\/www.organisator.ch\/it\/wp-json\/wp\/v2\/users\/1"}],"replies":[{"embeddable":true,"href":"https:\/\/www.organisator.ch\/it\/wp-json\/wp\/v2\/comments?post=803"}],"version-history":[{"count":0,"href":"https:\/\/www.organisator.ch\/it\/wp-json\/wp\/v2\/posts\/803\/revisions"}],"wp:featuredmedia":[{"embeddable":true,"href":"https:\/\/www.organisator.ch\/it\/wp-json\/wp\/v2\/media\/804"}],"wp:attachment":[{"href":"https:\/\/www.organisator.ch\/it\/wp-json\/wp\/v2\/media?parent=803"}],"wp:term":[{"taxonomy":"category","embeddable":true,"href":"https:\/\/www.organisator.ch\/it\/wp-json\/wp\/v2\/categories?post=803"},{"taxonomy":"post_tag","embeddable":true,"href":"https:\/\/www.organisator.ch\/it\/wp-json\/wp\/v2\/tags?post=803"}],"curies":[{"name":"wp","href":"https:\/\/api.w.org\/{rel}","templated":true}]}}