{"id":8042,"date":"2021-05-20T07:57:31","date_gmt":"2021-05-20T05:57:31","guid":{"rendered":"https:\/\/www.organisator.ch\/?p=8042"},"modified":"2021-05-20T07:57:31","modified_gmt":"2021-05-20T05:57:31","slug":"roger-harlacher-neu-im-verwaltungsrat-der-valiant-bank","status":"publish","type":"post","link":"https:\/\/www.organisator.ch\/it\/management\/2021-05-20\/roger-harlacher-neu-im-verwaltungsrat-der-valiant-bank\/","title":{"rendered":"Roger Harlacher nuovo membro del consiglio di amministrazione della Valiant Bank"},"content":{"rendered":"<figure id=\"attachment_8043\" aria-describedby=\"caption-attachment-8043\" style=\"width: 680px\" class=\"wp-caption alignnone\"><img loading=\"lazy\" decoding=\"async\" class=\"size-medium wp-image-8043\" src=\"https:\/\/www.organisator.ch\/wp-content\/uploads\/2021\/05\/Roger-Harlacher-neu-im-Verwaltungsrat-der-Valiant-Bank_Organisator.jpg\" alt=\"\" width=\"680\" height=\"490\" srcset=\"https:\/\/www.organisator.ch\/wp-content\/uploads\/2021\/05\/Roger-Harlacher-neu-im-Verwaltungsrat-der-Valiant-Bank_Organisator.jpg 680w, https:\/\/www.organisator.ch\/wp-content\/uploads\/2021\/05\/Roger-Harlacher-neu-im-Verwaltungsrat-der-Valiant-Bank_Organisator-16x12.jpg 16w, https:\/\/www.organisator.ch\/wp-content\/uploads\/2021\/05\/Roger-Harlacher-neu-im-Verwaltungsrat-der-Valiant-Bank_Organisator-243x175.jpg 243w, https:\/\/www.organisator.ch\/wp-content\/uploads\/2021\/05\/Roger-Harlacher-neu-im-Verwaltungsrat-der-Valiant-Bank_Organisator-486x350.jpg 486w, https:\/\/www.organisator.ch\/wp-content\/uploads\/2021\/05\/Roger-Harlacher-neu-im-Verwaltungsrat-der-Valiant-Bank_Organisator-300x216.jpg 300w\" sizes=\"auto, (max-width: 680px) 100vw, 680px\" \/><figcaption id=\"caption-attachment-8043\" class=\"wp-caption-text\">Roger Harlacher \u00e8 stato eletto nel consiglio di amministrazione alla 24a assemblea generale annuale della Valiant Holding AG. (Foto: Archivio \/ Linda Pollari)<\/figcaption><\/figure>\n<p>All'assemblea generale annuale di Valiant Holding AG, gli azionisti hanno votato a favore di un dividendo stabile. Rimane invariato a 5 franchi per azione. Il payout ratio \u00e8 del 65% e si trova all'interno della gamma target del 50-70% stabilita dal Consiglio di Amministrazione. Un totale di 78,9 milioni di franchi sar\u00e0 pagato agli azionisti. Valiant ha una forte base di capitale. Supera chiaramente i requisiti della FINMA in materia di capitale proprio.<\/p>\n<h2>Cambiamento nel consiglio di amministrazione: Roger Harlacher nuovo membro<\/h2>\n<p>Franziska von Weissenfluh, membro del Consiglio di amministrazione dal 2011, non si \u00e8 ricandidata all'Assemblea generale. Il consiglio di amministrazione la ringrazia per i suoi molti anni di prezioso servizio alla societ\u00e0. Franziska von Weissenfluh ha dato un grande contributo all'ulteriore sviluppo di successo di Valiant.<\/p>\n<p>L'Assemblea Generale ha eletto Roger Harlacher come nuovo Consiglio di Amministrazione. Ha molta esperienza nella gestione aziendale. Il 55enne economista aziendale ha lavorato per la Zweifel Pomy-Chips AG per 25 anni, dal 2015 fino a giugno 2020 come CEO, e da allora come membro del consiglio di amministrazione. Roger Harlacher \u00e8 anche impegnato in diversi comitati del settore della comunicazione e della pubblicit\u00e0, ad esempio come presidente dell'Associazione svizzera degli imprenditori pubblicitari, nonch\u00e9 nei consigli di amministrazione di PMI.<\/p>\n<h2>Solidariet\u00e0 con Valiant<\/h2>\n<p>A causa della pandemia di Corona, la 24a assemblea generale annuale \u00e8 stata trasmessa su internet e si \u00e8 svolta senza la partecipazione fisica degli azionisti. Il 51,8% dei voti \u00e8 stato esercitato dal delegato indipendente. L'alta percentuale illustra la solidariet\u00e0 degli azionisti con Valiant, secondo il comunicato stampa.<\/p>\n<p><em>Fonte e ulteriori informazioni: <a href=\"http:\/\/www.valiant.ch\">Banca Valiant<\/a><\/em><\/p>","protected":false},"excerpt":{"rendered":"<p>Die Aktion\u00e4rinnen und Aktion\u00e4re haben sich an der Generalversammlung der Valiant Holding AG f\u00fcr eine stabile Dividende ausgesprochen. Sie bleibt unver\u00e4ndert bei 5 Franken pro Aktie. Die Aussch\u00fcttungsquote betr\u00e4gt 65 Prozent und liegt im vom Verwaltungsrat vorgegebenen Zielband von 50 bis 70 Prozent. Insgesamt werden 78,9 Mio. Franken an die Aktion\u00e4re ausbezahlt. Valiant verf\u00fcgt \u00fcber [&hellip;]<\/p>\n","protected":false},"author":4,"featured_media":8043,"comment_status":"closed","ping_status":"closed","sticky":false,"template":"","format":"standard","meta":{"_acf_changed":false,"_yoast_wpseo_focuskw":"Roger Harlacher","_yoast_wpseo_metadesc":"Roger Harlacher wurde an der ordentlichen Generalversammlung der Valiant Holding AG als neues Mitglied des Verwaltungsrates gew\u00e4hlt.","articlekey":"","footnotes":""},"categories":[28],"tags":[335,381,513],"class_list":["post-8042","post","type-post","status-publish","format-standard","has-post-thumbnail","hentry","category-management","tag-management-und-unternehmensfuehrung","tag-personalia","tag-verwaltungsraete"],"acf":[],"yoast_head":"<!-- This site is optimized with the Yoast SEO plugin v27.5 - https:\/\/yoast.com\/product\/yoast-seo-wordpress\/ -->\n<title>Roger Harlacher neu im Verwaltungsrat der Valiant Bank - Organisator<\/title>\n<meta name=\"description\" content=\"Roger Harlacher wurde an der ordentlichen Generalversammlung der Valiant Holding AG als neues Mitglied des Verwaltungsrates gew\u00e4hlt.\" \/>\n<meta name=\"robots\" content=\"index, follow, max-snippet:-1, max-image-preview:large, max-video-preview:-1\" \/>\n<link rel=\"canonical\" href=\"https:\/\/www.organisator.ch\/it\/gestione-2\/2021-05-20\/roger-harlacher-neu-im-verwaltungsrat-der-valiant-bank\/\" \/>\n<meta property=\"og:locale\" content=\"it_IT\" \/>\n<meta property=\"og:type\" content=\"article\" \/>\n<meta property=\"og:title\" content=\"Roger Harlacher neu im Verwaltungsrat der Valiant Bank\" \/>\n<meta property=\"og:description\" content=\"Roger Harlacher wurde an der ordentlichen Generalversammlung der Valiant Holding AG als neues Mitglied des Verwaltungsrates gew\u00e4hlt.\" \/>\n<meta property=\"og:url\" content=\"https:\/\/www.organisator.ch\/it\/gestione-2\/2021-05-20\/roger-harlacher-neu-im-verwaltungsrat-der-valiant-bank\/\" \/>\n<meta property=\"og:site_name\" content=\"Organisator\" \/>\n<meta property=\"article:publisher\" content=\"https:\/\/www.facebook.com\/OrganisatorFachmagazin\" \/>\n<meta property=\"article:published_time\" content=\"2021-05-20T05:57:31+00:00\" \/>\n<meta property=\"og:image\" content=\"https:\/\/www.organisator.ch\/wp-content\/uploads\/2021\/05\/Roger-Harlacher-neu-im-Verwaltungsrat-der-Valiant-Bank_Organisator.jpg\" \/>\n\t<meta property=\"og:image:width\" content=\"680\" \/>\n\t<meta property=\"og:image:height\" content=\"490\" \/>\n\t<meta property=\"og:image:type\" content=\"image\/jpeg\" \/>\n<meta name=\"author\" content=\"thomas.berner\" \/>\n<meta name=\"twitter:card\" content=\"summary_large_image\" \/>\n<meta name=\"twitter:title\" content=\"Roger #Harlacher neu im Verwaltungsrat der #Valiant Bank\" \/>\n<meta name=\"twitter:description\" content=\"Roger #Harlacher wurde an der ordentlichen Generalversammlung der #Valiant Holding AG als neues Mitglied des Verwaltungsrates gew\u00e4hlt.\" \/>\n<meta name=\"twitter:image\" content=\"https:\/\/www.organisator.ch\/wp-content\/uploads\/2021\/05\/Roger-Harlacher-neu-im-Verwaltungsrat-der-Valiant-Bank_Organisator.jpg\" \/>\n<script type=\"application\/ld+json\" class=\"yoast-schema-graph\">{\"@context\":\"https:\\\/\\\/schema.org\",\"@graph\":[{\"@type\":\"Article\",\"@id\":\"https:\\\/\\\/www.organisator.ch\\\/management\\\/2021-05-20\\\/roger-harlacher-neu-im-verwaltungsrat-der-valiant-bank\\\/#article\",\"isPartOf\":{\"@id\":\"https:\\\/\\\/www.organisator.ch\\\/management\\\/2021-05-20\\\/roger-harlacher-neu-im-verwaltungsrat-der-valiant-bank\\\/\"},\"author\":{\"name\":\"thomas.berner\",\"@id\":\"https:\\\/\\\/www.organisator.ch\\\/#\\\/schema\\\/person\\\/6f650f90b2842cd4c0cc334b4e36f67e\"},\"headline\":\"Roger Harlacher neu im Verwaltungsrat der Valiant Bank\",\"datePublished\":\"2021-05-20T05:57:31+00:00\",\"mainEntityOfPage\":{\"@id\":\"https:\\\/\\\/www.organisator.ch\\\/management\\\/2021-05-20\\\/roger-harlacher-neu-im-verwaltungsrat-der-valiant-bank\\\/\"},\"wordCount\":289,\"publisher\":{\"@id\":\"https:\\\/\\\/www.organisator.ch\\\/#organization\"},\"image\":{\"@id\":\"https:\\\/\\\/www.organisator.ch\\\/management\\\/2021-05-20\\\/roger-harlacher-neu-im-verwaltungsrat-der-valiant-bank\\\/#primaryimage\"},\"thumbnailUrl\":\"https:\\\/\\\/www.organisator.ch\\\/wp-content\\\/uploads\\\/2021\\\/05\\\/Roger-Harlacher-neu-im-Verwaltungsrat-der-Valiant-Bank_Organisator.jpg\",\"keywords\":[\"Management und Unternehmensf\u00fchrung\",\"Personalia\",\"Verwaltungsr\u00e4te\"],\"articleSection\":[\"MANAGEMENT\"],\"inLanguage\":\"it-IT\"},{\"@type\":\"WebPage\",\"@id\":\"https:\\\/\\\/www.organisator.ch\\\/management\\\/2021-05-20\\\/roger-harlacher-neu-im-verwaltungsrat-der-valiant-bank\\\/\",\"url\":\"https:\\\/\\\/www.organisator.ch\\\/management\\\/2021-05-20\\\/roger-harlacher-neu-im-verwaltungsrat-der-valiant-bank\\\/\",\"name\":\"Roger Harlacher neu im Verwaltungsrat der Valiant Bank - Organisator\",\"isPartOf\":{\"@id\":\"https:\\\/\\\/www.organisator.ch\\\/#website\"},\"primaryImageOfPage\":{\"@id\":\"https:\\\/\\\/www.organisator.ch\\\/management\\\/2021-05-20\\\/roger-harlacher-neu-im-verwaltungsrat-der-valiant-bank\\\/#primaryimage\"},\"image\":{\"@id\":\"https:\\\/\\\/www.organisator.ch\\\/management\\\/2021-05-20\\\/roger-harlacher-neu-im-verwaltungsrat-der-valiant-bank\\\/#primaryimage\"},\"thumbnailUrl\":\"https:\\\/\\\/www.organisator.ch\\\/wp-content\\\/uploads\\\/2021\\\/05\\\/Roger-Harlacher-neu-im-Verwaltungsrat-der-Valiant-Bank_Organisator.jpg\",\"datePublished\":\"2021-05-20T05:57:31+00:00\",\"description\":\"Roger Harlacher wurde an der ordentlichen Generalversammlung der Valiant Holding AG als neues Mitglied des Verwaltungsrates gew\u00e4hlt.\",\"breadcrumb\":{\"@id\":\"https:\\\/\\\/www.organisator.ch\\\/management\\\/2021-05-20\\\/roger-harlacher-neu-im-verwaltungsrat-der-valiant-bank\\\/#breadcrumb\"},\"inLanguage\":\"it-IT\",\"potentialAction\":[{\"@type\":\"ReadAction\",\"target\":[\"https:\\\/\\\/www.organisator.ch\\\/management\\\/2021-05-20\\\/roger-harlacher-neu-im-verwaltungsrat-der-valiant-bank\\\/\"]}]},{\"@type\":\"ImageObject\",\"inLanguage\":\"it-IT\",\"@id\":\"https:\\\/\\\/www.organisator.ch\\\/management\\\/2021-05-20\\\/roger-harlacher-neu-im-verwaltungsrat-der-valiant-bank\\\/#primaryimage\",\"url\":\"https:\\\/\\\/www.organisator.ch\\\/wp-content\\\/uploads\\\/2021\\\/05\\\/Roger-Harlacher-neu-im-Verwaltungsrat-der-Valiant-Bank_Organisator.jpg\",\"contentUrl\":\"https:\\\/\\\/www.organisator.ch\\\/wp-content\\\/uploads\\\/2021\\\/05\\\/Roger-Harlacher-neu-im-Verwaltungsrat-der-Valiant-Bank_Organisator.jpg\",\"width\":680,\"height\":490,\"caption\":\"An der 24. Generalversammlung der Valiant Holding AG wurde Roger Harlacher in den Verwaltungsrat gew\u00e4hlt. (Bild: Archiv \\\/ Linda Pollari)\"},{\"@type\":\"BreadcrumbList\",\"@id\":\"https:\\\/\\\/www.organisator.ch\\\/management\\\/2021-05-20\\\/roger-harlacher-neu-im-verwaltungsrat-der-valiant-bank\\\/#breadcrumb\",\"itemListElement\":[{\"@type\":\"ListItem\",\"position\":1,\"name\":\"Home\",\"item\":\"https:\\\/\\\/www.organisator.ch\\\/\"},{\"@type\":\"ListItem\",\"position\":2,\"name\":\"Roger Harlacher neu im Verwaltungsrat der Valiant Bank\"}]},{\"@type\":\"WebSite\",\"@id\":\"https:\\\/\\\/www.organisator.ch\\\/#website\",\"url\":\"https:\\\/\\\/www.organisator.ch\\\/\",\"name\":\"Organisator\",\"description\":\"Kompetent. Praxisnah. Der ORGANISATOR bereitet in 10 Ausgaben pro Jahr die wesentlichen Themen f\u00fcr F\u00fchrungskr\u00e4fte von KMU auf.\",\"publisher\":{\"@id\":\"https:\\\/\\\/www.organisator.ch\\\/#organization\"},\"potentialAction\":[{\"@type\":\"SearchAction\",\"target\":{\"@type\":\"EntryPoint\",\"urlTemplate\":\"https:\\\/\\\/www.organisator.ch\\\/?s={search_term_string}\"},\"query-input\":{\"@type\":\"PropertyValueSpecification\",\"valueRequired\":true,\"valueName\":\"search_term_string\"}}],\"inLanguage\":\"it-IT\"},{\"@type\":\"Organization\",\"@id\":\"https:\\\/\\\/www.organisator.ch\\\/#organization\",\"name\":\"Organisator\",\"url\":\"https:\\\/\\\/www.organisator.ch\\\/\",\"logo\":{\"@type\":\"ImageObject\",\"inLanguage\":\"it-IT\",\"@id\":\"https:\\\/\\\/www.organisator.ch\\\/#\\\/schema\\\/logo\\\/image\\\/\",\"url\":\"https:\\\/\\\/www.organisator.ch\\\/wp-content\\\/uploads\\\/2022\\\/01\\\/Logo_Organisator_Website.png\",\"contentUrl\":\"https:\\\/\\\/www.organisator.ch\\\/wp-content\\\/uploads\\\/2022\\\/01\\\/Logo_Organisator_Website.png\",\"width\":800,\"height\":77,\"caption\":\"Organisator\"},\"image\":{\"@id\":\"https:\\\/\\\/www.organisator.ch\\\/#\\\/schema\\\/logo\\\/image\\\/\"},\"sameAs\":[\"https:\\\/\\\/www.facebook.com\\\/OrganisatorFachmagazin\",\"https:\\\/\\\/www.linkedin.com\\\/showcase\\\/organisator-das-magazin-fr-kmu\",\"https:\\\/\\\/www.xing.com\\\/news\\\/pages\\\/organisator-ch-695\",\"https:\\\/\\\/www.youtube.com\\\/channel\\\/UCGP2Sq0iWaZwT3BdIAQFYpw\"]},{\"@type\":\"Person\",\"@id\":\"https:\\\/\\\/www.organisator.ch\\\/#\\\/schema\\\/person\\\/6f650f90b2842cd4c0cc334b4e36f67e\",\"name\":\"thomas.berner\",\"image\":{\"@type\":\"ImageObject\",\"inLanguage\":\"it-IT\",\"@id\":\"https:\\\/\\\/secure.gravatar.com\\\/avatar\\\/ac5001d2a36cb6c6cd3e50789007ffca834b477b74a2144564522e944eabff61?s=96&d=mm&r=g\",\"url\":\"https:\\\/\\\/secure.gravatar.com\\\/avatar\\\/ac5001d2a36cb6c6cd3e50789007ffca834b477b74a2144564522e944eabff61?s=96&d=mm&r=g\",\"contentUrl\":\"https:\\\/\\\/secure.gravatar.com\\\/avatar\\\/ac5001d2a36cb6c6cd3e50789007ffca834b477b74a2144564522e944eabff61?s=96&d=mm&r=g\",\"caption\":\"thomas.berner\"},\"url\":\"https:\\\/\\\/www.organisator.ch\\\/it\\\/author\\\/thomas-berner\\\/\"}]}<\/script>\n<!-- \/ Yoast SEO plugin. -->","yoast_head_json":{"title":"Roger Harlacher nuovo nel Consiglio di amministrazione di Valiant Bank - Organizzatore","description":"Roger Harlacher \u00e8 stato eletto nuovo membro del Consiglio di Amministrazione in occasione dell'Assemblea generale di Valiant Holding AG.","robots":{"index":"index","follow":"follow","max-snippet":"max-snippet:-1","max-image-preview":"max-image-preview:large","max-video-preview":"max-video-preview:-1"},"canonical":"https:\/\/www.organisator.ch\/it\/gestione-2\/2021-05-20\/roger-harlacher-neu-im-verwaltungsrat-der-valiant-bank\/","og_locale":"it_IT","og_type":"article","og_title":"Roger Harlacher neu im Verwaltungsrat der Valiant Bank","og_description":"Roger Harlacher wurde an der ordentlichen Generalversammlung der Valiant Holding AG als neues Mitglied des Verwaltungsrates gew\u00e4hlt.","og_url":"https:\/\/www.organisator.ch\/it\/gestione-2\/2021-05-20\/roger-harlacher-neu-im-verwaltungsrat-der-valiant-bank\/","og_site_name":"Organisator","article_publisher":"https:\/\/www.facebook.com\/OrganisatorFachmagazin","article_published_time":"2021-05-20T05:57:31+00:00","og_image":[{"width":680,"height":490,"url":"https:\/\/www.organisator.ch\/wp-content\/uploads\/2021\/05\/Roger-Harlacher-neu-im-Verwaltungsrat-der-Valiant-Bank_Organisator.jpg","type":"image\/jpeg"}],"author":"thomas.berner","twitter_card":"summary_large_image","twitter_title":"Roger #Harlacher neu im Verwaltungsrat der #Valiant Bank","twitter_description":"Roger #Harlacher wurde an der ordentlichen Generalversammlung der #Valiant Holding AG als neues Mitglied des Verwaltungsrates gew\u00e4hlt.","twitter_image":"https:\/\/www.organisator.ch\/wp-content\/uploads\/2021\/05\/Roger-Harlacher-neu-im-Verwaltungsrat-der-Valiant-Bank_Organisator.jpg","schema":{"@context":"https:\/\/schema.org","@graph":[{"@type":"Article","@id":"https:\/\/www.organisator.ch\/management\/2021-05-20\/roger-harlacher-neu-im-verwaltungsrat-der-valiant-bank\/#article","isPartOf":{"@id":"https:\/\/www.organisator.ch\/management\/2021-05-20\/roger-harlacher-neu-im-verwaltungsrat-der-valiant-bank\/"},"author":{"name":"thomas.berner","@id":"https:\/\/www.organisator.ch\/#\/schema\/person\/6f650f90b2842cd4c0cc334b4e36f67e"},"headline":"Roger Harlacher neu im Verwaltungsrat der Valiant Bank","datePublished":"2021-05-20T05:57:31+00:00","mainEntityOfPage":{"@id":"https:\/\/www.organisator.ch\/management\/2021-05-20\/roger-harlacher-neu-im-verwaltungsrat-der-valiant-bank\/"},"wordCount":289,"publisher":{"@id":"https:\/\/www.organisator.ch\/#organization"},"image":{"@id":"https:\/\/www.organisator.ch\/management\/2021-05-20\/roger-harlacher-neu-im-verwaltungsrat-der-valiant-bank\/#primaryimage"},"thumbnailUrl":"https:\/\/www.organisator.ch\/wp-content\/uploads\/2021\/05\/Roger-Harlacher-neu-im-Verwaltungsrat-der-Valiant-Bank_Organisator.jpg","keywords":["Management und Unternehmensf\u00fchrung","Personalia","Verwaltungsr\u00e4te"],"articleSection":["MANAGEMENT"],"inLanguage":"it-IT"},{"@type":"WebPage","@id":"https:\/\/www.organisator.ch\/management\/2021-05-20\/roger-harlacher-neu-im-verwaltungsrat-der-valiant-bank\/","url":"https:\/\/www.organisator.ch\/management\/2021-05-20\/roger-harlacher-neu-im-verwaltungsrat-der-valiant-bank\/","name":"Roger Harlacher nuovo nel Consiglio di amministrazione di Valiant Bank - Organizzatore","isPartOf":{"@id":"https:\/\/www.organisator.ch\/#website"},"primaryImageOfPage":{"@id":"https:\/\/www.organisator.ch\/management\/2021-05-20\/roger-harlacher-neu-im-verwaltungsrat-der-valiant-bank\/#primaryimage"},"image":{"@id":"https:\/\/www.organisator.ch\/management\/2021-05-20\/roger-harlacher-neu-im-verwaltungsrat-der-valiant-bank\/#primaryimage"},"thumbnailUrl":"https:\/\/www.organisator.ch\/wp-content\/uploads\/2021\/05\/Roger-Harlacher-neu-im-Verwaltungsrat-der-Valiant-Bank_Organisator.jpg","datePublished":"2021-05-20T05:57:31+00:00","description":"Roger Harlacher \u00e8 stato eletto nuovo membro del Consiglio di Amministrazione in occasione dell'Assemblea generale di Valiant Holding AG.","breadcrumb":{"@id":"https:\/\/www.organisator.ch\/management\/2021-05-20\/roger-harlacher-neu-im-verwaltungsrat-der-valiant-bank\/#breadcrumb"},"inLanguage":"it-IT","potentialAction":[{"@type":"ReadAction","target":["https:\/\/www.organisator.ch\/management\/2021-05-20\/roger-harlacher-neu-im-verwaltungsrat-der-valiant-bank\/"]}]},{"@type":"ImageObject","inLanguage":"it-IT","@id":"https:\/\/www.organisator.ch\/management\/2021-05-20\/roger-harlacher-neu-im-verwaltungsrat-der-valiant-bank\/#primaryimage","url":"https:\/\/www.organisator.ch\/wp-content\/uploads\/2021\/05\/Roger-Harlacher-neu-im-Verwaltungsrat-der-Valiant-Bank_Organisator.jpg","contentUrl":"https:\/\/www.organisator.ch\/wp-content\/uploads\/2021\/05\/Roger-Harlacher-neu-im-Verwaltungsrat-der-Valiant-Bank_Organisator.jpg","width":680,"height":490,"caption":"An der 24. Generalversammlung der Valiant Holding AG wurde Roger Harlacher in den Verwaltungsrat gew\u00e4hlt. (Bild: Archiv \/ Linda Pollari)"},{"@type":"BreadcrumbList","@id":"https:\/\/www.organisator.ch\/management\/2021-05-20\/roger-harlacher-neu-im-verwaltungsrat-der-valiant-bank\/#breadcrumb","itemListElement":[{"@type":"ListItem","position":1,"name":"Home","item":"https:\/\/www.organisator.ch\/"},{"@type":"ListItem","position":2,"name":"Roger Harlacher neu im Verwaltungsrat der Valiant Bank"}]},{"@type":"WebSite","@id":"https:\/\/www.organisator.ch\/#website","url":"https:\/\/www.organisator.ch\/","name":"Organizzatore","description":"Competente. Pratico. In 10 numeri all'anno, ORGANISATOR presenta i temi essenziali per i manager delle PMI.","publisher":{"@id":"https:\/\/www.organisator.ch\/#organization"},"potentialAction":[{"@type":"SearchAction","target":{"@type":"EntryPoint","urlTemplate":"https:\/\/www.organisator.ch\/?s={search_term_string}"},"query-input":{"@type":"PropertyValueSpecification","valueRequired":true,"valueName":"search_term_string"}}],"inLanguage":"it-IT"},{"@type":"Organization","@id":"https:\/\/www.organisator.ch\/#organization","name":"Organizzatore","url":"https:\/\/www.organisator.ch\/","logo":{"@type":"ImageObject","inLanguage":"it-IT","@id":"https:\/\/www.organisator.ch\/#\/schema\/logo\/image\/","url":"https:\/\/www.organisator.ch\/wp-content\/uploads\/2022\/01\/Logo_Organisator_Website.png","contentUrl":"https:\/\/www.organisator.ch\/wp-content\/uploads\/2022\/01\/Logo_Organisator_Website.png","width":800,"height":77,"caption":"Organisator"},"image":{"@id":"https:\/\/www.organisator.ch\/#\/schema\/logo\/image\/"},"sameAs":["https:\/\/www.facebook.com\/OrganisatorFachmagazin","https:\/\/www.linkedin.com\/showcase\/organisator-das-magazin-fr-kmu","https:\/\/www.xing.com\/news\/pages\/organisator-ch-695","https:\/\/www.youtube.com\/channel\/UCGP2Sq0iWaZwT3BdIAQFYpw"]},{"@type":"Person","@id":"https:\/\/www.organisator.ch\/#\/schema\/person\/6f650f90b2842cd4c0cc334b4e36f67e","name":"Tommaso.berner","image":{"@type":"ImageObject","inLanguage":"it-IT","@id":"https:\/\/secure.gravatar.com\/avatar\/ac5001d2a36cb6c6cd3e50789007ffca834b477b74a2144564522e944eabff61?s=96&d=mm&r=g","url":"https:\/\/secure.gravatar.com\/avatar\/ac5001d2a36cb6c6cd3e50789007ffca834b477b74a2144564522e944eabff61?s=96&d=mm&r=g","contentUrl":"https:\/\/secure.gravatar.com\/avatar\/ac5001d2a36cb6c6cd3e50789007ffca834b477b74a2144564522e944eabff61?s=96&d=mm&r=g","caption":"thomas.berner"},"url":"https:\/\/www.organisator.ch\/it\/author\/thomas-berner\/"}]}},"_links":{"self":[{"href":"https:\/\/www.organisator.ch\/it\/wp-json\/wp\/v2\/posts\/8042","targetHints":{"allow":["GET"]}}],"collection":[{"href":"https:\/\/www.organisator.ch\/it\/wp-json\/wp\/v2\/posts"}],"about":[{"href":"https:\/\/www.organisator.ch\/it\/wp-json\/wp\/v2\/types\/post"}],"author":[{"embeddable":true,"href":"https:\/\/www.organisator.ch\/it\/wp-json\/wp\/v2\/users\/4"}],"replies":[{"embeddable":true,"href":"https:\/\/www.organisator.ch\/it\/wp-json\/wp\/v2\/comments?post=8042"}],"version-history":[{"count":0,"href":"https:\/\/www.organisator.ch\/it\/wp-json\/wp\/v2\/posts\/8042\/revisions"}],"wp:featuredmedia":[{"embeddable":true,"href":"https:\/\/www.organisator.ch\/it\/wp-json\/wp\/v2\/media\/8043"}],"wp:attachment":[{"href":"https:\/\/www.organisator.ch\/it\/wp-json\/wp\/v2\/media?parent=8042"}],"wp:term":[{"taxonomy":"category","embeddable":true,"href":"https:\/\/www.organisator.ch\/it\/wp-json\/wp\/v2\/categories?post=8042"},{"taxonomy":"post_tag","embeddable":true,"href":"https:\/\/www.organisator.ch\/it\/wp-json\/wp\/v2\/tags?post=8042"}],"curies":[{"name":"wp","href":"https:\/\/api.w.org\/{rel}","templated":true}]}}