{"id":8068,"date":"2021-05-27T16:59:22","date_gmt":"2021-05-27T14:59:22","guid":{"rendered":"https:\/\/www.organisator.ch\/?p=8068"},"modified":"2021-05-27T16:59:22","modified_gmt":"2021-05-27T14:59:22","slug":"schweizer-pensionskassen-im-vergleich-corona-zeigt-kaum-auswirkungen","status":"publish","type":"post","link":"https:\/\/www.organisator.ch\/it\/management\/finanzen_recht\/2021-05-27\/schweizer-pensionskassen-im-vergleich-corona-zeigt-kaum-auswirkungen\/","title":{"rendered":"Casse pensioni svizzere a confronto: Corona non ha quasi nessun impatto"},"content":{"rendered":"<figure id=\"attachment_8072\" aria-describedby=\"caption-attachment-8072\" style=\"width: 680px\" class=\"wp-caption alignnone\"><img loading=\"lazy\" decoding=\"async\" class=\"size-medium wp-image-8072\" src=\"https:\/\/www.organisator.ch\/wp-content\/uploads\/2021\/05\/Schweizer-Pensionskassen-im-Vergleich-Corona-zeigt-kaum-Auswirkungen-1_Organisator.jpg\" alt=\"\" width=\"680\" height=\"504\" srcset=\"https:\/\/www.organisator.ch\/wp-content\/uploads\/2021\/05\/Schweizer-Pensionskassen-im-Vergleich-Corona-zeigt-kaum-Auswirkungen-1_Organisator.jpg 680w, https:\/\/www.organisator.ch\/wp-content\/uploads\/2021\/05\/Schweizer-Pensionskassen-im-Vergleich-Corona-zeigt-kaum-Auswirkungen-1_Organisator-16x12.jpg 16w, https:\/\/www.organisator.ch\/wp-content\/uploads\/2021\/05\/Schweizer-Pensionskassen-im-Vergleich-Corona-zeigt-kaum-Auswirkungen-1_Organisator-236x175.jpg 236w, https:\/\/www.organisator.ch\/wp-content\/uploads\/2021\/05\/Schweizer-Pensionskassen-im-Vergleich-Corona-zeigt-kaum-Auswirkungen-1_Organisator-472x350.jpg 472w, https:\/\/www.organisator.ch\/wp-content\/uploads\/2021\/05\/Schweizer-Pensionskassen-im-Vergleich-Corona-zeigt-kaum-Auswirkungen-1_Organisator-300x222.jpg 300w\" sizes=\"auto, (max-width: 680px) 100vw, 680px\" \/><figcaption id=\"caption-attachment-8072\" class=\"wp-caption-text\">Ben fornito per l'et\u00e0 della pensione? Anche le casse pensioni svizzere possono registrare performance di tutto rispetto per il 2020. (Immagine: Pixabay.com)<\/figcaption><\/figure>\n<p>La pandemia di Corona non sembra aver danneggiato il patrimonio pensionistico, al contrario. Un sondaggio che abbiamo condotto tra i pi\u00f9 importanti fondi pensione semi-autonomi e assicuratori completi mostra un quadro generale positivo: alla domanda sugli effetti della pandemia di Corona sulle performance e sulle strategie di investimento, le risposte sono state pi\u00f9 o meno unanimi: non ce ne sono quasi per niente. Simon Herzer del <a href=\"https:\/\/www.gemini.ch\/\">Fondazione Collettivo Gemini<\/a> ha scritto: \"I mercati finanziari si sono comportati complessivamente molto meglio nel 2020 di quanto ci si potesse aspettare inizialmente dopo lo scoppio della pandemia di corona\". Anche con il fondo pensione <a href=\"https:\/\/www.spida.ch\/\">Spida<\/a> la pandemia di Corona non ha avuto alcun impatto negativo, al contrario: \"Il fondo pensione ha continuato a crescere nel 2020, patrimonio pensionistico \u00e8 aumentato di 8.1%. Inoltre, sono state acquisite molte nuove connessioni. <a href=\"https:\/\/www.asga.ch\/\">Asga<\/a> ammette un crollo nel marzo 2020, ma dice: \"Nel marzo 2020, abbiamo anche dovuto accettare perdite significative sulle attivit\u00e0 di investimento, ma queste sono state recuperate entro la fine dell'estate. Nel quarto trimestre del 2020 in particolare, i mercati azionari sono poi saliti, il che ci ha permesso di ottenere un rendimento chiaramente positivo\".<\/p>\n<figure id=\"attachment_8070\" aria-describedby=\"caption-attachment-8070\" style=\"width: 680px\" class=\"wp-caption alignnone\"><img loading=\"lazy\" decoding=\"async\" class=\"size-medium wp-image-8070\" src=\"https:\/\/www.organisator.ch\/wp-content\/uploads\/2021\/05\/Schweizer-Pensionskassen-im-Vergleich-Corona-zeigt-kaum-Auswirkungen-2_Organisator.jpg\" alt=\"\" width=\"680\" height=\"882\" srcset=\"https:\/\/www.organisator.ch\/wp-content\/uploads\/2021\/05\/Schweizer-Pensionskassen-im-Vergleich-Corona-zeigt-kaum-Auswirkungen-2_Organisator.jpg 680w, https:\/\/www.organisator.ch\/wp-content\/uploads\/2021\/05\/Schweizer-Pensionskassen-im-Vergleich-Corona-zeigt-kaum-Auswirkungen-2_Organisator-9x12.jpg 9w, https:\/\/www.organisator.ch\/wp-content\/uploads\/2021\/05\/Schweizer-Pensionskassen-im-Vergleich-Corona-zeigt-kaum-Auswirkungen-2_Organisator-135x175.jpg 135w, https:\/\/www.organisator.ch\/wp-content\/uploads\/2021\/05\/Schweizer-Pensionskassen-im-Vergleich-Corona-zeigt-kaum-Auswirkungen-2_Organisator-270x350.jpg 270w, https:\/\/www.organisator.ch\/wp-content\/uploads\/2021\/05\/Schweizer-Pensionskassen-im-Vergleich-Corona-zeigt-kaum-Auswirkungen-2_Organisator-617x800.jpg 617w, https:\/\/www.organisator.ch\/wp-content\/uploads\/2021\/05\/Schweizer-Pensionskassen-im-Vergleich-Corona-zeigt-kaum-Auswirkungen-2_Organisator-300x389.jpg 300w\" sizes=\"auto, (max-width: 680px) 100vw, 680px\" \/><figcaption id=\"caption-attachment-8070\" class=\"wp-caption-text\">Casse pensioni svizzere a confronto: performance ed evoluzione dei tassi di conversione. (Grafico: ORGANISATORE)<\/figcaption><\/figure>\n<h2><strong>Tendenza verso investimenti alternativi e \"oro concreto<\/strong><\/h2>\n<p>Le strategie d'investimento dei fondi pensione non sono quasi cambiate a causa della pandemia di Corona. Dato che i mercati azionari in particolare si sono ripresi rapidamente, non c'\u00e8 stato bisogno di agire in questo senso. Si pu\u00f2 osservare un ulteriore spostamento verso investimenti alternativi o verso gli immobili, l'\"oro concreto\". Entro i limiti fissati dal legislatore per le direttive d'investimento del 2\u00b0 pilastro, le casse pensioni fanno del loro meglio per ottimizzare costantemente le loro allocazioni. La seguente dichiarazione \u00e8 rappresentativa di questo <a href=\"https:\/\/www.allianz.ch\/de\/geschaeftskunden\/angebote\/gesundheit-vorsorge\/berufliche-vorsorge.html\">Allianz Suisse<\/a>In qualit\u00e0 di investitore a lungo termine, Allianz Suisse persegue l'obiettivo di ottenere un rendimento il pi\u00f9 interessante e sicuro possibile con un rischio limitato, in modo da poter adempiere in ogni momento alle garanzie promesse ai clienti e offrire ulteriori opportunit\u00e0 di rendimento. L'aggiunta di valori intrinseci come le azioni e gli immobili offre maggiori opportunit\u00e0 di rendimento rispetto alle obbligazioni a basso rischio\". Questa strategia sembra essere la strada giusta anche per altri fondi pensione, come il Fondo Pensione <a href=\"https:\/\/www.profond.ch\/\">Profond<\/a> scrive: \"La nostra forte concentrazione sugli investimenti azionari e immobiliari \u00e8 la strada giusta da seguire a lungo termine e quindi anche nella situazione attuale, ne siamo convinti, e le cifre degli ultimi 30 anni ci danno ragione.\"<\/p>\n<p>Ma alcune casse pensioni svizzere hanno adeguato le loro strategie a breve termine, come il <a href=\"http:\/\/www.helvetia.ch\/zahlen-fakten-bvg\">Helvetia<\/a> (vedi anche sotto): l\u00ec, la quota di azioni globali \u00e8 stata aumentata e implementata con una strategia sostenibile, come si dice. O il <a href=\"https:\/\/www.groupemutuel.ch\/de\/Unternehmen.html\">Gruppo Mutuel<\/a> ha ridotto la sua esposizione alle valute estere e <a href=\"https:\/\/www.previs.ch\/\">Previs<\/a> riporta un'espansione degli immobili diretti.<\/p>\n<h2><strong>Come le casse pensioni svizzere ottimizzano i loro costi<\/strong><\/h2>\n<p>L'assicurato dovrebbe quindi continuare a beneficiare di un umore positivo sui mercati azionari. I fondi pensione, d'altra parte, si stanno muovendo con cautela perch\u00e9 - come Michael Kr\u00e4henb\u00fchl, amministratore delegato di <a href=\"https:\/\/proparis.ch\/\">Proparis<\/a> - \"sarebbe bello se la situazione si stabilizzasse o che il 2021 passasse alla storia come un altro buon anno di investimento, ma questo dipende molto dalla pandemia attuale\".<\/p>\n<p>Ma non \u00e8 solo la performance positiva dei fondi investiti a beneficiare l'assicurato. La maggior parte dei fondi pensione sta cercando di migliorare la propria struttura dei costi, per esempio semplificando i servizi, ad esempio attraverso strumenti online. Anche i costi di gestione degli immobili e degli investimenti alternativi vengono costantemente ottimizzati, cosa che alla fine va a vantaggio degli assicurati.<\/p>\n<h2>Riduzione della ridistribuzione non sistemica<\/h2>\n<p>I requisiti legali del 2\u00b0 pilastro continuano a costringere tutti i fornitori a fare una redistribuzione elevata e non sistematica dagli assicurati attivi ai beneficiari di pensione. Con l'introduzione della nuova tariffa collettiva sulla vita all'inizio del 2020, Helvetia ha quindi seguito altri istituti di previdenza sfruttando il proprio margine di manovra e attuando diverse misure per ridurre la ridistribuzione. Elementi importanti della nuova tariffa sono la riduzione graduale dell'aliquota di conversione con il principio dell'accredito e gli aumenti selettivi dei premi. Grazie alla nuova tariffa, Helvetia \u00e8 riuscita a ridurre la ridistribuzione nel proprio portafoglio. Tuttavia, con un totale di 119 milioni di franchi, questo rimane a un livello elevato (2019: 185 milioni di franchi), secondo Helvetia.<\/p>\n<p>Helvetia \u00e8 una delle poche casse pensioni che offre ancora il modello assicurativo completo. Tuttavia, la soluzione semi-autonoma Helvetia LOB Invest viene sviluppata in parallelo. Anche se solo il 4 per cento delle connessioni sono ora rappresentate da questa soluzione, la tendenza \u00e8 chiaramente in aumento: \"Dal 2016, il passaggio strategicamente inteso dall'assicurazione completa all'attivit\u00e0 di riserva di capitale \u00e8 in atto\", dice Helvetia. Vengono quindi promosse soluzioni semi-autonome, mentre la politica di accettazione dell'assicurazione completa, comprese le perdite di rendita previste, tende ad essere gestita in modo pi\u00f9 restrittivo. Questo si riflette chiaramente anche nelle cifre: La quota di connessioni all'assicurazione completa \u00e8 scesa dal 61 al 54%.<\/p>\n<p>Il livello persistentemente alto di ridistribuzione mostra che una riforma del sistema di previdenza professionale \u00e8 ancora imperativa e urgente. Anja G\u00f6ing-Jaeschke, responsabile Actuarial Life Switzerland presso Helvetia, spiega: \"Le condizioni quadro del 2\u00b0 pilastro come l'aliquota di conversione e il tasso d'interesse minimo non rispecchiano lo sviluppo demografico e i tassi d'interesse estremamente bassi. Solo adeguando le condizioni quadro si pu\u00f2 superare la crisi sistemica del secondo pilastro\". Hedwig Ulmer, responsabile del settore previdenza e membro della Direzione generale Svizzera di Helvetia, aggiunge: \"Con una prima riduzione dell'aliquota di conversione al 6,0 per cento, il nucleo di una riforma della LPP \u00e8 sul tavolo da anni. Spetta ora ai politici integrare il pi\u00f9 rapidamente possibile tutto ci\u00f2 in una proposta di riforma che sia in grado di ottenere il sostegno della maggioranza\".<\/p>\n<p><em>Un dossier dettagliato sul tema della previdenza professionale si trova nell'edizione cartacea dell'ORGANISATOR 5\/2021. Possibilit\u00e0 di ordinare qui: <a href=\"https:\/\/www.organisator.ch\/abo-bestellung\/\">www.organisator.ch\/abo-bestellung\/<\/a><\/em><\/p>","protected":false},"excerpt":{"rendered":"<p>Die Corona-Pandemie scheint den Pensionsverm\u00f6gen nicht geschadet zu haben, im Gegenteil. Eine durch uns durchgef\u00fchrte Umfrage unter den wichtigsten teilautonomen Vorsorgeeinrichtungen und Vollversicherern zeigt ein positives Gesamtbild: Befragt nach den Auswirkungen der Corona-Pandemie auf Performances und Anlagestrategien lauteten die Antworten mehr oder weniger einhellig: Es gab kaum welche. Simon Herzer von der Gemini Sammelstiftung schrieb: [&hellip;]<\/p>\n","protected":false},"author":4,"featured_media":8072,"comment_status":"closed","ping_status":"closed","sticky":false,"template":"","format":"standard","meta":{"_acf_changed":false,"_yoast_wpseo_focuskw":"Schweizer Pensionskassen","_yoast_wpseo_metadesc":"Das Jahr 2020 war auch auf den Finanzm\u00e4rkten ein besonderes. Unbehelligt blieben davon aber weitgehend die Schweizer Pensionskassen und die Altersguthaben.","articlekey":"","footnotes":""},"categories":[24],"tags":[38,202,377,516,531],"class_list":["post-8068","post","type-post","status-publish","format-standard","has-post-thumbnail","hentry","category-finanzen_recht","tag-aeltere-arbeitnehmer","tag-finanzenrecht","tag-pensionskassen","tag-vorsorge","tag-wirtschaftspolitik"],"acf":[],"yoast_head":"<!-- This site is optimized with the Yoast SEO plugin v27.4 - https:\/\/yoast.com\/product\/yoast-seo-wordpress\/ -->\n<title>Schweizer Pensionskassen im Vergleich: Corona zeigt kaum Auswirkungen - Organisator<\/title>\n<meta name=\"description\" content=\"Das Jahr 2020 war auch auf den Finanzm\u00e4rkten ein besonderes. Unbehelligt blieben davon aber weitgehend die Schweizer Pensionskassen und die Altersguthaben.\" \/>\n<meta name=\"robots\" content=\"index, follow, max-snippet:-1, max-image-preview:large, max-video-preview:-1\" \/>\n<link rel=\"canonical\" href=\"https:\/\/www.organisator.ch\/it\/gestione-2\/finanzen_recht\/2021-05-27\/schweizer-pensionskassen-im-vergleich-corona-zeigt-kaum-auswirkungen\/\" \/>\n<meta property=\"og:locale\" content=\"it_IT\" \/>\n<meta property=\"og:type\" content=\"article\" \/>\n<meta property=\"og:title\" content=\"Schweizer Pensionskassen im Vergleich: Corona zeigt kaum Auswirkungen\" \/>\n<meta property=\"og:description\" content=\"Das Jahr 2020 war auch auf den Finanzm\u00e4rkten ein besonderes. Unbehelligt blieben davon aber weitgehend die Schweizer Pensionskassen und die Altersguthaben.\" \/>\n<meta property=\"og:url\" content=\"https:\/\/www.organisator.ch\/it\/gestione-2\/finanzen_recht\/2021-05-27\/schweizer-pensionskassen-im-vergleich-corona-zeigt-kaum-auswirkungen\/\" \/>\n<meta property=\"og:site_name\" content=\"Organisator\" \/>\n<meta property=\"article:publisher\" content=\"https:\/\/www.facebook.com\/OrganisatorFachmagazin\" \/>\n<meta property=\"article:published_time\" content=\"2021-05-27T14:59:22+00:00\" \/>\n<meta property=\"og:image\" content=\"https:\/\/www.organisator.ch\/wp-content\/uploads\/2021\/05\/Schweizer-Pensionskassen-im-Vergleich-Corona-zeigt-kaum-Auswirkungen-1_Organisator.jpg\" \/>\n\t<meta property=\"og:image:width\" content=\"680\" \/>\n\t<meta property=\"og:image:height\" content=\"504\" \/>\n\t<meta property=\"og:image:type\" content=\"image\/jpeg\" \/>\n<meta name=\"author\" content=\"thomas.berner\" \/>\n<meta name=\"twitter:card\" content=\"summary_large_image\" \/>\n<meta name=\"twitter:title\" content=\"Schweizer #Pensionskassen im Vergleich: Corona zeigt kaum Auswirkungen\" \/>\n<meta name=\"twitter:description\" content=\"Das Jahr 2020 war auch auf den #Finanzm\u00e4rkten ein besonderes. Unbehelligt blieben davon aber weitgehend die Schweizer #Pensionskassen und die #Altersguthaben.\" \/>\n<meta name=\"twitter:image\" content=\"https:\/\/www.organisator.ch\/wp-content\/uploads\/2021\/05\/Schweizer-Pensionskassen-im-Vergleich-Corona-zeigt-kaum-Auswirkungen-1_Organisator.jpg\" \/>\n<script type=\"application\/ld+json\" class=\"yoast-schema-graph\">{\"@context\":\"https:\\\/\\\/schema.org\",\"@graph\":[{\"@type\":\"Article\",\"@id\":\"https:\\\/\\\/www.organisator.ch\\\/management\\\/finanzen_recht\\\/2021-05-27\\\/schweizer-pensionskassen-im-vergleich-corona-zeigt-kaum-auswirkungen\\\/#article\",\"isPartOf\":{\"@id\":\"https:\\\/\\\/www.organisator.ch\\\/management\\\/finanzen_recht\\\/2021-05-27\\\/schweizer-pensionskassen-im-vergleich-corona-zeigt-kaum-auswirkungen\\\/\"},\"author\":{\"name\":\"thomas.berner\",\"@id\":\"https:\\\/\\\/www.organisator.ch\\\/#\\\/schema\\\/person\\\/6f650f90b2842cd4c0cc334b4e36f67e\"},\"headline\":\"Schweizer Pensionskassen im Vergleich: Corona zeigt kaum Auswirkungen\",\"datePublished\":\"2021-05-27T14:59:22+00:00\",\"mainEntityOfPage\":{\"@id\":\"https:\\\/\\\/www.organisator.ch\\\/management\\\/finanzen_recht\\\/2021-05-27\\\/schweizer-pensionskassen-im-vergleich-corona-zeigt-kaum-auswirkungen\\\/\"},\"wordCount\":926,\"publisher\":{\"@id\":\"https:\\\/\\\/www.organisator.ch\\\/#organization\"},\"image\":{\"@id\":\"https:\\\/\\\/www.organisator.ch\\\/management\\\/finanzen_recht\\\/2021-05-27\\\/schweizer-pensionskassen-im-vergleich-corona-zeigt-kaum-auswirkungen\\\/#primaryimage\"},\"thumbnailUrl\":\"https:\\\/\\\/www.organisator.ch\\\/wp-content\\\/uploads\\\/2021\\\/05\\\/Schweizer-Pensionskassen-im-Vergleich-Corona-zeigt-kaum-Auswirkungen-1_Organisator.jpg\",\"keywords\":[\"\u00c4ltere Arbeitnehmer\",\"Finanzen\\\/Recht\",\"Pensionskassen\",\"Vorsorge\",\"Wirtschaftspolitik\"],\"articleSection\":[\"FINANZEN\\\/RECHT\"],\"inLanguage\":\"it-IT\"},{\"@type\":\"WebPage\",\"@id\":\"https:\\\/\\\/www.organisator.ch\\\/management\\\/finanzen_recht\\\/2021-05-27\\\/schweizer-pensionskassen-im-vergleich-corona-zeigt-kaum-auswirkungen\\\/\",\"url\":\"https:\\\/\\\/www.organisator.ch\\\/management\\\/finanzen_recht\\\/2021-05-27\\\/schweizer-pensionskassen-im-vergleich-corona-zeigt-kaum-auswirkungen\\\/\",\"name\":\"Schweizer Pensionskassen im Vergleich: Corona zeigt kaum Auswirkungen - Organisator\",\"isPartOf\":{\"@id\":\"https:\\\/\\\/www.organisator.ch\\\/#website\"},\"primaryImageOfPage\":{\"@id\":\"https:\\\/\\\/www.organisator.ch\\\/management\\\/finanzen_recht\\\/2021-05-27\\\/schweizer-pensionskassen-im-vergleich-corona-zeigt-kaum-auswirkungen\\\/#primaryimage\"},\"image\":{\"@id\":\"https:\\\/\\\/www.organisator.ch\\\/management\\\/finanzen_recht\\\/2021-05-27\\\/schweizer-pensionskassen-im-vergleich-corona-zeigt-kaum-auswirkungen\\\/#primaryimage\"},\"thumbnailUrl\":\"https:\\\/\\\/www.organisator.ch\\\/wp-content\\\/uploads\\\/2021\\\/05\\\/Schweizer-Pensionskassen-im-Vergleich-Corona-zeigt-kaum-Auswirkungen-1_Organisator.jpg\",\"datePublished\":\"2021-05-27T14:59:22+00:00\",\"description\":\"Das Jahr 2020 war auch auf den Finanzm\u00e4rkten ein besonderes. Unbehelligt blieben davon aber weitgehend die Schweizer Pensionskassen und die Altersguthaben.\",\"breadcrumb\":{\"@id\":\"https:\\\/\\\/www.organisator.ch\\\/management\\\/finanzen_recht\\\/2021-05-27\\\/schweizer-pensionskassen-im-vergleich-corona-zeigt-kaum-auswirkungen\\\/#breadcrumb\"},\"inLanguage\":\"it-IT\",\"potentialAction\":[{\"@type\":\"ReadAction\",\"target\":[\"https:\\\/\\\/www.organisator.ch\\\/management\\\/finanzen_recht\\\/2021-05-27\\\/schweizer-pensionskassen-im-vergleich-corona-zeigt-kaum-auswirkungen\\\/\"]}]},{\"@type\":\"ImageObject\",\"inLanguage\":\"it-IT\",\"@id\":\"https:\\\/\\\/www.organisator.ch\\\/management\\\/finanzen_recht\\\/2021-05-27\\\/schweizer-pensionskassen-im-vergleich-corona-zeigt-kaum-auswirkungen\\\/#primaryimage\",\"url\":\"https:\\\/\\\/www.organisator.ch\\\/wp-content\\\/uploads\\\/2021\\\/05\\\/Schweizer-Pensionskassen-im-Vergleich-Corona-zeigt-kaum-Auswirkungen-1_Organisator.jpg\",\"contentUrl\":\"https:\\\/\\\/www.organisator.ch\\\/wp-content\\\/uploads\\\/2021\\\/05\\\/Schweizer-Pensionskassen-im-Vergleich-Corona-zeigt-kaum-Auswirkungen-1_Organisator.jpg\",\"width\":680,\"height\":504,\"caption\":\"Gut vorgesorgt f\u00fcr das Rentenalter? Die Schweizer Pensionskassen d\u00fcrfen auch f\u00fcr 2020 ansehnliche Performances vermelden. (Bild: Pixabay.com)\"},{\"@type\":\"BreadcrumbList\",\"@id\":\"https:\\\/\\\/www.organisator.ch\\\/management\\\/finanzen_recht\\\/2021-05-27\\\/schweizer-pensionskassen-im-vergleich-corona-zeigt-kaum-auswirkungen\\\/#breadcrumb\",\"itemListElement\":[{\"@type\":\"ListItem\",\"position\":1,\"name\":\"Home\",\"item\":\"https:\\\/\\\/www.organisator.ch\\\/\"},{\"@type\":\"ListItem\",\"position\":2,\"name\":\"Schweizer Pensionskassen im Vergleich: Corona zeigt kaum Auswirkungen\"}]},{\"@type\":\"WebSite\",\"@id\":\"https:\\\/\\\/www.organisator.ch\\\/#website\",\"url\":\"https:\\\/\\\/www.organisator.ch\\\/\",\"name\":\"Organisator\",\"description\":\"Kompetent. Praxisnah. Der ORGANISATOR bereitet in 10 Ausgaben pro Jahr die wesentlichen Themen f\u00fcr F\u00fchrungskr\u00e4fte von KMU auf.\",\"publisher\":{\"@id\":\"https:\\\/\\\/www.organisator.ch\\\/#organization\"},\"potentialAction\":[{\"@type\":\"SearchAction\",\"target\":{\"@type\":\"EntryPoint\",\"urlTemplate\":\"https:\\\/\\\/www.organisator.ch\\\/?s={search_term_string}\"},\"query-input\":{\"@type\":\"PropertyValueSpecification\",\"valueRequired\":true,\"valueName\":\"search_term_string\"}}],\"inLanguage\":\"it-IT\"},{\"@type\":\"Organization\",\"@id\":\"https:\\\/\\\/www.organisator.ch\\\/#organization\",\"name\":\"Organisator\",\"url\":\"https:\\\/\\\/www.organisator.ch\\\/\",\"logo\":{\"@type\":\"ImageObject\",\"inLanguage\":\"it-IT\",\"@id\":\"https:\\\/\\\/www.organisator.ch\\\/#\\\/schema\\\/logo\\\/image\\\/\",\"url\":\"https:\\\/\\\/www.organisator.ch\\\/wp-content\\\/uploads\\\/2022\\\/01\\\/Logo_Organisator_Website.png\",\"contentUrl\":\"https:\\\/\\\/www.organisator.ch\\\/wp-content\\\/uploads\\\/2022\\\/01\\\/Logo_Organisator_Website.png\",\"width\":800,\"height\":77,\"caption\":\"Organisator\"},\"image\":{\"@id\":\"https:\\\/\\\/www.organisator.ch\\\/#\\\/schema\\\/logo\\\/image\\\/\"},\"sameAs\":[\"https:\\\/\\\/www.facebook.com\\\/OrganisatorFachmagazin\",\"https:\\\/\\\/www.linkedin.com\\\/showcase\\\/organisator-das-magazin-fr-kmu\",\"https:\\\/\\\/www.xing.com\\\/news\\\/pages\\\/organisator-ch-695\",\"https:\\\/\\\/www.youtube.com\\\/channel\\\/UCGP2Sq0iWaZwT3BdIAQFYpw\"]},{\"@type\":\"Person\",\"@id\":\"https:\\\/\\\/www.organisator.ch\\\/#\\\/schema\\\/person\\\/6f650f90b2842cd4c0cc334b4e36f67e\",\"name\":\"thomas.berner\",\"image\":{\"@type\":\"ImageObject\",\"inLanguage\":\"it-IT\",\"@id\":\"https:\\\/\\\/secure.gravatar.com\\\/avatar\\\/ac5001d2a36cb6c6cd3e50789007ffca834b477b74a2144564522e944eabff61?s=96&d=mm&r=g\",\"url\":\"https:\\\/\\\/secure.gravatar.com\\\/avatar\\\/ac5001d2a36cb6c6cd3e50789007ffca834b477b74a2144564522e944eabff61?s=96&d=mm&r=g\",\"contentUrl\":\"https:\\\/\\\/secure.gravatar.com\\\/avatar\\\/ac5001d2a36cb6c6cd3e50789007ffca834b477b74a2144564522e944eabff61?s=96&d=mm&r=g\",\"caption\":\"thomas.berner\"},\"url\":\"https:\\\/\\\/www.organisator.ch\\\/it\\\/author\\\/thomas-berner\\\/\"}]}<\/script>\n<!-- \/ Yoast SEO plugin. -->","yoast_head_json":{"title":"Casse pensioni svizzere a confronto: Corona non ha praticamente alcun impatto - Organizzatore","description":"Il 2020 \u00e8 stato un anno speciale anche per i mercati finanziari. Tuttavia, i fondi pensione e gli asset pensionistici svizzeri sono rimasti sostanzialmente inalterati.","robots":{"index":"index","follow":"follow","max-snippet":"max-snippet:-1","max-image-preview":"max-image-preview:large","max-video-preview":"max-video-preview:-1"},"canonical":"https:\/\/www.organisator.ch\/it\/gestione-2\/finanzen_recht\/2021-05-27\/schweizer-pensionskassen-im-vergleich-corona-zeigt-kaum-auswirkungen\/","og_locale":"it_IT","og_type":"article","og_title":"Schweizer Pensionskassen im Vergleich: Corona zeigt kaum Auswirkungen","og_description":"Das Jahr 2020 war auch auf den Finanzm\u00e4rkten ein besonderes. Unbehelligt blieben davon aber weitgehend die Schweizer Pensionskassen und die Altersguthaben.","og_url":"https:\/\/www.organisator.ch\/it\/gestione-2\/finanzen_recht\/2021-05-27\/schweizer-pensionskassen-im-vergleich-corona-zeigt-kaum-auswirkungen\/","og_site_name":"Organisator","article_publisher":"https:\/\/www.facebook.com\/OrganisatorFachmagazin","article_published_time":"2021-05-27T14:59:22+00:00","og_image":[{"width":680,"height":504,"url":"https:\/\/www.organisator.ch\/wp-content\/uploads\/2021\/05\/Schweizer-Pensionskassen-im-Vergleich-Corona-zeigt-kaum-Auswirkungen-1_Organisator.jpg","type":"image\/jpeg"}],"author":"thomas.berner","twitter_card":"summary_large_image","twitter_title":"Schweizer #Pensionskassen im Vergleich: Corona zeigt kaum Auswirkungen","twitter_description":"Das Jahr 2020 war auch auf den #Finanzm\u00e4rkten ein besonderes. Unbehelligt blieben davon aber weitgehend die Schweizer #Pensionskassen und die #Altersguthaben.","twitter_image":"https:\/\/www.organisator.ch\/wp-content\/uploads\/2021\/05\/Schweizer-Pensionskassen-im-Vergleich-Corona-zeigt-kaum-Auswirkungen-1_Organisator.jpg","schema":{"@context":"https:\/\/schema.org","@graph":[{"@type":"Article","@id":"https:\/\/www.organisator.ch\/management\/finanzen_recht\/2021-05-27\/schweizer-pensionskassen-im-vergleich-corona-zeigt-kaum-auswirkungen\/#article","isPartOf":{"@id":"https:\/\/www.organisator.ch\/management\/finanzen_recht\/2021-05-27\/schweizer-pensionskassen-im-vergleich-corona-zeigt-kaum-auswirkungen\/"},"author":{"name":"thomas.berner","@id":"https:\/\/www.organisator.ch\/#\/schema\/person\/6f650f90b2842cd4c0cc334b4e36f67e"},"headline":"Schweizer Pensionskassen im Vergleich: Corona zeigt kaum Auswirkungen","datePublished":"2021-05-27T14:59:22+00:00","mainEntityOfPage":{"@id":"https:\/\/www.organisator.ch\/management\/finanzen_recht\/2021-05-27\/schweizer-pensionskassen-im-vergleich-corona-zeigt-kaum-auswirkungen\/"},"wordCount":926,"publisher":{"@id":"https:\/\/www.organisator.ch\/#organization"},"image":{"@id":"https:\/\/www.organisator.ch\/management\/finanzen_recht\/2021-05-27\/schweizer-pensionskassen-im-vergleich-corona-zeigt-kaum-auswirkungen\/#primaryimage"},"thumbnailUrl":"https:\/\/www.organisator.ch\/wp-content\/uploads\/2021\/05\/Schweizer-Pensionskassen-im-Vergleich-Corona-zeigt-kaum-Auswirkungen-1_Organisator.jpg","keywords":["\u00c4ltere Arbeitnehmer","Finanzen\/Recht","Pensionskassen","Vorsorge","Wirtschaftspolitik"],"articleSection":["FINANZEN\/RECHT"],"inLanguage":"it-IT"},{"@type":"WebPage","@id":"https:\/\/www.organisator.ch\/management\/finanzen_recht\/2021-05-27\/schweizer-pensionskassen-im-vergleich-corona-zeigt-kaum-auswirkungen\/","url":"https:\/\/www.organisator.ch\/management\/finanzen_recht\/2021-05-27\/schweizer-pensionskassen-im-vergleich-corona-zeigt-kaum-auswirkungen\/","name":"Casse pensioni svizzere a confronto: Corona non ha praticamente alcun impatto - Organizzatore","isPartOf":{"@id":"https:\/\/www.organisator.ch\/#website"},"primaryImageOfPage":{"@id":"https:\/\/www.organisator.ch\/management\/finanzen_recht\/2021-05-27\/schweizer-pensionskassen-im-vergleich-corona-zeigt-kaum-auswirkungen\/#primaryimage"},"image":{"@id":"https:\/\/www.organisator.ch\/management\/finanzen_recht\/2021-05-27\/schweizer-pensionskassen-im-vergleich-corona-zeigt-kaum-auswirkungen\/#primaryimage"},"thumbnailUrl":"https:\/\/www.organisator.ch\/wp-content\/uploads\/2021\/05\/Schweizer-Pensionskassen-im-Vergleich-Corona-zeigt-kaum-Auswirkungen-1_Organisator.jpg","datePublished":"2021-05-27T14:59:22+00:00","description":"Il 2020 \u00e8 stato un anno speciale anche per i mercati finanziari. Tuttavia, i fondi pensione e gli asset pensionistici svizzeri sono rimasti sostanzialmente inalterati.","breadcrumb":{"@id":"https:\/\/www.organisator.ch\/management\/finanzen_recht\/2021-05-27\/schweizer-pensionskassen-im-vergleich-corona-zeigt-kaum-auswirkungen\/#breadcrumb"},"inLanguage":"it-IT","potentialAction":[{"@type":"ReadAction","target":["https:\/\/www.organisator.ch\/management\/finanzen_recht\/2021-05-27\/schweizer-pensionskassen-im-vergleich-corona-zeigt-kaum-auswirkungen\/"]}]},{"@type":"ImageObject","inLanguage":"it-IT","@id":"https:\/\/www.organisator.ch\/management\/finanzen_recht\/2021-05-27\/schweizer-pensionskassen-im-vergleich-corona-zeigt-kaum-auswirkungen\/#primaryimage","url":"https:\/\/www.organisator.ch\/wp-content\/uploads\/2021\/05\/Schweizer-Pensionskassen-im-Vergleich-Corona-zeigt-kaum-Auswirkungen-1_Organisator.jpg","contentUrl":"https:\/\/www.organisator.ch\/wp-content\/uploads\/2021\/05\/Schweizer-Pensionskassen-im-Vergleich-Corona-zeigt-kaum-Auswirkungen-1_Organisator.jpg","width":680,"height":504,"caption":"Gut vorgesorgt f\u00fcr das Rentenalter? Die Schweizer Pensionskassen d\u00fcrfen auch f\u00fcr 2020 ansehnliche Performances vermelden. (Bild: Pixabay.com)"},{"@type":"BreadcrumbList","@id":"https:\/\/www.organisator.ch\/management\/finanzen_recht\/2021-05-27\/schweizer-pensionskassen-im-vergleich-corona-zeigt-kaum-auswirkungen\/#breadcrumb","itemListElement":[{"@type":"ListItem","position":1,"name":"Home","item":"https:\/\/www.organisator.ch\/"},{"@type":"ListItem","position":2,"name":"Schweizer Pensionskassen im Vergleich: Corona zeigt kaum Auswirkungen"}]},{"@type":"WebSite","@id":"https:\/\/www.organisator.ch\/#website","url":"https:\/\/www.organisator.ch\/","name":"Organizzatore","description":"Competente. Pratico. In 10 numeri all'anno, ORGANISATOR presenta i temi essenziali per i manager delle PMI.","publisher":{"@id":"https:\/\/www.organisator.ch\/#organization"},"potentialAction":[{"@type":"SearchAction","target":{"@type":"EntryPoint","urlTemplate":"https:\/\/www.organisator.ch\/?s={search_term_string}"},"query-input":{"@type":"PropertyValueSpecification","valueRequired":true,"valueName":"search_term_string"}}],"inLanguage":"it-IT"},{"@type":"Organization","@id":"https:\/\/www.organisator.ch\/#organization","name":"Organizzatore","url":"https:\/\/www.organisator.ch\/","logo":{"@type":"ImageObject","inLanguage":"it-IT","@id":"https:\/\/www.organisator.ch\/#\/schema\/logo\/image\/","url":"https:\/\/www.organisator.ch\/wp-content\/uploads\/2022\/01\/Logo_Organisator_Website.png","contentUrl":"https:\/\/www.organisator.ch\/wp-content\/uploads\/2022\/01\/Logo_Organisator_Website.png","width":800,"height":77,"caption":"Organisator"},"image":{"@id":"https:\/\/www.organisator.ch\/#\/schema\/logo\/image\/"},"sameAs":["https:\/\/www.facebook.com\/OrganisatorFachmagazin","https:\/\/www.linkedin.com\/showcase\/organisator-das-magazin-fr-kmu","https:\/\/www.xing.com\/news\/pages\/organisator-ch-695","https:\/\/www.youtube.com\/channel\/UCGP2Sq0iWaZwT3BdIAQFYpw"]},{"@type":"Person","@id":"https:\/\/www.organisator.ch\/#\/schema\/person\/6f650f90b2842cd4c0cc334b4e36f67e","name":"Tommaso.berner","image":{"@type":"ImageObject","inLanguage":"it-IT","@id":"https:\/\/secure.gravatar.com\/avatar\/ac5001d2a36cb6c6cd3e50789007ffca834b477b74a2144564522e944eabff61?s=96&d=mm&r=g","url":"https:\/\/secure.gravatar.com\/avatar\/ac5001d2a36cb6c6cd3e50789007ffca834b477b74a2144564522e944eabff61?s=96&d=mm&r=g","contentUrl":"https:\/\/secure.gravatar.com\/avatar\/ac5001d2a36cb6c6cd3e50789007ffca834b477b74a2144564522e944eabff61?s=96&d=mm&r=g","caption":"thomas.berner"},"url":"https:\/\/www.organisator.ch\/it\/author\/thomas-berner\/"}]}},"_links":{"self":[{"href":"https:\/\/www.organisator.ch\/it\/wp-json\/wp\/v2\/posts\/8068","targetHints":{"allow":["GET"]}}],"collection":[{"href":"https:\/\/www.organisator.ch\/it\/wp-json\/wp\/v2\/posts"}],"about":[{"href":"https:\/\/www.organisator.ch\/it\/wp-json\/wp\/v2\/types\/post"}],"author":[{"embeddable":true,"href":"https:\/\/www.organisator.ch\/it\/wp-json\/wp\/v2\/users\/4"}],"replies":[{"embeddable":true,"href":"https:\/\/www.organisator.ch\/it\/wp-json\/wp\/v2\/comments?post=8068"}],"version-history":[{"count":0,"href":"https:\/\/www.organisator.ch\/it\/wp-json\/wp\/v2\/posts\/8068\/revisions"}],"wp:featuredmedia":[{"embeddable":true,"href":"https:\/\/www.organisator.ch\/it\/wp-json\/wp\/v2\/media\/8072"}],"wp:attachment":[{"href":"https:\/\/www.organisator.ch\/it\/wp-json\/wp\/v2\/media?parent=8068"}],"wp:term":[{"taxonomy":"category","embeddable":true,"href":"https:\/\/www.organisator.ch\/it\/wp-json\/wp\/v2\/categories?post=8068"},{"taxonomy":"post_tag","embeddable":true,"href":"https:\/\/www.organisator.ch\/it\/wp-json\/wp\/v2\/tags?post=8068"}],"curies":[{"name":"wp","href":"https:\/\/api.w.org\/{rel}","templated":true}]}}