{"id":8112,"date":"2021-06-04T08:17:44","date_gmt":"2021-06-04T06:17:44","guid":{"rendered":"https:\/\/www.organisator.ch\/?p=8112"},"modified":"2021-06-04T08:17:44","modified_gmt":"2021-06-04T06:17:44","slug":"zwei-neue-verwaltungsraete-bei-der-bank-wir","status":"publish","type":"post","link":"https:\/\/www.organisator.ch\/it\/management\/finanzen_recht\/2021-06-04\/zwei-neue-verwaltungsraete-bei-der-bank-wir\/","title":{"rendered":"Due nuovi membri del consiglio di amministrazione della Banca WIR"},"content":{"rendered":"<figure id=\"attachment_8113\" aria-describedby=\"caption-attachment-8113\" style=\"width: 680px\" class=\"wp-caption alignnone\"><img loading=\"lazy\" decoding=\"async\" class=\"size-medium wp-image-8113\" src=\"https:\/\/www.organisator.ch\/wp-content\/uploads\/2021\/06\/Zwei-neue-Verwaltungsraete-bei-der-Bank-WIR_Organisator.jpg\" alt=\"\" width=\"680\" height=\"340\" srcset=\"https:\/\/www.organisator.ch\/wp-content\/uploads\/2021\/06\/Zwei-neue-Verwaltungsraete-bei-der-Bank-WIR_Organisator.jpg 680w, https:\/\/www.organisator.ch\/wp-content\/uploads\/2021\/06\/Zwei-neue-Verwaltungsraete-bei-der-Bank-WIR_Organisator-16x8.jpg 16w, https:\/\/www.organisator.ch\/wp-content\/uploads\/2021\/06\/Zwei-neue-Verwaltungsraete-bei-der-Bank-WIR_Organisator-350x175.jpg 350w, https:\/\/www.organisator.ch\/wp-content\/uploads\/2021\/06\/Zwei-neue-Verwaltungsraete-bei-der-Bank-WIR_Organisator-300x150.jpg 300w\" sizes=\"auto, (max-width: 680px) 100vw, 680px\" \/><figcaption id=\"caption-attachment-8113\" class=\"wp-caption-text\">Nuovi membri del consiglio di amministrazione di Bank WIR: Heinz Fuchs (a sinistra) e Christoph Lenz. (Immagini: zVg)<\/figcaption><\/figure>\n<p>Come l'anno precedente, l'assemblea generale di Bank WIR si \u00e8 svolta con voto scritto. La banca cooperativa puramente svizzera \u00e8 stata in grado di aumentare il volume dei prestiti, i depositi dei clienti e l'utile nell'anno finanziario 2020. All'assemblea generale scritta, i membri della cooperativa hanno approvato il rapporto di gestione e il bilancio annuale, che mostra un utile di 14,4 milioni di franchi. \"La nostra azienda \u00e8 in buona salute e ha una forte base di capitale\", riassume il presidente del consiglio di amministrazione Karin Zahnd Cadoux, \"superiamo di gran lunga i requisiti normativi\", continua Zahnd Cadoux. Il consiglio di amministrazione e il comitato esecutivo sono stati dimessi a larga maggioranza.<\/p>\n<h2>Dividendo di 10,25 franchi<\/h2>\n<p>L'Assemblea generale annuale ha anche approvato la proposta di destinazione dell'utile e del dividendo avanzata dal Consiglio di amministrazione: La distribuzione di 10,25 franchi per azione ordinaria avviene sotto forma di dividendo opzionale (\"dividendo con reinvestimento\" o dividendo in contanti) e corrisponde - calcolato sulla variante del dividendo in contanti - a un rendimento del 2,4%. Se le azioni ordinarie sono detenute come patrimonio privato, la distribuzione \u00e8 esente da imposte. L'anno scorso, il prezzo delle azioni \u00e8 aumentato dell'8,4% (pi\u00f9 il pagamento del dividendo) - e anche quest'anno gli investitori sembrano avere fiducia nel titolo, il che si riflette in un ulteriore aumento del 7,2% del prezzo delle azioni.<\/p>\n<h2>Due nuovi membri del consiglio<\/h2>\n<p>Nelle elezioni sono stati confermati gli attuali membri del consiglio di amministrazione: Karin Zahnd Cadoux (presidente), Marc Reimann, Kornel Tinguely e Germann Wiggli per altri due anni, Petra M\u00fcller per un altro anno per limiti di tempo. Heinz Fuchs e Christoph Lenz sono stati eletti nel consiglio di amministrazione in sostituzione di Georg Anthamatten e J\u00fcrgen Bletsch, che si ritirano quest'anno per limiti di mandato. Il 65enne Heinz Fuchs \u00e8 un economista d'impresa e contabile certificato e ha una rete nazionale e internazionale nel settore bancario e finanziario. Christoph Lenz (42) \u00e8 un amministratore qualificato e lavora nel settore immobiliare da 16 anni.<\/p>\n<h2>Modifica degli articoli dell'associazione per una maggiore flessibilit\u00e0<\/h2>\n<p>Inoltre, l'assemblea generale ha approvato con la maggioranza necessaria dei due terzi una modifica dello statuto che permette a Bank WIR di introdurre certificati di partecipazione. \"Questo ci d\u00e0 ulteriore flessibilit\u00e0\", dice il CEO Bruno Stiegeler. \"Continueremo a cogliere le nostre opportunit\u00e0, soprattutto in vista di cooperazioni e partecipazioni\".<\/p>\n<p><em>Fonte e ulteriori informazioni: <a href=\"http:\/\/www.wir.ch\">Banca WIR<\/a><\/em><\/p>","protected":false},"excerpt":{"rendered":"<p>Analog dem Vorjahr fand die Generalversammlung der Bank WIR auf schriftlichem Weg statt. Die rein schweizerische Genossenschaftsbank konnte im Gesch\u00e4ftsjahr 2020 Kreditvolumen, Kundeneinlagen und Gewinn steigern. An der schriftlichen Generalversammlung haben die Genossenschafterinnen und Genossenschafter den Lagebericht sowie die Jahresrechnung, die einen Gewinn von 14,4 Millionen Franken ausweist, genehmigt. \u00abUnser Unternehmen ist kerngesund und verf\u00fcgt [&hellip;]<\/p>\n","protected":false},"author":4,"featured_media":8113,"comment_status":"closed","ping_status":"closed","sticky":false,"template":"","format":"standard","meta":{"_acf_changed":false,"_yoast_wpseo_focuskw":"neue Verwaltungsr\u00e4te","_yoast_wpseo_metadesc":"Heinz Fuchs und Christoph Lenz sind neue Verwaltungsr\u00e4te der Bank WIR. Sie wurden an der schriftlich durchgef\u00fchrten Generalversammlung gew\u00e4hlt.","articlekey":"","footnotes":""},"categories":[24],"tags":[202,334,381,513],"class_list":["post-8112","post","type-post","status-publish","format-standard","has-post-thumbnail","hentry","category-finanzen_recht","tag-finanzenrecht","tag-management","tag-personalia","tag-verwaltungsraete"],"acf":[],"yoast_head":"<!-- This site is optimized with the Yoast SEO plugin v27.5 - https:\/\/yoast.com\/product\/yoast-seo-wordpress\/ -->\n<title>Zwei neue Verwaltungsr\u00e4te bei der Bank WIR - Organisator<\/title>\n<meta name=\"description\" content=\"Heinz Fuchs und Christoph Lenz sind neue Verwaltungsr\u00e4te der Bank WIR. Sie wurden an der schriftlich durchgef\u00fchrten Generalversammlung gew\u00e4hlt.\" \/>\n<meta name=\"robots\" content=\"index, follow, max-snippet:-1, max-image-preview:large, max-video-preview:-1\" \/>\n<link rel=\"canonical\" href=\"https:\/\/www.organisator.ch\/it\/gestione-2\/finanzen_recht\/2021-06-04\/zwei-neue-verwaltungsraete-bei-der-bank-wir\/\" \/>\n<meta property=\"og:locale\" content=\"it_IT\" \/>\n<meta property=\"og:type\" content=\"article\" \/>\n<meta property=\"og:title\" content=\"Zwei neue Verwaltungsr\u00e4te bei der Bank WIR\" \/>\n<meta property=\"og:description\" content=\"Heinz Fuchs und Christoph Lenz sind neue Verwaltungsr\u00e4te der Bank WIR. Sie wurden an der schriftlich durchgef\u00fchrten Generalversammlung gew\u00e4hlt.\" \/>\n<meta property=\"og:url\" content=\"https:\/\/www.organisator.ch\/it\/gestione-2\/finanzen_recht\/2021-06-04\/zwei-neue-verwaltungsraete-bei-der-bank-wir\/\" \/>\n<meta property=\"og:site_name\" content=\"Organisator\" \/>\n<meta property=\"article:publisher\" content=\"https:\/\/www.facebook.com\/OrganisatorFachmagazin\" \/>\n<meta property=\"article:published_time\" content=\"2021-06-04T06:17:44+00:00\" \/>\n<meta property=\"og:image\" content=\"https:\/\/www.organisator.ch\/wp-content\/uploads\/2021\/06\/Zwei-neue-Verwaltungsraete-bei-der-Bank-WIR_Organisator.jpg\" \/>\n\t<meta property=\"og:image:width\" content=\"680\" \/>\n\t<meta property=\"og:image:height\" content=\"340\" \/>\n\t<meta property=\"og:image:type\" content=\"image\/jpeg\" \/>\n<meta name=\"author\" content=\"thomas.berner\" \/>\n<meta name=\"twitter:card\" content=\"summary_large_image\" \/>\n<meta name=\"twitter:title\" content=\"Zwei neue #Verwaltungsr\u00e4te bei der Bank #WIR\" \/>\n<meta name=\"twitter:description\" content=\"Heinz Fuchs und Christoph Lenz sind neue #Verwaltungsr\u00e4te der Bank #WIR. Sie wurden an der schriftlich durchgef\u00fchrten Generalversammlung gew\u00e4hlt.\" \/>\n<meta name=\"twitter:image\" content=\"https:\/\/www.organisator.ch\/wp-content\/uploads\/2021\/06\/Zwei-neue-Verwaltungsraete-bei-der-Bank-WIR_Organisator.jpg\" \/>\n<script type=\"application\/ld+json\" class=\"yoast-schema-graph\">{\"@context\":\"https:\\\/\\\/schema.org\",\"@graph\":[{\"@type\":\"Article\",\"@id\":\"https:\\\/\\\/www.organisator.ch\\\/management\\\/finanzen_recht\\\/2021-06-04\\\/zwei-neue-verwaltungsraete-bei-der-bank-wir\\\/#article\",\"isPartOf\":{\"@id\":\"https:\\\/\\\/www.organisator.ch\\\/management\\\/finanzen_recht\\\/2021-06-04\\\/zwei-neue-verwaltungsraete-bei-der-bank-wir\\\/\"},\"author\":{\"name\":\"thomas.berner\",\"@id\":\"https:\\\/\\\/www.organisator.ch\\\/#\\\/schema\\\/person\\\/6f650f90b2842cd4c0cc334b4e36f67e\"},\"headline\":\"Zwei neue Verwaltungsr\u00e4te bei der Bank WIR\",\"datePublished\":\"2021-06-04T06:17:44+00:00\",\"mainEntityOfPage\":{\"@id\":\"https:\\\/\\\/www.organisator.ch\\\/management\\\/finanzen_recht\\\/2021-06-04\\\/zwei-neue-verwaltungsraete-bei-der-bank-wir\\\/\"},\"wordCount\":386,\"publisher\":{\"@id\":\"https:\\\/\\\/www.organisator.ch\\\/#organization\"},\"image\":{\"@id\":\"https:\\\/\\\/www.organisator.ch\\\/management\\\/finanzen_recht\\\/2021-06-04\\\/zwei-neue-verwaltungsraete-bei-der-bank-wir\\\/#primaryimage\"},\"thumbnailUrl\":\"https:\\\/\\\/www.organisator.ch\\\/wp-content\\\/uploads\\\/2021\\\/06\\\/Zwei-neue-Verwaltungsraete-bei-der-Bank-WIR_Organisator.jpg\",\"keywords\":[\"Finanzen\\\/Recht\",\"Management\",\"Personalia\",\"Verwaltungsr\u00e4te\"],\"articleSection\":[\"FINANZEN\\\/RECHT\"],\"inLanguage\":\"it-IT\"},{\"@type\":\"WebPage\",\"@id\":\"https:\\\/\\\/www.organisator.ch\\\/management\\\/finanzen_recht\\\/2021-06-04\\\/zwei-neue-verwaltungsraete-bei-der-bank-wir\\\/\",\"url\":\"https:\\\/\\\/www.organisator.ch\\\/management\\\/finanzen_recht\\\/2021-06-04\\\/zwei-neue-verwaltungsraete-bei-der-bank-wir\\\/\",\"name\":\"Zwei neue Verwaltungsr\u00e4te bei der Bank WIR - Organisator\",\"isPartOf\":{\"@id\":\"https:\\\/\\\/www.organisator.ch\\\/#website\"},\"primaryImageOfPage\":{\"@id\":\"https:\\\/\\\/www.organisator.ch\\\/management\\\/finanzen_recht\\\/2021-06-04\\\/zwei-neue-verwaltungsraete-bei-der-bank-wir\\\/#primaryimage\"},\"image\":{\"@id\":\"https:\\\/\\\/www.organisator.ch\\\/management\\\/finanzen_recht\\\/2021-06-04\\\/zwei-neue-verwaltungsraete-bei-der-bank-wir\\\/#primaryimage\"},\"thumbnailUrl\":\"https:\\\/\\\/www.organisator.ch\\\/wp-content\\\/uploads\\\/2021\\\/06\\\/Zwei-neue-Verwaltungsraete-bei-der-Bank-WIR_Organisator.jpg\",\"datePublished\":\"2021-06-04T06:17:44+00:00\",\"description\":\"Heinz Fuchs und Christoph Lenz sind neue Verwaltungsr\u00e4te der Bank WIR. Sie wurden an der schriftlich durchgef\u00fchrten Generalversammlung gew\u00e4hlt.\",\"breadcrumb\":{\"@id\":\"https:\\\/\\\/www.organisator.ch\\\/management\\\/finanzen_recht\\\/2021-06-04\\\/zwei-neue-verwaltungsraete-bei-der-bank-wir\\\/#breadcrumb\"},\"inLanguage\":\"it-IT\",\"potentialAction\":[{\"@type\":\"ReadAction\",\"target\":[\"https:\\\/\\\/www.organisator.ch\\\/management\\\/finanzen_recht\\\/2021-06-04\\\/zwei-neue-verwaltungsraete-bei-der-bank-wir\\\/\"]}]},{\"@type\":\"ImageObject\",\"inLanguage\":\"it-IT\",\"@id\":\"https:\\\/\\\/www.organisator.ch\\\/management\\\/finanzen_recht\\\/2021-06-04\\\/zwei-neue-verwaltungsraete-bei-der-bank-wir\\\/#primaryimage\",\"url\":\"https:\\\/\\\/www.organisator.ch\\\/wp-content\\\/uploads\\\/2021\\\/06\\\/Zwei-neue-Verwaltungsraete-bei-der-Bank-WIR_Organisator.jpg\",\"contentUrl\":\"https:\\\/\\\/www.organisator.ch\\\/wp-content\\\/uploads\\\/2021\\\/06\\\/Zwei-neue-Verwaltungsraete-bei-der-Bank-WIR_Organisator.jpg\",\"width\":680,\"height\":340,\"caption\":\"Neue Verwaltungsr\u00e4te bei der Bank WIR: Heinz Fuchs (links) und Christoph Lenz. (Bilder: zVg)\"},{\"@type\":\"BreadcrumbList\",\"@id\":\"https:\\\/\\\/www.organisator.ch\\\/management\\\/finanzen_recht\\\/2021-06-04\\\/zwei-neue-verwaltungsraete-bei-der-bank-wir\\\/#breadcrumb\",\"itemListElement\":[{\"@type\":\"ListItem\",\"position\":1,\"name\":\"Home\",\"item\":\"https:\\\/\\\/www.organisator.ch\\\/\"},{\"@type\":\"ListItem\",\"position\":2,\"name\":\"Zwei neue Verwaltungsr\u00e4te bei der Bank WIR\"}]},{\"@type\":\"WebSite\",\"@id\":\"https:\\\/\\\/www.organisator.ch\\\/#website\",\"url\":\"https:\\\/\\\/www.organisator.ch\\\/\",\"name\":\"Organisator\",\"description\":\"Kompetent. Praxisnah. Der ORGANISATOR bereitet in 10 Ausgaben pro Jahr die wesentlichen Themen f\u00fcr F\u00fchrungskr\u00e4fte von KMU auf.\",\"publisher\":{\"@id\":\"https:\\\/\\\/www.organisator.ch\\\/#organization\"},\"potentialAction\":[{\"@type\":\"SearchAction\",\"target\":{\"@type\":\"EntryPoint\",\"urlTemplate\":\"https:\\\/\\\/www.organisator.ch\\\/?s={search_term_string}\"},\"query-input\":{\"@type\":\"PropertyValueSpecification\",\"valueRequired\":true,\"valueName\":\"search_term_string\"}}],\"inLanguage\":\"it-IT\"},{\"@type\":\"Organization\",\"@id\":\"https:\\\/\\\/www.organisator.ch\\\/#organization\",\"name\":\"Organisator\",\"url\":\"https:\\\/\\\/www.organisator.ch\\\/\",\"logo\":{\"@type\":\"ImageObject\",\"inLanguage\":\"it-IT\",\"@id\":\"https:\\\/\\\/www.organisator.ch\\\/#\\\/schema\\\/logo\\\/image\\\/\",\"url\":\"https:\\\/\\\/www.organisator.ch\\\/wp-content\\\/uploads\\\/2022\\\/01\\\/Logo_Organisator_Website.png\",\"contentUrl\":\"https:\\\/\\\/www.organisator.ch\\\/wp-content\\\/uploads\\\/2022\\\/01\\\/Logo_Organisator_Website.png\",\"width\":800,\"height\":77,\"caption\":\"Organisator\"},\"image\":{\"@id\":\"https:\\\/\\\/www.organisator.ch\\\/#\\\/schema\\\/logo\\\/image\\\/\"},\"sameAs\":[\"https:\\\/\\\/www.facebook.com\\\/OrganisatorFachmagazin\",\"https:\\\/\\\/www.linkedin.com\\\/showcase\\\/organisator-das-magazin-fr-kmu\",\"https:\\\/\\\/www.xing.com\\\/news\\\/pages\\\/organisator-ch-695\",\"https:\\\/\\\/www.youtube.com\\\/channel\\\/UCGP2Sq0iWaZwT3BdIAQFYpw\"]},{\"@type\":\"Person\",\"@id\":\"https:\\\/\\\/www.organisator.ch\\\/#\\\/schema\\\/person\\\/6f650f90b2842cd4c0cc334b4e36f67e\",\"name\":\"thomas.berner\",\"image\":{\"@type\":\"ImageObject\",\"inLanguage\":\"it-IT\",\"@id\":\"https:\\\/\\\/secure.gravatar.com\\\/avatar\\\/ac5001d2a36cb6c6cd3e50789007ffca834b477b74a2144564522e944eabff61?s=96&d=mm&r=g\",\"url\":\"https:\\\/\\\/secure.gravatar.com\\\/avatar\\\/ac5001d2a36cb6c6cd3e50789007ffca834b477b74a2144564522e944eabff61?s=96&d=mm&r=g\",\"contentUrl\":\"https:\\\/\\\/secure.gravatar.com\\\/avatar\\\/ac5001d2a36cb6c6cd3e50789007ffca834b477b74a2144564522e944eabff61?s=96&d=mm&r=g\",\"caption\":\"thomas.berner\"},\"url\":\"https:\\\/\\\/www.organisator.ch\\\/it\\\/author\\\/thomas-berner\\\/\"}]}<\/script>\n<!-- \/ Yoast SEO plugin. -->","yoast_head_json":{"title":"Due nuovi membri del consiglio di amministrazione della Banca WIR - Organizzatore","description":"Heinz Fuchs e Christoph Lenz sono nuovi membri del Consiglio di amministrazione della Banca WIR. Sono stati eletti durante l'assemblea generale, che si \u00e8 tenuta per iscritto.","robots":{"index":"index","follow":"follow","max-snippet":"max-snippet:-1","max-image-preview":"max-image-preview:large","max-video-preview":"max-video-preview:-1"},"canonical":"https:\/\/www.organisator.ch\/it\/gestione-2\/finanzen_recht\/2021-06-04\/zwei-neue-verwaltungsraete-bei-der-bank-wir\/","og_locale":"it_IT","og_type":"article","og_title":"Zwei neue Verwaltungsr\u00e4te bei der Bank WIR","og_description":"Heinz Fuchs und Christoph Lenz sind neue Verwaltungsr\u00e4te der Bank WIR. Sie wurden an der schriftlich durchgef\u00fchrten Generalversammlung gew\u00e4hlt.","og_url":"https:\/\/www.organisator.ch\/it\/gestione-2\/finanzen_recht\/2021-06-04\/zwei-neue-verwaltungsraete-bei-der-bank-wir\/","og_site_name":"Organisator","article_publisher":"https:\/\/www.facebook.com\/OrganisatorFachmagazin","article_published_time":"2021-06-04T06:17:44+00:00","og_image":[{"width":680,"height":340,"url":"https:\/\/www.organisator.ch\/wp-content\/uploads\/2021\/06\/Zwei-neue-Verwaltungsraete-bei-der-Bank-WIR_Organisator.jpg","type":"image\/jpeg"}],"author":"thomas.berner","twitter_card":"summary_large_image","twitter_title":"Zwei neue #Verwaltungsr\u00e4te bei der Bank #WIR","twitter_description":"Heinz Fuchs und Christoph Lenz sind neue #Verwaltungsr\u00e4te der Bank #WIR. Sie wurden an der schriftlich durchgef\u00fchrten Generalversammlung gew\u00e4hlt.","twitter_image":"https:\/\/www.organisator.ch\/wp-content\/uploads\/2021\/06\/Zwei-neue-Verwaltungsraete-bei-der-Bank-WIR_Organisator.jpg","schema":{"@context":"https:\/\/schema.org","@graph":[{"@type":"Article","@id":"https:\/\/www.organisator.ch\/management\/finanzen_recht\/2021-06-04\/zwei-neue-verwaltungsraete-bei-der-bank-wir\/#article","isPartOf":{"@id":"https:\/\/www.organisator.ch\/management\/finanzen_recht\/2021-06-04\/zwei-neue-verwaltungsraete-bei-der-bank-wir\/"},"author":{"name":"thomas.berner","@id":"https:\/\/www.organisator.ch\/#\/schema\/person\/6f650f90b2842cd4c0cc334b4e36f67e"},"headline":"Zwei neue Verwaltungsr\u00e4te bei der Bank WIR","datePublished":"2021-06-04T06:17:44+00:00","mainEntityOfPage":{"@id":"https:\/\/www.organisator.ch\/management\/finanzen_recht\/2021-06-04\/zwei-neue-verwaltungsraete-bei-der-bank-wir\/"},"wordCount":386,"publisher":{"@id":"https:\/\/www.organisator.ch\/#organization"},"image":{"@id":"https:\/\/www.organisator.ch\/management\/finanzen_recht\/2021-06-04\/zwei-neue-verwaltungsraete-bei-der-bank-wir\/#primaryimage"},"thumbnailUrl":"https:\/\/www.organisator.ch\/wp-content\/uploads\/2021\/06\/Zwei-neue-Verwaltungsraete-bei-der-Bank-WIR_Organisator.jpg","keywords":["Finanzen\/Recht","Management","Personalia","Verwaltungsr\u00e4te"],"articleSection":["FINANZEN\/RECHT"],"inLanguage":"it-IT"},{"@type":"WebPage","@id":"https:\/\/www.organisator.ch\/management\/finanzen_recht\/2021-06-04\/zwei-neue-verwaltungsraete-bei-der-bank-wir\/","url":"https:\/\/www.organisator.ch\/management\/finanzen_recht\/2021-06-04\/zwei-neue-verwaltungsraete-bei-der-bank-wir\/","name":"Due nuovi membri del consiglio di amministrazione della Banca WIR - Organizzatore","isPartOf":{"@id":"https:\/\/www.organisator.ch\/#website"},"primaryImageOfPage":{"@id":"https:\/\/www.organisator.ch\/management\/finanzen_recht\/2021-06-04\/zwei-neue-verwaltungsraete-bei-der-bank-wir\/#primaryimage"},"image":{"@id":"https:\/\/www.organisator.ch\/management\/finanzen_recht\/2021-06-04\/zwei-neue-verwaltungsraete-bei-der-bank-wir\/#primaryimage"},"thumbnailUrl":"https:\/\/www.organisator.ch\/wp-content\/uploads\/2021\/06\/Zwei-neue-Verwaltungsraete-bei-der-Bank-WIR_Organisator.jpg","datePublished":"2021-06-04T06:17:44+00:00","description":"Heinz Fuchs e Christoph Lenz sono nuovi membri del Consiglio di amministrazione della Banca WIR. Sono stati eletti durante l'assemblea generale, che si \u00e8 tenuta per iscritto.","breadcrumb":{"@id":"https:\/\/www.organisator.ch\/management\/finanzen_recht\/2021-06-04\/zwei-neue-verwaltungsraete-bei-der-bank-wir\/#breadcrumb"},"inLanguage":"it-IT","potentialAction":[{"@type":"ReadAction","target":["https:\/\/www.organisator.ch\/management\/finanzen_recht\/2021-06-04\/zwei-neue-verwaltungsraete-bei-der-bank-wir\/"]}]},{"@type":"ImageObject","inLanguage":"it-IT","@id":"https:\/\/www.organisator.ch\/management\/finanzen_recht\/2021-06-04\/zwei-neue-verwaltungsraete-bei-der-bank-wir\/#primaryimage","url":"https:\/\/www.organisator.ch\/wp-content\/uploads\/2021\/06\/Zwei-neue-Verwaltungsraete-bei-der-Bank-WIR_Organisator.jpg","contentUrl":"https:\/\/www.organisator.ch\/wp-content\/uploads\/2021\/06\/Zwei-neue-Verwaltungsraete-bei-der-Bank-WIR_Organisator.jpg","width":680,"height":340,"caption":"Neue Verwaltungsr\u00e4te bei der Bank WIR: Heinz Fuchs (links) und Christoph Lenz. (Bilder: zVg)"},{"@type":"BreadcrumbList","@id":"https:\/\/www.organisator.ch\/management\/finanzen_recht\/2021-06-04\/zwei-neue-verwaltungsraete-bei-der-bank-wir\/#breadcrumb","itemListElement":[{"@type":"ListItem","position":1,"name":"Home","item":"https:\/\/www.organisator.ch\/"},{"@type":"ListItem","position":2,"name":"Zwei neue Verwaltungsr\u00e4te bei der Bank WIR"}]},{"@type":"WebSite","@id":"https:\/\/www.organisator.ch\/#website","url":"https:\/\/www.organisator.ch\/","name":"Organizzatore","description":"Competente. Pratico. In 10 numeri all'anno, ORGANISATOR presenta i temi essenziali per i manager delle PMI.","publisher":{"@id":"https:\/\/www.organisator.ch\/#organization"},"potentialAction":[{"@type":"SearchAction","target":{"@type":"EntryPoint","urlTemplate":"https:\/\/www.organisator.ch\/?s={search_term_string}"},"query-input":{"@type":"PropertyValueSpecification","valueRequired":true,"valueName":"search_term_string"}}],"inLanguage":"it-IT"},{"@type":"Organization","@id":"https:\/\/www.organisator.ch\/#organization","name":"Organizzatore","url":"https:\/\/www.organisator.ch\/","logo":{"@type":"ImageObject","inLanguage":"it-IT","@id":"https:\/\/www.organisator.ch\/#\/schema\/logo\/image\/","url":"https:\/\/www.organisator.ch\/wp-content\/uploads\/2022\/01\/Logo_Organisator_Website.png","contentUrl":"https:\/\/www.organisator.ch\/wp-content\/uploads\/2022\/01\/Logo_Organisator_Website.png","width":800,"height":77,"caption":"Organisator"},"image":{"@id":"https:\/\/www.organisator.ch\/#\/schema\/logo\/image\/"},"sameAs":["https:\/\/www.facebook.com\/OrganisatorFachmagazin","https:\/\/www.linkedin.com\/showcase\/organisator-das-magazin-fr-kmu","https:\/\/www.xing.com\/news\/pages\/organisator-ch-695","https:\/\/www.youtube.com\/channel\/UCGP2Sq0iWaZwT3BdIAQFYpw"]},{"@type":"Person","@id":"https:\/\/www.organisator.ch\/#\/schema\/person\/6f650f90b2842cd4c0cc334b4e36f67e","name":"Tommaso.berner","image":{"@type":"ImageObject","inLanguage":"it-IT","@id":"https:\/\/secure.gravatar.com\/avatar\/ac5001d2a36cb6c6cd3e50789007ffca834b477b74a2144564522e944eabff61?s=96&d=mm&r=g","url":"https:\/\/secure.gravatar.com\/avatar\/ac5001d2a36cb6c6cd3e50789007ffca834b477b74a2144564522e944eabff61?s=96&d=mm&r=g","contentUrl":"https:\/\/secure.gravatar.com\/avatar\/ac5001d2a36cb6c6cd3e50789007ffca834b477b74a2144564522e944eabff61?s=96&d=mm&r=g","caption":"thomas.berner"},"url":"https:\/\/www.organisator.ch\/it\/author\/thomas-berner\/"}]}},"_links":{"self":[{"href":"https:\/\/www.organisator.ch\/it\/wp-json\/wp\/v2\/posts\/8112","targetHints":{"allow":["GET"]}}],"collection":[{"href":"https:\/\/www.organisator.ch\/it\/wp-json\/wp\/v2\/posts"}],"about":[{"href":"https:\/\/www.organisator.ch\/it\/wp-json\/wp\/v2\/types\/post"}],"author":[{"embeddable":true,"href":"https:\/\/www.organisator.ch\/it\/wp-json\/wp\/v2\/users\/4"}],"replies":[{"embeddable":true,"href":"https:\/\/www.organisator.ch\/it\/wp-json\/wp\/v2\/comments?post=8112"}],"version-history":[{"count":0,"href":"https:\/\/www.organisator.ch\/it\/wp-json\/wp\/v2\/posts\/8112\/revisions"}],"wp:featuredmedia":[{"embeddable":true,"href":"https:\/\/www.organisator.ch\/it\/wp-json\/wp\/v2\/media\/8113"}],"wp:attachment":[{"href":"https:\/\/www.organisator.ch\/it\/wp-json\/wp\/v2\/media?parent=8112"}],"wp:term":[{"taxonomy":"category","embeddable":true,"href":"https:\/\/www.organisator.ch\/it\/wp-json\/wp\/v2\/categories?post=8112"},{"taxonomy":"post_tag","embeddable":true,"href":"https:\/\/www.organisator.ch\/it\/wp-json\/wp\/v2\/tags?post=8112"}],"curies":[{"name":"wp","href":"https:\/\/api.w.org\/{rel}","templated":true}]}}