{"id":8115,"date":"2021-06-09T11:10:41","date_gmt":"2021-06-09T09:10:41","guid":{"rendered":"https:\/\/www.organisator.ch\/?p=8115"},"modified":"2021-06-09T11:10:41","modified_gmt":"2021-06-09T09:10:41","slug":"sfb-symposium-zur-zukunft-der-beruflichen-weiterbildung","status":"publish","type":"post","link":"https:\/\/www.organisator.ch\/it\/weiterbildung\/2021-06-09\/sfb-symposium-zur-zukunft-der-beruflichen-weiterbildung\/","title":{"rendered":"Simposio sfb sul futuro dello sviluppo professionale continuo"},"content":{"rendered":"<figure id=\"attachment_8118\" aria-describedby=\"caption-attachment-8118\" style=\"width: 680px\" class=\"wp-caption alignnone\"><img loading=\"lazy\" decoding=\"async\" class=\"size-medium wp-image-8118\" src=\"https:\/\/www.organisator.ch\/wp-content\/uploads\/2021\/06\/sfb-Symposium-zur-Zukunft-der-beruflichen-Weiterbildung_Organisator.jpg\" alt=\"\" width=\"680\" height=\"391\" srcset=\"https:\/\/www.organisator.ch\/wp-content\/uploads\/2021\/06\/sfb-Symposium-zur-Zukunft-der-beruflichen-Weiterbildung_Organisator.jpg 680w, https:\/\/www.organisator.ch\/wp-content\/uploads\/2021\/06\/sfb-Symposium-zur-Zukunft-der-beruflichen-Weiterbildung_Organisator-16x9.jpg 16w, https:\/\/www.organisator.ch\/wp-content\/uploads\/2021\/06\/sfb-Symposium-zur-Zukunft-der-beruflichen-Weiterbildung_Organisator-304x175.jpg 304w, https:\/\/www.organisator.ch\/wp-content\/uploads\/2021\/06\/sfb-Symposium-zur-Zukunft-der-beruflichen-Weiterbildung_Organisator-609x350.jpg 609w, https:\/\/www.organisator.ch\/wp-content\/uploads\/2021\/06\/sfb-Symposium-zur-Zukunft-der-beruflichen-Weiterbildung_Organisator-300x173.jpg 300w\" sizes=\"auto, (max-width: 680px) 100vw, 680px\" \/><figcaption id=\"caption-attachment-8118\" class=\"wp-caption-text\">Dove sta andando il viaggio delle scuole tecniche superiori nel panorama educativo svizzero? Il Simposio sfb del 15 settembre 2021 \u00e8 alla ricerca di risposte. (Immagine: sfb)<\/figcaption><\/figure>\n<p>Le scuole professionali superiori (HE) hanno un'importante posizione chiave in Svizzera grazie al nostro sistema educativo. L'esame professionale superiore \u00e8 molto popolare e i numeri sono aumentati significativamente. Confrontando la Svizzera con l'Europa, il nostro paese \u00e8 chiaramente in testa. Entro il 2045, la quota attuale potrebbe passare dal 35 al 60 per cento circa. Ma: i costi di partecipazione per una scuola tecnica superiore sono relativamente alti - per esempio, rispetto a un Bachelor, l'internazionalit\u00e0 dei diplomi non \u00e8 riconosciuta, il titolo federale e il visto o il logo della Confederazione mancano sui diplomi. I singoli corsi sono riconosciuti, ma non la HF come istituzione. Il marchio \"HF\" non \u00e8 quindi protetto - questo deve cambiare.<\/p>\n<h2>Come sar\u00e0 l'insegnamento del futuro?<\/h2>\n<p>A questa tensione di \"prospettive economiche o economiche\" e alla questione del futuro della formazione professionale continua e della formazione in generale, si aggiungono i nuovi sviluppi innescati dalla pandemia di Corona. \u00c8 diventato chiaro che \"l'insegnamento di internet\" nell'educazione \u00e8 di tendenza. \u00c8 particolarmente evidente nel settore terziario e richiede sempre pi\u00f9 nuove competenze per l'insegnamento. Gli studenti stanno diventando sempre pi\u00f9 flessibili e indipendenti. Decidono sempre di pi\u00f9 dove, quando e quanto spesso si dedicano al materiale di apprendimento. Il simposio sfb del 15 settembre 2021 metter\u00e0 in luce le attuali esigenze economiche e di politica educativa per l'insegnamento del futuro nell'ambiente competitivo del panorama educativo svizzero.<\/p>\n<h2>Relatori esperti di fama al simposio sfb<\/h2>\n<p>Il simposio sfb si rivolge alle aziende (PMI), agli alumni e ad altre parti interessate; alle istituzioni educative e agli organi politici come le associazioni professionali, le scuole (Sek II\/Terti\u00e4r B), ODAS, SERI e i partner di cooperazione della sfb. La sede della conferenza \u00e8 il Gottlieb Duttweiler Institute (GDI) a 8803 R\u00fcschlikon (ZH). Interverranno Robert Heinzer, responsabile delle risorse umane di Victorinox AG, il Dr. David Bosshart, CEO del GDI, il Prof. Dr. Andreas Frey, rettore dell'HdBA - Universit\u00e0 di Scienze Applicate dell'Agenzia Federale del Lavoro di Mannheim e Chantal Gallad\u00e9, educatrice e politica. L'evento sar\u00e0 moderato da Hugo Bigi.<\/p>\n<p><em>Iscrizioni fino al 31 luglio 2021 a <a href=\"https:\/\/sfb.ch\/symposium\">sfb.ch\/simposio<\/a><\/em><\/p>","protected":false},"excerpt":{"rendered":"<p>H\u00f6here Fachschulen (HF) haben in der Schweiz aufgrund unseres Bildungssystems eine wichtige Schl\u00fcsselposition. Die h\u00f6here Berufspr\u00fcfung erfreut sich grosser Beliebtheit, die Zahlen sind deutlich angestiegen. Vergleicht man die Schweiz mit Europa, liegt unser Land hierbei klar im vorderen Bereich. Bis 2045 k\u00f6nnte der heutige Anteil von ca. 35 auf 60 Prozent steigen. Aber: die Teilnahme-Kosten [&hellip;]<\/p>\n","protected":false},"author":4,"featured_media":8118,"comment_status":"closed","ping_status":"closed","sticky":false,"template":"","format":"standard","meta":{"_acf_changed":false,"_yoast_wpseo_focuskw":"sfb Symposium","_yoast_wpseo_metadesc":"Das sfb Symposium 2021 befasst sich mit dem Themenzirkel: \u00abZukunftsszenario Bildung im Spannungsfeld wirtschaftlicher bzw. \u00f6konomischer Perspektiven\u00bb.","articlekey":"","footnotes":""},"categories":[30],"tags":[62,73,193],"class_list":["post-8115","post","type-post","status-publish","format-standard","has-post-thumbnail","hentry","category-weiterbildung","tag-aus-weiterbildung","tag-berufsbildung","tag-fachkongressfachmesse"],"acf":[],"yoast_head":"<!-- This site is optimized with the Yoast SEO plugin v27.5 - https:\/\/yoast.com\/product\/yoast-seo-wordpress\/ -->\n<title>sfb Symposium zur Zukunft der beruflichen Weiterbildung - Organisator<\/title>\n<meta name=\"description\" content=\"Das sfb Symposium 2021 befasst sich mit dem Themenzirkel: \u00abZukunftsszenario Bildung im Spannungsfeld wirtschaftlicher bzw. \u00f6konomischer Perspektiven\u00bb.\" \/>\n<meta name=\"robots\" content=\"index, follow, max-snippet:-1, max-image-preview:large, max-video-preview:-1\" \/>\n<link rel=\"canonical\" href=\"https:\/\/www.organisator.ch\/it\/formazione-continua\/2021-06-09\/sfb-symposium-zur-zukunft-der-beruflichen-weiterbildung\/\" \/>\n<meta property=\"og:locale\" content=\"it_IT\" \/>\n<meta property=\"og:type\" content=\"article\" \/>\n<meta property=\"og:title\" content=\"sfb Symposium zur Zukunft der beruflichen Weiterbildung\" \/>\n<meta property=\"og:description\" content=\"Das sfb Symposium 2021 befasst sich mit dem Themenzirkel: \u00abZukunftsszenario Bildung im Spannungsfeld wirtschaftlicher bzw. \u00f6konomischer Perspektiven\u00bb.\" \/>\n<meta property=\"og:url\" content=\"https:\/\/www.organisator.ch\/it\/formazione-continua\/2021-06-09\/sfb-symposium-zur-zukunft-der-beruflichen-weiterbildung\/\" \/>\n<meta property=\"og:site_name\" content=\"Organisator\" \/>\n<meta property=\"article:publisher\" content=\"https:\/\/www.facebook.com\/OrganisatorFachmagazin\" \/>\n<meta property=\"article:published_time\" content=\"2021-06-09T09:10:41+00:00\" \/>\n<meta property=\"og:image\" content=\"https:\/\/www.organisator.ch\/wp-content\/uploads\/2021\/06\/sfb-Symposium-zur-Zukunft-der-beruflichen-Weiterbildung_Organisator.jpg\" \/>\n\t<meta property=\"og:image:width\" content=\"680\" \/>\n\t<meta property=\"og:image:height\" content=\"391\" \/>\n\t<meta property=\"og:image:type\" content=\"image\/jpeg\" \/>\n<meta name=\"author\" content=\"thomas.berner\" \/>\n<meta name=\"twitter:card\" content=\"summary_large_image\" \/>\n<meta name=\"twitter:title\" content=\"sfb #Symposium zur Zukunft der beruflichen #Weiterbildung\" \/>\n<meta name=\"twitter:description\" content=\"Das sfb #Symposium 2021 befasst sich mit dem Themenzirkel: \u00abZukunftsszenario Bildung im Spannungsfeld wirtschaftlicher bzw. \u00f6konomischer Perspektiven\u00bb.\" \/>\n<meta name=\"twitter:image\" content=\"https:\/\/www.organisator.ch\/wp-content\/uploads\/2021\/06\/sfb-Symposium-zur-Zukunft-der-beruflichen-Weiterbildung_Organisator.jpg\" \/>\n<script type=\"application\/ld+json\" class=\"yoast-schema-graph\">{\"@context\":\"https:\\\/\\\/schema.org\",\"@graph\":[{\"@type\":\"Article\",\"@id\":\"https:\\\/\\\/www.organisator.ch\\\/weiterbildung\\\/2021-06-09\\\/sfb-symposium-zur-zukunft-der-beruflichen-weiterbildung\\\/#article\",\"isPartOf\":{\"@id\":\"https:\\\/\\\/www.organisator.ch\\\/weiterbildung\\\/2021-06-09\\\/sfb-symposium-zur-zukunft-der-beruflichen-weiterbildung\\\/\"},\"author\":{\"name\":\"thomas.berner\",\"@id\":\"https:\\\/\\\/www.organisator.ch\\\/#\\\/schema\\\/person\\\/6f650f90b2842cd4c0cc334b4e36f67e\"},\"headline\":\"sfb Symposium zur Zukunft der beruflichen Weiterbildung\",\"datePublished\":\"2021-06-09T09:10:41+00:00\",\"mainEntityOfPage\":{\"@id\":\"https:\\\/\\\/www.organisator.ch\\\/weiterbildung\\\/2021-06-09\\\/sfb-symposium-zur-zukunft-der-beruflichen-weiterbildung\\\/\"},\"wordCount\":367,\"publisher\":{\"@id\":\"https:\\\/\\\/www.organisator.ch\\\/#organization\"},\"image\":{\"@id\":\"https:\\\/\\\/www.organisator.ch\\\/weiterbildung\\\/2021-06-09\\\/sfb-symposium-zur-zukunft-der-beruflichen-weiterbildung\\\/#primaryimage\"},\"thumbnailUrl\":\"https:\\\/\\\/www.organisator.ch\\\/wp-content\\\/uploads\\\/2021\\\/06\\\/sfb-Symposium-zur-Zukunft-der-beruflichen-Weiterbildung_Organisator.jpg\",\"keywords\":[\"Aus-\\\/Weiterbildung\",\"Berufsbildung\",\"Fachkongress\\\/Fachmesse\"],\"articleSection\":[\"WEITERBILDUNG\"],\"inLanguage\":\"it-IT\"},{\"@type\":\"WebPage\",\"@id\":\"https:\\\/\\\/www.organisator.ch\\\/weiterbildung\\\/2021-06-09\\\/sfb-symposium-zur-zukunft-der-beruflichen-weiterbildung\\\/\",\"url\":\"https:\\\/\\\/www.organisator.ch\\\/weiterbildung\\\/2021-06-09\\\/sfb-symposium-zur-zukunft-der-beruflichen-weiterbildung\\\/\",\"name\":\"sfb Symposium zur Zukunft der beruflichen Weiterbildung - Organisator\",\"isPartOf\":{\"@id\":\"https:\\\/\\\/www.organisator.ch\\\/#website\"},\"primaryImageOfPage\":{\"@id\":\"https:\\\/\\\/www.organisator.ch\\\/weiterbildung\\\/2021-06-09\\\/sfb-symposium-zur-zukunft-der-beruflichen-weiterbildung\\\/#primaryimage\"},\"image\":{\"@id\":\"https:\\\/\\\/www.organisator.ch\\\/weiterbildung\\\/2021-06-09\\\/sfb-symposium-zur-zukunft-der-beruflichen-weiterbildung\\\/#primaryimage\"},\"thumbnailUrl\":\"https:\\\/\\\/www.organisator.ch\\\/wp-content\\\/uploads\\\/2021\\\/06\\\/sfb-Symposium-zur-Zukunft-der-beruflichen-Weiterbildung_Organisator.jpg\",\"datePublished\":\"2021-06-09T09:10:41+00:00\",\"description\":\"Das sfb Symposium 2021 befasst sich mit dem Themenzirkel: \u00abZukunftsszenario Bildung im Spannungsfeld wirtschaftlicher bzw. \u00f6konomischer Perspektiven\u00bb.\",\"breadcrumb\":{\"@id\":\"https:\\\/\\\/www.organisator.ch\\\/weiterbildung\\\/2021-06-09\\\/sfb-symposium-zur-zukunft-der-beruflichen-weiterbildung\\\/#breadcrumb\"},\"inLanguage\":\"it-IT\",\"potentialAction\":[{\"@type\":\"ReadAction\",\"target\":[\"https:\\\/\\\/www.organisator.ch\\\/weiterbildung\\\/2021-06-09\\\/sfb-symposium-zur-zukunft-der-beruflichen-weiterbildung\\\/\"]}]},{\"@type\":\"ImageObject\",\"inLanguage\":\"it-IT\",\"@id\":\"https:\\\/\\\/www.organisator.ch\\\/weiterbildung\\\/2021-06-09\\\/sfb-symposium-zur-zukunft-der-beruflichen-weiterbildung\\\/#primaryimage\",\"url\":\"https:\\\/\\\/www.organisator.ch\\\/wp-content\\\/uploads\\\/2021\\\/06\\\/sfb-Symposium-zur-Zukunft-der-beruflichen-Weiterbildung_Organisator.jpg\",\"contentUrl\":\"https:\\\/\\\/www.organisator.ch\\\/wp-content\\\/uploads\\\/2021\\\/06\\\/sfb-Symposium-zur-Zukunft-der-beruflichen-Weiterbildung_Organisator.jpg\",\"width\":680,\"height\":391,\"caption\":\"Wohin geht die Reise in der Schweizer Bildungslandschaft? Das sfb Symposium vom 15. September 2021 sucht nach Antworten. (Bild sfb)\"},{\"@type\":\"BreadcrumbList\",\"@id\":\"https:\\\/\\\/www.organisator.ch\\\/weiterbildung\\\/2021-06-09\\\/sfb-symposium-zur-zukunft-der-beruflichen-weiterbildung\\\/#breadcrumb\",\"itemListElement\":[{\"@type\":\"ListItem\",\"position\":1,\"name\":\"Home\",\"item\":\"https:\\\/\\\/www.organisator.ch\\\/\"},{\"@type\":\"ListItem\",\"position\":2,\"name\":\"sfb Symposium zur Zukunft der beruflichen Weiterbildung\"}]},{\"@type\":\"WebSite\",\"@id\":\"https:\\\/\\\/www.organisator.ch\\\/#website\",\"url\":\"https:\\\/\\\/www.organisator.ch\\\/\",\"name\":\"Organisator\",\"description\":\"Kompetent. Praxisnah. Der ORGANISATOR bereitet in 10 Ausgaben pro Jahr die wesentlichen Themen f\u00fcr F\u00fchrungskr\u00e4fte von KMU auf.\",\"publisher\":{\"@id\":\"https:\\\/\\\/www.organisator.ch\\\/#organization\"},\"potentialAction\":[{\"@type\":\"SearchAction\",\"target\":{\"@type\":\"EntryPoint\",\"urlTemplate\":\"https:\\\/\\\/www.organisator.ch\\\/?s={search_term_string}\"},\"query-input\":{\"@type\":\"PropertyValueSpecification\",\"valueRequired\":true,\"valueName\":\"search_term_string\"}}],\"inLanguage\":\"it-IT\"},{\"@type\":\"Organization\",\"@id\":\"https:\\\/\\\/www.organisator.ch\\\/#organization\",\"name\":\"Organisator\",\"url\":\"https:\\\/\\\/www.organisator.ch\\\/\",\"logo\":{\"@type\":\"ImageObject\",\"inLanguage\":\"it-IT\",\"@id\":\"https:\\\/\\\/www.organisator.ch\\\/#\\\/schema\\\/logo\\\/image\\\/\",\"url\":\"https:\\\/\\\/www.organisator.ch\\\/wp-content\\\/uploads\\\/2022\\\/01\\\/Logo_Organisator_Website.png\",\"contentUrl\":\"https:\\\/\\\/www.organisator.ch\\\/wp-content\\\/uploads\\\/2022\\\/01\\\/Logo_Organisator_Website.png\",\"width\":800,\"height\":77,\"caption\":\"Organisator\"},\"image\":{\"@id\":\"https:\\\/\\\/www.organisator.ch\\\/#\\\/schema\\\/logo\\\/image\\\/\"},\"sameAs\":[\"https:\\\/\\\/www.facebook.com\\\/OrganisatorFachmagazin\",\"https:\\\/\\\/www.linkedin.com\\\/showcase\\\/organisator-das-magazin-fr-kmu\",\"https:\\\/\\\/www.xing.com\\\/news\\\/pages\\\/organisator-ch-695\",\"https:\\\/\\\/www.youtube.com\\\/channel\\\/UCGP2Sq0iWaZwT3BdIAQFYpw\"]},{\"@type\":\"Person\",\"@id\":\"https:\\\/\\\/www.organisator.ch\\\/#\\\/schema\\\/person\\\/6f650f90b2842cd4c0cc334b4e36f67e\",\"name\":\"thomas.berner\",\"image\":{\"@type\":\"ImageObject\",\"inLanguage\":\"it-IT\",\"@id\":\"https:\\\/\\\/secure.gravatar.com\\\/avatar\\\/ac5001d2a36cb6c6cd3e50789007ffca834b477b74a2144564522e944eabff61?s=96&d=mm&r=g\",\"url\":\"https:\\\/\\\/secure.gravatar.com\\\/avatar\\\/ac5001d2a36cb6c6cd3e50789007ffca834b477b74a2144564522e944eabff61?s=96&d=mm&r=g\",\"contentUrl\":\"https:\\\/\\\/secure.gravatar.com\\\/avatar\\\/ac5001d2a36cb6c6cd3e50789007ffca834b477b74a2144564522e944eabff61?s=96&d=mm&r=g\",\"caption\":\"thomas.berner\"},\"url\":\"https:\\\/\\\/www.organisator.ch\\\/it\\\/author\\\/thomas-berner\\\/\"}]}<\/script>\n<!-- \/ Yoast SEO plugin. -->","yoast_head_json":{"title":"Simposio sfb sul futuro dello sviluppo professionale continuo - Organizzatore","description":"Il Simposio sfb 2021 si occupa del cerchio tematico: \"Scenario futuro dell'educazione nel campo della tensione delle prospettive economiche o economiche\".","robots":{"index":"index","follow":"follow","max-snippet":"max-snippet:-1","max-image-preview":"max-image-preview:large","max-video-preview":"max-video-preview:-1"},"canonical":"https:\/\/www.organisator.ch\/it\/formazione-continua\/2021-06-09\/sfb-symposium-zur-zukunft-der-beruflichen-weiterbildung\/","og_locale":"it_IT","og_type":"article","og_title":"sfb Symposium zur Zukunft der beruflichen Weiterbildung","og_description":"Das sfb Symposium 2021 befasst sich mit dem Themenzirkel: \u00abZukunftsszenario Bildung im Spannungsfeld wirtschaftlicher bzw. \u00f6konomischer Perspektiven\u00bb.","og_url":"https:\/\/www.organisator.ch\/it\/formazione-continua\/2021-06-09\/sfb-symposium-zur-zukunft-der-beruflichen-weiterbildung\/","og_site_name":"Organisator","article_publisher":"https:\/\/www.facebook.com\/OrganisatorFachmagazin","article_published_time":"2021-06-09T09:10:41+00:00","og_image":[{"width":680,"height":391,"url":"https:\/\/www.organisator.ch\/wp-content\/uploads\/2021\/06\/sfb-Symposium-zur-Zukunft-der-beruflichen-Weiterbildung_Organisator.jpg","type":"image\/jpeg"}],"author":"thomas.berner","twitter_card":"summary_large_image","twitter_title":"sfb #Symposium zur Zukunft der beruflichen #Weiterbildung","twitter_description":"Das sfb #Symposium 2021 befasst sich mit dem Themenzirkel: \u00abZukunftsszenario Bildung im Spannungsfeld wirtschaftlicher bzw. \u00f6konomischer Perspektiven\u00bb.","twitter_image":"https:\/\/www.organisator.ch\/wp-content\/uploads\/2021\/06\/sfb-Symposium-zur-Zukunft-der-beruflichen-Weiterbildung_Organisator.jpg","schema":{"@context":"https:\/\/schema.org","@graph":[{"@type":"Article","@id":"https:\/\/www.organisator.ch\/weiterbildung\/2021-06-09\/sfb-symposium-zur-zukunft-der-beruflichen-weiterbildung\/#article","isPartOf":{"@id":"https:\/\/www.organisator.ch\/weiterbildung\/2021-06-09\/sfb-symposium-zur-zukunft-der-beruflichen-weiterbildung\/"},"author":{"name":"thomas.berner","@id":"https:\/\/www.organisator.ch\/#\/schema\/person\/6f650f90b2842cd4c0cc334b4e36f67e"},"headline":"sfb Symposium zur Zukunft der beruflichen Weiterbildung","datePublished":"2021-06-09T09:10:41+00:00","mainEntityOfPage":{"@id":"https:\/\/www.organisator.ch\/weiterbildung\/2021-06-09\/sfb-symposium-zur-zukunft-der-beruflichen-weiterbildung\/"},"wordCount":367,"publisher":{"@id":"https:\/\/www.organisator.ch\/#organization"},"image":{"@id":"https:\/\/www.organisator.ch\/weiterbildung\/2021-06-09\/sfb-symposium-zur-zukunft-der-beruflichen-weiterbildung\/#primaryimage"},"thumbnailUrl":"https:\/\/www.organisator.ch\/wp-content\/uploads\/2021\/06\/sfb-Symposium-zur-Zukunft-der-beruflichen-Weiterbildung_Organisator.jpg","keywords":["Aus-\/Weiterbildung","Berufsbildung","Fachkongress\/Fachmesse"],"articleSection":["WEITERBILDUNG"],"inLanguage":"it-IT"},{"@type":"WebPage","@id":"https:\/\/www.organisator.ch\/weiterbildung\/2021-06-09\/sfb-symposium-zur-zukunft-der-beruflichen-weiterbildung\/","url":"https:\/\/www.organisator.ch\/weiterbildung\/2021-06-09\/sfb-symposium-zur-zukunft-der-beruflichen-weiterbildung\/","name":"Simposio sfb sul futuro dello sviluppo professionale continuo - Organizzatore","isPartOf":{"@id":"https:\/\/www.organisator.ch\/#website"},"primaryImageOfPage":{"@id":"https:\/\/www.organisator.ch\/weiterbildung\/2021-06-09\/sfb-symposium-zur-zukunft-der-beruflichen-weiterbildung\/#primaryimage"},"image":{"@id":"https:\/\/www.organisator.ch\/weiterbildung\/2021-06-09\/sfb-symposium-zur-zukunft-der-beruflichen-weiterbildung\/#primaryimage"},"thumbnailUrl":"https:\/\/www.organisator.ch\/wp-content\/uploads\/2021\/06\/sfb-Symposium-zur-Zukunft-der-beruflichen-Weiterbildung_Organisator.jpg","datePublished":"2021-06-09T09:10:41+00:00","description":"Il Simposio sfb 2021 si occupa del cerchio tematico: \"Scenario futuro dell'educazione nel campo della tensione delle prospettive economiche o economiche\".","breadcrumb":{"@id":"https:\/\/www.organisator.ch\/weiterbildung\/2021-06-09\/sfb-symposium-zur-zukunft-der-beruflichen-weiterbildung\/#breadcrumb"},"inLanguage":"it-IT","potentialAction":[{"@type":"ReadAction","target":["https:\/\/www.organisator.ch\/weiterbildung\/2021-06-09\/sfb-symposium-zur-zukunft-der-beruflichen-weiterbildung\/"]}]},{"@type":"ImageObject","inLanguage":"it-IT","@id":"https:\/\/www.organisator.ch\/weiterbildung\/2021-06-09\/sfb-symposium-zur-zukunft-der-beruflichen-weiterbildung\/#primaryimage","url":"https:\/\/www.organisator.ch\/wp-content\/uploads\/2021\/06\/sfb-Symposium-zur-Zukunft-der-beruflichen-Weiterbildung_Organisator.jpg","contentUrl":"https:\/\/www.organisator.ch\/wp-content\/uploads\/2021\/06\/sfb-Symposium-zur-Zukunft-der-beruflichen-Weiterbildung_Organisator.jpg","width":680,"height":391,"caption":"Wohin geht die Reise in der Schweizer Bildungslandschaft? Das sfb Symposium vom 15. September 2021 sucht nach Antworten. (Bild sfb)"},{"@type":"BreadcrumbList","@id":"https:\/\/www.organisator.ch\/weiterbildung\/2021-06-09\/sfb-symposium-zur-zukunft-der-beruflichen-weiterbildung\/#breadcrumb","itemListElement":[{"@type":"ListItem","position":1,"name":"Home","item":"https:\/\/www.organisator.ch\/"},{"@type":"ListItem","position":2,"name":"sfb Symposium zur Zukunft der beruflichen Weiterbildung"}]},{"@type":"WebSite","@id":"https:\/\/www.organisator.ch\/#website","url":"https:\/\/www.organisator.ch\/","name":"Organizzatore","description":"Competente. Pratico. In 10 numeri all'anno, ORGANISATOR presenta i temi essenziali per i manager delle PMI.","publisher":{"@id":"https:\/\/www.organisator.ch\/#organization"},"potentialAction":[{"@type":"SearchAction","target":{"@type":"EntryPoint","urlTemplate":"https:\/\/www.organisator.ch\/?s={search_term_string}"},"query-input":{"@type":"PropertyValueSpecification","valueRequired":true,"valueName":"search_term_string"}}],"inLanguage":"it-IT"},{"@type":"Organization","@id":"https:\/\/www.organisator.ch\/#organization","name":"Organizzatore","url":"https:\/\/www.organisator.ch\/","logo":{"@type":"ImageObject","inLanguage":"it-IT","@id":"https:\/\/www.organisator.ch\/#\/schema\/logo\/image\/","url":"https:\/\/www.organisator.ch\/wp-content\/uploads\/2022\/01\/Logo_Organisator_Website.png","contentUrl":"https:\/\/www.organisator.ch\/wp-content\/uploads\/2022\/01\/Logo_Organisator_Website.png","width":800,"height":77,"caption":"Organisator"},"image":{"@id":"https:\/\/www.organisator.ch\/#\/schema\/logo\/image\/"},"sameAs":["https:\/\/www.facebook.com\/OrganisatorFachmagazin","https:\/\/www.linkedin.com\/showcase\/organisator-das-magazin-fr-kmu","https:\/\/www.xing.com\/news\/pages\/organisator-ch-695","https:\/\/www.youtube.com\/channel\/UCGP2Sq0iWaZwT3BdIAQFYpw"]},{"@type":"Person","@id":"https:\/\/www.organisator.ch\/#\/schema\/person\/6f650f90b2842cd4c0cc334b4e36f67e","name":"Tommaso.berner","image":{"@type":"ImageObject","inLanguage":"it-IT","@id":"https:\/\/secure.gravatar.com\/avatar\/ac5001d2a36cb6c6cd3e50789007ffca834b477b74a2144564522e944eabff61?s=96&d=mm&r=g","url":"https:\/\/secure.gravatar.com\/avatar\/ac5001d2a36cb6c6cd3e50789007ffca834b477b74a2144564522e944eabff61?s=96&d=mm&r=g","contentUrl":"https:\/\/secure.gravatar.com\/avatar\/ac5001d2a36cb6c6cd3e50789007ffca834b477b74a2144564522e944eabff61?s=96&d=mm&r=g","caption":"thomas.berner"},"url":"https:\/\/www.organisator.ch\/it\/author\/thomas-berner\/"}]}},"_links":{"self":[{"href":"https:\/\/www.organisator.ch\/it\/wp-json\/wp\/v2\/posts\/8115","targetHints":{"allow":["GET"]}}],"collection":[{"href":"https:\/\/www.organisator.ch\/it\/wp-json\/wp\/v2\/posts"}],"about":[{"href":"https:\/\/www.organisator.ch\/it\/wp-json\/wp\/v2\/types\/post"}],"author":[{"embeddable":true,"href":"https:\/\/www.organisator.ch\/it\/wp-json\/wp\/v2\/users\/4"}],"replies":[{"embeddable":true,"href":"https:\/\/www.organisator.ch\/it\/wp-json\/wp\/v2\/comments?post=8115"}],"version-history":[{"count":0,"href":"https:\/\/www.organisator.ch\/it\/wp-json\/wp\/v2\/posts\/8115\/revisions"}],"wp:featuredmedia":[{"embeddable":true,"href":"https:\/\/www.organisator.ch\/it\/wp-json\/wp\/v2\/media\/8118"}],"wp:attachment":[{"href":"https:\/\/www.organisator.ch\/it\/wp-json\/wp\/v2\/media?parent=8115"}],"wp:term":[{"taxonomy":"category","embeddable":true,"href":"https:\/\/www.organisator.ch\/it\/wp-json\/wp\/v2\/categories?post=8115"},{"taxonomy":"post_tag","embeddable":true,"href":"https:\/\/www.organisator.ch\/it\/wp-json\/wp\/v2\/tags?post=8115"}],"curies":[{"name":"wp","href":"https:\/\/api.w.org\/{rel}","templated":true}]}}