{"id":8148,"date":"2021-06-14T15:23:10","date_gmt":"2021-06-14T13:23:10","guid":{"rendered":"https:\/\/www.organisator.ch\/?p=8148"},"modified":"2021-06-14T15:23:10","modified_gmt":"2021-06-14T13:23:10","slug":"rekrutierungskampagne-erfolgreich-opacc-foerdert-beruflichen-nachwuchs","status":"publish","type":"post","link":"https:\/\/www.organisator.ch\/it\/management\/2021-06-14\/rekrutierungskampagne-erfolgreich-opacc-foerdert-beruflichen-nachwuchs\/","title":{"rendered":"Campagna di reclutamento di successo - Opacc promuove i giovani professionisti"},"content":{"rendered":"<figure id=\"attachment_8149\" aria-describedby=\"caption-attachment-8149\" style=\"width: 680px\" class=\"wp-caption alignnone\"><img loading=\"lazy\" decoding=\"async\" class=\"size-medium wp-image-8149\" src=\"https:\/\/www.organisator.ch\/wp-content\/uploads\/2021\/06\/Rekrutierungskampagne-erfolgreich-Opacc-foerdert-beruflichen-Nachwuchs_Organisator.jpg\" alt=\"\" width=\"680\" height=\"452\" srcset=\"https:\/\/www.organisator.ch\/wp-content\/uploads\/2021\/06\/Rekrutierungskampagne-erfolgreich-Opacc-foerdert-beruflichen-Nachwuchs_Organisator.jpg 680w, https:\/\/www.organisator.ch\/wp-content\/uploads\/2021\/06\/Rekrutierungskampagne-erfolgreich-Opacc-foerdert-beruflichen-Nachwuchs_Organisator-16x12.jpg 16w, https:\/\/www.organisator.ch\/wp-content\/uploads\/2021\/06\/Rekrutierungskampagne-erfolgreich-Opacc-foerdert-beruflichen-Nachwuchs_Organisator-263x175.jpg 263w, https:\/\/www.organisator.ch\/wp-content\/uploads\/2021\/06\/Rekrutierungskampagne-erfolgreich-Opacc-foerdert-beruflichen-Nachwuchs_Organisator-527x350.jpg 527w, https:\/\/www.organisator.ch\/wp-content\/uploads\/2021\/06\/Rekrutierungskampagne-erfolgreich-Opacc-foerdert-beruflichen-Nachwuchs_Organisator-300x199.jpg 300w\" sizes=\"auto, (max-width: 680px) 100vw, 680px\" \/><figcaption id=\"caption-attachment-8149\" class=\"wp-caption-text\">Apprendisti all'Opacc - e grazie a una campagna di reclutamento, sono stati assunti altri 29 lavoratori qualificati. (Immagine: Opacc Software)<\/figcaption><\/figure>\n<p>Il fornitore di software Opacc, con sede a Lucerna, ha di nuovo raggiunto una crescita a due cifre l'anno scorso e ha un portafoglio ordini ampiamente pieno. Quindi c'\u00e8 poco segno di un rallentamento dell'effetto Corona. Tuttavia, il mercato del personale inaridito \u00e8 vissuto come una grande sfida.<\/p>\n<h2>Grazie alla campagna di reclutamento dei lavoratori qualificati necessari<\/h2>\n<p>Opacc ha lanciato una campagna di reclutamento che ha creato 29 nuovi posti di lavoro nei siti di Rothenburg e M\u00fcnchenstein. Inoltre, anche i programmi di formazione interna sono fortemente enfatizzati. Walter Dettling, il capo di OpaccAcademy a Rothenburg afferma: \"Opacc \u00e8 consapevole delle circostanze difficili nel mercato del personale e quindi si affida alla propria iniziativa. Abbiamo continuato la nostra formazione durante la pandemia, sia per i nostri clienti che internamente per i nostri dipendenti. Gi\u00e0 nella prima ondata della pandemia del 2020, abbiamo immediatamente cambiato la formazione dei prodotti in online e l'abbiamo intensificata per il nostro personale. In seguito, abbiamo anche digitalizzato la formazione per i nostri clienti\". La domanda dei clienti Opacc era alta e allo stesso tempo una sfida per gli insegnanti. Hanno imparato un sacco di cose preziose nel processo, continua Dettling.<\/p>\n<h2>9 apprendisti nelle professioni di Tecnico dei media EFZ Tecnico informatico EFZ Sviluppo della piattaforma EFZ<\/h2>\n<p>L'azienda investe nei propri specialisti cos\u00ec come nella formazione professionale dei tecnici dei media e, come nuova aggiunta, nello sviluppo della piattaforma EFZ da parte degli informatici. L'Opacc \u00e8 impegnata da molti anni nella promozione dei giovani talenti. Per Marco Stuber, responsabile dell'apprendistato, lo sforzo ripaga: \"Formare i giovani nelle professioni ICT \u00e8 enormemente importante per contrastare la carenza di lavoratori qualificati\". Questo include anche la cooperazione di lunga data con l'associazione professionale ICT Berufsbildung Zentralschweiz.<\/p>\n<h2>OpaccTaster days - nonostante la pandemia<\/h2>\n<p>Ogni anno in primavera, gli apprendisti della Opacc Software AG a Rothenburg organizzano le giornate di prova Opacc. I giovani professionisti hanno lanciato la \"giornata di assaggio online\" in modo che anche loro possano avere un assaggio durante Corona. Gli apprendisti stessi sono responsabili della pianificazione, dell'attuazione e della revisione. L'Opacc ha avuto esperienze molto buone con questo negli ultimi anni. Marco Stuber: \"Gli apprendisti devono pensare a come vogliono introdurre i giovani alla professione ICT del mediamatico EFZ e come devono procedere in dettaglio le giornate di prova. Questo include anche l'applicazione nei canali dei social media, il benvenuto, la presentazione dell'azienda e naturalmente alcune idee motivanti, come una caccia al tesoro virtuale nel reparto vendite interno\". Il concetto ha ricevuto una grande risposta e due emozionanti giornate di prova sono state recentemente tenute con 15 giovani ciascuna.<\/p>\n<p><em>Fonte: <a href=\"http:\/\/www.opacc.ch\">Software Opacc<\/a><\/em><\/p>","protected":false},"excerpt":{"rendered":"<p>Der Luzerner Software-Anbieter Opacc wuchs im vergangenen Jahr wiederum zweistellig und verf\u00fcgt \u00fcber weitgehend volle Auftragsb\u00fccher. Von einem bremsenden Corona-Effekt ist also wenig zu sp\u00fcren. Als grosse Herausforderung wird allerdings der ausgetrocknete Personalmarkt erlebt. Dank Rekrutierungskampagne zu ben\u00f6tigten Fachkr\u00e4ften Opacc lancierte eine Rekrutierungskampagne, mit der an den Standorten in Rothenburg und M\u00fcnchenstein 29 neue Stellen [&hellip;]<\/p>\n","protected":false},"author":4,"featured_media":8149,"comment_status":"closed","ping_status":"closed","sticky":false,"template":"","format":"standard","meta":{"_acf_changed":false,"_yoast_wpseo_focuskw":"Rekrutierungskampagne","_yoast_wpseo_metadesc":"Eine erfolgreiche Rekrutierungskampagne f\u00fchrte zu 29 neuen Arbeitspl\u00e4tzen beim Software-Hersteller Opacc. Weitere Talente werden gesucht.","articlekey":"","footnotes":""},"categories":[28],"tags":[62,194,254,411,492],"class_list":["post-8148","post","type-post","status-publish","format-standard","has-post-thumbnail","hentry","category-management","tag-aus-weiterbildung","tag-fachkraeftemangel","tag-hrm","tag-rekrutierung","tag-unternehmen"],"acf":[],"yoast_head":"<!-- This site is optimized with the Yoast SEO plugin v27.5 - https:\/\/yoast.com\/product\/yoast-seo-wordpress\/ -->\n<title>Rekrutierungskampagne erfolgreich - Opacc f\u00f6rdert beruflichen Nachwuchs - Organisator<\/title>\n<meta name=\"description\" content=\"Eine erfolgreiche Rekrutierungskampagne f\u00fchrte zu 29 neuen Arbeitspl\u00e4tzen beim Software-Hersteller Opacc. Weitere Talente werden gesucht.\" \/>\n<meta name=\"robots\" content=\"index, follow, max-snippet:-1, max-image-preview:large, max-video-preview:-1\" \/>\n<link rel=\"canonical\" href=\"https:\/\/www.organisator.ch\/it\/gestione-2\/2021-06-14\/rekrutierungskampagne-erfolgreich-opacc-foerdert-beruflichen-nachwuchs\/\" \/>\n<meta property=\"og:locale\" content=\"it_IT\" \/>\n<meta property=\"og:type\" content=\"article\" \/>\n<meta property=\"og:title\" content=\"Rekrutierungskampagne erfolgreich - Opacc f\u00f6rdert beruflichen Nachwuchs\" \/>\n<meta property=\"og:description\" content=\"Eine erfolgreiche Rekrutierungskampagne f\u00fchrte zu 29 neuen Arbeitspl\u00e4tzen beim Software-Hersteller Opacc. Weitere Talente werden gesucht.\" \/>\n<meta property=\"og:url\" content=\"https:\/\/www.organisator.ch\/it\/gestione-2\/2021-06-14\/rekrutierungskampagne-erfolgreich-opacc-foerdert-beruflichen-nachwuchs\/\" \/>\n<meta property=\"og:site_name\" content=\"Organisator\" \/>\n<meta property=\"article:publisher\" content=\"https:\/\/www.facebook.com\/OrganisatorFachmagazin\" \/>\n<meta property=\"article:published_time\" content=\"2021-06-14T13:23:10+00:00\" \/>\n<meta property=\"og:image\" content=\"https:\/\/www.organisator.ch\/wp-content\/uploads\/2021\/06\/Rekrutierungskampagne-erfolgreich-Opacc-foerdert-beruflichen-Nachwuchs_Organisator.jpg\" \/>\n\t<meta property=\"og:image:width\" content=\"680\" \/>\n\t<meta property=\"og:image:height\" content=\"452\" \/>\n\t<meta property=\"og:image:type\" content=\"image\/jpeg\" \/>\n<meta name=\"author\" content=\"thomas.berner\" \/>\n<meta name=\"twitter:card\" content=\"summary_large_image\" \/>\n<meta name=\"twitter:title\" content=\"#Rekrutierungskampagne erfolgreich - #Opacc f\u00f6rdert beruflichen Nachwuchs\" \/>\n<meta name=\"twitter:description\" content=\"Eine erfolgreiche #Rekrutierungskampagne f\u00fchrte zu 29 neuen Arbeitspl\u00e4tzen beim #Software-Hersteller #Opacc. Weitere Talente werden gesucht.\" \/>\n<meta name=\"twitter:image\" content=\"https:\/\/www.organisator.ch\/wp-content\/uploads\/2021\/06\/Rekrutierungskampagne-erfolgreich-Opacc-foerdert-beruflichen-Nachwuchs_Organisator.jpg\" \/>\n<script type=\"application\/ld+json\" class=\"yoast-schema-graph\">{\"@context\":\"https:\\\/\\\/schema.org\",\"@graph\":[{\"@type\":\"Article\",\"@id\":\"https:\\\/\\\/www.organisator.ch\\\/management\\\/2021-06-14\\\/rekrutierungskampagne-erfolgreich-opacc-foerdert-beruflichen-nachwuchs\\\/#article\",\"isPartOf\":{\"@id\":\"https:\\\/\\\/www.organisator.ch\\\/management\\\/2021-06-14\\\/rekrutierungskampagne-erfolgreich-opacc-foerdert-beruflichen-nachwuchs\\\/\"},\"author\":{\"name\":\"thomas.berner\",\"@id\":\"https:\\\/\\\/www.organisator.ch\\\/#\\\/schema\\\/person\\\/6f650f90b2842cd4c0cc334b4e36f67e\"},\"headline\":\"Rekrutierungskampagne erfolgreich &#8211; Opacc f\u00f6rdert beruflichen Nachwuchs\",\"datePublished\":\"2021-06-14T13:23:10+00:00\",\"mainEntityOfPage\":{\"@id\":\"https:\\\/\\\/www.organisator.ch\\\/management\\\/2021-06-14\\\/rekrutierungskampagne-erfolgreich-opacc-foerdert-beruflichen-nachwuchs\\\/\"},\"wordCount\":442,\"publisher\":{\"@id\":\"https:\\\/\\\/www.organisator.ch\\\/#organization\"},\"image\":{\"@id\":\"https:\\\/\\\/www.organisator.ch\\\/management\\\/2021-06-14\\\/rekrutierungskampagne-erfolgreich-opacc-foerdert-beruflichen-nachwuchs\\\/#primaryimage\"},\"thumbnailUrl\":\"https:\\\/\\\/www.organisator.ch\\\/wp-content\\\/uploads\\\/2021\\\/06\\\/Rekrutierungskampagne-erfolgreich-Opacc-foerdert-beruflichen-Nachwuchs_Organisator.jpg\",\"keywords\":[\"Aus-\\\/Weiterbildung\",\"Fachkr\u00e4ftemangel\",\"HRM\",\"Rekrutierung\",\"Unternehmen\"],\"articleSection\":[\"MANAGEMENT\"],\"inLanguage\":\"it-IT\"},{\"@type\":\"WebPage\",\"@id\":\"https:\\\/\\\/www.organisator.ch\\\/management\\\/2021-06-14\\\/rekrutierungskampagne-erfolgreich-opacc-foerdert-beruflichen-nachwuchs\\\/\",\"url\":\"https:\\\/\\\/www.organisator.ch\\\/management\\\/2021-06-14\\\/rekrutierungskampagne-erfolgreich-opacc-foerdert-beruflichen-nachwuchs\\\/\",\"name\":\"Rekrutierungskampagne erfolgreich - Opacc f\u00f6rdert beruflichen Nachwuchs - Organisator\",\"isPartOf\":{\"@id\":\"https:\\\/\\\/www.organisator.ch\\\/#website\"},\"primaryImageOfPage\":{\"@id\":\"https:\\\/\\\/www.organisator.ch\\\/management\\\/2021-06-14\\\/rekrutierungskampagne-erfolgreich-opacc-foerdert-beruflichen-nachwuchs\\\/#primaryimage\"},\"image\":{\"@id\":\"https:\\\/\\\/www.organisator.ch\\\/management\\\/2021-06-14\\\/rekrutierungskampagne-erfolgreich-opacc-foerdert-beruflichen-nachwuchs\\\/#primaryimage\"},\"thumbnailUrl\":\"https:\\\/\\\/www.organisator.ch\\\/wp-content\\\/uploads\\\/2021\\\/06\\\/Rekrutierungskampagne-erfolgreich-Opacc-foerdert-beruflichen-Nachwuchs_Organisator.jpg\",\"datePublished\":\"2021-06-14T13:23:10+00:00\",\"description\":\"Eine erfolgreiche Rekrutierungskampagne f\u00fchrte zu 29 neuen Arbeitspl\u00e4tzen beim Software-Hersteller Opacc. Weitere Talente werden gesucht.\",\"breadcrumb\":{\"@id\":\"https:\\\/\\\/www.organisator.ch\\\/management\\\/2021-06-14\\\/rekrutierungskampagne-erfolgreich-opacc-foerdert-beruflichen-nachwuchs\\\/#breadcrumb\"},\"inLanguage\":\"it-IT\",\"potentialAction\":[{\"@type\":\"ReadAction\",\"target\":[\"https:\\\/\\\/www.organisator.ch\\\/management\\\/2021-06-14\\\/rekrutierungskampagne-erfolgreich-opacc-foerdert-beruflichen-nachwuchs\\\/\"]}]},{\"@type\":\"ImageObject\",\"inLanguage\":\"it-IT\",\"@id\":\"https:\\\/\\\/www.organisator.ch\\\/management\\\/2021-06-14\\\/rekrutierungskampagne-erfolgreich-opacc-foerdert-beruflichen-nachwuchs\\\/#primaryimage\",\"url\":\"https:\\\/\\\/www.organisator.ch\\\/wp-content\\\/uploads\\\/2021\\\/06\\\/Rekrutierungskampagne-erfolgreich-Opacc-foerdert-beruflichen-Nachwuchs_Organisator.jpg\",\"contentUrl\":\"https:\\\/\\\/www.organisator.ch\\\/wp-content\\\/uploads\\\/2021\\\/06\\\/Rekrutierungskampagne-erfolgreich-Opacc-foerdert-beruflichen-Nachwuchs_Organisator.jpg\",\"width\":680,\"height\":452,\"caption\":\"Lernende bei Opacc - und dank einer Rekrutierungskampagne konnten 29 weitere Fachkr\u00e4fte gewonnen werden. (Bild: Opacc Software)\"},{\"@type\":\"BreadcrumbList\",\"@id\":\"https:\\\/\\\/www.organisator.ch\\\/management\\\/2021-06-14\\\/rekrutierungskampagne-erfolgreich-opacc-foerdert-beruflichen-nachwuchs\\\/#breadcrumb\",\"itemListElement\":[{\"@type\":\"ListItem\",\"position\":1,\"name\":\"Home\",\"item\":\"https:\\\/\\\/www.organisator.ch\\\/\"},{\"@type\":\"ListItem\",\"position\":2,\"name\":\"Rekrutierungskampagne erfolgreich &#8211; Opacc f\u00f6rdert beruflichen Nachwuchs\"}]},{\"@type\":\"WebSite\",\"@id\":\"https:\\\/\\\/www.organisator.ch\\\/#website\",\"url\":\"https:\\\/\\\/www.organisator.ch\\\/\",\"name\":\"Organisator\",\"description\":\"Kompetent. Praxisnah. Der ORGANISATOR bereitet in 10 Ausgaben pro Jahr die wesentlichen Themen f\u00fcr F\u00fchrungskr\u00e4fte von KMU auf.\",\"publisher\":{\"@id\":\"https:\\\/\\\/www.organisator.ch\\\/#organization\"},\"potentialAction\":[{\"@type\":\"SearchAction\",\"target\":{\"@type\":\"EntryPoint\",\"urlTemplate\":\"https:\\\/\\\/www.organisator.ch\\\/?s={search_term_string}\"},\"query-input\":{\"@type\":\"PropertyValueSpecification\",\"valueRequired\":true,\"valueName\":\"search_term_string\"}}],\"inLanguage\":\"it-IT\"},{\"@type\":\"Organization\",\"@id\":\"https:\\\/\\\/www.organisator.ch\\\/#organization\",\"name\":\"Organisator\",\"url\":\"https:\\\/\\\/www.organisator.ch\\\/\",\"logo\":{\"@type\":\"ImageObject\",\"inLanguage\":\"it-IT\",\"@id\":\"https:\\\/\\\/www.organisator.ch\\\/#\\\/schema\\\/logo\\\/image\\\/\",\"url\":\"https:\\\/\\\/www.organisator.ch\\\/wp-content\\\/uploads\\\/2022\\\/01\\\/Logo_Organisator_Website.png\",\"contentUrl\":\"https:\\\/\\\/www.organisator.ch\\\/wp-content\\\/uploads\\\/2022\\\/01\\\/Logo_Organisator_Website.png\",\"width\":800,\"height\":77,\"caption\":\"Organisator\"},\"image\":{\"@id\":\"https:\\\/\\\/www.organisator.ch\\\/#\\\/schema\\\/logo\\\/image\\\/\"},\"sameAs\":[\"https:\\\/\\\/www.facebook.com\\\/OrganisatorFachmagazin\",\"https:\\\/\\\/www.linkedin.com\\\/showcase\\\/organisator-das-magazin-fr-kmu\",\"https:\\\/\\\/www.xing.com\\\/news\\\/pages\\\/organisator-ch-695\",\"https:\\\/\\\/www.youtube.com\\\/channel\\\/UCGP2Sq0iWaZwT3BdIAQFYpw\"]},{\"@type\":\"Person\",\"@id\":\"https:\\\/\\\/www.organisator.ch\\\/#\\\/schema\\\/person\\\/6f650f90b2842cd4c0cc334b4e36f67e\",\"name\":\"thomas.berner\",\"image\":{\"@type\":\"ImageObject\",\"inLanguage\":\"it-IT\",\"@id\":\"https:\\\/\\\/secure.gravatar.com\\\/avatar\\\/ac5001d2a36cb6c6cd3e50789007ffca834b477b74a2144564522e944eabff61?s=96&d=mm&r=g\",\"url\":\"https:\\\/\\\/secure.gravatar.com\\\/avatar\\\/ac5001d2a36cb6c6cd3e50789007ffca834b477b74a2144564522e944eabff61?s=96&d=mm&r=g\",\"contentUrl\":\"https:\\\/\\\/secure.gravatar.com\\\/avatar\\\/ac5001d2a36cb6c6cd3e50789007ffca834b477b74a2144564522e944eabff61?s=96&d=mm&r=g\",\"caption\":\"thomas.berner\"},\"url\":\"https:\\\/\\\/www.organisator.ch\\\/it\\\/author\\\/thomas-berner\\\/\"}]}<\/script>\n<!-- \/ Yoast SEO plugin. -->","yoast_head_json":{"title":"Campagna di reclutamento di successo: l'Opacc promuove i giovani professionisti - Organizzatore","description":"Una campagna di reclutamento di successo ha portato a 29 nuovi posti di lavoro presso il produttore di software Opacc. Si cercano altri talenti.","robots":{"index":"index","follow":"follow","max-snippet":"max-snippet:-1","max-image-preview":"max-image-preview:large","max-video-preview":"max-video-preview:-1"},"canonical":"https:\/\/www.organisator.ch\/it\/gestione-2\/2021-06-14\/rekrutierungskampagne-erfolgreich-opacc-foerdert-beruflichen-nachwuchs\/","og_locale":"it_IT","og_type":"article","og_title":"Rekrutierungskampagne erfolgreich - Opacc f\u00f6rdert beruflichen Nachwuchs","og_description":"Eine erfolgreiche Rekrutierungskampagne f\u00fchrte zu 29 neuen Arbeitspl\u00e4tzen beim Software-Hersteller Opacc. Weitere Talente werden gesucht.","og_url":"https:\/\/www.organisator.ch\/it\/gestione-2\/2021-06-14\/rekrutierungskampagne-erfolgreich-opacc-foerdert-beruflichen-nachwuchs\/","og_site_name":"Organisator","article_publisher":"https:\/\/www.facebook.com\/OrganisatorFachmagazin","article_published_time":"2021-06-14T13:23:10+00:00","og_image":[{"width":680,"height":452,"url":"https:\/\/www.organisator.ch\/wp-content\/uploads\/2021\/06\/Rekrutierungskampagne-erfolgreich-Opacc-foerdert-beruflichen-Nachwuchs_Organisator.jpg","type":"image\/jpeg"}],"author":"thomas.berner","twitter_card":"summary_large_image","twitter_title":"#Rekrutierungskampagne erfolgreich - #Opacc f\u00f6rdert beruflichen Nachwuchs","twitter_description":"Eine erfolgreiche #Rekrutierungskampagne f\u00fchrte zu 29 neuen Arbeitspl\u00e4tzen beim #Software-Hersteller #Opacc. Weitere Talente werden gesucht.","twitter_image":"https:\/\/www.organisator.ch\/wp-content\/uploads\/2021\/06\/Rekrutierungskampagne-erfolgreich-Opacc-foerdert-beruflichen-Nachwuchs_Organisator.jpg","schema":{"@context":"https:\/\/schema.org","@graph":[{"@type":"Article","@id":"https:\/\/www.organisator.ch\/management\/2021-06-14\/rekrutierungskampagne-erfolgreich-opacc-foerdert-beruflichen-nachwuchs\/#article","isPartOf":{"@id":"https:\/\/www.organisator.ch\/management\/2021-06-14\/rekrutierungskampagne-erfolgreich-opacc-foerdert-beruflichen-nachwuchs\/"},"author":{"name":"thomas.berner","@id":"https:\/\/www.organisator.ch\/#\/schema\/person\/6f650f90b2842cd4c0cc334b4e36f67e"},"headline":"Rekrutierungskampagne erfolgreich &#8211; Opacc f\u00f6rdert beruflichen Nachwuchs","datePublished":"2021-06-14T13:23:10+00:00","mainEntityOfPage":{"@id":"https:\/\/www.organisator.ch\/management\/2021-06-14\/rekrutierungskampagne-erfolgreich-opacc-foerdert-beruflichen-nachwuchs\/"},"wordCount":442,"publisher":{"@id":"https:\/\/www.organisator.ch\/#organization"},"image":{"@id":"https:\/\/www.organisator.ch\/management\/2021-06-14\/rekrutierungskampagne-erfolgreich-opacc-foerdert-beruflichen-nachwuchs\/#primaryimage"},"thumbnailUrl":"https:\/\/www.organisator.ch\/wp-content\/uploads\/2021\/06\/Rekrutierungskampagne-erfolgreich-Opacc-foerdert-beruflichen-Nachwuchs_Organisator.jpg","keywords":["Aus-\/Weiterbildung","Fachkr\u00e4ftemangel","HRM","Rekrutierung","Unternehmen"],"articleSection":["MANAGEMENT"],"inLanguage":"it-IT"},{"@type":"WebPage","@id":"https:\/\/www.organisator.ch\/management\/2021-06-14\/rekrutierungskampagne-erfolgreich-opacc-foerdert-beruflichen-nachwuchs\/","url":"https:\/\/www.organisator.ch\/management\/2021-06-14\/rekrutierungskampagne-erfolgreich-opacc-foerdert-beruflichen-nachwuchs\/","name":"Campagna di reclutamento di successo: l'Opacc promuove i giovani professionisti - Organizzatore","isPartOf":{"@id":"https:\/\/www.organisator.ch\/#website"},"primaryImageOfPage":{"@id":"https:\/\/www.organisator.ch\/management\/2021-06-14\/rekrutierungskampagne-erfolgreich-opacc-foerdert-beruflichen-nachwuchs\/#primaryimage"},"image":{"@id":"https:\/\/www.organisator.ch\/management\/2021-06-14\/rekrutierungskampagne-erfolgreich-opacc-foerdert-beruflichen-nachwuchs\/#primaryimage"},"thumbnailUrl":"https:\/\/www.organisator.ch\/wp-content\/uploads\/2021\/06\/Rekrutierungskampagne-erfolgreich-Opacc-foerdert-beruflichen-Nachwuchs_Organisator.jpg","datePublished":"2021-06-14T13:23:10+00:00","description":"Una campagna di reclutamento di successo ha portato a 29 nuovi posti di lavoro presso il produttore di software Opacc. Si cercano altri talenti.","breadcrumb":{"@id":"https:\/\/www.organisator.ch\/management\/2021-06-14\/rekrutierungskampagne-erfolgreich-opacc-foerdert-beruflichen-nachwuchs\/#breadcrumb"},"inLanguage":"it-IT","potentialAction":[{"@type":"ReadAction","target":["https:\/\/www.organisator.ch\/management\/2021-06-14\/rekrutierungskampagne-erfolgreich-opacc-foerdert-beruflichen-nachwuchs\/"]}]},{"@type":"ImageObject","inLanguage":"it-IT","@id":"https:\/\/www.organisator.ch\/management\/2021-06-14\/rekrutierungskampagne-erfolgreich-opacc-foerdert-beruflichen-nachwuchs\/#primaryimage","url":"https:\/\/www.organisator.ch\/wp-content\/uploads\/2021\/06\/Rekrutierungskampagne-erfolgreich-Opacc-foerdert-beruflichen-Nachwuchs_Organisator.jpg","contentUrl":"https:\/\/www.organisator.ch\/wp-content\/uploads\/2021\/06\/Rekrutierungskampagne-erfolgreich-Opacc-foerdert-beruflichen-Nachwuchs_Organisator.jpg","width":680,"height":452,"caption":"Lernende bei Opacc - und dank einer Rekrutierungskampagne konnten 29 weitere Fachkr\u00e4fte gewonnen werden. (Bild: Opacc Software)"},{"@type":"BreadcrumbList","@id":"https:\/\/www.organisator.ch\/management\/2021-06-14\/rekrutierungskampagne-erfolgreich-opacc-foerdert-beruflichen-nachwuchs\/#breadcrumb","itemListElement":[{"@type":"ListItem","position":1,"name":"Home","item":"https:\/\/www.organisator.ch\/"},{"@type":"ListItem","position":2,"name":"Rekrutierungskampagne erfolgreich &#8211; Opacc f\u00f6rdert beruflichen Nachwuchs"}]},{"@type":"WebSite","@id":"https:\/\/www.organisator.ch\/#website","url":"https:\/\/www.organisator.ch\/","name":"Organizzatore","description":"Competente. Pratico. In 10 numeri all'anno, ORGANISATOR presenta i temi essenziali per i manager delle PMI.","publisher":{"@id":"https:\/\/www.organisator.ch\/#organization"},"potentialAction":[{"@type":"SearchAction","target":{"@type":"EntryPoint","urlTemplate":"https:\/\/www.organisator.ch\/?s={search_term_string}"},"query-input":{"@type":"PropertyValueSpecification","valueRequired":true,"valueName":"search_term_string"}}],"inLanguage":"it-IT"},{"@type":"Organization","@id":"https:\/\/www.organisator.ch\/#organization","name":"Organizzatore","url":"https:\/\/www.organisator.ch\/","logo":{"@type":"ImageObject","inLanguage":"it-IT","@id":"https:\/\/www.organisator.ch\/#\/schema\/logo\/image\/","url":"https:\/\/www.organisator.ch\/wp-content\/uploads\/2022\/01\/Logo_Organisator_Website.png","contentUrl":"https:\/\/www.organisator.ch\/wp-content\/uploads\/2022\/01\/Logo_Organisator_Website.png","width":800,"height":77,"caption":"Organisator"},"image":{"@id":"https:\/\/www.organisator.ch\/#\/schema\/logo\/image\/"},"sameAs":["https:\/\/www.facebook.com\/OrganisatorFachmagazin","https:\/\/www.linkedin.com\/showcase\/organisator-das-magazin-fr-kmu","https:\/\/www.xing.com\/news\/pages\/organisator-ch-695","https:\/\/www.youtube.com\/channel\/UCGP2Sq0iWaZwT3BdIAQFYpw"]},{"@type":"Person","@id":"https:\/\/www.organisator.ch\/#\/schema\/person\/6f650f90b2842cd4c0cc334b4e36f67e","name":"Tommaso.berner","image":{"@type":"ImageObject","inLanguage":"it-IT","@id":"https:\/\/secure.gravatar.com\/avatar\/ac5001d2a36cb6c6cd3e50789007ffca834b477b74a2144564522e944eabff61?s=96&d=mm&r=g","url":"https:\/\/secure.gravatar.com\/avatar\/ac5001d2a36cb6c6cd3e50789007ffca834b477b74a2144564522e944eabff61?s=96&d=mm&r=g","contentUrl":"https:\/\/secure.gravatar.com\/avatar\/ac5001d2a36cb6c6cd3e50789007ffca834b477b74a2144564522e944eabff61?s=96&d=mm&r=g","caption":"thomas.berner"},"url":"https:\/\/www.organisator.ch\/it\/author\/thomas-berner\/"}]}},"_links":{"self":[{"href":"https:\/\/www.organisator.ch\/it\/wp-json\/wp\/v2\/posts\/8148","targetHints":{"allow":["GET"]}}],"collection":[{"href":"https:\/\/www.organisator.ch\/it\/wp-json\/wp\/v2\/posts"}],"about":[{"href":"https:\/\/www.organisator.ch\/it\/wp-json\/wp\/v2\/types\/post"}],"author":[{"embeddable":true,"href":"https:\/\/www.organisator.ch\/it\/wp-json\/wp\/v2\/users\/4"}],"replies":[{"embeddable":true,"href":"https:\/\/www.organisator.ch\/it\/wp-json\/wp\/v2\/comments?post=8148"}],"version-history":[{"count":0,"href":"https:\/\/www.organisator.ch\/it\/wp-json\/wp\/v2\/posts\/8148\/revisions"}],"wp:featuredmedia":[{"embeddable":true,"href":"https:\/\/www.organisator.ch\/it\/wp-json\/wp\/v2\/media\/8149"}],"wp:attachment":[{"href":"https:\/\/www.organisator.ch\/it\/wp-json\/wp\/v2\/media?parent=8148"}],"wp:term":[{"taxonomy":"category","embeddable":true,"href":"https:\/\/www.organisator.ch\/it\/wp-json\/wp\/v2\/categories?post=8148"},{"taxonomy":"post_tag","embeddable":true,"href":"https:\/\/www.organisator.ch\/it\/wp-json\/wp\/v2\/tags?post=8148"}],"curies":[{"name":"wp","href":"https:\/\/api.w.org\/{rel}","templated":true}]}}