{"id":8170,"date":"2021-06-18T08:52:59","date_gmt":"2021-06-18T06:52:59","guid":{"rendered":"https:\/\/www.organisator.ch\/?p=8170"},"modified":"2021-06-18T08:52:59","modified_gmt":"2021-06-18T06:52:59","slug":"the-circle-conference-die-erste-nationale-live-grossveranstaltung-nach-corona","status":"publish","type":"post","link":"https:\/\/www.organisator.ch\/it\/marketing\/2021-06-18\/the-circle-conference-die-erste-nationale-live-grossveranstaltung-nach-corona\/","title":{"rendered":"The Circle Conference: il primo evento nazionale dal vivo su larga scala dopo Corona"},"content":{"rendered":"<figure id=\"attachment_8171\" aria-describedby=\"caption-attachment-8171\" style=\"width: 680px\" class=\"wp-caption alignnone\"><a href=\"https:\/\/www.organisator.ch\/wp-content\/uploads\/2021\/06\/The-Circle-Conference-Die-erste-nationale-Live-Grossveranstaltung-nach-Corona-2_Organisator.jpg\"><img loading=\"lazy\" decoding=\"async\" class=\"size-medium wp-image-8171\" src=\"https:\/\/www.organisator.ch\/wp-content\/uploads\/2021\/06\/The-Circle-Conference-Die-erste-nationale-Live-Grossveranstaltung-nach-Corona-2_Organisator.jpg\" alt=\"\" width=\"680\" height=\"449\" srcset=\"https:\/\/www.organisator.ch\/wp-content\/uploads\/2021\/06\/The-Circle-Conference-Die-erste-nationale-Live-Grossveranstaltung-nach-Corona-2_Organisator.jpg 680w, https:\/\/www.organisator.ch\/wp-content\/uploads\/2021\/06\/The-Circle-Conference-Die-erste-nationale-Live-Grossveranstaltung-nach-Corona-2_Organisator-16x12.jpg 16w, https:\/\/www.organisator.ch\/wp-content\/uploads\/2021\/06\/The-Circle-Conference-Die-erste-nationale-Live-Grossveranstaltung-nach-Corona-2_Organisator-265x175.jpg 265w, https:\/\/www.organisator.ch\/wp-content\/uploads\/2021\/06\/The-Circle-Conference-Die-erste-nationale-Live-Grossveranstaltung-nach-Corona-2_Organisator-530x350.jpg 530w, https:\/\/www.organisator.ch\/wp-content\/uploads\/2021\/06\/The-Circle-Conference-Die-erste-nationale-Live-Grossveranstaltung-nach-Corona-2_Organisator-300x198.jpg 300w\" sizes=\"auto, (max-width: 680px) 100vw, 680px\" \/><\/a><figcaption id=\"caption-attachment-8171\" class=\"wp-caption-text\">La fine del vuoto nel \"The Circle Convention Center\" all'aeroporto di Zurigo: con The Circle Conference, la prima conferenza nazionale dal vivo dopo Corona si terr\u00e0 il 1\u00b0 luglio 2021 con fino a 1.000 partecipanti. (Immagine: Unsplash.com)<\/figcaption><\/figure>\n<p>Ora le cose stanno finalmente ripartendo, il divieto di grandi eventi legato alla corona viene gradualmente rimosso. E non si sente solo nel settore MICE: il pubblico desidera eventi dal vivo con contatti personali sul posto ed \u00e8 sovrasaturo di webinar e conferenze virtuali. Oliver Stoldt del MICE Service Group Switzerland non \u00e8 per\u00f2 rimasto inattivo durante l'\"era glaciale\" degli eventi. La sua ambizione era di essere tra i primi a riproporre i grandi eventi nazionali non appena le condizioni lo avessero permesso. Insieme a Janine Heukamp, ha iniziato a pianificare \"The Circle Conference\". Ma non c'\u00e8 un \"piano B\" e non c'\u00e8 mai stato per Oliver Stoldt, come ha detto recentemente al \"<a href=\"https:\/\/www.werbewoche.ch\/de\/events-mk-go\/2021-03-24\/es-gibt-keinen-plan-b-fuer-die-circle-conference\/\">Settimana della pubblicit\u00e0\"<\/a> spiegato. Lui e Janine Heukamp credono nel nuovo inizio dell'industria.<\/p>\n<h2>La Conferenza del Cerchio si fa il tema<\/h2>\n<p>Il momento arriver\u00e0 il 1\u00b0 luglio 2021: La prima grande fiera con un pubblico dallo scoppio della pandemia di Covid un anno e mezzo fa avr\u00e0 luogo nel nuovo \"The Circle Convention Center\" all'aeroporto di Zurigo e, con il titolo \"The Circle Conference\", si far\u00e0 subito argomento. Oltre a relatori rinomati su temi attuali, rappresentanti esperti del settore Meetings, Incentives, Conventions &amp; Events (MICE) discuteranno la direzione futura del business dei congressi e degli eventi, che \u00e8 stato completamente scosso dalla crisi. Moritz Christian Jott Jenny e Claudio Kaul, Vice Presidente Group Operations &amp; Team Lead Event Management Swiss Re.<\/p>\n<h2>Programma eccezionale, networking e mostra<\/h2>\n<p>Inoltre, \"The Circle Conference\" il 1\u00b0 luglio offre un programma eccezionalmente ampio con relatori selezionati, workshop innovativi, discussioni di esperti e interventi sul palco. In un nuovo concetto di fiera interattiva, destinazioni, hotel per conferenze, fornitori di incentivi, location per eventi e luoghi di incontro entreranno in contatto diretto con i visitatori. \"Il networking \u00e8 una componente significativa della nostra fiera\", spiega Oliver Stoldt. \"Lo scambio diretto con i rappresentanti dell'industria mancava nell'anno di Corona. Lo notiamo chiaramente nei biglietti e nelle iscrizioni gi\u00e0 vendute dagli espositori. L'interesse \u00e8 enorme per la ripartenza dell'industria, le prospettive future e ci mostra in modo impressionante quanto sia grande il bisogno\".<\/p>\n<h2>Presentazioni emozionanti<\/h2>\n<p>Il programma della \"Circle Conference\" \u00e8 ricco di personalit\u00e0 e argomenti interessanti. Tra gli altri, il pubblico pu\u00f2 aspettarsi il ricercatore solare Bertrand Piccard, l'ex signor Corona Daniel Koch e il presidente onorario del FC Basilea, Bernhard Heusler. Gli esperti internazionali Sita Mazumder, German Ramirez e Reto Wampfler parleranno di digitalizzazione, innovazione, social selling e change management. Su temi acuti come il nuovo lavoro, i nuovi mondi lavorativi, la comunicazione, la leadership e la mobilit\u00e0, l'auditorio ascolter\u00e0 le ultime intuizioni dell'esperto Leonie M\u00fcller, dell'ex arbitro della FIFA Urs Meier, del gruppo femminile di piloti #clearedtoland, del pilota professionista Philip Keil e della superstar del Cirque du Soleil \"King of the Pickpockets\" Christian Lindemann. La \"Circle Conference\" sar\u00e0 moderata dalla giornalista economica ed esperta di Cina Martina Fuchs e dal presentatore di SRF Florian Inhauser.<\/p>\n<h2>La Circle Conference prospera sullo scambio genuino<\/h2>\n<p>Gli organizzatori Janin Heukamp e Oliver Stoldt hanno lavorato alla pianificazione dell'evento con i partner ospitanti Flughafen Z\u00fcrich AG, The Circle Convention Center, Hyatt Regency Zurich Airport The Circle e Hyatt Place Zurich Airport The Circle. Per Janin Heukamp, era chiaro fin dall'inizio: \"La fiera prospera sullo scambio reale e sugli incontri reali. O la fiera pu\u00f2 materialmente svolgersi o sar\u00e0 cancellata\". A causa della situazione attuale e della preparazione coscienziosa, le autorit\u00e0 hanno concesso il permesso che la fiera abbia luogo sotto un concetto di protezione rigorosa e con un numero limitato di visitatori. Sono attesi tra gli 800 e i 1.000 visitatori. L'ingresso \u00e8 gratuito.<\/p>\n<p><em>Ulteriori informazioni: <a href=\"http:\/\/www.circle-conference.com\">www.circle-conference.com<\/a><\/em><\/p>","protected":false},"excerpt":{"rendered":"<p>Nun soll es endlich wieder losgehen, das corona-bedingte Verbot von Grossveranstaltungen wird sukzessive aufgehoben. Und man sp\u00fcrt es nicht nur in der MICE-Branche: Das Publikum lechzt nach Live-Events mit pers\u00f6nlichen Kontakten vor Ort und ist \u00fcbers\u00e4ttigt von virtuellen Webinaren und Konferenzen. Oliver Stoldt von der MICE Service Group Schweiz blieb w\u00e4hrend der \u00abEiszeit\u00bb f\u00fcr Events [&hellip;]<\/p>\n","protected":false},"author":4,"featured_media":8171,"comment_status":"closed","ping_status":"closed","sticky":false,"template":"","format":"standard","meta":{"_acf_changed":false,"_yoast_wpseo_focuskw":"The Circle Conference","_yoast_wpseo_metadesc":"Neue Location, neues Konzept, neue Messe: Die Organisatoren der \u00abThe Circle Conference\u00bb gehen am 1. Juli im \u00abThe Circle Convention Center\u00bb an den Start.","articlekey":"","footnotes":""},"categories":[29],"tags":[186,193,339,502],"class_list":["post-8170","post","type-post","status-publish","format-standard","has-post-thumbnail","hentry","category-marketing","tag-event","tag-fachkongressfachmesse","tag-marketing","tag-veranstaltungen"],"acf":[],"yoast_head":"<!-- This site is optimized with the Yoast SEO plugin v27.4 - https:\/\/yoast.com\/product\/yoast-seo-wordpress\/ -->\n<title>The Circle Conference: Die erste nationale Live-Grossveranstaltung nach Corona - Organisator<\/title>\n<meta name=\"description\" content=\"Neue Location, neues Konzept, neue Messe: Die Organisatoren der \u00abThe Circle Conference\u00bb gehen am 1. Juli im \u00abThe Circle Convention Center\u00bb an den Start.\" \/>\n<meta name=\"robots\" content=\"index, follow, max-snippet:-1, max-image-preview:large, max-video-preview:-1\" \/>\n<link rel=\"canonical\" href=\"https:\/\/www.organisator.ch\/it\/marketing\/2021-06-18\/the-circle-conference-die-erste-nationale-live-grossveranstaltung-nach-corona\/\" \/>\n<meta property=\"og:locale\" content=\"it_IT\" \/>\n<meta property=\"og:type\" content=\"article\" \/>\n<meta property=\"og:title\" content=\"The Circle Conference: Die erste nationale Live-Grossveranstaltung nach Corona\" \/>\n<meta property=\"og:description\" content=\"Neue Location, neues Konzept, neue Messe: Die Organisatoren der \u00abThe Circle Conference\u00bb gehen am 1. Juli im \u00abThe Circle Convention Center\u00bb an den Start.\" \/>\n<meta property=\"og:url\" content=\"https:\/\/www.organisator.ch\/it\/marketing\/2021-06-18\/the-circle-conference-die-erste-nationale-live-grossveranstaltung-nach-corona\/\" \/>\n<meta property=\"og:site_name\" content=\"Organisator\" \/>\n<meta property=\"article:publisher\" content=\"https:\/\/www.facebook.com\/OrganisatorFachmagazin\" \/>\n<meta property=\"article:published_time\" content=\"2021-06-18T06:52:59+00:00\" \/>\n<meta property=\"og:image\" content=\"https:\/\/www.organisator.ch\/wp-content\/uploads\/2021\/06\/The-Circle-Conference-Die-erste-nationale-Live-Grossveranstaltung-nach-Corona-2_Organisator.jpg\" \/>\n\t<meta property=\"og:image:width\" content=\"680\" \/>\n\t<meta property=\"og:image:height\" content=\"449\" \/>\n\t<meta property=\"og:image:type\" content=\"image\/jpeg\" \/>\n<meta name=\"author\" content=\"thomas.berner\" \/>\n<meta name=\"twitter:card\" content=\"summary_large_image\" \/>\n<meta name=\"twitter:title\" content=\"The #Circle Conference: Die erste nationale #Live-Grossveranstaltung nach Corona\" \/>\n<meta name=\"twitter:description\" content=\"Neue Location, neues Konzept, neue Messe: Die Organisatoren der #TheCircleConference gehen am 1. Juli im \u00abThe Circle Convention Center\u00bb an den Start.\" \/>\n<meta name=\"twitter:image\" content=\"https:\/\/www.organisator.ch\/wp-content\/uploads\/2021\/06\/The-Circle-Conference-Die-erste-nationale-Live-Grossveranstaltung-nach-Corona-2_Organisator.jpg\" \/>\n<script type=\"application\/ld+json\" class=\"yoast-schema-graph\">{\"@context\":\"https:\\\/\\\/schema.org\",\"@graph\":[{\"@type\":\"Article\",\"@id\":\"https:\\\/\\\/www.organisator.ch\\\/marketing\\\/2021-06-18\\\/the-circle-conference-die-erste-nationale-live-grossveranstaltung-nach-corona\\\/#article\",\"isPartOf\":{\"@id\":\"https:\\\/\\\/www.organisator.ch\\\/marketing\\\/2021-06-18\\\/the-circle-conference-die-erste-nationale-live-grossveranstaltung-nach-corona\\\/\"},\"author\":{\"name\":\"thomas.berner\",\"@id\":\"https:\\\/\\\/www.organisator.ch\\\/#\\\/schema\\\/person\\\/6f650f90b2842cd4c0cc334b4e36f67e\"},\"headline\":\"The Circle Conference: Die erste nationale Live-Grossveranstaltung nach Corona\",\"datePublished\":\"2021-06-18T06:52:59+00:00\",\"mainEntityOfPage\":{\"@id\":\"https:\\\/\\\/www.organisator.ch\\\/marketing\\\/2021-06-18\\\/the-circle-conference-die-erste-nationale-live-grossveranstaltung-nach-corona\\\/\"},\"wordCount\":663,\"publisher\":{\"@id\":\"https:\\\/\\\/www.organisator.ch\\\/#organization\"},\"image\":{\"@id\":\"https:\\\/\\\/www.organisator.ch\\\/marketing\\\/2021-06-18\\\/the-circle-conference-die-erste-nationale-live-grossveranstaltung-nach-corona\\\/#primaryimage\"},\"thumbnailUrl\":\"https:\\\/\\\/www.organisator.ch\\\/wp-content\\\/uploads\\\/2021\\\/06\\\/The-Circle-Conference-Die-erste-nationale-Live-Grossveranstaltung-nach-Corona-2_Organisator.jpg\",\"keywords\":[\"Event\",\"Fachkongress\\\/Fachmesse\",\"Marketing\",\"Veranstaltungen\"],\"articleSection\":[\"MARKETING\"],\"inLanguage\":\"it-IT\"},{\"@type\":\"WebPage\",\"@id\":\"https:\\\/\\\/www.organisator.ch\\\/marketing\\\/2021-06-18\\\/the-circle-conference-die-erste-nationale-live-grossveranstaltung-nach-corona\\\/\",\"url\":\"https:\\\/\\\/www.organisator.ch\\\/marketing\\\/2021-06-18\\\/the-circle-conference-die-erste-nationale-live-grossveranstaltung-nach-corona\\\/\",\"name\":\"The Circle Conference: Die erste nationale Live-Grossveranstaltung nach Corona - Organisator\",\"isPartOf\":{\"@id\":\"https:\\\/\\\/www.organisator.ch\\\/#website\"},\"primaryImageOfPage\":{\"@id\":\"https:\\\/\\\/www.organisator.ch\\\/marketing\\\/2021-06-18\\\/the-circle-conference-die-erste-nationale-live-grossveranstaltung-nach-corona\\\/#primaryimage\"},\"image\":{\"@id\":\"https:\\\/\\\/www.organisator.ch\\\/marketing\\\/2021-06-18\\\/the-circle-conference-die-erste-nationale-live-grossveranstaltung-nach-corona\\\/#primaryimage\"},\"thumbnailUrl\":\"https:\\\/\\\/www.organisator.ch\\\/wp-content\\\/uploads\\\/2021\\\/06\\\/The-Circle-Conference-Die-erste-nationale-Live-Grossveranstaltung-nach-Corona-2_Organisator.jpg\",\"datePublished\":\"2021-06-18T06:52:59+00:00\",\"description\":\"Neue Location, neues Konzept, neue Messe: Die Organisatoren der \u00abThe Circle Conference\u00bb gehen am 1. Juli im \u00abThe Circle Convention Center\u00bb an den Start.\",\"breadcrumb\":{\"@id\":\"https:\\\/\\\/www.organisator.ch\\\/marketing\\\/2021-06-18\\\/the-circle-conference-die-erste-nationale-live-grossveranstaltung-nach-corona\\\/#breadcrumb\"},\"inLanguage\":\"it-IT\",\"potentialAction\":[{\"@type\":\"ReadAction\",\"target\":[\"https:\\\/\\\/www.organisator.ch\\\/marketing\\\/2021-06-18\\\/the-circle-conference-die-erste-nationale-live-grossveranstaltung-nach-corona\\\/\"]}]},{\"@type\":\"ImageObject\",\"inLanguage\":\"it-IT\",\"@id\":\"https:\\\/\\\/www.organisator.ch\\\/marketing\\\/2021-06-18\\\/the-circle-conference-die-erste-nationale-live-grossveranstaltung-nach-corona\\\/#primaryimage\",\"url\":\"https:\\\/\\\/www.organisator.ch\\\/wp-content\\\/uploads\\\/2021\\\/06\\\/The-Circle-Conference-Die-erste-nationale-Live-Grossveranstaltung-nach-Corona-2_Organisator.jpg\",\"contentUrl\":\"https:\\\/\\\/www.organisator.ch\\\/wp-content\\\/uploads\\\/2021\\\/06\\\/The-Circle-Conference-Die-erste-nationale-Live-Grossveranstaltung-nach-Corona-2_Organisator.jpg\",\"width\":680,\"height\":449,\"caption\":\"Schluss mit der Leere im \u00abThe Circle Convention Center\u00bb am Z\u00fcrcher Flughafen: Mit The Circle Conference wird am 1. Juli 2021 die erste nationale Live-Konferenz nach Corona mit bis zu 1'000 Teilnehmenden durchgef\u00fchrt. (Bild: Unsplash.com)\"},{\"@type\":\"BreadcrumbList\",\"@id\":\"https:\\\/\\\/www.organisator.ch\\\/marketing\\\/2021-06-18\\\/the-circle-conference-die-erste-nationale-live-grossveranstaltung-nach-corona\\\/#breadcrumb\",\"itemListElement\":[{\"@type\":\"ListItem\",\"position\":1,\"name\":\"Home\",\"item\":\"https:\\\/\\\/www.organisator.ch\\\/\"},{\"@type\":\"ListItem\",\"position\":2,\"name\":\"The Circle Conference: Die erste nationale Live-Grossveranstaltung nach Corona\"}]},{\"@type\":\"WebSite\",\"@id\":\"https:\\\/\\\/www.organisator.ch\\\/#website\",\"url\":\"https:\\\/\\\/www.organisator.ch\\\/\",\"name\":\"Organisator\",\"description\":\"Kompetent. Praxisnah. Der ORGANISATOR bereitet in 10 Ausgaben pro Jahr die wesentlichen Themen f\u00fcr F\u00fchrungskr\u00e4fte von KMU auf.\",\"publisher\":{\"@id\":\"https:\\\/\\\/www.organisator.ch\\\/#organization\"},\"potentialAction\":[{\"@type\":\"SearchAction\",\"target\":{\"@type\":\"EntryPoint\",\"urlTemplate\":\"https:\\\/\\\/www.organisator.ch\\\/?s={search_term_string}\"},\"query-input\":{\"@type\":\"PropertyValueSpecification\",\"valueRequired\":true,\"valueName\":\"search_term_string\"}}],\"inLanguage\":\"it-IT\"},{\"@type\":\"Organization\",\"@id\":\"https:\\\/\\\/www.organisator.ch\\\/#organization\",\"name\":\"Organisator\",\"url\":\"https:\\\/\\\/www.organisator.ch\\\/\",\"logo\":{\"@type\":\"ImageObject\",\"inLanguage\":\"it-IT\",\"@id\":\"https:\\\/\\\/www.organisator.ch\\\/#\\\/schema\\\/logo\\\/image\\\/\",\"url\":\"https:\\\/\\\/www.organisator.ch\\\/wp-content\\\/uploads\\\/2022\\\/01\\\/Logo_Organisator_Website.png\",\"contentUrl\":\"https:\\\/\\\/www.organisator.ch\\\/wp-content\\\/uploads\\\/2022\\\/01\\\/Logo_Organisator_Website.png\",\"width\":800,\"height\":77,\"caption\":\"Organisator\"},\"image\":{\"@id\":\"https:\\\/\\\/www.organisator.ch\\\/#\\\/schema\\\/logo\\\/image\\\/\"},\"sameAs\":[\"https:\\\/\\\/www.facebook.com\\\/OrganisatorFachmagazin\",\"https:\\\/\\\/www.linkedin.com\\\/showcase\\\/organisator-das-magazin-fr-kmu\",\"https:\\\/\\\/www.xing.com\\\/news\\\/pages\\\/organisator-ch-695\",\"https:\\\/\\\/www.youtube.com\\\/channel\\\/UCGP2Sq0iWaZwT3BdIAQFYpw\"]},{\"@type\":\"Person\",\"@id\":\"https:\\\/\\\/www.organisator.ch\\\/#\\\/schema\\\/person\\\/6f650f90b2842cd4c0cc334b4e36f67e\",\"name\":\"thomas.berner\",\"image\":{\"@type\":\"ImageObject\",\"inLanguage\":\"it-IT\",\"@id\":\"https:\\\/\\\/secure.gravatar.com\\\/avatar\\\/ac5001d2a36cb6c6cd3e50789007ffca834b477b74a2144564522e944eabff61?s=96&d=mm&r=g\",\"url\":\"https:\\\/\\\/secure.gravatar.com\\\/avatar\\\/ac5001d2a36cb6c6cd3e50789007ffca834b477b74a2144564522e944eabff61?s=96&d=mm&r=g\",\"contentUrl\":\"https:\\\/\\\/secure.gravatar.com\\\/avatar\\\/ac5001d2a36cb6c6cd3e50789007ffca834b477b74a2144564522e944eabff61?s=96&d=mm&r=g\",\"caption\":\"thomas.berner\"},\"url\":\"https:\\\/\\\/www.organisator.ch\\\/it\\\/author\\\/thomas-berner\\\/\"}]}<\/script>\n<!-- \/ Yoast SEO plugin. -->","yoast_head_json":{"title":"The Circle Conference: il primo evento live nazionale su larga scala dopo Corona - Organizzatore","description":"Nuova sede, nuovo concetto, nuova fiera: Gli organizzatori della \"The Circle Conference\" si stanno presentando al \"The Circle Convention Center\" il 1\u00b0 luglio.","robots":{"index":"index","follow":"follow","max-snippet":"max-snippet:-1","max-image-preview":"max-image-preview:large","max-video-preview":"max-video-preview:-1"},"canonical":"https:\/\/www.organisator.ch\/it\/marketing\/2021-06-18\/the-circle-conference-die-erste-nationale-live-grossveranstaltung-nach-corona\/","og_locale":"it_IT","og_type":"article","og_title":"The Circle Conference: Die erste nationale Live-Grossveranstaltung nach Corona","og_description":"Neue Location, neues Konzept, neue Messe: Die Organisatoren der \u00abThe Circle Conference\u00bb gehen am 1. Juli im \u00abThe Circle Convention Center\u00bb an den Start.","og_url":"https:\/\/www.organisator.ch\/it\/marketing\/2021-06-18\/the-circle-conference-die-erste-nationale-live-grossveranstaltung-nach-corona\/","og_site_name":"Organisator","article_publisher":"https:\/\/www.facebook.com\/OrganisatorFachmagazin","article_published_time":"2021-06-18T06:52:59+00:00","og_image":[{"width":680,"height":449,"url":"https:\/\/www.organisator.ch\/wp-content\/uploads\/2021\/06\/The-Circle-Conference-Die-erste-nationale-Live-Grossveranstaltung-nach-Corona-2_Organisator.jpg","type":"image\/jpeg"}],"author":"thomas.berner","twitter_card":"summary_large_image","twitter_title":"The #Circle Conference: Die erste nationale #Live-Grossveranstaltung nach Corona","twitter_description":"Neue Location, neues Konzept, neue Messe: Die Organisatoren der #TheCircleConference gehen am 1. Juli im \u00abThe Circle Convention Center\u00bb an den Start.","twitter_image":"https:\/\/www.organisator.ch\/wp-content\/uploads\/2021\/06\/The-Circle-Conference-Die-erste-nationale-Live-Grossveranstaltung-nach-Corona-2_Organisator.jpg","schema":{"@context":"https:\/\/schema.org","@graph":[{"@type":"Article","@id":"https:\/\/www.organisator.ch\/marketing\/2021-06-18\/the-circle-conference-die-erste-nationale-live-grossveranstaltung-nach-corona\/#article","isPartOf":{"@id":"https:\/\/www.organisator.ch\/marketing\/2021-06-18\/the-circle-conference-die-erste-nationale-live-grossveranstaltung-nach-corona\/"},"author":{"name":"thomas.berner","@id":"https:\/\/www.organisator.ch\/#\/schema\/person\/6f650f90b2842cd4c0cc334b4e36f67e"},"headline":"The Circle Conference: Die erste nationale Live-Grossveranstaltung nach Corona","datePublished":"2021-06-18T06:52:59+00:00","mainEntityOfPage":{"@id":"https:\/\/www.organisator.ch\/marketing\/2021-06-18\/the-circle-conference-die-erste-nationale-live-grossveranstaltung-nach-corona\/"},"wordCount":663,"publisher":{"@id":"https:\/\/www.organisator.ch\/#organization"},"image":{"@id":"https:\/\/www.organisator.ch\/marketing\/2021-06-18\/the-circle-conference-die-erste-nationale-live-grossveranstaltung-nach-corona\/#primaryimage"},"thumbnailUrl":"https:\/\/www.organisator.ch\/wp-content\/uploads\/2021\/06\/The-Circle-Conference-Die-erste-nationale-Live-Grossveranstaltung-nach-Corona-2_Organisator.jpg","keywords":["Event","Fachkongress\/Fachmesse","Marketing","Veranstaltungen"],"articleSection":["MARKETING"],"inLanguage":"it-IT"},{"@type":"WebPage","@id":"https:\/\/www.organisator.ch\/marketing\/2021-06-18\/the-circle-conference-die-erste-nationale-live-grossveranstaltung-nach-corona\/","url":"https:\/\/www.organisator.ch\/marketing\/2021-06-18\/the-circle-conference-die-erste-nationale-live-grossveranstaltung-nach-corona\/","name":"The Circle Conference: il primo evento live nazionale su larga scala dopo Corona - Organizzatore","isPartOf":{"@id":"https:\/\/www.organisator.ch\/#website"},"primaryImageOfPage":{"@id":"https:\/\/www.organisator.ch\/marketing\/2021-06-18\/the-circle-conference-die-erste-nationale-live-grossveranstaltung-nach-corona\/#primaryimage"},"image":{"@id":"https:\/\/www.organisator.ch\/marketing\/2021-06-18\/the-circle-conference-die-erste-nationale-live-grossveranstaltung-nach-corona\/#primaryimage"},"thumbnailUrl":"https:\/\/www.organisator.ch\/wp-content\/uploads\/2021\/06\/The-Circle-Conference-Die-erste-nationale-Live-Grossveranstaltung-nach-Corona-2_Organisator.jpg","datePublished":"2021-06-18T06:52:59+00:00","description":"Nuova sede, nuovo concetto, nuova fiera: Gli organizzatori della \"The Circle Conference\" si stanno presentando al \"The Circle Convention Center\" il 1\u00b0 luglio.","breadcrumb":{"@id":"https:\/\/www.organisator.ch\/marketing\/2021-06-18\/the-circle-conference-die-erste-nationale-live-grossveranstaltung-nach-corona\/#breadcrumb"},"inLanguage":"it-IT","potentialAction":[{"@type":"ReadAction","target":["https:\/\/www.organisator.ch\/marketing\/2021-06-18\/the-circle-conference-die-erste-nationale-live-grossveranstaltung-nach-corona\/"]}]},{"@type":"ImageObject","inLanguage":"it-IT","@id":"https:\/\/www.organisator.ch\/marketing\/2021-06-18\/the-circle-conference-die-erste-nationale-live-grossveranstaltung-nach-corona\/#primaryimage","url":"https:\/\/www.organisator.ch\/wp-content\/uploads\/2021\/06\/The-Circle-Conference-Die-erste-nationale-Live-Grossveranstaltung-nach-Corona-2_Organisator.jpg","contentUrl":"https:\/\/www.organisator.ch\/wp-content\/uploads\/2021\/06\/The-Circle-Conference-Die-erste-nationale-Live-Grossveranstaltung-nach-Corona-2_Organisator.jpg","width":680,"height":449,"caption":"Schluss mit der Leere im \u00abThe Circle Convention Center\u00bb am Z\u00fcrcher Flughafen: Mit The Circle Conference wird am 1. Juli 2021 die erste nationale Live-Konferenz nach Corona mit bis zu 1'000 Teilnehmenden durchgef\u00fchrt. (Bild: Unsplash.com)"},{"@type":"BreadcrumbList","@id":"https:\/\/www.organisator.ch\/marketing\/2021-06-18\/the-circle-conference-die-erste-nationale-live-grossveranstaltung-nach-corona\/#breadcrumb","itemListElement":[{"@type":"ListItem","position":1,"name":"Home","item":"https:\/\/www.organisator.ch\/"},{"@type":"ListItem","position":2,"name":"The Circle Conference: Die erste nationale Live-Grossveranstaltung nach Corona"}]},{"@type":"WebSite","@id":"https:\/\/www.organisator.ch\/#website","url":"https:\/\/www.organisator.ch\/","name":"Organizzatore","description":"Competente. Pratico. In 10 numeri all'anno, ORGANISATOR presenta i temi essenziali per i manager delle PMI.","publisher":{"@id":"https:\/\/www.organisator.ch\/#organization"},"potentialAction":[{"@type":"SearchAction","target":{"@type":"EntryPoint","urlTemplate":"https:\/\/www.organisator.ch\/?s={search_term_string}"},"query-input":{"@type":"PropertyValueSpecification","valueRequired":true,"valueName":"search_term_string"}}],"inLanguage":"it-IT"},{"@type":"Organization","@id":"https:\/\/www.organisator.ch\/#organization","name":"Organizzatore","url":"https:\/\/www.organisator.ch\/","logo":{"@type":"ImageObject","inLanguage":"it-IT","@id":"https:\/\/www.organisator.ch\/#\/schema\/logo\/image\/","url":"https:\/\/www.organisator.ch\/wp-content\/uploads\/2022\/01\/Logo_Organisator_Website.png","contentUrl":"https:\/\/www.organisator.ch\/wp-content\/uploads\/2022\/01\/Logo_Organisator_Website.png","width":800,"height":77,"caption":"Organisator"},"image":{"@id":"https:\/\/www.organisator.ch\/#\/schema\/logo\/image\/"},"sameAs":["https:\/\/www.facebook.com\/OrganisatorFachmagazin","https:\/\/www.linkedin.com\/showcase\/organisator-das-magazin-fr-kmu","https:\/\/www.xing.com\/news\/pages\/organisator-ch-695","https:\/\/www.youtube.com\/channel\/UCGP2Sq0iWaZwT3BdIAQFYpw"]},{"@type":"Person","@id":"https:\/\/www.organisator.ch\/#\/schema\/person\/6f650f90b2842cd4c0cc334b4e36f67e","name":"Tommaso.berner","image":{"@type":"ImageObject","inLanguage":"it-IT","@id":"https:\/\/secure.gravatar.com\/avatar\/ac5001d2a36cb6c6cd3e50789007ffca834b477b74a2144564522e944eabff61?s=96&d=mm&r=g","url":"https:\/\/secure.gravatar.com\/avatar\/ac5001d2a36cb6c6cd3e50789007ffca834b477b74a2144564522e944eabff61?s=96&d=mm&r=g","contentUrl":"https:\/\/secure.gravatar.com\/avatar\/ac5001d2a36cb6c6cd3e50789007ffca834b477b74a2144564522e944eabff61?s=96&d=mm&r=g","caption":"thomas.berner"},"url":"https:\/\/www.organisator.ch\/it\/author\/thomas-berner\/"}]}},"_links":{"self":[{"href":"https:\/\/www.organisator.ch\/it\/wp-json\/wp\/v2\/posts\/8170","targetHints":{"allow":["GET"]}}],"collection":[{"href":"https:\/\/www.organisator.ch\/it\/wp-json\/wp\/v2\/posts"}],"about":[{"href":"https:\/\/www.organisator.ch\/it\/wp-json\/wp\/v2\/types\/post"}],"author":[{"embeddable":true,"href":"https:\/\/www.organisator.ch\/it\/wp-json\/wp\/v2\/users\/4"}],"replies":[{"embeddable":true,"href":"https:\/\/www.organisator.ch\/it\/wp-json\/wp\/v2\/comments?post=8170"}],"version-history":[{"count":0,"href":"https:\/\/www.organisator.ch\/it\/wp-json\/wp\/v2\/posts\/8170\/revisions"}],"wp:featuredmedia":[{"embeddable":true,"href":"https:\/\/www.organisator.ch\/it\/wp-json\/wp\/v2\/media\/8171"}],"wp:attachment":[{"href":"https:\/\/www.organisator.ch\/it\/wp-json\/wp\/v2\/media?parent=8170"}],"wp:term":[{"taxonomy":"category","embeddable":true,"href":"https:\/\/www.organisator.ch\/it\/wp-json\/wp\/v2\/categories?post=8170"},{"taxonomy":"post_tag","embeddable":true,"href":"https:\/\/www.organisator.ch\/it\/wp-json\/wp\/v2\/tags?post=8170"}],"curies":[{"name":"wp","href":"https:\/\/api.w.org\/{rel}","templated":true}]}}