{"id":8210,"date":"2021-06-30T09:46:28","date_gmt":"2021-06-30T07:46:28","guid":{"rendered":"https:\/\/www.organisator.ch\/?p=8210"},"modified":"2021-06-30T09:46:28","modified_gmt":"2021-06-30T07:46:28","slug":"fuer-mehr-homeoffice-berufstaetige-nehmen-laengere-arbeitswege-in-kauf","status":"publish","type":"post","link":"https:\/\/www.organisator.ch\/it\/human-resources\/hrm\/2021-06-30\/fuer-mehr-homeoffice-berufstaetige-nehmen-laengere-arbeitswege-in-kauf\/","title":{"rendered":"Per pi\u00f9 home office: le persone che lavorano accettano tragitti pi\u00f9 lunghi per andare al lavoro"},"content":{"rendered":"<figure id=\"attachment_8211\" aria-describedby=\"caption-attachment-8211\" style=\"width: 680px\" class=\"wp-caption alignnone\"><a href=\"https:\/\/www.organisator.ch\/wp-content\/uploads\/2021\/06\/Fuer-mehr-Homeoffice-Berufstaetige-nehmen-laengere-Arbeitswege-in-Kauf_Organisator.jpg\"><img loading=\"lazy\" decoding=\"async\" class=\"size-medium wp-image-8211\" src=\"https:\/\/www.organisator.ch\/wp-content\/uploads\/2021\/06\/Fuer-mehr-Homeoffice-Berufstaetige-nehmen-laengere-Arbeitswege-in-Kauf_Organisator.jpg\" alt=\"\" width=\"680\" height=\"383\" srcset=\"https:\/\/www.organisator.ch\/wp-content\/uploads\/2021\/06\/Fuer-mehr-Homeoffice-Berufstaetige-nehmen-laengere-Arbeitswege-in-Kauf_Organisator.jpg 680w, https:\/\/www.organisator.ch\/wp-content\/uploads\/2021\/06\/Fuer-mehr-Homeoffice-Berufstaetige-nehmen-laengere-Arbeitswege-in-Kauf_Organisator-16x9.jpg 16w, https:\/\/www.organisator.ch\/wp-content\/uploads\/2021\/06\/Fuer-mehr-Homeoffice-Berufstaetige-nehmen-laengere-Arbeitswege-in-Kauf_Organisator-311x175.jpg 311w, https:\/\/www.organisator.ch\/wp-content\/uploads\/2021\/06\/Fuer-mehr-Homeoffice-Berufstaetige-nehmen-laengere-Arbeitswege-in-Kauf_Organisator-621x350.jpg 621w, https:\/\/www.organisator.ch\/wp-content\/uploads\/2021\/06\/Fuer-mehr-Homeoffice-Berufstaetige-nehmen-laengere-Arbeitswege-in-Kauf_Organisator-300x169.jpg 300w\" sizes=\"auto, (max-width: 680px) 100vw, 680px\" \/><\/a><figcaption id=\"caption-attachment-8211\" class=\"wp-caption-text\">I professionisti sono disposti ad accettare pendolari pi\u00f9 lunghi in cambio di pi\u00f9 spazio per l'ufficio a casa. (Immagine: Unsplash.com)<\/figcaption><\/figure>\n<p>Per conto della rete professionale XING, la societ\u00e0 di ricerche di mercato e di opinione <a href=\"http:\/\/Marketagent.com\">Marketagent.com<\/a> 500 persone occupate nella Svizzera tedesca sono state intervistate sul tema del lavoro flessibile e del luogo di lavoro. Gli intervistati avevano un'et\u00e0 compresa tra i 18 e i 65 anni. Il campione \u00e8 rappresentativo della popolazione attiva della Svizzera tedesca.<\/p>\n<h2><strong>New Normal Deal: pi\u00f9 ufficio a casa, ma un pendolarismo pi\u00f9 lungo<\/strong><\/h2>\n<p>Pi\u00f9 home office potrebbe rivelarsi un'opportunit\u00e0 per le aziende fuori dalle conurbazioni, mostrano i risultati dello studio. Se c'\u00e8 la possibilit\u00e0 di lavorare a casa regolarmente, pi\u00f9 della met\u00e0 degli intervistati (52%) accetterebbe in cambio un tragitto pi\u00f9 lungo nei restanti giorni lavorativi. Un terzo (35%) \u00e8 ancora indeciso e solo il 13% rifiuterebbe un tale compromesso in linea di principio. Robert Bertschinger, amministratore delegato di XING Svizzera, commenta questo risultato come segue: \"Con la possibilit\u00e0 di fare parte del loro lavoro dall'ufficio di casa, i dipendenti stanno aprendo nuove prospettive di carriera. I lavori pi\u00f9 lontani stanno diventando un'opzione senza dover cambiare il proprio luogo di residenza. Allo stesso tempo, grazie a una maggiore flessibilit\u00e0, le aziende stanno espandendo il loro bacino d'utenza per il reclutamento di nuovi dipendenti, ottenendo cos\u00ec l'accesso a un pool pi\u00f9 ampio di candidati.<\/p>\n<h2><strong>Solo pochi cambierebbero il loro luogo di residenza per il lavoro<\/strong><\/h2>\n<p>\u00c8 certamente interessante per le aziende aumentare il bacino di utenza per i nuovi dipendenti offrendo uffici a domicilio. Solo un quinto circa (21%) degli intervistati \u00e8 disposto a cambiare il proprio luogo di residenza per un nuovo lavoro. La volont\u00e0 di trasferirsi \u00e8 pi\u00f9 alta tra gli uomini (26%) che tra le donne (16%). Pi\u00f9 della met\u00e0 dei professionisti (54%) non pu\u00f2 immaginare di trasferirsi in un posto nuovo per un lavoro e il 25% \u00e8 indeciso se sarebbe disposto a fare questo passo.<\/p>\n<p>Di conseguenza, nonostante il networking globale e l'internazionalizzazione, la vita professionale rimane un affare locale per la grande maggioranza. Per un terzo (31%) degli intervistati, il prossimo lavoro non dovrebbe essere a pi\u00f9 di 10 chilometri dal loro attuale luogo di residenza. Un altro 41% accetterebbe una distanza di pendolarismo di non pi\u00f9 di 20 chilometri. Un lavoro pi\u00f9 lontano \u00e8 un'opzione per pochi.<\/p>\n<h2><strong>Cambio di residenza: i lavoratori temono l'isolamento sociale<\/strong><\/h2>\n<p>Un cambio di residenza \u00e8 spesso associato a paure. Quasi un terzo (29%) ha paura di diventare socialmente isolato trasferendosi. Per contrastare questo pericolo, il 27% dice che costruirebbe attivamente una rete nel nuovo posto prima di trasferirsi. E quattro intervistati su dieci (39%) userebbero i social network per connettersi con contatti professionali nella nuova regione.<\/p>\n<p>Per poco meno della met\u00e0 (45%) degli intervistati, una rete sociale professionale \u00e8 importante anche al di fuori della propria azienda, e il 27% dice che questa rete li ha sostenuti molto durante il periodo di Corona. Il 28% \u00e8 anche diventato pi\u00f9 attivo in termini di networking digitale dall'inizio della pandemia. Robert Bertschinger: \"Le reti professionali sono una parte importante della vita lavorativa e spesso si estendono oltre il proprio datore di lavoro. Nel caso di un cambio di residenza, ma anche nel caso di un riorientamento professionale, queste reti possono essere ampliate in modo mirato per ritrovare rapidamente un punto d'appoggio nella nuova sede\".<\/p>\n<p><em>Fonte: <a href=\"http:\/\/www.xing.com\">www.xing.com<\/a><\/em><\/p>","protected":false},"excerpt":{"rendered":"<p>Im Auftrag des beruflichen Netzwerks XING\u00a0 hat das Markt- und Meinungsforschungsunternehmen Marketagent.com 500 berufsta\u0308tige Personen in der Deutschschweiz zum Thema flexibles Arbeiten und Arbeitsort befragt. Die Befragten waren zwischen\u00a018 und 65 Jahre alt. Die Stichprobe ist fu\u0308r die erwerbsta\u0308tige Bevo\u0308lkerung in der Deutschschweiz repra\u0308sentativ. New Normal Deal: mehr Homeoffice, dafu\u0308r ein la\u0308ngerer Arbeitsweg Mehr Homeoffice [&hellip;]<\/p>\n","protected":false},"author":4,"featured_media":8211,"comment_status":"closed","ping_status":"closed","sticky":false,"template":"","format":"standard","meta":{"_acf_changed":false,"_yoast_wpseo_focuskw":"mehr Homeoffice","_yoast_wpseo_metadesc":"Bietet ein Unternehmen die M\u00f6glichkeit f\u00fcr mehr Homeoffice, so nehmen Berufst\u00e4tige im Gegenzug h\u00e4ufig einen l\u00e4ngeren Arbeitsweg in Kauf.","articlekey":"","footnotes":""},"categories":[26],"tags":[51,254,363,459],"class_list":["post-8210","post","type-post","status-publish","format-standard","has-post-thumbnail","hentry","category-hrm","tag-arbeitsplatzgestaltung","tag-hrm","tag-new-work","tag-studie"],"acf":[],"yoast_head":"<!-- This site is optimized with the Yoast SEO plugin v27.4 - https:\/\/yoast.com\/product\/yoast-seo-wordpress\/ -->\n<title>F\u00fcr mehr Homeoffice: Berufst\u00e4tige nehmen l\u00e4ngere Arbeitswege in Kauf - Organisator<\/title>\n<meta name=\"description\" content=\"Bietet ein Unternehmen die M\u00f6glichkeit f\u00fcr mehr Homeoffice, so nehmen Berufst\u00e4tige im Gegenzug h\u00e4ufig einen l\u00e4ngeren Arbeitsweg in Kauf.\" \/>\n<meta name=\"robots\" content=\"index, follow, max-snippet:-1, max-image-preview:large, max-video-preview:-1\" \/>\n<link rel=\"canonical\" href=\"https:\/\/www.organisator.ch\/it\/risorse-umane\/hrm\/2021-06-30\/fuer-mehr-homeoffice-berufstaetige-nehmen-laengere-arbeitswege-in-kauf\/\" \/>\n<meta property=\"og:locale\" content=\"it_IT\" \/>\n<meta property=\"og:type\" content=\"article\" \/>\n<meta property=\"og:title\" content=\"F\u00fcr mehr Homeoffice: Berufst\u00e4tige nehmen l\u00e4ngere Arbeitswege in Kauf\" \/>\n<meta property=\"og:description\" content=\"Bietet ein Unternehmen die M\u00f6glichkeit f\u00fcr mehr Homeoffice, so nehmen Berufst\u00e4tige im Gegenzug h\u00e4ufig einen l\u00e4ngeren Arbeitsweg in Kauf.\" \/>\n<meta property=\"og:url\" content=\"https:\/\/www.organisator.ch\/it\/risorse-umane\/hrm\/2021-06-30\/fuer-mehr-homeoffice-berufstaetige-nehmen-laengere-arbeitswege-in-kauf\/\" \/>\n<meta property=\"og:site_name\" content=\"Organisator\" \/>\n<meta property=\"article:publisher\" content=\"https:\/\/www.facebook.com\/OrganisatorFachmagazin\" \/>\n<meta property=\"article:published_time\" content=\"2021-06-30T07:46:28+00:00\" \/>\n<meta property=\"og:image\" content=\"https:\/\/www.organisator.ch\/wp-content\/uploads\/2021\/06\/Fuer-mehr-Homeoffice-Berufstaetige-nehmen-laengere-Arbeitswege-in-Kauf_Organisator.jpg\" \/>\n\t<meta property=\"og:image:width\" content=\"680\" \/>\n\t<meta property=\"og:image:height\" content=\"383\" \/>\n\t<meta property=\"og:image:type\" content=\"image\/jpeg\" \/>\n<meta name=\"author\" content=\"thomas.berner\" \/>\n<meta name=\"twitter:card\" content=\"summary_large_image\" \/>\n<meta name=\"twitter:title\" content=\"F\u00fcr mehr #Homeoffice: #Berufst\u00e4tige nehmen l\u00e4ngere #Arbeitswege in Kauf\" \/>\n<meta name=\"twitter:description\" content=\"Bietet ein Unternehmen die M\u00f6glichkeit f\u00fcr mehr #Homeoffice, so nehmen #Berufst\u00e4tige im Gegenzug h\u00e4ufig einen l\u00e4ngeren #Arbeitsweg in Kauf.\" \/>\n<meta name=\"twitter:image\" content=\"https:\/\/www.organisator.ch\/wp-content\/uploads\/2021\/06\/Fuer-mehr-Homeoffice-Berufstaetige-nehmen-laengere-Arbeitswege-in-Kauf_Organisator.jpg\" \/>\n<script type=\"application\/ld+json\" class=\"yoast-schema-graph\">{\"@context\":\"https:\\\/\\\/schema.org\",\"@graph\":[{\"@type\":\"Article\",\"@id\":\"https:\\\/\\\/www.organisator.ch\\\/human-resources\\\/hrm\\\/2021-06-30\\\/fuer-mehr-homeoffice-berufstaetige-nehmen-laengere-arbeitswege-in-kauf\\\/#article\",\"isPartOf\":{\"@id\":\"https:\\\/\\\/www.organisator.ch\\\/human-resources\\\/hrm\\\/2021-06-30\\\/fuer-mehr-homeoffice-berufstaetige-nehmen-laengere-arbeitswege-in-kauf\\\/\"},\"author\":{\"name\":\"thomas.berner\",\"@id\":\"https:\\\/\\\/www.organisator.ch\\\/#\\\/schema\\\/person\\\/6f650f90b2842cd4c0cc334b4e36f67e\"},\"headline\":\"F\u00fcr mehr Homeoffice: Berufst\u00e4tige nehmen l\u00e4ngere Arbeitswege in Kauf\",\"datePublished\":\"2021-06-30T07:46:28+00:00\",\"mainEntityOfPage\":{\"@id\":\"https:\\\/\\\/www.organisator.ch\\\/human-resources\\\/hrm\\\/2021-06-30\\\/fuer-mehr-homeoffice-berufstaetige-nehmen-laengere-arbeitswege-in-kauf\\\/\"},\"wordCount\":586,\"publisher\":{\"@id\":\"https:\\\/\\\/www.organisator.ch\\\/#organization\"},\"image\":{\"@id\":\"https:\\\/\\\/www.organisator.ch\\\/human-resources\\\/hrm\\\/2021-06-30\\\/fuer-mehr-homeoffice-berufstaetige-nehmen-laengere-arbeitswege-in-kauf\\\/#primaryimage\"},\"thumbnailUrl\":\"https:\\\/\\\/www.organisator.ch\\\/wp-content\\\/uploads\\\/2021\\\/06\\\/Fuer-mehr-Homeoffice-Berufstaetige-nehmen-laengere-Arbeitswege-in-Kauf_Organisator.jpg\",\"keywords\":[\"Arbeitsplatzgestaltung\",\"HRM\",\"New Work\",\"Studie\"],\"articleSection\":[\"HRM\"],\"inLanguage\":\"it-IT\"},{\"@type\":\"WebPage\",\"@id\":\"https:\\\/\\\/www.organisator.ch\\\/human-resources\\\/hrm\\\/2021-06-30\\\/fuer-mehr-homeoffice-berufstaetige-nehmen-laengere-arbeitswege-in-kauf\\\/\",\"url\":\"https:\\\/\\\/www.organisator.ch\\\/human-resources\\\/hrm\\\/2021-06-30\\\/fuer-mehr-homeoffice-berufstaetige-nehmen-laengere-arbeitswege-in-kauf\\\/\",\"name\":\"F\u00fcr mehr Homeoffice: Berufst\u00e4tige nehmen l\u00e4ngere Arbeitswege in Kauf - Organisator\",\"isPartOf\":{\"@id\":\"https:\\\/\\\/www.organisator.ch\\\/#website\"},\"primaryImageOfPage\":{\"@id\":\"https:\\\/\\\/www.organisator.ch\\\/human-resources\\\/hrm\\\/2021-06-30\\\/fuer-mehr-homeoffice-berufstaetige-nehmen-laengere-arbeitswege-in-kauf\\\/#primaryimage\"},\"image\":{\"@id\":\"https:\\\/\\\/www.organisator.ch\\\/human-resources\\\/hrm\\\/2021-06-30\\\/fuer-mehr-homeoffice-berufstaetige-nehmen-laengere-arbeitswege-in-kauf\\\/#primaryimage\"},\"thumbnailUrl\":\"https:\\\/\\\/www.organisator.ch\\\/wp-content\\\/uploads\\\/2021\\\/06\\\/Fuer-mehr-Homeoffice-Berufstaetige-nehmen-laengere-Arbeitswege-in-Kauf_Organisator.jpg\",\"datePublished\":\"2021-06-30T07:46:28+00:00\",\"description\":\"Bietet ein Unternehmen die M\u00f6glichkeit f\u00fcr mehr Homeoffice, so nehmen Berufst\u00e4tige im Gegenzug h\u00e4ufig einen l\u00e4ngeren Arbeitsweg in Kauf.\",\"breadcrumb\":{\"@id\":\"https:\\\/\\\/www.organisator.ch\\\/human-resources\\\/hrm\\\/2021-06-30\\\/fuer-mehr-homeoffice-berufstaetige-nehmen-laengere-arbeitswege-in-kauf\\\/#breadcrumb\"},\"inLanguage\":\"it-IT\",\"potentialAction\":[{\"@type\":\"ReadAction\",\"target\":[\"https:\\\/\\\/www.organisator.ch\\\/human-resources\\\/hrm\\\/2021-06-30\\\/fuer-mehr-homeoffice-berufstaetige-nehmen-laengere-arbeitswege-in-kauf\\\/\"]}]},{\"@type\":\"ImageObject\",\"inLanguage\":\"it-IT\",\"@id\":\"https:\\\/\\\/www.organisator.ch\\\/human-resources\\\/hrm\\\/2021-06-30\\\/fuer-mehr-homeoffice-berufstaetige-nehmen-laengere-arbeitswege-in-kauf\\\/#primaryimage\",\"url\":\"https:\\\/\\\/www.organisator.ch\\\/wp-content\\\/uploads\\\/2021\\\/06\\\/Fuer-mehr-Homeoffice-Berufstaetige-nehmen-laengere-Arbeitswege-in-Kauf_Organisator.jpg\",\"contentUrl\":\"https:\\\/\\\/www.organisator.ch\\\/wp-content\\\/uploads\\\/2021\\\/06\\\/Fuer-mehr-Homeoffice-Berufstaetige-nehmen-laengere-Arbeitswege-in-Kauf_Organisator.jpg\",\"width\":680,\"height\":383,\"caption\":\"F\u00fcr mehr Homeoffice sind Berufst\u00e4tige bereit, im Gegenzug l\u00e4ngere Arbeitswege in Kauf zu nehmen. (Bild: Unsplash.com)\"},{\"@type\":\"BreadcrumbList\",\"@id\":\"https:\\\/\\\/www.organisator.ch\\\/human-resources\\\/hrm\\\/2021-06-30\\\/fuer-mehr-homeoffice-berufstaetige-nehmen-laengere-arbeitswege-in-kauf\\\/#breadcrumb\",\"itemListElement\":[{\"@type\":\"ListItem\",\"position\":1,\"name\":\"Home\",\"item\":\"https:\\\/\\\/www.organisator.ch\\\/\"},{\"@type\":\"ListItem\",\"position\":2,\"name\":\"F\u00fcr mehr Homeoffice: Berufst\u00e4tige nehmen l\u00e4ngere Arbeitswege in Kauf\"}]},{\"@type\":\"WebSite\",\"@id\":\"https:\\\/\\\/www.organisator.ch\\\/#website\",\"url\":\"https:\\\/\\\/www.organisator.ch\\\/\",\"name\":\"Organisator\",\"description\":\"Kompetent. Praxisnah. Der ORGANISATOR bereitet in 10 Ausgaben pro Jahr die wesentlichen Themen f\u00fcr F\u00fchrungskr\u00e4fte von KMU auf.\",\"publisher\":{\"@id\":\"https:\\\/\\\/www.organisator.ch\\\/#organization\"},\"potentialAction\":[{\"@type\":\"SearchAction\",\"target\":{\"@type\":\"EntryPoint\",\"urlTemplate\":\"https:\\\/\\\/www.organisator.ch\\\/?s={search_term_string}\"},\"query-input\":{\"@type\":\"PropertyValueSpecification\",\"valueRequired\":true,\"valueName\":\"search_term_string\"}}],\"inLanguage\":\"it-IT\"},{\"@type\":\"Organization\",\"@id\":\"https:\\\/\\\/www.organisator.ch\\\/#organization\",\"name\":\"Organisator\",\"url\":\"https:\\\/\\\/www.organisator.ch\\\/\",\"logo\":{\"@type\":\"ImageObject\",\"inLanguage\":\"it-IT\",\"@id\":\"https:\\\/\\\/www.organisator.ch\\\/#\\\/schema\\\/logo\\\/image\\\/\",\"url\":\"https:\\\/\\\/www.organisator.ch\\\/wp-content\\\/uploads\\\/2022\\\/01\\\/Logo_Organisator_Website.png\",\"contentUrl\":\"https:\\\/\\\/www.organisator.ch\\\/wp-content\\\/uploads\\\/2022\\\/01\\\/Logo_Organisator_Website.png\",\"width\":800,\"height\":77,\"caption\":\"Organisator\"},\"image\":{\"@id\":\"https:\\\/\\\/www.organisator.ch\\\/#\\\/schema\\\/logo\\\/image\\\/\"},\"sameAs\":[\"https:\\\/\\\/www.facebook.com\\\/OrganisatorFachmagazin\",\"https:\\\/\\\/www.linkedin.com\\\/showcase\\\/organisator-das-magazin-fr-kmu\",\"https:\\\/\\\/www.xing.com\\\/news\\\/pages\\\/organisator-ch-695\",\"https:\\\/\\\/www.youtube.com\\\/channel\\\/UCGP2Sq0iWaZwT3BdIAQFYpw\"]},{\"@type\":\"Person\",\"@id\":\"https:\\\/\\\/www.organisator.ch\\\/#\\\/schema\\\/person\\\/6f650f90b2842cd4c0cc334b4e36f67e\",\"name\":\"thomas.berner\",\"image\":{\"@type\":\"ImageObject\",\"inLanguage\":\"it-IT\",\"@id\":\"https:\\\/\\\/secure.gravatar.com\\\/avatar\\\/ac5001d2a36cb6c6cd3e50789007ffca834b477b74a2144564522e944eabff61?s=96&d=mm&r=g\",\"url\":\"https:\\\/\\\/secure.gravatar.com\\\/avatar\\\/ac5001d2a36cb6c6cd3e50789007ffca834b477b74a2144564522e944eabff61?s=96&d=mm&r=g\",\"contentUrl\":\"https:\\\/\\\/secure.gravatar.com\\\/avatar\\\/ac5001d2a36cb6c6cd3e50789007ffca834b477b74a2144564522e944eabff61?s=96&d=mm&r=g\",\"caption\":\"thomas.berner\"},\"url\":\"https:\\\/\\\/www.organisator.ch\\\/it\\\/author\\\/thomas-berner\\\/\"}]}<\/script>\n<!-- \/ Yoast SEO plugin. -->","yoast_head_json":{"title":"Pi\u00f9 ufficio a casa: i lavoratori accettano spostamenti pi\u00f9 lunghi - Organizzatore","description":"Se un'azienda offre la possibilit\u00e0 di lavorare pi\u00f9 spesso da casa, i lavoratori spesso accettano in cambio un tragitto pi\u00f9 lungo.","robots":{"index":"index","follow":"follow","max-snippet":"max-snippet:-1","max-image-preview":"max-image-preview:large","max-video-preview":"max-video-preview:-1"},"canonical":"https:\/\/www.organisator.ch\/it\/risorse-umane\/hrm\/2021-06-30\/fuer-mehr-homeoffice-berufstaetige-nehmen-laengere-arbeitswege-in-kauf\/","og_locale":"it_IT","og_type":"article","og_title":"F\u00fcr mehr Homeoffice: Berufst\u00e4tige nehmen l\u00e4ngere Arbeitswege in Kauf","og_description":"Bietet ein Unternehmen die M\u00f6glichkeit f\u00fcr mehr Homeoffice, so nehmen Berufst\u00e4tige im Gegenzug h\u00e4ufig einen l\u00e4ngeren Arbeitsweg in Kauf.","og_url":"https:\/\/www.organisator.ch\/it\/risorse-umane\/hrm\/2021-06-30\/fuer-mehr-homeoffice-berufstaetige-nehmen-laengere-arbeitswege-in-kauf\/","og_site_name":"Organisator","article_publisher":"https:\/\/www.facebook.com\/OrganisatorFachmagazin","article_published_time":"2021-06-30T07:46:28+00:00","og_image":[{"width":680,"height":383,"url":"https:\/\/www.organisator.ch\/wp-content\/uploads\/2021\/06\/Fuer-mehr-Homeoffice-Berufstaetige-nehmen-laengere-Arbeitswege-in-Kauf_Organisator.jpg","type":"image\/jpeg"}],"author":"thomas.berner","twitter_card":"summary_large_image","twitter_title":"F\u00fcr mehr #Homeoffice: #Berufst\u00e4tige nehmen l\u00e4ngere #Arbeitswege in Kauf","twitter_description":"Bietet ein Unternehmen die M\u00f6glichkeit f\u00fcr mehr #Homeoffice, so nehmen #Berufst\u00e4tige im Gegenzug h\u00e4ufig einen l\u00e4ngeren #Arbeitsweg in Kauf.","twitter_image":"https:\/\/www.organisator.ch\/wp-content\/uploads\/2021\/06\/Fuer-mehr-Homeoffice-Berufstaetige-nehmen-laengere-Arbeitswege-in-Kauf_Organisator.jpg","schema":{"@context":"https:\/\/schema.org","@graph":[{"@type":"Article","@id":"https:\/\/www.organisator.ch\/human-resources\/hrm\/2021-06-30\/fuer-mehr-homeoffice-berufstaetige-nehmen-laengere-arbeitswege-in-kauf\/#article","isPartOf":{"@id":"https:\/\/www.organisator.ch\/human-resources\/hrm\/2021-06-30\/fuer-mehr-homeoffice-berufstaetige-nehmen-laengere-arbeitswege-in-kauf\/"},"author":{"name":"thomas.berner","@id":"https:\/\/www.organisator.ch\/#\/schema\/person\/6f650f90b2842cd4c0cc334b4e36f67e"},"headline":"F\u00fcr mehr Homeoffice: Berufst\u00e4tige nehmen l\u00e4ngere Arbeitswege in Kauf","datePublished":"2021-06-30T07:46:28+00:00","mainEntityOfPage":{"@id":"https:\/\/www.organisator.ch\/human-resources\/hrm\/2021-06-30\/fuer-mehr-homeoffice-berufstaetige-nehmen-laengere-arbeitswege-in-kauf\/"},"wordCount":586,"publisher":{"@id":"https:\/\/www.organisator.ch\/#organization"},"image":{"@id":"https:\/\/www.organisator.ch\/human-resources\/hrm\/2021-06-30\/fuer-mehr-homeoffice-berufstaetige-nehmen-laengere-arbeitswege-in-kauf\/#primaryimage"},"thumbnailUrl":"https:\/\/www.organisator.ch\/wp-content\/uploads\/2021\/06\/Fuer-mehr-Homeoffice-Berufstaetige-nehmen-laengere-Arbeitswege-in-Kauf_Organisator.jpg","keywords":["Arbeitsplatzgestaltung","HRM","New Work","Studie"],"articleSection":["HRM"],"inLanguage":"it-IT"},{"@type":"WebPage","@id":"https:\/\/www.organisator.ch\/human-resources\/hrm\/2021-06-30\/fuer-mehr-homeoffice-berufstaetige-nehmen-laengere-arbeitswege-in-kauf\/","url":"https:\/\/www.organisator.ch\/human-resources\/hrm\/2021-06-30\/fuer-mehr-homeoffice-berufstaetige-nehmen-laengere-arbeitswege-in-kauf\/","name":"Pi\u00f9 ufficio a casa: i lavoratori accettano spostamenti pi\u00f9 lunghi - Organizzatore","isPartOf":{"@id":"https:\/\/www.organisator.ch\/#website"},"primaryImageOfPage":{"@id":"https:\/\/www.organisator.ch\/human-resources\/hrm\/2021-06-30\/fuer-mehr-homeoffice-berufstaetige-nehmen-laengere-arbeitswege-in-kauf\/#primaryimage"},"image":{"@id":"https:\/\/www.organisator.ch\/human-resources\/hrm\/2021-06-30\/fuer-mehr-homeoffice-berufstaetige-nehmen-laengere-arbeitswege-in-kauf\/#primaryimage"},"thumbnailUrl":"https:\/\/www.organisator.ch\/wp-content\/uploads\/2021\/06\/Fuer-mehr-Homeoffice-Berufstaetige-nehmen-laengere-Arbeitswege-in-Kauf_Organisator.jpg","datePublished":"2021-06-30T07:46:28+00:00","description":"Se un'azienda offre la possibilit\u00e0 di lavorare pi\u00f9 spesso da casa, i lavoratori spesso accettano in cambio un tragitto pi\u00f9 lungo.","breadcrumb":{"@id":"https:\/\/www.organisator.ch\/human-resources\/hrm\/2021-06-30\/fuer-mehr-homeoffice-berufstaetige-nehmen-laengere-arbeitswege-in-kauf\/#breadcrumb"},"inLanguage":"it-IT","potentialAction":[{"@type":"ReadAction","target":["https:\/\/www.organisator.ch\/human-resources\/hrm\/2021-06-30\/fuer-mehr-homeoffice-berufstaetige-nehmen-laengere-arbeitswege-in-kauf\/"]}]},{"@type":"ImageObject","inLanguage":"it-IT","@id":"https:\/\/www.organisator.ch\/human-resources\/hrm\/2021-06-30\/fuer-mehr-homeoffice-berufstaetige-nehmen-laengere-arbeitswege-in-kauf\/#primaryimage","url":"https:\/\/www.organisator.ch\/wp-content\/uploads\/2021\/06\/Fuer-mehr-Homeoffice-Berufstaetige-nehmen-laengere-Arbeitswege-in-Kauf_Organisator.jpg","contentUrl":"https:\/\/www.organisator.ch\/wp-content\/uploads\/2021\/06\/Fuer-mehr-Homeoffice-Berufstaetige-nehmen-laengere-Arbeitswege-in-Kauf_Organisator.jpg","width":680,"height":383,"caption":"F\u00fcr mehr Homeoffice sind Berufst\u00e4tige bereit, im Gegenzug l\u00e4ngere Arbeitswege in Kauf zu nehmen. (Bild: Unsplash.com)"},{"@type":"BreadcrumbList","@id":"https:\/\/www.organisator.ch\/human-resources\/hrm\/2021-06-30\/fuer-mehr-homeoffice-berufstaetige-nehmen-laengere-arbeitswege-in-kauf\/#breadcrumb","itemListElement":[{"@type":"ListItem","position":1,"name":"Home","item":"https:\/\/www.organisator.ch\/"},{"@type":"ListItem","position":2,"name":"F\u00fcr mehr Homeoffice: Berufst\u00e4tige nehmen l\u00e4ngere Arbeitswege in Kauf"}]},{"@type":"WebSite","@id":"https:\/\/www.organisator.ch\/#website","url":"https:\/\/www.organisator.ch\/","name":"Organizzatore","description":"Competente. Pratico. In 10 numeri all'anno, ORGANISATOR presenta i temi essenziali per i manager delle PMI.","publisher":{"@id":"https:\/\/www.organisator.ch\/#organization"},"potentialAction":[{"@type":"SearchAction","target":{"@type":"EntryPoint","urlTemplate":"https:\/\/www.organisator.ch\/?s={search_term_string}"},"query-input":{"@type":"PropertyValueSpecification","valueRequired":true,"valueName":"search_term_string"}}],"inLanguage":"it-IT"},{"@type":"Organization","@id":"https:\/\/www.organisator.ch\/#organization","name":"Organizzatore","url":"https:\/\/www.organisator.ch\/","logo":{"@type":"ImageObject","inLanguage":"it-IT","@id":"https:\/\/www.organisator.ch\/#\/schema\/logo\/image\/","url":"https:\/\/www.organisator.ch\/wp-content\/uploads\/2022\/01\/Logo_Organisator_Website.png","contentUrl":"https:\/\/www.organisator.ch\/wp-content\/uploads\/2022\/01\/Logo_Organisator_Website.png","width":800,"height":77,"caption":"Organisator"},"image":{"@id":"https:\/\/www.organisator.ch\/#\/schema\/logo\/image\/"},"sameAs":["https:\/\/www.facebook.com\/OrganisatorFachmagazin","https:\/\/www.linkedin.com\/showcase\/organisator-das-magazin-fr-kmu","https:\/\/www.xing.com\/news\/pages\/organisator-ch-695","https:\/\/www.youtube.com\/channel\/UCGP2Sq0iWaZwT3BdIAQFYpw"]},{"@type":"Person","@id":"https:\/\/www.organisator.ch\/#\/schema\/person\/6f650f90b2842cd4c0cc334b4e36f67e","name":"Tommaso.berner","image":{"@type":"ImageObject","inLanguage":"it-IT","@id":"https:\/\/secure.gravatar.com\/avatar\/ac5001d2a36cb6c6cd3e50789007ffca834b477b74a2144564522e944eabff61?s=96&d=mm&r=g","url":"https:\/\/secure.gravatar.com\/avatar\/ac5001d2a36cb6c6cd3e50789007ffca834b477b74a2144564522e944eabff61?s=96&d=mm&r=g","contentUrl":"https:\/\/secure.gravatar.com\/avatar\/ac5001d2a36cb6c6cd3e50789007ffca834b477b74a2144564522e944eabff61?s=96&d=mm&r=g","caption":"thomas.berner"},"url":"https:\/\/www.organisator.ch\/it\/author\/thomas-berner\/"}]}},"_links":{"self":[{"href":"https:\/\/www.organisator.ch\/it\/wp-json\/wp\/v2\/posts\/8210","targetHints":{"allow":["GET"]}}],"collection":[{"href":"https:\/\/www.organisator.ch\/it\/wp-json\/wp\/v2\/posts"}],"about":[{"href":"https:\/\/www.organisator.ch\/it\/wp-json\/wp\/v2\/types\/post"}],"author":[{"embeddable":true,"href":"https:\/\/www.organisator.ch\/it\/wp-json\/wp\/v2\/users\/4"}],"replies":[{"embeddable":true,"href":"https:\/\/www.organisator.ch\/it\/wp-json\/wp\/v2\/comments?post=8210"}],"version-history":[{"count":0,"href":"https:\/\/www.organisator.ch\/it\/wp-json\/wp\/v2\/posts\/8210\/revisions"}],"wp:featuredmedia":[{"embeddable":true,"href":"https:\/\/www.organisator.ch\/it\/wp-json\/wp\/v2\/media\/8211"}],"wp:attachment":[{"href":"https:\/\/www.organisator.ch\/it\/wp-json\/wp\/v2\/media?parent=8210"}],"wp:term":[{"taxonomy":"category","embeddable":true,"href":"https:\/\/www.organisator.ch\/it\/wp-json\/wp\/v2\/categories?post=8210"},{"taxonomy":"post_tag","embeddable":true,"href":"https:\/\/www.organisator.ch\/it\/wp-json\/wp\/v2\/tags?post=8210"}],"curies":[{"name":"wp","href":"https:\/\/api.w.org\/{rel}","templated":true}]}}