{"id":8213,"date":"2021-06-30T15:01:33","date_gmt":"2021-06-30T13:01:33","guid":{"rendered":"https:\/\/www.organisator.ch\/?p=8213"},"modified":"2021-06-30T15:01:33","modified_gmt":"2021-06-30T13:01:33","slug":"firmengruendungsboom-in-der-schweiz-setzt-sich-fort","status":"publish","type":"post","link":"https:\/\/www.organisator.ch\/it\/allgemein\/2021-06-30\/firmengruendungsboom-in-der-schweiz-setzt-sich-fort\/","title":{"rendered":"Continua il boom della formazione di societ\u00e0 in Svizzera"},"content":{"rendered":"<figure id=\"attachment_8214\" aria-describedby=\"caption-attachment-8214\" style=\"width: 680px\" class=\"wp-caption alignnone\"><a href=\"https:\/\/www.organisator.ch\/wp-content\/uploads\/2021\/06\/Firmengruendungsboom-in-der-Schweiz-setzt-sich-fort_Organisator.jpg\"><img loading=\"lazy\" decoding=\"async\" class=\"size-medium wp-image-8214\" src=\"https:\/\/www.organisator.ch\/wp-content\/uploads\/2021\/06\/Firmengruendungsboom-in-der-Schweiz-setzt-sich-fort_Organisator.jpg\" alt=\"\" width=\"680\" height=\"510\" srcset=\"https:\/\/www.organisator.ch\/wp-content\/uploads\/2021\/06\/Firmengruendungsboom-in-der-Schweiz-setzt-sich-fort_Organisator.jpg 680w, https:\/\/www.organisator.ch\/wp-content\/uploads\/2021\/06\/Firmengruendungsboom-in-der-Schweiz-setzt-sich-fort_Organisator-16x12.jpg 16w, https:\/\/www.organisator.ch\/wp-content\/uploads\/2021\/06\/Firmengruendungsboom-in-der-Schweiz-setzt-sich-fort_Organisator-233x175.jpg 233w, https:\/\/www.organisator.ch\/wp-content\/uploads\/2021\/06\/Firmengruendungsboom-in-der-Schweiz-setzt-sich-fort_Organisator-467x350.jpg 467w, https:\/\/www.organisator.ch\/wp-content\/uploads\/2021\/06\/Firmengruendungsboom-in-der-Schweiz-setzt-sich-fort_Organisator-300x225.jpg 300w\" sizes=\"auto, (max-width: 680px) 100vw, 680px\" \/><\/a><figcaption id=\"caption-attachment-8214\" class=\"wp-caption-text\">Il boom della formazione di societ\u00e0 ha preso velocit\u00e0 negli ultimi sei mesi. (Fonte: Foglio ufficiale svizzero di commercio FUSC; analisi e grafico: IFJ Institut f\u00fcr Jungunternehmen AG)<\/figcaption><\/figure>\n<p>Secondo una nuova valutazione dell'Istituto per Giovani Imprenditori IFJ, il boom della formazione di imprese continua nonostante la pandemia di Corona, che non \u00e8 ancora stata superata. La scena svizzera delle start-up \u00e8 di buon umore e guarda al futuro con molta fiducia, secondo la valutazione dell'IFJ.<\/p>\n<h2>Dove \u00e8 maggiore il boom della formazione di societ\u00e0?<\/h2>\n<p>La maggior parte delle nuove fondazioni ha avuto luogo nei cantoni di Zurigo (4.638), Vaud (2.473), Berna (2.471) e Ginevra con 2.173 nuove registrazioni. Questi quattro cantoni rappresentano quasi la met\u00e0 di tutte le nuove fondazioni in tutta la Svizzera. Rispetto all'anno precedente, il cantone di Sciaffusa \u00e8 uno dei maggiori guadagnatori percentuali; ha registrato un aumento di un notevole +63,7% rispetto al semestre precedente, seguito da Zugo con +40,3%, Uri con +32,7% e Berna con un aumento di +31,6%. Tranne Appenzello Interno (-19,4%) e Obvaldo (-9,2%), tutti i cantoni hanno registrato una crescita positiva.<\/p>\n<h2>Confronto degli ultimi 10 semestri<\/h2>\n<p>Dopo i leggeri cali del 2012 e del 2015, l'ufficio del registro di commercio ha registrato un aumento costante delle nuove registrazioni fino al 2020. Nella prima met\u00e0 del 2020, le nuove registrazioni sono temporaneamente crollate a causa delle misure Covid 19. In media, 22.010 nuove imprese sono state registrate per semestre negli ultimi 10 anni. L'attuale semestre 2021 mostra un notevole aumento di 20% rispetto alla media decennale con 26'387 nuove registrazioni.<\/p>\n<h2>Forme legali a confronto<\/h2>\n<p>In Svizzera, nel primo semestre dell'anno in corso sono state fondate 10.024 nuove societ\u00e0 a responsabilit\u00e0 limitata (GmbH), il che corrisponde a una crescita di +18,5%. Seguono la ditta individuale con 8.743 nuove registrazioni (+21%), la societ\u00e0 anonima (AG) con 5.212 nuove registrazioni (+25%) e la societ\u00e0 in nome collettivo con 800 registrazioni (+21,8%).<\/p>\n<h2>Start-up secondo i settori<\/h2>\n<p>In termini di fondazioni aziendali per settore, tutti i settori tranne due hanno stabilito accenti positivi rispetto all'anno precedente. I primi tre settori in crescita includono Altri servizi (compresa la produzione di video, la fotografia, il facility management, l'orticoltura) con +69%, Agricoltura e silvicoltura (+59,7%), e Commercio al dettaglio con +42,8%. I cali pi\u00f9 forti in termini percentuali sono stati registrati nei settori del trasporto e della logistica (-3,5%) e dell'alta tecnologia (-1,6%).<\/p>\n<p><em>Fonte: <a href=\"http:\/\/www.ifj.ch\">Istituto per le giovani imprese IFJ<\/a><\/em><\/p>","protected":false},"excerpt":{"rendered":"<p>Gem\u00e4ss einer neuen Auswertung des Instituts f\u00fcr Jungunternehmen IFJ setzt sich der Firmengr\u00fcndungsboom ungeachtet der noch nicht \u00fcberwundenen Corona-Pandemie fort. Die Schweizer Gr\u00fcndungsszene zeigt sich hochgestimmt und schaut mit viel Zuversicht in die Zukunft, so die Einsch\u00e4tzung des IFJ. Wo ist der Firmengr\u00fcndungsboom am gr\u00f6ssten? Die meisten Neugr\u00fcndungen erfolgten in den Kantonen Z\u00fcrich (4&#8217;638), Waadt [&hellip;]<\/p>\n","protected":false},"author":4,"featured_media":8214,"comment_status":"closed","ping_status":"closed","sticky":false,"template":"","format":"standard","meta":{"_acf_changed":false,"_yoast_wpseo_focuskw":"Firmengr\u00fcndungsboom","_yoast_wpseo_metadesc":"Nachdem das Jahr 2020 bereits als Rekordjahr an Anzahl Neugr\u00fcndungen in die Geschichte einging, setzt sich der Firmengr\u00fcndungsboom 2021 fort.","articlekey":"","footnotes":""},"categories":[1],"tags":[205,451,492],"class_list":["post-8213","post","type-post","status-publish","format-standard","has-post-thumbnail","hentry","category-allgemein","tag-firmengruendungen","tag-startups","tag-unternehmen"],"acf":[],"yoast_head":"<!-- This site is optimized with the Yoast SEO plugin v27.5 - https:\/\/yoast.com\/product\/yoast-seo-wordpress\/ -->\n<title>Firmengr\u00fcndungsboom in der Schweiz setzt sich fort - Organisator<\/title>\n<meta name=\"description\" content=\"Nachdem das Jahr 2020 bereits als Rekordjahr an Anzahl Neugr\u00fcndungen in die Geschichte einging, setzt sich der Firmengr\u00fcndungsboom 2021 fort.\" \/>\n<meta name=\"robots\" content=\"index, follow, max-snippet:-1, max-image-preview:large, max-video-preview:-1\" \/>\n<link rel=\"canonical\" href=\"https:\/\/www.organisator.ch\/it\/generale\/2021-06-30\/firmengruendungsboom-in-der-schweiz-setzt-sich-fort\/\" \/>\n<meta property=\"og:locale\" content=\"it_IT\" \/>\n<meta property=\"og:type\" content=\"article\" \/>\n<meta property=\"og:title\" content=\"Firmengr\u00fcndungsboom in der Schweiz setzt sich fort\" \/>\n<meta property=\"og:description\" content=\"Nachdem das Jahr 2020 bereits als Rekordjahr an Anzahl Neugr\u00fcndungen in die Geschichte einging, setzt sich der Firmengr\u00fcndungsboom 2021 fort.\" \/>\n<meta property=\"og:url\" content=\"https:\/\/www.organisator.ch\/it\/generale\/2021-06-30\/firmengruendungsboom-in-der-schweiz-setzt-sich-fort\/\" \/>\n<meta property=\"og:site_name\" content=\"Organisator\" \/>\n<meta property=\"article:publisher\" content=\"https:\/\/www.facebook.com\/OrganisatorFachmagazin\" \/>\n<meta property=\"article:published_time\" content=\"2021-06-30T13:01:33+00:00\" \/>\n<meta property=\"og:image\" content=\"https:\/\/www.organisator.ch\/wp-content\/uploads\/2021\/06\/Firmengruendungsboom-in-der-Schweiz-setzt-sich-fort_Organisator.jpg\" \/>\n\t<meta property=\"og:image:width\" content=\"680\" \/>\n\t<meta property=\"og:image:height\" content=\"510\" \/>\n\t<meta property=\"og:image:type\" content=\"image\/jpeg\" \/>\n<meta name=\"author\" content=\"thomas.berner\" \/>\n<meta name=\"twitter:card\" content=\"summary_large_image\" \/>\n<meta name=\"twitter:title\" content=\"#Firmengr\u00fcndungsboom in der Schweiz setzt sich fort\" \/>\n<meta name=\"twitter:description\" content=\"Nachdem das Jahr 2020 bereits als Rekordjahr an Anzahl Neugr\u00fcndungen in die Geschichte einging, setzt sich der #Firmengr\u00fcndungsboom 2021 fort.\" \/>\n<meta name=\"twitter:image\" content=\"https:\/\/www.organisator.ch\/wp-content\/uploads\/2021\/06\/Firmengruendungsboom-in-der-Schweiz-setzt-sich-fort_Organisator.jpg\" \/>\n<script type=\"application\/ld+json\" class=\"yoast-schema-graph\">{\"@context\":\"https:\\\/\\\/schema.org\",\"@graph\":[{\"@type\":\"Article\",\"@id\":\"https:\\\/\\\/www.organisator.ch\\\/de\\\/allgemein\\\/2021-06-30\\\/firmengruendungsboom-in-der-schweiz-setzt-sich-fort\\\/#article\",\"isPartOf\":{\"@id\":\"https:\\\/\\\/www.organisator.ch\\\/de\\\/allgemein\\\/2021-06-30\\\/firmengruendungsboom-in-der-schweiz-setzt-sich-fort\\\/\"},\"author\":{\"name\":\"thomas.berner\",\"@id\":\"https:\\\/\\\/www.organisator.ch\\\/#\\\/schema\\\/person\\\/6f650f90b2842cd4c0cc334b4e36f67e\"},\"headline\":\"Firmengr\u00fcndungsboom in der Schweiz setzt sich fort\",\"datePublished\":\"2021-06-30T13:01:33+00:00\",\"mainEntityOfPage\":{\"@id\":\"https:\\\/\\\/www.organisator.ch\\\/de\\\/allgemein\\\/2021-06-30\\\/firmengruendungsboom-in-der-schweiz-setzt-sich-fort\\\/\"},\"wordCount\":350,\"publisher\":{\"@id\":\"https:\\\/\\\/www.organisator.ch\\\/#organization\"},\"image\":{\"@id\":\"https:\\\/\\\/www.organisator.ch\\\/de\\\/allgemein\\\/2021-06-30\\\/firmengruendungsboom-in-der-schweiz-setzt-sich-fort\\\/#primaryimage\"},\"thumbnailUrl\":\"https:\\\/\\\/www.organisator.ch\\\/wp-content\\\/uploads\\\/2021\\\/06\\\/Firmengruendungsboom-in-der-Schweiz-setzt-sich-fort_Organisator.jpg\",\"keywords\":[\"Firmengr\u00fcndungen\",\"Startups\",\"Unternehmen\"],\"articleSection\":[\"Allgemein\"],\"inLanguage\":\"it-IT\"},{\"@type\":\"WebPage\",\"@id\":\"https:\\\/\\\/www.organisator.ch\\\/de\\\/allgemein\\\/2021-06-30\\\/firmengruendungsboom-in-der-schweiz-setzt-sich-fort\\\/\",\"url\":\"https:\\\/\\\/www.organisator.ch\\\/de\\\/allgemein\\\/2021-06-30\\\/firmengruendungsboom-in-der-schweiz-setzt-sich-fort\\\/\",\"name\":\"Firmengr\u00fcndungsboom in der Schweiz setzt sich fort - Organisator\",\"isPartOf\":{\"@id\":\"https:\\\/\\\/www.organisator.ch\\\/#website\"},\"primaryImageOfPage\":{\"@id\":\"https:\\\/\\\/www.organisator.ch\\\/de\\\/allgemein\\\/2021-06-30\\\/firmengruendungsboom-in-der-schweiz-setzt-sich-fort\\\/#primaryimage\"},\"image\":{\"@id\":\"https:\\\/\\\/www.organisator.ch\\\/de\\\/allgemein\\\/2021-06-30\\\/firmengruendungsboom-in-der-schweiz-setzt-sich-fort\\\/#primaryimage\"},\"thumbnailUrl\":\"https:\\\/\\\/www.organisator.ch\\\/wp-content\\\/uploads\\\/2021\\\/06\\\/Firmengruendungsboom-in-der-Schweiz-setzt-sich-fort_Organisator.jpg\",\"datePublished\":\"2021-06-30T13:01:33+00:00\",\"description\":\"Nachdem das Jahr 2020 bereits als Rekordjahr an Anzahl Neugr\u00fcndungen in die Geschichte einging, setzt sich der Firmengr\u00fcndungsboom 2021 fort.\",\"breadcrumb\":{\"@id\":\"https:\\\/\\\/www.organisator.ch\\\/de\\\/allgemein\\\/2021-06-30\\\/firmengruendungsboom-in-der-schweiz-setzt-sich-fort\\\/#breadcrumb\"},\"inLanguage\":\"it-IT\",\"potentialAction\":[{\"@type\":\"ReadAction\",\"target\":[\"https:\\\/\\\/www.organisator.ch\\\/de\\\/allgemein\\\/2021-06-30\\\/firmengruendungsboom-in-der-schweiz-setzt-sich-fort\\\/\"]}]},{\"@type\":\"ImageObject\",\"inLanguage\":\"it-IT\",\"@id\":\"https:\\\/\\\/www.organisator.ch\\\/de\\\/allgemein\\\/2021-06-30\\\/firmengruendungsboom-in-der-schweiz-setzt-sich-fort\\\/#primaryimage\",\"url\":\"https:\\\/\\\/www.organisator.ch\\\/wp-content\\\/uploads\\\/2021\\\/06\\\/Firmengruendungsboom-in-der-Schweiz-setzt-sich-fort_Organisator.jpg\",\"contentUrl\":\"https:\\\/\\\/www.organisator.ch\\\/wp-content\\\/uploads\\\/2021\\\/06\\\/Firmengruendungsboom-in-der-Schweiz-setzt-sich-fort_Organisator.jpg\",\"width\":680,\"height\":510,\"caption\":\"Firmengr\u00fcndungsboom hat in den letzten Halbjahren Fahrt aufgenommen. (Quelle: Schweizerisches Handelsamtsblatt SHAB; Analyse und Grafik: IFJ Institut f\u00fcr Jungunternehmen AG)\"},{\"@type\":\"BreadcrumbList\",\"@id\":\"https:\\\/\\\/www.organisator.ch\\\/de\\\/allgemein\\\/2021-06-30\\\/firmengruendungsboom-in-der-schweiz-setzt-sich-fort\\\/#breadcrumb\",\"itemListElement\":[{\"@type\":\"ListItem\",\"position\":1,\"name\":\"Home\",\"item\":\"https:\\\/\\\/www.organisator.ch\\\/\"},{\"@type\":\"ListItem\",\"position\":2,\"name\":\"Firmengr\u00fcndungsboom in der Schweiz setzt sich fort\"}]},{\"@type\":\"WebSite\",\"@id\":\"https:\\\/\\\/www.organisator.ch\\\/#website\",\"url\":\"https:\\\/\\\/www.organisator.ch\\\/\",\"name\":\"Organisator\",\"description\":\"Kompetent. Praxisnah. Der ORGANISATOR bereitet in 10 Ausgaben pro Jahr die wesentlichen Themen f\u00fcr F\u00fchrungskr\u00e4fte von KMU auf.\",\"publisher\":{\"@id\":\"https:\\\/\\\/www.organisator.ch\\\/#organization\"},\"potentialAction\":[{\"@type\":\"SearchAction\",\"target\":{\"@type\":\"EntryPoint\",\"urlTemplate\":\"https:\\\/\\\/www.organisator.ch\\\/?s={search_term_string}\"},\"query-input\":{\"@type\":\"PropertyValueSpecification\",\"valueRequired\":true,\"valueName\":\"search_term_string\"}}],\"inLanguage\":\"it-IT\"},{\"@type\":\"Organization\",\"@id\":\"https:\\\/\\\/www.organisator.ch\\\/#organization\",\"name\":\"Organisator\",\"url\":\"https:\\\/\\\/www.organisator.ch\\\/\",\"logo\":{\"@type\":\"ImageObject\",\"inLanguage\":\"it-IT\",\"@id\":\"https:\\\/\\\/www.organisator.ch\\\/#\\\/schema\\\/logo\\\/image\\\/\",\"url\":\"https:\\\/\\\/www.organisator.ch\\\/wp-content\\\/uploads\\\/2022\\\/01\\\/Logo_Organisator_Website.png\",\"contentUrl\":\"https:\\\/\\\/www.organisator.ch\\\/wp-content\\\/uploads\\\/2022\\\/01\\\/Logo_Organisator_Website.png\",\"width\":800,\"height\":77,\"caption\":\"Organisator\"},\"image\":{\"@id\":\"https:\\\/\\\/www.organisator.ch\\\/#\\\/schema\\\/logo\\\/image\\\/\"},\"sameAs\":[\"https:\\\/\\\/www.facebook.com\\\/OrganisatorFachmagazin\",\"https:\\\/\\\/www.linkedin.com\\\/showcase\\\/organisator-das-magazin-fr-kmu\",\"https:\\\/\\\/www.xing.com\\\/news\\\/pages\\\/organisator-ch-695\",\"https:\\\/\\\/www.youtube.com\\\/channel\\\/UCGP2Sq0iWaZwT3BdIAQFYpw\"]},{\"@type\":\"Person\",\"@id\":\"https:\\\/\\\/www.organisator.ch\\\/#\\\/schema\\\/person\\\/6f650f90b2842cd4c0cc334b4e36f67e\",\"name\":\"thomas.berner\",\"image\":{\"@type\":\"ImageObject\",\"inLanguage\":\"it-IT\",\"@id\":\"https:\\\/\\\/secure.gravatar.com\\\/avatar\\\/ac5001d2a36cb6c6cd3e50789007ffca834b477b74a2144564522e944eabff61?s=96&d=mm&r=g\",\"url\":\"https:\\\/\\\/secure.gravatar.com\\\/avatar\\\/ac5001d2a36cb6c6cd3e50789007ffca834b477b74a2144564522e944eabff61?s=96&d=mm&r=g\",\"contentUrl\":\"https:\\\/\\\/secure.gravatar.com\\\/avatar\\\/ac5001d2a36cb6c6cd3e50789007ffca834b477b74a2144564522e944eabff61?s=96&d=mm&r=g\",\"caption\":\"thomas.berner\"},\"url\":\"https:\\\/\\\/www.organisator.ch\\\/it\\\/author\\\/thomas-berner\\\/\"}]}<\/script>\n<!-- \/ Yoast SEO plugin. -->","yoast_head_json":{"title":"Continua il boom della costituzione di societ\u00e0 in Svizzera - Organizzatore","description":"Dopo che il 2020 \u00e8 gi\u00e0 passato alla storia come anno record in termini di numero di start-up, il boom delle fondazioni di imprese continuer\u00e0 nel 2021.","robots":{"index":"index","follow":"follow","max-snippet":"max-snippet:-1","max-image-preview":"max-image-preview:large","max-video-preview":"max-video-preview:-1"},"canonical":"https:\/\/www.organisator.ch\/it\/generale\/2021-06-30\/firmengruendungsboom-in-der-schweiz-setzt-sich-fort\/","og_locale":"it_IT","og_type":"article","og_title":"Firmengr\u00fcndungsboom in der Schweiz setzt sich fort","og_description":"Nachdem das Jahr 2020 bereits als Rekordjahr an Anzahl Neugr\u00fcndungen in die Geschichte einging, setzt sich der Firmengr\u00fcndungsboom 2021 fort.","og_url":"https:\/\/www.organisator.ch\/it\/generale\/2021-06-30\/firmengruendungsboom-in-der-schweiz-setzt-sich-fort\/","og_site_name":"Organisator","article_publisher":"https:\/\/www.facebook.com\/OrganisatorFachmagazin","article_published_time":"2021-06-30T13:01:33+00:00","og_image":[{"width":680,"height":510,"url":"https:\/\/www.organisator.ch\/wp-content\/uploads\/2021\/06\/Firmengruendungsboom-in-der-Schweiz-setzt-sich-fort_Organisator.jpg","type":"image\/jpeg"}],"author":"thomas.berner","twitter_card":"summary_large_image","twitter_title":"#Firmengr\u00fcndungsboom in der Schweiz setzt sich fort","twitter_description":"Nachdem das Jahr 2020 bereits als Rekordjahr an Anzahl Neugr\u00fcndungen in die Geschichte einging, setzt sich der #Firmengr\u00fcndungsboom 2021 fort.","twitter_image":"https:\/\/www.organisator.ch\/wp-content\/uploads\/2021\/06\/Firmengruendungsboom-in-der-Schweiz-setzt-sich-fort_Organisator.jpg","schema":{"@context":"https:\/\/schema.org","@graph":[{"@type":"Article","@id":"https:\/\/www.organisator.ch\/de\/allgemein\/2021-06-30\/firmengruendungsboom-in-der-schweiz-setzt-sich-fort\/#article","isPartOf":{"@id":"https:\/\/www.organisator.ch\/de\/allgemein\/2021-06-30\/firmengruendungsboom-in-der-schweiz-setzt-sich-fort\/"},"author":{"name":"thomas.berner","@id":"https:\/\/www.organisator.ch\/#\/schema\/person\/6f650f90b2842cd4c0cc334b4e36f67e"},"headline":"Firmengr\u00fcndungsboom in der Schweiz setzt sich fort","datePublished":"2021-06-30T13:01:33+00:00","mainEntityOfPage":{"@id":"https:\/\/www.organisator.ch\/de\/allgemein\/2021-06-30\/firmengruendungsboom-in-der-schweiz-setzt-sich-fort\/"},"wordCount":350,"publisher":{"@id":"https:\/\/www.organisator.ch\/#organization"},"image":{"@id":"https:\/\/www.organisator.ch\/de\/allgemein\/2021-06-30\/firmengruendungsboom-in-der-schweiz-setzt-sich-fort\/#primaryimage"},"thumbnailUrl":"https:\/\/www.organisator.ch\/wp-content\/uploads\/2021\/06\/Firmengruendungsboom-in-der-Schweiz-setzt-sich-fort_Organisator.jpg","keywords":["Firmengr\u00fcndungen","Startups","Unternehmen"],"articleSection":["Allgemein"],"inLanguage":"it-IT"},{"@type":"WebPage","@id":"https:\/\/www.organisator.ch\/de\/allgemein\/2021-06-30\/firmengruendungsboom-in-der-schweiz-setzt-sich-fort\/","url":"https:\/\/www.organisator.ch\/de\/allgemein\/2021-06-30\/firmengruendungsboom-in-der-schweiz-setzt-sich-fort\/","name":"Continua il boom della costituzione di societ\u00e0 in Svizzera - Organizzatore","isPartOf":{"@id":"https:\/\/www.organisator.ch\/#website"},"primaryImageOfPage":{"@id":"https:\/\/www.organisator.ch\/de\/allgemein\/2021-06-30\/firmengruendungsboom-in-der-schweiz-setzt-sich-fort\/#primaryimage"},"image":{"@id":"https:\/\/www.organisator.ch\/de\/allgemein\/2021-06-30\/firmengruendungsboom-in-der-schweiz-setzt-sich-fort\/#primaryimage"},"thumbnailUrl":"https:\/\/www.organisator.ch\/wp-content\/uploads\/2021\/06\/Firmengruendungsboom-in-der-Schweiz-setzt-sich-fort_Organisator.jpg","datePublished":"2021-06-30T13:01:33+00:00","description":"Dopo che il 2020 \u00e8 gi\u00e0 passato alla storia come anno record in termini di numero di start-up, il boom delle fondazioni di imprese continuer\u00e0 nel 2021.","breadcrumb":{"@id":"https:\/\/www.organisator.ch\/de\/allgemein\/2021-06-30\/firmengruendungsboom-in-der-schweiz-setzt-sich-fort\/#breadcrumb"},"inLanguage":"it-IT","potentialAction":[{"@type":"ReadAction","target":["https:\/\/www.organisator.ch\/de\/allgemein\/2021-06-30\/firmengruendungsboom-in-der-schweiz-setzt-sich-fort\/"]}]},{"@type":"ImageObject","inLanguage":"it-IT","@id":"https:\/\/www.organisator.ch\/de\/allgemein\/2021-06-30\/firmengruendungsboom-in-der-schweiz-setzt-sich-fort\/#primaryimage","url":"https:\/\/www.organisator.ch\/wp-content\/uploads\/2021\/06\/Firmengruendungsboom-in-der-Schweiz-setzt-sich-fort_Organisator.jpg","contentUrl":"https:\/\/www.organisator.ch\/wp-content\/uploads\/2021\/06\/Firmengruendungsboom-in-der-Schweiz-setzt-sich-fort_Organisator.jpg","width":680,"height":510,"caption":"Firmengr\u00fcndungsboom hat in den letzten Halbjahren Fahrt aufgenommen. (Quelle: Schweizerisches Handelsamtsblatt SHAB; Analyse und Grafik: IFJ Institut f\u00fcr Jungunternehmen AG)"},{"@type":"BreadcrumbList","@id":"https:\/\/www.organisator.ch\/de\/allgemein\/2021-06-30\/firmengruendungsboom-in-der-schweiz-setzt-sich-fort\/#breadcrumb","itemListElement":[{"@type":"ListItem","position":1,"name":"Home","item":"https:\/\/www.organisator.ch\/"},{"@type":"ListItem","position":2,"name":"Firmengr\u00fcndungsboom in der Schweiz setzt sich fort"}]},{"@type":"WebSite","@id":"https:\/\/www.organisator.ch\/#website","url":"https:\/\/www.organisator.ch\/","name":"Organizzatore","description":"Competente. Pratico. In 10 numeri all'anno, ORGANISATOR presenta i temi essenziali per i manager delle PMI.","publisher":{"@id":"https:\/\/www.organisator.ch\/#organization"},"potentialAction":[{"@type":"SearchAction","target":{"@type":"EntryPoint","urlTemplate":"https:\/\/www.organisator.ch\/?s={search_term_string}"},"query-input":{"@type":"PropertyValueSpecification","valueRequired":true,"valueName":"search_term_string"}}],"inLanguage":"it-IT"},{"@type":"Organization","@id":"https:\/\/www.organisator.ch\/#organization","name":"Organizzatore","url":"https:\/\/www.organisator.ch\/","logo":{"@type":"ImageObject","inLanguage":"it-IT","@id":"https:\/\/www.organisator.ch\/#\/schema\/logo\/image\/","url":"https:\/\/www.organisator.ch\/wp-content\/uploads\/2022\/01\/Logo_Organisator_Website.png","contentUrl":"https:\/\/www.organisator.ch\/wp-content\/uploads\/2022\/01\/Logo_Organisator_Website.png","width":800,"height":77,"caption":"Organisator"},"image":{"@id":"https:\/\/www.organisator.ch\/#\/schema\/logo\/image\/"},"sameAs":["https:\/\/www.facebook.com\/OrganisatorFachmagazin","https:\/\/www.linkedin.com\/showcase\/organisator-das-magazin-fr-kmu","https:\/\/www.xing.com\/news\/pages\/organisator-ch-695","https:\/\/www.youtube.com\/channel\/UCGP2Sq0iWaZwT3BdIAQFYpw"]},{"@type":"Person","@id":"https:\/\/www.organisator.ch\/#\/schema\/person\/6f650f90b2842cd4c0cc334b4e36f67e","name":"Tommaso.berner","image":{"@type":"ImageObject","inLanguage":"it-IT","@id":"https:\/\/secure.gravatar.com\/avatar\/ac5001d2a36cb6c6cd3e50789007ffca834b477b74a2144564522e944eabff61?s=96&d=mm&r=g","url":"https:\/\/secure.gravatar.com\/avatar\/ac5001d2a36cb6c6cd3e50789007ffca834b477b74a2144564522e944eabff61?s=96&d=mm&r=g","contentUrl":"https:\/\/secure.gravatar.com\/avatar\/ac5001d2a36cb6c6cd3e50789007ffca834b477b74a2144564522e944eabff61?s=96&d=mm&r=g","caption":"thomas.berner"},"url":"https:\/\/www.organisator.ch\/it\/author\/thomas-berner\/"}]}},"_links":{"self":[{"href":"https:\/\/www.organisator.ch\/it\/wp-json\/wp\/v2\/posts\/8213","targetHints":{"allow":["GET"]}}],"collection":[{"href":"https:\/\/www.organisator.ch\/it\/wp-json\/wp\/v2\/posts"}],"about":[{"href":"https:\/\/www.organisator.ch\/it\/wp-json\/wp\/v2\/types\/post"}],"author":[{"embeddable":true,"href":"https:\/\/www.organisator.ch\/it\/wp-json\/wp\/v2\/users\/4"}],"replies":[{"embeddable":true,"href":"https:\/\/www.organisator.ch\/it\/wp-json\/wp\/v2\/comments?post=8213"}],"version-history":[{"count":0,"href":"https:\/\/www.organisator.ch\/it\/wp-json\/wp\/v2\/posts\/8213\/revisions"}],"wp:featuredmedia":[{"embeddable":true,"href":"https:\/\/www.organisator.ch\/it\/wp-json\/wp\/v2\/media\/8214"}],"wp:attachment":[{"href":"https:\/\/www.organisator.ch\/it\/wp-json\/wp\/v2\/media?parent=8213"}],"wp:term":[{"taxonomy":"category","embeddable":true,"href":"https:\/\/www.organisator.ch\/it\/wp-json\/wp\/v2\/categories?post=8213"},{"taxonomy":"post_tag","embeddable":true,"href":"https:\/\/www.organisator.ch\/it\/wp-json\/wp\/v2\/tags?post=8213"}],"curies":[{"name":"wp","href":"https:\/\/api.w.org\/{rel}","templated":true}]}}