{"id":8237,"date":"2021-07-06T08:07:35","date_gmt":"2021-07-06T06:07:35","guid":{"rendered":"https:\/\/www.organisator.ch\/?p=8237"},"modified":"2021-07-06T08:07:35","modified_gmt":"2021-07-06T06:07:35","slug":"technikprobleme-hinterlassen-frustrierte-mitarbeitende","status":"publish","type":"post","link":"https:\/\/www.organisator.ch\/it\/management\/it\/2021-07-06\/technikprobleme-hinterlassen-frustrierte-mitarbeitende\/","title":{"rendered":"I problemi tecnologici lasciano i dipendenti frustrati"},"content":{"rendered":"<figure id=\"attachment_8238\" aria-describedby=\"caption-attachment-8238\" style=\"width: 680px\" class=\"wp-caption alignnone\"><a href=\"https:\/\/www.organisator.ch\/wp-content\/uploads\/2021\/07\/Technikprobleme-hinterlassen-frustrierte-Mitarbeitende_Organisator.jpg\"><img loading=\"lazy\" decoding=\"async\" class=\"size-medium wp-image-8238\" src=\"https:\/\/www.organisator.ch\/wp-content\/uploads\/2021\/07\/Technikprobleme-hinterlassen-frustrierte-Mitarbeitende_Organisator.jpg\" alt=\"\" width=\"680\" height=\"453\" srcset=\"https:\/\/www.organisator.ch\/wp-content\/uploads\/2021\/07\/Technikprobleme-hinterlassen-frustrierte-Mitarbeitende_Organisator.jpg 680w, https:\/\/www.organisator.ch\/wp-content\/uploads\/2021\/07\/Technikprobleme-hinterlassen-frustrierte-Mitarbeitende_Organisator-16x12.jpg 16w, https:\/\/www.organisator.ch\/wp-content\/uploads\/2021\/07\/Technikprobleme-hinterlassen-frustrierte-Mitarbeitende_Organisator-263x175.jpg 263w, https:\/\/www.organisator.ch\/wp-content\/uploads\/2021\/07\/Technikprobleme-hinterlassen-frustrierte-Mitarbeitende_Organisator-525x350.jpg 525w, https:\/\/www.organisator.ch\/wp-content\/uploads\/2021\/07\/Technikprobleme-hinterlassen-frustrierte-Mitarbeitende_Organisator-300x200.jpg 300w\" sizes=\"auto, (max-width: 680px) 100vw, 680px\" \/><\/a><figcaption id=\"caption-attachment-8238\" class=\"wp-caption-text\">I problemi tecnologici sul posto di lavoro riducono la motivazione dei dipendenti. (Immagine: Ricoh)<\/figcaption><\/figure>\n<p>Connessioni di rete traballanti, computer lenti, guasti alle stampanti, software mancante: i problemi tecnici possono mandare in tilt i dipendenti. I guasti capitano di tanto in tanto, ma quando le inadeguatezze tecniche diventano una caratteristica permanente, anche il morale degli utenti scende. Secondo uno studio di Ricoh Europe, pi\u00f9 di un terzo dei lavoratori segnala problemi di motivazione nell'ufficio a casa a causa di problemi di comunicazione e di tecnologia. Questo \u00e8 il 16% in pi\u00f9 rispetto a un anno fa, quando un sondaggio simile era gi\u00e0 stato condotto.<\/p>\n<h2>I continui problemi tecnici allontanano i dipendenti<\/h2>\n<p>Il sondaggio di Ricoh Europe \u00e8 stato condotto tra 573 impiegati europei di aziende con 251-1000 dipendenti. Mostra che la ragione della perdita di motivazione \u00e8 l'investimento tecnico incoerente. Questo porta i lavoratori a non avere il tempo per attivit\u00e0 personalmente soddisfacenti o di valore aggiunto. Di conseguenza, le aziende rischiano di perdere i migliori talenti a favore di concorrenti che offrono metodi di lavoro digitali pi\u00f9 vantaggiosi e pi\u00f9 adatti.<\/p>\n<h2>Investimenti tecnici incoerenti<\/h2>\n<p>Quasi due terzi (65 %) degli intervistati credono che la loro azienda abbia copiato i clienti o i partner nella digitalizzazione dei processi invece di analizzare il bisogno specifico. Per quanto riguarda la rilevanza dei processi digitali del loro datore di lavoro, pi\u00f9 di un terzo (39 %) degli intervistati si lamenta di non avere accesso in tempo reale alle informazioni necessarie per servire correttamente i loro clienti. Allo stesso tempo, solo uno su quattro (26 %) dice che il suo datore di lavoro ha investito in e-commerce o strumenti digitali che migliorano l'esperienza del cliente.<\/p>\n<h2>Le nuove piattaforme tecnologiche portano a pi\u00f9 lavoro<\/h2>\n<p>La tecnologia dovrebbe sostenere le persone nel loro lavoro - si potrebbe pensare. La realt\u00e0 sembra essere diversa: Nonostante tutta la nuova tecnologia, i carichi di lavoro dei lavoratori non sono diminuiti, come rileva lo studio di Ricoh. Al contrario, il 42 % degli intervistati ritiene che il loro carico di lavoro sia effettivamente aumentato come risultato delle piattaforme tecnologiche introdotte durante la pandemia. Allo stesso tempo, 34 % hanno sentito la pressione di essere online pi\u00f9 a lungo - 13 % in pi\u00f9 rispetto all'anno precedente.<\/p>\n<h2>Diffidenza e incertezza<\/h2>\n<p>La proliferazione del lavoro a distanza e dei nuovi metodi di lavoro sta anche aumentando i timori di violazioni della sicurezza: 45 % dei lavoratori hanno detto di essere preoccupati di condividere accidentalmente file con il destinatario sbagliato attraverso i nuovi canali digitali. Una percentuale simile (47 %) degli intervistati si aspetta anche che i loro supervisori usino la tecnologia per monitorarli mentre lavorano da casa.<\/p>\n<h2>Ha perso un anno per risolvere i problemi tecnologici?<\/h2>\n<p>David Mills, CEO di Ricoh Europe, \u00e8 sorpreso dai risultati: \"\u00c8 sorprendente che dopo pi\u00f9 di un anno di lavoro a distanza, quando finalmente c'\u00e8 la luce alla fine del tunnel della pandemia, la motivazione dei dipendenti continui a diminuire a causa dei problemi di tecnologia e comunicazione. Eppure le aziende sono state tutt'altro che inattive. Tuttavia, il loro pi\u00f9 grande errore \u00e8 quello di investire in tecnologia come fine a se stessa - o perch\u00e9 un partner o un concorrente sta facendo lo stesso. Il primo e pi\u00f9 fondamentale passo in qualsiasi investimento tecnologico \u00e8 quello di valutare le reali esigenze della vostra azienda. Nel fare ci\u00f2, \u00e8 importante considerare le prospettive della vostra forza lavoro e dei clienti. Solo armati di queste intuizioni si possono trovare soluzioni tecnologiche che portano a risultati ottimali\".<\/p>\n<p><em>Fonte: <a href=\"http:\/\/www.ricoh.ch\">Ricoh Svizzera<\/a><\/em><\/p>","protected":false},"excerpt":{"rendered":"<p>Wacklige Netzwerk-Verbindungen, langsame Rechner, Ausfall von Druckern, fehlende Software: Technikprobleme k\u00f6nnen Mitarbeitende zur Weissglut treiben. Pannen gibt es zwar immer mal wieder, doch wenn sich technische Unzul\u00e4nglichkeiten zu einem Dauerzustand entwickeln, sinkt auch die Arbeitsmoral der Anwender. Einer Studie von Ricoh Europe zufolge berichten mehr als ein Drittel der Arbeitskr\u00e4fte von Motivationsproblemen im Homeoffice aufgrund [&hellip;]<\/p>\n","protected":false},"author":4,"featured_media":8238,"comment_status":"closed","ping_status":"closed","sticky":false,"template":"","format":"standard","meta":{"_acf_changed":false,"_yoast_wpseo_focuskw":"Technikprobleme","_yoast_wpseo_metadesc":"Nicht funktionierende Ger\u00e4te f\u00fchren zu Motivationsproblemen bei Mitarbeitenden: Gerade im Homeoffice sorgen Technikprobleme f\u00fcr viel Frust, so eine Studie.","articlekey":"","footnotes":""},"categories":[27],"tags":[51,156,286,335],"class_list":["post-8237","post","type-post","status-publish","format-standard","has-post-thumbnail","hentry","category-it","tag-arbeitsplatzgestaltung","tag-digitalisierung","tag-it","tag-management-und-unternehmensfuehrung"],"acf":[],"yoast_head":"<!-- This site is optimized with the Yoast SEO plugin v27.5 - https:\/\/yoast.com\/product\/yoast-seo-wordpress\/ -->\n<title>Technikprobleme hinterlassen frustrierte Mitarbeitende - Organisator<\/title>\n<meta name=\"description\" content=\"Nicht funktionierende Ger\u00e4te f\u00fchren zu Motivationsproblemen bei Mitarbeitenden: Gerade im Homeoffice sorgen Technikprobleme f\u00fcr viel Frust, so eine Studie.\" \/>\n<meta name=\"robots\" content=\"index, follow, max-snippet:-1, max-image-preview:large, max-video-preview:-1\" \/>\n<link rel=\"canonical\" href=\"https:\/\/www.organisator.ch\/it\/gestione-2\/it\/2021-07-06\/technikprobleme-hinterlassen-frustrierte-mitarbeitende\/\" \/>\n<meta property=\"og:locale\" content=\"it_IT\" \/>\n<meta property=\"og:type\" content=\"article\" \/>\n<meta property=\"og:title\" content=\"Technikprobleme hinterlassen frustrierte Mitarbeitende\" \/>\n<meta property=\"og:description\" content=\"Nicht funktionierende Ger\u00e4te f\u00fchren zu Motivationsproblemen bei Mitarbeitenden: Gerade im Homeoffice sorgen Technikprobleme f\u00fcr viel Frust, so eine Studie.\" \/>\n<meta property=\"og:url\" content=\"https:\/\/www.organisator.ch\/it\/gestione-2\/it\/2021-07-06\/technikprobleme-hinterlassen-frustrierte-mitarbeitende\/\" \/>\n<meta property=\"og:site_name\" content=\"Organisator\" \/>\n<meta property=\"article:publisher\" content=\"https:\/\/www.facebook.com\/OrganisatorFachmagazin\" \/>\n<meta property=\"article:published_time\" content=\"2021-07-06T06:07:35+00:00\" \/>\n<meta property=\"og:image\" content=\"https:\/\/www.organisator.ch\/wp-content\/uploads\/2021\/07\/Technikprobleme-hinterlassen-frustrierte-Mitarbeitende_Organisator.jpg\" \/>\n\t<meta property=\"og:image:width\" content=\"680\" \/>\n\t<meta property=\"og:image:height\" content=\"453\" \/>\n\t<meta property=\"og:image:type\" content=\"image\/jpeg\" \/>\n<meta name=\"author\" content=\"thomas.berner\" \/>\n<meta name=\"twitter:card\" content=\"summary_large_image\" \/>\n<meta name=\"twitter:title\" content=\"#Technikprobleme hinterlassen frustrierte #Mitarbeitende\" \/>\n<meta name=\"twitter:description\" content=\"Nicht funktionierende Ger\u00e4te f\u00fchren zu #Motivationsproblemen bei Mitarbeitenden: Gerade im Homeoffice sorgen #Technikprobleme f\u00fcr viel Frust, so eine Studie.\" \/>\n<meta name=\"twitter:image\" content=\"https:\/\/www.organisator.ch\/wp-content\/uploads\/2021\/07\/Technikprobleme-hinterlassen-frustrierte-Mitarbeitende_Organisator.jpg\" \/>\n<script type=\"application\/ld+json\" class=\"yoast-schema-graph\">{\"@context\":\"https:\\\/\\\/schema.org\",\"@graph\":[{\"@type\":\"Article\",\"@id\":\"https:\\\/\\\/www.organisator.ch\\\/management\\\/it\\\/2021-07-06\\\/technikprobleme-hinterlassen-frustrierte-mitarbeitende\\\/#article\",\"isPartOf\":{\"@id\":\"https:\\\/\\\/www.organisator.ch\\\/management\\\/it\\\/2021-07-06\\\/technikprobleme-hinterlassen-frustrierte-mitarbeitende\\\/\"},\"author\":{\"name\":\"thomas.berner\",\"@id\":\"https:\\\/\\\/www.organisator.ch\\\/#\\\/schema\\\/person\\\/6f650f90b2842cd4c0cc334b4e36f67e\"},\"headline\":\"Technikprobleme hinterlassen frustrierte Mitarbeitende\",\"datePublished\":\"2021-07-06T06:07:35+00:00\",\"mainEntityOfPage\":{\"@id\":\"https:\\\/\\\/www.organisator.ch\\\/management\\\/it\\\/2021-07-06\\\/technikprobleme-hinterlassen-frustrierte-mitarbeitende\\\/\"},\"wordCount\":552,\"publisher\":{\"@id\":\"https:\\\/\\\/www.organisator.ch\\\/#organization\"},\"image\":{\"@id\":\"https:\\\/\\\/www.organisator.ch\\\/management\\\/it\\\/2021-07-06\\\/technikprobleme-hinterlassen-frustrierte-mitarbeitende\\\/#primaryimage\"},\"thumbnailUrl\":\"https:\\\/\\\/www.organisator.ch\\\/wp-content\\\/uploads\\\/2021\\\/07\\\/Technikprobleme-hinterlassen-frustrierte-Mitarbeitende_Organisator.jpg\",\"keywords\":[\"Arbeitsplatzgestaltung\",\"Digitalisierung\",\"IT\",\"Management und Unternehmensf\u00fchrung\"],\"articleSection\":[\"IT\"],\"inLanguage\":\"it-IT\"},{\"@type\":\"WebPage\",\"@id\":\"https:\\\/\\\/www.organisator.ch\\\/management\\\/it\\\/2021-07-06\\\/technikprobleme-hinterlassen-frustrierte-mitarbeitende\\\/\",\"url\":\"https:\\\/\\\/www.organisator.ch\\\/management\\\/it\\\/2021-07-06\\\/technikprobleme-hinterlassen-frustrierte-mitarbeitende\\\/\",\"name\":\"Technikprobleme hinterlassen frustrierte Mitarbeitende - Organisator\",\"isPartOf\":{\"@id\":\"https:\\\/\\\/www.organisator.ch\\\/#website\"},\"primaryImageOfPage\":{\"@id\":\"https:\\\/\\\/www.organisator.ch\\\/management\\\/it\\\/2021-07-06\\\/technikprobleme-hinterlassen-frustrierte-mitarbeitende\\\/#primaryimage\"},\"image\":{\"@id\":\"https:\\\/\\\/www.organisator.ch\\\/management\\\/it\\\/2021-07-06\\\/technikprobleme-hinterlassen-frustrierte-mitarbeitende\\\/#primaryimage\"},\"thumbnailUrl\":\"https:\\\/\\\/www.organisator.ch\\\/wp-content\\\/uploads\\\/2021\\\/07\\\/Technikprobleme-hinterlassen-frustrierte-Mitarbeitende_Organisator.jpg\",\"datePublished\":\"2021-07-06T06:07:35+00:00\",\"description\":\"Nicht funktionierende Ger\u00e4te f\u00fchren zu Motivationsproblemen bei Mitarbeitenden: Gerade im Homeoffice sorgen Technikprobleme f\u00fcr viel Frust, so eine Studie.\",\"breadcrumb\":{\"@id\":\"https:\\\/\\\/www.organisator.ch\\\/management\\\/it\\\/2021-07-06\\\/technikprobleme-hinterlassen-frustrierte-mitarbeitende\\\/#breadcrumb\"},\"inLanguage\":\"it-IT\",\"potentialAction\":[{\"@type\":\"ReadAction\",\"target\":[\"https:\\\/\\\/www.organisator.ch\\\/management\\\/it\\\/2021-07-06\\\/technikprobleme-hinterlassen-frustrierte-mitarbeitende\\\/\"]}]},{\"@type\":\"ImageObject\",\"inLanguage\":\"it-IT\",\"@id\":\"https:\\\/\\\/www.organisator.ch\\\/management\\\/it\\\/2021-07-06\\\/technikprobleme-hinterlassen-frustrierte-mitarbeitende\\\/#primaryimage\",\"url\":\"https:\\\/\\\/www.organisator.ch\\\/wp-content\\\/uploads\\\/2021\\\/07\\\/Technikprobleme-hinterlassen-frustrierte-Mitarbeitende_Organisator.jpg\",\"contentUrl\":\"https:\\\/\\\/www.organisator.ch\\\/wp-content\\\/uploads\\\/2021\\\/07\\\/Technikprobleme-hinterlassen-frustrierte-Mitarbeitende_Organisator.jpg\",\"width\":680,\"height\":453,\"caption\":\"Technikprobleme am Arbeitsplatz lassen die Motivation von Mitarbeitenden sinken. (Bild: Ricoh)\"},{\"@type\":\"BreadcrumbList\",\"@id\":\"https:\\\/\\\/www.organisator.ch\\\/management\\\/it\\\/2021-07-06\\\/technikprobleme-hinterlassen-frustrierte-mitarbeitende\\\/#breadcrumb\",\"itemListElement\":[{\"@type\":\"ListItem\",\"position\":1,\"name\":\"Home\",\"item\":\"https:\\\/\\\/www.organisator.ch\\\/\"},{\"@type\":\"ListItem\",\"position\":2,\"name\":\"Technikprobleme hinterlassen frustrierte Mitarbeitende\"}]},{\"@type\":\"WebSite\",\"@id\":\"https:\\\/\\\/www.organisator.ch\\\/#website\",\"url\":\"https:\\\/\\\/www.organisator.ch\\\/\",\"name\":\"Organisator\",\"description\":\"Kompetent. Praxisnah. Der ORGANISATOR bereitet in 10 Ausgaben pro Jahr die wesentlichen Themen f\u00fcr F\u00fchrungskr\u00e4fte von KMU auf.\",\"publisher\":{\"@id\":\"https:\\\/\\\/www.organisator.ch\\\/#organization\"},\"potentialAction\":[{\"@type\":\"SearchAction\",\"target\":{\"@type\":\"EntryPoint\",\"urlTemplate\":\"https:\\\/\\\/www.organisator.ch\\\/?s={search_term_string}\"},\"query-input\":{\"@type\":\"PropertyValueSpecification\",\"valueRequired\":true,\"valueName\":\"search_term_string\"}}],\"inLanguage\":\"it-IT\"},{\"@type\":\"Organization\",\"@id\":\"https:\\\/\\\/www.organisator.ch\\\/#organization\",\"name\":\"Organisator\",\"url\":\"https:\\\/\\\/www.organisator.ch\\\/\",\"logo\":{\"@type\":\"ImageObject\",\"inLanguage\":\"it-IT\",\"@id\":\"https:\\\/\\\/www.organisator.ch\\\/#\\\/schema\\\/logo\\\/image\\\/\",\"url\":\"https:\\\/\\\/www.organisator.ch\\\/wp-content\\\/uploads\\\/2022\\\/01\\\/Logo_Organisator_Website.png\",\"contentUrl\":\"https:\\\/\\\/www.organisator.ch\\\/wp-content\\\/uploads\\\/2022\\\/01\\\/Logo_Organisator_Website.png\",\"width\":800,\"height\":77,\"caption\":\"Organisator\"},\"image\":{\"@id\":\"https:\\\/\\\/www.organisator.ch\\\/#\\\/schema\\\/logo\\\/image\\\/\"},\"sameAs\":[\"https:\\\/\\\/www.facebook.com\\\/OrganisatorFachmagazin\",\"https:\\\/\\\/www.linkedin.com\\\/showcase\\\/organisator-das-magazin-fr-kmu\",\"https:\\\/\\\/www.xing.com\\\/news\\\/pages\\\/organisator-ch-695\",\"https:\\\/\\\/www.youtube.com\\\/channel\\\/UCGP2Sq0iWaZwT3BdIAQFYpw\"]},{\"@type\":\"Person\",\"@id\":\"https:\\\/\\\/www.organisator.ch\\\/#\\\/schema\\\/person\\\/6f650f90b2842cd4c0cc334b4e36f67e\",\"name\":\"thomas.berner\",\"image\":{\"@type\":\"ImageObject\",\"inLanguage\":\"it-IT\",\"@id\":\"https:\\\/\\\/secure.gravatar.com\\\/avatar\\\/ac5001d2a36cb6c6cd3e50789007ffca834b477b74a2144564522e944eabff61?s=96&d=mm&r=g\",\"url\":\"https:\\\/\\\/secure.gravatar.com\\\/avatar\\\/ac5001d2a36cb6c6cd3e50789007ffca834b477b74a2144564522e944eabff61?s=96&d=mm&r=g\",\"contentUrl\":\"https:\\\/\\\/secure.gravatar.com\\\/avatar\\\/ac5001d2a36cb6c6cd3e50789007ffca834b477b74a2144564522e944eabff61?s=96&d=mm&r=g\",\"caption\":\"thomas.berner\"},\"url\":\"https:\\\/\\\/www.organisator.ch\\\/it\\\/author\\\/thomas-berner\\\/\"}]}<\/script>\n<!-- \/ Yoast SEO plugin. -->","yoast_head_json":{"title":"I problemi tecnici lasciano i dipendenti frustrati - Organizzatore","description":"I dispositivi non funzionanti causano problemi di motivazione ai dipendenti: Secondo uno studio, soprattutto nell'ufficio domestico, i problemi tecnologici causano molta frustrazione.","robots":{"index":"index","follow":"follow","max-snippet":"max-snippet:-1","max-image-preview":"max-image-preview:large","max-video-preview":"max-video-preview:-1"},"canonical":"https:\/\/www.organisator.ch\/it\/gestione-2\/it\/2021-07-06\/technikprobleme-hinterlassen-frustrierte-mitarbeitende\/","og_locale":"it_IT","og_type":"article","og_title":"Technikprobleme hinterlassen frustrierte Mitarbeitende","og_description":"Nicht funktionierende Ger\u00e4te f\u00fchren zu Motivationsproblemen bei Mitarbeitenden: Gerade im Homeoffice sorgen Technikprobleme f\u00fcr viel Frust, so eine Studie.","og_url":"https:\/\/www.organisator.ch\/it\/gestione-2\/it\/2021-07-06\/technikprobleme-hinterlassen-frustrierte-mitarbeitende\/","og_site_name":"Organisator","article_publisher":"https:\/\/www.facebook.com\/OrganisatorFachmagazin","article_published_time":"2021-07-06T06:07:35+00:00","og_image":[{"width":680,"height":453,"url":"https:\/\/www.organisator.ch\/wp-content\/uploads\/2021\/07\/Technikprobleme-hinterlassen-frustrierte-Mitarbeitende_Organisator.jpg","type":"image\/jpeg"}],"author":"thomas.berner","twitter_card":"summary_large_image","twitter_title":"#Technikprobleme hinterlassen frustrierte #Mitarbeitende","twitter_description":"Nicht funktionierende Ger\u00e4te f\u00fchren zu #Motivationsproblemen bei Mitarbeitenden: Gerade im Homeoffice sorgen #Technikprobleme f\u00fcr viel Frust, so eine Studie.","twitter_image":"https:\/\/www.organisator.ch\/wp-content\/uploads\/2021\/07\/Technikprobleme-hinterlassen-frustrierte-Mitarbeitende_Organisator.jpg","schema":{"@context":"https:\/\/schema.org","@graph":[{"@type":"Article","@id":"https:\/\/www.organisator.ch\/management\/it\/2021-07-06\/technikprobleme-hinterlassen-frustrierte-mitarbeitende\/#article","isPartOf":{"@id":"https:\/\/www.organisator.ch\/management\/it\/2021-07-06\/technikprobleme-hinterlassen-frustrierte-mitarbeitende\/"},"author":{"name":"thomas.berner","@id":"https:\/\/www.organisator.ch\/#\/schema\/person\/6f650f90b2842cd4c0cc334b4e36f67e"},"headline":"Technikprobleme hinterlassen frustrierte Mitarbeitende","datePublished":"2021-07-06T06:07:35+00:00","mainEntityOfPage":{"@id":"https:\/\/www.organisator.ch\/management\/it\/2021-07-06\/technikprobleme-hinterlassen-frustrierte-mitarbeitende\/"},"wordCount":552,"publisher":{"@id":"https:\/\/www.organisator.ch\/#organization"},"image":{"@id":"https:\/\/www.organisator.ch\/management\/it\/2021-07-06\/technikprobleme-hinterlassen-frustrierte-mitarbeitende\/#primaryimage"},"thumbnailUrl":"https:\/\/www.organisator.ch\/wp-content\/uploads\/2021\/07\/Technikprobleme-hinterlassen-frustrierte-Mitarbeitende_Organisator.jpg","keywords":["Arbeitsplatzgestaltung","Digitalisierung","IT","Management und Unternehmensf\u00fchrung"],"articleSection":["IT"],"inLanguage":"it-IT"},{"@type":"WebPage","@id":"https:\/\/www.organisator.ch\/management\/it\/2021-07-06\/technikprobleme-hinterlassen-frustrierte-mitarbeitende\/","url":"https:\/\/www.organisator.ch\/management\/it\/2021-07-06\/technikprobleme-hinterlassen-frustrierte-mitarbeitende\/","name":"I problemi tecnici lasciano i dipendenti frustrati - Organizzatore","isPartOf":{"@id":"https:\/\/www.organisator.ch\/#website"},"primaryImageOfPage":{"@id":"https:\/\/www.organisator.ch\/management\/it\/2021-07-06\/technikprobleme-hinterlassen-frustrierte-mitarbeitende\/#primaryimage"},"image":{"@id":"https:\/\/www.organisator.ch\/management\/it\/2021-07-06\/technikprobleme-hinterlassen-frustrierte-mitarbeitende\/#primaryimage"},"thumbnailUrl":"https:\/\/www.organisator.ch\/wp-content\/uploads\/2021\/07\/Technikprobleme-hinterlassen-frustrierte-Mitarbeitende_Organisator.jpg","datePublished":"2021-07-06T06:07:35+00:00","description":"I dispositivi non funzionanti causano problemi di motivazione ai dipendenti: Secondo uno studio, soprattutto nell'ufficio domestico, i problemi tecnologici causano molta frustrazione.","breadcrumb":{"@id":"https:\/\/www.organisator.ch\/management\/it\/2021-07-06\/technikprobleme-hinterlassen-frustrierte-mitarbeitende\/#breadcrumb"},"inLanguage":"it-IT","potentialAction":[{"@type":"ReadAction","target":["https:\/\/www.organisator.ch\/management\/it\/2021-07-06\/technikprobleme-hinterlassen-frustrierte-mitarbeitende\/"]}]},{"@type":"ImageObject","inLanguage":"it-IT","@id":"https:\/\/www.organisator.ch\/management\/it\/2021-07-06\/technikprobleme-hinterlassen-frustrierte-mitarbeitende\/#primaryimage","url":"https:\/\/www.organisator.ch\/wp-content\/uploads\/2021\/07\/Technikprobleme-hinterlassen-frustrierte-Mitarbeitende_Organisator.jpg","contentUrl":"https:\/\/www.organisator.ch\/wp-content\/uploads\/2021\/07\/Technikprobleme-hinterlassen-frustrierte-Mitarbeitende_Organisator.jpg","width":680,"height":453,"caption":"Technikprobleme am Arbeitsplatz lassen die Motivation von Mitarbeitenden sinken. (Bild: Ricoh)"},{"@type":"BreadcrumbList","@id":"https:\/\/www.organisator.ch\/management\/it\/2021-07-06\/technikprobleme-hinterlassen-frustrierte-mitarbeitende\/#breadcrumb","itemListElement":[{"@type":"ListItem","position":1,"name":"Home","item":"https:\/\/www.organisator.ch\/"},{"@type":"ListItem","position":2,"name":"Technikprobleme hinterlassen frustrierte Mitarbeitende"}]},{"@type":"WebSite","@id":"https:\/\/www.organisator.ch\/#website","url":"https:\/\/www.organisator.ch\/","name":"Organizzatore","description":"Competente. Pratico. In 10 numeri all'anno, ORGANISATOR presenta i temi essenziali per i manager delle PMI.","publisher":{"@id":"https:\/\/www.organisator.ch\/#organization"},"potentialAction":[{"@type":"SearchAction","target":{"@type":"EntryPoint","urlTemplate":"https:\/\/www.organisator.ch\/?s={search_term_string}"},"query-input":{"@type":"PropertyValueSpecification","valueRequired":true,"valueName":"search_term_string"}}],"inLanguage":"it-IT"},{"@type":"Organization","@id":"https:\/\/www.organisator.ch\/#organization","name":"Organizzatore","url":"https:\/\/www.organisator.ch\/","logo":{"@type":"ImageObject","inLanguage":"it-IT","@id":"https:\/\/www.organisator.ch\/#\/schema\/logo\/image\/","url":"https:\/\/www.organisator.ch\/wp-content\/uploads\/2022\/01\/Logo_Organisator_Website.png","contentUrl":"https:\/\/www.organisator.ch\/wp-content\/uploads\/2022\/01\/Logo_Organisator_Website.png","width":800,"height":77,"caption":"Organisator"},"image":{"@id":"https:\/\/www.organisator.ch\/#\/schema\/logo\/image\/"},"sameAs":["https:\/\/www.facebook.com\/OrganisatorFachmagazin","https:\/\/www.linkedin.com\/showcase\/organisator-das-magazin-fr-kmu","https:\/\/www.xing.com\/news\/pages\/organisator-ch-695","https:\/\/www.youtube.com\/channel\/UCGP2Sq0iWaZwT3BdIAQFYpw"]},{"@type":"Person","@id":"https:\/\/www.organisator.ch\/#\/schema\/person\/6f650f90b2842cd4c0cc334b4e36f67e","name":"Tommaso.berner","image":{"@type":"ImageObject","inLanguage":"it-IT","@id":"https:\/\/secure.gravatar.com\/avatar\/ac5001d2a36cb6c6cd3e50789007ffca834b477b74a2144564522e944eabff61?s=96&d=mm&r=g","url":"https:\/\/secure.gravatar.com\/avatar\/ac5001d2a36cb6c6cd3e50789007ffca834b477b74a2144564522e944eabff61?s=96&d=mm&r=g","contentUrl":"https:\/\/secure.gravatar.com\/avatar\/ac5001d2a36cb6c6cd3e50789007ffca834b477b74a2144564522e944eabff61?s=96&d=mm&r=g","caption":"thomas.berner"},"url":"https:\/\/www.organisator.ch\/it\/author\/thomas-berner\/"}]}},"_links":{"self":[{"href":"https:\/\/www.organisator.ch\/it\/wp-json\/wp\/v2\/posts\/8237","targetHints":{"allow":["GET"]}}],"collection":[{"href":"https:\/\/www.organisator.ch\/it\/wp-json\/wp\/v2\/posts"}],"about":[{"href":"https:\/\/www.organisator.ch\/it\/wp-json\/wp\/v2\/types\/post"}],"author":[{"embeddable":true,"href":"https:\/\/www.organisator.ch\/it\/wp-json\/wp\/v2\/users\/4"}],"replies":[{"embeddable":true,"href":"https:\/\/www.organisator.ch\/it\/wp-json\/wp\/v2\/comments?post=8237"}],"version-history":[{"count":0,"href":"https:\/\/www.organisator.ch\/it\/wp-json\/wp\/v2\/posts\/8237\/revisions"}],"wp:featuredmedia":[{"embeddable":true,"href":"https:\/\/www.organisator.ch\/it\/wp-json\/wp\/v2\/media\/8238"}],"wp:attachment":[{"href":"https:\/\/www.organisator.ch\/it\/wp-json\/wp\/v2\/media?parent=8237"}],"wp:term":[{"taxonomy":"category","embeddable":true,"href":"https:\/\/www.organisator.ch\/it\/wp-json\/wp\/v2\/categories?post=8237"},{"taxonomy":"post_tag","embeddable":true,"href":"https:\/\/www.organisator.ch\/it\/wp-json\/wp\/v2\/tags?post=8237"}],"curies":[{"name":"wp","href":"https:\/\/api.w.org\/{rel}","templated":true}]}}