{"id":826,"date":"2016-06-30T17:06:09","date_gmt":"2016-06-30T15:06:09","guid":{"rendered":"http:\/\/dev.organisator.ch\/?p=826"},"modified":"2016-06-30T17:06:09","modified_gmt":"2016-06-30T15:06:09","slug":"wo-steht-das-green-controlling","status":"publish","type":"post","link":"https:\/\/www.organisator.ch\/it\/management\/2016-06-30\/wo-steht-das-green-controlling\/","title":{"rendered":"Dove si trova Green Controlling?"},"content":{"rendered":"<figure id=\"attachment_827\" aria-describedby=\"caption-attachment-827\" style=\"width: 640px\" class=\"wp-caption alignnone\"><img loading=\"lazy\" decoding=\"async\" class=\"size-full wp-image-827\" src=\"https:\/\/www.organisator.ch\/wp-content\/uploads\/2016\/12\/Wo-steht-das-Green-Controlling-organisator.jpg\" alt=\"\" width=\"640\" height=\"425\" srcset=\"https:\/\/www.organisator.ch\/wp-content\/uploads\/2016\/12\/Wo-steht-das-Green-Controlling-organisator.jpg 640w, https:\/\/www.organisator.ch\/wp-content\/uploads\/2016\/12\/Wo-steht-das-Green-Controlling-organisator-16x12.jpg 16w, https:\/\/www.organisator.ch\/wp-content\/uploads\/2016\/12\/Wo-steht-das-Green-Controlling-organisator-264x175.jpg 264w, https:\/\/www.organisator.ch\/wp-content\/uploads\/2016\/12\/Wo-steht-das-Green-Controlling-organisator-527x350.jpg 527w, https:\/\/www.organisator.ch\/wp-content\/uploads\/2016\/12\/Wo-steht-das-Green-Controlling-organisator-300x199.jpg 300w\" sizes=\"auto, (max-width: 640px) 100vw, 640px\" \/><figcaption id=\"caption-attachment-827\" class=\"wp-caption-text\">Green Controlling: I tempi sono volatili per le questioni di sostenibilit\u00e0. (Immagine: Fotolia.com)<\/figcaption><\/figure>\n<p>Il Green Controlling Study 2016 \u00e8 stato progettato per accertare lo stato attuale del green controlling. L'attenzione principale era sui cambiamenti nel grado di implementazione e la rilevanza del controllo verde rispetto al primo studio del 2010. Per la prima volta \u00e8 stato considerato anche il controllo delle questioni sociali.<\/p>\n<p><strong>Tempi volatili per la questione della sostenibilit\u00e0<\/strong><\/p>\n<p>Gli autori iniziano il loro rapporto notando \"tempi volatili per la questione della sostenibilit\u00e0\". Anche se la questione della sostenibilit\u00e0 ha guadagnato importanza, non si possono trascurare gli sviluppi contraddittori. Le decisioni che fanno tendenza al vertice sul clima di Parigi, per esempio, sono messe in ombra dagli scandali ambientali che \"mettono chiaramente in discussione la seriet\u00e0 dello sviluppo sostenibile a livello aziendale\". In parallelo, la pressione normativa per pubblicare informazioni non finanziarie (per esempio su questioni ambientali e di lavoro) sta aumentando. Allo stesso tempo, si pu\u00f2 osservare un calo dei prezzi delle materie prime come il petrolio, che a sua volta pu\u00f2 essere dannoso per il business case della sostenibilit\u00e0.<\/p>\n<p><strong>Soddisfare le esigenze dei clienti, migliorare l'immagine aziendale<\/strong><\/p>\n<p>Il secondo Green Controlling Study dell'ICV ha dimostrato che l'importanza strategica della sostenibilit\u00e0 nelle aziende \u00e8 aumentata rispetto al 2010, anche se in misura minore di quanto ci si aspettava cinque anni fa. Nel controllo aziendale, il tema della sostenibilit\u00e0 \u00e8 maturato negli ultimi tempi. Con un approccio pi\u00f9 \"adulto\", gli autori intendono che i benefici economici sono ora in primo piano, combinati con la responsabilit\u00e0 sociale e l'adempimento degli obblighi legali. \u00c8 diventato anche evidente che la strategia di sostenibilit\u00e0 di un'azienda \u00e8 decisiva per il modo in cui viene progettato il controllo verde. Secondo questo, ad esempio, le aziende olisticamente sostenibili si affidano significativamente di pi\u00f9 al controllo verde rispetto alle aziende che seguono una strategia dominata dalla conformit\u00e0.<\/p>\n<p>Dal primo studio, la proporzione di aziende che perseguono una strategia orientata al mercato di \"prodotti e soluzioni verdi\" nel contesto della sostenibilit\u00e0 \u00e8 cresciuta. \"Soddisfare le esigenze dei clienti e migliorare l'immagine aziendale sono tra gli obiettivi pi\u00f9 importanti da raggiungere con un orientamento ecologico\", afferma lo studio. Questo aveva anche indagato dove si trova la principale responsabilit\u00e0 del tema della sostenibilit\u00e0 nelle aziende: Qui non \u00e8 il controllo, ma il top management e i dipartimenti specializzati in questo tema (per esempio la gestione ambientale).<\/p>\n<p><strong>Compiti orientati alle misure e ai rapporti<\/strong><\/p>\n<p>Alla domanda sui motivi pi\u00f9 importanti per coinvolgere il controlling, sono stati nominati soprattutto la migliore valutazione finanziaria delle misure di sostenibilit\u00e0 e la fornitura di sistemi e processi adeguati da parte del controlling. D'altra parte, la mancanza di risorse nel controllo e la decisione consapevole di non coinvolgere i controllori erano tra le principali barriere al coinvolgimento. Il supporto del management nel processo decisionale ambientale e sociale \u00e8 ricercato principalmente attraverso la fornitura di KPI e informazioni di reporting. Le aziende con una strategia verde olistica hanno anche un bisogno molto ampio di supporto, anche nel contesto dello sviluppo e dell'implementazione della strategia.<\/p>\n<p>La maggioranza delle aziende intervistate considera la responsabilit\u00e0 futura del green controlling come integrativa, cio\u00e8 una responsabilit\u00e0 condivisa tra il controlling aziendale e la gestione della sostenibilit\u00e0. I compiti pi\u00f9 importanti del green controlling includono soprattutto quelli che possono essere caratterizzati come tipi di compiti orientati alla misura e al rapporto.<\/p>\n<p><strong>Pi\u00f9 autopromozione necessaria<\/strong><\/p>\n<p>Come mostra anche lo studio, il controlling spesso non ha le capacit\u00e0 di assumere compiti di controllo verdi o il coinvolgimento del controlling \u00e8 addirittura indesiderabile. Gli autori riassumono: \"In sintesi, bisogna sottolineare che la direzione di molte aziende apparentemente non vede ancora i controllori come persone di contatto per il green controlling. Qui, il controlling dovrebbe essere pi\u00f9 attivo nel promuovere la propria causa per poter essere coinvolto nella realizzazione degli obiettivi ecologici e sociali dell'azienda. Inoltre, il controllo dovrebbe lavorare in rete pi\u00f9 strettamente con i dipartimenti che si occupano degli aspetti della sostenibilit\u00e0. Questo include sia la gestione ambientale che il dipartimento delle risorse umane\".<\/p>\n<p><em>Ulteriori informazioni: <a href=\"http:\/\/www.icv-controlling.com\" target=\"_blank\" data-cke-saved-href=\"http:\/\/www.icv-controlling.com\" rel=\"noopener\">www.icv-controlling.com<\/a><\/em><\/p>","protected":false},"excerpt":{"rendered":"<p>Mit der Green-Controlling-Studie 2016 sollte der aktuelle Stand des Green Controlling erhoben werden. Vor allem Ver\u00e4nderungen gegen\u00fcber der ersten Studie aus dem Jahr 2010 im Umsetzungsgrad und bei der Relevanz des Green Controlling standen im Mittelpunkt. Erstmals wurde auch die Steuerung von sozialen Themen betrachtet. Volatile Zeiten f\u00fcr die Nachhaltigkeits-Thematik Die Autoren stellen zum Beginn [&hellip;]<\/p>\n","protected":false},"author":1,"featured_media":827,"comment_status":"open","ping_status":"open","sticky":false,"template":"","format":"standard","meta":{"_acf_changed":false,"_yoast_wpseo_focuskw":"Green Controlling","_yoast_wpseo_metadesc":"Das Controlling soll sich st\u00e4rker mit den Abteilungen vernetzen, die sich mit Nachhaltigkeitsaspekten besch\u00e4ftigen.","articlekey":"","footnotes":""},"categories":[28],"tags":[335],"class_list":["post-826","post","type-post","status-publish","format-standard","has-post-thumbnail","hentry","category-management","tag-management-und-unternehmensfuehrung"],"acf":[],"yoast_head":"<!-- This site is optimized with the Yoast SEO plugin v27.5 - https:\/\/yoast.com\/product\/yoast-seo-wordpress\/ -->\n<title>Wo steht das Green Controlling? - Organisator<\/title>\n<meta name=\"description\" content=\"Das Controlling soll sich st\u00e4rker mit den Abteilungen vernetzen, die sich mit Nachhaltigkeitsaspekten besch\u00e4ftigen.\" \/>\n<meta name=\"robots\" content=\"index, follow, max-snippet:-1, max-image-preview:large, max-video-preview:-1\" \/>\n<link rel=\"canonical\" href=\"https:\/\/www.organisator.ch\/it\/gestione-2\/2016-06-30\/wo-steht-das-green-controlling\/\" \/>\n<meta property=\"og:locale\" content=\"it_IT\" \/>\n<meta property=\"og:type\" content=\"article\" \/>\n<meta property=\"og:title\" content=\"Wo steht das Green Controlling?\" \/>\n<meta property=\"og:description\" content=\"In der Unternehmenssteuerung ist das Thema Nachhaltigkeit in den letzten Jahren gereift. Das Controlling ist aber nicht oder nur sehr wenig in die Umsetzung sozialer und \u00f6kologischer Unternehmensziele eingebunden. Die Controller sind gefordert, gegen\u00fcber ihren Gesch\u00e4ftsf\u00fchrungen st\u00e4rker in eigener Sache aufzutreten. Das Controlling soll sich zudem st\u00e4rker mit den Abteilungen vernetzen, die sich mit Nachhaltigkeitsaspekten besch\u00e4ftigen. Das ist das Fazit der Green-Controlling-Studie 2016 des Internationalen Controller Vereins (ICV).\" \/>\n<meta property=\"og:url\" content=\"https:\/\/www.organisator.ch\/it\/gestione-2\/2016-06-30\/wo-steht-das-green-controlling\/\" \/>\n<meta property=\"og:site_name\" content=\"Organisator\" \/>\n<meta property=\"article:publisher\" content=\"https:\/\/www.facebook.com\/OrganisatorFachmagazin\" \/>\n<meta property=\"article:published_time\" content=\"2016-06-30T15:06:09+00:00\" \/>\n<meta name=\"author\" content=\"admin\" \/>\n<meta name=\"twitter:card\" content=\"summary_large_image\" \/>\n<meta name=\"twitter:image\" content=\"https:\/\/www.organisator.ch\/wp-content\/uploads\/2016\/12\/Wo-steht-das-Green-Controlling-organisator.jpg\" \/>\n<script type=\"application\/ld+json\" class=\"yoast-schema-graph\">{\"@context\":\"https:\\\/\\\/schema.org\",\"@graph\":[{\"@type\":\"Article\",\"@id\":\"https:\\\/\\\/www.organisator.ch\\\/management\\\/2016-06-30\\\/wo-steht-das-green-controlling\\\/#article\",\"isPartOf\":{\"@id\":\"https:\\\/\\\/www.organisator.ch\\\/management\\\/2016-06-30\\\/wo-steht-das-green-controlling\\\/\"},\"author\":{\"name\":\"admin\",\"@id\":\"https:\\\/\\\/www.organisator.ch\\\/#\\\/schema\\\/person\\\/aa2bace6c5c5aad60102004a50c4eb1c\"},\"headline\":\"Wo steht das Green Controlling?\",\"datePublished\":\"2016-06-30T15:06:09+00:00\",\"mainEntityOfPage\":{\"@id\":\"https:\\\/\\\/www.organisator.ch\\\/management\\\/2016-06-30\\\/wo-steht-das-green-controlling\\\/\"},\"wordCount\":660,\"commentCount\":0,\"publisher\":{\"@id\":\"https:\\\/\\\/www.organisator.ch\\\/#organization\"},\"image\":{\"@id\":\"https:\\\/\\\/www.organisator.ch\\\/management\\\/2016-06-30\\\/wo-steht-das-green-controlling\\\/#primaryimage\"},\"thumbnailUrl\":\"https:\\\/\\\/www.organisator.ch\\\/wp-content\\\/uploads\\\/2016\\\/12\\\/Wo-steht-das-Green-Controlling-organisator.jpg\",\"keywords\":[\"Management und Unternehmensf\u00fchrung\"],\"articleSection\":[\"MANAGEMENT\"],\"inLanguage\":\"it-IT\"},{\"@type\":\"WebPage\",\"@id\":\"https:\\\/\\\/www.organisator.ch\\\/management\\\/2016-06-30\\\/wo-steht-das-green-controlling\\\/\",\"url\":\"https:\\\/\\\/www.organisator.ch\\\/management\\\/2016-06-30\\\/wo-steht-das-green-controlling\\\/\",\"name\":\"Wo steht das Green Controlling? - Organisator\",\"isPartOf\":{\"@id\":\"https:\\\/\\\/www.organisator.ch\\\/#website\"},\"primaryImageOfPage\":{\"@id\":\"https:\\\/\\\/www.organisator.ch\\\/management\\\/2016-06-30\\\/wo-steht-das-green-controlling\\\/#primaryimage\"},\"image\":{\"@id\":\"https:\\\/\\\/www.organisator.ch\\\/management\\\/2016-06-30\\\/wo-steht-das-green-controlling\\\/#primaryimage\"},\"thumbnailUrl\":\"https:\\\/\\\/www.organisator.ch\\\/wp-content\\\/uploads\\\/2016\\\/12\\\/Wo-steht-das-Green-Controlling-organisator.jpg\",\"datePublished\":\"2016-06-30T15:06:09+00:00\",\"description\":\"Das Controlling soll sich st\u00e4rker mit den Abteilungen vernetzen, die sich mit Nachhaltigkeitsaspekten besch\u00e4ftigen.\",\"breadcrumb\":{\"@id\":\"https:\\\/\\\/www.organisator.ch\\\/management\\\/2016-06-30\\\/wo-steht-das-green-controlling\\\/#breadcrumb\"},\"inLanguage\":\"it-IT\",\"potentialAction\":[{\"@type\":\"ReadAction\",\"target\":[\"https:\\\/\\\/www.organisator.ch\\\/management\\\/2016-06-30\\\/wo-steht-das-green-controlling\\\/\"]}]},{\"@type\":\"ImageObject\",\"inLanguage\":\"it-IT\",\"@id\":\"https:\\\/\\\/www.organisator.ch\\\/management\\\/2016-06-30\\\/wo-steht-das-green-controlling\\\/#primaryimage\",\"url\":\"https:\\\/\\\/www.organisator.ch\\\/wp-content\\\/uploads\\\/2016\\\/12\\\/Wo-steht-das-Green-Controlling-organisator.jpg\",\"contentUrl\":\"https:\\\/\\\/www.organisator.ch\\\/wp-content\\\/uploads\\\/2016\\\/12\\\/Wo-steht-das-Green-Controlling-organisator.jpg\",\"width\":640,\"height\":425,\"caption\":\"Green Controlling: Die Zeiten f\u00fcr Nachhaltigkeits-Themen sind volatil. (Bild: Fotolia.com)\"},{\"@type\":\"BreadcrumbList\",\"@id\":\"https:\\\/\\\/www.organisator.ch\\\/management\\\/2016-06-30\\\/wo-steht-das-green-controlling\\\/#breadcrumb\",\"itemListElement\":[{\"@type\":\"ListItem\",\"position\":1,\"name\":\"Home\",\"item\":\"https:\\\/\\\/www.organisator.ch\\\/\"},{\"@type\":\"ListItem\",\"position\":2,\"name\":\"Wo steht das Green Controlling?\"}]},{\"@type\":\"WebSite\",\"@id\":\"https:\\\/\\\/www.organisator.ch\\\/#website\",\"url\":\"https:\\\/\\\/www.organisator.ch\\\/\",\"name\":\"Organisator\",\"description\":\"Kompetent. Praxisnah. Der ORGANISATOR bereitet in 10 Ausgaben pro Jahr die wesentlichen Themen f\u00fcr F\u00fchrungskr\u00e4fte von KMU auf.\",\"publisher\":{\"@id\":\"https:\\\/\\\/www.organisator.ch\\\/#organization\"},\"potentialAction\":[{\"@type\":\"SearchAction\",\"target\":{\"@type\":\"EntryPoint\",\"urlTemplate\":\"https:\\\/\\\/www.organisator.ch\\\/?s={search_term_string}\"},\"query-input\":{\"@type\":\"PropertyValueSpecification\",\"valueRequired\":true,\"valueName\":\"search_term_string\"}}],\"inLanguage\":\"it-IT\"},{\"@type\":\"Organization\",\"@id\":\"https:\\\/\\\/www.organisator.ch\\\/#organization\",\"name\":\"Organisator\",\"url\":\"https:\\\/\\\/www.organisator.ch\\\/\",\"logo\":{\"@type\":\"ImageObject\",\"inLanguage\":\"it-IT\",\"@id\":\"https:\\\/\\\/www.organisator.ch\\\/#\\\/schema\\\/logo\\\/image\\\/\",\"url\":\"https:\\\/\\\/www.organisator.ch\\\/wp-content\\\/uploads\\\/2022\\\/01\\\/Logo_Organisator_Website.png\",\"contentUrl\":\"https:\\\/\\\/www.organisator.ch\\\/wp-content\\\/uploads\\\/2022\\\/01\\\/Logo_Organisator_Website.png\",\"width\":800,\"height\":77,\"caption\":\"Organisator\"},\"image\":{\"@id\":\"https:\\\/\\\/www.organisator.ch\\\/#\\\/schema\\\/logo\\\/image\\\/\"},\"sameAs\":[\"https:\\\/\\\/www.facebook.com\\\/OrganisatorFachmagazin\",\"https:\\\/\\\/www.linkedin.com\\\/showcase\\\/organisator-das-magazin-fr-kmu\",\"https:\\\/\\\/www.xing.com\\\/news\\\/pages\\\/organisator-ch-695\",\"https:\\\/\\\/www.youtube.com\\\/channel\\\/UCGP2Sq0iWaZwT3BdIAQFYpw\"]},{\"@type\":\"Person\",\"@id\":\"https:\\\/\\\/www.organisator.ch\\\/#\\\/schema\\\/person\\\/aa2bace6c5c5aad60102004a50c4eb1c\",\"name\":\"admin\",\"image\":{\"@type\":\"ImageObject\",\"inLanguage\":\"it-IT\",\"@id\":\"https:\\\/\\\/secure.gravatar.com\\\/avatar\\\/ae2f4d718e6c49043e314ce431e7e645d646302a24a5ef5a8bc8e3f5a032e319?s=96&d=mm&r=g\",\"url\":\"https:\\\/\\\/secure.gravatar.com\\\/avatar\\\/ae2f4d718e6c49043e314ce431e7e645d646302a24a5ef5a8bc8e3f5a032e319?s=96&d=mm&r=g\",\"contentUrl\":\"https:\\\/\\\/secure.gravatar.com\\\/avatar\\\/ae2f4d718e6c49043e314ce431e7e645d646302a24a5ef5a8bc8e3f5a032e319?s=96&d=mm&r=g\",\"caption\":\"admin\"},\"sameAs\":[\"https:\\\/\\\/www.organisator.ch\"],\"url\":\"https:\\\/\\\/www.organisator.ch\\\/it\\\/author\\\/admin\\\/\"}]}<\/script>\n<!-- \/ Yoast SEO plugin. -->","yoast_head_json":{"title":"Qual \u00e8 la posizione di Green Controlling? - Organizzatore","description":"Il controlling dovrebbe lavorare in rete pi\u00f9 strettamente con i dipartimenti che si occupano degli aspetti della sostenibilit\u00e0.","robots":{"index":"index","follow":"follow","max-snippet":"max-snippet:-1","max-image-preview":"max-image-preview:large","max-video-preview":"max-video-preview:-1"},"canonical":"https:\/\/www.organisator.ch\/it\/gestione-2\/2016-06-30\/wo-steht-das-green-controlling\/","og_locale":"it_IT","og_type":"article","og_title":"Wo steht das Green Controlling?","og_description":"In der Unternehmenssteuerung ist das Thema Nachhaltigkeit in den letzten Jahren gereift. Das Controlling ist aber nicht oder nur sehr wenig in die Umsetzung sozialer und \u00f6kologischer Unternehmensziele eingebunden. Die Controller sind gefordert, gegen\u00fcber ihren Gesch\u00e4ftsf\u00fchrungen st\u00e4rker in eigener Sache aufzutreten. Das Controlling soll sich zudem st\u00e4rker mit den Abteilungen vernetzen, die sich mit Nachhaltigkeitsaspekten besch\u00e4ftigen. Das ist das Fazit der Green-Controlling-Studie 2016 des Internationalen Controller Vereins (ICV).","og_url":"https:\/\/www.organisator.ch\/it\/gestione-2\/2016-06-30\/wo-steht-das-green-controlling\/","og_site_name":"Organisator","article_publisher":"https:\/\/www.facebook.com\/OrganisatorFachmagazin","article_published_time":"2016-06-30T15:06:09+00:00","author":"admin","twitter_card":"summary_large_image","twitter_image":"https:\/\/www.organisator.ch\/wp-content\/uploads\/2016\/12\/Wo-steht-das-Green-Controlling-organisator.jpg","schema":{"@context":"https:\/\/schema.org","@graph":[{"@type":"Article","@id":"https:\/\/www.organisator.ch\/management\/2016-06-30\/wo-steht-das-green-controlling\/#article","isPartOf":{"@id":"https:\/\/www.organisator.ch\/management\/2016-06-30\/wo-steht-das-green-controlling\/"},"author":{"name":"admin","@id":"https:\/\/www.organisator.ch\/#\/schema\/person\/aa2bace6c5c5aad60102004a50c4eb1c"},"headline":"Wo steht das Green Controlling?","datePublished":"2016-06-30T15:06:09+00:00","mainEntityOfPage":{"@id":"https:\/\/www.organisator.ch\/management\/2016-06-30\/wo-steht-das-green-controlling\/"},"wordCount":660,"commentCount":0,"publisher":{"@id":"https:\/\/www.organisator.ch\/#organization"},"image":{"@id":"https:\/\/www.organisator.ch\/management\/2016-06-30\/wo-steht-das-green-controlling\/#primaryimage"},"thumbnailUrl":"https:\/\/www.organisator.ch\/wp-content\/uploads\/2016\/12\/Wo-steht-das-Green-Controlling-organisator.jpg","keywords":["Management und Unternehmensf\u00fchrung"],"articleSection":["MANAGEMENT"],"inLanguage":"it-IT"},{"@type":"WebPage","@id":"https:\/\/www.organisator.ch\/management\/2016-06-30\/wo-steht-das-green-controlling\/","url":"https:\/\/www.organisator.ch\/management\/2016-06-30\/wo-steht-das-green-controlling\/","name":"Qual \u00e8 la posizione di Green Controlling? - Organizzatore","isPartOf":{"@id":"https:\/\/www.organisator.ch\/#website"},"primaryImageOfPage":{"@id":"https:\/\/www.organisator.ch\/management\/2016-06-30\/wo-steht-das-green-controlling\/#primaryimage"},"image":{"@id":"https:\/\/www.organisator.ch\/management\/2016-06-30\/wo-steht-das-green-controlling\/#primaryimage"},"thumbnailUrl":"https:\/\/www.organisator.ch\/wp-content\/uploads\/2016\/12\/Wo-steht-das-Green-Controlling-organisator.jpg","datePublished":"2016-06-30T15:06:09+00:00","description":"Il controlling dovrebbe lavorare in rete pi\u00f9 strettamente con i dipartimenti che si occupano degli aspetti della sostenibilit\u00e0.","breadcrumb":{"@id":"https:\/\/www.organisator.ch\/management\/2016-06-30\/wo-steht-das-green-controlling\/#breadcrumb"},"inLanguage":"it-IT","potentialAction":[{"@type":"ReadAction","target":["https:\/\/www.organisator.ch\/management\/2016-06-30\/wo-steht-das-green-controlling\/"]}]},{"@type":"ImageObject","inLanguage":"it-IT","@id":"https:\/\/www.organisator.ch\/management\/2016-06-30\/wo-steht-das-green-controlling\/#primaryimage","url":"https:\/\/www.organisator.ch\/wp-content\/uploads\/2016\/12\/Wo-steht-das-Green-Controlling-organisator.jpg","contentUrl":"https:\/\/www.organisator.ch\/wp-content\/uploads\/2016\/12\/Wo-steht-das-Green-Controlling-organisator.jpg","width":640,"height":425,"caption":"Green Controlling: Die Zeiten f\u00fcr Nachhaltigkeits-Themen sind volatil. (Bild: Fotolia.com)"},{"@type":"BreadcrumbList","@id":"https:\/\/www.organisator.ch\/management\/2016-06-30\/wo-steht-das-green-controlling\/#breadcrumb","itemListElement":[{"@type":"ListItem","position":1,"name":"Home","item":"https:\/\/www.organisator.ch\/"},{"@type":"ListItem","position":2,"name":"Wo steht das Green Controlling?"}]},{"@type":"WebSite","@id":"https:\/\/www.organisator.ch\/#website","url":"https:\/\/www.organisator.ch\/","name":"Organizzatore","description":"Competente. Pratico. In 10 numeri all'anno, ORGANISATOR presenta i temi essenziali per i manager delle PMI.","publisher":{"@id":"https:\/\/www.organisator.ch\/#organization"},"potentialAction":[{"@type":"SearchAction","target":{"@type":"EntryPoint","urlTemplate":"https:\/\/www.organisator.ch\/?s={search_term_string}"},"query-input":{"@type":"PropertyValueSpecification","valueRequired":true,"valueName":"search_term_string"}}],"inLanguage":"it-IT"},{"@type":"Organization","@id":"https:\/\/www.organisator.ch\/#organization","name":"Organizzatore","url":"https:\/\/www.organisator.ch\/","logo":{"@type":"ImageObject","inLanguage":"it-IT","@id":"https:\/\/www.organisator.ch\/#\/schema\/logo\/image\/","url":"https:\/\/www.organisator.ch\/wp-content\/uploads\/2022\/01\/Logo_Organisator_Website.png","contentUrl":"https:\/\/www.organisator.ch\/wp-content\/uploads\/2022\/01\/Logo_Organisator_Website.png","width":800,"height":77,"caption":"Organisator"},"image":{"@id":"https:\/\/www.organisator.ch\/#\/schema\/logo\/image\/"},"sameAs":["https:\/\/www.facebook.com\/OrganisatorFachmagazin","https:\/\/www.linkedin.com\/showcase\/organisator-das-magazin-fr-kmu","https:\/\/www.xing.com\/news\/pages\/organisator-ch-695","https:\/\/www.youtube.com\/channel\/UCGP2Sq0iWaZwT3BdIAQFYpw"]},{"@type":"Person","@id":"https:\/\/www.organisator.ch\/#\/schema\/person\/aa2bace6c5c5aad60102004a50c4eb1c","name":"amministratore","image":{"@type":"ImageObject","inLanguage":"it-IT","@id":"https:\/\/secure.gravatar.com\/avatar\/ae2f4d718e6c49043e314ce431e7e645d646302a24a5ef5a8bc8e3f5a032e319?s=96&d=mm&r=g","url":"https:\/\/secure.gravatar.com\/avatar\/ae2f4d718e6c49043e314ce431e7e645d646302a24a5ef5a8bc8e3f5a032e319?s=96&d=mm&r=g","contentUrl":"https:\/\/secure.gravatar.com\/avatar\/ae2f4d718e6c49043e314ce431e7e645d646302a24a5ef5a8bc8e3f5a032e319?s=96&d=mm&r=g","caption":"admin"},"sameAs":["https:\/\/www.organisator.ch"],"url":"https:\/\/www.organisator.ch\/it\/author\/admin\/"}]}},"_links":{"self":[{"href":"https:\/\/www.organisator.ch\/it\/wp-json\/wp\/v2\/posts\/826","targetHints":{"allow":["GET"]}}],"collection":[{"href":"https:\/\/www.organisator.ch\/it\/wp-json\/wp\/v2\/posts"}],"about":[{"href":"https:\/\/www.organisator.ch\/it\/wp-json\/wp\/v2\/types\/post"}],"author":[{"embeddable":true,"href":"https:\/\/www.organisator.ch\/it\/wp-json\/wp\/v2\/users\/1"}],"replies":[{"embeddable":true,"href":"https:\/\/www.organisator.ch\/it\/wp-json\/wp\/v2\/comments?post=826"}],"version-history":[{"count":0,"href":"https:\/\/www.organisator.ch\/it\/wp-json\/wp\/v2\/posts\/826\/revisions"}],"wp:featuredmedia":[{"embeddable":true,"href":"https:\/\/www.organisator.ch\/it\/wp-json\/wp\/v2\/media\/827"}],"wp:attachment":[{"href":"https:\/\/www.organisator.ch\/it\/wp-json\/wp\/v2\/media?parent=826"}],"wp:term":[{"taxonomy":"category","embeddable":true,"href":"https:\/\/www.organisator.ch\/it\/wp-json\/wp\/v2\/categories?post=826"},{"taxonomy":"post_tag","embeddable":true,"href":"https:\/\/www.organisator.ch\/it\/wp-json\/wp\/v2\/tags?post=826"}],"curies":[{"name":"wp","href":"https:\/\/api.w.org\/{rel}","templated":true}]}}