{"id":8282,"date":"2021-07-15T15:03:14","date_gmt":"2021-07-15T13:03:14","guid":{"rendered":"https:\/\/www.organisator.ch\/?p=8282"},"modified":"2021-07-15T15:03:14","modified_gmt":"2021-07-15T13:03:14","slug":"grosse-kmu-nachfrage-nach-neuen-foerderinitiativen","status":"publish","type":"post","link":"https:\/\/www.organisator.ch\/it\/allgemein\/2021-07-15\/grosse-kmu-nachfrage-nach-neuen-foerderinitiativen\/","title":{"rendered":"Grande richiesta da parte delle PMI di nuove iniziative di finanziamento"},"content":{"rendered":"<figure id=\"attachment_8283\" aria-describedby=\"caption-attachment-8283\" style=\"width: 680px\" class=\"wp-caption aligncenter\"><img loading=\"lazy\" decoding=\"async\" class=\"wp-image-8283 size-medium\" src=\"https:\/\/www.organisator.ch\/wp-content\/uploads\/2021\/07\/Depositphotos_93978032_s-2019.jpg\" alt=\" Innosuisse, agenzia di finanziamento, programma di innovazione\" width=\"680\" height=\"476\" srcset=\"https:\/\/www.organisator.ch\/wp-content\/uploads\/2021\/07\/Depositphotos_93978032_s-2019.jpg 1000w, https:\/\/www.organisator.ch\/wp-content\/uploads\/2021\/07\/Depositphotos_93978032_s-2019-680x476.jpg 680w, https:\/\/www.organisator.ch\/wp-content\/uploads\/2021\/07\/Depositphotos_93978032_s-2019-768x538.jpg 768w, https:\/\/www.organisator.ch\/wp-content\/uploads\/2021\/07\/Depositphotos_93978032_s-2019-16x12.jpg 16w, https:\/\/www.organisator.ch\/wp-content\/uploads\/2021\/07\/Depositphotos_93978032_s-2019-250x175.jpg 250w, https:\/\/www.organisator.ch\/wp-content\/uploads\/2021\/07\/Depositphotos_93978032_s-2019-500x350.jpg 500w, https:\/\/www.organisator.ch\/wp-content\/uploads\/2021\/07\/Depositphotos_93978032_s-2019-920x644.jpg 920w, https:\/\/www.organisator.ch\/wp-content\/uploads\/2021\/07\/Depositphotos_93978032_s-2019-300x210.jpg 300w\" sizes=\"auto, (max-width: 680px) 100vw, 680px\" \/><figcaption id=\"caption-attachment-8283\" class=\"wp-caption-text\">Innosuisse \u00e8 soddisfatta della volont\u00e0 di innovazione delle PMI. \u00a9 Depositphotos, SergeyNivens<\/figcaption><\/figure>\n<p>Innosuisse ha rilanciato due iniziative di finanziamento all'inizio del 2021. Annalise Eggimann, direttrice di Innosuisse, \u00e8 soddisfatta dell'inizio: \"L'anno scorso ci ha gi\u00e0 dimostrato che le aziende svizzere portano avanti le loro innovazioni, soprattutto in tempi di crisi. Sono lieto che questa volont\u00e0 di innovare continui anche quest'anno\". Questo \u00e8 anche urgentemente necessario, afferma Eggimann, perch\u00e9 la crisi legata alla pandemia del Covid 19 ha accelerato in modo massiccio la necessit\u00e0 di cambiamenti strutturali e soprattutto di digitalizzazione dell'economia.<\/p>\n<h2><strong>Saldo intermedio positivo<\/strong><\/h2>\n<p>Dopo solo sei mesi, \u00e8 gi\u00e0 chiaro che il programma d'impulso sta incontrando un grande bisogno tra le aziende svizzere. Con il programma, la Confederazione vuole stimolare progetti di innovazione basati sulla scienza delle PMI con un massimo di 500 posti a tempo pieno in modo mirato in tempi di pandemia Covid 19. Nel primo semestre del 2021 il Consiglio dell'innovazione di Innosuisse ha approvato 72 progetti di innovazione d'impulso per un totale di 33,1 milioni di franchi. La prima misura speciale, che prevede una riduzione del contributo proprio delle PMI come partner di attuazione da 50% a 30%, nonch\u00e9 la possibile rinuncia al contributo in denaro, \u00e8 stata finora particolarmente richiesta, secondo l'Agenzia svizzera per la promozione dell'innovazione. Lo spettro dei progetti finanziati \u00e8 vario: Innosuisse sostiene ad esempio lo sviluppo di un \"Sharing Potential Accelerator\" nel settore delle scienze sociali e della gestione aziendale, che tramite analisi identifica singoli oggetti temporaneamente inutilizzati e tenta poi di affittarli. Il progetto \"VocalHUM\" nel settore delle TIC sta sviluppando un sistema intelligente che migliora la comunicazione tra assistenti e pazienti allettati aumentando l'intelligibilit\u00e0 del loro discorso in tempo reale.<\/p>\n<h2><strong>226 milioni di franchi svizzeri riservati al programma d'impulso<\/strong><\/h2>\n<p>Secondo le informazioni, le aziende hanno finora mostrato meno domanda per la seconda misura. Con questa misura, Innosuisse vuole sostenere i progetti d'innovazione delle PMI che affrontano i cambiamenti strutturali legati alla pandemia o che hanno il potenziale per innovazioni dirompenti o radicali. Inoltre, questi progetti di innovazione devono richiedere la conoscenza specifica di un fornitore terzo specializzato, secondo la dichiarazione.<\/p>\n<p>Nel campo delle scienze della vita, per esempio, Innosuisse ha approvato un progetto che mira a massimizzare il potenziale dei vaccini mRNA-covid-19 sviluppando un nuovo sistema di consegna del vaccino per migliorare l'efficacia, la stabilit\u00e0 e il rapporto costo-efficacia. La presentazione di progetti di innovazione nell'ambito del programma Impulse \u00e8 ancora possibile fino alla fine del 2022. Un totale di 226 milioni \u00e8 stato riservato al finanziamento nell'ambito del programma Impulse.<\/p>\n<h2><strong>78 pre-proposte presentate per progetti faro<\/strong><\/h2>\n<p>Anche l'iniziativa faro suscita molto interesse, come sottolinea Innosuisse. Questo programma \u00e8 stato lanciato nel gennaio 2021 per dare impulso alle innovazioni sistemiche in vista delle attuali sfide economiche e sociali della Svizzera. Nel quadro del primo invito a presentare proposte, sono state presentate 43 pre-proposte per la prima priorit\u00e0 tematica \"Gestire l'accelerazione della trasformazione digitale indotta da Covid-19\" e 35 per la seconda priorit\u00e0 tematica \"Migliorare la resilienza e la sostenibilit\u00e0 e ridurre la vulnerabilit\u00e0 della societ\u00e0, delle infrastrutture e dei processi\". Dopo una prima valutazione, il Consiglio dell'innovazione ha raccomandato a 33 consorzi di presentare una proposta completa entro il 13 agosto 2021. La decisione finale sar\u00e0 presa all'inizio di ottobre. Dopo di che, le prime ammiraglie potrebbero iniziare.<\/p>\n<h2><strong>L'attivit\u00e0 promozionale regolare \u00e8 sulla buona strada<\/strong><\/h2>\n<p>Secondo Innosuisse, anche l'attivit\u00e0 di finanziamento regolare continua a un livello molto buono nella prima met\u00e0 del 2021. Le cifre attuali sui progetti d'innovazione nazionali e internazionali, il programma Start-up Coaching e l'offerta di mentoring si possono trovare nella scheda delle cifre.<\/p>\n<p><a href=\"http:\/\/www.newsd.admin.ch\/newsd\/message\/attachments\/67593.pdf\"><em>Clicca qui per le cifre di finanziamento di Innosuisse per il primo semestre del 2021.<\/em><\/a><\/p>\n<p>&nbsp;<\/p>\n<p><strong><em>Altri argomenti:<\/em><\/strong><\/p>\n<p><em><a href=\"https:\/\/www.organisator.ch\/corona-krise-bremst-nachhaltige-innovationen-in-schweizer-kmu\/\">La crisi di Corona rallenta le innovazioni sostenibili nelle PMI svizzere<\/a><\/em><\/p>\n<p>&nbsp;<\/p>","protected":false},"excerpt":{"rendered":"<p>Anfang 2021 hat Innosuisse zwei F\u00f6rderinitiativen neu lanciert. Annalise Eggimann, Direktorin von Innosuisse, ist zufrieden mit dem Start: \u00abDass Schweizer Unternehmen gerade auch in Krisenzeiten ihre Innovationen vorantreiben, hat uns bereits das vergangene Jahr gezeigt. Es freut mich, dass sich dieser Innovationswille auch in diesem Jahr fortsetzt\u00bb. Dies sei auch dringend n\u00f6tig, bekr\u00e4ftigt Eggimann, denn [&hellip;]<\/p>\n","protected":false},"author":6,"featured_media":8283,"comment_status":"closed","ping_status":"closed","sticky":false,"template":"","format":"standard","meta":{"_acf_changed":false,"_yoast_wpseo_focuskw":"Innosuisse","_yoast_wpseo_metadesc":"Unternehmen bereits 224 Innovationsprojekte an Innosuisse eingereicht. Noch bis Ende 2022 ist die Projekteingabe im Rahmen des Impulsprogramms m\u00f6glich.","articlekey":"","footnotes":""},"categories":[1],"tags":[216,273,274],"class_list":["post-8282","post","type-post","status-publish","format-standard","has-post-thumbnail","hentry","category-allgemein","tag-foerderagentur","tag-innosuisse","tag-innovation"],"acf":[],"yoast_head":"<!-- This site is optimized with the Yoast SEO plugin v27.4 - https:\/\/yoast.com\/product\/yoast-seo-wordpress\/ -->\n<title>Grosse Nachfrage von KMU nach neuen F\u00f6rderinitiativen - Organisator<\/title>\n<meta name=\"description\" content=\"Unternehmen bereits 224 Innovationsprojekte an Innosuisse eingereicht. Noch bis Ende 2022 ist die Projekteingabe im Rahmen des Impulsprogramms m\u00f6glich.\" \/>\n<meta name=\"robots\" content=\"index, follow, max-snippet:-1, max-image-preview:large, max-video-preview:-1\" \/>\n<link rel=\"canonical\" href=\"https:\/\/www.organisator.ch\/it\/generale\/2021-07-15\/grosse-kmu-nachfrage-nach-neuen-foerderinitiativen\/\" \/>\n<meta property=\"og:locale\" content=\"it_IT\" \/>\n<meta property=\"og:type\" content=\"article\" \/>\n<meta property=\"og:title\" content=\"Grosse Nachfrage von KMU nach neuen F\u00f6rderinitiativen - Organisator\" \/>\n<meta property=\"og:description\" content=\"Unternehmen bereits 224 Innovationsprojekte an Innosuisse eingereicht. Noch bis Ende 2022 ist die Projekteingabe im Rahmen des Impulsprogramms m\u00f6glich.\" \/>\n<meta property=\"og:url\" content=\"https:\/\/www.organisator.ch\/it\/generale\/2021-07-15\/grosse-kmu-nachfrage-nach-neuen-foerderinitiativen\/\" \/>\n<meta property=\"og:site_name\" content=\"Organisator\" \/>\n<meta property=\"article:publisher\" content=\"https:\/\/www.facebook.com\/OrganisatorFachmagazin\" \/>\n<meta property=\"article:published_time\" content=\"2021-07-15T13:03:14+00:00\" \/>\n<meta property=\"og:image\" content=\"https:\/\/www.organisator.ch\/wp-content\/uploads\/2021\/07\/Depositphotos_93978032_s-2019.jpg\" \/>\n\t<meta property=\"og:image:width\" content=\"1000\" \/>\n\t<meta property=\"og:image:height\" content=\"700\" \/>\n\t<meta property=\"og:image:type\" content=\"image\/jpeg\" \/>\n<meta name=\"author\" content=\"roger.straessle\" \/>\n<meta name=\"twitter:card\" content=\"summary_large_image\" \/>\n<script type=\"application\/ld+json\" class=\"yoast-schema-graph\">{\"@context\":\"https:\\\/\\\/schema.org\",\"@graph\":[{\"@type\":\"Article\",\"@id\":\"https:\\\/\\\/www.organisator.ch\\\/fr\\\/general\\\/2021-07-15\\\/grosse-kmu-nachfrage-nach-neuen-foerderinitiativen\\\/#article\",\"isPartOf\":{\"@id\":\"https:\\\/\\\/www.organisator.ch\\\/fr\\\/general\\\/2021-07-15\\\/grosse-kmu-nachfrage-nach-neuen-foerderinitiativen\\\/\"},\"author\":{\"name\":\"roger.straessle\",\"@id\":\"https:\\\/\\\/www.organisator.ch\\\/#\\\/schema\\\/person\\\/a800b8c54e208b160517a7dcc323161d\"},\"headline\":\"Grosse Nachfrage von KMU nach neuen F\u00f6rderinitiativen\",\"datePublished\":\"2021-07-15T13:03:14+00:00\",\"mainEntityOfPage\":{\"@id\":\"https:\\\/\\\/www.organisator.ch\\\/fr\\\/general\\\/2021-07-15\\\/grosse-kmu-nachfrage-nach-neuen-foerderinitiativen\\\/\"},\"wordCount\":581,\"publisher\":{\"@id\":\"https:\\\/\\\/www.organisator.ch\\\/#organization\"},\"image\":{\"@id\":\"https:\\\/\\\/www.organisator.ch\\\/fr\\\/general\\\/2021-07-15\\\/grosse-kmu-nachfrage-nach-neuen-foerderinitiativen\\\/#primaryimage\"},\"thumbnailUrl\":\"https:\\\/\\\/www.organisator.ch\\\/wp-content\\\/uploads\\\/2021\\\/07\\\/Depositphotos_93978032_s-2019.jpg\",\"keywords\":[\"F\u00f6rderagentur\",\"Innosuisse\",\"Innovation\"],\"articleSection\":[\"Allgemein\"],\"inLanguage\":\"it-IT\"},{\"@type\":\"WebPage\",\"@id\":\"https:\\\/\\\/www.organisator.ch\\\/fr\\\/general\\\/2021-07-15\\\/grosse-kmu-nachfrage-nach-neuen-foerderinitiativen\\\/\",\"url\":\"https:\\\/\\\/www.organisator.ch\\\/fr\\\/general\\\/2021-07-15\\\/grosse-kmu-nachfrage-nach-neuen-foerderinitiativen\\\/\",\"name\":\"Grosse Nachfrage von KMU nach neuen F\u00f6rderinitiativen - Organisator\",\"isPartOf\":{\"@id\":\"https:\\\/\\\/www.organisator.ch\\\/#website\"},\"primaryImageOfPage\":{\"@id\":\"https:\\\/\\\/www.organisator.ch\\\/fr\\\/general\\\/2021-07-15\\\/grosse-kmu-nachfrage-nach-neuen-foerderinitiativen\\\/#primaryimage\"},\"image\":{\"@id\":\"https:\\\/\\\/www.organisator.ch\\\/fr\\\/general\\\/2021-07-15\\\/grosse-kmu-nachfrage-nach-neuen-foerderinitiativen\\\/#primaryimage\"},\"thumbnailUrl\":\"https:\\\/\\\/www.organisator.ch\\\/wp-content\\\/uploads\\\/2021\\\/07\\\/Depositphotos_93978032_s-2019.jpg\",\"datePublished\":\"2021-07-15T13:03:14+00:00\",\"description\":\"Unternehmen bereits 224 Innovationsprojekte an Innosuisse eingereicht. Noch bis Ende 2022 ist die Projekteingabe im Rahmen des Impulsprogramms m\u00f6glich.\",\"breadcrumb\":{\"@id\":\"https:\\\/\\\/www.organisator.ch\\\/fr\\\/general\\\/2021-07-15\\\/grosse-kmu-nachfrage-nach-neuen-foerderinitiativen\\\/#breadcrumb\"},\"inLanguage\":\"it-IT\",\"potentialAction\":[{\"@type\":\"ReadAction\",\"target\":[\"https:\\\/\\\/www.organisator.ch\\\/fr\\\/general\\\/2021-07-15\\\/grosse-kmu-nachfrage-nach-neuen-foerderinitiativen\\\/\"]}]},{\"@type\":\"ImageObject\",\"inLanguage\":\"it-IT\",\"@id\":\"https:\\\/\\\/www.organisator.ch\\\/fr\\\/general\\\/2021-07-15\\\/grosse-kmu-nachfrage-nach-neuen-foerderinitiativen\\\/#primaryimage\",\"url\":\"https:\\\/\\\/www.organisator.ch\\\/wp-content\\\/uploads\\\/2021\\\/07\\\/Depositphotos_93978032_s-2019.jpg\",\"contentUrl\":\"https:\\\/\\\/www.organisator.ch\\\/wp-content\\\/uploads\\\/2021\\\/07\\\/Depositphotos_93978032_s-2019.jpg\",\"width\":1000,\"height\":700,\"caption\":\"\u00a9 Depositphotos, SergeyNivens\"},{\"@type\":\"BreadcrumbList\",\"@id\":\"https:\\\/\\\/www.organisator.ch\\\/fr\\\/general\\\/2021-07-15\\\/grosse-kmu-nachfrage-nach-neuen-foerderinitiativen\\\/#breadcrumb\",\"itemListElement\":[{\"@type\":\"ListItem\",\"position\":1,\"name\":\"Home\",\"item\":\"https:\\\/\\\/www.organisator.ch\\\/\"},{\"@type\":\"ListItem\",\"position\":2,\"name\":\"Grosse Nachfrage von KMU nach neuen F\u00f6rderinitiativen\"}]},{\"@type\":\"WebSite\",\"@id\":\"https:\\\/\\\/www.organisator.ch\\\/#website\",\"url\":\"https:\\\/\\\/www.organisator.ch\\\/\",\"name\":\"Organisator\",\"description\":\"Kompetent. Praxisnah. Der ORGANISATOR bereitet in 10 Ausgaben pro Jahr die wesentlichen Themen f\u00fcr F\u00fchrungskr\u00e4fte von KMU auf.\",\"publisher\":{\"@id\":\"https:\\\/\\\/www.organisator.ch\\\/#organization\"},\"potentialAction\":[{\"@type\":\"SearchAction\",\"target\":{\"@type\":\"EntryPoint\",\"urlTemplate\":\"https:\\\/\\\/www.organisator.ch\\\/?s={search_term_string}\"},\"query-input\":{\"@type\":\"PropertyValueSpecification\",\"valueRequired\":true,\"valueName\":\"search_term_string\"}}],\"inLanguage\":\"it-IT\"},{\"@type\":\"Organization\",\"@id\":\"https:\\\/\\\/www.organisator.ch\\\/#organization\",\"name\":\"Organisator\",\"url\":\"https:\\\/\\\/www.organisator.ch\\\/\",\"logo\":{\"@type\":\"ImageObject\",\"inLanguage\":\"it-IT\",\"@id\":\"https:\\\/\\\/www.organisator.ch\\\/#\\\/schema\\\/logo\\\/image\\\/\",\"url\":\"https:\\\/\\\/www.organisator.ch\\\/wp-content\\\/uploads\\\/2022\\\/01\\\/Logo_Organisator_Website.png\",\"contentUrl\":\"https:\\\/\\\/www.organisator.ch\\\/wp-content\\\/uploads\\\/2022\\\/01\\\/Logo_Organisator_Website.png\",\"width\":800,\"height\":77,\"caption\":\"Organisator\"},\"image\":{\"@id\":\"https:\\\/\\\/www.organisator.ch\\\/#\\\/schema\\\/logo\\\/image\\\/\"},\"sameAs\":[\"https:\\\/\\\/www.facebook.com\\\/OrganisatorFachmagazin\",\"https:\\\/\\\/www.linkedin.com\\\/showcase\\\/organisator-das-magazin-fr-kmu\",\"https:\\\/\\\/www.xing.com\\\/news\\\/pages\\\/organisator-ch-695\",\"https:\\\/\\\/www.youtube.com\\\/channel\\\/UCGP2Sq0iWaZwT3BdIAQFYpw\"]},{\"@type\":\"Person\",\"@id\":\"https:\\\/\\\/www.organisator.ch\\\/#\\\/schema\\\/person\\\/a800b8c54e208b160517a7dcc323161d\",\"name\":\"roger.straessle\",\"image\":{\"@type\":\"ImageObject\",\"inLanguage\":\"it-IT\",\"@id\":\"https:\\\/\\\/secure.gravatar.com\\\/avatar\\\/?s=96&d=mm&r=g\",\"url\":\"https:\\\/\\\/secure.gravatar.com\\\/avatar\\\/?s=96&d=mm&r=g\",\"contentUrl\":\"https:\\\/\\\/secure.gravatar.com\\\/avatar\\\/?s=96&d=mm&r=g\",\"caption\":\"roger.straessle\"},\"url\":\"https:\\\/\\\/www.organisator.ch\\\/it\\\/author\\\/roger-straessle\\\/\"}]}<\/script>\n<!-- \/ Yoast SEO plugin. -->","yoast_head_json":{"title":"Grande richiesta da parte delle PMI di nuove iniziative di finanziamento - Organizzatore","description":"Le aziende hanno gi\u00e0 presentato 224 progetti di innovazione a Innosuisse. I progetti possono ancora essere presentati nell'ambito del programma di impulso fino alla fine del 2022.","robots":{"index":"index","follow":"follow","max-snippet":"max-snippet:-1","max-image-preview":"max-image-preview:large","max-video-preview":"max-video-preview:-1"},"canonical":"https:\/\/www.organisator.ch\/it\/generale\/2021-07-15\/grosse-kmu-nachfrage-nach-neuen-foerderinitiativen\/","og_locale":"it_IT","og_type":"article","og_title":"Grosse Nachfrage von KMU nach neuen F\u00f6rderinitiativen - Organisator","og_description":"Unternehmen bereits 224 Innovationsprojekte an Innosuisse eingereicht. Noch bis Ende 2022 ist die Projekteingabe im Rahmen des Impulsprogramms m\u00f6glich.","og_url":"https:\/\/www.organisator.ch\/it\/generale\/2021-07-15\/grosse-kmu-nachfrage-nach-neuen-foerderinitiativen\/","og_site_name":"Organisator","article_publisher":"https:\/\/www.facebook.com\/OrganisatorFachmagazin","article_published_time":"2021-07-15T13:03:14+00:00","og_image":[{"width":1000,"height":700,"url":"https:\/\/www.organisator.ch\/wp-content\/uploads\/2021\/07\/Depositphotos_93978032_s-2019.jpg","type":"image\/jpeg"}],"author":"roger.straessle","twitter_card":"summary_large_image","schema":{"@context":"https:\/\/schema.org","@graph":[{"@type":"Article","@id":"https:\/\/www.organisator.ch\/fr\/general\/2021-07-15\/grosse-kmu-nachfrage-nach-neuen-foerderinitiativen\/#article","isPartOf":{"@id":"https:\/\/www.organisator.ch\/fr\/general\/2021-07-15\/grosse-kmu-nachfrage-nach-neuen-foerderinitiativen\/"},"author":{"name":"roger.straessle","@id":"https:\/\/www.organisator.ch\/#\/schema\/person\/a800b8c54e208b160517a7dcc323161d"},"headline":"Grosse Nachfrage von KMU nach neuen F\u00f6rderinitiativen","datePublished":"2021-07-15T13:03:14+00:00","mainEntityOfPage":{"@id":"https:\/\/www.organisator.ch\/fr\/general\/2021-07-15\/grosse-kmu-nachfrage-nach-neuen-foerderinitiativen\/"},"wordCount":581,"publisher":{"@id":"https:\/\/www.organisator.ch\/#organization"},"image":{"@id":"https:\/\/www.organisator.ch\/fr\/general\/2021-07-15\/grosse-kmu-nachfrage-nach-neuen-foerderinitiativen\/#primaryimage"},"thumbnailUrl":"https:\/\/www.organisator.ch\/wp-content\/uploads\/2021\/07\/Depositphotos_93978032_s-2019.jpg","keywords":["F\u00f6rderagentur","Innosuisse","Innovation"],"articleSection":["Allgemein"],"inLanguage":"it-IT"},{"@type":"WebPage","@id":"https:\/\/www.organisator.ch\/fr\/general\/2021-07-15\/grosse-kmu-nachfrage-nach-neuen-foerderinitiativen\/","url":"https:\/\/www.organisator.ch\/fr\/general\/2021-07-15\/grosse-kmu-nachfrage-nach-neuen-foerderinitiativen\/","name":"Grande richiesta da parte delle PMI di nuove iniziative di finanziamento - Organizzatore","isPartOf":{"@id":"https:\/\/www.organisator.ch\/#website"},"primaryImageOfPage":{"@id":"https:\/\/www.organisator.ch\/fr\/general\/2021-07-15\/grosse-kmu-nachfrage-nach-neuen-foerderinitiativen\/#primaryimage"},"image":{"@id":"https:\/\/www.organisator.ch\/fr\/general\/2021-07-15\/grosse-kmu-nachfrage-nach-neuen-foerderinitiativen\/#primaryimage"},"thumbnailUrl":"https:\/\/www.organisator.ch\/wp-content\/uploads\/2021\/07\/Depositphotos_93978032_s-2019.jpg","datePublished":"2021-07-15T13:03:14+00:00","description":"Le aziende hanno gi\u00e0 presentato 224 progetti di innovazione a Innosuisse. I progetti possono ancora essere presentati nell'ambito del programma di impulso fino alla fine del 2022.","breadcrumb":{"@id":"https:\/\/www.organisator.ch\/fr\/general\/2021-07-15\/grosse-kmu-nachfrage-nach-neuen-foerderinitiativen\/#breadcrumb"},"inLanguage":"it-IT","potentialAction":[{"@type":"ReadAction","target":["https:\/\/www.organisator.ch\/fr\/general\/2021-07-15\/grosse-kmu-nachfrage-nach-neuen-foerderinitiativen\/"]}]},{"@type":"ImageObject","inLanguage":"it-IT","@id":"https:\/\/www.organisator.ch\/fr\/general\/2021-07-15\/grosse-kmu-nachfrage-nach-neuen-foerderinitiativen\/#primaryimage","url":"https:\/\/www.organisator.ch\/wp-content\/uploads\/2021\/07\/Depositphotos_93978032_s-2019.jpg","contentUrl":"https:\/\/www.organisator.ch\/wp-content\/uploads\/2021\/07\/Depositphotos_93978032_s-2019.jpg","width":1000,"height":700,"caption":"\u00a9 Depositphotos, SergeyNivens"},{"@type":"BreadcrumbList","@id":"https:\/\/www.organisator.ch\/fr\/general\/2021-07-15\/grosse-kmu-nachfrage-nach-neuen-foerderinitiativen\/#breadcrumb","itemListElement":[{"@type":"ListItem","position":1,"name":"Home","item":"https:\/\/www.organisator.ch\/"},{"@type":"ListItem","position":2,"name":"Grosse Nachfrage von KMU nach neuen F\u00f6rderinitiativen"}]},{"@type":"WebSite","@id":"https:\/\/www.organisator.ch\/#website","url":"https:\/\/www.organisator.ch\/","name":"Organizzatore","description":"Competente. Pratico. In 10 numeri all'anno, ORGANISATOR presenta i temi essenziali per i manager delle PMI.","publisher":{"@id":"https:\/\/www.organisator.ch\/#organization"},"potentialAction":[{"@type":"SearchAction","target":{"@type":"EntryPoint","urlTemplate":"https:\/\/www.organisator.ch\/?s={search_term_string}"},"query-input":{"@type":"PropertyValueSpecification","valueRequired":true,"valueName":"search_term_string"}}],"inLanguage":"it-IT"},{"@type":"Organization","@id":"https:\/\/www.organisator.ch\/#organization","name":"Organizzatore","url":"https:\/\/www.organisator.ch\/","logo":{"@type":"ImageObject","inLanguage":"it-IT","@id":"https:\/\/www.organisator.ch\/#\/schema\/logo\/image\/","url":"https:\/\/www.organisator.ch\/wp-content\/uploads\/2022\/01\/Logo_Organisator_Website.png","contentUrl":"https:\/\/www.organisator.ch\/wp-content\/uploads\/2022\/01\/Logo_Organisator_Website.png","width":800,"height":77,"caption":"Organisator"},"image":{"@id":"https:\/\/www.organisator.ch\/#\/schema\/logo\/image\/"},"sameAs":["https:\/\/www.facebook.com\/OrganisatorFachmagazin","https:\/\/www.linkedin.com\/showcase\/organisator-das-magazin-fr-kmu","https:\/\/www.xing.com\/news\/pages\/organisator-ch-695","https:\/\/www.youtube.com\/channel\/UCGP2Sq0iWaZwT3BdIAQFYpw"]},{"@type":"Person","@id":"https:\/\/www.organisator.ch\/#\/schema\/person\/a800b8c54e208b160517a7dcc323161d","name":"roger.straessle","image":{"@type":"ImageObject","inLanguage":"it-IT","@id":"https:\/\/secure.gravatar.com\/avatar\/?s=96&d=mm&r=g","url":"https:\/\/secure.gravatar.com\/avatar\/?s=96&d=mm&r=g","contentUrl":"https:\/\/secure.gravatar.com\/avatar\/?s=96&d=mm&r=g","caption":"roger.straessle"},"url":"https:\/\/www.organisator.ch\/it\/author\/roger-straessle\/"}]}},"_links":{"self":[{"href":"https:\/\/www.organisator.ch\/it\/wp-json\/wp\/v2\/posts\/8282","targetHints":{"allow":["GET"]}}],"collection":[{"href":"https:\/\/www.organisator.ch\/it\/wp-json\/wp\/v2\/posts"}],"about":[{"href":"https:\/\/www.organisator.ch\/it\/wp-json\/wp\/v2\/types\/post"}],"author":[{"embeddable":true,"href":"https:\/\/www.organisator.ch\/it\/wp-json\/wp\/v2\/users\/6"}],"replies":[{"embeddable":true,"href":"https:\/\/www.organisator.ch\/it\/wp-json\/wp\/v2\/comments?post=8282"}],"version-history":[{"count":0,"href":"https:\/\/www.organisator.ch\/it\/wp-json\/wp\/v2\/posts\/8282\/revisions"}],"wp:featuredmedia":[{"embeddable":true,"href":"https:\/\/www.organisator.ch\/it\/wp-json\/wp\/v2\/media\/8283"}],"wp:attachment":[{"href":"https:\/\/www.organisator.ch\/it\/wp-json\/wp\/v2\/media?parent=8282"}],"wp:term":[{"taxonomy":"category","embeddable":true,"href":"https:\/\/www.organisator.ch\/it\/wp-json\/wp\/v2\/categories?post=8282"},{"taxonomy":"post_tag","embeddable":true,"href":"https:\/\/www.organisator.ch\/it\/wp-json\/wp\/v2\/tags?post=8282"}],"curies":[{"name":"wp","href":"https:\/\/api.w.org\/{rel}","templated":true}]}}