{"id":8316,"date":"2021-07-28T08:48:37","date_gmt":"2021-07-28T06:48:37","guid":{"rendered":"https:\/\/www.organisator.ch\/?p=8316"},"modified":"2021-07-28T08:48:37","modified_gmt":"2021-07-28T06:48:37","slug":"ma-aktivitaeten-von-kmu-rekordzahl-an-transaktionen","status":"publish","type":"post","link":"https:\/\/www.organisator.ch\/it\/management\/finanzen_recht\/2021-07-28\/ma-aktivitaeten-von-kmu-rekordzahl-an-transaktionen\/","title":{"rendered":"Attivit\u00e0 di M&amp;A delle PMI: numero record di transazioni"},"content":{"rendered":"<p>Dopo un periodo turbolento per le PMI svizzere nel 2020, la Svizzera ha visto un aumento storico delle attivit\u00e0 di M&amp;A nella prima met\u00e0 del 2021. Questo \u00e8 il risultato dell'attuale <a href=\"https:\/\/www2.deloitte.com\/ch\/de\/pages\/mergers-and-acquisitions\/articles\/swiss-smes.html\">Studio Deloitte sulle attivit\u00e0 di M&amp;A delle PMI svizzere<\/a>. Un totale di 117 transazioni sono state effettuate nella prima met\u00e0 del 2021 - il pi\u00f9 alto numero di transazioni dall'inizio di questa serie di studi nel 2013 e allo stesso tempo un aumento record di 62,5 % rispetto all'anno precedente. In particolare, le acquisizioni di PMI svizzere da parte di imprese straniere sono aumentate di 88 % e le acquisizioni di PMI svizzere all'estero sono raddoppiate. Questa ripresa dell'attivit\u00e0 transfrontaliera (67,5 % di transazioni) riflette la rinnovata fiducia nelle prospettive economiche generali. La crescita delle transazioni nazionali \u00e8 stata meno significativa (+23 %).<\/p>\n<h2><strong>Attivit\u00e0 di M&amp;A da parte di PMI svizzere principalmente in Europa<\/strong><\/h2>\n<p>L'Europa \u00e8 il principale mercato per le acquisizioni delle PMI svizzere, dato che questa regione rappresenta 84 % delle transazioni. I paesi vicini rappresentano 50 % di acquisizioni e la Germania rimane il pi\u00f9 grande mercato per le PMI svizzere con una quota di 28 %. L'industria TMT e la sanit\u00e0, che sono tra i vincitori della crisi di COVID 19, sono tra i settori pi\u00f9 ricercati.<\/p>\n<figure id=\"attachment_8317\" aria-describedby=\"caption-attachment-8317\" style=\"width: 680px\" class=\"wp-caption alignnone\"><a href=\"https:\/\/www.organisator.ch\/wp-content\/uploads\/2021\/07\/M-A-Aktivitaeten-von-KMU-Rekordzahl-an-Transaktionen-1_Organisator.jpg\"><img loading=\"lazy\" decoding=\"async\" class=\"size-medium wp-image-8317\" src=\"https:\/\/www.organisator.ch\/wp-content\/uploads\/2021\/07\/M-A-Aktivitaeten-von-KMU-Rekordzahl-an-Transaktionen-1_Organisator.jpg\" alt=\"\" width=\"680\" height=\"296\" srcset=\"https:\/\/www.organisator.ch\/wp-content\/uploads\/2021\/07\/M-A-Aktivitaeten-von-KMU-Rekordzahl-an-Transaktionen-1_Organisator.jpg 680w, https:\/\/www.organisator.ch\/wp-content\/uploads\/2021\/07\/M-A-Aktivitaeten-von-KMU-Rekordzahl-an-Transaktionen-1_Organisator-18x8.jpg 18w, https:\/\/www.organisator.ch\/wp-content\/uploads\/2021\/07\/M-A-Aktivitaeten-von-KMU-Rekordzahl-an-Transaktionen-1_Organisator-375x163.jpg 375w, https:\/\/www.organisator.ch\/wp-content\/uploads\/2021\/07\/M-A-Aktivitaeten-von-KMU-Rekordzahl-an-Transaktionen-1_Organisator-300x131.jpg 300w\" sizes=\"auto, (max-width: 680px) 100vw, 680px\" \/><\/a><figcaption id=\"caption-attachment-8317\" class=\"wp-caption-text\">Confronto per tipo di transazione (grafico: Deloitte)<\/figcaption><\/figure>\n<h2><strong>Zurigo \u00e8 in cima<\/strong><\/h2>\n<p>La Germania \u00e8 stata il pi\u00f9 grande investitore in Svizzera nella prima met\u00e0 del 2021. In generale, i principali acquirenti delle PMI svizzere erano anche europei (81 %), seguiti da aziende prevalentemente nordamericane e asiatiche. Il settore dei beni di consumo, uno dei principali beneficiari della ripresa economica, ha superato i settori industriale e TMT, che solitamente sono in cima alla classifica delle PMI svizzere pi\u00f9 ricercate. Le acquisizioni sono state effettuate principalmente nella Svizzera tedesca (81 %), con il cantone di Zurigo che \u00e8 la regione con l'attivit\u00e0 M&amp;A pi\u00f9 dinamica (23 transazioni). \"Dopo un calo degli investimenti esteri nel 2020, \u00e8 rassicurante vedere che la Svizzera attira di nuovo un maggior numero di acquirenti esterni\", spiega Stephan Br\u00fccher, Partner per la Corporate Finance Advisory di Deloitte Svizzera.<\/p>\n<figure id=\"attachment_8318\" aria-describedby=\"caption-attachment-8318\" style=\"width: 680px\" class=\"wp-caption alignnone\"><a href=\"https:\/\/www.organisator.ch\/wp-content\/uploads\/2021\/07\/M-A-Aktivitaeten-von-KMU-Rekordzahl-an-Transaktionen-2_Organisator.jpg\"><img loading=\"lazy\" decoding=\"async\" class=\"size-medium wp-image-8318\" src=\"https:\/\/www.organisator.ch\/wp-content\/uploads\/2021\/07\/M-A-Aktivitaeten-von-KMU-Rekordzahl-an-Transaktionen-2_Organisator.jpg\" alt=\"\" width=\"680\" height=\"263\" srcset=\"https:\/\/www.organisator.ch\/wp-content\/uploads\/2021\/07\/M-A-Aktivitaeten-von-KMU-Rekordzahl-an-Transaktionen-2_Organisator.jpg 680w, https:\/\/www.organisator.ch\/wp-content\/uploads\/2021\/07\/M-A-Aktivitaeten-von-KMU-Rekordzahl-an-Transaktionen-2_Organisator-18x7.jpg 18w, https:\/\/www.organisator.ch\/wp-content\/uploads\/2021\/07\/M-A-Aktivitaeten-von-KMU-Rekordzahl-an-Transaktionen-2_Organisator-375x145.jpg 375w, https:\/\/www.organisator.ch\/wp-content\/uploads\/2021\/07\/M-A-Aktivitaeten-von-KMU-Rekordzahl-an-Transaktionen-2_Organisator-300x116.jpg 300w\" sizes=\"auto, (max-width: 680px) 100vw, 680px\" \/><\/a><figcaption id=\"caption-attachment-8318\" class=\"wp-caption-text\">I primi 5 cantoni per numero di transazioni; in entrata e nazionali. (Grafico: Deloitte)<\/figcaption><\/figure>\n<h2><strong>La quarta ondata pandemica potrebbe complicare il recupero<\/strong><\/h2>\n<p>L'attivit\u00e0 di M&amp;A nella prima met\u00e0 del 2021 \u00e8 stata guidata dalla prospettiva di una ripresa economica storicamente forte. \"A seconda di come si evolve la situazione pandemica e del ritmo delle campagne di vaccinazione, i guadagni storici della prima met\u00e0 del 2021 potrebbero essere sostenuti. L'attivit\u00e0 di M&amp;A dovrebbe rimanere dinamica nei prossimi sei mesi, sostenuta da un backlog di accordi e da forti fondamentali di mercato nei mercati chiave\", spiega Stephan Br\u00fccher. \"Tuttavia, il rischio di una quarta ondata sta crescendo con la rapida diffusione della variante delta. Questo potrebbe rendere la ripresa economica pi\u00f9 incerta e avere un impatto negativo sui mercati e sull'appetito delle aziende per le transazioni\".<\/p>\n<p><em>Fonte: <a href=\"http:\/\/www.deloitte.ch\">Deloitte<\/a><\/em><\/p>","protected":false},"excerpt":{"rendered":"<p>Nach einer f\u00fcr Schweizer KMU turbulenten Phase im Jahr 2020 hat die Schweiz in der ersten H\u00e4lfte 2021 einen historischen Anstieg der M&amp;A-Aktivit\u00e4ten erlebt. So lautet der Befund der aktuellen Deloitte-Studie zu den M&amp;A-Aktivit\u00e4ten von Schweizer KMU. Insgesamt wurden im ersten Halbjahr 2021 117 Transaktionen durchgef\u00fchrt \u2013 die h\u00f6chste Anzahl von Transaktionen seit Beginn der [&hellip;]<\/p>\n","protected":false},"author":4,"featured_media":8318,"comment_status":"closed","ping_status":"closed","sticky":false,"template":"","format":"standard","meta":{"_acf_changed":false,"_yoast_wpseo_focuskw":"M&A-Aktivit\u00e4ten","_yoast_wpseo_metadesc":"Die M&A-Aktivit\u00e4ten der Schweizer KMU haben im ersten Halbjahr 2021 so stark zugenommen wie noch nie zuvor. Dies zeigt eine Auswertung von Deloitte.","articlekey":"","footnotes":""},"categories":[24],"tags":[207,332,459,492],"class_list":["post-8316","post","type-post","status-publish","format-standard","has-post-thumbnail","hentry","category-finanzen_recht","tag-firmennachfolge","tag-ma","tag-studie","tag-unternehmen"],"acf":[],"yoast_head":"<!-- This site is optimized with the Yoast SEO plugin v27.5 - https:\/\/yoast.com\/product\/yoast-seo-wordpress\/ -->\n<title>M&amp;A-Aktivit\u00e4ten von KMU: Rekordzahl an Transaktionen - Organisator<\/title>\n<meta name=\"description\" content=\"Die M&amp;A-Aktivit\u00e4ten der Schweizer KMU haben im ersten Halbjahr 2021 so stark zugenommen wie noch nie zuvor. Dies zeigt eine Auswertung von Deloitte.\" \/>\n<meta name=\"robots\" content=\"index, follow, max-snippet:-1, max-image-preview:large, max-video-preview:-1\" \/>\n<link rel=\"canonical\" href=\"https:\/\/www.organisator.ch\/it\/gestione-2\/finanzen_recht\/2021-07-28\/ma-aktivitaeten-von-kmu-rekordzahl-an-transaktionen\/\" \/>\n<meta property=\"og:locale\" content=\"it_IT\" \/>\n<meta property=\"og:type\" content=\"article\" \/>\n<meta property=\"og:title\" content=\"M&amp;A-Aktivit\u00e4ten von KMU: Rekordzahl an Transaktionen\" \/>\n<meta property=\"og:description\" content=\"Die M&amp;A-Aktivit\u00e4ten der Schweizer KMU haben im ersten Halbjahr 2021 so stark zugenommen wie noch nie zuvor. Dies zeigt eine Auswertung von Deloitte.\" \/>\n<meta property=\"og:url\" content=\"https:\/\/www.organisator.ch\/it\/gestione-2\/finanzen_recht\/2021-07-28\/ma-aktivitaeten-von-kmu-rekordzahl-an-transaktionen\/\" \/>\n<meta property=\"og:site_name\" content=\"Organisator\" \/>\n<meta property=\"article:publisher\" content=\"https:\/\/www.facebook.com\/OrganisatorFachmagazin\" \/>\n<meta property=\"article:published_time\" content=\"2021-07-28T06:48:37+00:00\" \/>\n<meta property=\"og:image\" content=\"https:\/\/www.organisator.ch\/wp-content\/uploads\/2021\/07\/M-A-Aktivitaeten-von-KMU-Rekordzahl-an-Transaktionen-2_Organisator.jpg\" \/>\n\t<meta property=\"og:image:width\" content=\"680\" \/>\n\t<meta property=\"og:image:height\" content=\"263\" \/>\n\t<meta property=\"og:image:type\" content=\"image\/jpeg\" \/>\n<meta name=\"author\" content=\"thomas.berner\" \/>\n<meta name=\"twitter:card\" content=\"summary_large_image\" \/>\n<meta name=\"twitter:title\" content=\"#M&amp;A-Aktivit\u00e4ten von KMU: Rekordzahl an #Transaktionen\" \/>\n<meta name=\"twitter:description\" content=\"Die #M&amp;A-Aktivit\u00e4ten der Schweizer KMU haben im ersten Halbjahr 2021 so stark zugenommen wie noch nie zuvor. Dies zeigt eine Auswertung von #Deloitte.\" \/>\n<meta name=\"twitter:image\" content=\"https:\/\/www.organisator.ch\/wp-content\/uploads\/2021\/07\/M-A-Aktivitaeten-von-KMU-Rekordzahl-an-Transaktionen-2_Organisator.jpg\" \/>\n<script type=\"application\/ld+json\" class=\"yoast-schema-graph\">{\"@context\":\"https:\\\/\\\/schema.org\",\"@graph\":[{\"@type\":\"Article\",\"@id\":\"https:\\\/\\\/www.organisator.ch\\\/management\\\/finanzen_recht\\\/2021-07-28\\\/ma-aktivitaeten-von-kmu-rekordzahl-an-transaktionen\\\/#article\",\"isPartOf\":{\"@id\":\"https:\\\/\\\/www.organisator.ch\\\/management\\\/finanzen_recht\\\/2021-07-28\\\/ma-aktivitaeten-von-kmu-rekordzahl-an-transaktionen\\\/\"},\"author\":{\"name\":\"thomas.berner\",\"@id\":\"https:\\\/\\\/www.organisator.ch\\\/#\\\/schema\\\/person\\\/6f650f90b2842cd4c0cc334b4e36f67e\"},\"headline\":\"M&#038;A-Aktivit\u00e4ten von KMU: Rekordzahl an Transaktionen\",\"datePublished\":\"2021-07-28T06:48:37+00:00\",\"mainEntityOfPage\":{\"@id\":\"https:\\\/\\\/www.organisator.ch\\\/management\\\/finanzen_recht\\\/2021-07-28\\\/ma-aktivitaeten-von-kmu-rekordzahl-an-transaktionen\\\/\"},\"wordCount\":478,\"publisher\":{\"@id\":\"https:\\\/\\\/www.organisator.ch\\\/#organization\"},\"image\":{\"@id\":\"https:\\\/\\\/www.organisator.ch\\\/management\\\/finanzen_recht\\\/2021-07-28\\\/ma-aktivitaeten-von-kmu-rekordzahl-an-transaktionen\\\/#primaryimage\"},\"thumbnailUrl\":\"https:\\\/\\\/www.organisator.ch\\\/wp-content\\\/uploads\\\/2021\\\/07\\\/M-A-Aktivitaeten-von-KMU-Rekordzahl-an-Transaktionen-2_Organisator.jpg\",\"keywords\":[\"Firmennachfolge\",\"M&amp;A\",\"Studie\",\"Unternehmen\"],\"articleSection\":[\"FINANZEN\\\/RECHT\"],\"inLanguage\":\"it-IT\"},{\"@type\":\"WebPage\",\"@id\":\"https:\\\/\\\/www.organisator.ch\\\/management\\\/finanzen_recht\\\/2021-07-28\\\/ma-aktivitaeten-von-kmu-rekordzahl-an-transaktionen\\\/\",\"url\":\"https:\\\/\\\/www.organisator.ch\\\/management\\\/finanzen_recht\\\/2021-07-28\\\/ma-aktivitaeten-von-kmu-rekordzahl-an-transaktionen\\\/\",\"name\":\"M&A-Aktivit\u00e4ten von KMU: Rekordzahl an Transaktionen - Organisator\",\"isPartOf\":{\"@id\":\"https:\\\/\\\/www.organisator.ch\\\/#website\"},\"primaryImageOfPage\":{\"@id\":\"https:\\\/\\\/www.organisator.ch\\\/management\\\/finanzen_recht\\\/2021-07-28\\\/ma-aktivitaeten-von-kmu-rekordzahl-an-transaktionen\\\/#primaryimage\"},\"image\":{\"@id\":\"https:\\\/\\\/www.organisator.ch\\\/management\\\/finanzen_recht\\\/2021-07-28\\\/ma-aktivitaeten-von-kmu-rekordzahl-an-transaktionen\\\/#primaryimage\"},\"thumbnailUrl\":\"https:\\\/\\\/www.organisator.ch\\\/wp-content\\\/uploads\\\/2021\\\/07\\\/M-A-Aktivitaeten-von-KMU-Rekordzahl-an-Transaktionen-2_Organisator.jpg\",\"datePublished\":\"2021-07-28T06:48:37+00:00\",\"description\":\"Die M&A-Aktivit\u00e4ten der Schweizer KMU haben im ersten Halbjahr 2021 so stark zugenommen wie noch nie zuvor. Dies zeigt eine Auswertung von Deloitte.\",\"breadcrumb\":{\"@id\":\"https:\\\/\\\/www.organisator.ch\\\/management\\\/finanzen_recht\\\/2021-07-28\\\/ma-aktivitaeten-von-kmu-rekordzahl-an-transaktionen\\\/#breadcrumb\"},\"inLanguage\":\"it-IT\",\"potentialAction\":[{\"@type\":\"ReadAction\",\"target\":[\"https:\\\/\\\/www.organisator.ch\\\/management\\\/finanzen_recht\\\/2021-07-28\\\/ma-aktivitaeten-von-kmu-rekordzahl-an-transaktionen\\\/\"]}]},{\"@type\":\"ImageObject\",\"inLanguage\":\"it-IT\",\"@id\":\"https:\\\/\\\/www.organisator.ch\\\/management\\\/finanzen_recht\\\/2021-07-28\\\/ma-aktivitaeten-von-kmu-rekordzahl-an-transaktionen\\\/#primaryimage\",\"url\":\"https:\\\/\\\/www.organisator.ch\\\/wp-content\\\/uploads\\\/2021\\\/07\\\/M-A-Aktivitaeten-von-KMU-Rekordzahl-an-Transaktionen-2_Organisator.jpg\",\"contentUrl\":\"https:\\\/\\\/www.organisator.ch\\\/wp-content\\\/uploads\\\/2021\\\/07\\\/M-A-Aktivitaeten-von-KMU-Rekordzahl-an-Transaktionen-2_Organisator.jpg\",\"width\":680,\"height\":263,\"caption\":\"Top 5 Kantone nach Anzahl Transaktionen; Inbound und Inland. (Grafik: Deloitte)\"},{\"@type\":\"BreadcrumbList\",\"@id\":\"https:\\\/\\\/www.organisator.ch\\\/management\\\/finanzen_recht\\\/2021-07-28\\\/ma-aktivitaeten-von-kmu-rekordzahl-an-transaktionen\\\/#breadcrumb\",\"itemListElement\":[{\"@type\":\"ListItem\",\"position\":1,\"name\":\"Home\",\"item\":\"https:\\\/\\\/www.organisator.ch\\\/\"},{\"@type\":\"ListItem\",\"position\":2,\"name\":\"M&#038;A-Aktivit\u00e4ten von KMU: Rekordzahl an Transaktionen\"}]},{\"@type\":\"WebSite\",\"@id\":\"https:\\\/\\\/www.organisator.ch\\\/#website\",\"url\":\"https:\\\/\\\/www.organisator.ch\\\/\",\"name\":\"Organisator\",\"description\":\"Kompetent. Praxisnah. Der ORGANISATOR bereitet in 10 Ausgaben pro Jahr die wesentlichen Themen f\u00fcr F\u00fchrungskr\u00e4fte von KMU auf.\",\"publisher\":{\"@id\":\"https:\\\/\\\/www.organisator.ch\\\/#organization\"},\"potentialAction\":[{\"@type\":\"SearchAction\",\"target\":{\"@type\":\"EntryPoint\",\"urlTemplate\":\"https:\\\/\\\/www.organisator.ch\\\/?s={search_term_string}\"},\"query-input\":{\"@type\":\"PropertyValueSpecification\",\"valueRequired\":true,\"valueName\":\"search_term_string\"}}],\"inLanguage\":\"it-IT\"},{\"@type\":\"Organization\",\"@id\":\"https:\\\/\\\/www.organisator.ch\\\/#organization\",\"name\":\"Organisator\",\"url\":\"https:\\\/\\\/www.organisator.ch\\\/\",\"logo\":{\"@type\":\"ImageObject\",\"inLanguage\":\"it-IT\",\"@id\":\"https:\\\/\\\/www.organisator.ch\\\/#\\\/schema\\\/logo\\\/image\\\/\",\"url\":\"https:\\\/\\\/www.organisator.ch\\\/wp-content\\\/uploads\\\/2022\\\/01\\\/Logo_Organisator_Website.png\",\"contentUrl\":\"https:\\\/\\\/www.organisator.ch\\\/wp-content\\\/uploads\\\/2022\\\/01\\\/Logo_Organisator_Website.png\",\"width\":800,\"height\":77,\"caption\":\"Organisator\"},\"image\":{\"@id\":\"https:\\\/\\\/www.organisator.ch\\\/#\\\/schema\\\/logo\\\/image\\\/\"},\"sameAs\":[\"https:\\\/\\\/www.facebook.com\\\/OrganisatorFachmagazin\",\"https:\\\/\\\/www.linkedin.com\\\/showcase\\\/organisator-das-magazin-fr-kmu\",\"https:\\\/\\\/www.xing.com\\\/news\\\/pages\\\/organisator-ch-695\",\"https:\\\/\\\/www.youtube.com\\\/channel\\\/UCGP2Sq0iWaZwT3BdIAQFYpw\"]},{\"@type\":\"Person\",\"@id\":\"https:\\\/\\\/www.organisator.ch\\\/#\\\/schema\\\/person\\\/6f650f90b2842cd4c0cc334b4e36f67e\",\"name\":\"thomas.berner\",\"image\":{\"@type\":\"ImageObject\",\"inLanguage\":\"it-IT\",\"@id\":\"https:\\\/\\\/secure.gravatar.com\\\/avatar\\\/ac5001d2a36cb6c6cd3e50789007ffca834b477b74a2144564522e944eabff61?s=96&d=mm&r=g\",\"url\":\"https:\\\/\\\/secure.gravatar.com\\\/avatar\\\/ac5001d2a36cb6c6cd3e50789007ffca834b477b74a2144564522e944eabff61?s=96&d=mm&r=g\",\"contentUrl\":\"https:\\\/\\\/secure.gravatar.com\\\/avatar\\\/ac5001d2a36cb6c6cd3e50789007ffca834b477b74a2144564522e944eabff61?s=96&d=mm&r=g\",\"caption\":\"thomas.berner\"},\"url\":\"https:\\\/\\\/www.organisator.ch\\\/it\\\/author\\\/thomas-berner\\\/\"}]}<\/script>\n<!-- \/ Yoast SEO plugin. -->","yoast_head_json":{"title":"Attivit\u00e0 di M&amp;A delle PMI: numero record di transazioni - Organizzatore","description":"Nella prima met\u00e0 del 2021 le attivit\u00e0 di fusione e acquisizione delle PMI svizzere sono aumentate come non mai. Lo dimostra una valutazione di Deloitte.","robots":{"index":"index","follow":"follow","max-snippet":"max-snippet:-1","max-image-preview":"max-image-preview:large","max-video-preview":"max-video-preview:-1"},"canonical":"https:\/\/www.organisator.ch\/it\/gestione-2\/finanzen_recht\/2021-07-28\/ma-aktivitaeten-von-kmu-rekordzahl-an-transaktionen\/","og_locale":"it_IT","og_type":"article","og_title":"M&A-Aktivit\u00e4ten von KMU: Rekordzahl an Transaktionen","og_description":"Die M&A-Aktivit\u00e4ten der Schweizer KMU haben im ersten Halbjahr 2021 so stark zugenommen wie noch nie zuvor. Dies zeigt eine Auswertung von Deloitte.","og_url":"https:\/\/www.organisator.ch\/it\/gestione-2\/finanzen_recht\/2021-07-28\/ma-aktivitaeten-von-kmu-rekordzahl-an-transaktionen\/","og_site_name":"Organisator","article_publisher":"https:\/\/www.facebook.com\/OrganisatorFachmagazin","article_published_time":"2021-07-28T06:48:37+00:00","og_image":[{"width":680,"height":263,"url":"https:\/\/www.organisator.ch\/wp-content\/uploads\/2021\/07\/M-A-Aktivitaeten-von-KMU-Rekordzahl-an-Transaktionen-2_Organisator.jpg","type":"image\/jpeg"}],"author":"thomas.berner","twitter_card":"summary_large_image","twitter_title":"#M&A-Aktivit\u00e4ten von KMU: Rekordzahl an #Transaktionen","twitter_description":"Die #M&A-Aktivit\u00e4ten der Schweizer KMU haben im ersten Halbjahr 2021 so stark zugenommen wie noch nie zuvor. Dies zeigt eine Auswertung von #Deloitte.","twitter_image":"https:\/\/www.organisator.ch\/wp-content\/uploads\/2021\/07\/M-A-Aktivitaeten-von-KMU-Rekordzahl-an-Transaktionen-2_Organisator.jpg","schema":{"@context":"https:\/\/schema.org","@graph":[{"@type":"Article","@id":"https:\/\/www.organisator.ch\/management\/finanzen_recht\/2021-07-28\/ma-aktivitaeten-von-kmu-rekordzahl-an-transaktionen\/#article","isPartOf":{"@id":"https:\/\/www.organisator.ch\/management\/finanzen_recht\/2021-07-28\/ma-aktivitaeten-von-kmu-rekordzahl-an-transaktionen\/"},"author":{"name":"thomas.berner","@id":"https:\/\/www.organisator.ch\/#\/schema\/person\/6f650f90b2842cd4c0cc334b4e36f67e"},"headline":"M&#038;A-Aktivit\u00e4ten von KMU: Rekordzahl an Transaktionen","datePublished":"2021-07-28T06:48:37+00:00","mainEntityOfPage":{"@id":"https:\/\/www.organisator.ch\/management\/finanzen_recht\/2021-07-28\/ma-aktivitaeten-von-kmu-rekordzahl-an-transaktionen\/"},"wordCount":478,"publisher":{"@id":"https:\/\/www.organisator.ch\/#organization"},"image":{"@id":"https:\/\/www.organisator.ch\/management\/finanzen_recht\/2021-07-28\/ma-aktivitaeten-von-kmu-rekordzahl-an-transaktionen\/#primaryimage"},"thumbnailUrl":"https:\/\/www.organisator.ch\/wp-content\/uploads\/2021\/07\/M-A-Aktivitaeten-von-KMU-Rekordzahl-an-Transaktionen-2_Organisator.jpg","keywords":["Firmennachfolge","M&amp;A","Studie","Unternehmen"],"articleSection":["FINANZEN\/RECHT"],"inLanguage":"it-IT"},{"@type":"WebPage","@id":"https:\/\/www.organisator.ch\/management\/finanzen_recht\/2021-07-28\/ma-aktivitaeten-von-kmu-rekordzahl-an-transaktionen\/","url":"https:\/\/www.organisator.ch\/management\/finanzen_recht\/2021-07-28\/ma-aktivitaeten-von-kmu-rekordzahl-an-transaktionen\/","name":"Attivit\u00e0 di M&amp;A delle PMI: numero record di transazioni - Organizzatore","isPartOf":{"@id":"https:\/\/www.organisator.ch\/#website"},"primaryImageOfPage":{"@id":"https:\/\/www.organisator.ch\/management\/finanzen_recht\/2021-07-28\/ma-aktivitaeten-von-kmu-rekordzahl-an-transaktionen\/#primaryimage"},"image":{"@id":"https:\/\/www.organisator.ch\/management\/finanzen_recht\/2021-07-28\/ma-aktivitaeten-von-kmu-rekordzahl-an-transaktionen\/#primaryimage"},"thumbnailUrl":"https:\/\/www.organisator.ch\/wp-content\/uploads\/2021\/07\/M-A-Aktivitaeten-von-KMU-Rekordzahl-an-Transaktionen-2_Organisator.jpg","datePublished":"2021-07-28T06:48:37+00:00","description":"Nella prima met\u00e0 del 2021 le attivit\u00e0 di fusione e acquisizione delle PMI svizzere sono aumentate come non mai. Lo dimostra una valutazione di Deloitte.","breadcrumb":{"@id":"https:\/\/www.organisator.ch\/management\/finanzen_recht\/2021-07-28\/ma-aktivitaeten-von-kmu-rekordzahl-an-transaktionen\/#breadcrumb"},"inLanguage":"it-IT","potentialAction":[{"@type":"ReadAction","target":["https:\/\/www.organisator.ch\/management\/finanzen_recht\/2021-07-28\/ma-aktivitaeten-von-kmu-rekordzahl-an-transaktionen\/"]}]},{"@type":"ImageObject","inLanguage":"it-IT","@id":"https:\/\/www.organisator.ch\/management\/finanzen_recht\/2021-07-28\/ma-aktivitaeten-von-kmu-rekordzahl-an-transaktionen\/#primaryimage","url":"https:\/\/www.organisator.ch\/wp-content\/uploads\/2021\/07\/M-A-Aktivitaeten-von-KMU-Rekordzahl-an-Transaktionen-2_Organisator.jpg","contentUrl":"https:\/\/www.organisator.ch\/wp-content\/uploads\/2021\/07\/M-A-Aktivitaeten-von-KMU-Rekordzahl-an-Transaktionen-2_Organisator.jpg","width":680,"height":263,"caption":"Top 5 Kantone nach Anzahl Transaktionen; Inbound und Inland. (Grafik: Deloitte)"},{"@type":"BreadcrumbList","@id":"https:\/\/www.organisator.ch\/management\/finanzen_recht\/2021-07-28\/ma-aktivitaeten-von-kmu-rekordzahl-an-transaktionen\/#breadcrumb","itemListElement":[{"@type":"ListItem","position":1,"name":"Home","item":"https:\/\/www.organisator.ch\/"},{"@type":"ListItem","position":2,"name":"M&#038;A-Aktivit\u00e4ten von KMU: Rekordzahl an Transaktionen"}]},{"@type":"WebSite","@id":"https:\/\/www.organisator.ch\/#website","url":"https:\/\/www.organisator.ch\/","name":"Organizzatore","description":"Competente. Pratico. In 10 numeri all'anno, ORGANISATOR presenta i temi essenziali per i manager delle PMI.","publisher":{"@id":"https:\/\/www.organisator.ch\/#organization"},"potentialAction":[{"@type":"SearchAction","target":{"@type":"EntryPoint","urlTemplate":"https:\/\/www.organisator.ch\/?s={search_term_string}"},"query-input":{"@type":"PropertyValueSpecification","valueRequired":true,"valueName":"search_term_string"}}],"inLanguage":"it-IT"},{"@type":"Organization","@id":"https:\/\/www.organisator.ch\/#organization","name":"Organizzatore","url":"https:\/\/www.organisator.ch\/","logo":{"@type":"ImageObject","inLanguage":"it-IT","@id":"https:\/\/www.organisator.ch\/#\/schema\/logo\/image\/","url":"https:\/\/www.organisator.ch\/wp-content\/uploads\/2022\/01\/Logo_Organisator_Website.png","contentUrl":"https:\/\/www.organisator.ch\/wp-content\/uploads\/2022\/01\/Logo_Organisator_Website.png","width":800,"height":77,"caption":"Organisator"},"image":{"@id":"https:\/\/www.organisator.ch\/#\/schema\/logo\/image\/"},"sameAs":["https:\/\/www.facebook.com\/OrganisatorFachmagazin","https:\/\/www.linkedin.com\/showcase\/organisator-das-magazin-fr-kmu","https:\/\/www.xing.com\/news\/pages\/organisator-ch-695","https:\/\/www.youtube.com\/channel\/UCGP2Sq0iWaZwT3BdIAQFYpw"]},{"@type":"Person","@id":"https:\/\/www.organisator.ch\/#\/schema\/person\/6f650f90b2842cd4c0cc334b4e36f67e","name":"Tommaso.berner","image":{"@type":"ImageObject","inLanguage":"it-IT","@id":"https:\/\/secure.gravatar.com\/avatar\/ac5001d2a36cb6c6cd3e50789007ffca834b477b74a2144564522e944eabff61?s=96&d=mm&r=g","url":"https:\/\/secure.gravatar.com\/avatar\/ac5001d2a36cb6c6cd3e50789007ffca834b477b74a2144564522e944eabff61?s=96&d=mm&r=g","contentUrl":"https:\/\/secure.gravatar.com\/avatar\/ac5001d2a36cb6c6cd3e50789007ffca834b477b74a2144564522e944eabff61?s=96&d=mm&r=g","caption":"thomas.berner"},"url":"https:\/\/www.organisator.ch\/it\/author\/thomas-berner\/"}]}},"_links":{"self":[{"href":"https:\/\/www.organisator.ch\/it\/wp-json\/wp\/v2\/posts\/8316","targetHints":{"allow":["GET"]}}],"collection":[{"href":"https:\/\/www.organisator.ch\/it\/wp-json\/wp\/v2\/posts"}],"about":[{"href":"https:\/\/www.organisator.ch\/it\/wp-json\/wp\/v2\/types\/post"}],"author":[{"embeddable":true,"href":"https:\/\/www.organisator.ch\/it\/wp-json\/wp\/v2\/users\/4"}],"replies":[{"embeddable":true,"href":"https:\/\/www.organisator.ch\/it\/wp-json\/wp\/v2\/comments?post=8316"}],"version-history":[{"count":0,"href":"https:\/\/www.organisator.ch\/it\/wp-json\/wp\/v2\/posts\/8316\/revisions"}],"wp:featuredmedia":[{"embeddable":true,"href":"https:\/\/www.organisator.ch\/it\/wp-json\/wp\/v2\/media\/8318"}],"wp:attachment":[{"href":"https:\/\/www.organisator.ch\/it\/wp-json\/wp\/v2\/media?parent=8316"}],"wp:term":[{"taxonomy":"category","embeddable":true,"href":"https:\/\/www.organisator.ch\/it\/wp-json\/wp\/v2\/categories?post=8316"},{"taxonomy":"post_tag","embeddable":true,"href":"https:\/\/www.organisator.ch\/it\/wp-json\/wp\/v2\/tags?post=8316"}],"curies":[{"name":"wp","href":"https:\/\/api.w.org\/{rel}","templated":true}]}}