{"id":8320,"date":"2021-07-28T09:22:33","date_gmt":"2021-07-28T07:22:33","guid":{"rendered":"https:\/\/www.organisator.ch\/?p=8320"},"modified":"2021-07-28T09:22:33","modified_gmt":"2021-07-28T07:22:33","slug":"elektrounternehmen-jaisli-xamax-expandiert-in-die-innerschweiz","status":"publish","type":"post","link":"https:\/\/www.organisator.ch\/it\/allgemein\/2021-07-28\/elektrounternehmen-jaisli-xamax-expandiert-in-die-innerschweiz\/","title":{"rendered":"L'azienda elettrica Jaisli-Xamax si espande nella Svizzera centrale"},"content":{"rendered":"<figure id=\"attachment_8321\" aria-describedby=\"caption-attachment-8321\" style=\"width: 680px\" class=\"wp-caption alignnone\"><a href=\"https:\/\/www.organisator.ch\/wp-content\/uploads\/2021\/07\/Elektrounternehmen-Jaisli-Xamax-expandiert-in-die-Innerschweiz_Organisator.jpg\"><img loading=\"lazy\" decoding=\"async\" class=\"size-medium wp-image-8321\" src=\"https:\/\/www.organisator.ch\/wp-content\/uploads\/2021\/07\/Elektrounternehmen-Jaisli-Xamax-expandiert-in-die-Innerschweiz_Organisator.jpg\" alt=\"\" width=\"680\" height=\"453\" srcset=\"https:\/\/www.organisator.ch\/wp-content\/uploads\/2021\/07\/Elektrounternehmen-Jaisli-Xamax-expandiert-in-die-Innerschweiz_Organisator.jpg 680w, https:\/\/www.organisator.ch\/wp-content\/uploads\/2021\/07\/Elektrounternehmen-Jaisli-Xamax-expandiert-in-die-Innerschweiz_Organisator-18x12.jpg 18w, https:\/\/www.organisator.ch\/wp-content\/uploads\/2021\/07\/Elektrounternehmen-Jaisli-Xamax-expandiert-in-die-Innerschweiz_Organisator-263x175.jpg 263w, https:\/\/www.organisator.ch\/wp-content\/uploads\/2021\/07\/Elektrounternehmen-Jaisli-Xamax-expandiert-in-die-Innerschweiz_Organisator-525x350.jpg 525w, https:\/\/www.organisator.ch\/wp-content\/uploads\/2021\/07\/Elektrounternehmen-Jaisli-Xamax-expandiert-in-die-Innerschweiz_Organisator-300x200.jpg 300w\" sizes=\"auto, (max-width: 680px) 100vw, 680px\" \/><\/a><figcaption id=\"caption-attachment-8321\" class=\"wp-caption-text\">Un'azienda elettrica attira l'attenzione su di s\u00e9: campagna di affissioni davanti alla sede di Jaisli-Xamax nella Baarerstrasse 139 a Zugo. Da sinistra a destra: Ardian Bunjaku (Responsabile dell'installazione), Tanja Libro (Receptionist), Jvo Achermann (Responsabile del progetto di installazione), Michel Meier (Responsabile del progetto di installazione, Vice Direttore di filiale). (Immagine: Jaisli-Xamax)<\/figcaption><\/figure>\n<p>Il portafoglio prodotti di Jaisli-Xamax comprende servizi nel campo delle installazioni elettriche, della costruzione di quadri elettrici, dell'assistenza e del servizio clienti (servizio su chiamata), della tecnologia dei sistemi edilizi e del fotovoltaico. Gli specialisti professionali e dedicati dell'azienda sono in servizio nelle regioni di Zurigo, Basilea e Berna. Da gennaio 2021 \u00e8 presente anche una filiale a Zugo. Jaisli-Xamax sta ora attirando l'attenzione a livello locale con una campagna di affissione.<\/p>\n<h2>Sfruttare le opportunit\u00e0 offerte da Zugo come sede di attivit\u00e0 commerciali<\/h2>\n<p>\"Zugo come localit\u00e0 offre molte opportunit\u00e0 interessanti: \u00c8 un luogo popolare per le aziende e le societ\u00e0 internazionali e ha un'aliquota fiscale bassa: entrambe le condizioni sono estremamente interessanti per noi. Anche i buoni collegamenti con i mezzi di trasporto e la vicinanza a Cham e Emmenbr\u00fccke, dove si stanno realizzando importanti progetti edilizi, depongono a favore dell'ubicazione\", afferma Rolf Weber, amministratore delegato di Jaisli-Xamax AG. L'azienda elettrica \u00e8 gi\u00e0 stata autorizzata a realizzare i suoi primi progetti, tra cui il nuovo capannone di produzione di G\u00f6bli della pasticceria Speck, la nuova costruzione del centro di riciclaggio di \u00d6kihof e la sostituzione di un impianto di grandi dimensioni a Zugo, che viene eseguita per conto di WWZ AG.<\/p>\n<h2>L'azienda elettrica cerca giovani talenti<\/h2>\n<p>\"Vogliamo affermarci come partner elettrico affidabile nella Svizzera centrale e convincere con il nostro pluriennale know-how. Perch\u00e9 la soddisfazione incondizionata \u00e8 il nostro obiettivo, l'assistenza ai progetti orientata al cliente \u00e8 la nostra pretesa e l'esecuzione professionale degli ordini \u00e8 la nostra passione\", continua Rolf Weber. Con la formazione e l'aggiornamento di circa 100 apprendisti, l'azienda di elettronica si impegna anche a garantire la prossima generazione nel settore. Anche a Zugo i primi apprendisti inizieranno la loro formazione in agosto. L'obiettivo della societ\u00e0 di formazione \u00e8 <em>I capi di domani<\/em> apprendistato. Jaisli-Xamax offre i seguenti apprendistati: Elettricista EFZ, installatore EFZ, montatore automatico EFZ (solo a Dietikon), formazione commerciale.<\/p>\n<p>La filiale \u00e8 ancora alla ricerca di un rafforzamento del team ed \u00e8 lieta di ricevere candidature interessanti. I posti vacanti sono disponibili sul sito web: <a href=\"https:\/\/www.jaisli-xamax.ch\/offene-stellen\/\">https:\/\/www.jaisli-xamax.ch\/offene-stellen\/<\/a><\/p>","protected":false},"excerpt":{"rendered":"<p>Das Produkteportfolio von Jaisli-Xamax beinhaltet Dienstleistungen im Bereich Elektroinstallationen, Schaltanlagenbau, Service\/Kundendienst (Pikett-Dienst), Geb\u00e4udesystemtechnik und Photovoltaik. Die professionellen und engagierten Fachkr\u00e4fte des Unternehmens sind in den Regionen Z\u00fcrich, Basel und Bern im Einsatz. Seit Januar 2021 besteht nun auch in Zug eine Niederlassung. Mit einer Plakatkampagne macht Jaisli-Xamax nun vor Ort auf sich aufmerksam. Chancen des [&hellip;]<\/p>\n","protected":false},"author":4,"featured_media":8321,"comment_status":"closed","ping_status":"closed","sticky":false,"template":"","format":"standard","meta":{"_acf_changed":false,"_yoast_wpseo_focuskw":"Elektrounternehmen","_yoast_wpseo_metadesc":"Seit \u00fcber 50 Jahren steht das Elektrounternehmen Jaisli-Xamax seinen Kunden proaktiv zur Seite und expandiert nun in die Innerschweiz.","articlekey":"","footnotes":""},"categories":[1],"tags":[2678,335,492],"class_list":["post-8320","post","type-post","status-publish","format-standard","has-post-thumbnail","hentry","category-allgemein","tag-elektrounternehmen","tag-management-und-unternehmensfuehrung","tag-unternehmen"],"acf":[],"yoast_head":"<!-- This site is optimized with the Yoast SEO plugin v27.5 - https:\/\/yoast.com\/product\/yoast-seo-wordpress\/ -->\n<title>Elektrounternehmen Jaisli-Xamax expandiert in die Innerschweiz - Organisator<\/title>\n<meta name=\"description\" content=\"Seit \u00fcber 50 Jahren steht das Elektrounternehmen Jaisli-Xamax seinen Kunden proaktiv zur Seite und expandiert nun in die Innerschweiz.\" \/>\n<meta name=\"robots\" content=\"index, follow, max-snippet:-1, max-image-preview:large, max-video-preview:-1\" \/>\n<link rel=\"canonical\" href=\"https:\/\/www.organisator.ch\/it\/generale\/2021-07-28\/elektrounternehmen-jaisli-xamax-expandiert-in-die-innerschweiz\/\" \/>\n<meta property=\"og:locale\" content=\"it_IT\" \/>\n<meta property=\"og:type\" content=\"article\" \/>\n<meta property=\"og:title\" content=\"Elektrounternehmen Jaisli-Xamax expandiert in die Innerschweiz\" \/>\n<meta property=\"og:description\" content=\"Seit \u00fcber 50 Jahren steht das Elektrounternehmen Jaisli-Xamax seinen Kunden proaktiv zur Seite und expandiert nun in die Innerschweiz.\" \/>\n<meta property=\"og:url\" content=\"https:\/\/www.organisator.ch\/it\/generale\/2021-07-28\/elektrounternehmen-jaisli-xamax-expandiert-in-die-innerschweiz\/\" \/>\n<meta property=\"og:site_name\" content=\"Organisator\" \/>\n<meta property=\"article:publisher\" content=\"https:\/\/www.facebook.com\/OrganisatorFachmagazin\" \/>\n<meta property=\"article:published_time\" content=\"2021-07-28T07:22:33+00:00\" \/>\n<meta property=\"og:image\" content=\"https:\/\/www.organisator.ch\/wp-content\/uploads\/2021\/07\/Elektrounternehmen-Jaisli-Xamax-expandiert-in-die-Innerschweiz_Organisator.jpg\" \/>\n\t<meta property=\"og:image:width\" content=\"680\" \/>\n\t<meta property=\"og:image:height\" content=\"453\" \/>\n\t<meta property=\"og:image:type\" content=\"image\/jpeg\" \/>\n<meta name=\"author\" content=\"thomas.berner\" \/>\n<meta name=\"twitter:card\" content=\"summary_large_image\" \/>\n<meta name=\"twitter:title\" content=\"#Elektrounternehmen #Jaisli-Xamax expandiert in die #Innerschweiz\" \/>\n<meta name=\"twitter:description\" content=\"Seit \u00fcber 50 Jahren steht das #Elektrounternehmen #Jaisli-Xamax seinen Kunden proaktiv zur Seite und expandiert nun in die #Innerschweiz.\" \/>\n<meta name=\"twitter:image\" content=\"https:\/\/www.organisator.ch\/wp-content\/uploads\/2021\/07\/Elektrounternehmen-Jaisli-Xamax-expandiert-in-die-Innerschweiz_Organisator.jpg\" \/>\n<script type=\"application\/ld+json\" class=\"yoast-schema-graph\">{\"@context\":\"https:\\\/\\\/schema.org\",\"@graph\":[{\"@type\":\"Article\",\"@id\":\"https:\\\/\\\/www.organisator.ch\\\/it\\\/generale\\\/2021-07-28\\\/elektrounternehmen-jaisli-xamax-expandiert-in-die-innerschweiz\\\/#article\",\"isPartOf\":{\"@id\":\"https:\\\/\\\/www.organisator.ch\\\/it\\\/generale\\\/2021-07-28\\\/elektrounternehmen-jaisli-xamax-expandiert-in-die-innerschweiz\\\/\"},\"author\":{\"name\":\"thomas.berner\",\"@id\":\"https:\\\/\\\/www.organisator.ch\\\/#\\\/schema\\\/person\\\/6f650f90b2842cd4c0cc334b4e36f67e\"},\"headline\":\"Elektrounternehmen Jaisli-Xamax expandiert in die Innerschweiz\",\"datePublished\":\"2021-07-28T07:22:33+00:00\",\"mainEntityOfPage\":{\"@id\":\"https:\\\/\\\/www.organisator.ch\\\/it\\\/generale\\\/2021-07-28\\\/elektrounternehmen-jaisli-xamax-expandiert-in-die-innerschweiz\\\/\"},\"wordCount\":357,\"publisher\":{\"@id\":\"https:\\\/\\\/www.organisator.ch\\\/#organization\"},\"image\":{\"@id\":\"https:\\\/\\\/www.organisator.ch\\\/it\\\/generale\\\/2021-07-28\\\/elektrounternehmen-jaisli-xamax-expandiert-in-die-innerschweiz\\\/#primaryimage\"},\"thumbnailUrl\":\"https:\\\/\\\/www.organisator.ch\\\/wp-content\\\/uploads\\\/2021\\\/07\\\/Elektrounternehmen-Jaisli-Xamax-expandiert-in-die-Innerschweiz_Organisator.jpg\",\"keywords\":[\"Elektrounternehmen\",\"Management und Unternehmensf\u00fchrung\",\"Unternehmen\"],\"articleSection\":[\"Allgemein\"],\"inLanguage\":\"it-IT\"},{\"@type\":\"WebPage\",\"@id\":\"https:\\\/\\\/www.organisator.ch\\\/it\\\/generale\\\/2021-07-28\\\/elektrounternehmen-jaisli-xamax-expandiert-in-die-innerschweiz\\\/\",\"url\":\"https:\\\/\\\/www.organisator.ch\\\/it\\\/generale\\\/2021-07-28\\\/elektrounternehmen-jaisli-xamax-expandiert-in-die-innerschweiz\\\/\",\"name\":\"Elektrounternehmen Jaisli-Xamax expandiert in die Innerschweiz - Organisator\",\"isPartOf\":{\"@id\":\"https:\\\/\\\/www.organisator.ch\\\/#website\"},\"primaryImageOfPage\":{\"@id\":\"https:\\\/\\\/www.organisator.ch\\\/it\\\/generale\\\/2021-07-28\\\/elektrounternehmen-jaisli-xamax-expandiert-in-die-innerschweiz\\\/#primaryimage\"},\"image\":{\"@id\":\"https:\\\/\\\/www.organisator.ch\\\/it\\\/generale\\\/2021-07-28\\\/elektrounternehmen-jaisli-xamax-expandiert-in-die-innerschweiz\\\/#primaryimage\"},\"thumbnailUrl\":\"https:\\\/\\\/www.organisator.ch\\\/wp-content\\\/uploads\\\/2021\\\/07\\\/Elektrounternehmen-Jaisli-Xamax-expandiert-in-die-Innerschweiz_Organisator.jpg\",\"datePublished\":\"2021-07-28T07:22:33+00:00\",\"description\":\"Seit \u00fcber 50 Jahren steht das Elektrounternehmen Jaisli-Xamax seinen Kunden proaktiv zur Seite und expandiert nun in die Innerschweiz.\",\"breadcrumb\":{\"@id\":\"https:\\\/\\\/www.organisator.ch\\\/it\\\/generale\\\/2021-07-28\\\/elektrounternehmen-jaisli-xamax-expandiert-in-die-innerschweiz\\\/#breadcrumb\"},\"inLanguage\":\"it-IT\",\"potentialAction\":[{\"@type\":\"ReadAction\",\"target\":[\"https:\\\/\\\/www.organisator.ch\\\/it\\\/generale\\\/2021-07-28\\\/elektrounternehmen-jaisli-xamax-expandiert-in-die-innerschweiz\\\/\"]}]},{\"@type\":\"ImageObject\",\"inLanguage\":\"it-IT\",\"@id\":\"https:\\\/\\\/www.organisator.ch\\\/it\\\/generale\\\/2021-07-28\\\/elektrounternehmen-jaisli-xamax-expandiert-in-die-innerschweiz\\\/#primaryimage\",\"url\":\"https:\\\/\\\/www.organisator.ch\\\/wp-content\\\/uploads\\\/2021\\\/07\\\/Elektrounternehmen-Jaisli-Xamax-expandiert-in-die-Innerschweiz_Organisator.jpg\",\"contentUrl\":\"https:\\\/\\\/www.organisator.ch\\\/wp-content\\\/uploads\\\/2021\\\/07\\\/Elektrounternehmen-Jaisli-Xamax-expandiert-in-die-Innerschweiz_Organisator.jpg\",\"width\":680,\"height\":453,\"caption\":\"Plakatkampagne vor dem B\u00fcro-Standort an der Baarerstrasse 139 in Zug (Aushang: M\u00e4rz, April, Mai und August 2021) v.l.n.r.: Ardian Bunjaku (Sachbearbeiter Installation), Tanja Libro (Sachbearbeiterin Empfang), Jvo Achermann (Projektleiter Installation), Michel Meier (Projektleiter Installation, Stv. Zweigniederlassungsleiter)\"},{\"@type\":\"BreadcrumbList\",\"@id\":\"https:\\\/\\\/www.organisator.ch\\\/it\\\/generale\\\/2021-07-28\\\/elektrounternehmen-jaisli-xamax-expandiert-in-die-innerschweiz\\\/#breadcrumb\",\"itemListElement\":[{\"@type\":\"ListItem\",\"position\":1,\"name\":\"Home\",\"item\":\"https:\\\/\\\/www.organisator.ch\\\/\"},{\"@type\":\"ListItem\",\"position\":2,\"name\":\"Elektrounternehmen Jaisli-Xamax expandiert in die Innerschweiz\"}]},{\"@type\":\"WebSite\",\"@id\":\"https:\\\/\\\/www.organisator.ch\\\/#website\",\"url\":\"https:\\\/\\\/www.organisator.ch\\\/\",\"name\":\"Organisator\",\"description\":\"Kompetent. Praxisnah. Der ORGANISATOR bereitet in 10 Ausgaben pro Jahr die wesentlichen Themen f\u00fcr F\u00fchrungskr\u00e4fte von KMU auf.\",\"publisher\":{\"@id\":\"https:\\\/\\\/www.organisator.ch\\\/#organization\"},\"potentialAction\":[{\"@type\":\"SearchAction\",\"target\":{\"@type\":\"EntryPoint\",\"urlTemplate\":\"https:\\\/\\\/www.organisator.ch\\\/?s={search_term_string}\"},\"query-input\":{\"@type\":\"PropertyValueSpecification\",\"valueRequired\":true,\"valueName\":\"search_term_string\"}}],\"inLanguage\":\"it-IT\"},{\"@type\":\"Organization\",\"@id\":\"https:\\\/\\\/www.organisator.ch\\\/#organization\",\"name\":\"Organisator\",\"url\":\"https:\\\/\\\/www.organisator.ch\\\/\",\"logo\":{\"@type\":\"ImageObject\",\"inLanguage\":\"it-IT\",\"@id\":\"https:\\\/\\\/www.organisator.ch\\\/#\\\/schema\\\/logo\\\/image\\\/\",\"url\":\"https:\\\/\\\/www.organisator.ch\\\/wp-content\\\/uploads\\\/2022\\\/01\\\/Logo_Organisator_Website.png\",\"contentUrl\":\"https:\\\/\\\/www.organisator.ch\\\/wp-content\\\/uploads\\\/2022\\\/01\\\/Logo_Organisator_Website.png\",\"width\":800,\"height\":77,\"caption\":\"Organisator\"},\"image\":{\"@id\":\"https:\\\/\\\/www.organisator.ch\\\/#\\\/schema\\\/logo\\\/image\\\/\"},\"sameAs\":[\"https:\\\/\\\/www.facebook.com\\\/OrganisatorFachmagazin\",\"https:\\\/\\\/www.linkedin.com\\\/showcase\\\/organisator-das-magazin-fr-kmu\",\"https:\\\/\\\/www.xing.com\\\/news\\\/pages\\\/organisator-ch-695\",\"https:\\\/\\\/www.youtube.com\\\/channel\\\/UCGP2Sq0iWaZwT3BdIAQFYpw\"]},{\"@type\":\"Person\",\"@id\":\"https:\\\/\\\/www.organisator.ch\\\/#\\\/schema\\\/person\\\/6f650f90b2842cd4c0cc334b4e36f67e\",\"name\":\"thomas.berner\",\"image\":{\"@type\":\"ImageObject\",\"inLanguage\":\"it-IT\",\"@id\":\"https:\\\/\\\/secure.gravatar.com\\\/avatar\\\/ac5001d2a36cb6c6cd3e50789007ffca834b477b74a2144564522e944eabff61?s=96&d=mm&r=g\",\"url\":\"https:\\\/\\\/secure.gravatar.com\\\/avatar\\\/ac5001d2a36cb6c6cd3e50789007ffca834b477b74a2144564522e944eabff61?s=96&d=mm&r=g\",\"contentUrl\":\"https:\\\/\\\/secure.gravatar.com\\\/avatar\\\/ac5001d2a36cb6c6cd3e50789007ffca834b477b74a2144564522e944eabff61?s=96&d=mm&r=g\",\"caption\":\"thomas.berner\"},\"url\":\"https:\\\/\\\/www.organisator.ch\\\/it\\\/author\\\/thomas-berner\\\/\"}]}<\/script>\n<!-- \/ Yoast SEO plugin. -->","yoast_head_json":{"title":"L'azienda elettrica Jaisli-Xamax si espande nella Svizzera centrale - Organizzatore","description":"Da oltre 50 anni, l'azienda elettrica Jaisli-Xamax assiste i propri clienti in modo proattivo e ora si sta espandendo nella Svizzera centrale.","robots":{"index":"index","follow":"follow","max-snippet":"max-snippet:-1","max-image-preview":"max-image-preview:large","max-video-preview":"max-video-preview:-1"},"canonical":"https:\/\/www.organisator.ch\/it\/generale\/2021-07-28\/elektrounternehmen-jaisli-xamax-expandiert-in-die-innerschweiz\/","og_locale":"it_IT","og_type":"article","og_title":"Elektrounternehmen Jaisli-Xamax expandiert in die Innerschweiz","og_description":"Seit \u00fcber 50 Jahren steht das Elektrounternehmen Jaisli-Xamax seinen Kunden proaktiv zur Seite und expandiert nun in die Innerschweiz.","og_url":"https:\/\/www.organisator.ch\/it\/generale\/2021-07-28\/elektrounternehmen-jaisli-xamax-expandiert-in-die-innerschweiz\/","og_site_name":"Organisator","article_publisher":"https:\/\/www.facebook.com\/OrganisatorFachmagazin","article_published_time":"2021-07-28T07:22:33+00:00","og_image":[{"width":680,"height":453,"url":"https:\/\/www.organisator.ch\/wp-content\/uploads\/2021\/07\/Elektrounternehmen-Jaisli-Xamax-expandiert-in-die-Innerschweiz_Organisator.jpg","type":"image\/jpeg"}],"author":"thomas.berner","twitter_card":"summary_large_image","twitter_title":"#Elektrounternehmen #Jaisli-Xamax expandiert in die #Innerschweiz","twitter_description":"Seit \u00fcber 50 Jahren steht das #Elektrounternehmen #Jaisli-Xamax seinen Kunden proaktiv zur Seite und expandiert nun in die #Innerschweiz.","twitter_image":"https:\/\/www.organisator.ch\/wp-content\/uploads\/2021\/07\/Elektrounternehmen-Jaisli-Xamax-expandiert-in-die-Innerschweiz_Organisator.jpg","schema":{"@context":"https:\/\/schema.org","@graph":[{"@type":"Article","@id":"https:\/\/www.organisator.ch\/it\/generale\/2021-07-28\/elektrounternehmen-jaisli-xamax-expandiert-in-die-innerschweiz\/#article","isPartOf":{"@id":"https:\/\/www.organisator.ch\/it\/generale\/2021-07-28\/elektrounternehmen-jaisli-xamax-expandiert-in-die-innerschweiz\/"},"author":{"name":"thomas.berner","@id":"https:\/\/www.organisator.ch\/#\/schema\/person\/6f650f90b2842cd4c0cc334b4e36f67e"},"headline":"Elektrounternehmen Jaisli-Xamax expandiert in die Innerschweiz","datePublished":"2021-07-28T07:22:33+00:00","mainEntityOfPage":{"@id":"https:\/\/www.organisator.ch\/it\/generale\/2021-07-28\/elektrounternehmen-jaisli-xamax-expandiert-in-die-innerschweiz\/"},"wordCount":357,"publisher":{"@id":"https:\/\/www.organisator.ch\/#organization"},"image":{"@id":"https:\/\/www.organisator.ch\/it\/generale\/2021-07-28\/elektrounternehmen-jaisli-xamax-expandiert-in-die-innerschweiz\/#primaryimage"},"thumbnailUrl":"https:\/\/www.organisator.ch\/wp-content\/uploads\/2021\/07\/Elektrounternehmen-Jaisli-Xamax-expandiert-in-die-Innerschweiz_Organisator.jpg","keywords":["Elektrounternehmen","Management und Unternehmensf\u00fchrung","Unternehmen"],"articleSection":["Allgemein"],"inLanguage":"it-IT"},{"@type":"WebPage","@id":"https:\/\/www.organisator.ch\/it\/generale\/2021-07-28\/elektrounternehmen-jaisli-xamax-expandiert-in-die-innerschweiz\/","url":"https:\/\/www.organisator.ch\/it\/generale\/2021-07-28\/elektrounternehmen-jaisli-xamax-expandiert-in-die-innerschweiz\/","name":"L'azienda elettrica Jaisli-Xamax si espande nella Svizzera centrale - Organizzatore","isPartOf":{"@id":"https:\/\/www.organisator.ch\/#website"},"primaryImageOfPage":{"@id":"https:\/\/www.organisator.ch\/it\/generale\/2021-07-28\/elektrounternehmen-jaisli-xamax-expandiert-in-die-innerschweiz\/#primaryimage"},"image":{"@id":"https:\/\/www.organisator.ch\/it\/generale\/2021-07-28\/elektrounternehmen-jaisli-xamax-expandiert-in-die-innerschweiz\/#primaryimage"},"thumbnailUrl":"https:\/\/www.organisator.ch\/wp-content\/uploads\/2021\/07\/Elektrounternehmen-Jaisli-Xamax-expandiert-in-die-Innerschweiz_Organisator.jpg","datePublished":"2021-07-28T07:22:33+00:00","description":"Da oltre 50 anni, l'azienda elettrica Jaisli-Xamax assiste i propri clienti in modo proattivo e ora si sta espandendo nella Svizzera centrale.","breadcrumb":{"@id":"https:\/\/www.organisator.ch\/it\/generale\/2021-07-28\/elektrounternehmen-jaisli-xamax-expandiert-in-die-innerschweiz\/#breadcrumb"},"inLanguage":"it-IT","potentialAction":[{"@type":"ReadAction","target":["https:\/\/www.organisator.ch\/it\/generale\/2021-07-28\/elektrounternehmen-jaisli-xamax-expandiert-in-die-innerschweiz\/"]}]},{"@type":"ImageObject","inLanguage":"it-IT","@id":"https:\/\/www.organisator.ch\/it\/generale\/2021-07-28\/elektrounternehmen-jaisli-xamax-expandiert-in-die-innerschweiz\/#primaryimage","url":"https:\/\/www.organisator.ch\/wp-content\/uploads\/2021\/07\/Elektrounternehmen-Jaisli-Xamax-expandiert-in-die-Innerschweiz_Organisator.jpg","contentUrl":"https:\/\/www.organisator.ch\/wp-content\/uploads\/2021\/07\/Elektrounternehmen-Jaisli-Xamax-expandiert-in-die-Innerschweiz_Organisator.jpg","width":680,"height":453,"caption":"Plakatkampagne vor dem B\u00fcro-Standort an der Baarerstrasse 139 in Zug (Aushang: M\u00e4rz, April, Mai und August 2021) v.l.n.r.: Ardian Bunjaku (Sachbearbeiter Installation), Tanja Libro (Sachbearbeiterin Empfang), Jvo Achermann (Projektleiter Installation), Michel Meier (Projektleiter Installation, Stv. Zweigniederlassungsleiter)"},{"@type":"BreadcrumbList","@id":"https:\/\/www.organisator.ch\/it\/generale\/2021-07-28\/elektrounternehmen-jaisli-xamax-expandiert-in-die-innerschweiz\/#breadcrumb","itemListElement":[{"@type":"ListItem","position":1,"name":"Home","item":"https:\/\/www.organisator.ch\/"},{"@type":"ListItem","position":2,"name":"Elektrounternehmen Jaisli-Xamax expandiert in die Innerschweiz"}]},{"@type":"WebSite","@id":"https:\/\/www.organisator.ch\/#website","url":"https:\/\/www.organisator.ch\/","name":"Organizzatore","description":"Competente. Pratico. In 10 numeri all'anno, ORGANISATOR presenta i temi essenziali per i manager delle PMI.","publisher":{"@id":"https:\/\/www.organisator.ch\/#organization"},"potentialAction":[{"@type":"SearchAction","target":{"@type":"EntryPoint","urlTemplate":"https:\/\/www.organisator.ch\/?s={search_term_string}"},"query-input":{"@type":"PropertyValueSpecification","valueRequired":true,"valueName":"search_term_string"}}],"inLanguage":"it-IT"},{"@type":"Organization","@id":"https:\/\/www.organisator.ch\/#organization","name":"Organizzatore","url":"https:\/\/www.organisator.ch\/","logo":{"@type":"ImageObject","inLanguage":"it-IT","@id":"https:\/\/www.organisator.ch\/#\/schema\/logo\/image\/","url":"https:\/\/www.organisator.ch\/wp-content\/uploads\/2022\/01\/Logo_Organisator_Website.png","contentUrl":"https:\/\/www.organisator.ch\/wp-content\/uploads\/2022\/01\/Logo_Organisator_Website.png","width":800,"height":77,"caption":"Organisator"},"image":{"@id":"https:\/\/www.organisator.ch\/#\/schema\/logo\/image\/"},"sameAs":["https:\/\/www.facebook.com\/OrganisatorFachmagazin","https:\/\/www.linkedin.com\/showcase\/organisator-das-magazin-fr-kmu","https:\/\/www.xing.com\/news\/pages\/organisator-ch-695","https:\/\/www.youtube.com\/channel\/UCGP2Sq0iWaZwT3BdIAQFYpw"]},{"@type":"Person","@id":"https:\/\/www.organisator.ch\/#\/schema\/person\/6f650f90b2842cd4c0cc334b4e36f67e","name":"Tommaso.berner","image":{"@type":"ImageObject","inLanguage":"it-IT","@id":"https:\/\/secure.gravatar.com\/avatar\/ac5001d2a36cb6c6cd3e50789007ffca834b477b74a2144564522e944eabff61?s=96&d=mm&r=g","url":"https:\/\/secure.gravatar.com\/avatar\/ac5001d2a36cb6c6cd3e50789007ffca834b477b74a2144564522e944eabff61?s=96&d=mm&r=g","contentUrl":"https:\/\/secure.gravatar.com\/avatar\/ac5001d2a36cb6c6cd3e50789007ffca834b477b74a2144564522e944eabff61?s=96&d=mm&r=g","caption":"thomas.berner"},"url":"https:\/\/www.organisator.ch\/it\/author\/thomas-berner\/"}]}},"_links":{"self":[{"href":"https:\/\/www.organisator.ch\/it\/wp-json\/wp\/v2\/posts\/8320","targetHints":{"allow":["GET"]}}],"collection":[{"href":"https:\/\/www.organisator.ch\/it\/wp-json\/wp\/v2\/posts"}],"about":[{"href":"https:\/\/www.organisator.ch\/it\/wp-json\/wp\/v2\/types\/post"}],"author":[{"embeddable":true,"href":"https:\/\/www.organisator.ch\/it\/wp-json\/wp\/v2\/users\/4"}],"replies":[{"embeddable":true,"href":"https:\/\/www.organisator.ch\/it\/wp-json\/wp\/v2\/comments?post=8320"}],"version-history":[{"count":0,"href":"https:\/\/www.organisator.ch\/it\/wp-json\/wp\/v2\/posts\/8320\/revisions"}],"wp:featuredmedia":[{"embeddable":true,"href":"https:\/\/www.organisator.ch\/it\/wp-json\/wp\/v2\/media\/8321"}],"wp:attachment":[{"href":"https:\/\/www.organisator.ch\/it\/wp-json\/wp\/v2\/media?parent=8320"}],"wp:term":[{"taxonomy":"category","embeddable":true,"href":"https:\/\/www.organisator.ch\/it\/wp-json\/wp\/v2\/categories?post=8320"},{"taxonomy":"post_tag","embeddable":true,"href":"https:\/\/www.organisator.ch\/it\/wp-json\/wp\/v2\/tags?post=8320"}],"curies":[{"name":"wp","href":"https:\/\/api.w.org\/{rel}","templated":true}]}}