{"id":8351,"date":"2021-08-05T14:03:15","date_gmt":"2021-08-05T12:03:15","guid":{"rendered":"https:\/\/www.organisator.ch\/?p=8351"},"modified":"2021-08-05T14:03:15","modified_gmt":"2021-08-05T12:03:15","slug":"buchtipp-arbeitswelt-4-0-das-kmu-der-zukunft","status":"publish","type":"post","link":"https:\/\/www.organisator.ch\/it\/management\/2021-08-05\/buchtipp-arbeitswelt-4-0-das-kmu-der-zukunft\/","title":{"rendered":"Consiglio del libro: Working World 4.0: The SME of the Future"},"content":{"rendered":"<p><a href=\"https:\/\/www.organisator.ch\/wp-content\/uploads\/2021\/08\/Buchtipp-Arbeitswelt-4-0-Das-KMU-der-Zukunft_Organisator.jpg\"><img loading=\"lazy\" decoding=\"async\" class=\"alignnone size-medium wp-image-8352\" src=\"https:\/\/www.organisator.ch\/wp-content\/uploads\/2021\/08\/Buchtipp-Arbeitswelt-4-0-Das-KMU-der-Zukunft_Organisator.jpg\" alt=\"\" width=\"680\" height=\"878\" srcset=\"https:\/\/www.organisator.ch\/wp-content\/uploads\/2021\/08\/Buchtipp-Arbeitswelt-4-0-Das-KMU-der-Zukunft_Organisator.jpg 680w, https:\/\/www.organisator.ch\/wp-content\/uploads\/2021\/08\/Buchtipp-Arbeitswelt-4-0-Das-KMU-der-Zukunft_Organisator-9x12.jpg 9w, https:\/\/www.organisator.ch\/wp-content\/uploads\/2021\/08\/Buchtipp-Arbeitswelt-4-0-Das-KMU-der-Zukunft_Organisator-136x175.jpg 136w, https:\/\/www.organisator.ch\/wp-content\/uploads\/2021\/08\/Buchtipp-Arbeitswelt-4-0-Das-KMU-der-Zukunft_Organisator-271x350.jpg 271w, https:\/\/www.organisator.ch\/wp-content\/uploads\/2021\/08\/Buchtipp-Arbeitswelt-4-0-Das-KMU-der-Zukunft_Organisator-620x800.jpg 620w, https:\/\/www.organisator.ch\/wp-content\/uploads\/2021\/08\/Buchtipp-Arbeitswelt-4-0-Das-KMU-der-Zukunft_Organisator-300x387.jpg 300w\" sizes=\"auto, (max-width: 680px) 100vw, 680px\" \/><\/a><\/p>\n<p>Che aspetto ha la PMI del futuro? Come possono cambiare le aziende affinch\u00e9 il mondo del lavoro 4.0 diventi una realt\u00e0? Nell'era digitale, sono necessarie nuove strategie e strumenti. La guida \"Arbeitswelt 4.0: Das KMU der Zukunft\" (Mondo del lavoro 4.0: La PMI del futuro), pubblicata nell'edizione Beobachter, usa numerosi esempi pratici per mostrare come vengono sviluppati e implementati nuovi modelli di business innovativi. I nuovi metodi di lavoro come il design thinking e la gestione agile dei progetti sono spiegati chiaramente in questo libro.<\/p>\n<h2>Consigli pratici per la PMI del futuro<\/h2>\n<p>La trasformazione \u00e8 soprattutto un processo culturale. Il modo in cui si lavora e come le persone vogliono lavorare sta cambiando. Per questo la guida si concentra anche sulla progettazione dell'ambiente di lavoro, la leadership e la collaborazione, cos\u00ec come il reclutamento, e illustra il valore di una forte cultura aziendale in tempi di collaborazione sociale e di lavoro misto e remoto.<\/p>\n<p>Il libro \u00e8 inteso come una guida per un ampio pubblico di lettori: sia come imprenditore, libero professionista, datore di lavoro, lavoratore autonomo o manager - il lavoro orientato alla pratica introduce i lettori al mondo del lavoro 4.0 come un'interazione di persone, tecnologie e ambienti di lavoro. Il contenuto si concentra su:<\/p>\n<ul>\n<li>Cos'\u00e8 la trasformazione digitale e cosa devo considerare per la mia azienda? Con istruzioni passo dopo passo per il passaggio al mondo del lavoro 4.0<\/li>\n<li>Il futuro del reclutamento e della gestione delle risorse umane: quali competenze sono importanti? Come faccio a reclutare? Social media, reclutamento mobile? E una volta che avete trovato i vostri dipendenti: Come dirigere nel mondo del lavoro 4.0?<\/li>\n<li>Dove e quando lavoriamo io e i miei dipendenti? Tutto sul posto di lavoro flessibile, l'home office e le moderne modalit\u00e0 di orario di lavoro<\/li>\n<li>Collaborazione virtuale: Molti strumenti utili per riunioni digitali, comunicazione supportata dall'IT, collaborazione sociale e risposte a domande sulla protezione dei dati e la sicurezza IT.<\/li>\n<li>Quadro legale che include clausole modello per i contratti di lavoro con i vostri lavoratori a domicilio<\/li>\n<\/ul>\n<h2>Gli autori<\/h2>\n<p>Nicole Kr\u00e4ttli \u00e8 una giornalista multimediale e autrice di libri. Come parte del suo lavoro giornalistico, si occupa regolarmente della digitalizzazione del mondo del lavoro e delle conseguenze economiche, sociali e legali che derivano da questi cambiamenti. Marc K. Peter \u00e8 professore alla FHNW School of Business e ha supportato molte aziende nelle loro strategie e progetti digitali. I suoi argomenti includono la trasformazione digitale, la sicurezza informatica e il mondo del lavoro 4.0. \u00c8 anche co-autore del libro \"<a href=\"https:\/\/www.organisator.ch\/it-sicherheit-fuer-kmu-neues-buch-gibt-praktische-tipps\/\">Sicurezza informatica per le PMI<\/a>\" dello stesso editore.<\/p>\n<p><strong><em>Mondo del lavoro 4.0<\/em><\/strong><br \/>\n<em>Nicole Kr\u00e4ttli, Marc K. Peter<\/em><br \/>\n<em>232 pagine, copertina morbida,<\/em><br \/>\n<em>CHF 48.- , 1a edizione, Agosto 2021<\/em><br \/>\n<em>ISBN 978-3-03875-379-7<br \/>\n<a href=\"https:\/\/shop.beobachter.ch\/buchshop\/arbeit\/arbeitswelt\">Edizione dell'osservatore<\/a><\/em><\/p>","protected":false},"excerpt":{"rendered":"<p>Wie sieht das KMU der Zukunft aus? Wie k\u00f6nnen Unternehmen sich ver\u00e4ndern, damit die Arbeitswelt 4.0 Realit\u00e4t wird? Im digitalen Zeitalter braucht es neue Strategien und Werkzeuge. Der in der Beobachter-Edition erschienene Ratgeber \u00abArbeitswelt 4.0: Das KMU der Zukunft\u00bb zeigt anhand zahlreicher Praxisbeispiele auf, wie neue, innovative Gesch\u00e4ftsmodelle entwickelt und implementiert werden. Neuere Arbeitsmethoden wie [&hellip;]<\/p>\n","protected":false},"author":4,"featured_media":8352,"comment_status":"closed","ping_status":"closed","sticky":false,"template":"","format":"standard","meta":{"_acf_changed":false,"_yoast_wpseo_focuskw":"KMU der Zukunft","_yoast_wpseo_metadesc":"Wie gehen KMU aktiv weitere Ver\u00e4nderungen an? Worauf m\u00fcssen sie sich vorbereiten? Das Buch \"Arbeitswelt 4.0: Das KMU der Zukunft\" liefert Praxistipps.","articlekey":"","footnotes":""},"categories":[28],"tags":[92,95,335,363],"class_list":["post-8351","post","type-post","status-publish","format-standard","has-post-thumbnail","hentry","category-management","tag-buch","tag-buchtipps","tag-management-und-unternehmensfuehrung","tag-new-work"],"acf":[],"yoast_head":"<!-- This site is optimized with the Yoast SEO plugin v27.4 - https:\/\/yoast.com\/product\/yoast-seo-wordpress\/ -->\n<title>Buchtipp: Arbeitswelt 4.0: Das KMU der Zukunft - Organisator<\/title>\n<meta name=\"description\" content=\"Wie gehen KMU aktiv weitere Ver\u00e4nderungen an? Worauf m\u00fcssen sie sich vorbereiten? Das Buch &quot;Arbeitswelt 4.0: Das KMU der Zukunft&quot; liefert Praxistipps.\" \/>\n<meta name=\"robots\" content=\"index, follow, max-snippet:-1, max-image-preview:large, max-video-preview:-1\" \/>\n<link rel=\"canonical\" href=\"https:\/\/www.organisator.ch\/it\/gestione-2\/2021-08-05\/buchtipp-arbeitswelt-4-0-das-kmu-der-zukunft\/\" \/>\n<meta property=\"og:locale\" content=\"it_IT\" \/>\n<meta property=\"og:type\" content=\"article\" \/>\n<meta property=\"og:title\" content=\"Buchtipp: Arbeitswelt 4.0: Das KMU der Zukunft\" \/>\n<meta property=\"og:description\" content=\"Wie gehen KMU aktiv weitere Ver\u00e4nderungen an? Worauf m\u00fcssen sie sich vorbereiten? Das Buch &quot;Arbeitswelt 4.0: Das KMU der Zukunft&quot; liefert Praxistipps.\" \/>\n<meta property=\"og:url\" content=\"https:\/\/www.organisator.ch\/it\/gestione-2\/2021-08-05\/buchtipp-arbeitswelt-4-0-das-kmu-der-zukunft\/\" \/>\n<meta property=\"og:site_name\" content=\"Organisator\" \/>\n<meta property=\"article:publisher\" content=\"https:\/\/www.facebook.com\/OrganisatorFachmagazin\" \/>\n<meta property=\"article:published_time\" content=\"2021-08-05T12:03:15+00:00\" \/>\n<meta property=\"og:image\" content=\"https:\/\/www.organisator.ch\/wp-content\/uploads\/2021\/08\/Buchtipp-Arbeitswelt-4-0-Das-KMU-der-Zukunft_Organisator.jpg\" \/>\n\t<meta property=\"og:image:width\" content=\"680\" \/>\n\t<meta property=\"og:image:height\" content=\"878\" \/>\n\t<meta property=\"og:image:type\" content=\"image\/jpeg\" \/>\n<meta name=\"author\" content=\"thomas.berner\" \/>\n<meta name=\"twitter:card\" content=\"summary_large_image\" \/>\n<meta name=\"twitter:title\" content=\"#Buchtipp: #Arbeitswelt 4.0: Das #KMU der Zukunft\" \/>\n<meta name=\"twitter:description\" content=\"Wie gehen #KMU aktiv weitere Ver\u00e4nderungen an? Worauf m\u00fcssen sie sich vorbereiten? Das Buch &quot;#Arbeitswelt 4.0: Das KMU der Zukunft&quot; liefert #Praxistipps.\" \/>\n<meta name=\"twitter:image\" content=\"https:\/\/www.organisator.ch\/wp-content\/uploads\/2021\/08\/Buchtipp-Arbeitswelt-4-0-Das-KMU-der-Zukunft_Organisator.jpg\" \/>\n<script type=\"application\/ld+json\" class=\"yoast-schema-graph\">{\"@context\":\"https:\\\/\\\/schema.org\",\"@graph\":[{\"@type\":\"Article\",\"@id\":\"https:\\\/\\\/www.organisator.ch\\\/management\\\/2021-08-05\\\/buchtipp-arbeitswelt-4-0-das-kmu-der-zukunft\\\/#article\",\"isPartOf\":{\"@id\":\"https:\\\/\\\/www.organisator.ch\\\/management\\\/2021-08-05\\\/buchtipp-arbeitswelt-4-0-das-kmu-der-zukunft\\\/\"},\"author\":{\"name\":\"thomas.berner\",\"@id\":\"https:\\\/\\\/www.organisator.ch\\\/#\\\/schema\\\/person\\\/6f650f90b2842cd4c0cc334b4e36f67e\"},\"headline\":\"Buchtipp: Arbeitswelt 4.0: Das KMU der Zukunft\",\"datePublished\":\"2021-08-05T12:03:15+00:00\",\"mainEntityOfPage\":{\"@id\":\"https:\\\/\\\/www.organisator.ch\\\/management\\\/2021-08-05\\\/buchtipp-arbeitswelt-4-0-das-kmu-der-zukunft\\\/\"},\"wordCount\":410,\"publisher\":{\"@id\":\"https:\\\/\\\/www.organisator.ch\\\/#organization\"},\"image\":{\"@id\":\"https:\\\/\\\/www.organisator.ch\\\/management\\\/2021-08-05\\\/buchtipp-arbeitswelt-4-0-das-kmu-der-zukunft\\\/#primaryimage\"},\"thumbnailUrl\":\"https:\\\/\\\/www.organisator.ch\\\/wp-content\\\/uploads\\\/2021\\\/08\\\/Buchtipp-Arbeitswelt-4-0-Das-KMU-der-Zukunft_Organisator.jpg\",\"keywords\":[\"Buch\",\"Buchtipps\",\"Management und Unternehmensf\u00fchrung\",\"New Work\"],\"articleSection\":[\"MANAGEMENT\"],\"inLanguage\":\"it-IT\"},{\"@type\":\"WebPage\",\"@id\":\"https:\\\/\\\/www.organisator.ch\\\/management\\\/2021-08-05\\\/buchtipp-arbeitswelt-4-0-das-kmu-der-zukunft\\\/\",\"url\":\"https:\\\/\\\/www.organisator.ch\\\/management\\\/2021-08-05\\\/buchtipp-arbeitswelt-4-0-das-kmu-der-zukunft\\\/\",\"name\":\"Buchtipp: Arbeitswelt 4.0: Das KMU der Zukunft - Organisator\",\"isPartOf\":{\"@id\":\"https:\\\/\\\/www.organisator.ch\\\/#website\"},\"primaryImageOfPage\":{\"@id\":\"https:\\\/\\\/www.organisator.ch\\\/management\\\/2021-08-05\\\/buchtipp-arbeitswelt-4-0-das-kmu-der-zukunft\\\/#primaryimage\"},\"image\":{\"@id\":\"https:\\\/\\\/www.organisator.ch\\\/management\\\/2021-08-05\\\/buchtipp-arbeitswelt-4-0-das-kmu-der-zukunft\\\/#primaryimage\"},\"thumbnailUrl\":\"https:\\\/\\\/www.organisator.ch\\\/wp-content\\\/uploads\\\/2021\\\/08\\\/Buchtipp-Arbeitswelt-4-0-Das-KMU-der-Zukunft_Organisator.jpg\",\"datePublished\":\"2021-08-05T12:03:15+00:00\",\"description\":\"Wie gehen KMU aktiv weitere Ver\u00e4nderungen an? Worauf m\u00fcssen sie sich vorbereiten? Das Buch \\\"Arbeitswelt 4.0: Das KMU der Zukunft\\\" liefert Praxistipps.\",\"breadcrumb\":{\"@id\":\"https:\\\/\\\/www.organisator.ch\\\/management\\\/2021-08-05\\\/buchtipp-arbeitswelt-4-0-das-kmu-der-zukunft\\\/#breadcrumb\"},\"inLanguage\":\"it-IT\",\"potentialAction\":[{\"@type\":\"ReadAction\",\"target\":[\"https:\\\/\\\/www.organisator.ch\\\/management\\\/2021-08-05\\\/buchtipp-arbeitswelt-4-0-das-kmu-der-zukunft\\\/\"]}]},{\"@type\":\"ImageObject\",\"inLanguage\":\"it-IT\",\"@id\":\"https:\\\/\\\/www.organisator.ch\\\/management\\\/2021-08-05\\\/buchtipp-arbeitswelt-4-0-das-kmu-der-zukunft\\\/#primaryimage\",\"url\":\"https:\\\/\\\/www.organisator.ch\\\/wp-content\\\/uploads\\\/2021\\\/08\\\/Buchtipp-Arbeitswelt-4-0-Das-KMU-der-Zukunft_Organisator.jpg\",\"contentUrl\":\"https:\\\/\\\/www.organisator.ch\\\/wp-content\\\/uploads\\\/2021\\\/08\\\/Buchtipp-Arbeitswelt-4-0-Das-KMU-der-Zukunft_Organisator.jpg\",\"width\":680,\"height\":878},{\"@type\":\"BreadcrumbList\",\"@id\":\"https:\\\/\\\/www.organisator.ch\\\/management\\\/2021-08-05\\\/buchtipp-arbeitswelt-4-0-das-kmu-der-zukunft\\\/#breadcrumb\",\"itemListElement\":[{\"@type\":\"ListItem\",\"position\":1,\"name\":\"Home\",\"item\":\"https:\\\/\\\/www.organisator.ch\\\/\"},{\"@type\":\"ListItem\",\"position\":2,\"name\":\"Buchtipp: Arbeitswelt 4.0: Das KMU der Zukunft\"}]},{\"@type\":\"WebSite\",\"@id\":\"https:\\\/\\\/www.organisator.ch\\\/#website\",\"url\":\"https:\\\/\\\/www.organisator.ch\\\/\",\"name\":\"Organisator\",\"description\":\"Kompetent. Praxisnah. Der ORGANISATOR bereitet in 10 Ausgaben pro Jahr die wesentlichen Themen f\u00fcr F\u00fchrungskr\u00e4fte von KMU auf.\",\"publisher\":{\"@id\":\"https:\\\/\\\/www.organisator.ch\\\/#organization\"},\"potentialAction\":[{\"@type\":\"SearchAction\",\"target\":{\"@type\":\"EntryPoint\",\"urlTemplate\":\"https:\\\/\\\/www.organisator.ch\\\/?s={search_term_string}\"},\"query-input\":{\"@type\":\"PropertyValueSpecification\",\"valueRequired\":true,\"valueName\":\"search_term_string\"}}],\"inLanguage\":\"it-IT\"},{\"@type\":\"Organization\",\"@id\":\"https:\\\/\\\/www.organisator.ch\\\/#organization\",\"name\":\"Organisator\",\"url\":\"https:\\\/\\\/www.organisator.ch\\\/\",\"logo\":{\"@type\":\"ImageObject\",\"inLanguage\":\"it-IT\",\"@id\":\"https:\\\/\\\/www.organisator.ch\\\/#\\\/schema\\\/logo\\\/image\\\/\",\"url\":\"https:\\\/\\\/www.organisator.ch\\\/wp-content\\\/uploads\\\/2022\\\/01\\\/Logo_Organisator_Website.png\",\"contentUrl\":\"https:\\\/\\\/www.organisator.ch\\\/wp-content\\\/uploads\\\/2022\\\/01\\\/Logo_Organisator_Website.png\",\"width\":800,\"height\":77,\"caption\":\"Organisator\"},\"image\":{\"@id\":\"https:\\\/\\\/www.organisator.ch\\\/#\\\/schema\\\/logo\\\/image\\\/\"},\"sameAs\":[\"https:\\\/\\\/www.facebook.com\\\/OrganisatorFachmagazin\",\"https:\\\/\\\/www.linkedin.com\\\/showcase\\\/organisator-das-magazin-fr-kmu\",\"https:\\\/\\\/www.xing.com\\\/news\\\/pages\\\/organisator-ch-695\",\"https:\\\/\\\/www.youtube.com\\\/channel\\\/UCGP2Sq0iWaZwT3BdIAQFYpw\"]},{\"@type\":\"Person\",\"@id\":\"https:\\\/\\\/www.organisator.ch\\\/#\\\/schema\\\/person\\\/6f650f90b2842cd4c0cc334b4e36f67e\",\"name\":\"thomas.berner\",\"image\":{\"@type\":\"ImageObject\",\"inLanguage\":\"it-IT\",\"@id\":\"https:\\\/\\\/secure.gravatar.com\\\/avatar\\\/ac5001d2a36cb6c6cd3e50789007ffca834b477b74a2144564522e944eabff61?s=96&d=mm&r=g\",\"url\":\"https:\\\/\\\/secure.gravatar.com\\\/avatar\\\/ac5001d2a36cb6c6cd3e50789007ffca834b477b74a2144564522e944eabff61?s=96&d=mm&r=g\",\"contentUrl\":\"https:\\\/\\\/secure.gravatar.com\\\/avatar\\\/ac5001d2a36cb6c6cd3e50789007ffca834b477b74a2144564522e944eabff61?s=96&d=mm&r=g\",\"caption\":\"thomas.berner\"},\"url\":\"https:\\\/\\\/www.organisator.ch\\\/it\\\/author\\\/thomas-berner\\\/\"}]}<\/script>\n<!-- \/ Yoast SEO plugin. -->","yoast_head_json":{"title":"Suggerimento per il libro: Mondo del lavoro 4.0: la PMI del futuro - Organizzatore","description":"In che modo le PMI affrontano attivamente gli ulteriori cambiamenti? A cosa devono prepararsi? Il libro \"Arbeitswelt 4.0: Das KMU der Zukunft\" fornisce suggerimenti pratici.","robots":{"index":"index","follow":"follow","max-snippet":"max-snippet:-1","max-image-preview":"max-image-preview:large","max-video-preview":"max-video-preview:-1"},"canonical":"https:\/\/www.organisator.ch\/it\/gestione-2\/2021-08-05\/buchtipp-arbeitswelt-4-0-das-kmu-der-zukunft\/","og_locale":"it_IT","og_type":"article","og_title":"Buchtipp: Arbeitswelt 4.0: Das KMU der Zukunft","og_description":"Wie gehen KMU aktiv weitere Ver\u00e4nderungen an? Worauf m\u00fcssen sie sich vorbereiten? Das Buch \"Arbeitswelt 4.0: Das KMU der Zukunft\" liefert Praxistipps.","og_url":"https:\/\/www.organisator.ch\/it\/gestione-2\/2021-08-05\/buchtipp-arbeitswelt-4-0-das-kmu-der-zukunft\/","og_site_name":"Organisator","article_publisher":"https:\/\/www.facebook.com\/OrganisatorFachmagazin","article_published_time":"2021-08-05T12:03:15+00:00","og_image":[{"width":680,"height":878,"url":"https:\/\/www.organisator.ch\/wp-content\/uploads\/2021\/08\/Buchtipp-Arbeitswelt-4-0-Das-KMU-der-Zukunft_Organisator.jpg","type":"image\/jpeg"}],"author":"thomas.berner","twitter_card":"summary_large_image","twitter_title":"#Buchtipp: #Arbeitswelt 4.0: Das #KMU der Zukunft","twitter_description":"Wie gehen #KMU aktiv weitere Ver\u00e4nderungen an? Worauf m\u00fcssen sie sich vorbereiten? Das Buch \"#Arbeitswelt 4.0: Das KMU der Zukunft\" liefert #Praxistipps.","twitter_image":"https:\/\/www.organisator.ch\/wp-content\/uploads\/2021\/08\/Buchtipp-Arbeitswelt-4-0-Das-KMU-der-Zukunft_Organisator.jpg","schema":{"@context":"https:\/\/schema.org","@graph":[{"@type":"Article","@id":"https:\/\/www.organisator.ch\/management\/2021-08-05\/buchtipp-arbeitswelt-4-0-das-kmu-der-zukunft\/#article","isPartOf":{"@id":"https:\/\/www.organisator.ch\/management\/2021-08-05\/buchtipp-arbeitswelt-4-0-das-kmu-der-zukunft\/"},"author":{"name":"thomas.berner","@id":"https:\/\/www.organisator.ch\/#\/schema\/person\/6f650f90b2842cd4c0cc334b4e36f67e"},"headline":"Buchtipp: Arbeitswelt 4.0: Das KMU der Zukunft","datePublished":"2021-08-05T12:03:15+00:00","mainEntityOfPage":{"@id":"https:\/\/www.organisator.ch\/management\/2021-08-05\/buchtipp-arbeitswelt-4-0-das-kmu-der-zukunft\/"},"wordCount":410,"publisher":{"@id":"https:\/\/www.organisator.ch\/#organization"},"image":{"@id":"https:\/\/www.organisator.ch\/management\/2021-08-05\/buchtipp-arbeitswelt-4-0-das-kmu-der-zukunft\/#primaryimage"},"thumbnailUrl":"https:\/\/www.organisator.ch\/wp-content\/uploads\/2021\/08\/Buchtipp-Arbeitswelt-4-0-Das-KMU-der-Zukunft_Organisator.jpg","keywords":["Buch","Buchtipps","Management und Unternehmensf\u00fchrung","New Work"],"articleSection":["MANAGEMENT"],"inLanguage":"it-IT"},{"@type":"WebPage","@id":"https:\/\/www.organisator.ch\/management\/2021-08-05\/buchtipp-arbeitswelt-4-0-das-kmu-der-zukunft\/","url":"https:\/\/www.organisator.ch\/management\/2021-08-05\/buchtipp-arbeitswelt-4-0-das-kmu-der-zukunft\/","name":"Suggerimento per il libro: Mondo del lavoro 4.0: la PMI del futuro - Organizzatore","isPartOf":{"@id":"https:\/\/www.organisator.ch\/#website"},"primaryImageOfPage":{"@id":"https:\/\/www.organisator.ch\/management\/2021-08-05\/buchtipp-arbeitswelt-4-0-das-kmu-der-zukunft\/#primaryimage"},"image":{"@id":"https:\/\/www.organisator.ch\/management\/2021-08-05\/buchtipp-arbeitswelt-4-0-das-kmu-der-zukunft\/#primaryimage"},"thumbnailUrl":"https:\/\/www.organisator.ch\/wp-content\/uploads\/2021\/08\/Buchtipp-Arbeitswelt-4-0-Das-KMU-der-Zukunft_Organisator.jpg","datePublished":"2021-08-05T12:03:15+00:00","description":"In che modo le PMI affrontano attivamente gli ulteriori cambiamenti? A cosa devono prepararsi? Il libro \"Arbeitswelt 4.0: Das KMU der Zukunft\" fornisce suggerimenti pratici.","breadcrumb":{"@id":"https:\/\/www.organisator.ch\/management\/2021-08-05\/buchtipp-arbeitswelt-4-0-das-kmu-der-zukunft\/#breadcrumb"},"inLanguage":"it-IT","potentialAction":[{"@type":"ReadAction","target":["https:\/\/www.organisator.ch\/management\/2021-08-05\/buchtipp-arbeitswelt-4-0-das-kmu-der-zukunft\/"]}]},{"@type":"ImageObject","inLanguage":"it-IT","@id":"https:\/\/www.organisator.ch\/management\/2021-08-05\/buchtipp-arbeitswelt-4-0-das-kmu-der-zukunft\/#primaryimage","url":"https:\/\/www.organisator.ch\/wp-content\/uploads\/2021\/08\/Buchtipp-Arbeitswelt-4-0-Das-KMU-der-Zukunft_Organisator.jpg","contentUrl":"https:\/\/www.organisator.ch\/wp-content\/uploads\/2021\/08\/Buchtipp-Arbeitswelt-4-0-Das-KMU-der-Zukunft_Organisator.jpg","width":680,"height":878},{"@type":"BreadcrumbList","@id":"https:\/\/www.organisator.ch\/management\/2021-08-05\/buchtipp-arbeitswelt-4-0-das-kmu-der-zukunft\/#breadcrumb","itemListElement":[{"@type":"ListItem","position":1,"name":"Home","item":"https:\/\/www.organisator.ch\/"},{"@type":"ListItem","position":2,"name":"Buchtipp: Arbeitswelt 4.0: Das KMU der Zukunft"}]},{"@type":"WebSite","@id":"https:\/\/www.organisator.ch\/#website","url":"https:\/\/www.organisator.ch\/","name":"Organizzatore","description":"Competente. Pratico. In 10 numeri all'anno, ORGANISATOR presenta i temi essenziali per i manager delle PMI.","publisher":{"@id":"https:\/\/www.organisator.ch\/#organization"},"potentialAction":[{"@type":"SearchAction","target":{"@type":"EntryPoint","urlTemplate":"https:\/\/www.organisator.ch\/?s={search_term_string}"},"query-input":{"@type":"PropertyValueSpecification","valueRequired":true,"valueName":"search_term_string"}}],"inLanguage":"it-IT"},{"@type":"Organization","@id":"https:\/\/www.organisator.ch\/#organization","name":"Organizzatore","url":"https:\/\/www.organisator.ch\/","logo":{"@type":"ImageObject","inLanguage":"it-IT","@id":"https:\/\/www.organisator.ch\/#\/schema\/logo\/image\/","url":"https:\/\/www.organisator.ch\/wp-content\/uploads\/2022\/01\/Logo_Organisator_Website.png","contentUrl":"https:\/\/www.organisator.ch\/wp-content\/uploads\/2022\/01\/Logo_Organisator_Website.png","width":800,"height":77,"caption":"Organisator"},"image":{"@id":"https:\/\/www.organisator.ch\/#\/schema\/logo\/image\/"},"sameAs":["https:\/\/www.facebook.com\/OrganisatorFachmagazin","https:\/\/www.linkedin.com\/showcase\/organisator-das-magazin-fr-kmu","https:\/\/www.xing.com\/news\/pages\/organisator-ch-695","https:\/\/www.youtube.com\/channel\/UCGP2Sq0iWaZwT3BdIAQFYpw"]},{"@type":"Person","@id":"https:\/\/www.organisator.ch\/#\/schema\/person\/6f650f90b2842cd4c0cc334b4e36f67e","name":"Tommaso.berner","image":{"@type":"ImageObject","inLanguage":"it-IT","@id":"https:\/\/secure.gravatar.com\/avatar\/ac5001d2a36cb6c6cd3e50789007ffca834b477b74a2144564522e944eabff61?s=96&d=mm&r=g","url":"https:\/\/secure.gravatar.com\/avatar\/ac5001d2a36cb6c6cd3e50789007ffca834b477b74a2144564522e944eabff61?s=96&d=mm&r=g","contentUrl":"https:\/\/secure.gravatar.com\/avatar\/ac5001d2a36cb6c6cd3e50789007ffca834b477b74a2144564522e944eabff61?s=96&d=mm&r=g","caption":"thomas.berner"},"url":"https:\/\/www.organisator.ch\/it\/author\/thomas-berner\/"}]}},"_links":{"self":[{"href":"https:\/\/www.organisator.ch\/it\/wp-json\/wp\/v2\/posts\/8351","targetHints":{"allow":["GET"]}}],"collection":[{"href":"https:\/\/www.organisator.ch\/it\/wp-json\/wp\/v2\/posts"}],"about":[{"href":"https:\/\/www.organisator.ch\/it\/wp-json\/wp\/v2\/types\/post"}],"author":[{"embeddable":true,"href":"https:\/\/www.organisator.ch\/it\/wp-json\/wp\/v2\/users\/4"}],"replies":[{"embeddable":true,"href":"https:\/\/www.organisator.ch\/it\/wp-json\/wp\/v2\/comments?post=8351"}],"version-history":[{"count":0,"href":"https:\/\/www.organisator.ch\/it\/wp-json\/wp\/v2\/posts\/8351\/revisions"}],"wp:featuredmedia":[{"embeddable":true,"href":"https:\/\/www.organisator.ch\/it\/wp-json\/wp\/v2\/media\/8352"}],"wp:attachment":[{"href":"https:\/\/www.organisator.ch\/it\/wp-json\/wp\/v2\/media?parent=8351"}],"wp:term":[{"taxonomy":"category","embeddable":true,"href":"https:\/\/www.organisator.ch\/it\/wp-json\/wp\/v2\/categories?post=8351"},{"taxonomy":"post_tag","embeddable":true,"href":"https:\/\/www.organisator.ch\/it\/wp-json\/wp\/v2\/tags?post=8351"}],"curies":[{"name":"wp","href":"https:\/\/api.w.org\/{rel}","templated":true}]}}