{"id":8361,"date":"2021-08-09T10:21:15","date_gmt":"2021-08-09T08:21:15","guid":{"rendered":"https:\/\/www.organisator.ch\/?p=8361"},"modified":"2021-08-09T10:21:15","modified_gmt":"2021-08-09T08:21:15","slug":"international-coworking-day-trend-beschleunigt-sich","status":"publish","type":"post","link":"https:\/\/www.organisator.ch\/it\/allgemein\/2021-08-09\/international-coworking-day-trend-beschleunigt-sich\/","title":{"rendered":"Giornata internazionale del coworking: tendenza in accelerazione"},"content":{"rendered":"<figure id=\"attachment_8362\" aria-describedby=\"caption-attachment-8362\" style=\"width: 680px\" class=\"wp-caption alignnone\"><a href=\"https:\/\/www.organisator.ch\/wp-content\/uploads\/2021\/08\/International-Coworking-Day-Trend-beschleunigt-sich_Organisator.jpg\"><img loading=\"lazy\" decoding=\"async\" class=\"size-medium wp-image-8362\" src=\"https:\/\/www.organisator.ch\/wp-content\/uploads\/2021\/08\/International-Coworking-Day-Trend-beschleunigt-sich_Organisator.jpg\" alt=\"\" width=\"680\" height=\"454\" srcset=\"https:\/\/www.organisator.ch\/wp-content\/uploads\/2021\/08\/International-Coworking-Day-Trend-beschleunigt-sich_Organisator.jpg 680w, https:\/\/www.organisator.ch\/wp-content\/uploads\/2021\/08\/International-Coworking-Day-Trend-beschleunigt-sich_Organisator-18x12.jpg 18w, https:\/\/www.organisator.ch\/wp-content\/uploads\/2021\/08\/International-Coworking-Day-Trend-beschleunigt-sich_Organisator-262x175.jpg 262w, https:\/\/www.organisator.ch\/wp-content\/uploads\/2021\/08\/International-Coworking-Day-Trend-beschleunigt-sich_Organisator-524x350.jpg 524w, https:\/\/www.organisator.ch\/wp-content\/uploads\/2021\/08\/International-Coworking-Day-Trend-beschleunigt-sich_Organisator-300x200.jpg 300w\" sizes=\"auto, (max-width: 680px) 100vw, 680px\" \/><\/a><figcaption id=\"caption-attachment-8362\" class=\"wp-caption-text\">In occasione dell'International Coworking Day, il 9 agosto 2021, nuove forme di lavoro possono essere sperimentate gratuitamente, per esempio nel CreativeSpace Zurich. (Immagine: zVg \/ Coworking Switzerland)<\/figcaption><\/figure>\n<p>Soprattutto dopo l'obbligo dell'home office legato alla corona, non solo i freelance e le start-up, ma anche sempre pi\u00f9 lavoratori della conoscenza occupati stanno scoprendo il coworking come alternativa ideale all'home office.<\/p>\n<h2>Modello di lavoro del futuro<\/h2>\n<p>In Svizzera, l'associazione Coworking Switzerland promuove il movimento di coworking. I suoi membri sono convinti che la societ\u00e0 sta affrontando sfide economiche, ambientali, sociali e culturali senza precedenti - i recenti sviluppi e le esperienze della pandemia del Covid 19 lo hanno visibilmente confermato. Il coworking sta ridefinendo il modo di lavorare, dicono, collegando le persone in un ambiente di lavoro professionale che permette interazioni e collaborazioni. Inoltre, il coworking permette alle aziende di superare le distanze e quindi di accedere meglio al mercato del lavoro ed essere pi\u00f9 competitive. I dipendenti possono ridurre il pendolarismo, bilanciare meglio la loro vita professionale e privata e aumentare la loro produttivit\u00e0.<\/p>\n<h2>Provare nella giornata internazionale del coworking<\/h2>\n<p>Per l'International Coworking Day del 9 agosto, CreativeSpace, un operatore di spazi di coworking a San Gallo e Zurigo, invita tutti coloro che sono stanchi dello stress da casa-ufficio o da pendolarismo a provare gratuitamente il coworking in questa data - in entrambe le sedi. C'\u00e8 anche la possibilit\u00e0 di provare il coworking il primo venerd\u00ec di ogni mese e vedere come potrebbe essere la \"nuova normalit\u00e0\" in uno spazio di coworking, dice Claudius Krucker, fondatore di CreativeSpace e co-presidente della Swiss Coworking Association. Di conseguenza, non vede l'ora di dare il benvenuto ai nuovi colleghi assaggiatori.<\/p>\n<h2>Il coworking diventa \"normale<\/h2>\n<p>\u00c8 prevedibile che il coworking diventer\u00e0 una parte importante della nuova normalit\u00e0 dopo la pandemia. Inoltre, sette parlamentari federali hanno gi\u00e0 firmato l'anno scorso un postulato che prevede la creazione di 100000 posti di lavoro in coworking in Svizzera entro il 2030.<\/p>\n<p><em>Ulteriori informazioni: <a href=\"https:\/\/coworking.ch\/\">Coworking Svizzera<\/a><\/em><\/p>","protected":false},"excerpt":{"rendered":"<p>Gerade nach der coronabedingten Homeoffice-Pflicht entdecken nicht nur Freelancer und Startups, sondern auch immer mehr angestellte Wissensarbeitende Coworking als eine ideale Alternative zum Homeoffice. Arbeitsmodell der Zukunft In der Schweiz f\u00fcr die Coworking-Bewegung stark macht sich der Verband Coworking Switzerland. Dessen Mitglieder sind \u00fcberzeugt, dass die Gesellschaft vor beispiellosen wirtschaftlichen, \u00f6kologischen, sozialen und kulturellen Herausforderungen [&hellip;]<\/p>\n","protected":false},"author":4,"featured_media":8362,"comment_status":"closed","ping_status":"closed","sticky":false,"template":"","format":"standard","meta":{"_acf_changed":false,"_yoast_wpseo_focuskw":"Coworking Day","_yoast_wpseo_metadesc":"Am 9. August wird rund um den Globus der Internationale Coworking Day gefeiert. In der Schweiz laden verschiedene Coworking Spaces zum Ausprobieren ein.","articlekey":"","footnotes":""},"categories":[1],"tags":[51,135,335,363],"class_list":["post-8361","post","type-post","status-publish","format-standard","has-post-thumbnail","hentry","category-allgemein","tag-arbeitsplatzgestaltung","tag-coworking","tag-management-und-unternehmensfuehrung","tag-new-work"],"acf":[],"yoast_head":"<!-- This site is optimized with the Yoast SEO plugin v27.4 - https:\/\/yoast.com\/product\/yoast-seo-wordpress\/ -->\n<title>International Coworking Day: Trend beschleunigt sich - Organisator<\/title>\n<meta name=\"description\" content=\"Am 9. August wird rund um den Globus der Internationale Coworking Day gefeiert. In der Schweiz laden verschiedene Coworking Spaces zum Ausprobieren ein.\" \/>\n<meta name=\"robots\" content=\"index, follow, max-snippet:-1, max-image-preview:large, max-video-preview:-1\" \/>\n<link rel=\"canonical\" href=\"https:\/\/www.organisator.ch\/it\/generale\/2021-08-09\/international-coworking-day-trend-beschleunigt-sich\/\" \/>\n<meta property=\"og:locale\" content=\"it_IT\" \/>\n<meta property=\"og:type\" content=\"article\" \/>\n<meta property=\"og:title\" content=\"International Coworking Day: Trend beschleunigt sich\" \/>\n<meta property=\"og:description\" content=\"Am 9. August wird rund um den Globus der Internationale Coworking Day gefeiert. In der Schweiz laden verschiedene Coworking Spaces zum Ausprobieren ein.\" \/>\n<meta property=\"og:url\" content=\"https:\/\/www.organisator.ch\/it\/generale\/2021-08-09\/international-coworking-day-trend-beschleunigt-sich\/\" \/>\n<meta property=\"og:site_name\" content=\"Organisator\" \/>\n<meta property=\"article:publisher\" content=\"https:\/\/www.facebook.com\/OrganisatorFachmagazin\" \/>\n<meta property=\"article:published_time\" content=\"2021-08-09T08:21:15+00:00\" \/>\n<meta property=\"og:image\" content=\"https:\/\/www.organisator.ch\/wp-content\/uploads\/2021\/08\/International-Coworking-Day-Trend-beschleunigt-sich_Organisator.jpg\" \/>\n\t<meta property=\"og:image:width\" content=\"680\" \/>\n\t<meta property=\"og:image:height\" content=\"454\" \/>\n\t<meta property=\"og:image:type\" content=\"image\/jpeg\" \/>\n<meta name=\"author\" content=\"thomas.berner\" \/>\n<meta name=\"twitter:card\" content=\"summary_large_image\" \/>\n<meta name=\"twitter:title\" content=\"International #Coworking Day: Trend beschleunigt sich\" \/>\n<meta name=\"twitter:description\" content=\"Am 9. August wird rund um den Globus der Internationale #Coworking Day gefeiert. In der Schweiz laden verschiedene #CoworkingSpaces zum Ausprobieren ein.\" \/>\n<meta name=\"twitter:image\" content=\"https:\/\/www.organisator.ch\/wp-content\/uploads\/2021\/08\/International-Coworking-Day-Trend-beschleunigt-sich_Organisator.jpg\" \/>\n<script type=\"application\/ld+json\" class=\"yoast-schema-graph\">{\"@context\":\"https:\\\/\\\/schema.org\",\"@graph\":[{\"@type\":\"Article\",\"@id\":\"https:\\\/\\\/www.organisator.ch\\\/en\\\/general\\\/2021-08-09\\\/international-coworking-day-trend-beschleunigt-sich\\\/#article\",\"isPartOf\":{\"@id\":\"https:\\\/\\\/www.organisator.ch\\\/en\\\/general\\\/2021-08-09\\\/international-coworking-day-trend-beschleunigt-sich\\\/\"},\"author\":{\"name\":\"thomas.berner\",\"@id\":\"https:\\\/\\\/www.organisator.ch\\\/#\\\/schema\\\/person\\\/6f650f90b2842cd4c0cc334b4e36f67e\"},\"headline\":\"International Coworking Day: Trend beschleunigt sich\",\"datePublished\":\"2021-08-09T08:21:15+00:00\",\"mainEntityOfPage\":{\"@id\":\"https:\\\/\\\/www.organisator.ch\\\/en\\\/general\\\/2021-08-09\\\/international-coworking-day-trend-beschleunigt-sich\\\/\"},\"wordCount\":320,\"publisher\":{\"@id\":\"https:\\\/\\\/www.organisator.ch\\\/#organization\"},\"image\":{\"@id\":\"https:\\\/\\\/www.organisator.ch\\\/en\\\/general\\\/2021-08-09\\\/international-coworking-day-trend-beschleunigt-sich\\\/#primaryimage\"},\"thumbnailUrl\":\"https:\\\/\\\/www.organisator.ch\\\/wp-content\\\/uploads\\\/2021\\\/08\\\/International-Coworking-Day-Trend-beschleunigt-sich_Organisator.jpg\",\"keywords\":[\"Arbeitsplatzgestaltung\",\"Coworking\",\"Management und Unternehmensf\u00fchrung\",\"New Work\"],\"articleSection\":[\"Allgemein\"],\"inLanguage\":\"it-IT\"},{\"@type\":\"WebPage\",\"@id\":\"https:\\\/\\\/www.organisator.ch\\\/en\\\/general\\\/2021-08-09\\\/international-coworking-day-trend-beschleunigt-sich\\\/\",\"url\":\"https:\\\/\\\/www.organisator.ch\\\/en\\\/general\\\/2021-08-09\\\/international-coworking-day-trend-beschleunigt-sich\\\/\",\"name\":\"International Coworking Day: Trend beschleunigt sich - Organisator\",\"isPartOf\":{\"@id\":\"https:\\\/\\\/www.organisator.ch\\\/#website\"},\"primaryImageOfPage\":{\"@id\":\"https:\\\/\\\/www.organisator.ch\\\/en\\\/general\\\/2021-08-09\\\/international-coworking-day-trend-beschleunigt-sich\\\/#primaryimage\"},\"image\":{\"@id\":\"https:\\\/\\\/www.organisator.ch\\\/en\\\/general\\\/2021-08-09\\\/international-coworking-day-trend-beschleunigt-sich\\\/#primaryimage\"},\"thumbnailUrl\":\"https:\\\/\\\/www.organisator.ch\\\/wp-content\\\/uploads\\\/2021\\\/08\\\/International-Coworking-Day-Trend-beschleunigt-sich_Organisator.jpg\",\"datePublished\":\"2021-08-09T08:21:15+00:00\",\"description\":\"Am 9. August wird rund um den Globus der Internationale Coworking Day gefeiert. In der Schweiz laden verschiedene Coworking Spaces zum Ausprobieren ein.\",\"breadcrumb\":{\"@id\":\"https:\\\/\\\/www.organisator.ch\\\/en\\\/general\\\/2021-08-09\\\/international-coworking-day-trend-beschleunigt-sich\\\/#breadcrumb\"},\"inLanguage\":\"it-IT\",\"potentialAction\":[{\"@type\":\"ReadAction\",\"target\":[\"https:\\\/\\\/www.organisator.ch\\\/en\\\/general\\\/2021-08-09\\\/international-coworking-day-trend-beschleunigt-sich\\\/\"]}]},{\"@type\":\"ImageObject\",\"inLanguage\":\"it-IT\",\"@id\":\"https:\\\/\\\/www.organisator.ch\\\/en\\\/general\\\/2021-08-09\\\/international-coworking-day-trend-beschleunigt-sich\\\/#primaryimage\",\"url\":\"https:\\\/\\\/www.organisator.ch\\\/wp-content\\\/uploads\\\/2021\\\/08\\\/International-Coworking-Day-Trend-beschleunigt-sich_Organisator.jpg\",\"contentUrl\":\"https:\\\/\\\/www.organisator.ch\\\/wp-content\\\/uploads\\\/2021\\\/08\\\/International-Coworking-Day-Trend-beschleunigt-sich_Organisator.jpg\",\"width\":680,\"height\":454,\"caption\":\"Am International Coworking Day vom 9. August 2021 lassen sich neue Arbeitsformen kostenlos ausprobieren, etwa im CreativeSpace Z\u00fcrich. (Bild: zVg \\\/ Coworking Switzerland)\"},{\"@type\":\"BreadcrumbList\",\"@id\":\"https:\\\/\\\/www.organisator.ch\\\/en\\\/general\\\/2021-08-09\\\/international-coworking-day-trend-beschleunigt-sich\\\/#breadcrumb\",\"itemListElement\":[{\"@type\":\"ListItem\",\"position\":1,\"name\":\"Home\",\"item\":\"https:\\\/\\\/www.organisator.ch\\\/\"},{\"@type\":\"ListItem\",\"position\":2,\"name\":\"International Coworking Day: Trend beschleunigt sich\"}]},{\"@type\":\"WebSite\",\"@id\":\"https:\\\/\\\/www.organisator.ch\\\/#website\",\"url\":\"https:\\\/\\\/www.organisator.ch\\\/\",\"name\":\"Organisator\",\"description\":\"Kompetent. Praxisnah. Der ORGANISATOR bereitet in 10 Ausgaben pro Jahr die wesentlichen Themen f\u00fcr F\u00fchrungskr\u00e4fte von KMU auf.\",\"publisher\":{\"@id\":\"https:\\\/\\\/www.organisator.ch\\\/#organization\"},\"potentialAction\":[{\"@type\":\"SearchAction\",\"target\":{\"@type\":\"EntryPoint\",\"urlTemplate\":\"https:\\\/\\\/www.organisator.ch\\\/?s={search_term_string}\"},\"query-input\":{\"@type\":\"PropertyValueSpecification\",\"valueRequired\":true,\"valueName\":\"search_term_string\"}}],\"inLanguage\":\"it-IT\"},{\"@type\":\"Organization\",\"@id\":\"https:\\\/\\\/www.organisator.ch\\\/#organization\",\"name\":\"Organisator\",\"url\":\"https:\\\/\\\/www.organisator.ch\\\/\",\"logo\":{\"@type\":\"ImageObject\",\"inLanguage\":\"it-IT\",\"@id\":\"https:\\\/\\\/www.organisator.ch\\\/#\\\/schema\\\/logo\\\/image\\\/\",\"url\":\"https:\\\/\\\/www.organisator.ch\\\/wp-content\\\/uploads\\\/2022\\\/01\\\/Logo_Organisator_Website.png\",\"contentUrl\":\"https:\\\/\\\/www.organisator.ch\\\/wp-content\\\/uploads\\\/2022\\\/01\\\/Logo_Organisator_Website.png\",\"width\":800,\"height\":77,\"caption\":\"Organisator\"},\"image\":{\"@id\":\"https:\\\/\\\/www.organisator.ch\\\/#\\\/schema\\\/logo\\\/image\\\/\"},\"sameAs\":[\"https:\\\/\\\/www.facebook.com\\\/OrganisatorFachmagazin\",\"https:\\\/\\\/www.linkedin.com\\\/showcase\\\/organisator-das-magazin-fr-kmu\",\"https:\\\/\\\/www.xing.com\\\/news\\\/pages\\\/organisator-ch-695\",\"https:\\\/\\\/www.youtube.com\\\/channel\\\/UCGP2Sq0iWaZwT3BdIAQFYpw\"]},{\"@type\":\"Person\",\"@id\":\"https:\\\/\\\/www.organisator.ch\\\/#\\\/schema\\\/person\\\/6f650f90b2842cd4c0cc334b4e36f67e\",\"name\":\"thomas.berner\",\"image\":{\"@type\":\"ImageObject\",\"inLanguage\":\"it-IT\",\"@id\":\"https:\\\/\\\/secure.gravatar.com\\\/avatar\\\/ac5001d2a36cb6c6cd3e50789007ffca834b477b74a2144564522e944eabff61?s=96&d=mm&r=g\",\"url\":\"https:\\\/\\\/secure.gravatar.com\\\/avatar\\\/ac5001d2a36cb6c6cd3e50789007ffca834b477b74a2144564522e944eabff61?s=96&d=mm&r=g\",\"contentUrl\":\"https:\\\/\\\/secure.gravatar.com\\\/avatar\\\/ac5001d2a36cb6c6cd3e50789007ffca834b477b74a2144564522e944eabff61?s=96&d=mm&r=g\",\"caption\":\"thomas.berner\"},\"url\":\"https:\\\/\\\/www.organisator.ch\\\/it\\\/author\\\/thomas-berner\\\/\"}]}<\/script>\n<!-- \/ Yoast SEO plugin. -->","yoast_head_json":{"title":"Giornata internazionale del coworking: la tendenza accelera - Organizzatore","description":"Il 9 agosto si celebra in tutto il mondo la Giornata internazionale del coworking. In Svizzera, diversi spazi di coworking vi invitano a provarli.","robots":{"index":"index","follow":"follow","max-snippet":"max-snippet:-1","max-image-preview":"max-image-preview:large","max-video-preview":"max-video-preview:-1"},"canonical":"https:\/\/www.organisator.ch\/it\/generale\/2021-08-09\/international-coworking-day-trend-beschleunigt-sich\/","og_locale":"it_IT","og_type":"article","og_title":"International Coworking Day: Trend beschleunigt sich","og_description":"Am 9. August wird rund um den Globus der Internationale Coworking Day gefeiert. In der Schweiz laden verschiedene Coworking Spaces zum Ausprobieren ein.","og_url":"https:\/\/www.organisator.ch\/it\/generale\/2021-08-09\/international-coworking-day-trend-beschleunigt-sich\/","og_site_name":"Organisator","article_publisher":"https:\/\/www.facebook.com\/OrganisatorFachmagazin","article_published_time":"2021-08-09T08:21:15+00:00","og_image":[{"width":680,"height":454,"url":"https:\/\/www.organisator.ch\/wp-content\/uploads\/2021\/08\/International-Coworking-Day-Trend-beschleunigt-sich_Organisator.jpg","type":"image\/jpeg"}],"author":"thomas.berner","twitter_card":"summary_large_image","twitter_title":"International #Coworking Day: Trend beschleunigt sich","twitter_description":"Am 9. August wird rund um den Globus der Internationale #Coworking Day gefeiert. In der Schweiz laden verschiedene #CoworkingSpaces zum Ausprobieren ein.","twitter_image":"https:\/\/www.organisator.ch\/wp-content\/uploads\/2021\/08\/International-Coworking-Day-Trend-beschleunigt-sich_Organisator.jpg","schema":{"@context":"https:\/\/schema.org","@graph":[{"@type":"Article","@id":"https:\/\/www.organisator.ch\/en\/general\/2021-08-09\/international-coworking-day-trend-beschleunigt-sich\/#article","isPartOf":{"@id":"https:\/\/www.organisator.ch\/en\/general\/2021-08-09\/international-coworking-day-trend-beschleunigt-sich\/"},"author":{"name":"thomas.berner","@id":"https:\/\/www.organisator.ch\/#\/schema\/person\/6f650f90b2842cd4c0cc334b4e36f67e"},"headline":"International Coworking Day: Trend beschleunigt sich","datePublished":"2021-08-09T08:21:15+00:00","mainEntityOfPage":{"@id":"https:\/\/www.organisator.ch\/en\/general\/2021-08-09\/international-coworking-day-trend-beschleunigt-sich\/"},"wordCount":320,"publisher":{"@id":"https:\/\/www.organisator.ch\/#organization"},"image":{"@id":"https:\/\/www.organisator.ch\/en\/general\/2021-08-09\/international-coworking-day-trend-beschleunigt-sich\/#primaryimage"},"thumbnailUrl":"https:\/\/www.organisator.ch\/wp-content\/uploads\/2021\/08\/International-Coworking-Day-Trend-beschleunigt-sich_Organisator.jpg","keywords":["Arbeitsplatzgestaltung","Coworking","Management und Unternehmensf\u00fchrung","New Work"],"articleSection":["Allgemein"],"inLanguage":"it-IT"},{"@type":"WebPage","@id":"https:\/\/www.organisator.ch\/en\/general\/2021-08-09\/international-coworking-day-trend-beschleunigt-sich\/","url":"https:\/\/www.organisator.ch\/en\/general\/2021-08-09\/international-coworking-day-trend-beschleunigt-sich\/","name":"Giornata internazionale del coworking: la tendenza accelera - Organizzatore","isPartOf":{"@id":"https:\/\/www.organisator.ch\/#website"},"primaryImageOfPage":{"@id":"https:\/\/www.organisator.ch\/en\/general\/2021-08-09\/international-coworking-day-trend-beschleunigt-sich\/#primaryimage"},"image":{"@id":"https:\/\/www.organisator.ch\/en\/general\/2021-08-09\/international-coworking-day-trend-beschleunigt-sich\/#primaryimage"},"thumbnailUrl":"https:\/\/www.organisator.ch\/wp-content\/uploads\/2021\/08\/International-Coworking-Day-Trend-beschleunigt-sich_Organisator.jpg","datePublished":"2021-08-09T08:21:15+00:00","description":"Il 9 agosto si celebra in tutto il mondo la Giornata internazionale del coworking. In Svizzera, diversi spazi di coworking vi invitano a provarli.","breadcrumb":{"@id":"https:\/\/www.organisator.ch\/en\/general\/2021-08-09\/international-coworking-day-trend-beschleunigt-sich\/#breadcrumb"},"inLanguage":"it-IT","potentialAction":[{"@type":"ReadAction","target":["https:\/\/www.organisator.ch\/en\/general\/2021-08-09\/international-coworking-day-trend-beschleunigt-sich\/"]}]},{"@type":"ImageObject","inLanguage":"it-IT","@id":"https:\/\/www.organisator.ch\/en\/general\/2021-08-09\/international-coworking-day-trend-beschleunigt-sich\/#primaryimage","url":"https:\/\/www.organisator.ch\/wp-content\/uploads\/2021\/08\/International-Coworking-Day-Trend-beschleunigt-sich_Organisator.jpg","contentUrl":"https:\/\/www.organisator.ch\/wp-content\/uploads\/2021\/08\/International-Coworking-Day-Trend-beschleunigt-sich_Organisator.jpg","width":680,"height":454,"caption":"Am International Coworking Day vom 9. August 2021 lassen sich neue Arbeitsformen kostenlos ausprobieren, etwa im CreativeSpace Z\u00fcrich. (Bild: zVg \/ Coworking Switzerland)"},{"@type":"BreadcrumbList","@id":"https:\/\/www.organisator.ch\/en\/general\/2021-08-09\/international-coworking-day-trend-beschleunigt-sich\/#breadcrumb","itemListElement":[{"@type":"ListItem","position":1,"name":"Home","item":"https:\/\/www.organisator.ch\/"},{"@type":"ListItem","position":2,"name":"International Coworking Day: Trend beschleunigt sich"}]},{"@type":"WebSite","@id":"https:\/\/www.organisator.ch\/#website","url":"https:\/\/www.organisator.ch\/","name":"Organizzatore","description":"Competente. Pratico. In 10 numeri all'anno, ORGANISATOR presenta i temi essenziali per i manager delle PMI.","publisher":{"@id":"https:\/\/www.organisator.ch\/#organization"},"potentialAction":[{"@type":"SearchAction","target":{"@type":"EntryPoint","urlTemplate":"https:\/\/www.organisator.ch\/?s={search_term_string}"},"query-input":{"@type":"PropertyValueSpecification","valueRequired":true,"valueName":"search_term_string"}}],"inLanguage":"it-IT"},{"@type":"Organization","@id":"https:\/\/www.organisator.ch\/#organization","name":"Organizzatore","url":"https:\/\/www.organisator.ch\/","logo":{"@type":"ImageObject","inLanguage":"it-IT","@id":"https:\/\/www.organisator.ch\/#\/schema\/logo\/image\/","url":"https:\/\/www.organisator.ch\/wp-content\/uploads\/2022\/01\/Logo_Organisator_Website.png","contentUrl":"https:\/\/www.organisator.ch\/wp-content\/uploads\/2022\/01\/Logo_Organisator_Website.png","width":800,"height":77,"caption":"Organisator"},"image":{"@id":"https:\/\/www.organisator.ch\/#\/schema\/logo\/image\/"},"sameAs":["https:\/\/www.facebook.com\/OrganisatorFachmagazin","https:\/\/www.linkedin.com\/showcase\/organisator-das-magazin-fr-kmu","https:\/\/www.xing.com\/news\/pages\/organisator-ch-695","https:\/\/www.youtube.com\/channel\/UCGP2Sq0iWaZwT3BdIAQFYpw"]},{"@type":"Person","@id":"https:\/\/www.organisator.ch\/#\/schema\/person\/6f650f90b2842cd4c0cc334b4e36f67e","name":"Tommaso.berner","image":{"@type":"ImageObject","inLanguage":"it-IT","@id":"https:\/\/secure.gravatar.com\/avatar\/ac5001d2a36cb6c6cd3e50789007ffca834b477b74a2144564522e944eabff61?s=96&d=mm&r=g","url":"https:\/\/secure.gravatar.com\/avatar\/ac5001d2a36cb6c6cd3e50789007ffca834b477b74a2144564522e944eabff61?s=96&d=mm&r=g","contentUrl":"https:\/\/secure.gravatar.com\/avatar\/ac5001d2a36cb6c6cd3e50789007ffca834b477b74a2144564522e944eabff61?s=96&d=mm&r=g","caption":"thomas.berner"},"url":"https:\/\/www.organisator.ch\/it\/author\/thomas-berner\/"}]}},"_links":{"self":[{"href":"https:\/\/www.organisator.ch\/it\/wp-json\/wp\/v2\/posts\/8361","targetHints":{"allow":["GET"]}}],"collection":[{"href":"https:\/\/www.organisator.ch\/it\/wp-json\/wp\/v2\/posts"}],"about":[{"href":"https:\/\/www.organisator.ch\/it\/wp-json\/wp\/v2\/types\/post"}],"author":[{"embeddable":true,"href":"https:\/\/www.organisator.ch\/it\/wp-json\/wp\/v2\/users\/4"}],"replies":[{"embeddable":true,"href":"https:\/\/www.organisator.ch\/it\/wp-json\/wp\/v2\/comments?post=8361"}],"version-history":[{"count":0,"href":"https:\/\/www.organisator.ch\/it\/wp-json\/wp\/v2\/posts\/8361\/revisions"}],"wp:featuredmedia":[{"embeddable":true,"href":"https:\/\/www.organisator.ch\/it\/wp-json\/wp\/v2\/media\/8362"}],"wp:attachment":[{"href":"https:\/\/www.organisator.ch\/it\/wp-json\/wp\/v2\/media?parent=8361"}],"wp:term":[{"taxonomy":"category","embeddable":true,"href":"https:\/\/www.organisator.ch\/it\/wp-json\/wp\/v2\/categories?post=8361"},{"taxonomy":"post_tag","embeddable":true,"href":"https:\/\/www.organisator.ch\/it\/wp-json\/wp\/v2\/tags?post=8361"}],"curies":[{"name":"wp","href":"https:\/\/api.w.org\/{rel}","templated":true}]}}