{"id":8412,"date":"2021-08-23T08:24:17","date_gmt":"2021-08-23T06:24:17","guid":{"rendered":"https:\/\/www.organisator.ch\/?p=8412"},"modified":"2021-08-23T08:24:17","modified_gmt":"2021-08-23T06:24:17","slug":"strategische-transformation-kmu-lassen-viele-potenziale-ungenutzt","status":"publish","type":"post","link":"https:\/\/www.organisator.ch\/it\/management\/2021-08-23\/strategische-transformation-kmu-lassen-viele-potenziale-ungenutzt\/","title":{"rendered":"Trasformazione strategica: le PMI lasciano molto potenziale non sfruttato"},"content":{"rendered":"<figure id=\"attachment_8413\" aria-describedby=\"caption-attachment-8413\" style=\"width: 680px\" class=\"wp-caption alignnone\"><a href=\"https:\/\/www.organisator.ch\/wp-content\/uploads\/2021\/08\/Strategische-Transformation-KMU-lassen-viele-Potenziale-ungenutzt_Organisator.jpg\"><img loading=\"lazy\" decoding=\"async\" class=\"size-medium wp-image-8413\" src=\"https:\/\/www.organisator.ch\/wp-content\/uploads\/2021\/08\/Strategische-Transformation-KMU-lassen-viele-Potenziale-ungenutzt_Organisator.jpg\" alt=\"\" width=\"680\" height=\"302\" srcset=\"https:\/\/www.organisator.ch\/wp-content\/uploads\/2021\/08\/Strategische-Transformation-KMU-lassen-viele-Potenziale-ungenutzt_Organisator.jpg 680w, https:\/\/www.organisator.ch\/wp-content\/uploads\/2021\/08\/Strategische-Transformation-KMU-lassen-viele-Potenziale-ungenutzt_Organisator-18x8.jpg 18w, https:\/\/www.organisator.ch\/wp-content\/uploads\/2021\/08\/Strategische-Transformation-KMU-lassen-viele-Potenziale-ungenutzt_Organisator-375x167.jpg 375w, https:\/\/www.organisator.ch\/wp-content\/uploads\/2021\/08\/Strategische-Transformation-KMU-lassen-viele-Potenziale-ungenutzt_Organisator-300x133.jpg 300w\" sizes=\"auto, (max-width: 680px) 100vw, 680px\" \/><\/a><figcaption id=\"caption-attachment-8413\" class=\"wp-caption-text\">Strategie delle PMI nell'era digitale: uno studio rivela molti potenziali non sfruttati per la trasformazione strategica. (Immagine: Pixabay.com)<\/figcaption><\/figure>\n<p>Lo studio \"Sviluppo della strategia nell'era digitale\" - gi\u00e0 il terzo studio svizzero sulla trasformazione digitale pubblicato dalla FHNW - mostra, con oltre 1.800 partecipanti, che solo la met\u00e0 delle PMI (ma un numero maggiore di grandi aziende) ha una strategia digitale. Molte PMI non hanno una strategia formulata che definisca la direzione digitale per i prossimi anni. Secondo il responsabile dello studio, il Prof. Dr. Marc K. Peter, questo valore \u00e8 troppo basso, soprattutto in un ambiente altamente competitivo e globale guidato dalle nuove tecnologie.<\/p>\n<h2>La necessit\u00e0 di una trasformazione strategica<\/h2>\n<p>Lo studio mostra anche che solo la met\u00e0 delle PMI svizzere conduce un'analisi di mercato almeno una volta all'anno, e un quarto non lo fa mai. Pi\u00f9 della met\u00e0 delle PMI ritiene che la strategia aziendale dovr\u00e0 essere adattata nei prossimi due o tre anni a causa della trasformazione digitale in corso. Un terzo delle PMI ritiene che le strategie digitali dei concorrenti minaccino la propria attivit\u00e0. Si tratta anche di una percentuale elevata di aziende che si sentono minacciate e di una percentuale troppo bassa di aziende che hanno una strategia digitale.<\/p>\n<p>Secondo gli autori, i risultati dello studio dimostrano la necessit\u00e0 di discussioni, idee e piani strategici nelle aziende svizzere. Ci\u00f2 \u00e8 indicato anche dal fatto che negli ultimi due anni quasi la met\u00e0 delle PMI svizzere ha gi\u00e0 modificato, almeno in parte, il proprio posizionamento di mercato o di marketing.<\/p>\n<h2>Importanti spunti di riflessione sul lavoro strategico nelle PMI svizzere<\/h2>\n<ul>\n<li>24% delle PMI non effettuano mai un'analisi di mercato, 24% ogni 2-3 anni o meno frequentemente e 52% almeno una volta all'anno.<\/li>\n<li>50% delle PMI hanno una strategia digitale (7% separatamente, 43% come parte di strategie aziendali o IT).<\/li>\n<li>56% delle PMI devono adattare ulteriormente le loro strategie aziendali a causa della trasformazione digitale.<\/li>\n<li>Per 45% delle PMI, la crisi di Corona ha un impatto sulla strategia aziendale.<\/li>\n<li>34% delle PMI si sentono minacciate dalle strategie digitali dei concorrenti.<\/li>\n<li>44% ha dovuto modificare parzialmente o completamente il proprio posizionamento di mercato.<\/li>\n<li>44% delle PMI non sono soddisfatte dei loro progressi nella digitalizzazione.<\/li>\n<\/ul>\n<h2>Guida pratica alla trasformazione strategica<\/h2>\n<p>Sulla base dei risultati, il team del progetto ha sviluppato una <a href=\"http:\/\/www.strategische-transformation.ch\">disponibile gratuitamente<\/a> Guida pratica con un processo di strategia e una verifica della strategia (pu\u00f2 essere eseguita su <a href=\"http:\/\/www.digital-strategy-check.ch\">www.digital-strategy-check.ch<\/a>) per l'era digitale. La base \u00e8 il metodo ACT (Analizzare, Creare, Trasformare), che lo Strategylab ha integrato con numerosi casi di studio, liste di controllo, un workshop canvas e modelli per il lavoro strategico nelle aziende.<\/p>\n<p>Il progetto di ricerca \u00e8 stato sostenuto da diversi partner (Banca WIR, Mobiliare, AECS Swisscard, Lenovo, Rahn+Bodmer, Swiss Export, KMU Next, digitalswitzerland e Gewerbezeitung) e autori.<\/p>\n<p><em><a href=\"http:\/\/www.strategische-transformation.ch\">Ulteriori informazioni<\/a><\/em><\/p>","protected":false},"excerpt":{"rendered":"<p>Die Studie \u00abStrategieentwicklung im digitalen Zeitalter\u00bb \u2013 als bereits dritte von der FHNW publizierte Schweizer Studie zur digitalen Transformation \u2013 zeigt mit \u00fcber 1&#8217;800 Teilnehmenden, dass nur die H\u00e4lfte der KMU (daf\u00fcr mehr Grossunternehmen) \u00fcber eine digitale Strategie verf\u00fcgen. So fehlen in vielen KMU eine formulierte Strategie, welche die digitale Stossrichtung f\u00fcr die n\u00e4chsten Jahre [&hellip;]<\/p>\n","protected":false},"author":4,"featured_media":8413,"comment_status":"closed","ping_status":"closed","sticky":false,"template":"","format":"standard","meta":{"_acf_changed":false,"_yoast_wpseo_focuskw":"strategische Transformation","_yoast_wpseo_metadesc":"Die neue Studie \u00abStrategieentwicklung im digitalen Zeitalter\u00bb zeigt, dass viele KMU Potenziale f\u00fcr die strategische Transformation zu wenig nutzen.","articlekey":"","footnotes":""},"categories":[28],"tags":[156,335,458,459],"class_list":["post-8412","post","type-post","status-publish","format-standard","has-post-thumbnail","hentry","category-management","tag-digitalisierung","tag-management-und-unternehmensfuehrung","tag-strategie","tag-studie"],"acf":[],"yoast_head":"<!-- This site is optimized with the Yoast SEO plugin v27.4 - https:\/\/yoast.com\/product\/yoast-seo-wordpress\/ -->\n<title>Strategische Transformation: KMU lassen viele Potenziale ungenutzt - Organisator<\/title>\n<meta name=\"description\" content=\"Die neue Studie \u00abStrategieentwicklung im digitalen Zeitalter\u00bb zeigt, dass viele KMU Potenziale f\u00fcr die strategische Transformation zu wenig nutzen.\" \/>\n<meta name=\"robots\" content=\"index, follow, max-snippet:-1, max-image-preview:large, max-video-preview:-1\" \/>\n<link rel=\"canonical\" href=\"https:\/\/www.organisator.ch\/it\/gestione-2\/2021-08-23\/strategische-transformation-kmu-lassen-viele-potenziale-ungenutzt\/\" \/>\n<meta property=\"og:locale\" content=\"it_IT\" \/>\n<meta property=\"og:type\" content=\"article\" \/>\n<meta property=\"og:title\" content=\"Strategische Transformation: KMU lassen viele Potenziale ungenutzt\" \/>\n<meta property=\"og:description\" content=\"Die neue Studie \u00abStrategieentwicklung im digitalen Zeitalter\u00bb zeigt, dass viele KMU Potenziale f\u00fcr die strategische Transformation zu wenig nutzen.\" \/>\n<meta property=\"og:url\" content=\"https:\/\/www.organisator.ch\/it\/gestione-2\/2021-08-23\/strategische-transformation-kmu-lassen-viele-potenziale-ungenutzt\/\" \/>\n<meta property=\"og:site_name\" content=\"Organisator\" \/>\n<meta property=\"article:publisher\" content=\"https:\/\/www.facebook.com\/OrganisatorFachmagazin\" \/>\n<meta property=\"article:published_time\" content=\"2021-08-23T06:24:17+00:00\" \/>\n<meta property=\"og:image\" content=\"https:\/\/www.organisator.ch\/wp-content\/uploads\/2021\/08\/Strategische-Transformation-KMU-lassen-viele-Potenziale-ungenutzt_Organisator.jpg\" \/>\n\t<meta property=\"og:image:width\" content=\"680\" \/>\n\t<meta property=\"og:image:height\" content=\"302\" \/>\n\t<meta property=\"og:image:type\" content=\"image\/jpeg\" \/>\n<meta name=\"author\" content=\"thomas.berner\" \/>\n<meta name=\"twitter:card\" content=\"summary_large_image\" \/>\n<meta name=\"twitter:title\" content=\"Strategische #Transformation: KMU lassen viele #Potenziale ungenutzt\" \/>\n<meta name=\"twitter:description\" content=\"Die neue Studie \u00ab#Strategieentwicklung im digitalen Zeitalter\u00bb zeigt, dass viele KMU #Potenziale f\u00fcr die strategische #Transformation zu wenig nutzen.\" \/>\n<meta name=\"twitter:image\" content=\"https:\/\/www.organisator.ch\/wp-content\/uploads\/2021\/08\/Strategische-Transformation-KMU-lassen-viele-Potenziale-ungenutzt_Organisator.jpg\" \/>\n<script type=\"application\/ld+json\" class=\"yoast-schema-graph\">{\"@context\":\"https:\\\/\\\/schema.org\",\"@graph\":[{\"@type\":\"Article\",\"@id\":\"https:\\\/\\\/www.organisator.ch\\\/management\\\/2021-08-23\\\/strategische-transformation-kmu-lassen-viele-potenziale-ungenutzt\\\/#article\",\"isPartOf\":{\"@id\":\"https:\\\/\\\/www.organisator.ch\\\/management\\\/2021-08-23\\\/strategische-transformation-kmu-lassen-viele-potenziale-ungenutzt\\\/\"},\"author\":{\"name\":\"thomas.berner\",\"@id\":\"https:\\\/\\\/www.organisator.ch\\\/#\\\/schema\\\/person\\\/6f650f90b2842cd4c0cc334b4e36f67e\"},\"headline\":\"Strategische Transformation: KMU lassen viele Potenziale ungenutzt\",\"datePublished\":\"2021-08-23T06:24:17+00:00\",\"mainEntityOfPage\":{\"@id\":\"https:\\\/\\\/www.organisator.ch\\\/management\\\/2021-08-23\\\/strategische-transformation-kmu-lassen-viele-potenziale-ungenutzt\\\/\"},\"wordCount\":451,\"publisher\":{\"@id\":\"https:\\\/\\\/www.organisator.ch\\\/#organization\"},\"image\":{\"@id\":\"https:\\\/\\\/www.organisator.ch\\\/management\\\/2021-08-23\\\/strategische-transformation-kmu-lassen-viele-potenziale-ungenutzt\\\/#primaryimage\"},\"thumbnailUrl\":\"https:\\\/\\\/www.organisator.ch\\\/wp-content\\\/uploads\\\/2021\\\/08\\\/Strategische-Transformation-KMU-lassen-viele-Potenziale-ungenutzt_Organisator.jpg\",\"keywords\":[\"Digitalisierung\",\"Management und Unternehmensf\u00fchrung\",\"Strategie\",\"Studie\"],\"articleSection\":[\"MANAGEMENT\"],\"inLanguage\":\"it-IT\"},{\"@type\":\"WebPage\",\"@id\":\"https:\\\/\\\/www.organisator.ch\\\/management\\\/2021-08-23\\\/strategische-transformation-kmu-lassen-viele-potenziale-ungenutzt\\\/\",\"url\":\"https:\\\/\\\/www.organisator.ch\\\/management\\\/2021-08-23\\\/strategische-transformation-kmu-lassen-viele-potenziale-ungenutzt\\\/\",\"name\":\"Strategische Transformation: KMU lassen viele Potenziale ungenutzt - Organisator\",\"isPartOf\":{\"@id\":\"https:\\\/\\\/www.organisator.ch\\\/#website\"},\"primaryImageOfPage\":{\"@id\":\"https:\\\/\\\/www.organisator.ch\\\/management\\\/2021-08-23\\\/strategische-transformation-kmu-lassen-viele-potenziale-ungenutzt\\\/#primaryimage\"},\"image\":{\"@id\":\"https:\\\/\\\/www.organisator.ch\\\/management\\\/2021-08-23\\\/strategische-transformation-kmu-lassen-viele-potenziale-ungenutzt\\\/#primaryimage\"},\"thumbnailUrl\":\"https:\\\/\\\/www.organisator.ch\\\/wp-content\\\/uploads\\\/2021\\\/08\\\/Strategische-Transformation-KMU-lassen-viele-Potenziale-ungenutzt_Organisator.jpg\",\"datePublished\":\"2021-08-23T06:24:17+00:00\",\"description\":\"Die neue Studie \u00abStrategieentwicklung im digitalen Zeitalter\u00bb zeigt, dass viele KMU Potenziale f\u00fcr die strategische Transformation zu wenig nutzen.\",\"breadcrumb\":{\"@id\":\"https:\\\/\\\/www.organisator.ch\\\/management\\\/2021-08-23\\\/strategische-transformation-kmu-lassen-viele-potenziale-ungenutzt\\\/#breadcrumb\"},\"inLanguage\":\"it-IT\",\"potentialAction\":[{\"@type\":\"ReadAction\",\"target\":[\"https:\\\/\\\/www.organisator.ch\\\/management\\\/2021-08-23\\\/strategische-transformation-kmu-lassen-viele-potenziale-ungenutzt\\\/\"]}]},{\"@type\":\"ImageObject\",\"inLanguage\":\"it-IT\",\"@id\":\"https:\\\/\\\/www.organisator.ch\\\/management\\\/2021-08-23\\\/strategische-transformation-kmu-lassen-viele-potenziale-ungenutzt\\\/#primaryimage\",\"url\":\"https:\\\/\\\/www.organisator.ch\\\/wp-content\\\/uploads\\\/2021\\\/08\\\/Strategische-Transformation-KMU-lassen-viele-Potenziale-ungenutzt_Organisator.jpg\",\"contentUrl\":\"https:\\\/\\\/www.organisator.ch\\\/wp-content\\\/uploads\\\/2021\\\/08\\\/Strategische-Transformation-KMU-lassen-viele-Potenziale-ungenutzt_Organisator.jpg\",\"width\":680,\"height\":302,\"caption\":\"KMU-Strategien im digitalen Zeitalter: Studie zeigt viele ungenutzte Potenziale f\u00fcr die strategische Transformation auf. (Bild: Pixabay.com)\"},{\"@type\":\"BreadcrumbList\",\"@id\":\"https:\\\/\\\/www.organisator.ch\\\/management\\\/2021-08-23\\\/strategische-transformation-kmu-lassen-viele-potenziale-ungenutzt\\\/#breadcrumb\",\"itemListElement\":[{\"@type\":\"ListItem\",\"position\":1,\"name\":\"Home\",\"item\":\"https:\\\/\\\/www.organisator.ch\\\/\"},{\"@type\":\"ListItem\",\"position\":2,\"name\":\"Strategische Transformation: KMU lassen viele Potenziale ungenutzt\"}]},{\"@type\":\"WebSite\",\"@id\":\"https:\\\/\\\/www.organisator.ch\\\/#website\",\"url\":\"https:\\\/\\\/www.organisator.ch\\\/\",\"name\":\"Organisator\",\"description\":\"Kompetent. Praxisnah. Der ORGANISATOR bereitet in 10 Ausgaben pro Jahr die wesentlichen Themen f\u00fcr F\u00fchrungskr\u00e4fte von KMU auf.\",\"publisher\":{\"@id\":\"https:\\\/\\\/www.organisator.ch\\\/#organization\"},\"potentialAction\":[{\"@type\":\"SearchAction\",\"target\":{\"@type\":\"EntryPoint\",\"urlTemplate\":\"https:\\\/\\\/www.organisator.ch\\\/?s={search_term_string}\"},\"query-input\":{\"@type\":\"PropertyValueSpecification\",\"valueRequired\":true,\"valueName\":\"search_term_string\"}}],\"inLanguage\":\"it-IT\"},{\"@type\":\"Organization\",\"@id\":\"https:\\\/\\\/www.organisator.ch\\\/#organization\",\"name\":\"Organisator\",\"url\":\"https:\\\/\\\/www.organisator.ch\\\/\",\"logo\":{\"@type\":\"ImageObject\",\"inLanguage\":\"it-IT\",\"@id\":\"https:\\\/\\\/www.organisator.ch\\\/#\\\/schema\\\/logo\\\/image\\\/\",\"url\":\"https:\\\/\\\/www.organisator.ch\\\/wp-content\\\/uploads\\\/2022\\\/01\\\/Logo_Organisator_Website.png\",\"contentUrl\":\"https:\\\/\\\/www.organisator.ch\\\/wp-content\\\/uploads\\\/2022\\\/01\\\/Logo_Organisator_Website.png\",\"width\":800,\"height\":77,\"caption\":\"Organisator\"},\"image\":{\"@id\":\"https:\\\/\\\/www.organisator.ch\\\/#\\\/schema\\\/logo\\\/image\\\/\"},\"sameAs\":[\"https:\\\/\\\/www.facebook.com\\\/OrganisatorFachmagazin\",\"https:\\\/\\\/www.linkedin.com\\\/showcase\\\/organisator-das-magazin-fr-kmu\",\"https:\\\/\\\/www.xing.com\\\/news\\\/pages\\\/organisator-ch-695\",\"https:\\\/\\\/www.youtube.com\\\/channel\\\/UCGP2Sq0iWaZwT3BdIAQFYpw\"]},{\"@type\":\"Person\",\"@id\":\"https:\\\/\\\/www.organisator.ch\\\/#\\\/schema\\\/person\\\/6f650f90b2842cd4c0cc334b4e36f67e\",\"name\":\"thomas.berner\",\"image\":{\"@type\":\"ImageObject\",\"inLanguage\":\"it-IT\",\"@id\":\"https:\\\/\\\/secure.gravatar.com\\\/avatar\\\/ac5001d2a36cb6c6cd3e50789007ffca834b477b74a2144564522e944eabff61?s=96&d=mm&r=g\",\"url\":\"https:\\\/\\\/secure.gravatar.com\\\/avatar\\\/ac5001d2a36cb6c6cd3e50789007ffca834b477b74a2144564522e944eabff61?s=96&d=mm&r=g\",\"contentUrl\":\"https:\\\/\\\/secure.gravatar.com\\\/avatar\\\/ac5001d2a36cb6c6cd3e50789007ffca834b477b74a2144564522e944eabff61?s=96&d=mm&r=g\",\"caption\":\"thomas.berner\"},\"url\":\"https:\\\/\\\/www.organisator.ch\\\/it\\\/author\\\/thomas-berner\\\/\"}]}<\/script>\n<!-- \/ Yoast SEO plugin. -->","yoast_head_json":{"title":"Trasformazione strategica: le PMI lasciano un grande potenziale inutilizzato - Organizzatore","description":"Il nuovo studio \"Strategy Development in the Digital Age\" mostra che molte PMI sfruttano troppo poco le potenzialit\u00e0 di trasformazione strategica.","robots":{"index":"index","follow":"follow","max-snippet":"max-snippet:-1","max-image-preview":"max-image-preview:large","max-video-preview":"max-video-preview:-1"},"canonical":"https:\/\/www.organisator.ch\/it\/gestione-2\/2021-08-23\/strategische-transformation-kmu-lassen-viele-potenziale-ungenutzt\/","og_locale":"it_IT","og_type":"article","og_title":"Strategische Transformation: KMU lassen viele Potenziale ungenutzt","og_description":"Die neue Studie \u00abStrategieentwicklung im digitalen Zeitalter\u00bb zeigt, dass viele KMU Potenziale f\u00fcr die strategische Transformation zu wenig nutzen.","og_url":"https:\/\/www.organisator.ch\/it\/gestione-2\/2021-08-23\/strategische-transformation-kmu-lassen-viele-potenziale-ungenutzt\/","og_site_name":"Organisator","article_publisher":"https:\/\/www.facebook.com\/OrganisatorFachmagazin","article_published_time":"2021-08-23T06:24:17+00:00","og_image":[{"width":680,"height":302,"url":"https:\/\/www.organisator.ch\/wp-content\/uploads\/2021\/08\/Strategische-Transformation-KMU-lassen-viele-Potenziale-ungenutzt_Organisator.jpg","type":"image\/jpeg"}],"author":"thomas.berner","twitter_card":"summary_large_image","twitter_title":"Strategische #Transformation: KMU lassen viele #Potenziale ungenutzt","twitter_description":"Die neue Studie \u00ab#Strategieentwicklung im digitalen Zeitalter\u00bb zeigt, dass viele KMU #Potenziale f\u00fcr die strategische #Transformation zu wenig nutzen.","twitter_image":"https:\/\/www.organisator.ch\/wp-content\/uploads\/2021\/08\/Strategische-Transformation-KMU-lassen-viele-Potenziale-ungenutzt_Organisator.jpg","schema":{"@context":"https:\/\/schema.org","@graph":[{"@type":"Article","@id":"https:\/\/www.organisator.ch\/management\/2021-08-23\/strategische-transformation-kmu-lassen-viele-potenziale-ungenutzt\/#article","isPartOf":{"@id":"https:\/\/www.organisator.ch\/management\/2021-08-23\/strategische-transformation-kmu-lassen-viele-potenziale-ungenutzt\/"},"author":{"name":"thomas.berner","@id":"https:\/\/www.organisator.ch\/#\/schema\/person\/6f650f90b2842cd4c0cc334b4e36f67e"},"headline":"Strategische Transformation: KMU lassen viele Potenziale ungenutzt","datePublished":"2021-08-23T06:24:17+00:00","mainEntityOfPage":{"@id":"https:\/\/www.organisator.ch\/management\/2021-08-23\/strategische-transformation-kmu-lassen-viele-potenziale-ungenutzt\/"},"wordCount":451,"publisher":{"@id":"https:\/\/www.organisator.ch\/#organization"},"image":{"@id":"https:\/\/www.organisator.ch\/management\/2021-08-23\/strategische-transformation-kmu-lassen-viele-potenziale-ungenutzt\/#primaryimage"},"thumbnailUrl":"https:\/\/www.organisator.ch\/wp-content\/uploads\/2021\/08\/Strategische-Transformation-KMU-lassen-viele-Potenziale-ungenutzt_Organisator.jpg","keywords":["Digitalisierung","Management und Unternehmensf\u00fchrung","Strategie","Studie"],"articleSection":["MANAGEMENT"],"inLanguage":"it-IT"},{"@type":"WebPage","@id":"https:\/\/www.organisator.ch\/management\/2021-08-23\/strategische-transformation-kmu-lassen-viele-potenziale-ungenutzt\/","url":"https:\/\/www.organisator.ch\/management\/2021-08-23\/strategische-transformation-kmu-lassen-viele-potenziale-ungenutzt\/","name":"Trasformazione strategica: le PMI lasciano un grande potenziale inutilizzato - Organizzatore","isPartOf":{"@id":"https:\/\/www.organisator.ch\/#website"},"primaryImageOfPage":{"@id":"https:\/\/www.organisator.ch\/management\/2021-08-23\/strategische-transformation-kmu-lassen-viele-potenziale-ungenutzt\/#primaryimage"},"image":{"@id":"https:\/\/www.organisator.ch\/management\/2021-08-23\/strategische-transformation-kmu-lassen-viele-potenziale-ungenutzt\/#primaryimage"},"thumbnailUrl":"https:\/\/www.organisator.ch\/wp-content\/uploads\/2021\/08\/Strategische-Transformation-KMU-lassen-viele-Potenziale-ungenutzt_Organisator.jpg","datePublished":"2021-08-23T06:24:17+00:00","description":"Il nuovo studio \"Strategy Development in the Digital Age\" mostra che molte PMI sfruttano troppo poco le potenzialit\u00e0 di trasformazione strategica.","breadcrumb":{"@id":"https:\/\/www.organisator.ch\/management\/2021-08-23\/strategische-transformation-kmu-lassen-viele-potenziale-ungenutzt\/#breadcrumb"},"inLanguage":"it-IT","potentialAction":[{"@type":"ReadAction","target":["https:\/\/www.organisator.ch\/management\/2021-08-23\/strategische-transformation-kmu-lassen-viele-potenziale-ungenutzt\/"]}]},{"@type":"ImageObject","inLanguage":"it-IT","@id":"https:\/\/www.organisator.ch\/management\/2021-08-23\/strategische-transformation-kmu-lassen-viele-potenziale-ungenutzt\/#primaryimage","url":"https:\/\/www.organisator.ch\/wp-content\/uploads\/2021\/08\/Strategische-Transformation-KMU-lassen-viele-Potenziale-ungenutzt_Organisator.jpg","contentUrl":"https:\/\/www.organisator.ch\/wp-content\/uploads\/2021\/08\/Strategische-Transformation-KMU-lassen-viele-Potenziale-ungenutzt_Organisator.jpg","width":680,"height":302,"caption":"KMU-Strategien im digitalen Zeitalter: Studie zeigt viele ungenutzte Potenziale f\u00fcr die strategische Transformation auf. (Bild: Pixabay.com)"},{"@type":"BreadcrumbList","@id":"https:\/\/www.organisator.ch\/management\/2021-08-23\/strategische-transformation-kmu-lassen-viele-potenziale-ungenutzt\/#breadcrumb","itemListElement":[{"@type":"ListItem","position":1,"name":"Home","item":"https:\/\/www.organisator.ch\/"},{"@type":"ListItem","position":2,"name":"Strategische Transformation: KMU lassen viele Potenziale ungenutzt"}]},{"@type":"WebSite","@id":"https:\/\/www.organisator.ch\/#website","url":"https:\/\/www.organisator.ch\/","name":"Organizzatore","description":"Competente. Pratico. In 10 numeri all'anno, ORGANISATOR presenta i temi essenziali per i manager delle PMI.","publisher":{"@id":"https:\/\/www.organisator.ch\/#organization"},"potentialAction":[{"@type":"SearchAction","target":{"@type":"EntryPoint","urlTemplate":"https:\/\/www.organisator.ch\/?s={search_term_string}"},"query-input":{"@type":"PropertyValueSpecification","valueRequired":true,"valueName":"search_term_string"}}],"inLanguage":"it-IT"},{"@type":"Organization","@id":"https:\/\/www.organisator.ch\/#organization","name":"Organizzatore","url":"https:\/\/www.organisator.ch\/","logo":{"@type":"ImageObject","inLanguage":"it-IT","@id":"https:\/\/www.organisator.ch\/#\/schema\/logo\/image\/","url":"https:\/\/www.organisator.ch\/wp-content\/uploads\/2022\/01\/Logo_Organisator_Website.png","contentUrl":"https:\/\/www.organisator.ch\/wp-content\/uploads\/2022\/01\/Logo_Organisator_Website.png","width":800,"height":77,"caption":"Organisator"},"image":{"@id":"https:\/\/www.organisator.ch\/#\/schema\/logo\/image\/"},"sameAs":["https:\/\/www.facebook.com\/OrganisatorFachmagazin","https:\/\/www.linkedin.com\/showcase\/organisator-das-magazin-fr-kmu","https:\/\/www.xing.com\/news\/pages\/organisator-ch-695","https:\/\/www.youtube.com\/channel\/UCGP2Sq0iWaZwT3BdIAQFYpw"]},{"@type":"Person","@id":"https:\/\/www.organisator.ch\/#\/schema\/person\/6f650f90b2842cd4c0cc334b4e36f67e","name":"Tommaso.berner","image":{"@type":"ImageObject","inLanguage":"it-IT","@id":"https:\/\/secure.gravatar.com\/avatar\/ac5001d2a36cb6c6cd3e50789007ffca834b477b74a2144564522e944eabff61?s=96&d=mm&r=g","url":"https:\/\/secure.gravatar.com\/avatar\/ac5001d2a36cb6c6cd3e50789007ffca834b477b74a2144564522e944eabff61?s=96&d=mm&r=g","contentUrl":"https:\/\/secure.gravatar.com\/avatar\/ac5001d2a36cb6c6cd3e50789007ffca834b477b74a2144564522e944eabff61?s=96&d=mm&r=g","caption":"thomas.berner"},"url":"https:\/\/www.organisator.ch\/it\/author\/thomas-berner\/"}]}},"_links":{"self":[{"href":"https:\/\/www.organisator.ch\/it\/wp-json\/wp\/v2\/posts\/8412","targetHints":{"allow":["GET"]}}],"collection":[{"href":"https:\/\/www.organisator.ch\/it\/wp-json\/wp\/v2\/posts"}],"about":[{"href":"https:\/\/www.organisator.ch\/it\/wp-json\/wp\/v2\/types\/post"}],"author":[{"embeddable":true,"href":"https:\/\/www.organisator.ch\/it\/wp-json\/wp\/v2\/users\/4"}],"replies":[{"embeddable":true,"href":"https:\/\/www.organisator.ch\/it\/wp-json\/wp\/v2\/comments?post=8412"}],"version-history":[{"count":0,"href":"https:\/\/www.organisator.ch\/it\/wp-json\/wp\/v2\/posts\/8412\/revisions"}],"wp:featuredmedia":[{"embeddable":true,"href":"https:\/\/www.organisator.ch\/it\/wp-json\/wp\/v2\/media\/8413"}],"wp:attachment":[{"href":"https:\/\/www.organisator.ch\/it\/wp-json\/wp\/v2\/media?parent=8412"}],"wp:term":[{"taxonomy":"category","embeddable":true,"href":"https:\/\/www.organisator.ch\/it\/wp-json\/wp\/v2\/categories?post=8412"},{"taxonomy":"post_tag","embeddable":true,"href":"https:\/\/www.organisator.ch\/it\/wp-json\/wp\/v2\/tags?post=8412"}],"curies":[{"name":"wp","href":"https:\/\/api.w.org\/{rel}","templated":true}]}}