{"id":8437,"date":"2021-08-27T09:17:21","date_gmt":"2021-08-27T07:17:21","guid":{"rendered":"https:\/\/www.organisator.ch\/?p=8437"},"modified":"2021-08-27T09:17:21","modified_gmt":"2021-08-27T07:17:21","slug":"fuehrungspersonen-ohne-follower-warum-ihnen-keiner-folgt","status":"publish","type":"post","link":"https:\/\/www.organisator.ch\/it\/management\/2021-08-27\/fuehrungspersonen-ohne-follower-warum-ihnen-keiner-folgt\/","title":{"rendered":"Leader senza seguaci: perch\u00e9 nessuno li segue..."},"content":{"rendered":"<figure id=\"attachment_8438\" aria-describedby=\"caption-attachment-8438\" style=\"width: 680px\" class=\"wp-caption alignnone\"><a href=\"https:\/\/www.organisator.ch\/wp-content\/uploads\/2021\/08\/Fuehrungspersonen-ohne-Follower-Warum-ihnen-keiner-folgt_Organisator.jpg\"><img loading=\"lazy\" decoding=\"async\" class=\"size-medium wp-image-8438\" src=\"https:\/\/www.organisator.ch\/wp-content\/uploads\/2021\/08\/Fuehrungspersonen-ohne-Follower-Warum-ihnen-keiner-folgt_Organisator.jpg\" alt=\"\" width=\"680\" height=\"488\" srcset=\"https:\/\/www.organisator.ch\/wp-content\/uploads\/2021\/08\/Fuehrungspersonen-ohne-Follower-Warum-ihnen-keiner-folgt_Organisator.jpg 680w, https:\/\/www.organisator.ch\/wp-content\/uploads\/2021\/08\/Fuehrungspersonen-ohne-Follower-Warum-ihnen-keiner-folgt_Organisator-18x12.jpg 18w, https:\/\/www.organisator.ch\/wp-content\/uploads\/2021\/08\/Fuehrungspersonen-ohne-Follower-Warum-ihnen-keiner-folgt_Organisator-244x175.jpg 244w, https:\/\/www.organisator.ch\/wp-content\/uploads\/2021\/08\/Fuehrungspersonen-ohne-Follower-Warum-ihnen-keiner-folgt_Organisator-488x350.jpg 488w, https:\/\/www.organisator.ch\/wp-content\/uploads\/2021\/08\/Fuehrungspersonen-ohne-Follower-Warum-ihnen-keiner-folgt_Organisator-300x215.jpg 300w\" sizes=\"auto, (max-width: 680px) 100vw, 680px\" \/><\/a><figcaption id=\"caption-attachment-8438\" class=\"wp-caption-text\">Perch\u00e9 i leader si chiedono perch\u00e9 la gente non li segue? Questo Impulso al Successo mostra le ragioni. (Immagine: Pixabay.com)<\/figcaption><\/figure>\n<p>Non conosciamo solo il fenomeno degli \"influencer\" dai social media. I leader influenti hanno sempre avuto un numero considerevole di \"seguaci\". Ma si tratta di qualcosa di molto semplice che \u00e8 rilevante per chiunque voglia influenzare gli altri in qualsiasi modo: si tratta di influenzare gli altri in modo che ti seguano volentieri e di propria volont\u00e0. Se riesci a farlo, puoi spostare le proverbiali montagne.<\/p>\n<p>A proposito, questo non ha niente a che vedere con la \"cieca fedelt\u00e0\". Al contrario: pi\u00f9 la tua gente ti mette criticamente in discussione e ti sfida, maggiore sar\u00e0 la tua influenza - a patto che tu sia disposto ad accettare le sfide e ad affrontare le critiche.<\/p>\n<p>I leader vengono sempre da me con la domanda perch\u00e9 la gente non li segue abbastanza: \"Perch\u00e9 non fai quello che abbiamo concordato? Perch\u00e9 non metti in pratica le cose come ti ho detto?\". Ecco i tre motivi principali della mia esperienza per cui le persone non ti seguono:<\/p>\n<ol>\n<li>Diffondono l'insicurezza. Avevo gi\u00e0 trattato questo in dettaglio altrove. Molti leader diffondono l'insicurezza tra gli altri attraverso la loro mancanza di chiarezza. La chiarezza nella comunicazione \u00e8 spesso drasticamente sopravvalutata. Ci\u00f2 che sembra chiaro a voi pu\u00f2 essere completamente poco chiaro ad altri. Nessuno vuole seguire qualcuno che non capisce.<\/li>\n<li>La fiducia \u00e8 troppo bassa. Certo che lo sai: se devi seguire qualcuno, devi fidarti della persona in una certa misura. Maggiore \u00e8 la fiducia, pi\u00f9 facile \u00e8 la leadership. Ma ci\u00f2 che spesso non viene preso in considerazione: Per potersi fidare pienamente di se stessi, bisogna conoscersi il pi\u00f9 possibile ed essere in grado di valutarsi. Questo richiede azioni che sono al di fuori dei normali processi di lavoro.<\/li>\n<li>Non ce n'\u00e8 bisogno. Questo pu\u00f2 sorprendere, ma se non vedi una buona ragione per seguire un'altra persona, non lo farai. Quindi se gli altri non capiscono la necessit\u00e0 della vostra leadership, sar\u00e0 difficile per voi. La buona notizia \u00e8 che puoi creare consapevolmente questo bisogno.<\/li>\n<\/ol>\n<p>Se inverti questi tre punti, hai un'ottima possibilit\u00e0 che altre persone saranno molto felici di seguirti, il che aumenter\u00e0 la tua influenza.<\/p>\n<p>Intuizione bonus: le tre leve menzionate si applicano altrettanto nelle vendite se volete trasformare il maggior numero possibile di clienti in vostri fan.<\/p>\n<p><i><strong>All'autore:<\/strong><br \/>\n<\/i><em>Volkmar V\u00f6lzke \u00e8 un massimizzatore di successi. Autore del libro. Consulente. Allenatore. Altoparlante. <a href=\"http:\/\/www.volkmarvoelzke.ch\/\">www.volkmarvoelzke.ch<\/a><\/em><\/p>","protected":false},"excerpt":{"rendered":"<p>Wir kennen das Ph\u00e4nomen der \u201eInfluencer\u201c nicht erst seit Social Media. Schon immer hatten einflussreiche F\u00fchrungspersonen eine ansehnliche Zahl von \u201eFollowers\u201c. Hier geht es aber um etwas ganz Einfaches, was relevant f\u00fcr jeden ist, der andere in irgendeiner Form beeinflussen will: Es geht darum, dass Sie andere so beeinflussen, dass diese Ihnen gerne und aus [&hellip;]<\/p>\n","protected":false},"author":4,"featured_media":8438,"comment_status":"closed","ping_status":"closed","sticky":false,"template":"","format":"standard","meta":{"_acf_changed":false,"_yoast_wpseo_focuskw":"F\u00fchrungspersonen","_yoast_wpseo_metadesc":"F\u00fchrungspersonen ohne Follower sind keine F\u00fchrungspersonen. Doch je mehr Leute Ihnen folgen, desto st\u00e4rker ist Ihr Einfluss als Leader.","articlekey":"","footnotes":""},"categories":[28],"tags":[115,177,320,335],"class_list":["post-8437","post","type-post","status-publish","format-standard","has-post-thumbnail","hentry","category-management","tag-checklisten","tag-erfolgs-impuls","tag-leadership","tag-management-und-unternehmensfuehrung"],"acf":[],"yoast_head":"<!-- This site is optimized with the Yoast SEO plugin v27.5 - https:\/\/yoast.com\/product\/yoast-seo-wordpress\/ -->\n<title>F\u00fchrungspersonen ohne Follower: Warum ihnen keiner folgt\u2026 - Organisator<\/title>\n<meta name=\"description\" content=\"F\u00fchrungspersonen ohne Follower sind keine F\u00fchrungspersonen. Doch je mehr Leute Ihnen folgen, desto st\u00e4rker ist Ihr Einfluss als Leader.\" \/>\n<meta name=\"robots\" content=\"index, follow, max-snippet:-1, max-image-preview:large, max-video-preview:-1\" \/>\n<link rel=\"canonical\" href=\"https:\/\/www.organisator.ch\/it\/gestione-2\/2021-08-27\/fuehrungspersonen-ohne-follower-warum-ihnen-keiner-folgt\/\" \/>\n<meta property=\"og:locale\" content=\"it_IT\" \/>\n<meta property=\"og:type\" content=\"article\" \/>\n<meta property=\"og:title\" content=\"F\u00fchrungspersonen ohne Follower: Warum ihnen keiner folgt\u2026\" \/>\n<meta property=\"og:description\" content=\"F\u00fchrungspersonen ohne Follower sind keine F\u00fchrungspersonen. Doch je mehr Leute Ihnen folgen, desto st\u00e4rker ist Ihr Einfluss als Leader.\" \/>\n<meta property=\"og:url\" content=\"https:\/\/www.organisator.ch\/it\/gestione-2\/2021-08-27\/fuehrungspersonen-ohne-follower-warum-ihnen-keiner-folgt\/\" \/>\n<meta property=\"og:site_name\" content=\"Organisator\" \/>\n<meta property=\"article:publisher\" content=\"https:\/\/www.facebook.com\/OrganisatorFachmagazin\" \/>\n<meta property=\"article:published_time\" content=\"2021-08-27T07:17:21+00:00\" \/>\n<meta property=\"og:image\" content=\"https:\/\/www.organisator.ch\/wp-content\/uploads\/2021\/08\/Fuehrungspersonen-ohne-Follower-Warum-ihnen-keiner-folgt_Organisator.jpg\" \/>\n\t<meta property=\"og:image:width\" content=\"680\" \/>\n\t<meta property=\"og:image:height\" content=\"488\" \/>\n\t<meta property=\"og:image:type\" content=\"image\/jpeg\" \/>\n<meta name=\"author\" content=\"thomas.berner\" \/>\n<meta name=\"twitter:card\" content=\"summary_large_image\" \/>\n<meta name=\"twitter:title\" content=\"#F\u00fchrungspersonen ohne #Follower: Warum ihnen keiner folgt\u2026\" \/>\n<meta name=\"twitter:description\" content=\"#F\u00fchrungspersonen ohne #Follower sind keine F\u00fchrungspersonen. Doch je mehr Leute Ihnen folgen, desto st\u00e4rker ist Ihr Einfluss als #Leader.\" \/>\n<meta name=\"twitter:image\" content=\"https:\/\/www.organisator.ch\/wp-content\/uploads\/2021\/08\/Fuehrungspersonen-ohne-Follower-Warum-ihnen-keiner-folgt_Organisator.jpg\" \/>\n<script type=\"application\/ld+json\" class=\"yoast-schema-graph\">{\"@context\":\"https:\\\/\\\/schema.org\",\"@graph\":[{\"@type\":\"Article\",\"@id\":\"https:\\\/\\\/www.organisator.ch\\\/management\\\/2021-08-27\\\/fuehrungspersonen-ohne-follower-warum-ihnen-keiner-folgt\\\/#article\",\"isPartOf\":{\"@id\":\"https:\\\/\\\/www.organisator.ch\\\/management\\\/2021-08-27\\\/fuehrungspersonen-ohne-follower-warum-ihnen-keiner-folgt\\\/\"},\"author\":{\"name\":\"thomas.berner\",\"@id\":\"https:\\\/\\\/www.organisator.ch\\\/#\\\/schema\\\/person\\\/6f650f90b2842cd4c0cc334b4e36f67e\"},\"headline\":\"F\u00fchrungspersonen ohne Follower: Warum ihnen keiner folgt\u2026\",\"datePublished\":\"2021-08-27T07:17:21+00:00\",\"mainEntityOfPage\":{\"@id\":\"https:\\\/\\\/www.organisator.ch\\\/management\\\/2021-08-27\\\/fuehrungspersonen-ohne-follower-warum-ihnen-keiner-folgt\\\/\"},\"wordCount\":440,\"publisher\":{\"@id\":\"https:\\\/\\\/www.organisator.ch\\\/#organization\"},\"image\":{\"@id\":\"https:\\\/\\\/www.organisator.ch\\\/management\\\/2021-08-27\\\/fuehrungspersonen-ohne-follower-warum-ihnen-keiner-folgt\\\/#primaryimage\"},\"thumbnailUrl\":\"https:\\\/\\\/www.organisator.ch\\\/wp-content\\\/uploads\\\/2021\\\/08\\\/Fuehrungspersonen-ohne-Follower-Warum-ihnen-keiner-folgt_Organisator.jpg\",\"keywords\":[\"Checklisten\",\"Erfolgs-Impuls\",\"Leadership\",\"Management und Unternehmensf\u00fchrung\"],\"articleSection\":[\"MANAGEMENT\"],\"inLanguage\":\"it-IT\"},{\"@type\":\"WebPage\",\"@id\":\"https:\\\/\\\/www.organisator.ch\\\/management\\\/2021-08-27\\\/fuehrungspersonen-ohne-follower-warum-ihnen-keiner-folgt\\\/\",\"url\":\"https:\\\/\\\/www.organisator.ch\\\/management\\\/2021-08-27\\\/fuehrungspersonen-ohne-follower-warum-ihnen-keiner-folgt\\\/\",\"name\":\"F\u00fchrungspersonen ohne Follower: Warum ihnen keiner folgt\u2026 - Organisator\",\"isPartOf\":{\"@id\":\"https:\\\/\\\/www.organisator.ch\\\/#website\"},\"primaryImageOfPage\":{\"@id\":\"https:\\\/\\\/www.organisator.ch\\\/management\\\/2021-08-27\\\/fuehrungspersonen-ohne-follower-warum-ihnen-keiner-folgt\\\/#primaryimage\"},\"image\":{\"@id\":\"https:\\\/\\\/www.organisator.ch\\\/management\\\/2021-08-27\\\/fuehrungspersonen-ohne-follower-warum-ihnen-keiner-folgt\\\/#primaryimage\"},\"thumbnailUrl\":\"https:\\\/\\\/www.organisator.ch\\\/wp-content\\\/uploads\\\/2021\\\/08\\\/Fuehrungspersonen-ohne-Follower-Warum-ihnen-keiner-folgt_Organisator.jpg\",\"datePublished\":\"2021-08-27T07:17:21+00:00\",\"description\":\"F\u00fchrungspersonen ohne Follower sind keine F\u00fchrungspersonen. Doch je mehr Leute Ihnen folgen, desto st\u00e4rker ist Ihr Einfluss als Leader.\",\"breadcrumb\":{\"@id\":\"https:\\\/\\\/www.organisator.ch\\\/management\\\/2021-08-27\\\/fuehrungspersonen-ohne-follower-warum-ihnen-keiner-folgt\\\/#breadcrumb\"},\"inLanguage\":\"it-IT\",\"potentialAction\":[{\"@type\":\"ReadAction\",\"target\":[\"https:\\\/\\\/www.organisator.ch\\\/management\\\/2021-08-27\\\/fuehrungspersonen-ohne-follower-warum-ihnen-keiner-folgt\\\/\"]}]},{\"@type\":\"ImageObject\",\"inLanguage\":\"it-IT\",\"@id\":\"https:\\\/\\\/www.organisator.ch\\\/management\\\/2021-08-27\\\/fuehrungspersonen-ohne-follower-warum-ihnen-keiner-folgt\\\/#primaryimage\",\"url\":\"https:\\\/\\\/www.organisator.ch\\\/wp-content\\\/uploads\\\/2021\\\/08\\\/Fuehrungspersonen-ohne-Follower-Warum-ihnen-keiner-folgt_Organisator.jpg\",\"contentUrl\":\"https:\\\/\\\/www.organisator.ch\\\/wp-content\\\/uploads\\\/2021\\\/08\\\/Fuehrungspersonen-ohne-Follower-Warum-ihnen-keiner-folgt_Organisator.jpg\",\"width\":680,\"height\":488,\"caption\":\"Warum wundern sich F\u00fchrungspersonen, dass ihnen die Leute nicht folgen? Der vorliegende Erfolgs-Impuls zeigt Gr\u00fcnde auf. (Bild: Pixabay.com)\"},{\"@type\":\"BreadcrumbList\",\"@id\":\"https:\\\/\\\/www.organisator.ch\\\/management\\\/2021-08-27\\\/fuehrungspersonen-ohne-follower-warum-ihnen-keiner-folgt\\\/#breadcrumb\",\"itemListElement\":[{\"@type\":\"ListItem\",\"position\":1,\"name\":\"Home\",\"item\":\"https:\\\/\\\/www.organisator.ch\\\/\"},{\"@type\":\"ListItem\",\"position\":2,\"name\":\"F\u00fchrungspersonen ohne Follower: Warum ihnen keiner folgt\u2026\"}]},{\"@type\":\"WebSite\",\"@id\":\"https:\\\/\\\/www.organisator.ch\\\/#website\",\"url\":\"https:\\\/\\\/www.organisator.ch\\\/\",\"name\":\"Organisator\",\"description\":\"Kompetent. Praxisnah. Der ORGANISATOR bereitet in 10 Ausgaben pro Jahr die wesentlichen Themen f\u00fcr F\u00fchrungskr\u00e4fte von KMU auf.\",\"publisher\":{\"@id\":\"https:\\\/\\\/www.organisator.ch\\\/#organization\"},\"potentialAction\":[{\"@type\":\"SearchAction\",\"target\":{\"@type\":\"EntryPoint\",\"urlTemplate\":\"https:\\\/\\\/www.organisator.ch\\\/?s={search_term_string}\"},\"query-input\":{\"@type\":\"PropertyValueSpecification\",\"valueRequired\":true,\"valueName\":\"search_term_string\"}}],\"inLanguage\":\"it-IT\"},{\"@type\":\"Organization\",\"@id\":\"https:\\\/\\\/www.organisator.ch\\\/#organization\",\"name\":\"Organisator\",\"url\":\"https:\\\/\\\/www.organisator.ch\\\/\",\"logo\":{\"@type\":\"ImageObject\",\"inLanguage\":\"it-IT\",\"@id\":\"https:\\\/\\\/www.organisator.ch\\\/#\\\/schema\\\/logo\\\/image\\\/\",\"url\":\"https:\\\/\\\/www.organisator.ch\\\/wp-content\\\/uploads\\\/2022\\\/01\\\/Logo_Organisator_Website.png\",\"contentUrl\":\"https:\\\/\\\/www.organisator.ch\\\/wp-content\\\/uploads\\\/2022\\\/01\\\/Logo_Organisator_Website.png\",\"width\":800,\"height\":77,\"caption\":\"Organisator\"},\"image\":{\"@id\":\"https:\\\/\\\/www.organisator.ch\\\/#\\\/schema\\\/logo\\\/image\\\/\"},\"sameAs\":[\"https:\\\/\\\/www.facebook.com\\\/OrganisatorFachmagazin\",\"https:\\\/\\\/www.linkedin.com\\\/showcase\\\/organisator-das-magazin-fr-kmu\",\"https:\\\/\\\/www.xing.com\\\/news\\\/pages\\\/organisator-ch-695\",\"https:\\\/\\\/www.youtube.com\\\/channel\\\/UCGP2Sq0iWaZwT3BdIAQFYpw\"]},{\"@type\":\"Person\",\"@id\":\"https:\\\/\\\/www.organisator.ch\\\/#\\\/schema\\\/person\\\/6f650f90b2842cd4c0cc334b4e36f67e\",\"name\":\"thomas.berner\",\"image\":{\"@type\":\"ImageObject\",\"inLanguage\":\"it-IT\",\"@id\":\"https:\\\/\\\/secure.gravatar.com\\\/avatar\\\/ac5001d2a36cb6c6cd3e50789007ffca834b477b74a2144564522e944eabff61?s=96&d=mm&r=g\",\"url\":\"https:\\\/\\\/secure.gravatar.com\\\/avatar\\\/ac5001d2a36cb6c6cd3e50789007ffca834b477b74a2144564522e944eabff61?s=96&d=mm&r=g\",\"contentUrl\":\"https:\\\/\\\/secure.gravatar.com\\\/avatar\\\/ac5001d2a36cb6c6cd3e50789007ffca834b477b74a2144564522e944eabff61?s=96&d=mm&r=g\",\"caption\":\"thomas.berner\"},\"url\":\"https:\\\/\\\/www.organisator.ch\\\/it\\\/author\\\/thomas-berner\\\/\"}]}<\/script>\n<!-- \/ Yoast SEO plugin. -->","yoast_head_json":{"title":"Leader senza seguaci: perch\u00e9 nessuno li segue... - Organizzatore","description":"I leader senza seguaci non sono leader. Ma pi\u00f9 persone vi seguono, pi\u00f9 forte \u00e8 la vostra influenza come leader.","robots":{"index":"index","follow":"follow","max-snippet":"max-snippet:-1","max-image-preview":"max-image-preview:large","max-video-preview":"max-video-preview:-1"},"canonical":"https:\/\/www.organisator.ch\/it\/gestione-2\/2021-08-27\/fuehrungspersonen-ohne-follower-warum-ihnen-keiner-folgt\/","og_locale":"it_IT","og_type":"article","og_title":"F\u00fchrungspersonen ohne Follower: Warum ihnen keiner folgt\u2026","og_description":"F\u00fchrungspersonen ohne Follower sind keine F\u00fchrungspersonen. Doch je mehr Leute Ihnen folgen, desto st\u00e4rker ist Ihr Einfluss als Leader.","og_url":"https:\/\/www.organisator.ch\/it\/gestione-2\/2021-08-27\/fuehrungspersonen-ohne-follower-warum-ihnen-keiner-folgt\/","og_site_name":"Organisator","article_publisher":"https:\/\/www.facebook.com\/OrganisatorFachmagazin","article_published_time":"2021-08-27T07:17:21+00:00","og_image":[{"width":680,"height":488,"url":"https:\/\/www.organisator.ch\/wp-content\/uploads\/2021\/08\/Fuehrungspersonen-ohne-Follower-Warum-ihnen-keiner-folgt_Organisator.jpg","type":"image\/jpeg"}],"author":"thomas.berner","twitter_card":"summary_large_image","twitter_title":"#F\u00fchrungspersonen ohne #Follower: Warum ihnen keiner folgt\u2026","twitter_description":"#F\u00fchrungspersonen ohne #Follower sind keine F\u00fchrungspersonen. Doch je mehr Leute Ihnen folgen, desto st\u00e4rker ist Ihr Einfluss als #Leader.","twitter_image":"https:\/\/www.organisator.ch\/wp-content\/uploads\/2021\/08\/Fuehrungspersonen-ohne-Follower-Warum-ihnen-keiner-folgt_Organisator.jpg","schema":{"@context":"https:\/\/schema.org","@graph":[{"@type":"Article","@id":"https:\/\/www.organisator.ch\/management\/2021-08-27\/fuehrungspersonen-ohne-follower-warum-ihnen-keiner-folgt\/#article","isPartOf":{"@id":"https:\/\/www.organisator.ch\/management\/2021-08-27\/fuehrungspersonen-ohne-follower-warum-ihnen-keiner-folgt\/"},"author":{"name":"thomas.berner","@id":"https:\/\/www.organisator.ch\/#\/schema\/person\/6f650f90b2842cd4c0cc334b4e36f67e"},"headline":"F\u00fchrungspersonen ohne Follower: Warum ihnen keiner folgt\u2026","datePublished":"2021-08-27T07:17:21+00:00","mainEntityOfPage":{"@id":"https:\/\/www.organisator.ch\/management\/2021-08-27\/fuehrungspersonen-ohne-follower-warum-ihnen-keiner-folgt\/"},"wordCount":440,"publisher":{"@id":"https:\/\/www.organisator.ch\/#organization"},"image":{"@id":"https:\/\/www.organisator.ch\/management\/2021-08-27\/fuehrungspersonen-ohne-follower-warum-ihnen-keiner-folgt\/#primaryimage"},"thumbnailUrl":"https:\/\/www.organisator.ch\/wp-content\/uploads\/2021\/08\/Fuehrungspersonen-ohne-Follower-Warum-ihnen-keiner-folgt_Organisator.jpg","keywords":["Checklisten","Erfolgs-Impuls","Leadership","Management und Unternehmensf\u00fchrung"],"articleSection":["MANAGEMENT"],"inLanguage":"it-IT"},{"@type":"WebPage","@id":"https:\/\/www.organisator.ch\/management\/2021-08-27\/fuehrungspersonen-ohne-follower-warum-ihnen-keiner-folgt\/","url":"https:\/\/www.organisator.ch\/management\/2021-08-27\/fuehrungspersonen-ohne-follower-warum-ihnen-keiner-folgt\/","name":"Leader senza seguaci: perch\u00e9 nessuno li segue... - Organizzatore","isPartOf":{"@id":"https:\/\/www.organisator.ch\/#website"},"primaryImageOfPage":{"@id":"https:\/\/www.organisator.ch\/management\/2021-08-27\/fuehrungspersonen-ohne-follower-warum-ihnen-keiner-folgt\/#primaryimage"},"image":{"@id":"https:\/\/www.organisator.ch\/management\/2021-08-27\/fuehrungspersonen-ohne-follower-warum-ihnen-keiner-folgt\/#primaryimage"},"thumbnailUrl":"https:\/\/www.organisator.ch\/wp-content\/uploads\/2021\/08\/Fuehrungspersonen-ohne-Follower-Warum-ihnen-keiner-folgt_Organisator.jpg","datePublished":"2021-08-27T07:17:21+00:00","description":"I leader senza seguaci non sono leader. Ma pi\u00f9 persone vi seguono, pi\u00f9 forte \u00e8 la vostra influenza come leader.","breadcrumb":{"@id":"https:\/\/www.organisator.ch\/management\/2021-08-27\/fuehrungspersonen-ohne-follower-warum-ihnen-keiner-folgt\/#breadcrumb"},"inLanguage":"it-IT","potentialAction":[{"@type":"ReadAction","target":["https:\/\/www.organisator.ch\/management\/2021-08-27\/fuehrungspersonen-ohne-follower-warum-ihnen-keiner-folgt\/"]}]},{"@type":"ImageObject","inLanguage":"it-IT","@id":"https:\/\/www.organisator.ch\/management\/2021-08-27\/fuehrungspersonen-ohne-follower-warum-ihnen-keiner-folgt\/#primaryimage","url":"https:\/\/www.organisator.ch\/wp-content\/uploads\/2021\/08\/Fuehrungspersonen-ohne-Follower-Warum-ihnen-keiner-folgt_Organisator.jpg","contentUrl":"https:\/\/www.organisator.ch\/wp-content\/uploads\/2021\/08\/Fuehrungspersonen-ohne-Follower-Warum-ihnen-keiner-folgt_Organisator.jpg","width":680,"height":488,"caption":"Warum wundern sich F\u00fchrungspersonen, dass ihnen die Leute nicht folgen? Der vorliegende Erfolgs-Impuls zeigt Gr\u00fcnde auf. (Bild: Pixabay.com)"},{"@type":"BreadcrumbList","@id":"https:\/\/www.organisator.ch\/management\/2021-08-27\/fuehrungspersonen-ohne-follower-warum-ihnen-keiner-folgt\/#breadcrumb","itemListElement":[{"@type":"ListItem","position":1,"name":"Home","item":"https:\/\/www.organisator.ch\/"},{"@type":"ListItem","position":2,"name":"F\u00fchrungspersonen ohne Follower: Warum ihnen keiner folgt\u2026"}]},{"@type":"WebSite","@id":"https:\/\/www.organisator.ch\/#website","url":"https:\/\/www.organisator.ch\/","name":"Organizzatore","description":"Competente. Pratico. In 10 numeri all'anno, ORGANISATOR presenta i temi essenziali per i manager delle PMI.","publisher":{"@id":"https:\/\/www.organisator.ch\/#organization"},"potentialAction":[{"@type":"SearchAction","target":{"@type":"EntryPoint","urlTemplate":"https:\/\/www.organisator.ch\/?s={search_term_string}"},"query-input":{"@type":"PropertyValueSpecification","valueRequired":true,"valueName":"search_term_string"}}],"inLanguage":"it-IT"},{"@type":"Organization","@id":"https:\/\/www.organisator.ch\/#organization","name":"Organizzatore","url":"https:\/\/www.organisator.ch\/","logo":{"@type":"ImageObject","inLanguage":"it-IT","@id":"https:\/\/www.organisator.ch\/#\/schema\/logo\/image\/","url":"https:\/\/www.organisator.ch\/wp-content\/uploads\/2022\/01\/Logo_Organisator_Website.png","contentUrl":"https:\/\/www.organisator.ch\/wp-content\/uploads\/2022\/01\/Logo_Organisator_Website.png","width":800,"height":77,"caption":"Organisator"},"image":{"@id":"https:\/\/www.organisator.ch\/#\/schema\/logo\/image\/"},"sameAs":["https:\/\/www.facebook.com\/OrganisatorFachmagazin","https:\/\/www.linkedin.com\/showcase\/organisator-das-magazin-fr-kmu","https:\/\/www.xing.com\/news\/pages\/organisator-ch-695","https:\/\/www.youtube.com\/channel\/UCGP2Sq0iWaZwT3BdIAQFYpw"]},{"@type":"Person","@id":"https:\/\/www.organisator.ch\/#\/schema\/person\/6f650f90b2842cd4c0cc334b4e36f67e","name":"Tommaso.berner","image":{"@type":"ImageObject","inLanguage":"it-IT","@id":"https:\/\/secure.gravatar.com\/avatar\/ac5001d2a36cb6c6cd3e50789007ffca834b477b74a2144564522e944eabff61?s=96&d=mm&r=g","url":"https:\/\/secure.gravatar.com\/avatar\/ac5001d2a36cb6c6cd3e50789007ffca834b477b74a2144564522e944eabff61?s=96&d=mm&r=g","contentUrl":"https:\/\/secure.gravatar.com\/avatar\/ac5001d2a36cb6c6cd3e50789007ffca834b477b74a2144564522e944eabff61?s=96&d=mm&r=g","caption":"thomas.berner"},"url":"https:\/\/www.organisator.ch\/it\/author\/thomas-berner\/"}]}},"_links":{"self":[{"href":"https:\/\/www.organisator.ch\/it\/wp-json\/wp\/v2\/posts\/8437","targetHints":{"allow":["GET"]}}],"collection":[{"href":"https:\/\/www.organisator.ch\/it\/wp-json\/wp\/v2\/posts"}],"about":[{"href":"https:\/\/www.organisator.ch\/it\/wp-json\/wp\/v2\/types\/post"}],"author":[{"embeddable":true,"href":"https:\/\/www.organisator.ch\/it\/wp-json\/wp\/v2\/users\/4"}],"replies":[{"embeddable":true,"href":"https:\/\/www.organisator.ch\/it\/wp-json\/wp\/v2\/comments?post=8437"}],"version-history":[{"count":0,"href":"https:\/\/www.organisator.ch\/it\/wp-json\/wp\/v2\/posts\/8437\/revisions"}],"wp:featuredmedia":[{"embeddable":true,"href":"https:\/\/www.organisator.ch\/it\/wp-json\/wp\/v2\/media\/8438"}],"wp:attachment":[{"href":"https:\/\/www.organisator.ch\/it\/wp-json\/wp\/v2\/media?parent=8437"}],"wp:term":[{"taxonomy":"category","embeddable":true,"href":"https:\/\/www.organisator.ch\/it\/wp-json\/wp\/v2\/categories?post=8437"},{"taxonomy":"post_tag","embeddable":true,"href":"https:\/\/www.organisator.ch\/it\/wp-json\/wp\/v2\/tags?post=8437"}],"curies":[{"name":"wp","href":"https:\/\/api.w.org\/{rel}","templated":true}]}}