{"id":85,"date":"2016-01-26T15:03:56","date_gmt":"2016-01-26T14:03:56","guid":{"rendered":"http:\/\/dev.organisator.ch\/?p=85"},"modified":"2016-01-26T15:03:56","modified_gmt":"2016-01-26T14:03:56","slug":"oetiker-gruppe-gewinnt-prix-svc-wirtschaftsraum-zuerich","status":"publish","type":"post","link":"https:\/\/www.organisator.ch\/it\/allgemein\/2016-01-26\/oetiker-gruppe-gewinnt-prix-svc-wirtschaftsraum-zuerich\/","title":{"rendered":"Oetiker Group vince il premio SVC Wirtschaftsraum Z\u00fcrich"},"content":{"rendered":"<figure id=\"attachment_86\" aria-describedby=\"caption-attachment-86\" style=\"width: 341px\" class=\"wp-caption alignnone\"><img loading=\"lazy\" decoding=\"async\" class=\"size-full wp-image-86\" src=\"https:\/\/www.organisator.ch\/wp-content\/uploads\/2016\/12\/Oetiker-Gruppe-gewinnt-Prix-SVC-Wirtschaftsraum-Zuerich-organisator.jpg\" alt=\"\" width=\"341\" height=\"336\" \/><figcaption id=\"caption-attachment-86\" class=\"wp-caption-text\">Thomas Meier-Bickel del gruppo Oetiker con il trofeo, il presidente dell'SVC Hans-Ulrich M\u00fcller applaude.<\/figcaption><\/figure>\n<p>Lo Swiss Venture Club SVC \u00e8 un'associazione indipendente di imprenditori per le aziende. Essa mira in particolare a rafforzare le PMI - la nota \"spina dorsale dell'economia svizzera\". In quest'ottica, l'USC premia regolarmente nelle sue sette regioni le imprese che appartengono \"all'\u00e9lite delle PMI svizzere\", come lo descrive Andreas Gerber, presidente del Prix SVC Wirtschaftsraum Z\u00fcrich. Ed \u00e8 proprio in questa regione economica di Zurigo che sei aziende sono state premiate per la quinta volta il 21 gennaio.<\/p>\n<p><strong>Impresa familiare nella terza generazione<\/strong><br \/>\nIl vincitore di quest'anno del Prix SVC Wirtschaftsraum Z\u00fcrich \u00e8 il gruppo Oetiker, guidato nella terza generazione dal CEO Thomas Meier-Bickel. Si \u00e8 posizionata con successo come leader del mercato mondiale nella produzione di piccole parti come morsetti, clip e anelli, nonch\u00e9 soluzioni di assemblaggio. Con pi\u00f9 di 30 filiali e circa 1500 dipendenti in tutto il mondo, il gruppo Oetiker serve clienti in oltre 70 paesi. Michael Steinmann, presidente della giuria di 13 membri, nel suo elogio al nuovo vincitore: \"Il gruppo Oetiker dimostra in modo impressionante come possono ridurre i prezzi di produzione di un singolo pezzo ottimizzando i processi e le nuove tecnologie e quindi rimanere redditizio in ogni momento. Il gruppo Oetiker \u00e8 anche un esempio di un'impresa familiare svizzera che ha padroneggiato con successo la pianificazione della successione\".<\/p>\n<p><strong>Gli altri vincitori<\/strong><br \/>\nIl secondo posto va al Kalaidos Bildungsgruppe Schweiz, con sede a Zurigo, il cui portafoglio educativo spazia dal livello di scuola primaria e secondaria all'istruzione e formazione professionale e al livello universitario. Il vincitore del terzo posto \u00e8 Trafag AG di Bubikon, specializzata in sensori innovativi e dispositivi di monitoraggio per pressione, temperatura e densit\u00e0 del gas. Altri vincitori sono stati Bucher Leichtbau AG di F\u00e4llanden, IE Industrial Engineering Z\u00fcrich AG di Zurigo e il gruppo Katadyn di Kemptthal.<\/p>\n<p><strong>Celebrazione dignitosa nell'Hallenstadion di Zurigo<\/strong><br \/>\nIl Prix SVC Wirtschaftsraum Z\u00fcrich ha offerto a circa 1.800 ospiti invitati dal mondo degli affari, della scienza, della politica, dei media e della cultura una visione dell'impressionante e diversa imprenditorialit\u00e0 della regione. La cerimonia di premiazione all'Hallenstadion di Zurigo \u00e8 stata ospitata per la prima volta da Nik Hartmann. Il fulcro dell'evento \u00e8 stata la presentazione delle sei aziende nominate: Ritratti cinematografici e conversazioni dal vivo con gli amministratori delegati delle aziende hanno dato al pubblico delle intuizioni emozionanti sulle storie di successo dei finalisti. Il programma di sostegno si \u00e8 aperto con un discorso tra Ernst Stocker, presidente del governo e direttore delle finanze del Cantone di Zurigo, e Hans-Ulrich M\u00fcller, presidente dell'USC. I temi discussi sono stati la forza economica di Zurigo come business location, il suo orientamento internazionale e la diversit\u00e0 e la capacit\u00e0 innovativa della regione.<br \/>\n<a href=\"http:\/\/www.swiss-venture-club.ch\" target=\"_blank\" data-cke-saved-href=\"http:\/\/www.swiss-venture-club.ch\" rel=\"noopener\">www.swiss-venture-club.ch<\/a><\/p>","protected":false},"excerpt":{"rendered":"<p>Der Swiss Venture Club SVC ist ein unabh\u00e4ngiger Verein von Unternehmern f\u00fcr Unternehmen. Er will insbesondere die KMU &#8211; das sattsam bekannte &#8222;R\u00fcckgrat der Schweizer Wirtschaft&#8220; &#8211; st\u00e4rken. In diesem Sinne zeichnet der SVC in seinen sieben Regionen regelm\u00e4ssig Unternehmen aus, die &#8222;zur KMU-Elite der Schweiz&#8220; geh\u00f6ren, wie es Andreas Gerber, OK-Pr\u00e4sident des Prix SVC [&hellip;]<\/p>\n","protected":false},"author":1,"featured_media":8464,"comment_status":"open","ping_status":"open","sticky":false,"template":"","format":"standard","meta":{"_acf_changed":false,"_yoast_wpseo_focuskw":"Prix SVC","_yoast_wpseo_metadesc":"Der 5 Prix SVC Wirtschaftsraum Z\u00fcrich gewinnt die Oetiker Gruppe aus Horgen. Ein international t\u00e4tiges Familienunternehmen.","articlekey":"","footnotes":""},"categories":[1],"tags":[492],"class_list":["post-85","post","type-post","status-publish","format-standard","has-post-thumbnail","hentry","category-allgemein","tag-unternehmen"],"acf":[],"yoast_head":"<!-- This site is optimized with the Yoast SEO plugin v27.5 - https:\/\/yoast.com\/product\/yoast-seo-wordpress\/ -->\n<title>Oetiker Gruppe gewinnt Prix SVC Wirtschaftsraum Z\u00fcrich - Organisator<\/title>\n<meta name=\"description\" content=\"Der 5 Prix SVC Wirtschaftsraum Z\u00fcrich gewinnt die Oetiker Gruppe aus Horgen. Ein international t\u00e4tiges Familienunternehmen.\" \/>\n<meta name=\"robots\" content=\"index, follow, max-snippet:-1, max-image-preview:large, max-video-preview:-1\" \/>\n<link rel=\"canonical\" href=\"https:\/\/www.organisator.ch\/it\/generale\/2016-01-26\/oetiker-gruppe-gewinnt-prix-svc-wirtschaftsraum-zuerich\/\" \/>\n<meta property=\"og:locale\" content=\"it_IT\" \/>\n<meta property=\"og:type\" content=\"article\" \/>\n<meta property=\"og:title\" content=\"Oetiker Gruppe gewinnt Prix SVC Wirtschaftsraum Z\u00fcrich\" \/>\n<meta property=\"og:description\" content=\"Der f\u00fcnfte Prix SVC Wirtschaftsraum Z\u00fcrich gewinnt die Oetiker Gruppe aus Horgen. Das international t\u00e4tige Familienunternehmen Oetiker entwickelt, produziert und vertreibt Klemmen, Schellen und Ringe sowie passende Montagel\u00f6sungen f\u00fcr verschiedene Automobil- und Industrieanwendungen.\" \/>\n<meta property=\"og:url\" content=\"https:\/\/www.organisator.ch\/it\/generale\/2016-01-26\/oetiker-gruppe-gewinnt-prix-svc-wirtschaftsraum-zuerich\/\" \/>\n<meta property=\"og:site_name\" content=\"Organisator\" \/>\n<meta property=\"article:publisher\" content=\"https:\/\/www.facebook.com\/OrganisatorFachmagazin\" \/>\n<meta property=\"article:published_time\" content=\"2016-01-26T14:03:56+00:00\" \/>\n<meta name=\"author\" content=\"admin\" \/>\n<meta name=\"twitter:card\" content=\"summary_large_image\" \/>\n<meta name=\"twitter:image\" content=\"https:\/\/www.organisator.ch\/wp-content\/uploads\/2016\/12\/Oetiker-Gruppe-gewinnt-Prix-SVC-Wirtschaftsraum-Zuerich-organisator.jpg\" \/>\n<script type=\"application\/ld+json\" class=\"yoast-schema-graph\">{\"@context\":\"https:\\\/\\\/schema.org\",\"@graph\":[{\"@type\":\"Article\",\"@id\":\"https:\\\/\\\/www.organisator.ch\\\/en\\\/general\\\/2016-01-26\\\/oetiker-gruppe-gewinnt-prix-svc-wirtschaftsraum-zuerich\\\/#article\",\"isPartOf\":{\"@id\":\"https:\\\/\\\/www.organisator.ch\\\/en\\\/general\\\/2016-01-26\\\/oetiker-gruppe-gewinnt-prix-svc-wirtschaftsraum-zuerich\\\/\"},\"author\":{\"name\":\"admin\",\"@id\":\"https:\\\/\\\/www.organisator.ch\\\/#\\\/schema\\\/person\\\/aa2bace6c5c5aad60102004a50c4eb1c\"},\"headline\":\"Oetiker Gruppe gewinnt Prix SVC Wirtschaftsraum Z\u00fcrich\",\"datePublished\":\"2016-01-26T14:03:56+00:00\",\"mainEntityOfPage\":{\"@id\":\"https:\\\/\\\/www.organisator.ch\\\/en\\\/general\\\/2016-01-26\\\/oetiker-gruppe-gewinnt-prix-svc-wirtschaftsraum-zuerich\\\/\"},\"wordCount\":451,\"commentCount\":0,\"publisher\":{\"@id\":\"https:\\\/\\\/www.organisator.ch\\\/#organization\"},\"image\":{\"@id\":\"https:\\\/\\\/www.organisator.ch\\\/en\\\/general\\\/2016-01-26\\\/oetiker-gruppe-gewinnt-prix-svc-wirtschaftsraum-zuerich\\\/#primaryimage\"},\"thumbnailUrl\":\"https:\\\/\\\/www.organisator.ch\\\/wp-content\\\/uploads\\\/2016\\\/12\\\/Oetiker-Gruppe-gewinnt-Prix-SVC-Wirtschaftsraum-Zuerich-organisator.jpg\",\"keywords\":[\"Unternehmen\"],\"articleSection\":[\"Allgemein\"],\"inLanguage\":\"it-IT\"},{\"@type\":\"WebPage\",\"@id\":\"https:\\\/\\\/www.organisator.ch\\\/en\\\/general\\\/2016-01-26\\\/oetiker-gruppe-gewinnt-prix-svc-wirtschaftsraum-zuerich\\\/\",\"url\":\"https:\\\/\\\/www.organisator.ch\\\/en\\\/general\\\/2016-01-26\\\/oetiker-gruppe-gewinnt-prix-svc-wirtschaftsraum-zuerich\\\/\",\"name\":\"Oetiker Gruppe gewinnt Prix SVC Wirtschaftsraum Z\u00fcrich - Organisator\",\"isPartOf\":{\"@id\":\"https:\\\/\\\/www.organisator.ch\\\/#website\"},\"primaryImageOfPage\":{\"@id\":\"https:\\\/\\\/www.organisator.ch\\\/en\\\/general\\\/2016-01-26\\\/oetiker-gruppe-gewinnt-prix-svc-wirtschaftsraum-zuerich\\\/#primaryimage\"},\"image\":{\"@id\":\"https:\\\/\\\/www.organisator.ch\\\/en\\\/general\\\/2016-01-26\\\/oetiker-gruppe-gewinnt-prix-svc-wirtschaftsraum-zuerich\\\/#primaryimage\"},\"thumbnailUrl\":\"https:\\\/\\\/www.organisator.ch\\\/wp-content\\\/uploads\\\/2016\\\/12\\\/Oetiker-Gruppe-gewinnt-Prix-SVC-Wirtschaftsraum-Zuerich-organisator.jpg\",\"datePublished\":\"2016-01-26T14:03:56+00:00\",\"description\":\"Der 5 Prix SVC Wirtschaftsraum Z\u00fcrich gewinnt die Oetiker Gruppe aus Horgen. Ein international t\u00e4tiges Familienunternehmen.\",\"breadcrumb\":{\"@id\":\"https:\\\/\\\/www.organisator.ch\\\/en\\\/general\\\/2016-01-26\\\/oetiker-gruppe-gewinnt-prix-svc-wirtschaftsraum-zuerich\\\/#breadcrumb\"},\"inLanguage\":\"it-IT\",\"potentialAction\":[{\"@type\":\"ReadAction\",\"target\":[\"https:\\\/\\\/www.organisator.ch\\\/en\\\/general\\\/2016-01-26\\\/oetiker-gruppe-gewinnt-prix-svc-wirtschaftsraum-zuerich\\\/\"]}]},{\"@type\":\"ImageObject\",\"inLanguage\":\"it-IT\",\"@id\":\"https:\\\/\\\/www.organisator.ch\\\/en\\\/general\\\/2016-01-26\\\/oetiker-gruppe-gewinnt-prix-svc-wirtschaftsraum-zuerich\\\/#primaryimage\",\"url\":\"https:\\\/\\\/www.organisator.ch\\\/wp-content\\\/uploads\\\/2016\\\/12\\\/Oetiker-Gruppe-gewinnt-Prix-SVC-Wirtschaftsraum-Zuerich-organisator.jpg\",\"contentUrl\":\"https:\\\/\\\/www.organisator.ch\\\/wp-content\\\/uploads\\\/2016\\\/12\\\/Oetiker-Gruppe-gewinnt-Prix-SVC-Wirtschaftsraum-Zuerich-organisator.jpg\",\"width\":341,\"height\":336,\"caption\":\"Thomas Meier-Bickel von der Oetiker Gruppe mit der Troph\u00e4e, SVC-Pr\u00e4sident Hans-Ulrich M\u00fcller applaudiert.\"},{\"@type\":\"BreadcrumbList\",\"@id\":\"https:\\\/\\\/www.organisator.ch\\\/en\\\/general\\\/2016-01-26\\\/oetiker-gruppe-gewinnt-prix-svc-wirtschaftsraum-zuerich\\\/#breadcrumb\",\"itemListElement\":[{\"@type\":\"ListItem\",\"position\":1,\"name\":\"Home\",\"item\":\"https:\\\/\\\/www.organisator.ch\\\/\"},{\"@type\":\"ListItem\",\"position\":2,\"name\":\"Oetiker Gruppe gewinnt Prix SVC Wirtschaftsraum Z\u00fcrich\"}]},{\"@type\":\"WebSite\",\"@id\":\"https:\\\/\\\/www.organisator.ch\\\/#website\",\"url\":\"https:\\\/\\\/www.organisator.ch\\\/\",\"name\":\"Organisator\",\"description\":\"Kompetent. Praxisnah. Der ORGANISATOR bereitet in 10 Ausgaben pro Jahr die wesentlichen Themen f\u00fcr F\u00fchrungskr\u00e4fte von KMU auf.\",\"publisher\":{\"@id\":\"https:\\\/\\\/www.organisator.ch\\\/#organization\"},\"potentialAction\":[{\"@type\":\"SearchAction\",\"target\":{\"@type\":\"EntryPoint\",\"urlTemplate\":\"https:\\\/\\\/www.organisator.ch\\\/?s={search_term_string}\"},\"query-input\":{\"@type\":\"PropertyValueSpecification\",\"valueRequired\":true,\"valueName\":\"search_term_string\"}}],\"inLanguage\":\"it-IT\"},{\"@type\":\"Organization\",\"@id\":\"https:\\\/\\\/www.organisator.ch\\\/#organization\",\"name\":\"Organisator\",\"url\":\"https:\\\/\\\/www.organisator.ch\\\/\",\"logo\":{\"@type\":\"ImageObject\",\"inLanguage\":\"it-IT\",\"@id\":\"https:\\\/\\\/www.organisator.ch\\\/#\\\/schema\\\/logo\\\/image\\\/\",\"url\":\"https:\\\/\\\/www.organisator.ch\\\/wp-content\\\/uploads\\\/2022\\\/01\\\/Logo_Organisator_Website.png\",\"contentUrl\":\"https:\\\/\\\/www.organisator.ch\\\/wp-content\\\/uploads\\\/2022\\\/01\\\/Logo_Organisator_Website.png\",\"width\":800,\"height\":77,\"caption\":\"Organisator\"},\"image\":{\"@id\":\"https:\\\/\\\/www.organisator.ch\\\/#\\\/schema\\\/logo\\\/image\\\/\"},\"sameAs\":[\"https:\\\/\\\/www.facebook.com\\\/OrganisatorFachmagazin\",\"https:\\\/\\\/www.linkedin.com\\\/showcase\\\/organisator-das-magazin-fr-kmu\",\"https:\\\/\\\/www.xing.com\\\/news\\\/pages\\\/organisator-ch-695\",\"https:\\\/\\\/www.youtube.com\\\/channel\\\/UCGP2Sq0iWaZwT3BdIAQFYpw\"]},{\"@type\":\"Person\",\"@id\":\"https:\\\/\\\/www.organisator.ch\\\/#\\\/schema\\\/person\\\/aa2bace6c5c5aad60102004a50c4eb1c\",\"name\":\"admin\",\"image\":{\"@type\":\"ImageObject\",\"inLanguage\":\"it-IT\",\"@id\":\"https:\\\/\\\/secure.gravatar.com\\\/avatar\\\/ae2f4d718e6c49043e314ce431e7e645d646302a24a5ef5a8bc8e3f5a032e319?s=96&d=mm&r=g\",\"url\":\"https:\\\/\\\/secure.gravatar.com\\\/avatar\\\/ae2f4d718e6c49043e314ce431e7e645d646302a24a5ef5a8bc8e3f5a032e319?s=96&d=mm&r=g\",\"contentUrl\":\"https:\\\/\\\/secure.gravatar.com\\\/avatar\\\/ae2f4d718e6c49043e314ce431e7e645d646302a24a5ef5a8bc8e3f5a032e319?s=96&d=mm&r=g\",\"caption\":\"admin\"},\"sameAs\":[\"https:\\\/\\\/www.organisator.ch\"],\"url\":\"https:\\\/\\\/www.organisator.ch\\\/it\\\/author\\\/admin\\\/\"}]}<\/script>\n<!-- \/ Yoast SEO plugin. -->","yoast_head_json":{"title":"Il Gruppo Oetiker vince il Prix SVC Wirtschaftsraum Z\u00fcrich - Organizzatore","description":"Il 5\u00b0 Premio SVC Wirtschaftsraum Z\u00fcrich viene vinto dal Gruppo Oetiker di Horgen. Un'azienda familiare attiva a livello internazionale.","robots":{"index":"index","follow":"follow","max-snippet":"max-snippet:-1","max-image-preview":"max-image-preview:large","max-video-preview":"max-video-preview:-1"},"canonical":"https:\/\/www.organisator.ch\/it\/generale\/2016-01-26\/oetiker-gruppe-gewinnt-prix-svc-wirtschaftsraum-zuerich\/","og_locale":"it_IT","og_type":"article","og_title":"Oetiker Gruppe gewinnt Prix SVC Wirtschaftsraum Z\u00fcrich","og_description":"Der f\u00fcnfte Prix SVC Wirtschaftsraum Z\u00fcrich gewinnt die Oetiker Gruppe aus Horgen. Das international t\u00e4tige Familienunternehmen Oetiker entwickelt, produziert und vertreibt Klemmen, Schellen und Ringe sowie passende Montagel\u00f6sungen f\u00fcr verschiedene Automobil- und Industrieanwendungen.","og_url":"https:\/\/www.organisator.ch\/it\/generale\/2016-01-26\/oetiker-gruppe-gewinnt-prix-svc-wirtschaftsraum-zuerich\/","og_site_name":"Organisator","article_publisher":"https:\/\/www.facebook.com\/OrganisatorFachmagazin","article_published_time":"2016-01-26T14:03:56+00:00","author":"admin","twitter_card":"summary_large_image","twitter_image":"https:\/\/www.organisator.ch\/wp-content\/uploads\/2016\/12\/Oetiker-Gruppe-gewinnt-Prix-SVC-Wirtschaftsraum-Zuerich-organisator.jpg","schema":{"@context":"https:\/\/schema.org","@graph":[{"@type":"Article","@id":"https:\/\/www.organisator.ch\/en\/general\/2016-01-26\/oetiker-gruppe-gewinnt-prix-svc-wirtschaftsraum-zuerich\/#article","isPartOf":{"@id":"https:\/\/www.organisator.ch\/en\/general\/2016-01-26\/oetiker-gruppe-gewinnt-prix-svc-wirtschaftsraum-zuerich\/"},"author":{"name":"admin","@id":"https:\/\/www.organisator.ch\/#\/schema\/person\/aa2bace6c5c5aad60102004a50c4eb1c"},"headline":"Oetiker Gruppe gewinnt Prix SVC Wirtschaftsraum Z\u00fcrich","datePublished":"2016-01-26T14:03:56+00:00","mainEntityOfPage":{"@id":"https:\/\/www.organisator.ch\/en\/general\/2016-01-26\/oetiker-gruppe-gewinnt-prix-svc-wirtschaftsraum-zuerich\/"},"wordCount":451,"commentCount":0,"publisher":{"@id":"https:\/\/www.organisator.ch\/#organization"},"image":{"@id":"https:\/\/www.organisator.ch\/en\/general\/2016-01-26\/oetiker-gruppe-gewinnt-prix-svc-wirtschaftsraum-zuerich\/#primaryimage"},"thumbnailUrl":"https:\/\/www.organisator.ch\/wp-content\/uploads\/2016\/12\/Oetiker-Gruppe-gewinnt-Prix-SVC-Wirtschaftsraum-Zuerich-organisator.jpg","keywords":["Unternehmen"],"articleSection":["Allgemein"],"inLanguage":"it-IT"},{"@type":"WebPage","@id":"https:\/\/www.organisator.ch\/en\/general\/2016-01-26\/oetiker-gruppe-gewinnt-prix-svc-wirtschaftsraum-zuerich\/","url":"https:\/\/www.organisator.ch\/en\/general\/2016-01-26\/oetiker-gruppe-gewinnt-prix-svc-wirtschaftsraum-zuerich\/","name":"Il Gruppo Oetiker vince il Prix SVC Wirtschaftsraum Z\u00fcrich - Organizzatore","isPartOf":{"@id":"https:\/\/www.organisator.ch\/#website"},"primaryImageOfPage":{"@id":"https:\/\/www.organisator.ch\/en\/general\/2016-01-26\/oetiker-gruppe-gewinnt-prix-svc-wirtschaftsraum-zuerich\/#primaryimage"},"image":{"@id":"https:\/\/www.organisator.ch\/en\/general\/2016-01-26\/oetiker-gruppe-gewinnt-prix-svc-wirtschaftsraum-zuerich\/#primaryimage"},"thumbnailUrl":"https:\/\/www.organisator.ch\/wp-content\/uploads\/2016\/12\/Oetiker-Gruppe-gewinnt-Prix-SVC-Wirtschaftsraum-Zuerich-organisator.jpg","datePublished":"2016-01-26T14:03:56+00:00","description":"Il 5\u00b0 Premio SVC Wirtschaftsraum Z\u00fcrich viene vinto dal Gruppo Oetiker di Horgen. Un'azienda familiare attiva a livello internazionale.","breadcrumb":{"@id":"https:\/\/www.organisator.ch\/en\/general\/2016-01-26\/oetiker-gruppe-gewinnt-prix-svc-wirtschaftsraum-zuerich\/#breadcrumb"},"inLanguage":"it-IT","potentialAction":[{"@type":"ReadAction","target":["https:\/\/www.organisator.ch\/en\/general\/2016-01-26\/oetiker-gruppe-gewinnt-prix-svc-wirtschaftsraum-zuerich\/"]}]},{"@type":"ImageObject","inLanguage":"it-IT","@id":"https:\/\/www.organisator.ch\/en\/general\/2016-01-26\/oetiker-gruppe-gewinnt-prix-svc-wirtschaftsraum-zuerich\/#primaryimage","url":"https:\/\/www.organisator.ch\/wp-content\/uploads\/2016\/12\/Oetiker-Gruppe-gewinnt-Prix-SVC-Wirtschaftsraum-Zuerich-organisator.jpg","contentUrl":"https:\/\/www.organisator.ch\/wp-content\/uploads\/2016\/12\/Oetiker-Gruppe-gewinnt-Prix-SVC-Wirtschaftsraum-Zuerich-organisator.jpg","width":341,"height":336,"caption":"Thomas Meier-Bickel von der Oetiker Gruppe mit der Troph\u00e4e, SVC-Pr\u00e4sident Hans-Ulrich M\u00fcller applaudiert."},{"@type":"BreadcrumbList","@id":"https:\/\/www.organisator.ch\/en\/general\/2016-01-26\/oetiker-gruppe-gewinnt-prix-svc-wirtschaftsraum-zuerich\/#breadcrumb","itemListElement":[{"@type":"ListItem","position":1,"name":"Home","item":"https:\/\/www.organisator.ch\/"},{"@type":"ListItem","position":2,"name":"Oetiker Gruppe gewinnt Prix SVC Wirtschaftsraum Z\u00fcrich"}]},{"@type":"WebSite","@id":"https:\/\/www.organisator.ch\/#website","url":"https:\/\/www.organisator.ch\/","name":"Organizzatore","description":"Competente. Pratico. In 10 numeri all'anno, ORGANISATOR presenta i temi essenziali per i manager delle PMI.","publisher":{"@id":"https:\/\/www.organisator.ch\/#organization"},"potentialAction":[{"@type":"SearchAction","target":{"@type":"EntryPoint","urlTemplate":"https:\/\/www.organisator.ch\/?s={search_term_string}"},"query-input":{"@type":"PropertyValueSpecification","valueRequired":true,"valueName":"search_term_string"}}],"inLanguage":"it-IT"},{"@type":"Organization","@id":"https:\/\/www.organisator.ch\/#organization","name":"Organizzatore","url":"https:\/\/www.organisator.ch\/","logo":{"@type":"ImageObject","inLanguage":"it-IT","@id":"https:\/\/www.organisator.ch\/#\/schema\/logo\/image\/","url":"https:\/\/www.organisator.ch\/wp-content\/uploads\/2022\/01\/Logo_Organisator_Website.png","contentUrl":"https:\/\/www.organisator.ch\/wp-content\/uploads\/2022\/01\/Logo_Organisator_Website.png","width":800,"height":77,"caption":"Organisator"},"image":{"@id":"https:\/\/www.organisator.ch\/#\/schema\/logo\/image\/"},"sameAs":["https:\/\/www.facebook.com\/OrganisatorFachmagazin","https:\/\/www.linkedin.com\/showcase\/organisator-das-magazin-fr-kmu","https:\/\/www.xing.com\/news\/pages\/organisator-ch-695","https:\/\/www.youtube.com\/channel\/UCGP2Sq0iWaZwT3BdIAQFYpw"]},{"@type":"Person","@id":"https:\/\/www.organisator.ch\/#\/schema\/person\/aa2bace6c5c5aad60102004a50c4eb1c","name":"amministratore","image":{"@type":"ImageObject","inLanguage":"it-IT","@id":"https:\/\/secure.gravatar.com\/avatar\/ae2f4d718e6c49043e314ce431e7e645d646302a24a5ef5a8bc8e3f5a032e319?s=96&d=mm&r=g","url":"https:\/\/secure.gravatar.com\/avatar\/ae2f4d718e6c49043e314ce431e7e645d646302a24a5ef5a8bc8e3f5a032e319?s=96&d=mm&r=g","contentUrl":"https:\/\/secure.gravatar.com\/avatar\/ae2f4d718e6c49043e314ce431e7e645d646302a24a5ef5a8bc8e3f5a032e319?s=96&d=mm&r=g","caption":"admin"},"sameAs":["https:\/\/www.organisator.ch"],"url":"https:\/\/www.organisator.ch\/it\/author\/admin\/"}]}},"_links":{"self":[{"href":"https:\/\/www.organisator.ch\/it\/wp-json\/wp\/v2\/posts\/85","targetHints":{"allow":["GET"]}}],"collection":[{"href":"https:\/\/www.organisator.ch\/it\/wp-json\/wp\/v2\/posts"}],"about":[{"href":"https:\/\/www.organisator.ch\/it\/wp-json\/wp\/v2\/types\/post"}],"author":[{"embeddable":true,"href":"https:\/\/www.organisator.ch\/it\/wp-json\/wp\/v2\/users\/1"}],"replies":[{"embeddable":true,"href":"https:\/\/www.organisator.ch\/it\/wp-json\/wp\/v2\/comments?post=85"}],"version-history":[{"count":0,"href":"https:\/\/www.organisator.ch\/it\/wp-json\/wp\/v2\/posts\/85\/revisions"}],"wp:featuredmedia":[{"embeddable":true,"href":"https:\/\/www.organisator.ch\/it\/wp-json\/wp\/v2\/media\/8464"}],"wp:attachment":[{"href":"https:\/\/www.organisator.ch\/it\/wp-json\/wp\/v2\/media?parent=85"}],"wp:term":[{"taxonomy":"category","embeddable":true,"href":"https:\/\/www.organisator.ch\/it\/wp-json\/wp\/v2\/categories?post=85"},{"taxonomy":"post_tag","embeddable":true,"href":"https:\/\/www.organisator.ch\/it\/wp-json\/wp\/v2\/tags?post=85"}],"curies":[{"name":"wp","href":"https:\/\/api.w.org\/{rel}","templated":true}]}}