{"id":8562,"date":"2015-12-18T14:30:21","date_gmt":"2015-12-18T13:30:21","guid":{"rendered":"http:\/\/dev.organisator.ch\/?p=44"},"modified":"2015-12-18T14:30:21","modified_gmt":"2015-12-18T13:30:21","slug":"neuer-datenschutz-und-oeffentlichkeitsbeauftragter","status":"publish","type":"post","link":"https:\/\/www.organisator.ch\/it\/allgemein\/2015-12-18\/neuer-datenschutz-und-oeffentlichkeitsbeauftragter\/","title":{"rendered":"Nuovo responsabile della protezione dei dati e dell'informazione pubblica"},"content":{"rendered":"<p>Il 18 novembre 2015 il Consiglio federale ha eletto Adrian Lobsiger nuovo Incaricato della protezione dei dati e della trasparenza (IFPDT). Succeder\u00e0 a Hanspeter Th\u00fcr, che lascer\u00e0 l'incarico alla fine di novembre 2015 dopo pi\u00f9 di 14 anni in carica. Durante il periodo di transizione, il vice di Hanspeter Th\u00fcr, Jean-Philippe Walter, gestir\u00e0 gli affari dell'FDPIC.<\/p>\n<p>Adrian Lobsiger \u00e8 attualmente direttore aggiunto dell'Ufficio federale di polizia (fedpol). In qualit\u00e0 di capo della Divisione del personale e del relativo servizio giuridico e di protezione dei dati, contribuisce a garantire che i dati personali nei sistemi d'informazione dell'Ufficio federale siano trattati conformemente alla legge, in particolare nei rapporti con le autorit\u00e0 nazionali ed estere. Questo compito principale di protezione dei dati comprende anche lo sviluppo delle condizioni quadro legali per i progetti informatici e l'uso di nuove tecnologie dell'informazione, nonch\u00e9 la fornitura di informazioni secondo la legge sulla protezione dei dati e la legge sull'informazione pubblica.<\/p>\n<p><strong>FDPIC indipendente?<\/strong><\/p>\n<p>L'FDPIC \u00e8 eletto per un mandato di quattro anni. Esercita la sua funzione in modo indipendente e senza istruzioni da nessuna autorit\u00e0. Riferisce periodicamente e secondo necessit\u00e0 all'Assemblea federale e trasmette simultaneamente questi rapporti al Consiglio federale. L'IFPDT \u00e8 amministrativamente collegato alla Cancelleria federale (CF). La procedura di elezione \u00e8 disciplinata dalle \"Direttive del Consiglio federale del 28 novembre 2014 sull'elezione dei quadri superiori da parte del Consiglio federale\".<\/p>\n<p>&nbsp;<\/p>\n<figure id=\"attachment_45\" aria-describedby=\"caption-attachment-45\" style=\"width: 300px\" class=\"wp-caption alignnone\"><img loading=\"lazy\" decoding=\"async\" class=\"size-full wp-image-45\" src=\"https:\/\/www.organisator.ch\/wp-content\/uploads\/2016\/12\/Neuer-Datenschutz-und-Oeffentlichkeitsbeauftragter-organisator.jpg\" alt=\"\" width=\"300\" height=\"217\" \/><figcaption id=\"caption-attachment-45\" class=\"wp-caption-text\">Adrian Lobsiger, nuovo Incaricato della protezione dei dati e dell'informazione (IFPDT).<\/figcaption><\/figure>","protected":false},"excerpt":{"rendered":"<p>Per 18. November 2015 hat der Bundesrat Adrian Lobsiger als neuen Datenschutz- und \u00d6ffentlichkeitsbeauftragten (ED\u00d6B) gew\u00e4hlt. Er soll die Nachfolge von Hanspeter Th\u00fcr antreten, der per Ende November 2015 nach \u00fcber 14-j\u00e4hriger T\u00e4tigkeit aus dem Amt scheidet. In der \u00dcbergangszeit wird Hanspeter Th\u00fcrs Stellvertreter Jean-Philippe Walter die Gesch\u00e4fte des ED\u00d6B f\u00fchren. Adrian Lobsiger ist aktuell [&hellip;]<\/p>\n","protected":false},"author":1,"featured_media":8457,"comment_status":"open","ping_status":"open","sticky":false,"template":"","format":"standard","meta":{"_acf_changed":false,"_yoast_wpseo_focuskw":"Datenschutz- und \u00d6ffentlichkeitsbeauftragter","_yoast_wpseo_metadesc":"Der Bundesrat hat Adrian Lobsiger als Nachfolger von Hanspeter Th\u00fcr zum neuen Datenschutz- und \u00d6ffentlichkeitsbeauftragten gew\u00e4hlt.","articlekey":"","footnotes":""},"categories":[1],"tags":[381],"class_list":["post-8562","post","type-post","status-publish","format-standard","has-post-thumbnail","hentry","category-allgemein","tag-personalia"],"acf":[],"yoast_head":"<!-- This site is optimized with the Yoast SEO plugin v27.4 - https:\/\/yoast.com\/product\/yoast-seo-wordpress\/ -->\n<title>Neuer Datenschutz- und \u00d6ffentlichkeitsbeauftragter - Organisator<\/title>\n<meta name=\"description\" content=\"Der Bundesrat hat Adrian Lobsiger als Nachfolger von Hanspeter Th\u00fcr zum neuen Datenschutz- und \u00d6ffentlichkeitsbeauftragten gew\u00e4hlt.\" \/>\n<meta name=\"robots\" content=\"index, follow, max-snippet:-1, max-image-preview:large, max-video-preview:-1\" \/>\n<link rel=\"canonical\" href=\"https:\/\/www.organisator.ch\/it\/generale\/2015-12-18\/neuer-datenschutz-und-oeffentlichkeitsbeauftragter\/\" \/>\n<meta property=\"og:locale\" content=\"it_IT\" \/>\n<meta property=\"og:type\" content=\"article\" \/>\n<meta property=\"og:title\" content=\"Neuer Datenschutz- und \u00d6ffentlichkeitsbeauftragter\" \/>\n<meta property=\"og:description\" content=\"Der Bundesrat hat Adrian Lobsiger als Nachfolger von Hanspeter Th\u00fcr zum neuen Datenschutz- und \u00d6ffentlichkeitsbeauftragten gew\u00e4hlt. Vorbeh\u00e4ltlich der Best\u00e4tigung durch die Bundesversammlung wird der 55-j\u00e4hrige Jurist und stellvertretende Direktor des Bundesamts f\u00fcr Polizei sein Amt im Verlauf des kommenden Jahres antreten.\" \/>\n<meta property=\"og:url\" content=\"https:\/\/www.organisator.ch\/it\/generale\/2015-12-18\/neuer-datenschutz-und-oeffentlichkeitsbeauftragter\/\" \/>\n<meta property=\"og:site_name\" content=\"Organisator\" \/>\n<meta property=\"article:publisher\" content=\"https:\/\/www.facebook.com\/OrganisatorFachmagazin\" \/>\n<meta property=\"article:published_time\" content=\"2015-12-18T13:30:21+00:00\" \/>\n<meta name=\"author\" content=\"admin\" \/>\n<meta name=\"twitter:card\" content=\"summary_large_image\" \/>\n<meta name=\"twitter:image\" content=\"https:\/\/www.organisator.ch\/wp-content\/uploads\/2016\/12\/Neuer-Datenschutz-und-Oeffentlichkeitsbeauftragter-organisator.jpg\" \/>\n<script type=\"application\/ld+json\" class=\"yoast-schema-graph\">{\"@context\":\"https:\\\/\\\/schema.org\",\"@graph\":[{\"@type\":\"Article\",\"@id\":\"https:\\\/\\\/www.organisator.ch\\\/en\\\/general\\\/2015-12-18\\\/neuer-datenschutz-und-oeffentlichkeitsbeauftragter\\\/#article\",\"isPartOf\":{\"@id\":\"https:\\\/\\\/www.organisator.ch\\\/en\\\/general\\\/2015-12-18\\\/neuer-datenschutz-und-oeffentlichkeitsbeauftragter\\\/\"},\"author\":{\"name\":\"admin\",\"@id\":\"https:\\\/\\\/www.organisator.ch\\\/#\\\/schema\\\/person\\\/aa2bace6c5c5aad60102004a50c4eb1c\"},\"headline\":\"Neuer Datenschutz- und \u00d6ffentlichkeitsbeauftragter\",\"datePublished\":\"2015-12-18T13:30:21+00:00\",\"mainEntityOfPage\":{\"@id\":\"https:\\\/\\\/www.organisator.ch\\\/en\\\/general\\\/2015-12-18\\\/neuer-datenschutz-und-oeffentlichkeitsbeauftragter\\\/\"},\"wordCount\":234,\"commentCount\":0,\"publisher\":{\"@id\":\"https:\\\/\\\/www.organisator.ch\\\/#organization\"},\"image\":{\"@id\":\"https:\\\/\\\/www.organisator.ch\\\/en\\\/general\\\/2015-12-18\\\/neuer-datenschutz-und-oeffentlichkeitsbeauftragter\\\/#primaryimage\"},\"thumbnailUrl\":\"https:\\\/\\\/www.organisator.ch\\\/wp-content\\\/uploads\\\/2016\\\/12\\\/Neuer-Datenschutz-und-Oeffentlichkeitsbeauftragter-organisator.jpg\",\"keywords\":[\"Personalia\"],\"articleSection\":[\"Allgemein\"],\"inLanguage\":\"it-IT\"},{\"@type\":\"WebPage\",\"@id\":\"https:\\\/\\\/www.organisator.ch\\\/en\\\/general\\\/2015-12-18\\\/neuer-datenschutz-und-oeffentlichkeitsbeauftragter\\\/\",\"url\":\"https:\\\/\\\/www.organisator.ch\\\/en\\\/general\\\/2015-12-18\\\/neuer-datenschutz-und-oeffentlichkeitsbeauftragter\\\/\",\"name\":\"Neuer Datenschutz- und \u00d6ffentlichkeitsbeauftragter - Organisator\",\"isPartOf\":{\"@id\":\"https:\\\/\\\/www.organisator.ch\\\/#website\"},\"primaryImageOfPage\":{\"@id\":\"https:\\\/\\\/www.organisator.ch\\\/en\\\/general\\\/2015-12-18\\\/neuer-datenschutz-und-oeffentlichkeitsbeauftragter\\\/#primaryimage\"},\"image\":{\"@id\":\"https:\\\/\\\/www.organisator.ch\\\/en\\\/general\\\/2015-12-18\\\/neuer-datenschutz-und-oeffentlichkeitsbeauftragter\\\/#primaryimage\"},\"thumbnailUrl\":\"https:\\\/\\\/www.organisator.ch\\\/wp-content\\\/uploads\\\/2016\\\/12\\\/Neuer-Datenschutz-und-Oeffentlichkeitsbeauftragter-organisator.jpg\",\"datePublished\":\"2015-12-18T13:30:21+00:00\",\"description\":\"Der Bundesrat hat Adrian Lobsiger als Nachfolger von Hanspeter Th\u00fcr zum neuen Datenschutz- und \u00d6ffentlichkeitsbeauftragten gew\u00e4hlt.\",\"breadcrumb\":{\"@id\":\"https:\\\/\\\/www.organisator.ch\\\/en\\\/general\\\/2015-12-18\\\/neuer-datenschutz-und-oeffentlichkeitsbeauftragter\\\/#breadcrumb\"},\"inLanguage\":\"it-IT\",\"potentialAction\":[{\"@type\":\"ReadAction\",\"target\":[\"https:\\\/\\\/www.organisator.ch\\\/en\\\/general\\\/2015-12-18\\\/neuer-datenschutz-und-oeffentlichkeitsbeauftragter\\\/\"]}]},{\"@type\":\"ImageObject\",\"inLanguage\":\"it-IT\",\"@id\":\"https:\\\/\\\/www.organisator.ch\\\/en\\\/general\\\/2015-12-18\\\/neuer-datenschutz-und-oeffentlichkeitsbeauftragter\\\/#primaryimage\",\"url\":\"https:\\\/\\\/www.organisator.ch\\\/wp-content\\\/uploads\\\/2016\\\/12\\\/Neuer-Datenschutz-und-Oeffentlichkeitsbeauftragter-organisator.jpg\",\"contentUrl\":\"https:\\\/\\\/www.organisator.ch\\\/wp-content\\\/uploads\\\/2016\\\/12\\\/Neuer-Datenschutz-und-Oeffentlichkeitsbeauftragter-organisator.jpg\",\"width\":300,\"height\":217,\"caption\":\"Adrian Lobsiger, neuer Datenschutz- und \u00d6ffentlichkeitsbeauftragter (ED\u00d6B).\"},{\"@type\":\"BreadcrumbList\",\"@id\":\"https:\\\/\\\/www.organisator.ch\\\/en\\\/general\\\/2015-12-18\\\/neuer-datenschutz-und-oeffentlichkeitsbeauftragter\\\/#breadcrumb\",\"itemListElement\":[{\"@type\":\"ListItem\",\"position\":1,\"name\":\"Home\",\"item\":\"https:\\\/\\\/www.organisator.ch\\\/\"},{\"@type\":\"ListItem\",\"position\":2,\"name\":\"Neuer Datenschutz- und \u00d6ffentlichkeitsbeauftragter\"}]},{\"@type\":\"WebSite\",\"@id\":\"https:\\\/\\\/www.organisator.ch\\\/#website\",\"url\":\"https:\\\/\\\/www.organisator.ch\\\/\",\"name\":\"Organisator\",\"description\":\"Kompetent. Praxisnah. Der ORGANISATOR bereitet in 10 Ausgaben pro Jahr die wesentlichen Themen f\u00fcr F\u00fchrungskr\u00e4fte von KMU auf.\",\"publisher\":{\"@id\":\"https:\\\/\\\/www.organisator.ch\\\/#organization\"},\"potentialAction\":[{\"@type\":\"SearchAction\",\"target\":{\"@type\":\"EntryPoint\",\"urlTemplate\":\"https:\\\/\\\/www.organisator.ch\\\/?s={search_term_string}\"},\"query-input\":{\"@type\":\"PropertyValueSpecification\",\"valueRequired\":true,\"valueName\":\"search_term_string\"}}],\"inLanguage\":\"it-IT\"},{\"@type\":\"Organization\",\"@id\":\"https:\\\/\\\/www.organisator.ch\\\/#organization\",\"name\":\"Organisator\",\"url\":\"https:\\\/\\\/www.organisator.ch\\\/\",\"logo\":{\"@type\":\"ImageObject\",\"inLanguage\":\"it-IT\",\"@id\":\"https:\\\/\\\/www.organisator.ch\\\/#\\\/schema\\\/logo\\\/image\\\/\",\"url\":\"https:\\\/\\\/www.organisator.ch\\\/wp-content\\\/uploads\\\/2022\\\/01\\\/Logo_Organisator_Website.png\",\"contentUrl\":\"https:\\\/\\\/www.organisator.ch\\\/wp-content\\\/uploads\\\/2022\\\/01\\\/Logo_Organisator_Website.png\",\"width\":800,\"height\":77,\"caption\":\"Organisator\"},\"image\":{\"@id\":\"https:\\\/\\\/www.organisator.ch\\\/#\\\/schema\\\/logo\\\/image\\\/\"},\"sameAs\":[\"https:\\\/\\\/www.facebook.com\\\/OrganisatorFachmagazin\",\"https:\\\/\\\/www.linkedin.com\\\/showcase\\\/organisator-das-magazin-fr-kmu\",\"https:\\\/\\\/www.xing.com\\\/news\\\/pages\\\/organisator-ch-695\",\"https:\\\/\\\/www.youtube.com\\\/channel\\\/UCGP2Sq0iWaZwT3BdIAQFYpw\"]},{\"@type\":\"Person\",\"@id\":\"https:\\\/\\\/www.organisator.ch\\\/#\\\/schema\\\/person\\\/aa2bace6c5c5aad60102004a50c4eb1c\",\"name\":\"admin\",\"image\":{\"@type\":\"ImageObject\",\"inLanguage\":\"it-IT\",\"@id\":\"https:\\\/\\\/secure.gravatar.com\\\/avatar\\\/ae2f4d718e6c49043e314ce431e7e645d646302a24a5ef5a8bc8e3f5a032e319?s=96&d=mm&r=g\",\"url\":\"https:\\\/\\\/secure.gravatar.com\\\/avatar\\\/ae2f4d718e6c49043e314ce431e7e645d646302a24a5ef5a8bc8e3f5a032e319?s=96&d=mm&r=g\",\"contentUrl\":\"https:\\\/\\\/secure.gravatar.com\\\/avatar\\\/ae2f4d718e6c49043e314ce431e7e645d646302a24a5ef5a8bc8e3f5a032e319?s=96&d=mm&r=g\",\"caption\":\"admin\"},\"sameAs\":[\"https:\\\/\\\/www.organisator.ch\"],\"url\":\"https:\\\/\\\/www.organisator.ch\\\/it\\\/author\\\/admin\\\/\"}]}<\/script>\n<!-- \/ Yoast SEO plugin. -->","yoast_head_json":{"title":"Nuovo responsabile della protezione dei dati e dell'informazione al pubblico - Organizzatore","description":"Il Consiglio federale ha eletto Adrian Lobsiger come nuovo Commissario per la protezione dei dati e delle informazioni, succedendo a Hanspeter Th\u00fcr.","robots":{"index":"index","follow":"follow","max-snippet":"max-snippet:-1","max-image-preview":"max-image-preview:large","max-video-preview":"max-video-preview:-1"},"canonical":"https:\/\/www.organisator.ch\/it\/generale\/2015-12-18\/neuer-datenschutz-und-oeffentlichkeitsbeauftragter\/","og_locale":"it_IT","og_type":"article","og_title":"Neuer Datenschutz- und \u00d6ffentlichkeitsbeauftragter","og_description":"Der Bundesrat hat Adrian Lobsiger als Nachfolger von Hanspeter Th\u00fcr zum neuen Datenschutz- und \u00d6ffentlichkeitsbeauftragten gew\u00e4hlt. Vorbeh\u00e4ltlich der Best\u00e4tigung durch die Bundesversammlung wird der 55-j\u00e4hrige Jurist und stellvertretende Direktor des Bundesamts f\u00fcr Polizei sein Amt im Verlauf des kommenden Jahres antreten.","og_url":"https:\/\/www.organisator.ch\/it\/generale\/2015-12-18\/neuer-datenschutz-und-oeffentlichkeitsbeauftragter\/","og_site_name":"Organisator","article_publisher":"https:\/\/www.facebook.com\/OrganisatorFachmagazin","article_published_time":"2015-12-18T13:30:21+00:00","author":"admin","twitter_card":"summary_large_image","twitter_image":"https:\/\/www.organisator.ch\/wp-content\/uploads\/2016\/12\/Neuer-Datenschutz-und-Oeffentlichkeitsbeauftragter-organisator.jpg","schema":{"@context":"https:\/\/schema.org","@graph":[{"@type":"Article","@id":"https:\/\/www.organisator.ch\/en\/general\/2015-12-18\/neuer-datenschutz-und-oeffentlichkeitsbeauftragter\/#article","isPartOf":{"@id":"https:\/\/www.organisator.ch\/en\/general\/2015-12-18\/neuer-datenschutz-und-oeffentlichkeitsbeauftragter\/"},"author":{"name":"admin","@id":"https:\/\/www.organisator.ch\/#\/schema\/person\/aa2bace6c5c5aad60102004a50c4eb1c"},"headline":"Neuer Datenschutz- und \u00d6ffentlichkeitsbeauftragter","datePublished":"2015-12-18T13:30:21+00:00","mainEntityOfPage":{"@id":"https:\/\/www.organisator.ch\/en\/general\/2015-12-18\/neuer-datenschutz-und-oeffentlichkeitsbeauftragter\/"},"wordCount":234,"commentCount":0,"publisher":{"@id":"https:\/\/www.organisator.ch\/#organization"},"image":{"@id":"https:\/\/www.organisator.ch\/en\/general\/2015-12-18\/neuer-datenschutz-und-oeffentlichkeitsbeauftragter\/#primaryimage"},"thumbnailUrl":"https:\/\/www.organisator.ch\/wp-content\/uploads\/2016\/12\/Neuer-Datenschutz-und-Oeffentlichkeitsbeauftragter-organisator.jpg","keywords":["Personalia"],"articleSection":["Allgemein"],"inLanguage":"it-IT"},{"@type":"WebPage","@id":"https:\/\/www.organisator.ch\/en\/general\/2015-12-18\/neuer-datenschutz-und-oeffentlichkeitsbeauftragter\/","url":"https:\/\/www.organisator.ch\/en\/general\/2015-12-18\/neuer-datenschutz-und-oeffentlichkeitsbeauftragter\/","name":"Nuovo responsabile della protezione dei dati e dell'informazione al pubblico - Organizzatore","isPartOf":{"@id":"https:\/\/www.organisator.ch\/#website"},"primaryImageOfPage":{"@id":"https:\/\/www.organisator.ch\/en\/general\/2015-12-18\/neuer-datenschutz-und-oeffentlichkeitsbeauftragter\/#primaryimage"},"image":{"@id":"https:\/\/www.organisator.ch\/en\/general\/2015-12-18\/neuer-datenschutz-und-oeffentlichkeitsbeauftragter\/#primaryimage"},"thumbnailUrl":"https:\/\/www.organisator.ch\/wp-content\/uploads\/2016\/12\/Neuer-Datenschutz-und-Oeffentlichkeitsbeauftragter-organisator.jpg","datePublished":"2015-12-18T13:30:21+00:00","description":"Il Consiglio federale ha eletto Adrian Lobsiger come nuovo Commissario per la protezione dei dati e delle informazioni, succedendo a Hanspeter Th\u00fcr.","breadcrumb":{"@id":"https:\/\/www.organisator.ch\/en\/general\/2015-12-18\/neuer-datenschutz-und-oeffentlichkeitsbeauftragter\/#breadcrumb"},"inLanguage":"it-IT","potentialAction":[{"@type":"ReadAction","target":["https:\/\/www.organisator.ch\/en\/general\/2015-12-18\/neuer-datenschutz-und-oeffentlichkeitsbeauftragter\/"]}]},{"@type":"ImageObject","inLanguage":"it-IT","@id":"https:\/\/www.organisator.ch\/en\/general\/2015-12-18\/neuer-datenschutz-und-oeffentlichkeitsbeauftragter\/#primaryimage","url":"https:\/\/www.organisator.ch\/wp-content\/uploads\/2016\/12\/Neuer-Datenschutz-und-Oeffentlichkeitsbeauftragter-organisator.jpg","contentUrl":"https:\/\/www.organisator.ch\/wp-content\/uploads\/2016\/12\/Neuer-Datenschutz-und-Oeffentlichkeitsbeauftragter-organisator.jpg","width":300,"height":217,"caption":"Adrian Lobsiger, neuer Datenschutz- und \u00d6ffentlichkeitsbeauftragter (ED\u00d6B)."},{"@type":"BreadcrumbList","@id":"https:\/\/www.organisator.ch\/en\/general\/2015-12-18\/neuer-datenschutz-und-oeffentlichkeitsbeauftragter\/#breadcrumb","itemListElement":[{"@type":"ListItem","position":1,"name":"Home","item":"https:\/\/www.organisator.ch\/"},{"@type":"ListItem","position":2,"name":"Neuer Datenschutz- und \u00d6ffentlichkeitsbeauftragter"}]},{"@type":"WebSite","@id":"https:\/\/www.organisator.ch\/#website","url":"https:\/\/www.organisator.ch\/","name":"Organizzatore","description":"Competente. Pratico. In 10 numeri all'anno, ORGANISATOR presenta i temi essenziali per i manager delle PMI.","publisher":{"@id":"https:\/\/www.organisator.ch\/#organization"},"potentialAction":[{"@type":"SearchAction","target":{"@type":"EntryPoint","urlTemplate":"https:\/\/www.organisator.ch\/?s={search_term_string}"},"query-input":{"@type":"PropertyValueSpecification","valueRequired":true,"valueName":"search_term_string"}}],"inLanguage":"it-IT"},{"@type":"Organization","@id":"https:\/\/www.organisator.ch\/#organization","name":"Organizzatore","url":"https:\/\/www.organisator.ch\/","logo":{"@type":"ImageObject","inLanguage":"it-IT","@id":"https:\/\/www.organisator.ch\/#\/schema\/logo\/image\/","url":"https:\/\/www.organisator.ch\/wp-content\/uploads\/2022\/01\/Logo_Organisator_Website.png","contentUrl":"https:\/\/www.organisator.ch\/wp-content\/uploads\/2022\/01\/Logo_Organisator_Website.png","width":800,"height":77,"caption":"Organisator"},"image":{"@id":"https:\/\/www.organisator.ch\/#\/schema\/logo\/image\/"},"sameAs":["https:\/\/www.facebook.com\/OrganisatorFachmagazin","https:\/\/www.linkedin.com\/showcase\/organisator-das-magazin-fr-kmu","https:\/\/www.xing.com\/news\/pages\/organisator-ch-695","https:\/\/www.youtube.com\/channel\/UCGP2Sq0iWaZwT3BdIAQFYpw"]},{"@type":"Person","@id":"https:\/\/www.organisator.ch\/#\/schema\/person\/aa2bace6c5c5aad60102004a50c4eb1c","name":"amministratore","image":{"@type":"ImageObject","inLanguage":"it-IT","@id":"https:\/\/secure.gravatar.com\/avatar\/ae2f4d718e6c49043e314ce431e7e645d646302a24a5ef5a8bc8e3f5a032e319?s=96&d=mm&r=g","url":"https:\/\/secure.gravatar.com\/avatar\/ae2f4d718e6c49043e314ce431e7e645d646302a24a5ef5a8bc8e3f5a032e319?s=96&d=mm&r=g","contentUrl":"https:\/\/secure.gravatar.com\/avatar\/ae2f4d718e6c49043e314ce431e7e645d646302a24a5ef5a8bc8e3f5a032e319?s=96&d=mm&r=g","caption":"admin"},"sameAs":["https:\/\/www.organisator.ch"],"url":"https:\/\/www.organisator.ch\/it\/author\/admin\/"}]}},"_links":{"self":[{"href":"https:\/\/www.organisator.ch\/it\/wp-json\/wp\/v2\/posts\/8562","targetHints":{"allow":["GET"]}}],"collection":[{"href":"https:\/\/www.organisator.ch\/it\/wp-json\/wp\/v2\/posts"}],"about":[{"href":"https:\/\/www.organisator.ch\/it\/wp-json\/wp\/v2\/types\/post"}],"author":[{"embeddable":true,"href":"https:\/\/www.organisator.ch\/it\/wp-json\/wp\/v2\/users\/1"}],"replies":[{"embeddable":true,"href":"https:\/\/www.organisator.ch\/it\/wp-json\/wp\/v2\/comments?post=8562"}],"version-history":[{"count":0,"href":"https:\/\/www.organisator.ch\/it\/wp-json\/wp\/v2\/posts\/8562\/revisions"}],"wp:featuredmedia":[{"embeddable":true,"href":"https:\/\/www.organisator.ch\/it\/wp-json\/wp\/v2\/media\/8457"}],"wp:attachment":[{"href":"https:\/\/www.organisator.ch\/it\/wp-json\/wp\/v2\/media?parent=8562"}],"wp:term":[{"taxonomy":"category","embeddable":true,"href":"https:\/\/www.organisator.ch\/it\/wp-json\/wp\/v2\/categories?post=8562"},{"taxonomy":"post_tag","embeddable":true,"href":"https:\/\/www.organisator.ch\/it\/wp-json\/wp\/v2\/tags?post=8562"}],"curies":[{"name":"wp","href":"https:\/\/api.w.org\/{rel}","templated":true}]}}