{"id":8564,"date":"2015-12-21T14:37:40","date_gmt":"2015-12-21T13:37:40","guid":{"rendered":"http:\/\/dev.organisator.ch\/?p=56"},"modified":"2015-12-21T14:37:40","modified_gmt":"2015-12-21T13:37:40","slug":"die-wichtigsten-denker-der-welt-ermittelt","status":"publish","type":"post","link":"https:\/\/www.organisator.ch\/it\/allgemein\/2015-12-21\/die-wichtigsten-denker-der-welt-ermittelt\/","title":{"rendered":"I pensatori pi\u00f9 importanti del mondo identificati"},"content":{"rendered":"<p>Sono stati analizzati 400 generatori di idee. In cima alla classifica globale (in lingua inglese) ci sono, per esempio, Papa Francesco, l'autore turco Orhan Pamuk o Edward Snowden. Nel mondo di lingua tedesca, Snowden e il Papa sono anche in cima alla classifica. In generale, non ci sono quasi mai madrelingua tedeschi in cima alla lista. Invece, la met\u00e0 inferiore della classifica riunisce pensatori che non sono noti al di fuori dei confini linguistici.<\/p>\n<p><strong>Prima volta con la Cina e la Spagna<\/strong><\/p>\n<p>L'indice \u00e8 stato calcolato dal 2012 utilizzando un'analisi dell'intelligenza collettiva sviluppata dal ricercatore del MIT Peter Gloor. Quest'anno, oltre alle aree linguistiche inglese e tedesca, l'indice include per la prima volta anche le aree linguistiche cinese e spagnola. L'area della lingua cinese, a sua volta, \u00e8 chiaramente divisa in due infosfere:<\/p>\n<p>La conversazione non cinese a Hong Kong, Taiwan e nella diaspora \u00e8 paragonabile a quella della sfera globale. All'interno del paese, tuttavia, il presidente Xi Jinping e il CEO di Alibaba Jack Ma sono le voci pi\u00f9 pesanti; i pensatori stranieri sono assenti. La strategia cinese di accesso limitato a internet, segnata dalla censura e dai firewall, ovviamente modella la lista.<\/p>\n<p><strong>I principali media<\/strong><\/p>\n<p>I media continuano a giocare un ruolo cruciale nella diffusione delle idee. Il grafico di rete dei leader di pensiero nella blogosfera in lingua inglese mostra chiaramente quali sono i pi\u00f9 importanti. Dei cinque media o fonti pi\u00f9 importanti, due sono protagonisti tradizionali del discorso globale - il britannico Guardian e il New York Times.<\/p>\n<p>Altri due, Twitter e Youtube, sono considerati pi\u00f9 protagonisti della conversazione globale, il quinto dei media pi\u00f9 importanti, l'Huffington Post, occupa una posizione intermedia tra veloce e importante. Thought Leaders 2015\" sono stati nominati da \"The WorldPost\" \/ \"Huffington Post\" cos\u00ec come da \"El Pais\", \"Univision\", \"Fusion\", \"Guancha\" e \"The European\".<\/p>\n<p>La rilevanza dei candidati nella conversazione globale \u00e8 stata calcolata sulla base delle loro menzioni su Wikipedia, nei tweet e nei blog. Il \"Global Thought Leader Index 2015\" \u00e8 pubblicato nelle 15 edizioni internazionali dell'\"Huffington Post\", tra gli altri.<\/p>\n<p>I dettagli sul \"Global Thought Leaders Index 2015\" possono essere trovati sul sito inglese:<\/p>\n<p><a href=\"http:\/\/thoughtleaders.world\" target=\"_blank\" data-cke-saved-href=\"http:\/\/thoughtleaders.world\" rel=\"noopener\">http:\/\/thoughtleaders.world<\/a><\/p>\n<p>&nbsp;<\/p>\n<p><img loading=\"lazy\" decoding=\"async\" class=\"alignnone size-full wp-image-57\" src=\"https:\/\/www.organisator.ch\/wp-content\/uploads\/2016\/12\/Die-wichtigsten-Denker-der-Welt-ermittelt-organisator.png\" alt=\"\" width=\"533\" height=\"724\" \/><\/p>","protected":false},"excerpt":{"rendered":"<p>Analysiert wurden 400 Ideengeber. An der Spitze der globalen (englischsprachigen) Rangliste finden sich beispielsweise Papst Franziskus, der t\u00fcrkische Autor Orhan Pamuk oder Edward Snowden. Auch im deutschsprachigen Raum sind Snowden und der Papst weit oben auf der Rangliste. \u00dcberhaupt finden sich hier auf den vordersten Pl\u00e4tzen kaum deutsche Muttersprachler. Daf\u00fcr versammelt die untere H\u00e4lfte des [&hellip;]<\/p>\n","protected":false},"author":1,"featured_media":8459,"comment_status":"open","ping_status":"open","sticky":false,"template":"","format":"standard","meta":{"_acf_changed":false,"_yoast_wpseo_focuskw":"Die wichtigsten Denker der Welt ermittelt","_yoast_wpseo_metadesc":"Der soeben publizierte \u201eGlobal Thought Leaders Index 2015\u201c kartografiert die globale Konversation und deren wichtigste Stimmen im Internet.","articlekey":"","footnotes":""},"categories":[1],"tags":[459],"class_list":["post-8564","post","type-post","status-publish","format-standard","has-post-thumbnail","hentry","category-allgemein","tag-studie"],"acf":[],"yoast_head":"<!-- This site is optimized with the Yoast SEO plugin v27.4 - https:\/\/yoast.com\/product\/yoast-seo-wordpress\/ -->\n<title>Die wichtigsten Denker der Welt ermittelt - Organisator<\/title>\n<meta name=\"description\" content=\"Der soeben publizierte \u201eGlobal Thought Leaders Index 2015\u201c kartografiert die globale Konversation und deren wichtigste Stimmen im Internet.\" \/>\n<meta name=\"robots\" content=\"index, follow, max-snippet:-1, max-image-preview:large, max-video-preview:-1\" \/>\n<link rel=\"canonical\" href=\"https:\/\/www.organisator.ch\/it\/generale\/2015-12-21\/die-wichtigsten-denker-der-welt-ermittelt\/\" \/>\n<meta property=\"og:locale\" content=\"it_IT\" \/>\n<meta property=\"og:type\" content=\"article\" \/>\n<meta property=\"og:title\" content=\"Die wichtigsten Denker der Welt ermittelt\" \/>\n<meta property=\"og:description\" content=\"Der soeben publizierte \u201eGlobal Thought Leaders Index 2015\u201c kartografiert die globale Konversation und deren wichtigste Stimmen im Internet. Die Netzwerk-Analyse ist eine Kooperation des GDI Gottlieb Duttweiler Institute und der \u201eThe WorldPost\u201c \/ \u201eHuffingtonPost\u201c.\" \/>\n<meta property=\"og:url\" content=\"https:\/\/www.organisator.ch\/it\/generale\/2015-12-21\/die-wichtigsten-denker-der-welt-ermittelt\/\" \/>\n<meta property=\"og:site_name\" content=\"Organisator\" \/>\n<meta property=\"article:publisher\" content=\"https:\/\/www.facebook.com\/OrganisatorFachmagazin\" \/>\n<meta property=\"article:published_time\" content=\"2015-12-21T13:37:40+00:00\" \/>\n<meta name=\"author\" content=\"admin\" \/>\n<meta name=\"twitter:card\" content=\"summary_large_image\" \/>\n<meta name=\"twitter:image\" content=\"https:\/\/www.organisator.ch\/wp-content\/uploads\/2016\/12\/Die-wichtigsten-Denker-der-Welt-ermittelt-organisator.png\" \/>\n<script type=\"application\/ld+json\" class=\"yoast-schema-graph\">{\"@context\":\"https:\\\/\\\/schema.org\",\"@graph\":[{\"@type\":\"Article\",\"@id\":\"https:\\\/\\\/www.organisator.ch\\\/de\\\/allgemein\\\/2015-12-21\\\/die-wichtigsten-denker-der-welt-ermittelt\\\/#article\",\"isPartOf\":{\"@id\":\"https:\\\/\\\/www.organisator.ch\\\/de\\\/allgemein\\\/2015-12-21\\\/die-wichtigsten-denker-der-welt-ermittelt\\\/\"},\"author\":{\"name\":\"admin\",\"@id\":\"https:\\\/\\\/www.organisator.ch\\\/#\\\/schema\\\/person\\\/aa2bace6c5c5aad60102004a50c4eb1c\"},\"headline\":\"Die wichtigsten Denker der Welt ermittelt\",\"datePublished\":\"2015-12-21T13:37:40+00:00\",\"mainEntityOfPage\":{\"@id\":\"https:\\\/\\\/www.organisator.ch\\\/de\\\/allgemein\\\/2015-12-21\\\/die-wichtigsten-denker-der-welt-ermittelt\\\/\"},\"wordCount\":344,\"commentCount\":0,\"publisher\":{\"@id\":\"https:\\\/\\\/www.organisator.ch\\\/#organization\"},\"image\":{\"@id\":\"https:\\\/\\\/www.organisator.ch\\\/de\\\/allgemein\\\/2015-12-21\\\/die-wichtigsten-denker-der-welt-ermittelt\\\/#primaryimage\"},\"thumbnailUrl\":\"https:\\\/\\\/www.organisator.ch\\\/wp-content\\\/uploads\\\/2016\\\/12\\\/Die-wichtigsten-Denker-der-Welt-ermittelt-organisator.png\",\"keywords\":[\"Studie\"],\"articleSection\":[\"Allgemein\"],\"inLanguage\":\"it-IT\"},{\"@type\":\"WebPage\",\"@id\":\"https:\\\/\\\/www.organisator.ch\\\/de\\\/allgemein\\\/2015-12-21\\\/die-wichtigsten-denker-der-welt-ermittelt\\\/\",\"url\":\"https:\\\/\\\/www.organisator.ch\\\/de\\\/allgemein\\\/2015-12-21\\\/die-wichtigsten-denker-der-welt-ermittelt\\\/\",\"name\":\"Die wichtigsten Denker der Welt ermittelt - Organisator\",\"isPartOf\":{\"@id\":\"https:\\\/\\\/www.organisator.ch\\\/#website\"},\"primaryImageOfPage\":{\"@id\":\"https:\\\/\\\/www.organisator.ch\\\/de\\\/allgemein\\\/2015-12-21\\\/die-wichtigsten-denker-der-welt-ermittelt\\\/#primaryimage\"},\"image\":{\"@id\":\"https:\\\/\\\/www.organisator.ch\\\/de\\\/allgemein\\\/2015-12-21\\\/die-wichtigsten-denker-der-welt-ermittelt\\\/#primaryimage\"},\"thumbnailUrl\":\"https:\\\/\\\/www.organisator.ch\\\/wp-content\\\/uploads\\\/2016\\\/12\\\/Die-wichtigsten-Denker-der-Welt-ermittelt-organisator.png\",\"datePublished\":\"2015-12-21T13:37:40+00:00\",\"description\":\"Der soeben publizierte \u201eGlobal Thought Leaders Index 2015\u201c kartografiert die globale Konversation und deren wichtigste Stimmen im Internet.\",\"breadcrumb\":{\"@id\":\"https:\\\/\\\/www.organisator.ch\\\/de\\\/allgemein\\\/2015-12-21\\\/die-wichtigsten-denker-der-welt-ermittelt\\\/#breadcrumb\"},\"inLanguage\":\"it-IT\",\"potentialAction\":[{\"@type\":\"ReadAction\",\"target\":[\"https:\\\/\\\/www.organisator.ch\\\/de\\\/allgemein\\\/2015-12-21\\\/die-wichtigsten-denker-der-welt-ermittelt\\\/\"]}]},{\"@type\":\"ImageObject\",\"inLanguage\":\"it-IT\",\"@id\":\"https:\\\/\\\/www.organisator.ch\\\/de\\\/allgemein\\\/2015-12-21\\\/die-wichtigsten-denker-der-welt-ermittelt\\\/#primaryimage\",\"url\":\"https:\\\/\\\/www.organisator.ch\\\/wp-content\\\/uploads\\\/2016\\\/12\\\/Die-wichtigsten-Denker-der-Welt-ermittelt-organisator.png\",\"contentUrl\":\"https:\\\/\\\/www.organisator.ch\\\/wp-content\\\/uploads\\\/2016\\\/12\\\/Die-wichtigsten-Denker-der-Welt-ermittelt-organisator.png\",\"width\":533,\"height\":724},{\"@type\":\"BreadcrumbList\",\"@id\":\"https:\\\/\\\/www.organisator.ch\\\/de\\\/allgemein\\\/2015-12-21\\\/die-wichtigsten-denker-der-welt-ermittelt\\\/#breadcrumb\",\"itemListElement\":[{\"@type\":\"ListItem\",\"position\":1,\"name\":\"Home\",\"item\":\"https:\\\/\\\/www.organisator.ch\\\/\"},{\"@type\":\"ListItem\",\"position\":2,\"name\":\"Die wichtigsten Denker der Welt ermittelt\"}]},{\"@type\":\"WebSite\",\"@id\":\"https:\\\/\\\/www.organisator.ch\\\/#website\",\"url\":\"https:\\\/\\\/www.organisator.ch\\\/\",\"name\":\"Organisator\",\"description\":\"Kompetent. Praxisnah. Der ORGANISATOR bereitet in 10 Ausgaben pro Jahr die wesentlichen Themen f\u00fcr F\u00fchrungskr\u00e4fte von KMU auf.\",\"publisher\":{\"@id\":\"https:\\\/\\\/www.organisator.ch\\\/#organization\"},\"potentialAction\":[{\"@type\":\"SearchAction\",\"target\":{\"@type\":\"EntryPoint\",\"urlTemplate\":\"https:\\\/\\\/www.organisator.ch\\\/?s={search_term_string}\"},\"query-input\":{\"@type\":\"PropertyValueSpecification\",\"valueRequired\":true,\"valueName\":\"search_term_string\"}}],\"inLanguage\":\"it-IT\"},{\"@type\":\"Organization\",\"@id\":\"https:\\\/\\\/www.organisator.ch\\\/#organization\",\"name\":\"Organisator\",\"url\":\"https:\\\/\\\/www.organisator.ch\\\/\",\"logo\":{\"@type\":\"ImageObject\",\"inLanguage\":\"it-IT\",\"@id\":\"https:\\\/\\\/www.organisator.ch\\\/#\\\/schema\\\/logo\\\/image\\\/\",\"url\":\"https:\\\/\\\/www.organisator.ch\\\/wp-content\\\/uploads\\\/2022\\\/01\\\/Logo_Organisator_Website.png\",\"contentUrl\":\"https:\\\/\\\/www.organisator.ch\\\/wp-content\\\/uploads\\\/2022\\\/01\\\/Logo_Organisator_Website.png\",\"width\":800,\"height\":77,\"caption\":\"Organisator\"},\"image\":{\"@id\":\"https:\\\/\\\/www.organisator.ch\\\/#\\\/schema\\\/logo\\\/image\\\/\"},\"sameAs\":[\"https:\\\/\\\/www.facebook.com\\\/OrganisatorFachmagazin\",\"https:\\\/\\\/www.linkedin.com\\\/showcase\\\/organisator-das-magazin-fr-kmu\",\"https:\\\/\\\/www.xing.com\\\/news\\\/pages\\\/organisator-ch-695\",\"https:\\\/\\\/www.youtube.com\\\/channel\\\/UCGP2Sq0iWaZwT3BdIAQFYpw\"]},{\"@type\":\"Person\",\"@id\":\"https:\\\/\\\/www.organisator.ch\\\/#\\\/schema\\\/person\\\/aa2bace6c5c5aad60102004a50c4eb1c\",\"name\":\"admin\",\"image\":{\"@type\":\"ImageObject\",\"inLanguage\":\"it-IT\",\"@id\":\"https:\\\/\\\/secure.gravatar.com\\\/avatar\\\/ae2f4d718e6c49043e314ce431e7e645d646302a24a5ef5a8bc8e3f5a032e319?s=96&d=mm&r=g\",\"url\":\"https:\\\/\\\/secure.gravatar.com\\\/avatar\\\/ae2f4d718e6c49043e314ce431e7e645d646302a24a5ef5a8bc8e3f5a032e319?s=96&d=mm&r=g\",\"contentUrl\":\"https:\\\/\\\/secure.gravatar.com\\\/avatar\\\/ae2f4d718e6c49043e314ce431e7e645d646302a24a5ef5a8bc8e3f5a032e319?s=96&d=mm&r=g\",\"caption\":\"admin\"},\"sameAs\":[\"https:\\\/\\\/www.organisator.ch\"],\"url\":\"https:\\\/\\\/www.organisator.ch\\\/it\\\/author\\\/admin\\\/\"}]}<\/script>\n<!-- \/ Yoast SEO plugin. -->","yoast_head_json":{"title":"Identificazione dei pensatori pi\u00f9 importanti del mondo - Organizzatore","description":"L'appena pubblicato \"Global Thought Leaders Index 2015\" mappa la conversazione globale e le sue voci pi\u00f9 importanti su Internet.","robots":{"index":"index","follow":"follow","max-snippet":"max-snippet:-1","max-image-preview":"max-image-preview:large","max-video-preview":"max-video-preview:-1"},"canonical":"https:\/\/www.organisator.ch\/it\/generale\/2015-12-21\/die-wichtigsten-denker-der-welt-ermittelt\/","og_locale":"it_IT","og_type":"article","og_title":"Die wichtigsten Denker der Welt ermittelt","og_description":"Der soeben publizierte \u201eGlobal Thought Leaders Index 2015\u201c kartografiert die globale Konversation und deren wichtigste Stimmen im Internet. Die Netzwerk-Analyse ist eine Kooperation des GDI Gottlieb Duttweiler Institute und der \u201eThe WorldPost\u201c \/ \u201eHuffingtonPost\u201c.","og_url":"https:\/\/www.organisator.ch\/it\/generale\/2015-12-21\/die-wichtigsten-denker-der-welt-ermittelt\/","og_site_name":"Organisator","article_publisher":"https:\/\/www.facebook.com\/OrganisatorFachmagazin","article_published_time":"2015-12-21T13:37:40+00:00","author":"admin","twitter_card":"summary_large_image","twitter_image":"https:\/\/www.organisator.ch\/wp-content\/uploads\/2016\/12\/Die-wichtigsten-Denker-der-Welt-ermittelt-organisator.png","schema":{"@context":"https:\/\/schema.org","@graph":[{"@type":"Article","@id":"https:\/\/www.organisator.ch\/de\/allgemein\/2015-12-21\/die-wichtigsten-denker-der-welt-ermittelt\/#article","isPartOf":{"@id":"https:\/\/www.organisator.ch\/de\/allgemein\/2015-12-21\/die-wichtigsten-denker-der-welt-ermittelt\/"},"author":{"name":"admin","@id":"https:\/\/www.organisator.ch\/#\/schema\/person\/aa2bace6c5c5aad60102004a50c4eb1c"},"headline":"Die wichtigsten Denker der Welt ermittelt","datePublished":"2015-12-21T13:37:40+00:00","mainEntityOfPage":{"@id":"https:\/\/www.organisator.ch\/de\/allgemein\/2015-12-21\/die-wichtigsten-denker-der-welt-ermittelt\/"},"wordCount":344,"commentCount":0,"publisher":{"@id":"https:\/\/www.organisator.ch\/#organization"},"image":{"@id":"https:\/\/www.organisator.ch\/de\/allgemein\/2015-12-21\/die-wichtigsten-denker-der-welt-ermittelt\/#primaryimage"},"thumbnailUrl":"https:\/\/www.organisator.ch\/wp-content\/uploads\/2016\/12\/Die-wichtigsten-Denker-der-Welt-ermittelt-organisator.png","keywords":["Studie"],"articleSection":["Allgemein"],"inLanguage":"it-IT"},{"@type":"WebPage","@id":"https:\/\/www.organisator.ch\/de\/allgemein\/2015-12-21\/die-wichtigsten-denker-der-welt-ermittelt\/","url":"https:\/\/www.organisator.ch\/de\/allgemein\/2015-12-21\/die-wichtigsten-denker-der-welt-ermittelt\/","name":"Identificazione dei pensatori pi\u00f9 importanti del mondo - Organizzatore","isPartOf":{"@id":"https:\/\/www.organisator.ch\/#website"},"primaryImageOfPage":{"@id":"https:\/\/www.organisator.ch\/de\/allgemein\/2015-12-21\/die-wichtigsten-denker-der-welt-ermittelt\/#primaryimage"},"image":{"@id":"https:\/\/www.organisator.ch\/de\/allgemein\/2015-12-21\/die-wichtigsten-denker-der-welt-ermittelt\/#primaryimage"},"thumbnailUrl":"https:\/\/www.organisator.ch\/wp-content\/uploads\/2016\/12\/Die-wichtigsten-Denker-der-Welt-ermittelt-organisator.png","datePublished":"2015-12-21T13:37:40+00:00","description":"L'appena pubblicato \"Global Thought Leaders Index 2015\" mappa la conversazione globale e le sue voci pi\u00f9 importanti su Internet.","breadcrumb":{"@id":"https:\/\/www.organisator.ch\/de\/allgemein\/2015-12-21\/die-wichtigsten-denker-der-welt-ermittelt\/#breadcrumb"},"inLanguage":"it-IT","potentialAction":[{"@type":"ReadAction","target":["https:\/\/www.organisator.ch\/de\/allgemein\/2015-12-21\/die-wichtigsten-denker-der-welt-ermittelt\/"]}]},{"@type":"ImageObject","inLanguage":"it-IT","@id":"https:\/\/www.organisator.ch\/de\/allgemein\/2015-12-21\/die-wichtigsten-denker-der-welt-ermittelt\/#primaryimage","url":"https:\/\/www.organisator.ch\/wp-content\/uploads\/2016\/12\/Die-wichtigsten-Denker-der-Welt-ermittelt-organisator.png","contentUrl":"https:\/\/www.organisator.ch\/wp-content\/uploads\/2016\/12\/Die-wichtigsten-Denker-der-Welt-ermittelt-organisator.png","width":533,"height":724},{"@type":"BreadcrumbList","@id":"https:\/\/www.organisator.ch\/de\/allgemein\/2015-12-21\/die-wichtigsten-denker-der-welt-ermittelt\/#breadcrumb","itemListElement":[{"@type":"ListItem","position":1,"name":"Home","item":"https:\/\/www.organisator.ch\/"},{"@type":"ListItem","position":2,"name":"Die wichtigsten Denker der Welt ermittelt"}]},{"@type":"WebSite","@id":"https:\/\/www.organisator.ch\/#website","url":"https:\/\/www.organisator.ch\/","name":"Organizzatore","description":"Competente. Pratico. In 10 numeri all'anno, ORGANISATOR presenta i temi essenziali per i manager delle PMI.","publisher":{"@id":"https:\/\/www.organisator.ch\/#organization"},"potentialAction":[{"@type":"SearchAction","target":{"@type":"EntryPoint","urlTemplate":"https:\/\/www.organisator.ch\/?s={search_term_string}"},"query-input":{"@type":"PropertyValueSpecification","valueRequired":true,"valueName":"search_term_string"}}],"inLanguage":"it-IT"},{"@type":"Organization","@id":"https:\/\/www.organisator.ch\/#organization","name":"Organizzatore","url":"https:\/\/www.organisator.ch\/","logo":{"@type":"ImageObject","inLanguage":"it-IT","@id":"https:\/\/www.organisator.ch\/#\/schema\/logo\/image\/","url":"https:\/\/www.organisator.ch\/wp-content\/uploads\/2022\/01\/Logo_Organisator_Website.png","contentUrl":"https:\/\/www.organisator.ch\/wp-content\/uploads\/2022\/01\/Logo_Organisator_Website.png","width":800,"height":77,"caption":"Organisator"},"image":{"@id":"https:\/\/www.organisator.ch\/#\/schema\/logo\/image\/"},"sameAs":["https:\/\/www.facebook.com\/OrganisatorFachmagazin","https:\/\/www.linkedin.com\/showcase\/organisator-das-magazin-fr-kmu","https:\/\/www.xing.com\/news\/pages\/organisator-ch-695","https:\/\/www.youtube.com\/channel\/UCGP2Sq0iWaZwT3BdIAQFYpw"]},{"@type":"Person","@id":"https:\/\/www.organisator.ch\/#\/schema\/person\/aa2bace6c5c5aad60102004a50c4eb1c","name":"amministratore","image":{"@type":"ImageObject","inLanguage":"it-IT","@id":"https:\/\/secure.gravatar.com\/avatar\/ae2f4d718e6c49043e314ce431e7e645d646302a24a5ef5a8bc8e3f5a032e319?s=96&d=mm&r=g","url":"https:\/\/secure.gravatar.com\/avatar\/ae2f4d718e6c49043e314ce431e7e645d646302a24a5ef5a8bc8e3f5a032e319?s=96&d=mm&r=g","contentUrl":"https:\/\/secure.gravatar.com\/avatar\/ae2f4d718e6c49043e314ce431e7e645d646302a24a5ef5a8bc8e3f5a032e319?s=96&d=mm&r=g","caption":"admin"},"sameAs":["https:\/\/www.organisator.ch"],"url":"https:\/\/www.organisator.ch\/it\/author\/admin\/"}]}},"_links":{"self":[{"href":"https:\/\/www.organisator.ch\/it\/wp-json\/wp\/v2\/posts\/8564","targetHints":{"allow":["GET"]}}],"collection":[{"href":"https:\/\/www.organisator.ch\/it\/wp-json\/wp\/v2\/posts"}],"about":[{"href":"https:\/\/www.organisator.ch\/it\/wp-json\/wp\/v2\/types\/post"}],"author":[{"embeddable":true,"href":"https:\/\/www.organisator.ch\/it\/wp-json\/wp\/v2\/users\/1"}],"replies":[{"embeddable":true,"href":"https:\/\/www.organisator.ch\/it\/wp-json\/wp\/v2\/comments?post=8564"}],"version-history":[{"count":0,"href":"https:\/\/www.organisator.ch\/it\/wp-json\/wp\/v2\/posts\/8564\/revisions"}],"wp:featuredmedia":[{"embeddable":true,"href":"https:\/\/www.organisator.ch\/it\/wp-json\/wp\/v2\/media\/8459"}],"wp:attachment":[{"href":"https:\/\/www.organisator.ch\/it\/wp-json\/wp\/v2\/media?parent=8564"}],"wp:term":[{"taxonomy":"category","embeddable":true,"href":"https:\/\/www.organisator.ch\/it\/wp-json\/wp\/v2\/categories?post=8564"},{"taxonomy":"post_tag","embeddable":true,"href":"https:\/\/www.organisator.ch\/it\/wp-json\/wp\/v2\/tags?post=8564"}],"curies":[{"name":"wp","href":"https:\/\/api.w.org\/{rel}","templated":true}]}}