{"id":8567,"date":"2016-01-03T14:42:52","date_gmt":"2016-01-03T13:42:52","guid":{"rendered":"http:\/\/dev.organisator.ch\/?p=68"},"modified":"2016-01-03T14:42:52","modified_gmt":"2016-01-03T13:42:52","slug":"schweizer-unternehmen-pessimistisch","status":"publish","type":"post","link":"https:\/\/www.organisator.ch\/it\/allgemein\/2016-01-03\/schweizer-unternehmen-pessimistisch\/","title":{"rendered":"Aziende svizzere pessimiste"},"content":{"rendered":"<p><img loading=\"lazy\" decoding=\"async\" class=\"alignnone size-medium wp-image-69\" src=\"https:\/\/organisator.ch\/wp-content\/uploads\/2016\/12\/Schweizer-Unternehmen-pessimistisch-organisator.jpg\" alt=\"\" width=\"680\" height=\"510\" \/><\/p>\n<p>&nbsp;<\/p>\n<p>L'attuale sondaggio sulle ristrutturazioni di KPMG, condotto tra pi\u00f9 di 80 aziende svizzere di vari settori, ha rivelato che pi\u00f9 di un terzo vede un peggioramento della piazza economica svizzera rispetto all'anno precedente.<\/p>\n<p>I principali motori di questi sviluppi negativi sono l'attuale forza del franco svizzero e l'alta pressione dei prezzi. Il 73% delle aziende teme che un'eventuale cessazione degli accordi bilaterali abbia un impatto negativo sui loro affari. L'indagine mostra quale impatto ha avuto l'abolizione del tasso di cambio minimo dell'euro sulle aziende svizzere.<\/p>\n<p>Il 71% delle aziende intervistate valuta gli effetti dell'attuale forza del franco come negativi e il 16% addirittura come una minaccia alla loro esistenza.<\/p>\n<p>Questo vale in particolare per i modelli di business in cui le entrate sono generate all'estero e i costi (del personale) sono sostenuti all'interno del paese (compreso il turismo). Dove la differenziazione non si concretizza, la mancanza di competitivit\u00e0 incide inevitabilmente sui margini di profitto.<\/p>\n<p><strong>Pessimismo contro concorrenza<\/strong><\/p>\n<p>Dal punto di vista degli intervistati, una potenziale cessazione degli accordi bilaterali con l'UE rappresenta una minaccia simile: il 59% teme un impatto negativo sulla propria azienda, il 14% considera addirittura una cessazione degli accordi bilaterali come una minaccia alla propria esistenza.<\/p>\n<p>In linea con le precedenti dichiarazioni sulla disponibilit\u00e0 di personale, l'importanza dell'iniziativa dell'immigrazione di massa per la competitivit\u00e0 \u00e8 diventata chiara anche qui.<\/p>\n<p>Anche se il 56% degli intervistati considera l'iniziativa adottata dal popolo come negativa per la loro azienda, solo il 2% crede che l'iniziativa minaccer\u00e0 la loro esistenza a lungo termine.<\/p>\n<p>Lo studio completo pu\u00f2 essere trovato al seguente link:<\/p>\n<p><a href=\"http:\/\/kpmg.ch\/restructuring\" target=\"_blank\" data-cke-saved-href=\"http:\/\/kpmg.ch\/restructuring\" rel=\"noopener\">kpmg.ch\/ristrutturazione<\/a><\/p>","protected":false},"excerpt":{"rendered":"<p>&nbsp; Die aktuelle KPMG Restrukturierungsstudie bei mehr als 80 Schweizer Unternehmen aus verschiedenen Branchen hat ergeben, dass \u00fcber ein Drittel eine Verschlechterung des Wirtschaftsstandorts Schweiz gegen\u00fcber dem Vorjahr sieht. Als Haupttreiber dieser negativen Entwicklungen werden die momentane Frankenst\u00e4rke und der hohe Preisdruck genannt. Von einer m\u00f6glichen K\u00fcndigung der Bilateralen bef\u00fcrchten 73 Prozent der Firmen negative [&hellip;]<\/p>\n","protected":false},"author":1,"featured_media":8462,"comment_status":"open","ping_status":"open","sticky":false,"template":"","format":"standard","meta":{"_acf_changed":false,"_yoast_wpseo_focuskw":"Schweizer Unternehmen","_yoast_wpseo_metadesc":"Die KPMG Restrukturierungsstudie hat bei \u00fcber 80 Schweizer Unternehmen ergeben, dass eine Verschlechterung des Wirtschaftsstandorts Schweiz gesehen wird.","articlekey":"","footnotes":""},"categories":[1],"tags":[410],"class_list":["post-8567","post","type-post","status-publish","format-standard","has-post-thumbnail","hentry","category-allgemein","tag-regulierung"],"acf":[],"yoast_head":"<!-- This site is optimized with the Yoast SEO plugin v27.4 - https:\/\/yoast.com\/product\/yoast-seo-wordpress\/ -->\n<title>Schweizer Unternehmen pessimistisch - Organisator<\/title>\n<meta name=\"description\" content=\"Die KPMG Restrukturierungsstudie hat bei \u00fcber 80 Schweizer Unternehmen ergeben, dass eine Verschlechterung des Wirtschaftsstandorts Schweiz gesehen wird.\" \/>\n<meta name=\"robots\" content=\"index, follow, max-snippet:-1, max-image-preview:large, max-video-preview:-1\" \/>\n<link rel=\"canonical\" href=\"https:\/\/www.organisator.ch\/it\/generale\/2016-01-03\/schweizer-unternehmen-pessimistisch\/\" \/>\n<meta property=\"og:locale\" content=\"it_IT\" \/>\n<meta property=\"og:type\" content=\"article\" \/>\n<meta property=\"og:title\" content=\"Schweizer Unternehmen pessimistisch\" \/>\n<meta property=\"og:description\" content=\"Die aktuelle KPMG Restrukturierungsstudie bei mehr als 80 Schweizer Unternehmen aus verschiedenen Branchen hat ergeben, dass \u00fcber ein Drittel eine Verschlechterung des Wirtschaftsstandorts Schweiz gegen\u00fcber dem Vorjahr sieht.\" \/>\n<meta property=\"og:url\" content=\"https:\/\/www.organisator.ch\/it\/generale\/2016-01-03\/schweizer-unternehmen-pessimistisch\/\" \/>\n<meta property=\"og:site_name\" content=\"Organisator\" \/>\n<meta property=\"article:publisher\" content=\"https:\/\/www.facebook.com\/OrganisatorFachmagazin\" \/>\n<meta property=\"article:published_time\" content=\"2016-01-03T13:42:52+00:00\" \/>\n<meta name=\"author\" content=\"admin\" \/>\n<meta name=\"twitter:card\" content=\"summary_large_image\" \/>\n<meta name=\"twitter:image\" content=\"https:\/\/www.organisator.ch\/wp-content\/uploads\/2016\/12\/Schweizer-Unternehmen-pessimistisch-organisator.jpg\" \/>\n<script type=\"application\/ld+json\" class=\"yoast-schema-graph\">{\"@context\":\"https:\\\/\\\/schema.org\",\"@graph\":[{\"@type\":\"Article\",\"@id\":\"https:\\\/\\\/www.organisator.ch\\\/de\\\/allgemein\\\/2016-01-03\\\/schweizer-unternehmen-pessimistisch\\\/#article\",\"isPartOf\":{\"@id\":\"https:\\\/\\\/www.organisator.ch\\\/de\\\/allgemein\\\/2016-01-03\\\/schweizer-unternehmen-pessimistisch\\\/\"},\"author\":{\"name\":\"admin\",\"@id\":\"https:\\\/\\\/www.organisator.ch\\\/#\\\/schema\\\/person\\\/aa2bace6c5c5aad60102004a50c4eb1c\"},\"headline\":\"Schweizer Unternehmen pessimistisch\",\"datePublished\":\"2016-01-03T13:42:52+00:00\",\"mainEntityOfPage\":{\"@id\":\"https:\\\/\\\/www.organisator.ch\\\/de\\\/allgemein\\\/2016-01-03\\\/schweizer-unternehmen-pessimistisch\\\/\"},\"wordCount\":248,\"commentCount\":0,\"publisher\":{\"@id\":\"https:\\\/\\\/www.organisator.ch\\\/#organization\"},\"image\":{\"@id\":\"https:\\\/\\\/www.organisator.ch\\\/de\\\/allgemein\\\/2016-01-03\\\/schweizer-unternehmen-pessimistisch\\\/#primaryimage\"},\"thumbnailUrl\":\"https:\\\/\\\/www.organisator.ch\\\/wp-content\\\/uploads\\\/2016\\\/12\\\/Schweizer-Unternehmen-pessimistisch-organisator.jpg\",\"keywords\":[\"Regulierung\"],\"articleSection\":[\"Allgemein\"],\"inLanguage\":\"it-IT\"},{\"@type\":\"WebPage\",\"@id\":\"https:\\\/\\\/www.organisator.ch\\\/de\\\/allgemein\\\/2016-01-03\\\/schweizer-unternehmen-pessimistisch\\\/\",\"url\":\"https:\\\/\\\/www.organisator.ch\\\/de\\\/allgemein\\\/2016-01-03\\\/schweizer-unternehmen-pessimistisch\\\/\",\"name\":\"Schweizer Unternehmen pessimistisch - Organisator\",\"isPartOf\":{\"@id\":\"https:\\\/\\\/www.organisator.ch\\\/#website\"},\"primaryImageOfPage\":{\"@id\":\"https:\\\/\\\/www.organisator.ch\\\/de\\\/allgemein\\\/2016-01-03\\\/schweizer-unternehmen-pessimistisch\\\/#primaryimage\"},\"image\":{\"@id\":\"https:\\\/\\\/www.organisator.ch\\\/de\\\/allgemein\\\/2016-01-03\\\/schweizer-unternehmen-pessimistisch\\\/#primaryimage\"},\"thumbnailUrl\":\"https:\\\/\\\/www.organisator.ch\\\/wp-content\\\/uploads\\\/2016\\\/12\\\/Schweizer-Unternehmen-pessimistisch-organisator.jpg\",\"datePublished\":\"2016-01-03T13:42:52+00:00\",\"description\":\"Die KPMG Restrukturierungsstudie hat bei \u00fcber 80 Schweizer Unternehmen ergeben, dass eine Verschlechterung des Wirtschaftsstandorts Schweiz gesehen wird.\",\"breadcrumb\":{\"@id\":\"https:\\\/\\\/www.organisator.ch\\\/de\\\/allgemein\\\/2016-01-03\\\/schweizer-unternehmen-pessimistisch\\\/#breadcrumb\"},\"inLanguage\":\"it-IT\",\"potentialAction\":[{\"@type\":\"ReadAction\",\"target\":[\"https:\\\/\\\/www.organisator.ch\\\/de\\\/allgemein\\\/2016-01-03\\\/schweizer-unternehmen-pessimistisch\\\/\"]}]},{\"@type\":\"ImageObject\",\"inLanguage\":\"it-IT\",\"@id\":\"https:\\\/\\\/www.organisator.ch\\\/de\\\/allgemein\\\/2016-01-03\\\/schweizer-unternehmen-pessimistisch\\\/#primaryimage\",\"url\":\"https:\\\/\\\/www.organisator.ch\\\/wp-content\\\/uploads\\\/2016\\\/12\\\/Schweizer-Unternehmen-pessimistisch-organisator.jpg\",\"contentUrl\":\"https:\\\/\\\/www.organisator.ch\\\/wp-content\\\/uploads\\\/2016\\\/12\\\/Schweizer-Unternehmen-pessimistisch-organisator.jpg\",\"width\":704,\"height\":528},{\"@type\":\"BreadcrumbList\",\"@id\":\"https:\\\/\\\/www.organisator.ch\\\/de\\\/allgemein\\\/2016-01-03\\\/schweizer-unternehmen-pessimistisch\\\/#breadcrumb\",\"itemListElement\":[{\"@type\":\"ListItem\",\"position\":1,\"name\":\"Home\",\"item\":\"https:\\\/\\\/www.organisator.ch\\\/\"},{\"@type\":\"ListItem\",\"position\":2,\"name\":\"Schweizer Unternehmen pessimistisch\"}]},{\"@type\":\"WebSite\",\"@id\":\"https:\\\/\\\/www.organisator.ch\\\/#website\",\"url\":\"https:\\\/\\\/www.organisator.ch\\\/\",\"name\":\"Organisator\",\"description\":\"Kompetent. Praxisnah. Der ORGANISATOR bereitet in 10 Ausgaben pro Jahr die wesentlichen Themen f\u00fcr F\u00fchrungskr\u00e4fte von KMU auf.\",\"publisher\":{\"@id\":\"https:\\\/\\\/www.organisator.ch\\\/#organization\"},\"potentialAction\":[{\"@type\":\"SearchAction\",\"target\":{\"@type\":\"EntryPoint\",\"urlTemplate\":\"https:\\\/\\\/www.organisator.ch\\\/?s={search_term_string}\"},\"query-input\":{\"@type\":\"PropertyValueSpecification\",\"valueRequired\":true,\"valueName\":\"search_term_string\"}}],\"inLanguage\":\"it-IT\"},{\"@type\":\"Organization\",\"@id\":\"https:\\\/\\\/www.organisator.ch\\\/#organization\",\"name\":\"Organisator\",\"url\":\"https:\\\/\\\/www.organisator.ch\\\/\",\"logo\":{\"@type\":\"ImageObject\",\"inLanguage\":\"it-IT\",\"@id\":\"https:\\\/\\\/www.organisator.ch\\\/#\\\/schema\\\/logo\\\/image\\\/\",\"url\":\"https:\\\/\\\/www.organisator.ch\\\/wp-content\\\/uploads\\\/2022\\\/01\\\/Logo_Organisator_Website.png\",\"contentUrl\":\"https:\\\/\\\/www.organisator.ch\\\/wp-content\\\/uploads\\\/2022\\\/01\\\/Logo_Organisator_Website.png\",\"width\":800,\"height\":77,\"caption\":\"Organisator\"},\"image\":{\"@id\":\"https:\\\/\\\/www.organisator.ch\\\/#\\\/schema\\\/logo\\\/image\\\/\"},\"sameAs\":[\"https:\\\/\\\/www.facebook.com\\\/OrganisatorFachmagazin\",\"https:\\\/\\\/www.linkedin.com\\\/showcase\\\/organisator-das-magazin-fr-kmu\",\"https:\\\/\\\/www.xing.com\\\/news\\\/pages\\\/organisator-ch-695\",\"https:\\\/\\\/www.youtube.com\\\/channel\\\/UCGP2Sq0iWaZwT3BdIAQFYpw\"]},{\"@type\":\"Person\",\"@id\":\"https:\\\/\\\/www.organisator.ch\\\/#\\\/schema\\\/person\\\/aa2bace6c5c5aad60102004a50c4eb1c\",\"name\":\"admin\",\"image\":{\"@type\":\"ImageObject\",\"inLanguage\":\"it-IT\",\"@id\":\"https:\\\/\\\/secure.gravatar.com\\\/avatar\\\/ae2f4d718e6c49043e314ce431e7e645d646302a24a5ef5a8bc8e3f5a032e319?s=96&d=mm&r=g\",\"url\":\"https:\\\/\\\/secure.gravatar.com\\\/avatar\\\/ae2f4d718e6c49043e314ce431e7e645d646302a24a5ef5a8bc8e3f5a032e319?s=96&d=mm&r=g\",\"contentUrl\":\"https:\\\/\\\/secure.gravatar.com\\\/avatar\\\/ae2f4d718e6c49043e314ce431e7e645d646302a24a5ef5a8bc8e3f5a032e319?s=96&d=mm&r=g\",\"caption\":\"admin\"},\"sameAs\":[\"https:\\\/\\\/www.organisator.ch\"],\"url\":\"https:\\\/\\\/www.organisator.ch\\\/it\\\/author\\\/admin\\\/\"}]}<\/script>\n<!-- \/ Yoast SEO plugin. -->","yoast_head_json":{"title":"Imprese svizzere pessimiste - Organizzatore","description":"Lo studio di KPMG sulle ristrutturazioni ha rivelato che pi\u00f9 di 80 aziende svizzere vedono un deterioramento della piazza economica svizzera.","robots":{"index":"index","follow":"follow","max-snippet":"max-snippet:-1","max-image-preview":"max-image-preview:large","max-video-preview":"max-video-preview:-1"},"canonical":"https:\/\/www.organisator.ch\/it\/generale\/2016-01-03\/schweizer-unternehmen-pessimistisch\/","og_locale":"it_IT","og_type":"article","og_title":"Schweizer Unternehmen pessimistisch","og_description":"Die aktuelle KPMG Restrukturierungsstudie bei mehr als 80 Schweizer Unternehmen aus verschiedenen Branchen hat ergeben, dass \u00fcber ein Drittel eine Verschlechterung des Wirtschaftsstandorts Schweiz gegen\u00fcber dem Vorjahr sieht.","og_url":"https:\/\/www.organisator.ch\/it\/generale\/2016-01-03\/schweizer-unternehmen-pessimistisch\/","og_site_name":"Organisator","article_publisher":"https:\/\/www.facebook.com\/OrganisatorFachmagazin","article_published_time":"2016-01-03T13:42:52+00:00","author":"admin","twitter_card":"summary_large_image","twitter_image":"https:\/\/www.organisator.ch\/wp-content\/uploads\/2016\/12\/Schweizer-Unternehmen-pessimistisch-organisator.jpg","schema":{"@context":"https:\/\/schema.org","@graph":[{"@type":"Article","@id":"https:\/\/www.organisator.ch\/de\/allgemein\/2016-01-03\/schweizer-unternehmen-pessimistisch\/#article","isPartOf":{"@id":"https:\/\/www.organisator.ch\/de\/allgemein\/2016-01-03\/schweizer-unternehmen-pessimistisch\/"},"author":{"name":"admin","@id":"https:\/\/www.organisator.ch\/#\/schema\/person\/aa2bace6c5c5aad60102004a50c4eb1c"},"headline":"Schweizer Unternehmen pessimistisch","datePublished":"2016-01-03T13:42:52+00:00","mainEntityOfPage":{"@id":"https:\/\/www.organisator.ch\/de\/allgemein\/2016-01-03\/schweizer-unternehmen-pessimistisch\/"},"wordCount":248,"commentCount":0,"publisher":{"@id":"https:\/\/www.organisator.ch\/#organization"},"image":{"@id":"https:\/\/www.organisator.ch\/de\/allgemein\/2016-01-03\/schweizer-unternehmen-pessimistisch\/#primaryimage"},"thumbnailUrl":"https:\/\/www.organisator.ch\/wp-content\/uploads\/2016\/12\/Schweizer-Unternehmen-pessimistisch-organisator.jpg","keywords":["Regulierung"],"articleSection":["Allgemein"],"inLanguage":"it-IT"},{"@type":"WebPage","@id":"https:\/\/www.organisator.ch\/de\/allgemein\/2016-01-03\/schweizer-unternehmen-pessimistisch\/","url":"https:\/\/www.organisator.ch\/de\/allgemein\/2016-01-03\/schweizer-unternehmen-pessimistisch\/","name":"Imprese svizzere pessimiste - Organizzatore","isPartOf":{"@id":"https:\/\/www.organisator.ch\/#website"},"primaryImageOfPage":{"@id":"https:\/\/www.organisator.ch\/de\/allgemein\/2016-01-03\/schweizer-unternehmen-pessimistisch\/#primaryimage"},"image":{"@id":"https:\/\/www.organisator.ch\/de\/allgemein\/2016-01-03\/schweizer-unternehmen-pessimistisch\/#primaryimage"},"thumbnailUrl":"https:\/\/www.organisator.ch\/wp-content\/uploads\/2016\/12\/Schweizer-Unternehmen-pessimistisch-organisator.jpg","datePublished":"2016-01-03T13:42:52+00:00","description":"Lo studio di KPMG sulle ristrutturazioni ha rivelato che pi\u00f9 di 80 aziende svizzere vedono un deterioramento della piazza economica svizzera.","breadcrumb":{"@id":"https:\/\/www.organisator.ch\/de\/allgemein\/2016-01-03\/schweizer-unternehmen-pessimistisch\/#breadcrumb"},"inLanguage":"it-IT","potentialAction":[{"@type":"ReadAction","target":["https:\/\/www.organisator.ch\/de\/allgemein\/2016-01-03\/schweizer-unternehmen-pessimistisch\/"]}]},{"@type":"ImageObject","inLanguage":"it-IT","@id":"https:\/\/www.organisator.ch\/de\/allgemein\/2016-01-03\/schweizer-unternehmen-pessimistisch\/#primaryimage","url":"https:\/\/www.organisator.ch\/wp-content\/uploads\/2016\/12\/Schweizer-Unternehmen-pessimistisch-organisator.jpg","contentUrl":"https:\/\/www.organisator.ch\/wp-content\/uploads\/2016\/12\/Schweizer-Unternehmen-pessimistisch-organisator.jpg","width":704,"height":528},{"@type":"BreadcrumbList","@id":"https:\/\/www.organisator.ch\/de\/allgemein\/2016-01-03\/schweizer-unternehmen-pessimistisch\/#breadcrumb","itemListElement":[{"@type":"ListItem","position":1,"name":"Home","item":"https:\/\/www.organisator.ch\/"},{"@type":"ListItem","position":2,"name":"Schweizer Unternehmen pessimistisch"}]},{"@type":"WebSite","@id":"https:\/\/www.organisator.ch\/#website","url":"https:\/\/www.organisator.ch\/","name":"Organizzatore","description":"Competente. Pratico. In 10 numeri all'anno, ORGANISATOR presenta i temi essenziali per i manager delle PMI.","publisher":{"@id":"https:\/\/www.organisator.ch\/#organization"},"potentialAction":[{"@type":"SearchAction","target":{"@type":"EntryPoint","urlTemplate":"https:\/\/www.organisator.ch\/?s={search_term_string}"},"query-input":{"@type":"PropertyValueSpecification","valueRequired":true,"valueName":"search_term_string"}}],"inLanguage":"it-IT"},{"@type":"Organization","@id":"https:\/\/www.organisator.ch\/#organization","name":"Organizzatore","url":"https:\/\/www.organisator.ch\/","logo":{"@type":"ImageObject","inLanguage":"it-IT","@id":"https:\/\/www.organisator.ch\/#\/schema\/logo\/image\/","url":"https:\/\/www.organisator.ch\/wp-content\/uploads\/2022\/01\/Logo_Organisator_Website.png","contentUrl":"https:\/\/www.organisator.ch\/wp-content\/uploads\/2022\/01\/Logo_Organisator_Website.png","width":800,"height":77,"caption":"Organisator"},"image":{"@id":"https:\/\/www.organisator.ch\/#\/schema\/logo\/image\/"},"sameAs":["https:\/\/www.facebook.com\/OrganisatorFachmagazin","https:\/\/www.linkedin.com\/showcase\/organisator-das-magazin-fr-kmu","https:\/\/www.xing.com\/news\/pages\/organisator-ch-695","https:\/\/www.youtube.com\/channel\/UCGP2Sq0iWaZwT3BdIAQFYpw"]},{"@type":"Person","@id":"https:\/\/www.organisator.ch\/#\/schema\/person\/aa2bace6c5c5aad60102004a50c4eb1c","name":"amministratore","image":{"@type":"ImageObject","inLanguage":"it-IT","@id":"https:\/\/secure.gravatar.com\/avatar\/ae2f4d718e6c49043e314ce431e7e645d646302a24a5ef5a8bc8e3f5a032e319?s=96&d=mm&r=g","url":"https:\/\/secure.gravatar.com\/avatar\/ae2f4d718e6c49043e314ce431e7e645d646302a24a5ef5a8bc8e3f5a032e319?s=96&d=mm&r=g","contentUrl":"https:\/\/secure.gravatar.com\/avatar\/ae2f4d718e6c49043e314ce431e7e645d646302a24a5ef5a8bc8e3f5a032e319?s=96&d=mm&r=g","caption":"admin"},"sameAs":["https:\/\/www.organisator.ch"],"url":"https:\/\/www.organisator.ch\/it\/author\/admin\/"}]}},"_links":{"self":[{"href":"https:\/\/www.organisator.ch\/it\/wp-json\/wp\/v2\/posts\/8567","targetHints":{"allow":["GET"]}}],"collection":[{"href":"https:\/\/www.organisator.ch\/it\/wp-json\/wp\/v2\/posts"}],"about":[{"href":"https:\/\/www.organisator.ch\/it\/wp-json\/wp\/v2\/types\/post"}],"author":[{"embeddable":true,"href":"https:\/\/www.organisator.ch\/it\/wp-json\/wp\/v2\/users\/1"}],"replies":[{"embeddable":true,"href":"https:\/\/www.organisator.ch\/it\/wp-json\/wp\/v2\/comments?post=8567"}],"version-history":[{"count":0,"href":"https:\/\/www.organisator.ch\/it\/wp-json\/wp\/v2\/posts\/8567\/revisions"}],"wp:featuredmedia":[{"embeddable":true,"href":"https:\/\/www.organisator.ch\/it\/wp-json\/wp\/v2\/media\/8462"}],"wp:attachment":[{"href":"https:\/\/www.organisator.ch\/it\/wp-json\/wp\/v2\/media?parent=8567"}],"wp:term":[{"taxonomy":"category","embeddable":true,"href":"https:\/\/www.organisator.ch\/it\/wp-json\/wp\/v2\/categories?post=8567"},{"taxonomy":"post_tag","embeddable":true,"href":"https:\/\/www.organisator.ch\/it\/wp-json\/wp\/v2\/tags?post=8567"}],"curies":[{"name":"wp","href":"https:\/\/api.w.org\/{rel}","templated":true}]}}