{"id":8571,"date":"2019-10-28T10:13:17","date_gmt":"2019-10-28T09:13:17","guid":{"rendered":"https:\/\/www.organisator.ch\/?p=5955"},"modified":"2019-10-28T10:13:17","modified_gmt":"2019-10-28T09:13:17","slug":"neue-duftnoten-am-kmu-tag","status":"publish","type":"post","link":"https:\/\/www.organisator.ch\/it\/management\/2019-10-28\/neue-duftnoten-am-kmu-tag\/","title":{"rendered":"Nuove fragranze nel giorno delle PMI"},"content":{"rendered":"<figure id=\"attachment_5956\" aria-describedby=\"caption-attachment-5956\" style=\"width: 680px\" class=\"wp-caption alignnone\"><img loading=\"lazy\" decoding=\"async\" class=\"size-medium wp-image-5956\" src=\"https:\/\/www.organisator.ch\/wp-content\/uploads\/2019\/10\/Neue-Duftnoten-am-KMU-Tag-3_Organisator.jpg\" alt=\"\" width=\"680\" height=\"340\" \/><figcaption id=\"caption-attachment-5956\" class=\"wp-caption-text\">Il moderatore Fabian Unteregger parla con i due imprenditori di start-up Susanne Dr\u00f6scher e Martin Fengler. Non solo la \"Inspiration Session\" ha portato nuovi profumi al PMI Day del 25 ottobre 2019. (Immagine: Thomas Berner)<\/figcaption><\/figure>\n<p>I concorrenti di domani per le PMI sono le aziende digitali come Google, Amazon, Facebook &amp; Co, ha detto il padrone di casa Tobi Wolf nel suo discorso di apertura. I punti di forza di queste aziende - nonostante le dimensioni - sono la volont\u00e0 di assumersi rischi, la mentalit\u00e0 da test e il fatto che la crescita \u00e8 pi\u00f9 importante della redditivit\u00e0. L'attenzione si concentra inoltre sull'orientamento al cliente e meno sulla centralit\u00e0 del prodotto. Le PMI, invece, hanno come punti di forza strutture stabili, fiducia, tradizione e know-how. Se a queste caratteristiche si aggiungono quelle delle aziende digitali con la loro \"mentalit\u00e0 da start-up\", le PMI diventano imbattibili nella competizione. Ci\u00f2 richiede semplicemente pi\u00f9 coraggio, leadership, le persone giuste al posto giusto e, cosa particolarmente importante, un primo piccolo passo. \"Un piccolo passo pu\u00f2 avere un effetto enorme\", ha dimostrato Tobi Wolf con l'aiuto di un domino, dove un piccolo blocco \u00e8 stato in grado di rovesciare anche il blocco pi\u00f9 grande attraverso una reazione a catena.<\/p>\n<figure id=\"attachment_5960\" aria-describedby=\"caption-attachment-5960\" style=\"width: 680px\" class=\"wp-caption alignnone\"><img loading=\"lazy\" decoding=\"async\" class=\"size-medium wp-image-5960\" src=\"https:\/\/www.organisator.ch\/wp-content\/uploads\/2019\/10\/Neue-Duftnoten-am-KMU-Tag-1_Organisator.jpg\" alt=\"\" width=\"680\" height=\"415\" \/><figcaption id=\"caption-attachment-5960\" class=\"wp-caption-text\">Tobi Wolf durante il suo discorso di apertura. (Immagine: Thomas Berner)<\/figcaption><\/figure>\n<h2>Profumi di canapa nel giorno della PMI<\/h2>\n<p>Roger Koch, fondatore dell'unico produttore svizzero indipendente di sigarette, ha scelto un inizio non convenzionale per la sua presentazione. Non ha nascosto la sua frustrazione per i regolamenti e la crescente ossessione per la sicurezza e la salute. Questo influisce anche sull'imprenditorialit\u00e0: \"Se i manager smettono di vivere una vita rischiosa, come possono continuare ad assumere rischi imprenditoriali? Lui stesso ha dato il buon esempio come imprenditore: con la sua azienda produttrice di sigarette \u00e8 entrato in un mercato ad alto rischio, caratterizzato da oligopoli, forti regolamentazioni e consumi in calo. Ma con l'innovazione di un nuovo tipo di sigarette di canapa, ha trovato una nicchia che potrebbe avere un potenziale per le applicazioni mediche. Alcuni dei partecipanti hanno provato personalmente questo prodotto durante le pause - l'odore della canapa affumicata era per una volta inconfondibile al PMI Day...<\/p>\n<figure id=\"attachment_5961\" aria-describedby=\"caption-attachment-5961\" style=\"width: 680px\" class=\"wp-caption alignnone\"><img loading=\"lazy\" decoding=\"async\" class=\"size-medium wp-image-5961\" src=\"https:\/\/www.organisator.ch\/wp-content\/uploads\/2019\/10\/Neue-Duftnoten-am-KMU-Tag-2_Organisator.jpg\" alt=\"\" width=\"680\" height=\"452\" \/><figcaption id=\"caption-attachment-5961\" class=\"wp-caption-text\">Roger Koch ha parlato non solo dei profumi delle sigarette di canapa sviluppate nella sua manifattura, ma anche di molte assurdit\u00e0 che la nostra attuale \"cultura dell'evitamento del rischio\" produce. (Immagine: Thomas Berner)<\/figcaption><\/figure>\n<h2>L'orientamento al cliente prima di tutto<\/h2>\n<p>Marcus Sch\u00f6gel, direttore dell'Istituto di Marketing dell'Universit\u00e0 di San Gallo, ha poi parlato del fattore di successo dell'orientamento al cliente. \"\u00c8 nata l'era del cliente\", ha affermato. Oggi \u00e8 importante pensare a nuove soluzioni dal punto di vista del cliente. \"Gli investimenti nella centralit\u00e0 del cliente ripagano\", ha proseguito Sch\u00f6gel. Si tratta anche di sviluppare la conoscenza del cliente tra i dipendenti. Ci\u00f2 deve avvenire motivando i dipendenti a \"voler fare sempre il meglio per il cliente\".<\/p>\n<h2>Startup in gara davanti al pubblico<\/h2>\n<p>In una \"sessione di ispirazione\" - che non aveva tanto a che fare con il gi\u00e0 citato contenuto di THC nell'aria che respiriamo, quanto piuttosto con un nuovo punto del programma - quattro start-up sono state autorizzate a presentare il loro modello di business in forma di pitch di 8 minuti. Kilian Wagner di VIU ha mostrato come la sua azienda stia praticamente reinventando i canali di distribuzione degli occhiali, il che si traduce in prezzi interessanti per i clienti. L'azienda Felfel, presentata dall'amministratore delegato Anna Grassler, rifornisce sempre pi\u00f9 aziende di alimenti sani grazie a un \"frigorifero intelligente\" che riordina automaticamente quando manca qualcosa. Martin Fengler di Meteomatics ha spiegato come i droni possano rendere ancora pi\u00f9 precise le previsioni meteorologiche, che diventeranno un servizio sempre pi\u00f9 importante soprattutto per le aziende che dipendono dal meteo. Susanne Dr\u00f6scher ha fondato la societ\u00e0 CARU AG due anni fa insieme a un socio. Questa azienda ha sviluppato un dispositivo che utilizza sensori per monitorare l'ambiente di vita delle persone con mobilit\u00e0 limitata e pu\u00f2 inviare chiamate di emergenza se necessario. Alla fine, Felfel ha ottenuto il favore del pubblico.<\/p>\n<figure id=\"attachment_5959\" aria-describedby=\"caption-attachment-5959\" style=\"width: 680px\" class=\"wp-caption alignnone\"><img loading=\"lazy\" decoding=\"async\" class=\"size-medium wp-image-5959\" src=\"https:\/\/www.organisator.ch\/wp-content\/uploads\/2019\/10\/Neue-Duftnoten-am-KMU-Tag-4_Organisator.jpg\" alt=\"\" width=\"680\" height=\"393\" \/><figcaption id=\"caption-attachment-5959\" class=\"wp-caption-text\">L'alpinista Stephan Siegrist: nulla funziona in alta montagna senza la volont\u00e0 di perseverare. (Foto: Thomas Berner)<\/figcaption><\/figure>\n<h2>Di fiducia e perseveranza<\/h2>\n<p>L'ultima parte della Giornata delle PMI \u00e8 stata dedicata ai relatori Monika Walser e l'alpinista Stephan Siegrist. Monika Walser ha fornito una panoramica impressionante della prima fase del suo lavoro come nuovo CEO di de Sede AG. I primi giorni sono stati segnati da sfiducia e incertezza, ed \u00e8 stata un'impresa erculea riunire di nuovo il personale dietro di lei. La ricetta del successo \u00e8 stata la loro comunicazione onesta e trasparente e la decisione - all'epoca finanziariamente rischiosa - di riportare in azienda il cuore della produzione, ovvero la sartoria in pelle. Stephan Siegrist, invece, ha usato la prima scalata di una parete di granito alta 1000 metri nel Kashmir per mostrare cosa significa non arrendersi nonostante le circostanze avverse e credere nella fattibilit\u00e0 di un progetto fino alla fine - un messaggio ovviamente chiaro anche agli imprenditori.<\/p>\n<p><em><a href=\"http:\/\/www.kmu-tag.ch\">www.kmu-tag.ch<\/a><\/em><\/p>","protected":false},"excerpt":{"rendered":"<p>Die Konkurrenz von morgen f\u00fcr KMU seien digitale Unternehmen wie Google, Amazon, Facebook &amp; Co, sagte Gastgeber Tobi Wolf in seiner Er\u00f6ffnungs-Keynote. Die St\u00e4rken dieser Unternehmen sei \u2013 trotz ihrer Gr\u00f6sse \u2013 ihre Risikofreudigkeit, die Testmentalit\u00e4t und die Tatsache, dass Wachstum wichtiger sei als Profitabilit\u00e4t. Ebenso im Vordergrund stehe die Kundenorientierung und weniger die Produktzentrierung. [&hellip;]<\/p>\n","protected":false},"author":4,"featured_media":8471,"comment_status":"closed","ping_status":"closed","sticky":false,"template":"","format":"standard","meta":{"_acf_changed":false,"_yoast_wpseo_focuskw":"Duftnoten","_yoast_wpseo_metadesc":"Der Schweizer KMU-Tag vom 25. Oktober 2019 stand unter dem Motto \u00abKMU im Wettbewerb \u2013 Liefern statt Lafern\u00bb und wartete mit neuen Duftnoten auf.","articlekey":"","footnotes":""},"categories":[28],"tags":[193,335,492],"class_list":["post-8571","post","type-post","status-publish","format-standard","has-post-thumbnail","hentry","category-management","tag-fachkongressfachmesse","tag-management-und-unternehmensfuehrung","tag-unternehmen"],"acf":[],"yoast_head":"<!-- This site is optimized with the Yoast SEO plugin v27.4 - https:\/\/yoast.com\/product\/yoast-seo-wordpress\/ -->\n<title>Neue Duftnoten am KMU-Tag - Organisator<\/title>\n<meta name=\"description\" content=\"Der Schweizer KMU-Tag vom 25. Oktober 2019 stand unter dem Motto \u00abKMU im Wettbewerb \u2013 Liefern statt Lafern\u00bb und wartete mit neuen Duftnoten auf.\" \/>\n<meta name=\"robots\" content=\"index, follow, max-snippet:-1, max-image-preview:large, max-video-preview:-1\" \/>\n<link rel=\"canonical\" href=\"https:\/\/www.organisator.ch\/it\/gestione-2\/2019-10-28\/neue-duftnoten-am-kmu-tag\/\" \/>\n<meta property=\"og:locale\" content=\"it_IT\" \/>\n<meta property=\"og:type\" content=\"article\" \/>\n<meta property=\"og:title\" content=\"Neue Duftnoten am KMU-Tag\" \/>\n<meta property=\"og:description\" content=\"Der Schweizer KMU-Tag vom 25. Oktober 2019 stand unter dem Motto \u00abKMU im Wettbewerb \u2013 Liefern statt Lafern\u00bb und wartete mit neuen Duftnoten auf.\" \/>\n<meta property=\"og:url\" content=\"https:\/\/www.organisator.ch\/it\/gestione-2\/2019-10-28\/neue-duftnoten-am-kmu-tag\/\" \/>\n<meta property=\"og:site_name\" content=\"Organisator\" \/>\n<meta property=\"article:publisher\" content=\"https:\/\/www.facebook.com\/OrganisatorFachmagazin\" \/>\n<meta property=\"article:published_time\" content=\"2019-10-28T09:13:17+00:00\" \/>\n<meta name=\"author\" content=\"thomas.berner\" \/>\n<meta name=\"twitter:card\" content=\"summary_large_image\" \/>\n<meta name=\"twitter:title\" content=\"Neue Duftnoten am #KMU-Tag\" \/>\n<meta name=\"twitter:description\" content=\"Der Schweizer #KMU-Tag vom 25. Oktober 2019 stand unter dem Motto \u00abKMU im Wettbewerb \u2013 Liefern statt Lafern\u00bb und wartete mit neuen #Duftnoten auf.\" \/>\n<script type=\"application\/ld+json\" class=\"yoast-schema-graph\">{\"@context\":\"https:\\\/\\\/schema.org\",\"@graph\":[{\"@type\":\"Article\",\"@id\":\"https:\\\/\\\/www.organisator.ch\\\/management\\\/2019-10-28\\\/neue-duftnoten-am-kmu-tag\\\/#article\",\"isPartOf\":{\"@id\":\"https:\\\/\\\/www.organisator.ch\\\/management\\\/2019-10-28\\\/neue-duftnoten-am-kmu-tag\\\/\"},\"author\":{\"name\":\"thomas.berner\",\"@id\":\"https:\\\/\\\/www.organisator.ch\\\/#\\\/schema\\\/person\\\/6f650f90b2842cd4c0cc334b4e36f67e\"},\"headline\":\"Neue Duftnoten am KMU-Tag\",\"datePublished\":\"2019-10-28T09:13:17+00:00\",\"mainEntityOfPage\":{\"@id\":\"https:\\\/\\\/www.organisator.ch\\\/management\\\/2019-10-28\\\/neue-duftnoten-am-kmu-tag\\\/\"},\"wordCount\":807,\"publisher\":{\"@id\":\"https:\\\/\\\/www.organisator.ch\\\/#organization\"},\"image\":{\"@id\":\"https:\\\/\\\/www.organisator.ch\\\/management\\\/2019-10-28\\\/neue-duftnoten-am-kmu-tag\\\/#primaryimage\"},\"thumbnailUrl\":\"https:\\\/\\\/www.organisator.ch\\\/wp-content\\\/uploads\\\/2019\\\/10\\\/Neue-Duftnoten-am-KMU-Tag-3_Organisator.jpg\",\"keywords\":[\"Fachkongress\\\/Fachmesse\",\"Management und Unternehmensf\u00fchrung\",\"Unternehmen\"],\"articleSection\":[\"MANAGEMENT\"],\"inLanguage\":\"it-IT\"},{\"@type\":\"WebPage\",\"@id\":\"https:\\\/\\\/www.organisator.ch\\\/management\\\/2019-10-28\\\/neue-duftnoten-am-kmu-tag\\\/\",\"url\":\"https:\\\/\\\/www.organisator.ch\\\/management\\\/2019-10-28\\\/neue-duftnoten-am-kmu-tag\\\/\",\"name\":\"Neue Duftnoten am KMU-Tag - Organisator\",\"isPartOf\":{\"@id\":\"https:\\\/\\\/www.organisator.ch\\\/#website\"},\"primaryImageOfPage\":{\"@id\":\"https:\\\/\\\/www.organisator.ch\\\/management\\\/2019-10-28\\\/neue-duftnoten-am-kmu-tag\\\/#primaryimage\"},\"image\":{\"@id\":\"https:\\\/\\\/www.organisator.ch\\\/management\\\/2019-10-28\\\/neue-duftnoten-am-kmu-tag\\\/#primaryimage\"},\"thumbnailUrl\":\"https:\\\/\\\/www.organisator.ch\\\/wp-content\\\/uploads\\\/2019\\\/10\\\/Neue-Duftnoten-am-KMU-Tag-3_Organisator.jpg\",\"datePublished\":\"2019-10-28T09:13:17+00:00\",\"description\":\"Der Schweizer KMU-Tag vom 25. Oktober 2019 stand unter dem Motto \u00abKMU im Wettbewerb \u2013 Liefern statt Lafern\u00bb und wartete mit neuen Duftnoten auf.\",\"breadcrumb\":{\"@id\":\"https:\\\/\\\/www.organisator.ch\\\/management\\\/2019-10-28\\\/neue-duftnoten-am-kmu-tag\\\/#breadcrumb\"},\"inLanguage\":\"it-IT\",\"potentialAction\":[{\"@type\":\"ReadAction\",\"target\":[\"https:\\\/\\\/www.organisator.ch\\\/management\\\/2019-10-28\\\/neue-duftnoten-am-kmu-tag\\\/\"]}]},{\"@type\":\"ImageObject\",\"inLanguage\":\"it-IT\",\"@id\":\"https:\\\/\\\/www.organisator.ch\\\/management\\\/2019-10-28\\\/neue-duftnoten-am-kmu-tag\\\/#primaryimage\",\"url\":\"https:\\\/\\\/www.organisator.ch\\\/wp-content\\\/uploads\\\/2019\\\/10\\\/Neue-Duftnoten-am-KMU-Tag-3_Organisator.jpg\",\"contentUrl\":\"https:\\\/\\\/www.organisator.ch\\\/wp-content\\\/uploads\\\/2019\\\/10\\\/Neue-Duftnoten-am-KMU-Tag-3_Organisator.jpg\",\"width\":680,\"height\":340,\"caption\":\"Moderator Fabian Unteregger unterh\u00e4lt sich mit den zwei Startup-Unternehmern Susanne Dr\u00f6scher und Martin Fengler. Nicht nur die \\\"Inspiration-Session\\\" brachte neue Duftnoten an den KMU-Tag vom 25. Oktober 2019. (Bild: Thomas Berner)\"},{\"@type\":\"BreadcrumbList\",\"@id\":\"https:\\\/\\\/www.organisator.ch\\\/management\\\/2019-10-28\\\/neue-duftnoten-am-kmu-tag\\\/#breadcrumb\",\"itemListElement\":[{\"@type\":\"ListItem\",\"position\":1,\"name\":\"Home\",\"item\":\"https:\\\/\\\/www.organisator.ch\\\/\"},{\"@type\":\"ListItem\",\"position\":2,\"name\":\"Neue Duftnoten am KMU-Tag\"}]},{\"@type\":\"WebSite\",\"@id\":\"https:\\\/\\\/www.organisator.ch\\\/#website\",\"url\":\"https:\\\/\\\/www.organisator.ch\\\/\",\"name\":\"Organisator\",\"description\":\"Kompetent. Praxisnah. Der ORGANISATOR bereitet in 10 Ausgaben pro Jahr die wesentlichen Themen f\u00fcr F\u00fchrungskr\u00e4fte von KMU auf.\",\"publisher\":{\"@id\":\"https:\\\/\\\/www.organisator.ch\\\/#organization\"},\"potentialAction\":[{\"@type\":\"SearchAction\",\"target\":{\"@type\":\"EntryPoint\",\"urlTemplate\":\"https:\\\/\\\/www.organisator.ch\\\/?s={search_term_string}\"},\"query-input\":{\"@type\":\"PropertyValueSpecification\",\"valueRequired\":true,\"valueName\":\"search_term_string\"}}],\"inLanguage\":\"it-IT\"},{\"@type\":\"Organization\",\"@id\":\"https:\\\/\\\/www.organisator.ch\\\/#organization\",\"name\":\"Organisator\",\"url\":\"https:\\\/\\\/www.organisator.ch\\\/\",\"logo\":{\"@type\":\"ImageObject\",\"inLanguage\":\"it-IT\",\"@id\":\"https:\\\/\\\/www.organisator.ch\\\/#\\\/schema\\\/logo\\\/image\\\/\",\"url\":\"https:\\\/\\\/www.organisator.ch\\\/wp-content\\\/uploads\\\/2022\\\/01\\\/Logo_Organisator_Website.png\",\"contentUrl\":\"https:\\\/\\\/www.organisator.ch\\\/wp-content\\\/uploads\\\/2022\\\/01\\\/Logo_Organisator_Website.png\",\"width\":800,\"height\":77,\"caption\":\"Organisator\"},\"image\":{\"@id\":\"https:\\\/\\\/www.organisator.ch\\\/#\\\/schema\\\/logo\\\/image\\\/\"},\"sameAs\":[\"https:\\\/\\\/www.facebook.com\\\/OrganisatorFachmagazin\",\"https:\\\/\\\/www.linkedin.com\\\/showcase\\\/organisator-das-magazin-fr-kmu\",\"https:\\\/\\\/www.xing.com\\\/news\\\/pages\\\/organisator-ch-695\",\"https:\\\/\\\/www.youtube.com\\\/channel\\\/UCGP2Sq0iWaZwT3BdIAQFYpw\"]},{\"@type\":\"Person\",\"@id\":\"https:\\\/\\\/www.organisator.ch\\\/#\\\/schema\\\/person\\\/6f650f90b2842cd4c0cc334b4e36f67e\",\"name\":\"thomas.berner\",\"image\":{\"@type\":\"ImageObject\",\"inLanguage\":\"it-IT\",\"@id\":\"https:\\\/\\\/secure.gravatar.com\\\/avatar\\\/ac5001d2a36cb6c6cd3e50789007ffca834b477b74a2144564522e944eabff61?s=96&d=mm&r=g\",\"url\":\"https:\\\/\\\/secure.gravatar.com\\\/avatar\\\/ac5001d2a36cb6c6cd3e50789007ffca834b477b74a2144564522e944eabff61?s=96&d=mm&r=g\",\"contentUrl\":\"https:\\\/\\\/secure.gravatar.com\\\/avatar\\\/ac5001d2a36cb6c6cd3e50789007ffca834b477b74a2144564522e944eabff61?s=96&d=mm&r=g\",\"caption\":\"thomas.berner\"},\"url\":\"https:\\\/\\\/www.organisator.ch\\\/it\\\/author\\\/thomas-berner\\\/\"}]}<\/script>\n<!-- \/ Yoast SEO plugin. -->","yoast_head_json":{"title":"Nuovi profumi alla Giornata delle PMI - Organizzatore","description":"La Giornata svizzera delle PMI del 25 ottobre 2019 si \u00e8 svolta all'insegna del motto \"PMI in competizione - consegnare invece di stare in agguato\" e ha proposto nuovi profumi.","robots":{"index":"index","follow":"follow","max-snippet":"max-snippet:-1","max-image-preview":"max-image-preview:large","max-video-preview":"max-video-preview:-1"},"canonical":"https:\/\/www.organisator.ch\/it\/gestione-2\/2019-10-28\/neue-duftnoten-am-kmu-tag\/","og_locale":"it_IT","og_type":"article","og_title":"Neue Duftnoten am KMU-Tag","og_description":"Der Schweizer KMU-Tag vom 25. Oktober 2019 stand unter dem Motto \u00abKMU im Wettbewerb \u2013 Liefern statt Lafern\u00bb und wartete mit neuen Duftnoten auf.","og_url":"https:\/\/www.organisator.ch\/it\/gestione-2\/2019-10-28\/neue-duftnoten-am-kmu-tag\/","og_site_name":"Organisator","article_publisher":"https:\/\/www.facebook.com\/OrganisatorFachmagazin","article_published_time":"2019-10-28T09:13:17+00:00","author":"thomas.berner","twitter_card":"summary_large_image","twitter_title":"Neue Duftnoten am #KMU-Tag","twitter_description":"Der Schweizer #KMU-Tag vom 25. Oktober 2019 stand unter dem Motto \u00abKMU im Wettbewerb \u2013 Liefern statt Lafern\u00bb und wartete mit neuen #Duftnoten auf.","schema":{"@context":"https:\/\/schema.org","@graph":[{"@type":"Article","@id":"https:\/\/www.organisator.ch\/management\/2019-10-28\/neue-duftnoten-am-kmu-tag\/#article","isPartOf":{"@id":"https:\/\/www.organisator.ch\/management\/2019-10-28\/neue-duftnoten-am-kmu-tag\/"},"author":{"name":"thomas.berner","@id":"https:\/\/www.organisator.ch\/#\/schema\/person\/6f650f90b2842cd4c0cc334b4e36f67e"},"headline":"Neue Duftnoten am KMU-Tag","datePublished":"2019-10-28T09:13:17+00:00","mainEntityOfPage":{"@id":"https:\/\/www.organisator.ch\/management\/2019-10-28\/neue-duftnoten-am-kmu-tag\/"},"wordCount":807,"publisher":{"@id":"https:\/\/www.organisator.ch\/#organization"},"image":{"@id":"https:\/\/www.organisator.ch\/management\/2019-10-28\/neue-duftnoten-am-kmu-tag\/#primaryimage"},"thumbnailUrl":"https:\/\/www.organisator.ch\/wp-content\/uploads\/2019\/10\/Neue-Duftnoten-am-KMU-Tag-3_Organisator.jpg","keywords":["Fachkongress\/Fachmesse","Management und Unternehmensf\u00fchrung","Unternehmen"],"articleSection":["MANAGEMENT"],"inLanguage":"it-IT"},{"@type":"WebPage","@id":"https:\/\/www.organisator.ch\/management\/2019-10-28\/neue-duftnoten-am-kmu-tag\/","url":"https:\/\/www.organisator.ch\/management\/2019-10-28\/neue-duftnoten-am-kmu-tag\/","name":"Nuovi profumi alla Giornata delle PMI - Organizzatore","isPartOf":{"@id":"https:\/\/www.organisator.ch\/#website"},"primaryImageOfPage":{"@id":"https:\/\/www.organisator.ch\/management\/2019-10-28\/neue-duftnoten-am-kmu-tag\/#primaryimage"},"image":{"@id":"https:\/\/www.organisator.ch\/management\/2019-10-28\/neue-duftnoten-am-kmu-tag\/#primaryimage"},"thumbnailUrl":"https:\/\/www.organisator.ch\/wp-content\/uploads\/2019\/10\/Neue-Duftnoten-am-KMU-Tag-3_Organisator.jpg","datePublished":"2019-10-28T09:13:17+00:00","description":"La Giornata svizzera delle PMI del 25 ottobre 2019 si \u00e8 svolta all'insegna del motto \"PMI in competizione - consegnare invece di stare in agguato\" e ha proposto nuovi profumi.","breadcrumb":{"@id":"https:\/\/www.organisator.ch\/management\/2019-10-28\/neue-duftnoten-am-kmu-tag\/#breadcrumb"},"inLanguage":"it-IT","potentialAction":[{"@type":"ReadAction","target":["https:\/\/www.organisator.ch\/management\/2019-10-28\/neue-duftnoten-am-kmu-tag\/"]}]},{"@type":"ImageObject","inLanguage":"it-IT","@id":"https:\/\/www.organisator.ch\/management\/2019-10-28\/neue-duftnoten-am-kmu-tag\/#primaryimage","url":"https:\/\/www.organisator.ch\/wp-content\/uploads\/2019\/10\/Neue-Duftnoten-am-KMU-Tag-3_Organisator.jpg","contentUrl":"https:\/\/www.organisator.ch\/wp-content\/uploads\/2019\/10\/Neue-Duftnoten-am-KMU-Tag-3_Organisator.jpg","width":680,"height":340,"caption":"Moderator Fabian Unteregger unterh\u00e4lt sich mit den zwei Startup-Unternehmern Susanne Dr\u00f6scher und Martin Fengler. Nicht nur die \"Inspiration-Session\" brachte neue Duftnoten an den KMU-Tag vom 25. Oktober 2019. (Bild: Thomas Berner)"},{"@type":"BreadcrumbList","@id":"https:\/\/www.organisator.ch\/management\/2019-10-28\/neue-duftnoten-am-kmu-tag\/#breadcrumb","itemListElement":[{"@type":"ListItem","position":1,"name":"Home","item":"https:\/\/www.organisator.ch\/"},{"@type":"ListItem","position":2,"name":"Neue Duftnoten am KMU-Tag"}]},{"@type":"WebSite","@id":"https:\/\/www.organisator.ch\/#website","url":"https:\/\/www.organisator.ch\/","name":"Organizzatore","description":"Competente. Pratico. In 10 numeri all'anno, ORGANISATOR presenta i temi essenziali per i manager delle PMI.","publisher":{"@id":"https:\/\/www.organisator.ch\/#organization"},"potentialAction":[{"@type":"SearchAction","target":{"@type":"EntryPoint","urlTemplate":"https:\/\/www.organisator.ch\/?s={search_term_string}"},"query-input":{"@type":"PropertyValueSpecification","valueRequired":true,"valueName":"search_term_string"}}],"inLanguage":"it-IT"},{"@type":"Organization","@id":"https:\/\/www.organisator.ch\/#organization","name":"Organizzatore","url":"https:\/\/www.organisator.ch\/","logo":{"@type":"ImageObject","inLanguage":"it-IT","@id":"https:\/\/www.organisator.ch\/#\/schema\/logo\/image\/","url":"https:\/\/www.organisator.ch\/wp-content\/uploads\/2022\/01\/Logo_Organisator_Website.png","contentUrl":"https:\/\/www.organisator.ch\/wp-content\/uploads\/2022\/01\/Logo_Organisator_Website.png","width":800,"height":77,"caption":"Organisator"},"image":{"@id":"https:\/\/www.organisator.ch\/#\/schema\/logo\/image\/"},"sameAs":["https:\/\/www.facebook.com\/OrganisatorFachmagazin","https:\/\/www.linkedin.com\/showcase\/organisator-das-magazin-fr-kmu","https:\/\/www.xing.com\/news\/pages\/organisator-ch-695","https:\/\/www.youtube.com\/channel\/UCGP2Sq0iWaZwT3BdIAQFYpw"]},{"@type":"Person","@id":"https:\/\/www.organisator.ch\/#\/schema\/person\/6f650f90b2842cd4c0cc334b4e36f67e","name":"Tommaso.berner","image":{"@type":"ImageObject","inLanguage":"it-IT","@id":"https:\/\/secure.gravatar.com\/avatar\/ac5001d2a36cb6c6cd3e50789007ffca834b477b74a2144564522e944eabff61?s=96&d=mm&r=g","url":"https:\/\/secure.gravatar.com\/avatar\/ac5001d2a36cb6c6cd3e50789007ffca834b477b74a2144564522e944eabff61?s=96&d=mm&r=g","contentUrl":"https:\/\/secure.gravatar.com\/avatar\/ac5001d2a36cb6c6cd3e50789007ffca834b477b74a2144564522e944eabff61?s=96&d=mm&r=g","caption":"thomas.berner"},"url":"https:\/\/www.organisator.ch\/it\/author\/thomas-berner\/"}]}},"_links":{"self":[{"href":"https:\/\/www.organisator.ch\/it\/wp-json\/wp\/v2\/posts\/8571","targetHints":{"allow":["GET"]}}],"collection":[{"href":"https:\/\/www.organisator.ch\/it\/wp-json\/wp\/v2\/posts"}],"about":[{"href":"https:\/\/www.organisator.ch\/it\/wp-json\/wp\/v2\/types\/post"}],"author":[{"embeddable":true,"href":"https:\/\/www.organisator.ch\/it\/wp-json\/wp\/v2\/users\/4"}],"replies":[{"embeddable":true,"href":"https:\/\/www.organisator.ch\/it\/wp-json\/wp\/v2\/comments?post=8571"}],"version-history":[{"count":0,"href":"https:\/\/www.organisator.ch\/it\/wp-json\/wp\/v2\/posts\/8571\/revisions"}],"wp:featuredmedia":[{"embeddable":true,"href":"https:\/\/www.organisator.ch\/it\/wp-json\/wp\/v2\/media\/8471"}],"wp:attachment":[{"href":"https:\/\/www.organisator.ch\/it\/wp-json\/wp\/v2\/media?parent=8571"}],"wp:term":[{"taxonomy":"category","embeddable":true,"href":"https:\/\/www.organisator.ch\/it\/wp-json\/wp\/v2\/categories?post=8571"},{"taxonomy":"post_tag","embeddable":true,"href":"https:\/\/www.organisator.ch\/it\/wp-json\/wp\/v2\/tags?post=8571"}],"curies":[{"name":"wp","href":"https:\/\/api.w.org\/{rel}","templated":true}]}}