{"id":8572,"date":"2019-10-29T09:31:39","date_gmt":"2019-10-29T08:31:39","guid":{"rendered":"https:\/\/www.organisator.ch\/?p=5963"},"modified":"2019-10-29T09:31:39","modified_gmt":"2019-10-29T08:31:39","slug":"erfolgs-impuls-ihre-falschen-prioritaeten-und-die-fatalen-folgen","status":"publish","type":"post","link":"https:\/\/www.organisator.ch\/it\/management\/2019-10-29\/erfolgs-impuls-ihre-falschen-prioritaeten-und-die-fatalen-folgen\/","title":{"rendered":"Impulso al successo: le tue priorit\u00e0 sbagliate (e le conseguenze fatali)"},"content":{"rendered":"<figure id=\"attachment_5964\" aria-describedby=\"caption-attachment-5964\" style=\"width: 680px\" class=\"wp-caption alignnone\"><img loading=\"lazy\" decoding=\"async\" class=\"size-medium wp-image-5964\" src=\"https:\/\/www.organisator.ch\/wp-content\/uploads\/2019\/10\/Erfolgs-Impuls-Ihre-falschen-Prioritaeten-und-die-fatalen-Folgen_Organisator.jpg\" alt=\"\" width=\"680\" height=\"453\" \/><figcaption id=\"caption-attachment-5964\" class=\"wp-caption-text\">La pressione del tempo, l'urgenza, l'importanza: \u00e8 il subconscio che controlla le nostre priorit\u00e0. (Immagine: Pixabay.com)<\/figcaption><\/figure>\n<p>Tutti gli altri (circa il 99,9%) che continuano a farsi assorbire dall'urgenza prima che dall'importanza e che trascorrono troppo tempo in attivit\u00e0 reattive dovrebbero assolutamente dare un'occhiata a quanto segue. Pu\u00f2 cambiare la vita.<\/p>\n<h2>Programmare il subconscio<\/h2>\n<p>Il nostro cervello \u00e8 un organo affascinante: in parole povere, \u00e8 possibile utilizzare la mente conscia per programmare la mente subconscia, attraverso emozioni forti e ripetizioni continue. Questo \u00e8 importante perch\u00e9 il nostro subconscio \u00e8 responsabile di oltre 99% delle nostre decisioni quotidiane. Questo meccanismo vi porta a fare sempre di pi\u00f9 quello che avete fatto in passato. Questa consapevolezza \u00e8 fondamentale per il vostro successo.<\/p>\n<p>Esempio: Se siete abituati a passare la maggior parte del vostro tempo come leader a risolvere problemi urgenti e a spegnere incendi emblematici, ne avrete di pi\u00f9 in futuro. <strong>Si moltiplica ci\u00f2 su cui ci si concentra.<\/strong><\/p>\n<h2>Altri esempi dalla pratica<\/h2>\n<p>Se si dedica la maggior parte del tempo alla risoluzione dei problemi e agli esercizi antincendio, si avranno sempre pi\u00f9 problemi di questo tipo. Se continuate a fare l'urgente prima dell'importante, ci saranno sempre pi\u00f9 urgenze nella vostra vita. Se trascorrete molto tempo in riunioni in cui per la maggior parte del tempo non si discute n\u00e9 l'urgente n\u00e9 l'importante, avrete sempre pi\u00f9 riunioni di questo tipo.<\/p>\n<h2>Imparare a stabilire correttamente le priorit\u00e0<\/h2>\n<p>Come potete cambiare questo automatismo negativo, per voi e per il vostro team? In linea di principio, in tre fasi:<\/p>\n<ol>\n<li>Sapere cosa \u00e8 importante. La maggior parte delle persone ha difficolt\u00e0 a decidere cosa \u00e8 veramente importante. Dovete aver definito i vostri obiettivi a lungo termine e la vostra missione.<\/li>\n<li>Pianificare l'importante. Sembra quasi troppo semplice, ma \u00e8 necessario pianificare le cose importanti nel calendario di ogni giorno. Molte persone si lasciano controllare dagli altri, riempiendo i loro calendari con ogni sorta di cose.<\/li>\n<li>Fare la cosa importante. L'importante \u00e8 che ci siano pensiero creativo e iniziativa. Se non lo fate voi, spesso non lo far\u00e0 nemmeno nessun altro. Spesso si aprono nuovi orizzonti. \u00c8 estenuante. Preferisci passare le prossime ore in riunione...<\/li>\n<\/ol>\n<p>Queste intuizioni sono semplici da capire, ma difficili da attuare. Le squadre vincenti tengono sotto controllo le loro priorit\u00e0 e producono successi corrispondenti.<\/p>\n<p>Chiunque pu\u00f2 percorrere questa strada. Se iniziate oggi e spostate gradualmente le priorit\u00e0 con il vostro team, aumenterete drasticamente le prestazioni - garantito!<\/p>\n<p><i>All'autore:<br \/>\n<\/i><em>Volkmar V\u00f6lzke \u00e8 un massimizzatore di successi. Autore del libro. Consulente. Allenatore. Altoparlante. <a href=\"http:\/\/www.volkmarvoelzke.ch\/\">www.volkmarvoelzke.ch<\/a><\/em><\/p>","protected":false},"excerpt":{"rendered":"<p>Alle anderen (ca. 99,9%), die immer wieder vom Dringenden vor dem Wichtigen absorbiert werden und die zu viel Zeit mit reaktiven T\u00e4tigkeiten verbringen, sollten sich unbedingt das Folgende zu Gem\u00fcte f\u00fchren. Es kann Ihr Leben \u00e4ndern. Das Unterbewusstsein programmieren Unser Gehirn ist ein faszinierendes Organ: Vereinfacht gesagt k\u00f6nnen Sie mit Ihrem Bewusstsein Ihr Unterbewusstsein programmieren, [&hellip;]<\/p>\n","protected":false},"author":4,"featured_media":8475,"comment_status":"closed","ping_status":"closed","sticky":false,"template":"","format":"standard","meta":{"_acf_changed":false,"_yoast_wpseo_focuskw":"Priorit\u00e4ten","_yoast_wpseo_metadesc":"Haben Sie und Ihr Team immer und jederzeit die Priorit\u00e4ten voll im Griff? Erreichen Sie immer das, was Sie wollen? Dann brauchen Sie nicht weiterlesen.","articlekey":"","footnotes":""},"categories":[28],"tags":[177,208,335,429],"class_list":["post-8572","post","type-post","status-publish","format-standard","has-post-thumbnail","hentry","category-management","tag-erfolgs-impuls","tag-fit-im-job","tag-management-und-unternehmensfuehrung","tag-selbstmanagement"],"acf":[],"yoast_head":"<!-- This site is optimized with the Yoast SEO plugin v27.5 - https:\/\/yoast.com\/product\/yoast-seo-wordpress\/ -->\n<title>Erfolgs-Impuls: Ihre falschen Priorit\u00e4ten (und die fatalen Folgen) - Organisator<\/title>\n<meta name=\"description\" content=\"Haben Sie und Ihr Team immer und jederzeit die Priorit\u00e4ten voll im Griff? Erreichen Sie immer das, was Sie wollen? Dann brauchen Sie nicht weiterlesen.\" \/>\n<meta name=\"robots\" content=\"index, follow, max-snippet:-1, max-image-preview:large, max-video-preview:-1\" \/>\n<link rel=\"canonical\" href=\"https:\/\/www.organisator.ch\/it\/gestione-2\/2019-10-29\/erfolgs-impuls-ihre-falschen-prioritaeten-und-die-fatalen-folgen\/\" \/>\n<meta property=\"og:locale\" content=\"it_IT\" \/>\n<meta property=\"og:type\" content=\"article\" \/>\n<meta property=\"og:title\" content=\"Erfolgs-Impuls: Ihre falschen Priorit\u00e4ten (und die fatalen Folgen)\" \/>\n<meta property=\"og:description\" content=\"Haben Sie und Ihr Team immer und jederzeit die Priorit\u00e4ten voll im Griff? Erreichen Sie immer das, was Sie wollen? Dann brauchen Sie nicht weiterlesen.\" \/>\n<meta property=\"og:url\" content=\"https:\/\/www.organisator.ch\/it\/gestione-2\/2019-10-29\/erfolgs-impuls-ihre-falschen-prioritaeten-und-die-fatalen-folgen\/\" \/>\n<meta property=\"og:site_name\" content=\"Organisator\" \/>\n<meta property=\"article:publisher\" content=\"https:\/\/www.facebook.com\/OrganisatorFachmagazin\" \/>\n<meta property=\"article:published_time\" content=\"2019-10-29T08:31:39+00:00\" \/>\n<meta name=\"author\" content=\"thomas.berner\" \/>\n<meta name=\"twitter:card\" content=\"summary_large_image\" \/>\n<meta name=\"twitter:title\" content=\"#Erfolgs-Impuls: Ihre falschen #Priorit\u00e4ten (und die fatalen Folgen)\" \/>\n<meta name=\"twitter:description\" content=\"Haben Sie und Ihr Team immer und jederzeit die #Priorit\u00e4ten voll im Griff? Erreichen Sie immer das, was Sie wollen? Dann brauchen Sie nicht weiterlesen.\" \/>\n<script type=\"application\/ld+json\" class=\"yoast-schema-graph\">{\"@context\":\"https:\\\/\\\/schema.org\",\"@graph\":[{\"@type\":\"Article\",\"@id\":\"https:\\\/\\\/www.organisator.ch\\\/management\\\/2019-10-29\\\/erfolgs-impuls-ihre-falschen-prioritaeten-und-die-fatalen-folgen\\\/#article\",\"isPartOf\":{\"@id\":\"https:\\\/\\\/www.organisator.ch\\\/management\\\/2019-10-29\\\/erfolgs-impuls-ihre-falschen-prioritaeten-und-die-fatalen-folgen\\\/\"},\"author\":{\"name\":\"thomas.berner\",\"@id\":\"https:\\\/\\\/www.organisator.ch\\\/#\\\/schema\\\/person\\\/6f650f90b2842cd4c0cc334b4e36f67e\"},\"headline\":\"Erfolgs-Impuls: Ihre falschen Priorit\u00e4ten (und die fatalen Folgen)\",\"datePublished\":\"2019-10-29T08:31:39+00:00\",\"mainEntityOfPage\":{\"@id\":\"https:\\\/\\\/www.organisator.ch\\\/management\\\/2019-10-29\\\/erfolgs-impuls-ihre-falschen-prioritaeten-und-die-fatalen-folgen\\\/\"},\"wordCount\":455,\"publisher\":{\"@id\":\"https:\\\/\\\/www.organisator.ch\\\/#organization\"},\"image\":{\"@id\":\"https:\\\/\\\/www.organisator.ch\\\/management\\\/2019-10-29\\\/erfolgs-impuls-ihre-falschen-prioritaeten-und-die-fatalen-folgen\\\/#primaryimage\"},\"thumbnailUrl\":\"https:\\\/\\\/www.organisator.ch\\\/wp-content\\\/uploads\\\/2019\\\/10\\\/Erfolgs-Impuls-Ihre-falschen-Prioritaeten-und-die-fatalen-Folgen_Organisator.jpg\",\"keywords\":[\"Erfolgs-Impuls\",\"Fit im Job\",\"Management und Unternehmensf\u00fchrung\",\"Selbstmanagement\"],\"articleSection\":[\"MANAGEMENT\"],\"inLanguage\":\"it-IT\"},{\"@type\":\"WebPage\",\"@id\":\"https:\\\/\\\/www.organisator.ch\\\/management\\\/2019-10-29\\\/erfolgs-impuls-ihre-falschen-prioritaeten-und-die-fatalen-folgen\\\/\",\"url\":\"https:\\\/\\\/www.organisator.ch\\\/management\\\/2019-10-29\\\/erfolgs-impuls-ihre-falschen-prioritaeten-und-die-fatalen-folgen\\\/\",\"name\":\"Erfolgs-Impuls: Ihre falschen Priorit\u00e4ten (und die fatalen Folgen) - Organisator\",\"isPartOf\":{\"@id\":\"https:\\\/\\\/www.organisator.ch\\\/#website\"},\"primaryImageOfPage\":{\"@id\":\"https:\\\/\\\/www.organisator.ch\\\/management\\\/2019-10-29\\\/erfolgs-impuls-ihre-falschen-prioritaeten-und-die-fatalen-folgen\\\/#primaryimage\"},\"image\":{\"@id\":\"https:\\\/\\\/www.organisator.ch\\\/management\\\/2019-10-29\\\/erfolgs-impuls-ihre-falschen-prioritaeten-und-die-fatalen-folgen\\\/#primaryimage\"},\"thumbnailUrl\":\"https:\\\/\\\/www.organisator.ch\\\/wp-content\\\/uploads\\\/2019\\\/10\\\/Erfolgs-Impuls-Ihre-falschen-Prioritaeten-und-die-fatalen-Folgen_Organisator.jpg\",\"datePublished\":\"2019-10-29T08:31:39+00:00\",\"description\":\"Haben Sie und Ihr Team immer und jederzeit die Priorit\u00e4ten voll im Griff? Erreichen Sie immer das, was Sie wollen? Dann brauchen Sie nicht weiterlesen.\",\"breadcrumb\":{\"@id\":\"https:\\\/\\\/www.organisator.ch\\\/management\\\/2019-10-29\\\/erfolgs-impuls-ihre-falschen-prioritaeten-und-die-fatalen-folgen\\\/#breadcrumb\"},\"inLanguage\":\"it-IT\",\"potentialAction\":[{\"@type\":\"ReadAction\",\"target\":[\"https:\\\/\\\/www.organisator.ch\\\/management\\\/2019-10-29\\\/erfolgs-impuls-ihre-falschen-prioritaeten-und-die-fatalen-folgen\\\/\"]}]},{\"@type\":\"ImageObject\",\"inLanguage\":\"it-IT\",\"@id\":\"https:\\\/\\\/www.organisator.ch\\\/management\\\/2019-10-29\\\/erfolgs-impuls-ihre-falschen-prioritaeten-und-die-fatalen-folgen\\\/#primaryimage\",\"url\":\"https:\\\/\\\/www.organisator.ch\\\/wp-content\\\/uploads\\\/2019\\\/10\\\/Erfolgs-Impuls-Ihre-falschen-Prioritaeten-und-die-fatalen-Folgen_Organisator.jpg\",\"contentUrl\":\"https:\\\/\\\/www.organisator.ch\\\/wp-content\\\/uploads\\\/2019\\\/10\\\/Erfolgs-Impuls-Ihre-falschen-Prioritaeten-und-die-fatalen-Folgen_Organisator.jpg\",\"width\":680,\"height\":453,\"caption\":\"Zeitdruck, Dringendes, Wichtiges: Das Unterbewusstsein ist es, welches unsere Priorit\u00e4ten steuert. (Bild: Pixabay.com)\"},{\"@type\":\"BreadcrumbList\",\"@id\":\"https:\\\/\\\/www.organisator.ch\\\/management\\\/2019-10-29\\\/erfolgs-impuls-ihre-falschen-prioritaeten-und-die-fatalen-folgen\\\/#breadcrumb\",\"itemListElement\":[{\"@type\":\"ListItem\",\"position\":1,\"name\":\"Home\",\"item\":\"https:\\\/\\\/www.organisator.ch\\\/\"},{\"@type\":\"ListItem\",\"position\":2,\"name\":\"Erfolgs-Impuls: Ihre falschen Priorit\u00e4ten (und die fatalen Folgen)\"}]},{\"@type\":\"WebSite\",\"@id\":\"https:\\\/\\\/www.organisator.ch\\\/#website\",\"url\":\"https:\\\/\\\/www.organisator.ch\\\/\",\"name\":\"Organisator\",\"description\":\"Kompetent. Praxisnah. Der ORGANISATOR bereitet in 10 Ausgaben pro Jahr die wesentlichen Themen f\u00fcr F\u00fchrungskr\u00e4fte von KMU auf.\",\"publisher\":{\"@id\":\"https:\\\/\\\/www.organisator.ch\\\/#organization\"},\"potentialAction\":[{\"@type\":\"SearchAction\",\"target\":{\"@type\":\"EntryPoint\",\"urlTemplate\":\"https:\\\/\\\/www.organisator.ch\\\/?s={search_term_string}\"},\"query-input\":{\"@type\":\"PropertyValueSpecification\",\"valueRequired\":true,\"valueName\":\"search_term_string\"}}],\"inLanguage\":\"it-IT\"},{\"@type\":\"Organization\",\"@id\":\"https:\\\/\\\/www.organisator.ch\\\/#organization\",\"name\":\"Organisator\",\"url\":\"https:\\\/\\\/www.organisator.ch\\\/\",\"logo\":{\"@type\":\"ImageObject\",\"inLanguage\":\"it-IT\",\"@id\":\"https:\\\/\\\/www.organisator.ch\\\/#\\\/schema\\\/logo\\\/image\\\/\",\"url\":\"https:\\\/\\\/www.organisator.ch\\\/wp-content\\\/uploads\\\/2022\\\/01\\\/Logo_Organisator_Website.png\",\"contentUrl\":\"https:\\\/\\\/www.organisator.ch\\\/wp-content\\\/uploads\\\/2022\\\/01\\\/Logo_Organisator_Website.png\",\"width\":800,\"height\":77,\"caption\":\"Organisator\"},\"image\":{\"@id\":\"https:\\\/\\\/www.organisator.ch\\\/#\\\/schema\\\/logo\\\/image\\\/\"},\"sameAs\":[\"https:\\\/\\\/www.facebook.com\\\/OrganisatorFachmagazin\",\"https:\\\/\\\/www.linkedin.com\\\/showcase\\\/organisator-das-magazin-fr-kmu\",\"https:\\\/\\\/www.xing.com\\\/news\\\/pages\\\/organisator-ch-695\",\"https:\\\/\\\/www.youtube.com\\\/channel\\\/UCGP2Sq0iWaZwT3BdIAQFYpw\"]},{\"@type\":\"Person\",\"@id\":\"https:\\\/\\\/www.organisator.ch\\\/#\\\/schema\\\/person\\\/6f650f90b2842cd4c0cc334b4e36f67e\",\"name\":\"thomas.berner\",\"image\":{\"@type\":\"ImageObject\",\"inLanguage\":\"it-IT\",\"@id\":\"https:\\\/\\\/secure.gravatar.com\\\/avatar\\\/ac5001d2a36cb6c6cd3e50789007ffca834b477b74a2144564522e944eabff61?s=96&d=mm&r=g\",\"url\":\"https:\\\/\\\/secure.gravatar.com\\\/avatar\\\/ac5001d2a36cb6c6cd3e50789007ffca834b477b74a2144564522e944eabff61?s=96&d=mm&r=g\",\"contentUrl\":\"https:\\\/\\\/secure.gravatar.com\\\/avatar\\\/ac5001d2a36cb6c6cd3e50789007ffca834b477b74a2144564522e944eabff61?s=96&d=mm&r=g\",\"caption\":\"thomas.berner\"},\"url\":\"https:\\\/\\\/www.organisator.ch\\\/it\\\/author\\\/thomas-berner\\\/\"}]}<\/script>\n<!-- \/ Yoast SEO plugin. -->","yoast_head_json":{"title":"Impulso al successo: le vostre priorit\u00e0 sbagliate (e le conseguenze fatali) - Organizzatore","description":"Voi e il vostro team avete sempre le priorit\u00e0 sotto controllo? Riuscite sempre a raggiungere i vostri obiettivi? Allora non c'\u00e8 bisogno di leggere oltre.","robots":{"index":"index","follow":"follow","max-snippet":"max-snippet:-1","max-image-preview":"max-image-preview:large","max-video-preview":"max-video-preview:-1"},"canonical":"https:\/\/www.organisator.ch\/it\/gestione-2\/2019-10-29\/erfolgs-impuls-ihre-falschen-prioritaeten-und-die-fatalen-folgen\/","og_locale":"it_IT","og_type":"article","og_title":"Erfolgs-Impuls: Ihre falschen Priorit\u00e4ten (und die fatalen Folgen)","og_description":"Haben Sie und Ihr Team immer und jederzeit die Priorit\u00e4ten voll im Griff? Erreichen Sie immer das, was Sie wollen? Dann brauchen Sie nicht weiterlesen.","og_url":"https:\/\/www.organisator.ch\/it\/gestione-2\/2019-10-29\/erfolgs-impuls-ihre-falschen-prioritaeten-und-die-fatalen-folgen\/","og_site_name":"Organisator","article_publisher":"https:\/\/www.facebook.com\/OrganisatorFachmagazin","article_published_time":"2019-10-29T08:31:39+00:00","author":"thomas.berner","twitter_card":"summary_large_image","twitter_title":"#Erfolgs-Impuls: Ihre falschen #Priorit\u00e4ten (und die fatalen Folgen)","twitter_description":"Haben Sie und Ihr Team immer und jederzeit die #Priorit\u00e4ten voll im Griff? Erreichen Sie immer das, was Sie wollen? Dann brauchen Sie nicht weiterlesen.","schema":{"@context":"https:\/\/schema.org","@graph":[{"@type":"Article","@id":"https:\/\/www.organisator.ch\/management\/2019-10-29\/erfolgs-impuls-ihre-falschen-prioritaeten-und-die-fatalen-folgen\/#article","isPartOf":{"@id":"https:\/\/www.organisator.ch\/management\/2019-10-29\/erfolgs-impuls-ihre-falschen-prioritaeten-und-die-fatalen-folgen\/"},"author":{"name":"thomas.berner","@id":"https:\/\/www.organisator.ch\/#\/schema\/person\/6f650f90b2842cd4c0cc334b4e36f67e"},"headline":"Erfolgs-Impuls: Ihre falschen Priorit\u00e4ten (und die fatalen Folgen)","datePublished":"2019-10-29T08:31:39+00:00","mainEntityOfPage":{"@id":"https:\/\/www.organisator.ch\/management\/2019-10-29\/erfolgs-impuls-ihre-falschen-prioritaeten-und-die-fatalen-folgen\/"},"wordCount":455,"publisher":{"@id":"https:\/\/www.organisator.ch\/#organization"},"image":{"@id":"https:\/\/www.organisator.ch\/management\/2019-10-29\/erfolgs-impuls-ihre-falschen-prioritaeten-und-die-fatalen-folgen\/#primaryimage"},"thumbnailUrl":"https:\/\/www.organisator.ch\/wp-content\/uploads\/2019\/10\/Erfolgs-Impuls-Ihre-falschen-Prioritaeten-und-die-fatalen-Folgen_Organisator.jpg","keywords":["Erfolgs-Impuls","Fit im Job","Management und Unternehmensf\u00fchrung","Selbstmanagement"],"articleSection":["MANAGEMENT"],"inLanguage":"it-IT"},{"@type":"WebPage","@id":"https:\/\/www.organisator.ch\/management\/2019-10-29\/erfolgs-impuls-ihre-falschen-prioritaeten-und-die-fatalen-folgen\/","url":"https:\/\/www.organisator.ch\/management\/2019-10-29\/erfolgs-impuls-ihre-falschen-prioritaeten-und-die-fatalen-folgen\/","name":"Impulso al successo: le vostre priorit\u00e0 sbagliate (e le conseguenze fatali) - Organizzatore","isPartOf":{"@id":"https:\/\/www.organisator.ch\/#website"},"primaryImageOfPage":{"@id":"https:\/\/www.organisator.ch\/management\/2019-10-29\/erfolgs-impuls-ihre-falschen-prioritaeten-und-die-fatalen-folgen\/#primaryimage"},"image":{"@id":"https:\/\/www.organisator.ch\/management\/2019-10-29\/erfolgs-impuls-ihre-falschen-prioritaeten-und-die-fatalen-folgen\/#primaryimage"},"thumbnailUrl":"https:\/\/www.organisator.ch\/wp-content\/uploads\/2019\/10\/Erfolgs-Impuls-Ihre-falschen-Prioritaeten-und-die-fatalen-Folgen_Organisator.jpg","datePublished":"2019-10-29T08:31:39+00:00","description":"Voi e il vostro team avete sempre le priorit\u00e0 sotto controllo? Riuscite sempre a raggiungere i vostri obiettivi? Allora non c'\u00e8 bisogno di leggere oltre.","breadcrumb":{"@id":"https:\/\/www.organisator.ch\/management\/2019-10-29\/erfolgs-impuls-ihre-falschen-prioritaeten-und-die-fatalen-folgen\/#breadcrumb"},"inLanguage":"it-IT","potentialAction":[{"@type":"ReadAction","target":["https:\/\/www.organisator.ch\/management\/2019-10-29\/erfolgs-impuls-ihre-falschen-prioritaeten-und-die-fatalen-folgen\/"]}]},{"@type":"ImageObject","inLanguage":"it-IT","@id":"https:\/\/www.organisator.ch\/management\/2019-10-29\/erfolgs-impuls-ihre-falschen-prioritaeten-und-die-fatalen-folgen\/#primaryimage","url":"https:\/\/www.organisator.ch\/wp-content\/uploads\/2019\/10\/Erfolgs-Impuls-Ihre-falschen-Prioritaeten-und-die-fatalen-Folgen_Organisator.jpg","contentUrl":"https:\/\/www.organisator.ch\/wp-content\/uploads\/2019\/10\/Erfolgs-Impuls-Ihre-falschen-Prioritaeten-und-die-fatalen-Folgen_Organisator.jpg","width":680,"height":453,"caption":"Zeitdruck, Dringendes, Wichtiges: Das Unterbewusstsein ist es, welches unsere Priorit\u00e4ten steuert. (Bild: Pixabay.com)"},{"@type":"BreadcrumbList","@id":"https:\/\/www.organisator.ch\/management\/2019-10-29\/erfolgs-impuls-ihre-falschen-prioritaeten-und-die-fatalen-folgen\/#breadcrumb","itemListElement":[{"@type":"ListItem","position":1,"name":"Home","item":"https:\/\/www.organisator.ch\/"},{"@type":"ListItem","position":2,"name":"Erfolgs-Impuls: Ihre falschen Priorit\u00e4ten (und die fatalen Folgen)"}]},{"@type":"WebSite","@id":"https:\/\/www.organisator.ch\/#website","url":"https:\/\/www.organisator.ch\/","name":"Organizzatore","description":"Competente. Pratico. In 10 numeri all'anno, ORGANISATOR presenta i temi essenziali per i manager delle PMI.","publisher":{"@id":"https:\/\/www.organisator.ch\/#organization"},"potentialAction":[{"@type":"SearchAction","target":{"@type":"EntryPoint","urlTemplate":"https:\/\/www.organisator.ch\/?s={search_term_string}"},"query-input":{"@type":"PropertyValueSpecification","valueRequired":true,"valueName":"search_term_string"}}],"inLanguage":"it-IT"},{"@type":"Organization","@id":"https:\/\/www.organisator.ch\/#organization","name":"Organizzatore","url":"https:\/\/www.organisator.ch\/","logo":{"@type":"ImageObject","inLanguage":"it-IT","@id":"https:\/\/www.organisator.ch\/#\/schema\/logo\/image\/","url":"https:\/\/www.organisator.ch\/wp-content\/uploads\/2022\/01\/Logo_Organisator_Website.png","contentUrl":"https:\/\/www.organisator.ch\/wp-content\/uploads\/2022\/01\/Logo_Organisator_Website.png","width":800,"height":77,"caption":"Organisator"},"image":{"@id":"https:\/\/www.organisator.ch\/#\/schema\/logo\/image\/"},"sameAs":["https:\/\/www.facebook.com\/OrganisatorFachmagazin","https:\/\/www.linkedin.com\/showcase\/organisator-das-magazin-fr-kmu","https:\/\/www.xing.com\/news\/pages\/organisator-ch-695","https:\/\/www.youtube.com\/channel\/UCGP2Sq0iWaZwT3BdIAQFYpw"]},{"@type":"Person","@id":"https:\/\/www.organisator.ch\/#\/schema\/person\/6f650f90b2842cd4c0cc334b4e36f67e","name":"Tommaso.berner","image":{"@type":"ImageObject","inLanguage":"it-IT","@id":"https:\/\/secure.gravatar.com\/avatar\/ac5001d2a36cb6c6cd3e50789007ffca834b477b74a2144564522e944eabff61?s=96&d=mm&r=g","url":"https:\/\/secure.gravatar.com\/avatar\/ac5001d2a36cb6c6cd3e50789007ffca834b477b74a2144564522e944eabff61?s=96&d=mm&r=g","contentUrl":"https:\/\/secure.gravatar.com\/avatar\/ac5001d2a36cb6c6cd3e50789007ffca834b477b74a2144564522e944eabff61?s=96&d=mm&r=g","caption":"thomas.berner"},"url":"https:\/\/www.organisator.ch\/it\/author\/thomas-berner\/"}]}},"_links":{"self":[{"href":"https:\/\/www.organisator.ch\/it\/wp-json\/wp\/v2\/posts\/8572","targetHints":{"allow":["GET"]}}],"collection":[{"href":"https:\/\/www.organisator.ch\/it\/wp-json\/wp\/v2\/posts"}],"about":[{"href":"https:\/\/www.organisator.ch\/it\/wp-json\/wp\/v2\/types\/post"}],"author":[{"embeddable":true,"href":"https:\/\/www.organisator.ch\/it\/wp-json\/wp\/v2\/users\/4"}],"replies":[{"embeddable":true,"href":"https:\/\/www.organisator.ch\/it\/wp-json\/wp\/v2\/comments?post=8572"}],"version-history":[{"count":0,"href":"https:\/\/www.organisator.ch\/it\/wp-json\/wp\/v2\/posts\/8572\/revisions"}],"wp:featuredmedia":[{"embeddable":true,"href":"https:\/\/www.organisator.ch\/it\/wp-json\/wp\/v2\/media\/8475"}],"wp:attachment":[{"href":"https:\/\/www.organisator.ch\/it\/wp-json\/wp\/v2\/media?parent=8572"}],"wp:term":[{"taxonomy":"category","embeddable":true,"href":"https:\/\/www.organisator.ch\/it\/wp-json\/wp\/v2\/categories?post=8572"},{"taxonomy":"post_tag","embeddable":true,"href":"https:\/\/www.organisator.ch\/it\/wp-json\/wp\/v2\/tags?post=8572"}],"curies":[{"name":"wp","href":"https:\/\/api.w.org\/{rel}","templated":true}]}}