{"id":8577,"date":"2019-11-05T14:19:53","date_gmt":"2019-11-05T13:19:53","guid":{"rendered":"https:\/\/www.organisator.ch\/?p=5981"},"modified":"2019-11-05T14:19:53","modified_gmt":"2019-11-05T13:19:53","slug":"entrepreneur-award-fuer-kleinunternehmen","status":"publish","type":"post","link":"https:\/\/www.organisator.ch\/it\/allgemein\/2019-11-05\/entrepreneur-award-fuer-kleinunternehmen\/","title":{"rendered":"Premio Imprenditore per le piccole imprese"},"content":{"rendered":"<figure id=\"attachment_5982\" aria-describedby=\"caption-attachment-5982\" style=\"width: 680px\" class=\"wp-caption alignnone\"><a href=\"http:\/\/www.business-expo.ch\"><img loading=\"lazy\" decoding=\"async\" class=\"size-medium wp-image-5982\" src=\"https:\/\/www.organisator.ch\/wp-content\/uploads\/2019\/11\/Entrepreneur-Award-fuer-Kleinunternehmen_Organisator.jpg\" alt=\"\" width=\"680\" height=\"340\" \/><\/a><figcaption id=\"caption-attachment-5982\" class=\"wp-caption-text\">Il 7 dicembre, in occasione della Business Expo, verr\u00e0 consegnato un Premio Imprenditore per le microimprese.<\/figcaption><\/figure>\n<p>Sono la parte - almeno quantitativamente - dominante del panorama svizzero delle PMI: le micro e piccole imprese con meno di dieci dipendenti. Con oltre il 90% di<br \/>\nsono la forma pi\u00f9 comune di PMI. La Business Expo, fondata e organizzata da Sandra Liliana Schmid, vuole offrire loro una piattaforma il 7 dicembre 2019 nel Kultur-Park di Zurigo.<\/p>\n<h2>Premio Imprenditore per le microimprese<\/h2>\n<p>Oltre a una fiera con workshop, l'attenzione si concentra anche sulla presentazione di un Premio per l'Imprenditore. Questo premio intende dare alle piccole imprese fama, onore e riconoscimento per i loro grandi risultati e il loro instancabile lavoro. Sono stati nominati 31 imprenditori, tra i quali saranno selezionati i primi dieci finalisti attraverso una votazione online.<br \/>\nsaranno realizzati. Inoltre, una giuria esamina le varie candidature e crea una top 10 separata. Le due liste top 10 vengono unite e il risultato \u00e8<br \/>\npoi la top 10 finale, dalla quale verr\u00e0 scelto il vincitore il 7 dicembre.<\/p>\n<h2>La Top 10 dei candidati<\/h2>\n<p>Attualmente (5 novembre 2019), i seguenti dieci imprenditori oscillano in cima ai favori del pubblico:<\/p>\n<ul>\n<li>Sale Baschi, esperto di Svizzera sociale, LinkedIn e social selling<\/li>\n<li>Haller Milena, Milena Haller, esperta di performance e cantante di chanson<\/li>\n<li>Schmid Elena, Giovent\u00f9 per il Kenya, Fondatrice e Ambasciatrice<\/li>\n<li>Eugster J\u00f6rg, NetBusiness Consulting AG, fondatore, CEO e proprietario<\/li>\n<li>Buschor-Frei Mich\u00e8le, Caramba Beneficial GmbH, Fondatore e Amministratore delegato<\/li>\n<li>Ruf Daniel, careerbooster.ch, proprietario, esperto di applicazioni e self-marketing<\/li>\n<li>Sarah Zanuco, Zanuco Treuhand AG, socio amministratore<\/li>\n<li>Erci Hakan, Threeway AG, Amministratore delegato e proprietario<\/li>\n<li>Thoma Nadja, Nadja Thoma Make-up Artist, Proprietaria<\/li>\n<li>Dietiker Melanie, Monochromel - Agenzia per il design d'interni \/ MEL Marketing &amp; Kommunikation GmbH, Proprietario<\/li>\n<\/ul>\n<p>Il <a href=\"https:\/\/business-expo.ch\/award-2019-nominierte-entrepreneurs\/\">Voto online<\/a> si protrae fino al 15 novembre 2019 incluso.<\/p>\n<p><em>Ulteriori informazioni: <a href=\"http:\/\/www.business-expo.ch\">www.business-expo.ch<\/a><\/em><\/p>","protected":false},"excerpt":{"rendered":"<p>Sie sind der \u2013 zumindest quantitativ \u2013 dominierende Teil der Schweizer KMU-Landschaft: Die Kleinst- und Mikrounternehmen mit weniger als zehn Mitarbeitenden. Mit \u00fcber 90 Prozent sind sie die h\u00e4ufigste Form der KMU. Ihnen will die Business Expo, gegr\u00fcndet und veranstaltet von Sandra Liliana Schmid, am 7. Dezember 2019 im Kultur-Park Z\u00fcrich eine Plattform geben. Entrepreneur [&hellip;]<\/p>\n","protected":false},"author":4,"featured_media":8480,"comment_status":"closed","ping_status":"closed","sticky":false,"template":"","format":"standard","meta":{"_acf_changed":false,"_yoast_wpseo_focuskw":"Entrepreneur Award","_yoast_wpseo_metadesc":"Um die Arbeit der zahlreichen Kleinst- und Mikrounternehmen in der Schweiz zu w\u00fcrdigen, wurde ein Entrepreneur Award ausgelobt.","articlekey":"","footnotes":""},"categories":[1],"tags":[66,193,492],"class_list":["post-8577","post","type-post","status-publish","format-standard","has-post-thumbnail","hentry","category-allgemein","tag-awards","tag-fachkongressfachmesse","tag-unternehmen"],"acf":[],"yoast_head":"<!-- This site is optimized with the Yoast SEO plugin v27.4 - https:\/\/yoast.com\/product\/yoast-seo-wordpress\/ -->\n<title>Entrepreneur Award f\u00fcr Kleinunternehmen - Organisator<\/title>\n<meta name=\"description\" content=\"Um die Arbeit der zahlreichen Kleinst- und Mikrounternehmen in der Schweiz zu w\u00fcrdigen, wurde ein Entrepreneur Award ausgelobt.\" \/>\n<meta name=\"robots\" content=\"index, follow, max-snippet:-1, max-image-preview:large, max-video-preview:-1\" \/>\n<link rel=\"canonical\" href=\"https:\/\/www.organisator.ch\/it\/generale\/2019-11-05\/entrepreneur-award-fuer-kleinunternehmen\/\" \/>\n<meta property=\"og:locale\" content=\"it_IT\" \/>\n<meta property=\"og:type\" content=\"article\" \/>\n<meta property=\"og:title\" content=\"Entrepreneur Award f\u00fcr Kleinunternehmen\" \/>\n<meta property=\"og:description\" content=\"Um die Arbeit der zahlreichen Kleinst- und Mikrounternehmen in der Schweiz zu w\u00fcrdigen, wurde ein Entrepreneur Award ausgelobt.\" \/>\n<meta property=\"og:url\" content=\"https:\/\/www.organisator.ch\/it\/generale\/2019-11-05\/entrepreneur-award-fuer-kleinunternehmen\/\" \/>\n<meta property=\"og:site_name\" content=\"Organisator\" \/>\n<meta property=\"article:publisher\" content=\"https:\/\/www.facebook.com\/OrganisatorFachmagazin\" \/>\n<meta property=\"article:published_time\" content=\"2019-11-05T13:19:53+00:00\" \/>\n<meta name=\"author\" content=\"thomas.berner\" \/>\n<meta name=\"twitter:card\" content=\"summary_large_image\" \/>\n<meta name=\"twitter:title\" content=\"Entrepreneur Award f\u00fcr #Kleinunternehmen\" \/>\n<meta name=\"twitter:description\" content=\"Um die Arbeit der zahlreichen Kleinst- und Mikrounternehmen in der Schweiz zu w\u00fcrdigen, wurde ein Entrepreneur Award ausgelobt.\" \/>\n<script type=\"application\/ld+json\" class=\"yoast-schema-graph\">{\"@context\":\"https:\\\/\\\/schema.org\",\"@graph\":[{\"@type\":\"Article\",\"@id\":\"https:\\\/\\\/www.organisator.ch\\\/de\\\/allgemein\\\/2019-11-05\\\/entrepreneur-award-fuer-kleinunternehmen\\\/#article\",\"isPartOf\":{\"@id\":\"https:\\\/\\\/www.organisator.ch\\\/de\\\/allgemein\\\/2019-11-05\\\/entrepreneur-award-fuer-kleinunternehmen\\\/\"},\"author\":{\"name\":\"thomas.berner\",\"@id\":\"https:\\\/\\\/www.organisator.ch\\\/#\\\/schema\\\/person\\\/6f650f90b2842cd4c0cc334b4e36f67e\"},\"headline\":\"Entrepreneur Award f\u00fcr Kleinunternehmen\",\"datePublished\":\"2019-11-05T13:19:53+00:00\",\"mainEntityOfPage\":{\"@id\":\"https:\\\/\\\/www.organisator.ch\\\/de\\\/allgemein\\\/2019-11-05\\\/entrepreneur-award-fuer-kleinunternehmen\\\/\"},\"wordCount\":300,\"publisher\":{\"@id\":\"https:\\\/\\\/www.organisator.ch\\\/#organization\"},\"image\":{\"@id\":\"https:\\\/\\\/www.organisator.ch\\\/de\\\/allgemein\\\/2019-11-05\\\/entrepreneur-award-fuer-kleinunternehmen\\\/#primaryimage\"},\"thumbnailUrl\":\"https:\\\/\\\/www.organisator.ch\\\/wp-content\\\/uploads\\\/2019\\\/11\\\/Entrepreneur-Award-fuer-Kleinunternehmen_Organisator.jpg\",\"keywords\":[\"Awards\",\"Fachkongress\\\/Fachmesse\",\"Unternehmen\"],\"articleSection\":[\"Allgemein\"],\"inLanguage\":\"it-IT\"},{\"@type\":\"WebPage\",\"@id\":\"https:\\\/\\\/www.organisator.ch\\\/de\\\/allgemein\\\/2019-11-05\\\/entrepreneur-award-fuer-kleinunternehmen\\\/\",\"url\":\"https:\\\/\\\/www.organisator.ch\\\/de\\\/allgemein\\\/2019-11-05\\\/entrepreneur-award-fuer-kleinunternehmen\\\/\",\"name\":\"Entrepreneur Award f\u00fcr Kleinunternehmen - Organisator\",\"isPartOf\":{\"@id\":\"https:\\\/\\\/www.organisator.ch\\\/#website\"},\"primaryImageOfPage\":{\"@id\":\"https:\\\/\\\/www.organisator.ch\\\/de\\\/allgemein\\\/2019-11-05\\\/entrepreneur-award-fuer-kleinunternehmen\\\/#primaryimage\"},\"image\":{\"@id\":\"https:\\\/\\\/www.organisator.ch\\\/de\\\/allgemein\\\/2019-11-05\\\/entrepreneur-award-fuer-kleinunternehmen\\\/#primaryimage\"},\"thumbnailUrl\":\"https:\\\/\\\/www.organisator.ch\\\/wp-content\\\/uploads\\\/2019\\\/11\\\/Entrepreneur-Award-fuer-Kleinunternehmen_Organisator.jpg\",\"datePublished\":\"2019-11-05T13:19:53+00:00\",\"description\":\"Um die Arbeit der zahlreichen Kleinst- und Mikrounternehmen in der Schweiz zu w\u00fcrdigen, wurde ein Entrepreneur Award ausgelobt.\",\"breadcrumb\":{\"@id\":\"https:\\\/\\\/www.organisator.ch\\\/de\\\/allgemein\\\/2019-11-05\\\/entrepreneur-award-fuer-kleinunternehmen\\\/#breadcrumb\"},\"inLanguage\":\"it-IT\",\"potentialAction\":[{\"@type\":\"ReadAction\",\"target\":[\"https:\\\/\\\/www.organisator.ch\\\/de\\\/allgemein\\\/2019-11-05\\\/entrepreneur-award-fuer-kleinunternehmen\\\/\"]}]},{\"@type\":\"ImageObject\",\"inLanguage\":\"it-IT\",\"@id\":\"https:\\\/\\\/www.organisator.ch\\\/de\\\/allgemein\\\/2019-11-05\\\/entrepreneur-award-fuer-kleinunternehmen\\\/#primaryimage\",\"url\":\"https:\\\/\\\/www.organisator.ch\\\/wp-content\\\/uploads\\\/2019\\\/11\\\/Entrepreneur-Award-fuer-Kleinunternehmen_Organisator.jpg\",\"contentUrl\":\"https:\\\/\\\/www.organisator.ch\\\/wp-content\\\/uploads\\\/2019\\\/11\\\/Entrepreneur-Award-fuer-Kleinunternehmen_Organisator.jpg\",\"width\":680,\"height\":340,\"caption\":\"An der Business Expo vom 7. Dezember wird ein Entrepreneur Award f\u00fcr Kleinstunternehmen verliehen.\"},{\"@type\":\"BreadcrumbList\",\"@id\":\"https:\\\/\\\/www.organisator.ch\\\/de\\\/allgemein\\\/2019-11-05\\\/entrepreneur-award-fuer-kleinunternehmen\\\/#breadcrumb\",\"itemListElement\":[{\"@type\":\"ListItem\",\"position\":1,\"name\":\"Home\",\"item\":\"https:\\\/\\\/www.organisator.ch\\\/\"},{\"@type\":\"ListItem\",\"position\":2,\"name\":\"Entrepreneur Award f\u00fcr Kleinunternehmen\"}]},{\"@type\":\"WebSite\",\"@id\":\"https:\\\/\\\/www.organisator.ch\\\/#website\",\"url\":\"https:\\\/\\\/www.organisator.ch\\\/\",\"name\":\"Organisator\",\"description\":\"Kompetent. Praxisnah. Der ORGANISATOR bereitet in 10 Ausgaben pro Jahr die wesentlichen Themen f\u00fcr F\u00fchrungskr\u00e4fte von KMU auf.\",\"publisher\":{\"@id\":\"https:\\\/\\\/www.organisator.ch\\\/#organization\"},\"potentialAction\":[{\"@type\":\"SearchAction\",\"target\":{\"@type\":\"EntryPoint\",\"urlTemplate\":\"https:\\\/\\\/www.organisator.ch\\\/?s={search_term_string}\"},\"query-input\":{\"@type\":\"PropertyValueSpecification\",\"valueRequired\":true,\"valueName\":\"search_term_string\"}}],\"inLanguage\":\"it-IT\"},{\"@type\":\"Organization\",\"@id\":\"https:\\\/\\\/www.organisator.ch\\\/#organization\",\"name\":\"Organisator\",\"url\":\"https:\\\/\\\/www.organisator.ch\\\/\",\"logo\":{\"@type\":\"ImageObject\",\"inLanguage\":\"it-IT\",\"@id\":\"https:\\\/\\\/www.organisator.ch\\\/#\\\/schema\\\/logo\\\/image\\\/\",\"url\":\"https:\\\/\\\/www.organisator.ch\\\/wp-content\\\/uploads\\\/2022\\\/01\\\/Logo_Organisator_Website.png\",\"contentUrl\":\"https:\\\/\\\/www.organisator.ch\\\/wp-content\\\/uploads\\\/2022\\\/01\\\/Logo_Organisator_Website.png\",\"width\":800,\"height\":77,\"caption\":\"Organisator\"},\"image\":{\"@id\":\"https:\\\/\\\/www.organisator.ch\\\/#\\\/schema\\\/logo\\\/image\\\/\"},\"sameAs\":[\"https:\\\/\\\/www.facebook.com\\\/OrganisatorFachmagazin\",\"https:\\\/\\\/www.linkedin.com\\\/showcase\\\/organisator-das-magazin-fr-kmu\",\"https:\\\/\\\/www.xing.com\\\/news\\\/pages\\\/organisator-ch-695\",\"https:\\\/\\\/www.youtube.com\\\/channel\\\/UCGP2Sq0iWaZwT3BdIAQFYpw\"]},{\"@type\":\"Person\",\"@id\":\"https:\\\/\\\/www.organisator.ch\\\/#\\\/schema\\\/person\\\/6f650f90b2842cd4c0cc334b4e36f67e\",\"name\":\"thomas.berner\",\"image\":{\"@type\":\"ImageObject\",\"inLanguage\":\"it-IT\",\"@id\":\"https:\\\/\\\/secure.gravatar.com\\\/avatar\\\/ac5001d2a36cb6c6cd3e50789007ffca834b477b74a2144564522e944eabff61?s=96&d=mm&r=g\",\"url\":\"https:\\\/\\\/secure.gravatar.com\\\/avatar\\\/ac5001d2a36cb6c6cd3e50789007ffca834b477b74a2144564522e944eabff61?s=96&d=mm&r=g\",\"contentUrl\":\"https:\\\/\\\/secure.gravatar.com\\\/avatar\\\/ac5001d2a36cb6c6cd3e50789007ffca834b477b74a2144564522e944eabff61?s=96&d=mm&r=g\",\"caption\":\"thomas.berner\"},\"url\":\"https:\\\/\\\/www.organisator.ch\\\/it\\\/author\\\/thomas-berner\\\/\"}]}<\/script>\n<!-- \/ Yoast SEO plugin. -->","yoast_head_json":{"title":"Premio Imprenditore per le Piccole Imprese - Organizzatore","description":"Per onorare il lavoro delle numerose micro e piccole imprese in Svizzera, \u00e8 stato lanciato un Premio Imprenditore.","robots":{"index":"index","follow":"follow","max-snippet":"max-snippet:-1","max-image-preview":"max-image-preview:large","max-video-preview":"max-video-preview:-1"},"canonical":"https:\/\/www.organisator.ch\/it\/generale\/2019-11-05\/entrepreneur-award-fuer-kleinunternehmen\/","og_locale":"it_IT","og_type":"article","og_title":"Entrepreneur Award f\u00fcr Kleinunternehmen","og_description":"Um die Arbeit der zahlreichen Kleinst- und Mikrounternehmen in der Schweiz zu w\u00fcrdigen, wurde ein Entrepreneur Award ausgelobt.","og_url":"https:\/\/www.organisator.ch\/it\/generale\/2019-11-05\/entrepreneur-award-fuer-kleinunternehmen\/","og_site_name":"Organisator","article_publisher":"https:\/\/www.facebook.com\/OrganisatorFachmagazin","article_published_time":"2019-11-05T13:19:53+00:00","author":"thomas.berner","twitter_card":"summary_large_image","twitter_title":"Entrepreneur Award f\u00fcr #Kleinunternehmen","twitter_description":"Um die Arbeit der zahlreichen Kleinst- und Mikrounternehmen in der Schweiz zu w\u00fcrdigen, wurde ein Entrepreneur Award ausgelobt.","schema":{"@context":"https:\/\/schema.org","@graph":[{"@type":"Article","@id":"https:\/\/www.organisator.ch\/de\/allgemein\/2019-11-05\/entrepreneur-award-fuer-kleinunternehmen\/#article","isPartOf":{"@id":"https:\/\/www.organisator.ch\/de\/allgemein\/2019-11-05\/entrepreneur-award-fuer-kleinunternehmen\/"},"author":{"name":"thomas.berner","@id":"https:\/\/www.organisator.ch\/#\/schema\/person\/6f650f90b2842cd4c0cc334b4e36f67e"},"headline":"Entrepreneur Award f\u00fcr Kleinunternehmen","datePublished":"2019-11-05T13:19:53+00:00","mainEntityOfPage":{"@id":"https:\/\/www.organisator.ch\/de\/allgemein\/2019-11-05\/entrepreneur-award-fuer-kleinunternehmen\/"},"wordCount":300,"publisher":{"@id":"https:\/\/www.organisator.ch\/#organization"},"image":{"@id":"https:\/\/www.organisator.ch\/de\/allgemein\/2019-11-05\/entrepreneur-award-fuer-kleinunternehmen\/#primaryimage"},"thumbnailUrl":"https:\/\/www.organisator.ch\/wp-content\/uploads\/2019\/11\/Entrepreneur-Award-fuer-Kleinunternehmen_Organisator.jpg","keywords":["Awards","Fachkongress\/Fachmesse","Unternehmen"],"articleSection":["Allgemein"],"inLanguage":"it-IT"},{"@type":"WebPage","@id":"https:\/\/www.organisator.ch\/de\/allgemein\/2019-11-05\/entrepreneur-award-fuer-kleinunternehmen\/","url":"https:\/\/www.organisator.ch\/de\/allgemein\/2019-11-05\/entrepreneur-award-fuer-kleinunternehmen\/","name":"Premio Imprenditore per le Piccole Imprese - Organizzatore","isPartOf":{"@id":"https:\/\/www.organisator.ch\/#website"},"primaryImageOfPage":{"@id":"https:\/\/www.organisator.ch\/de\/allgemein\/2019-11-05\/entrepreneur-award-fuer-kleinunternehmen\/#primaryimage"},"image":{"@id":"https:\/\/www.organisator.ch\/de\/allgemein\/2019-11-05\/entrepreneur-award-fuer-kleinunternehmen\/#primaryimage"},"thumbnailUrl":"https:\/\/www.organisator.ch\/wp-content\/uploads\/2019\/11\/Entrepreneur-Award-fuer-Kleinunternehmen_Organisator.jpg","datePublished":"2019-11-05T13:19:53+00:00","description":"Per onorare il lavoro delle numerose micro e piccole imprese in Svizzera, \u00e8 stato lanciato un Premio Imprenditore.","breadcrumb":{"@id":"https:\/\/www.organisator.ch\/de\/allgemein\/2019-11-05\/entrepreneur-award-fuer-kleinunternehmen\/#breadcrumb"},"inLanguage":"it-IT","potentialAction":[{"@type":"ReadAction","target":["https:\/\/www.organisator.ch\/de\/allgemein\/2019-11-05\/entrepreneur-award-fuer-kleinunternehmen\/"]}]},{"@type":"ImageObject","inLanguage":"it-IT","@id":"https:\/\/www.organisator.ch\/de\/allgemein\/2019-11-05\/entrepreneur-award-fuer-kleinunternehmen\/#primaryimage","url":"https:\/\/www.organisator.ch\/wp-content\/uploads\/2019\/11\/Entrepreneur-Award-fuer-Kleinunternehmen_Organisator.jpg","contentUrl":"https:\/\/www.organisator.ch\/wp-content\/uploads\/2019\/11\/Entrepreneur-Award-fuer-Kleinunternehmen_Organisator.jpg","width":680,"height":340,"caption":"An der Business Expo vom 7. Dezember wird ein Entrepreneur Award f\u00fcr Kleinstunternehmen verliehen."},{"@type":"BreadcrumbList","@id":"https:\/\/www.organisator.ch\/de\/allgemein\/2019-11-05\/entrepreneur-award-fuer-kleinunternehmen\/#breadcrumb","itemListElement":[{"@type":"ListItem","position":1,"name":"Home","item":"https:\/\/www.organisator.ch\/"},{"@type":"ListItem","position":2,"name":"Entrepreneur Award f\u00fcr Kleinunternehmen"}]},{"@type":"WebSite","@id":"https:\/\/www.organisator.ch\/#website","url":"https:\/\/www.organisator.ch\/","name":"Organizzatore","description":"Competente. Pratico. In 10 numeri all'anno, ORGANISATOR presenta i temi essenziali per i manager delle PMI.","publisher":{"@id":"https:\/\/www.organisator.ch\/#organization"},"potentialAction":[{"@type":"SearchAction","target":{"@type":"EntryPoint","urlTemplate":"https:\/\/www.organisator.ch\/?s={search_term_string}"},"query-input":{"@type":"PropertyValueSpecification","valueRequired":true,"valueName":"search_term_string"}}],"inLanguage":"it-IT"},{"@type":"Organization","@id":"https:\/\/www.organisator.ch\/#organization","name":"Organizzatore","url":"https:\/\/www.organisator.ch\/","logo":{"@type":"ImageObject","inLanguage":"it-IT","@id":"https:\/\/www.organisator.ch\/#\/schema\/logo\/image\/","url":"https:\/\/www.organisator.ch\/wp-content\/uploads\/2022\/01\/Logo_Organisator_Website.png","contentUrl":"https:\/\/www.organisator.ch\/wp-content\/uploads\/2022\/01\/Logo_Organisator_Website.png","width":800,"height":77,"caption":"Organisator"},"image":{"@id":"https:\/\/www.organisator.ch\/#\/schema\/logo\/image\/"},"sameAs":["https:\/\/www.facebook.com\/OrganisatorFachmagazin","https:\/\/www.linkedin.com\/showcase\/organisator-das-magazin-fr-kmu","https:\/\/www.xing.com\/news\/pages\/organisator-ch-695","https:\/\/www.youtube.com\/channel\/UCGP2Sq0iWaZwT3BdIAQFYpw"]},{"@type":"Person","@id":"https:\/\/www.organisator.ch\/#\/schema\/person\/6f650f90b2842cd4c0cc334b4e36f67e","name":"Tommaso.berner","image":{"@type":"ImageObject","inLanguage":"it-IT","@id":"https:\/\/secure.gravatar.com\/avatar\/ac5001d2a36cb6c6cd3e50789007ffca834b477b74a2144564522e944eabff61?s=96&d=mm&r=g","url":"https:\/\/secure.gravatar.com\/avatar\/ac5001d2a36cb6c6cd3e50789007ffca834b477b74a2144564522e944eabff61?s=96&d=mm&r=g","contentUrl":"https:\/\/secure.gravatar.com\/avatar\/ac5001d2a36cb6c6cd3e50789007ffca834b477b74a2144564522e944eabff61?s=96&d=mm&r=g","caption":"thomas.berner"},"url":"https:\/\/www.organisator.ch\/it\/author\/thomas-berner\/"}]}},"_links":{"self":[{"href":"https:\/\/www.organisator.ch\/it\/wp-json\/wp\/v2\/posts\/8577","targetHints":{"allow":["GET"]}}],"collection":[{"href":"https:\/\/www.organisator.ch\/it\/wp-json\/wp\/v2\/posts"}],"about":[{"href":"https:\/\/www.organisator.ch\/it\/wp-json\/wp\/v2\/types\/post"}],"author":[{"embeddable":true,"href":"https:\/\/www.organisator.ch\/it\/wp-json\/wp\/v2\/users\/4"}],"replies":[{"embeddable":true,"href":"https:\/\/www.organisator.ch\/it\/wp-json\/wp\/v2\/comments?post=8577"}],"version-history":[{"count":0,"href":"https:\/\/www.organisator.ch\/it\/wp-json\/wp\/v2\/posts\/8577\/revisions"}],"wp:featuredmedia":[{"embeddable":true,"href":"https:\/\/www.organisator.ch\/it\/wp-json\/wp\/v2\/media\/8480"}],"wp:attachment":[{"href":"https:\/\/www.organisator.ch\/it\/wp-json\/wp\/v2\/media?parent=8577"}],"wp:term":[{"taxonomy":"category","embeddable":true,"href":"https:\/\/www.organisator.ch\/it\/wp-json\/wp\/v2\/categories?post=8577"},{"taxonomy":"post_tag","embeddable":true,"href":"https:\/\/www.organisator.ch\/it\/wp-json\/wp\/v2\/tags?post=8577"}],"curies":[{"name":"wp","href":"https:\/\/api.w.org\/{rel}","templated":true}]}}