{"id":859,"date":"2017-03-07T09:43:25","date_gmt":"2017-03-07T08:43:25","guid":{"rendered":"https:\/\/www.umweltperspektiven.ch\/?p=859"},"modified":"2022-02-09T11:05:38","modified_gmt":"2022-02-09T10:05:38","slug":"gesucht-metallsammler-des-jahres","status":"publish","type":"post","link":"https:\/\/www.organisator.ch\/it\/sustainability\/2017-03-07\/gesucht-metallsammler-des-jahres\/","title":{"rendered":"Cercasi: Collezionista di metallo dell'anno"},"content":{"rendered":"<figure id=\"attachment_860\" aria-describedby=\"caption-attachment-860\" style=\"width: 680px\" class=\"wp-caption alignnone\"><img loading=\"lazy\" decoding=\"async\" class=\"size-medium wp-image-860\" src=\"\/\/www.umweltperspektiven.ch\/wp-content\/uploads\/2017\/03\/tueftelwerk_luzern.jpg\" alt=\"\" width=\"680\" height=\"453\" \/><figcaption id=\"caption-attachment-860\" class=\"wp-caption-text\">Il laboratorio universale \"T\u00fcftelwerk\" di Lucerna ha vinto il Prix Metal Recycling 2016. Nel laboratorio, i bambini imparano a fare artigianato creativo con vecchi imballaggi metallici. (Immagine: PHOTOPRESS\/Urs Flueeler)<\/figcaption><\/figure>\n<p>Gli svizzeri sono noti come collezionisti di imballaggi usati. Questo \u00e8 altrettanto vero per gli imballaggi di metallo come per tutti gli altri imballaggi. Pi\u00f9 di tre chili di lattine di alluminio, vaschette di cibo per animali, tubi di senape, capsule di caff\u00e8 e lattine di latta sono raccolti per abitante e all'anno, o un totale di 25.600 tonnellate. Per garantire che questa tendenza continui, Igora e Ferro Recycling assegnano ogni anno il Prix-Metallrecycling a tre collezionisti svizzeri di metalli esemplari.<\/p>\n<p>La nuova gara per i collezionisti di metalli pi\u00f9 impazienti inizia ora e dura fino al 31 maggio 2017. Le due organizzazioni di riciclaggio Igora e Ferro Recycling sono responsabili della gara. Come riconoscimento e apprezzamento, premiano i tre migliori collezionisti di metalli del 2017 con 1.000 franchi svizzeri ciascuno e allo stesso tempo li incoronano campioni svizzeri di collezionismo di metalli.<\/p>\n<p><strong>Chiunque pu\u00f2 partecipare<br \/>\n<\/strong>I collezionisti di metallo possono unirsi alla corsa rapidamente e facilmente. Basta andare sui siti web <a title=\"Riciclaggio del metallo di Prix\" href=\"\/\/www.igora.ch\/de\/aktivitaeten\/prix-metallrecycling\/prix-metallrecycling\/\" target=\"_blank\" rel=\"noopener\">igora.ch<\/a> o <a href=\"\/\/ferrorecycling.ch\/de\/aktivitaeten\/prix-metal-recycling\/\" target=\"_blank\" rel=\"noopener\">ferrorecycling.ch<\/a> sotto Prix-Metallrecycling scrivere in poche parole come l'imballaggio metallico vuoto viene raccolto e va per il riciclaggio. Anche l'invio di un'e-mail a <a href=\"mailto:info@igora.ch\">info@igora.ch<\/a> o una cartolina a Igora o Ferro Recycling a Thalwil \u00e8 possibile. Le seguenti informazioni sono importanti: quanti, come e dove e quali imballaggi metallici vengono raccolti. Inoltre, dovrebbe essere elencato l'indirizzo completo con telefono e, se disponibile, indirizzo e-mail. La scadenza per le iscrizioni \u00e8 il 31 maggio 2017.<\/p>\n<p><strong>Determinazione dei vincitori secondo tre criteri<br \/>\n<\/strong>Un gruppo di esperti selezioner\u00e0 i collezionisti di metallo di maggior successo tra i partecipanti. I potenziali vincitori ottengono punti per la loro iniziativa, l'entusiasmo e la creativit\u00e0 nel raccogliere gli imballaggi metallici.<\/p>\n<p>L'anno scorso, tra le altre cose, il <a href=\"\/\/www.tueftelwerk.ch\/\">T\u00fcftelwerk <\/a>a Lucerna. Il laboratorio aperto per i bambini pone un'enfasi speciale sulla sperimentazione e la manipolazione di imballaggi in alluminio e metallo - con risultati creativi e spesso sorprendenti.<\/p>\n<p>Gli altri due vincitori sono stati un riciclatore addestrato che raccoglie ogni giorno con la sua bicicletta e il suo rimorchio imballaggi metallici da privati, ristoranti, bar e aziende, restituendo cos\u00ec quattro o cinque tonnellate di metallo al ciclo dei materiali ogni anno, e una famiglia impegnata che raccoglie con cura anche lattine di alluminio durante le passeggiate.<\/p>\n<p>&nbsp;<\/p>\n<p>&nbsp;<\/p>\n<p>&nbsp;<\/p>","protected":false},"excerpt":{"rendered":"<p>Die Schweizer sind bekannt als Sammelvolk von gebrauchten Verpackungen. Bei den Metallverpackungen trifft dies genauso zu wie bei allen anderen Verpackungen. Pro Einwohner und Jahr werden j\u00e4hrlich \u00fcber drei\u00a0Kilo Aludosen, Tiernahrungsschalen, Senftuben, Kaffeekapseln und Konservendosen gesammelt oder insgesamt 25&#8217;600 Tonnen. Damit dieser Trend weiter andauert, pr\u00e4mieren Igora und Ferro Recycling mit dem Prix-Metallrecycling j\u00e4hrlich drei [&hellip;]<\/p>\n","protected":false},"author":1,"featured_media":860,"comment_status":"open","ping_status":"open","sticky":false,"template":"","format":"standard","meta":{"_acf_changed":false,"_yoast_wpseo_focuskw":"Metallsammler","_yoast_wpseo_metadesc":"Der Prix-Metallrecycling k\u00fcrt die drei besten Metallsammler der Schweiz und will damit umweltgerechtes Verhalten im Umgang mit Metallverpackungen f\u00f6rdern.","articlekey":"","footnotes":""},"categories":[580],"tags":[1166,1394,1697,1987],"class_list":["post-859","post","type-post","status-publish","format-standard","has-post-thumbnail","hentry","category-sustainability","tag-ferro-recycling","tag-igora","tag-metallrecyling","tag-recycling"],"acf":[],"yoast_head":"<!-- This site is optimized with the Yoast SEO plugin v27.5 - https:\/\/yoast.com\/product\/yoast-seo-wordpress\/ -->\n<title>Gesucht: Metallsammler des Jahres - Organisator<\/title>\n<meta name=\"description\" content=\"Der Prix-Metallrecycling k\u00fcrt die drei besten Metallsammler der Schweiz und will damit umweltgerechtes Verhalten im Umgang mit Metallverpackungen f\u00f6rdern.\" \/>\n<meta name=\"robots\" content=\"index, follow, max-snippet:-1, max-image-preview:large, max-video-preview:-1\" \/>\n<link rel=\"canonical\" href=\"https:\/\/www.organisator.ch\/it\/sostenibilita\/2017-03-07\/gesucht-metallsammler-des-jahres\/\" \/>\n<meta property=\"og:locale\" content=\"it_IT\" \/>\n<meta property=\"og:type\" content=\"article\" \/>\n<meta property=\"og:title\" content=\"Gesucht: Metallsammler des Jahres - Organisator\" \/>\n<meta property=\"og:description\" content=\"Der Prix-Metallrecycling k\u00fcrt die drei besten Metallsammler der Schweiz und will damit umweltgerechtes Verhalten im Umgang mit Metallverpackungen f\u00f6rdern.\" \/>\n<meta property=\"og:url\" content=\"https:\/\/www.organisator.ch\/it\/sostenibilita\/2017-03-07\/gesucht-metallsammler-des-jahres\/\" \/>\n<meta property=\"og:site_name\" content=\"Organisator\" \/>\n<meta property=\"article:publisher\" content=\"https:\/\/www.facebook.com\/OrganisatorFachmagazin\" \/>\n<meta property=\"article:published_time\" content=\"2017-03-07T08:43:25+00:00\" \/>\n<meta property=\"article:modified_time\" content=\"2022-02-09T10:05:38+00:00\" \/>\n<meta property=\"og:image\" content=\"https:\/\/www.organisator.ch\/wp-content\/uploads\/2017\/03\/tueftelwerk_luzern-scaled.jpg\" \/>\n\t<meta property=\"og:image:width\" content=\"2560\" \/>\n\t<meta property=\"og:image:height\" content=\"1707\" \/>\n\t<meta property=\"og:image:type\" content=\"image\/jpeg\" \/>\n<meta name=\"author\" content=\"admin\" \/>\n<meta name=\"twitter:card\" content=\"summary_large_image\" \/>\n<script type=\"application\/ld+json\" class=\"yoast-schema-graph\">{\"@context\":\"https:\\\/\\\/schema.org\",\"@graph\":[{\"@type\":\"Article\",\"@id\":\"https:\\\/\\\/www.organisator.ch\\\/sustainability\\\/2017-03-07\\\/gesucht-metallsammler-des-jahres\\\/#article\",\"isPartOf\":{\"@id\":\"https:\\\/\\\/www.organisator.ch\\\/sustainability\\\/2017-03-07\\\/gesucht-metallsammler-des-jahres\\\/\"},\"author\":{\"name\":\"admin\",\"@id\":\"https:\\\/\\\/www.organisator.ch\\\/#\\\/schema\\\/person\\\/aa2bace6c5c5aad60102004a50c4eb1c\"},\"headline\":\"Gesucht: Metallsammler des Jahres\",\"datePublished\":\"2017-03-07T08:43:25+00:00\",\"dateModified\":\"2022-02-09T10:05:38+00:00\",\"mainEntityOfPage\":{\"@id\":\"https:\\\/\\\/www.organisator.ch\\\/sustainability\\\/2017-03-07\\\/gesucht-metallsammler-des-jahres\\\/\"},\"wordCount\":382,\"commentCount\":0,\"publisher\":{\"@id\":\"https:\\\/\\\/www.organisator.ch\\\/#organization\"},\"image\":{\"@id\":\"https:\\\/\\\/www.organisator.ch\\\/sustainability\\\/2017-03-07\\\/gesucht-metallsammler-des-jahres\\\/#primaryimage\"},\"thumbnailUrl\":\"https:\\\/\\\/www.organisator.ch\\\/wp-content\\\/uploads\\\/2017\\\/03\\\/tueftelwerk_luzern-scaled.jpg\",\"keywords\":[\"Ferro Recycling\",\"Igora\",\"Metallrecyling\",\"Recycling\"],\"articleSection\":[\"SUSTAINABILITY\"],\"inLanguage\":\"it-IT\"},{\"@type\":\"WebPage\",\"@id\":\"https:\\\/\\\/www.organisator.ch\\\/sustainability\\\/2017-03-07\\\/gesucht-metallsammler-des-jahres\\\/\",\"url\":\"https:\\\/\\\/www.organisator.ch\\\/sustainability\\\/2017-03-07\\\/gesucht-metallsammler-des-jahres\\\/\",\"name\":\"Gesucht: Metallsammler des Jahres - Organisator\",\"isPartOf\":{\"@id\":\"https:\\\/\\\/www.organisator.ch\\\/#website\"},\"primaryImageOfPage\":{\"@id\":\"https:\\\/\\\/www.organisator.ch\\\/sustainability\\\/2017-03-07\\\/gesucht-metallsammler-des-jahres\\\/#primaryimage\"},\"image\":{\"@id\":\"https:\\\/\\\/www.organisator.ch\\\/sustainability\\\/2017-03-07\\\/gesucht-metallsammler-des-jahres\\\/#primaryimage\"},\"thumbnailUrl\":\"https:\\\/\\\/www.organisator.ch\\\/wp-content\\\/uploads\\\/2017\\\/03\\\/tueftelwerk_luzern-scaled.jpg\",\"datePublished\":\"2017-03-07T08:43:25+00:00\",\"dateModified\":\"2022-02-09T10:05:38+00:00\",\"description\":\"Der Prix-Metallrecycling k\u00fcrt die drei besten Metallsammler der Schweiz und will damit umweltgerechtes Verhalten im Umgang mit Metallverpackungen f\u00f6rdern.\",\"breadcrumb\":{\"@id\":\"https:\\\/\\\/www.organisator.ch\\\/sustainability\\\/2017-03-07\\\/gesucht-metallsammler-des-jahres\\\/#breadcrumb\"},\"inLanguage\":\"it-IT\",\"potentialAction\":[{\"@type\":\"ReadAction\",\"target\":[\"https:\\\/\\\/www.organisator.ch\\\/sustainability\\\/2017-03-07\\\/gesucht-metallsammler-des-jahres\\\/\"]}]},{\"@type\":\"ImageObject\",\"inLanguage\":\"it-IT\",\"@id\":\"https:\\\/\\\/www.organisator.ch\\\/sustainability\\\/2017-03-07\\\/gesucht-metallsammler-des-jahres\\\/#primaryimage\",\"url\":\"https:\\\/\\\/www.organisator.ch\\\/wp-content\\\/uploads\\\/2017\\\/03\\\/tueftelwerk_luzern-scaled.jpg\",\"contentUrl\":\"https:\\\/\\\/www.organisator.ch\\\/wp-content\\\/uploads\\\/2017\\\/03\\\/tueftelwerk_luzern-scaled.jpg\",\"width\":2560,\"height\":1707,\"caption\":\"Die Universalwerkstadt \\\"Tueftelwerk\\\" in Luzern gewann den Prix Metal Recycling 2016. In der Werkstatt lernen Kinder, aus alten Metallverpackungen kreative Handwerkskunst zu schaffen. (Bild: PHOTOPRESS\\\/Urs Flueeler)\"},{\"@type\":\"BreadcrumbList\",\"@id\":\"https:\\\/\\\/www.organisator.ch\\\/sustainability\\\/2017-03-07\\\/gesucht-metallsammler-des-jahres\\\/#breadcrumb\",\"itemListElement\":[{\"@type\":\"ListItem\",\"position\":1,\"name\":\"Home\",\"item\":\"https:\\\/\\\/www.organisator.ch\\\/\"},{\"@type\":\"ListItem\",\"position\":2,\"name\":\"Gesucht: Metallsammler des Jahres\"}]},{\"@type\":\"WebSite\",\"@id\":\"https:\\\/\\\/www.organisator.ch\\\/#website\",\"url\":\"https:\\\/\\\/www.organisator.ch\\\/\",\"name\":\"Organisator\",\"description\":\"Kompetent. Praxisnah. Der ORGANISATOR bereitet in 10 Ausgaben pro Jahr die wesentlichen Themen f\u00fcr F\u00fchrungskr\u00e4fte von KMU auf.\",\"publisher\":{\"@id\":\"https:\\\/\\\/www.organisator.ch\\\/#organization\"},\"potentialAction\":[{\"@type\":\"SearchAction\",\"target\":{\"@type\":\"EntryPoint\",\"urlTemplate\":\"https:\\\/\\\/www.organisator.ch\\\/?s={search_term_string}\"},\"query-input\":{\"@type\":\"PropertyValueSpecification\",\"valueRequired\":true,\"valueName\":\"search_term_string\"}}],\"inLanguage\":\"it-IT\"},{\"@type\":\"Organization\",\"@id\":\"https:\\\/\\\/www.organisator.ch\\\/#organization\",\"name\":\"Organisator\",\"url\":\"https:\\\/\\\/www.organisator.ch\\\/\",\"logo\":{\"@type\":\"ImageObject\",\"inLanguage\":\"it-IT\",\"@id\":\"https:\\\/\\\/www.organisator.ch\\\/#\\\/schema\\\/logo\\\/image\\\/\",\"url\":\"https:\\\/\\\/www.organisator.ch\\\/wp-content\\\/uploads\\\/2022\\\/01\\\/Logo_Organisator_Website.png\",\"contentUrl\":\"https:\\\/\\\/www.organisator.ch\\\/wp-content\\\/uploads\\\/2022\\\/01\\\/Logo_Organisator_Website.png\",\"width\":800,\"height\":77,\"caption\":\"Organisator\"},\"image\":{\"@id\":\"https:\\\/\\\/www.organisator.ch\\\/#\\\/schema\\\/logo\\\/image\\\/\"},\"sameAs\":[\"https:\\\/\\\/www.facebook.com\\\/OrganisatorFachmagazin\",\"https:\\\/\\\/www.linkedin.com\\\/showcase\\\/organisator-das-magazin-fr-kmu\",\"https:\\\/\\\/www.xing.com\\\/news\\\/pages\\\/organisator-ch-695\",\"https:\\\/\\\/www.youtube.com\\\/channel\\\/UCGP2Sq0iWaZwT3BdIAQFYpw\"]},{\"@type\":\"Person\",\"@id\":\"https:\\\/\\\/www.organisator.ch\\\/#\\\/schema\\\/person\\\/aa2bace6c5c5aad60102004a50c4eb1c\",\"name\":\"admin\",\"image\":{\"@type\":\"ImageObject\",\"inLanguage\":\"it-IT\",\"@id\":\"https:\\\/\\\/secure.gravatar.com\\\/avatar\\\/ae2f4d718e6c49043e314ce431e7e645d646302a24a5ef5a8bc8e3f5a032e319?s=96&d=mm&r=g\",\"url\":\"https:\\\/\\\/secure.gravatar.com\\\/avatar\\\/ae2f4d718e6c49043e314ce431e7e645d646302a24a5ef5a8bc8e3f5a032e319?s=96&d=mm&r=g\",\"contentUrl\":\"https:\\\/\\\/secure.gravatar.com\\\/avatar\\\/ae2f4d718e6c49043e314ce431e7e645d646302a24a5ef5a8bc8e3f5a032e319?s=96&d=mm&r=g\",\"caption\":\"admin\"},\"sameAs\":[\"https:\\\/\\\/www.organisator.ch\"],\"url\":\"https:\\\/\\\/www.organisator.ch\\\/it\\\/author\\\/admin\\\/\"}]}<\/script>\n<!-- \/ Yoast SEO plugin. -->","yoast_head_json":{"title":"Ricercato: Collezionista di metalli dell'anno - Organizzatore","description":"Il Prix-Metallrecycling premia i tre migliori raccoglitori di metallo in Svizzera e mira a promuovere un comportamento ecologico nel trattamento degli imballaggi metallici.","robots":{"index":"index","follow":"follow","max-snippet":"max-snippet:-1","max-image-preview":"max-image-preview:large","max-video-preview":"max-video-preview:-1"},"canonical":"https:\/\/www.organisator.ch\/it\/sostenibilita\/2017-03-07\/gesucht-metallsammler-des-jahres\/","og_locale":"it_IT","og_type":"article","og_title":"Gesucht: Metallsammler des Jahres - Organisator","og_description":"Der Prix-Metallrecycling k\u00fcrt die drei besten Metallsammler der Schweiz und will damit umweltgerechtes Verhalten im Umgang mit Metallverpackungen f\u00f6rdern.","og_url":"https:\/\/www.organisator.ch\/it\/sostenibilita\/2017-03-07\/gesucht-metallsammler-des-jahres\/","og_site_name":"Organisator","article_publisher":"https:\/\/www.facebook.com\/OrganisatorFachmagazin","article_published_time":"2017-03-07T08:43:25+00:00","article_modified_time":"2022-02-09T10:05:38+00:00","og_image":[{"width":2560,"height":1707,"url":"https:\/\/www.organisator.ch\/wp-content\/uploads\/2017\/03\/tueftelwerk_luzern-scaled.jpg","type":"image\/jpeg"}],"author":"admin","twitter_card":"summary_large_image","schema":{"@context":"https:\/\/schema.org","@graph":[{"@type":"Article","@id":"https:\/\/www.organisator.ch\/sustainability\/2017-03-07\/gesucht-metallsammler-des-jahres\/#article","isPartOf":{"@id":"https:\/\/www.organisator.ch\/sustainability\/2017-03-07\/gesucht-metallsammler-des-jahres\/"},"author":{"name":"admin","@id":"https:\/\/www.organisator.ch\/#\/schema\/person\/aa2bace6c5c5aad60102004a50c4eb1c"},"headline":"Gesucht: Metallsammler des Jahres","datePublished":"2017-03-07T08:43:25+00:00","dateModified":"2022-02-09T10:05:38+00:00","mainEntityOfPage":{"@id":"https:\/\/www.organisator.ch\/sustainability\/2017-03-07\/gesucht-metallsammler-des-jahres\/"},"wordCount":382,"commentCount":0,"publisher":{"@id":"https:\/\/www.organisator.ch\/#organization"},"image":{"@id":"https:\/\/www.organisator.ch\/sustainability\/2017-03-07\/gesucht-metallsammler-des-jahres\/#primaryimage"},"thumbnailUrl":"https:\/\/www.organisator.ch\/wp-content\/uploads\/2017\/03\/tueftelwerk_luzern-scaled.jpg","keywords":["Ferro Recycling","Igora","Metallrecyling","Recycling"],"articleSection":["SUSTAINABILITY"],"inLanguage":"it-IT"},{"@type":"WebPage","@id":"https:\/\/www.organisator.ch\/sustainability\/2017-03-07\/gesucht-metallsammler-des-jahres\/","url":"https:\/\/www.organisator.ch\/sustainability\/2017-03-07\/gesucht-metallsammler-des-jahres\/","name":"Ricercato: Collezionista di metalli dell'anno - Organizzatore","isPartOf":{"@id":"https:\/\/www.organisator.ch\/#website"},"primaryImageOfPage":{"@id":"https:\/\/www.organisator.ch\/sustainability\/2017-03-07\/gesucht-metallsammler-des-jahres\/#primaryimage"},"image":{"@id":"https:\/\/www.organisator.ch\/sustainability\/2017-03-07\/gesucht-metallsammler-des-jahres\/#primaryimage"},"thumbnailUrl":"https:\/\/www.organisator.ch\/wp-content\/uploads\/2017\/03\/tueftelwerk_luzern-scaled.jpg","datePublished":"2017-03-07T08:43:25+00:00","dateModified":"2022-02-09T10:05:38+00:00","description":"Il Prix-Metallrecycling premia i tre migliori raccoglitori di metallo in Svizzera e mira a promuovere un comportamento ecologico nel trattamento degli imballaggi metallici.","breadcrumb":{"@id":"https:\/\/www.organisator.ch\/sustainability\/2017-03-07\/gesucht-metallsammler-des-jahres\/#breadcrumb"},"inLanguage":"it-IT","potentialAction":[{"@type":"ReadAction","target":["https:\/\/www.organisator.ch\/sustainability\/2017-03-07\/gesucht-metallsammler-des-jahres\/"]}]},{"@type":"ImageObject","inLanguage":"it-IT","@id":"https:\/\/www.organisator.ch\/sustainability\/2017-03-07\/gesucht-metallsammler-des-jahres\/#primaryimage","url":"https:\/\/www.organisator.ch\/wp-content\/uploads\/2017\/03\/tueftelwerk_luzern-scaled.jpg","contentUrl":"https:\/\/www.organisator.ch\/wp-content\/uploads\/2017\/03\/tueftelwerk_luzern-scaled.jpg","width":2560,"height":1707,"caption":"Die Universalwerkstadt \"Tueftelwerk\" in Luzern gewann den Prix Metal Recycling 2016. In der Werkstatt lernen Kinder, aus alten Metallverpackungen kreative Handwerkskunst zu schaffen. (Bild: PHOTOPRESS\/Urs Flueeler)"},{"@type":"BreadcrumbList","@id":"https:\/\/www.organisator.ch\/sustainability\/2017-03-07\/gesucht-metallsammler-des-jahres\/#breadcrumb","itemListElement":[{"@type":"ListItem","position":1,"name":"Home","item":"https:\/\/www.organisator.ch\/"},{"@type":"ListItem","position":2,"name":"Gesucht: Metallsammler des Jahres"}]},{"@type":"WebSite","@id":"https:\/\/www.organisator.ch\/#website","url":"https:\/\/www.organisator.ch\/","name":"Organizzatore","description":"Competente. Pratico. In 10 numeri all'anno, ORGANISATOR presenta i temi essenziali per i manager delle PMI.","publisher":{"@id":"https:\/\/www.organisator.ch\/#organization"},"potentialAction":[{"@type":"SearchAction","target":{"@type":"EntryPoint","urlTemplate":"https:\/\/www.organisator.ch\/?s={search_term_string}"},"query-input":{"@type":"PropertyValueSpecification","valueRequired":true,"valueName":"search_term_string"}}],"inLanguage":"it-IT"},{"@type":"Organization","@id":"https:\/\/www.organisator.ch\/#organization","name":"Organizzatore","url":"https:\/\/www.organisator.ch\/","logo":{"@type":"ImageObject","inLanguage":"it-IT","@id":"https:\/\/www.organisator.ch\/#\/schema\/logo\/image\/","url":"https:\/\/www.organisator.ch\/wp-content\/uploads\/2022\/01\/Logo_Organisator_Website.png","contentUrl":"https:\/\/www.organisator.ch\/wp-content\/uploads\/2022\/01\/Logo_Organisator_Website.png","width":800,"height":77,"caption":"Organisator"},"image":{"@id":"https:\/\/www.organisator.ch\/#\/schema\/logo\/image\/"},"sameAs":["https:\/\/www.facebook.com\/OrganisatorFachmagazin","https:\/\/www.linkedin.com\/showcase\/organisator-das-magazin-fr-kmu","https:\/\/www.xing.com\/news\/pages\/organisator-ch-695","https:\/\/www.youtube.com\/channel\/UCGP2Sq0iWaZwT3BdIAQFYpw"]},{"@type":"Person","@id":"https:\/\/www.organisator.ch\/#\/schema\/person\/aa2bace6c5c5aad60102004a50c4eb1c","name":"amministratore","image":{"@type":"ImageObject","inLanguage":"it-IT","@id":"https:\/\/secure.gravatar.com\/avatar\/ae2f4d718e6c49043e314ce431e7e645d646302a24a5ef5a8bc8e3f5a032e319?s=96&d=mm&r=g","url":"https:\/\/secure.gravatar.com\/avatar\/ae2f4d718e6c49043e314ce431e7e645d646302a24a5ef5a8bc8e3f5a032e319?s=96&d=mm&r=g","contentUrl":"https:\/\/secure.gravatar.com\/avatar\/ae2f4d718e6c49043e314ce431e7e645d646302a24a5ef5a8bc8e3f5a032e319?s=96&d=mm&r=g","caption":"admin"},"sameAs":["https:\/\/www.organisator.ch"],"url":"https:\/\/www.organisator.ch\/it\/author\/admin\/"}]}},"_links":{"self":[{"href":"https:\/\/www.organisator.ch\/it\/wp-json\/wp\/v2\/posts\/859","targetHints":{"allow":["GET"]}}],"collection":[{"href":"https:\/\/www.organisator.ch\/it\/wp-json\/wp\/v2\/posts"}],"about":[{"href":"https:\/\/www.organisator.ch\/it\/wp-json\/wp\/v2\/types\/post"}],"author":[{"embeddable":true,"href":"https:\/\/www.organisator.ch\/it\/wp-json\/wp\/v2\/users\/1"}],"replies":[{"embeddable":true,"href":"https:\/\/www.organisator.ch\/it\/wp-json\/wp\/v2\/comments?post=859"}],"version-history":[{"count":1,"href":"https:\/\/www.organisator.ch\/it\/wp-json\/wp\/v2\/posts\/859\/revisions"}],"predecessor-version":[{"id":10431,"href":"https:\/\/www.organisator.ch\/it\/wp-json\/wp\/v2\/posts\/859\/revisions\/10431"}],"wp:featuredmedia":[{"embeddable":true,"href":"https:\/\/www.organisator.ch\/it\/wp-json\/wp\/v2\/media\/860"}],"wp:attachment":[{"href":"https:\/\/www.organisator.ch\/it\/wp-json\/wp\/v2\/media?parent=859"}],"wp:term":[{"taxonomy":"category","embeddable":true,"href":"https:\/\/www.organisator.ch\/it\/wp-json\/wp\/v2\/categories?post=859"},{"taxonomy":"post_tag","embeddable":true,"href":"https:\/\/www.organisator.ch\/it\/wp-json\/wp\/v2\/tags?post=859"}],"curies":[{"name":"wp","href":"https:\/\/api.w.org\/{rel}","templated":true}]}}