{"id":8590,"date":"2019-11-15T08:05:16","date_gmt":"2019-11-15T07:05:16","guid":{"rendered":"https:\/\/www.organisator.ch\/?p=6036"},"modified":"2019-11-15T08:05:16","modified_gmt":"2019-11-15T07:05:16","slug":"swiss-leadership-forum-die-zukunft-klopft-an","status":"publish","type":"post","link":"https:\/\/www.organisator.ch\/it\/allgemein\/2019-11-15\/swiss-leadership-forum-die-zukunft-klopft-an\/","title":{"rendered":"Swiss Leadership Forum: Il futuro sta bussando...!"},"content":{"rendered":"<figure id=\"attachment_6037\" aria-describedby=\"caption-attachment-6037\" style=\"width: 680px\" class=\"wp-caption alignnone\"><a href=\"http:\/\/www.swissleader.ch\"><img loading=\"lazy\" decoding=\"async\" class=\"size-medium wp-image-6037\" src=\"https:\/\/www.organisator.ch\/wp-content\/uploads\/2019\/11\/Swiss-Leadership-Forum-Die-Zukunft-klopft-an_Organisator.jpg\" alt=\"\" width=\"680\" height=\"454\" \/><\/a><figcaption id=\"caption-attachment-6037\" class=\"wp-caption-text\">Lo Swiss Leadership Forum del 21.11.2019 crea uno spazio per guardare al futuro. (Immagine: zVg)<\/figcaption><\/figure>\n<p>Dal 2004, lo Swiss Leadership Forum si concentra sul trasferimento di conoscenze e sull'ispirazione, sullo scambio di esperienze e sulla coltivazione di relazioni personali. L'evento premium si svolge tradizionalmente nella metropoli economica svizzera di Zurigo. Grazie a presentazioni e tavole rotonde di alta qualit\u00e0, l'evento, che \u00e8 presieduto da Stephan Isenschmid, diventa un'esperienza indispensabile per i partecipanti. Un'esperienza che promuove un successo aziendale sostenibile. La 16a edizione dello Swiss Leadership Forum del 21 novembre 2019 dar\u00e0 spazio a uno sguardo sobrio sul futuro.<\/p>\n<p>Che tipo di futuro possiamo aspettarci? \"Una buona, secondo il Prof. Dirk Helbing, professore di scienze sociali computazionali all'ETH di Zurigo, che aprir\u00e0 l'evento con il suo discorso chiave. \"A condizione che quasi tutto sul nostro pianeta cambi\". I relatori scuoteranno le cose, apriranno gli occhi e forniranno fatti preziosi e spunti di riflessione su argomenti rilevanti per il futuro come la Generazione Y, Z e Alpha, la diversit\u00e0 di et\u00e0 nelle aziende, il mondo dei ricordi basato sull'AI, il potere della leadership dal futuro cos\u00ec come gli scenari futuri concreti. Tra gli ospiti del panel ci sono la dottoressa Julia Shaw, psicologa giuridica ed esperta di IA o il futurologo pi\u00f9 importante del mondo Magnus Lindqvist.<\/p>\n<p>Il futuro \u00e8 a portata di mano. Gli impulsi e le ispirazioni stimolanti rendono possibile il ripensamento. Ma alla fine, il fare \u00e8 la misura di tutte le cose, non la conoscenza. Al cocktail di cena che segue, ci sar\u00e0 tempo per incontri di valore e buone conversazioni.<\/p>\n<p><em>Ulteriori informazioni e registrazione: <a href=\"http:\/\/www.swissleader.ch\">www.swissleader.ch<\/a><\/em><\/p>","protected":false},"excerpt":{"rendered":"<p>Seit 2004 setzt das Swiss Leadership Forum auf Wissensvermittlung und Inspiration, Erfahrungsaustausch und die Pflege von pers\u00f6nlichen Beziehungen. Die Premiumver\u00adanstaltung findet traditionell in der Schweizer Wirtschaftsmetropole Z\u00fcrich statt. Dank hochstehenden Referaten und Podiumsgespr\u00e4chen wird der Anlass, der von Stephan Isenschmid geleitet wird, f\u00fcr die Teilnehmenden zum unverzichtbaren Erlebnis. Ein Erlebnis, welches nachhaltigen Unternehmenserfolg f\u00f6rdert. Die [&hellip;]<\/p>\n","protected":false},"author":4,"featured_media":8500,"comment_status":"closed","ping_status":"closed","sticky":false,"template":"","format":"standard","meta":{"_acf_changed":false,"_yoast_wpseo_focuskw":"Swiss Leadership Forum","_yoast_wpseo_metadesc":"Am 21. November schafft das Swiss Leadership Forum, ein Event f\u00fcr Unternehmer und Executives aus KMU, Raum f\u00fcr einen ern\u00fcchternden Blick in die Zukunft.","articlekey":"","footnotes":""},"categories":[1],"tags":[335,469,502,508],"class_list":["post-8590","post","type-post","status-publish","format-standard","has-post-thumbnail","hentry","category-allgemein","tag-management-und-unternehmensfuehrung","tag-tagungen-events","tag-veranstaltungen","tag-vermischtes"],"acf":[],"yoast_head":"<!-- This site is optimized with the Yoast SEO plugin v27.4 - https:\/\/yoast.com\/product\/yoast-seo-wordpress\/ -->\n<title>Swiss Leadership Forum: Die Zukunft klopft an\u2026! - Organisator<\/title>\n<meta name=\"description\" content=\"Am 21. November schafft das Swiss Leadership Forum, ein Event f\u00fcr Unternehmer und Executives aus KMU, Raum f\u00fcr einen ern\u00fcchternden Blick in die Zukunft.\" \/>\n<meta name=\"robots\" content=\"index, follow, max-snippet:-1, max-image-preview:large, max-video-preview:-1\" \/>\n<link rel=\"canonical\" href=\"https:\/\/www.organisator.ch\/it\/generale\/2019-11-15\/swiss-leadership-forum-die-zukunft-klopft-an\/\" \/>\n<meta property=\"og:locale\" content=\"it_IT\" \/>\n<meta property=\"og:type\" content=\"article\" \/>\n<meta property=\"og:title\" content=\"Swiss Leadership Forum: Die Zukunft klopft an\u2026!\" \/>\n<meta property=\"og:description\" content=\"Am 21. November schafft das Swiss Leadership Forum, ein Event f\u00fcr Unternehmer und Executives aus KMU, Raum f\u00fcr einen ern\u00fcchternden Blick in die Zukunft.\" \/>\n<meta property=\"og:url\" content=\"https:\/\/www.organisator.ch\/it\/generale\/2019-11-15\/swiss-leadership-forum-die-zukunft-klopft-an\/\" \/>\n<meta property=\"og:site_name\" content=\"Organisator\" \/>\n<meta property=\"article:publisher\" content=\"https:\/\/www.facebook.com\/OrganisatorFachmagazin\" \/>\n<meta property=\"article:published_time\" content=\"2019-11-15T07:05:16+00:00\" \/>\n<meta name=\"author\" content=\"thomas.berner\" \/>\n<meta name=\"twitter:card\" content=\"summary_large_image\" \/>\n<meta name=\"twitter:title\" content=\"Swiss Leadership Forum #SLF2019: Die Zukunft klopft an\u2026!\" \/>\n<meta name=\"twitter:description\" content=\"Am 21. November schafft das Swiss Leadership Forum #SLF2019, ein Event f\u00fcr Unternehmer und Executives aus KMU, Raum f\u00fcr einen ern\u00fcchternden Blick in die Zukunft.\" \/>\n<script type=\"application\/ld+json\" class=\"yoast-schema-graph\">{\"@context\":\"https:\\\/\\\/schema.org\",\"@graph\":[{\"@type\":\"Article\",\"@id\":\"https:\\\/\\\/www.organisator.ch\\\/en\\\/general\\\/2019-11-15\\\/swiss-leadership-forum-die-zukunft-klopft-an\\\/#article\",\"isPartOf\":{\"@id\":\"https:\\\/\\\/www.organisator.ch\\\/en\\\/general\\\/2019-11-15\\\/swiss-leadership-forum-die-zukunft-klopft-an\\\/\"},\"author\":{\"name\":\"thomas.berner\",\"@id\":\"https:\\\/\\\/www.organisator.ch\\\/#\\\/schema\\\/person\\\/6f650f90b2842cd4c0cc334b4e36f67e\"},\"headline\":\"Swiss Leadership Forum: Die Zukunft klopft an\u2026!\",\"datePublished\":\"2019-11-15T07:05:16+00:00\",\"mainEntityOfPage\":{\"@id\":\"https:\\\/\\\/www.organisator.ch\\\/en\\\/general\\\/2019-11-15\\\/swiss-leadership-forum-die-zukunft-klopft-an\\\/\"},\"wordCount\":264,\"publisher\":{\"@id\":\"https:\\\/\\\/www.organisator.ch\\\/#organization\"},\"image\":{\"@id\":\"https:\\\/\\\/www.organisator.ch\\\/en\\\/general\\\/2019-11-15\\\/swiss-leadership-forum-die-zukunft-klopft-an\\\/#primaryimage\"},\"thumbnailUrl\":\"https:\\\/\\\/www.organisator.ch\\\/wp-content\\\/uploads\\\/2019\\\/11\\\/Swiss-Leadership-Forum-Die-Zukunft-klopft-an_Organisator.jpg\",\"keywords\":[\"Management und Unternehmensf\u00fchrung\",\"Tagungen &amp; Events\",\"Veranstaltungen\",\"Vermischtes\"],\"articleSection\":[\"Allgemein\"],\"inLanguage\":\"it-IT\"},{\"@type\":\"WebPage\",\"@id\":\"https:\\\/\\\/www.organisator.ch\\\/en\\\/general\\\/2019-11-15\\\/swiss-leadership-forum-die-zukunft-klopft-an\\\/\",\"url\":\"https:\\\/\\\/www.organisator.ch\\\/en\\\/general\\\/2019-11-15\\\/swiss-leadership-forum-die-zukunft-klopft-an\\\/\",\"name\":\"Swiss Leadership Forum: Die Zukunft klopft an\u2026! - Organisator\",\"isPartOf\":{\"@id\":\"https:\\\/\\\/www.organisator.ch\\\/#website\"},\"primaryImageOfPage\":{\"@id\":\"https:\\\/\\\/www.organisator.ch\\\/en\\\/general\\\/2019-11-15\\\/swiss-leadership-forum-die-zukunft-klopft-an\\\/#primaryimage\"},\"image\":{\"@id\":\"https:\\\/\\\/www.organisator.ch\\\/en\\\/general\\\/2019-11-15\\\/swiss-leadership-forum-die-zukunft-klopft-an\\\/#primaryimage\"},\"thumbnailUrl\":\"https:\\\/\\\/www.organisator.ch\\\/wp-content\\\/uploads\\\/2019\\\/11\\\/Swiss-Leadership-Forum-Die-Zukunft-klopft-an_Organisator.jpg\",\"datePublished\":\"2019-11-15T07:05:16+00:00\",\"description\":\"Am 21. November schafft das Swiss Leadership Forum, ein Event f\u00fcr Unternehmer und Executives aus KMU, Raum f\u00fcr einen ern\u00fcchternden Blick in die Zukunft.\",\"breadcrumb\":{\"@id\":\"https:\\\/\\\/www.organisator.ch\\\/en\\\/general\\\/2019-11-15\\\/swiss-leadership-forum-die-zukunft-klopft-an\\\/#breadcrumb\"},\"inLanguage\":\"it-IT\",\"potentialAction\":[{\"@type\":\"ReadAction\",\"target\":[\"https:\\\/\\\/www.organisator.ch\\\/en\\\/general\\\/2019-11-15\\\/swiss-leadership-forum-die-zukunft-klopft-an\\\/\"]}]},{\"@type\":\"ImageObject\",\"inLanguage\":\"it-IT\",\"@id\":\"https:\\\/\\\/www.organisator.ch\\\/en\\\/general\\\/2019-11-15\\\/swiss-leadership-forum-die-zukunft-klopft-an\\\/#primaryimage\",\"url\":\"https:\\\/\\\/www.organisator.ch\\\/wp-content\\\/uploads\\\/2019\\\/11\\\/Swiss-Leadership-Forum-Die-Zukunft-klopft-an_Organisator.jpg\",\"contentUrl\":\"https:\\\/\\\/www.organisator.ch\\\/wp-content\\\/uploads\\\/2019\\\/11\\\/Swiss-Leadership-Forum-Die-Zukunft-klopft-an_Organisator.jpg\",\"width\":680,\"height\":454,\"caption\":\"Das Swiss Leadership Forum vom 21.11.2019 schafft Raum f\u00fcr den Blick in die Zukunft. (Bild: zVg)\"},{\"@type\":\"BreadcrumbList\",\"@id\":\"https:\\\/\\\/www.organisator.ch\\\/en\\\/general\\\/2019-11-15\\\/swiss-leadership-forum-die-zukunft-klopft-an\\\/#breadcrumb\",\"itemListElement\":[{\"@type\":\"ListItem\",\"position\":1,\"name\":\"Home\",\"item\":\"https:\\\/\\\/www.organisator.ch\\\/\"},{\"@type\":\"ListItem\",\"position\":2,\"name\":\"Swiss Leadership Forum: Die Zukunft klopft an\u2026!\"}]},{\"@type\":\"WebSite\",\"@id\":\"https:\\\/\\\/www.organisator.ch\\\/#website\",\"url\":\"https:\\\/\\\/www.organisator.ch\\\/\",\"name\":\"Organisator\",\"description\":\"Kompetent. Praxisnah. Der ORGANISATOR bereitet in 10 Ausgaben pro Jahr die wesentlichen Themen f\u00fcr F\u00fchrungskr\u00e4fte von KMU auf.\",\"publisher\":{\"@id\":\"https:\\\/\\\/www.organisator.ch\\\/#organization\"},\"potentialAction\":[{\"@type\":\"SearchAction\",\"target\":{\"@type\":\"EntryPoint\",\"urlTemplate\":\"https:\\\/\\\/www.organisator.ch\\\/?s={search_term_string}\"},\"query-input\":{\"@type\":\"PropertyValueSpecification\",\"valueRequired\":true,\"valueName\":\"search_term_string\"}}],\"inLanguage\":\"it-IT\"},{\"@type\":\"Organization\",\"@id\":\"https:\\\/\\\/www.organisator.ch\\\/#organization\",\"name\":\"Organisator\",\"url\":\"https:\\\/\\\/www.organisator.ch\\\/\",\"logo\":{\"@type\":\"ImageObject\",\"inLanguage\":\"it-IT\",\"@id\":\"https:\\\/\\\/www.organisator.ch\\\/#\\\/schema\\\/logo\\\/image\\\/\",\"url\":\"https:\\\/\\\/www.organisator.ch\\\/wp-content\\\/uploads\\\/2022\\\/01\\\/Logo_Organisator_Website.png\",\"contentUrl\":\"https:\\\/\\\/www.organisator.ch\\\/wp-content\\\/uploads\\\/2022\\\/01\\\/Logo_Organisator_Website.png\",\"width\":800,\"height\":77,\"caption\":\"Organisator\"},\"image\":{\"@id\":\"https:\\\/\\\/www.organisator.ch\\\/#\\\/schema\\\/logo\\\/image\\\/\"},\"sameAs\":[\"https:\\\/\\\/www.facebook.com\\\/OrganisatorFachmagazin\",\"https:\\\/\\\/www.linkedin.com\\\/showcase\\\/organisator-das-magazin-fr-kmu\",\"https:\\\/\\\/www.xing.com\\\/news\\\/pages\\\/organisator-ch-695\",\"https:\\\/\\\/www.youtube.com\\\/channel\\\/UCGP2Sq0iWaZwT3BdIAQFYpw\"]},{\"@type\":\"Person\",\"@id\":\"https:\\\/\\\/www.organisator.ch\\\/#\\\/schema\\\/person\\\/6f650f90b2842cd4c0cc334b4e36f67e\",\"name\":\"thomas.berner\",\"image\":{\"@type\":\"ImageObject\",\"inLanguage\":\"it-IT\",\"@id\":\"https:\\\/\\\/secure.gravatar.com\\\/avatar\\\/ac5001d2a36cb6c6cd3e50789007ffca834b477b74a2144564522e944eabff61?s=96&d=mm&r=g\",\"url\":\"https:\\\/\\\/secure.gravatar.com\\\/avatar\\\/ac5001d2a36cb6c6cd3e50789007ffca834b477b74a2144564522e944eabff61?s=96&d=mm&r=g\",\"contentUrl\":\"https:\\\/\\\/secure.gravatar.com\\\/avatar\\\/ac5001d2a36cb6c6cd3e50789007ffca834b477b74a2144564522e944eabff61?s=96&d=mm&r=g\",\"caption\":\"thomas.berner\"},\"url\":\"https:\\\/\\\/www.organisator.ch\\\/it\\\/author\\\/thomas-berner\\\/\"}]}<\/script>\n<!-- \/ Yoast SEO plugin. -->","yoast_head_json":{"title":"Forum svizzero sulla leadership: Il futuro bussa...! - Organizzatore","description":"Il 21 novembre, lo Swiss Leadership Forum, un evento per imprenditori e dirigenti di PMI, crea uno spazio per uno sguardo sobrio sul futuro.","robots":{"index":"index","follow":"follow","max-snippet":"max-snippet:-1","max-image-preview":"max-image-preview:large","max-video-preview":"max-video-preview:-1"},"canonical":"https:\/\/www.organisator.ch\/it\/generale\/2019-11-15\/swiss-leadership-forum-die-zukunft-klopft-an\/","og_locale":"it_IT","og_type":"article","og_title":"Swiss Leadership Forum: Die Zukunft klopft an\u2026!","og_description":"Am 21. November schafft das Swiss Leadership Forum, ein Event f\u00fcr Unternehmer und Executives aus KMU, Raum f\u00fcr einen ern\u00fcchternden Blick in die Zukunft.","og_url":"https:\/\/www.organisator.ch\/it\/generale\/2019-11-15\/swiss-leadership-forum-die-zukunft-klopft-an\/","og_site_name":"Organisator","article_publisher":"https:\/\/www.facebook.com\/OrganisatorFachmagazin","article_published_time":"2019-11-15T07:05:16+00:00","author":"thomas.berner","twitter_card":"summary_large_image","twitter_title":"Swiss Leadership Forum #SLF2019: Die Zukunft klopft an\u2026!","twitter_description":"Am 21. November schafft das Swiss Leadership Forum #SLF2019, ein Event f\u00fcr Unternehmer und Executives aus KMU, Raum f\u00fcr einen ern\u00fcchternden Blick in die Zukunft.","schema":{"@context":"https:\/\/schema.org","@graph":[{"@type":"Article","@id":"https:\/\/www.organisator.ch\/en\/general\/2019-11-15\/swiss-leadership-forum-die-zukunft-klopft-an\/#article","isPartOf":{"@id":"https:\/\/www.organisator.ch\/en\/general\/2019-11-15\/swiss-leadership-forum-die-zukunft-klopft-an\/"},"author":{"name":"thomas.berner","@id":"https:\/\/www.organisator.ch\/#\/schema\/person\/6f650f90b2842cd4c0cc334b4e36f67e"},"headline":"Swiss Leadership Forum: Die Zukunft klopft an\u2026!","datePublished":"2019-11-15T07:05:16+00:00","mainEntityOfPage":{"@id":"https:\/\/www.organisator.ch\/en\/general\/2019-11-15\/swiss-leadership-forum-die-zukunft-klopft-an\/"},"wordCount":264,"publisher":{"@id":"https:\/\/www.organisator.ch\/#organization"},"image":{"@id":"https:\/\/www.organisator.ch\/en\/general\/2019-11-15\/swiss-leadership-forum-die-zukunft-klopft-an\/#primaryimage"},"thumbnailUrl":"https:\/\/www.organisator.ch\/wp-content\/uploads\/2019\/11\/Swiss-Leadership-Forum-Die-Zukunft-klopft-an_Organisator.jpg","keywords":["Management und Unternehmensf\u00fchrung","Tagungen &amp; Events","Veranstaltungen","Vermischtes"],"articleSection":["Allgemein"],"inLanguage":"it-IT"},{"@type":"WebPage","@id":"https:\/\/www.organisator.ch\/en\/general\/2019-11-15\/swiss-leadership-forum-die-zukunft-klopft-an\/","url":"https:\/\/www.organisator.ch\/en\/general\/2019-11-15\/swiss-leadership-forum-die-zukunft-klopft-an\/","name":"Forum svizzero sulla leadership: Il futuro bussa...! - Organizzatore","isPartOf":{"@id":"https:\/\/www.organisator.ch\/#website"},"primaryImageOfPage":{"@id":"https:\/\/www.organisator.ch\/en\/general\/2019-11-15\/swiss-leadership-forum-die-zukunft-klopft-an\/#primaryimage"},"image":{"@id":"https:\/\/www.organisator.ch\/en\/general\/2019-11-15\/swiss-leadership-forum-die-zukunft-klopft-an\/#primaryimage"},"thumbnailUrl":"https:\/\/www.organisator.ch\/wp-content\/uploads\/2019\/11\/Swiss-Leadership-Forum-Die-Zukunft-klopft-an_Organisator.jpg","datePublished":"2019-11-15T07:05:16+00:00","description":"Il 21 novembre, lo Swiss Leadership Forum, un evento per imprenditori e dirigenti di PMI, crea uno spazio per uno sguardo sobrio sul futuro.","breadcrumb":{"@id":"https:\/\/www.organisator.ch\/en\/general\/2019-11-15\/swiss-leadership-forum-die-zukunft-klopft-an\/#breadcrumb"},"inLanguage":"it-IT","potentialAction":[{"@type":"ReadAction","target":["https:\/\/www.organisator.ch\/en\/general\/2019-11-15\/swiss-leadership-forum-die-zukunft-klopft-an\/"]}]},{"@type":"ImageObject","inLanguage":"it-IT","@id":"https:\/\/www.organisator.ch\/en\/general\/2019-11-15\/swiss-leadership-forum-die-zukunft-klopft-an\/#primaryimage","url":"https:\/\/www.organisator.ch\/wp-content\/uploads\/2019\/11\/Swiss-Leadership-Forum-Die-Zukunft-klopft-an_Organisator.jpg","contentUrl":"https:\/\/www.organisator.ch\/wp-content\/uploads\/2019\/11\/Swiss-Leadership-Forum-Die-Zukunft-klopft-an_Organisator.jpg","width":680,"height":454,"caption":"Das Swiss Leadership Forum vom 21.11.2019 schafft Raum f\u00fcr den Blick in die Zukunft. (Bild: zVg)"},{"@type":"BreadcrumbList","@id":"https:\/\/www.organisator.ch\/en\/general\/2019-11-15\/swiss-leadership-forum-die-zukunft-klopft-an\/#breadcrumb","itemListElement":[{"@type":"ListItem","position":1,"name":"Home","item":"https:\/\/www.organisator.ch\/"},{"@type":"ListItem","position":2,"name":"Swiss Leadership Forum: Die Zukunft klopft an\u2026!"}]},{"@type":"WebSite","@id":"https:\/\/www.organisator.ch\/#website","url":"https:\/\/www.organisator.ch\/","name":"Organizzatore","description":"Competente. Pratico. In 10 numeri all'anno, ORGANISATOR presenta i temi essenziali per i manager delle PMI.","publisher":{"@id":"https:\/\/www.organisator.ch\/#organization"},"potentialAction":[{"@type":"SearchAction","target":{"@type":"EntryPoint","urlTemplate":"https:\/\/www.organisator.ch\/?s={search_term_string}"},"query-input":{"@type":"PropertyValueSpecification","valueRequired":true,"valueName":"search_term_string"}}],"inLanguage":"it-IT"},{"@type":"Organization","@id":"https:\/\/www.organisator.ch\/#organization","name":"Organizzatore","url":"https:\/\/www.organisator.ch\/","logo":{"@type":"ImageObject","inLanguage":"it-IT","@id":"https:\/\/www.organisator.ch\/#\/schema\/logo\/image\/","url":"https:\/\/www.organisator.ch\/wp-content\/uploads\/2022\/01\/Logo_Organisator_Website.png","contentUrl":"https:\/\/www.organisator.ch\/wp-content\/uploads\/2022\/01\/Logo_Organisator_Website.png","width":800,"height":77,"caption":"Organisator"},"image":{"@id":"https:\/\/www.organisator.ch\/#\/schema\/logo\/image\/"},"sameAs":["https:\/\/www.facebook.com\/OrganisatorFachmagazin","https:\/\/www.linkedin.com\/showcase\/organisator-das-magazin-fr-kmu","https:\/\/www.xing.com\/news\/pages\/organisator-ch-695","https:\/\/www.youtube.com\/channel\/UCGP2Sq0iWaZwT3BdIAQFYpw"]},{"@type":"Person","@id":"https:\/\/www.organisator.ch\/#\/schema\/person\/6f650f90b2842cd4c0cc334b4e36f67e","name":"Tommaso.berner","image":{"@type":"ImageObject","inLanguage":"it-IT","@id":"https:\/\/secure.gravatar.com\/avatar\/ac5001d2a36cb6c6cd3e50789007ffca834b477b74a2144564522e944eabff61?s=96&d=mm&r=g","url":"https:\/\/secure.gravatar.com\/avatar\/ac5001d2a36cb6c6cd3e50789007ffca834b477b74a2144564522e944eabff61?s=96&d=mm&r=g","contentUrl":"https:\/\/secure.gravatar.com\/avatar\/ac5001d2a36cb6c6cd3e50789007ffca834b477b74a2144564522e944eabff61?s=96&d=mm&r=g","caption":"thomas.berner"},"url":"https:\/\/www.organisator.ch\/it\/author\/thomas-berner\/"}]}},"_links":{"self":[{"href":"https:\/\/www.organisator.ch\/it\/wp-json\/wp\/v2\/posts\/8590","targetHints":{"allow":["GET"]}}],"collection":[{"href":"https:\/\/www.organisator.ch\/it\/wp-json\/wp\/v2\/posts"}],"about":[{"href":"https:\/\/www.organisator.ch\/it\/wp-json\/wp\/v2\/types\/post"}],"author":[{"embeddable":true,"href":"https:\/\/www.organisator.ch\/it\/wp-json\/wp\/v2\/users\/4"}],"replies":[{"embeddable":true,"href":"https:\/\/www.organisator.ch\/it\/wp-json\/wp\/v2\/comments?post=8590"}],"version-history":[{"count":0,"href":"https:\/\/www.organisator.ch\/it\/wp-json\/wp\/v2\/posts\/8590\/revisions"}],"wp:featuredmedia":[{"embeddable":true,"href":"https:\/\/www.organisator.ch\/it\/wp-json\/wp\/v2\/media\/8500"}],"wp:attachment":[{"href":"https:\/\/www.organisator.ch\/it\/wp-json\/wp\/v2\/media?parent=8590"}],"wp:term":[{"taxonomy":"category","embeddable":true,"href":"https:\/\/www.organisator.ch\/it\/wp-json\/wp\/v2\/categories?post=8590"},{"taxonomy":"post_tag","embeddable":true,"href":"https:\/\/www.organisator.ch\/it\/wp-json\/wp\/v2\/tags?post=8590"}],"curies":[{"name":"wp","href":"https:\/\/api.w.org\/{rel}","templated":true}]}}