{"id":8594,"date":"2019-11-19T17:34:34","date_gmt":"2019-11-19T16:34:34","guid":{"rendered":"https:\/\/www.organisator.ch\/?p=6052"},"modified":"2019-11-19T17:34:34","modified_gmt":"2019-11-19T16:34:34","slug":"agilitaet-steigert-die-unternehmensleistung","status":"publish","type":"post","link":"https:\/\/www.organisator.ch\/it\/management\/2019-11-19\/agilitaet-steigert-die-unternehmensleistung\/","title":{"rendered":"L'agilit\u00e0 aumenta le prestazioni aziendali"},"content":{"rendered":"<p>Il Future Organisation Report 2019 dell'Istituto di sistemi informativi dell'Universit\u00e0 di San Gallo e della societ\u00e0 di consulenza gestionale e tecnologica Campana &amp; Schott fa luce su come le aziende possano diventare pi\u00f9 rapidamente agili con strutture flessibili e attori autonomi. C'\u00e8 una chiara correlazione tra l'agilit\u00e0 e la performance aziendale, come mostra la seguente infografica:<\/p>\n<figure id=\"attachment_6053\" aria-describedby=\"caption-attachment-6053\" style=\"width: 680px\" class=\"wp-caption alignnone\"><img loading=\"lazy\" decoding=\"async\" class=\"size-medium wp-image-6053\" src=\"https:\/\/www.organisator.ch\/wp-content\/uploads\/2019\/11\/Agilitaet-steigert-die-Unternehmensleistung_Organisator.jpg\" alt=\"\" width=\"680\" height=\"382\" \/><figcaption id=\"caption-attachment-6053\" class=\"wp-caption-text\">Il grafico mostra come l'agilit\u00e0 e le prestazioni aziendali sono collegate. (Grafica: Campana &amp; Schott)<\/figcaption><\/figure>\n<p>\"Ci sono chiari fattori di successo per la trasformazione agile: una consapevolezza del cambiamento a livello aziendale, un comportamento di responsabilizzazione da parte dei manager e un impegno organizzativo da parte dei dipendenti\", spiega Anna Adler, direttore dello sviluppo aziendale di Campana &amp; Schott.<\/p>\n<h2>Fattore di successo: consapevolezza a livello aziendale<\/h2>\n<p>Mentre molte aziende nei paesi di lingua tedesca stanno gi\u00e0 lavorando con metodi agili come Scrum e Kanban (fare agile), l'agilit\u00e0 non \u00e8 ancora ancorata nella mente dei dipendenti (essere agile). Manca la consapevolezza di tutta l'azienda. Secondo lo studio, le strutture e gli approcci agili sono introdotti principalmente nei singoli dipartimenti. Manca una tabella di marcia a lungo termine o esiste solo in forma rudimentale. Le grandi aspettative di agilit\u00e0 possono quindi spesso non essere realizzate.<\/p>\n<p>Secondo i top decision maker, una presentazione aperta di chi sta lavorando su cosa e perch\u00e9 aumenta la motivazione del personale e permette una migliore prioritizzazione dei compiti. Questo aumenta la velocit\u00e0 e l'efficienza del processo decisionale e dell'implementazione. Tuttavia, bisogna tener conto che alcuni degli intervistati vedono il pericolo di un controllo indesiderato nella maggiore trasparenza.<\/p>\n<h2>Fattore di successo: comportamento responsabilizzante dei manager<\/h2>\n<p>Lo studio ha scoperto che i manager hanno una funzione speciale di modello di ruolo nella trasformazione agile. In effetti, i manager di molte aziende agili stanno gi\u00e0 cedendo responsabilit\u00e0 e creando libert\u00e0. Si concentrano sulla collaborazione olistica, la comunicazione e il processo decisionale a livello degli occhi, indipendentemente dalla posizione nell'azienda.<\/p>\n<p>Un terzo degli intervistati (33,5 per cento) dice che il loro manager li autorizza a gestire le loro attivit\u00e0 agili. Tra i partecipanti, quasi due terzi sono motivati ad essere proattivi (65,7 per cento), sono responsabilizzati (64,6 per cento) e hanno una visione positiva del futuro (60,9 per cento) e sono in grado di modellare il loro lavoro in modo autodeterminato (60,2 per cento).<\/p>\n<h2>Fattore di successo: impegno organizzativo dei dipendenti<\/h2>\n<p>\u00c8 chiaro ai dipendenti che sono necessarie nuove competenze per modi di lavoro agili. Cos\u00ec, l'81,2% degli intervistati si sente attrezzato per i suoi compiti attuali. Allo stesso tempo, per\u00f2, il 75,4% considera essenziale l'ulteriore sviluppo di nuove competenze. Anche il lavoro di squadra \u00e8 importante per l'agilit\u00e0. Un terzo degli intervistati \u00e8 convinto che avr\u00e0 pi\u00f9 successo come risultato (30,5%). Sottolineano in particolare la necessaria coordinazione (48,5%) e la discussione nel gruppo (30,4%). Inoltre, amano contare sull'aiuto degli altri (32,8%).<\/p>\n<p><em>Fonte e ulteriori informazioni: <a href=\"https:\/\/www.campana-schott.com\/de\/de\/unternehmen\/media-events\/studien\/future-organization-report\">www.campana-schott.com\/for2019<\/a><\/em><\/p>","protected":false},"excerpt":{"rendered":"<p>Der Future Organization Report 2019 des Instituts f\u00fcr Wirtschaftsinformatik der Universit\u00e4t St. Gallen und der Management- und Technologieberatung Campana &amp; Schott beleuchtet, wie Unternehmen mit flexiblen Strukturen und eigenverantwortlichen Akteuren schneller agil werden. Dabei zeigt sich ein klarer Zusammenhang zwischen Agilit\u00e4t und Unternehmensleistung, wie folgende Infografik darstellt: \u201eF\u00fcr die agile Transformation gibt es klare Erfolgsfaktoren: [&hellip;]<\/p>\n","protected":false},"author":4,"featured_media":8506,"comment_status":"closed","ping_status":"closed","sticky":false,"template":"","format":"standard","meta":{"_acf_changed":false,"_yoast_wpseo_focuskw":"Unternehmensleistung","_yoast_wpseo_metadesc":"Es besteht ein klarer Zusammenhang zwischen Unternehmensagilit\u00e4t und Unternehmensleistung. Dies zeigt der Future Organization Report.","articlekey":"","footnotes":""},"categories":[28],"tags":[33,218,335,459],"class_list":["post-8594","post","type-post","status-publish","format-standard","has-post-thumbnail","hentry","category-management","tag-agilitaet","tag-forschung","tag-management-und-unternehmensfuehrung","tag-studie"],"acf":[],"yoast_head":"<!-- This site is optimized with the Yoast SEO plugin v27.4 - https:\/\/yoast.com\/product\/yoast-seo-wordpress\/ -->\n<title>Agilit\u00e4t steigert die Unternehmensleistung - Organisator<\/title>\n<meta name=\"description\" content=\"Es besteht ein klarer Zusammenhang zwischen Unternehmensagilit\u00e4t und Unternehmensleistung. Dies zeigt der Future Organization Report.\" \/>\n<meta name=\"robots\" content=\"index, follow, max-snippet:-1, max-image-preview:large, max-video-preview:-1\" \/>\n<link rel=\"canonical\" href=\"https:\/\/www.organisator.ch\/it\/gestione-2\/2019-11-19\/agilitaet-steigert-die-unternehmensleistung\/\" \/>\n<meta property=\"og:locale\" content=\"it_IT\" \/>\n<meta property=\"og:type\" content=\"article\" \/>\n<meta property=\"og:title\" content=\"Agilit\u00e4t steigert die Unternehmensleistung\" \/>\n<meta property=\"og:description\" content=\"Es besteht ein klarer Zusammenhang zwischen Unternehmensagilit\u00e4t und Unternehmensleistung. Dies zeigt der Future Organization Report.\" \/>\n<meta property=\"og:url\" content=\"https:\/\/www.organisator.ch\/it\/gestione-2\/2019-11-19\/agilitaet-steigert-die-unternehmensleistung\/\" \/>\n<meta property=\"og:site_name\" content=\"Organisator\" \/>\n<meta property=\"article:publisher\" content=\"https:\/\/www.facebook.com\/OrganisatorFachmagazin\" \/>\n<meta property=\"article:published_time\" content=\"2019-11-19T16:34:34+00:00\" \/>\n<meta property=\"og:image\" content=\"https:\/\/www.organisator.ch\/wp-content\/uploads\/2021\/07\/organisator_IT_Busines_Software_2016_1.png\" \/>\n\t<meta property=\"og:image:width\" content=\"654\" \/>\n\t<meta property=\"og:image:height\" content=\"370\" \/>\n\t<meta property=\"og:image:type\" content=\"image\/png\" \/>\n<meta name=\"author\" content=\"thomas.berner\" \/>\n<meta name=\"twitter:card\" content=\"summary_large_image\" \/>\n<meta name=\"twitter:title\" content=\"Agilit\u00e4t steigert die #Unternehmensleistung\" \/>\n<meta name=\"twitter:description\" content=\"Es besteht ein klarer Zusammenhang zwischen #Unternehmensagilit\u00e4t und #Unternehmensleistung. Dies zeigt der Future Organization Report.\" \/>\n<meta name=\"twitter:image\" content=\"https:\/\/www.organisator.ch\/wp-content\/uploads\/2021\/07\/organisator_IT_Busines_Software_2016_1.png\" \/>\n<script type=\"application\/ld+json\" class=\"yoast-schema-graph\">{\"@context\":\"https:\\\/\\\/schema.org\",\"@graph\":[{\"@type\":\"Article\",\"@id\":\"https:\\\/\\\/www.organisator.ch\\\/management\\\/2019-11-19\\\/agilitaet-steigert-die-unternehmensleistung\\\/#article\",\"isPartOf\":{\"@id\":\"https:\\\/\\\/www.organisator.ch\\\/management\\\/2019-11-19\\\/agilitaet-steigert-die-unternehmensleistung\\\/\"},\"author\":{\"name\":\"thomas.berner\",\"@id\":\"https:\\\/\\\/www.organisator.ch\\\/#\\\/schema\\\/person\\\/6f650f90b2842cd4c0cc334b4e36f67e\"},\"headline\":\"Agilit\u00e4t steigert die Unternehmensleistung\",\"datePublished\":\"2019-11-19T16:34:34+00:00\",\"mainEntityOfPage\":{\"@id\":\"https:\\\/\\\/www.organisator.ch\\\/management\\\/2019-11-19\\\/agilitaet-steigert-die-unternehmensleistung\\\/\"},\"wordCount\":462,\"publisher\":{\"@id\":\"https:\\\/\\\/www.organisator.ch\\\/#organization\"},\"image\":{\"@id\":\"https:\\\/\\\/www.organisator.ch\\\/management\\\/2019-11-19\\\/agilitaet-steigert-die-unternehmensleistung\\\/#primaryimage\"},\"thumbnailUrl\":\"https:\\\/\\\/www.organisator.ch\\\/wp-content\\\/uploads\\\/2019\\\/11\\\/Agilitaet-steigert-die-Unternehmensleistung_Organisator.jpg\",\"keywords\":[\"Agilit\u00e4t\",\"Forschung\",\"Management und Unternehmensf\u00fchrung\",\"Studie\"],\"articleSection\":[\"MANAGEMENT\"],\"inLanguage\":\"it-IT\"},{\"@type\":\"WebPage\",\"@id\":\"https:\\\/\\\/www.organisator.ch\\\/management\\\/2019-11-19\\\/agilitaet-steigert-die-unternehmensleistung\\\/\",\"url\":\"https:\\\/\\\/www.organisator.ch\\\/management\\\/2019-11-19\\\/agilitaet-steigert-die-unternehmensleistung\\\/\",\"name\":\"Agilit\u00e4t steigert die Unternehmensleistung - Organisator\",\"isPartOf\":{\"@id\":\"https:\\\/\\\/www.organisator.ch\\\/#website\"},\"primaryImageOfPage\":{\"@id\":\"https:\\\/\\\/www.organisator.ch\\\/management\\\/2019-11-19\\\/agilitaet-steigert-die-unternehmensleistung\\\/#primaryimage\"},\"image\":{\"@id\":\"https:\\\/\\\/www.organisator.ch\\\/management\\\/2019-11-19\\\/agilitaet-steigert-die-unternehmensleistung\\\/#primaryimage\"},\"thumbnailUrl\":\"https:\\\/\\\/www.organisator.ch\\\/wp-content\\\/uploads\\\/2019\\\/11\\\/Agilitaet-steigert-die-Unternehmensleistung_Organisator.jpg\",\"datePublished\":\"2019-11-19T16:34:34+00:00\",\"description\":\"Es besteht ein klarer Zusammenhang zwischen Unternehmensagilit\u00e4t und Unternehmensleistung. Dies zeigt der Future Organization Report.\",\"breadcrumb\":{\"@id\":\"https:\\\/\\\/www.organisator.ch\\\/management\\\/2019-11-19\\\/agilitaet-steigert-die-unternehmensleistung\\\/#breadcrumb\"},\"inLanguage\":\"it-IT\",\"potentialAction\":[{\"@type\":\"ReadAction\",\"target\":[\"https:\\\/\\\/www.organisator.ch\\\/management\\\/2019-11-19\\\/agilitaet-steigert-die-unternehmensleistung\\\/\"]}]},{\"@type\":\"ImageObject\",\"inLanguage\":\"it-IT\",\"@id\":\"https:\\\/\\\/www.organisator.ch\\\/management\\\/2019-11-19\\\/agilitaet-steigert-die-unternehmensleistung\\\/#primaryimage\",\"url\":\"https:\\\/\\\/www.organisator.ch\\\/wp-content\\\/uploads\\\/2019\\\/11\\\/Agilitaet-steigert-die-Unternehmensleistung_Organisator.jpg\",\"contentUrl\":\"https:\\\/\\\/www.organisator.ch\\\/wp-content\\\/uploads\\\/2019\\\/11\\\/Agilitaet-steigert-die-Unternehmensleistung_Organisator.jpg\",\"width\":680,\"height\":382,\"caption\":\"Die Grafik zeigt, wie Agilit\u00e4t und Unternehmensleistung zusammenh\u00e4ngen. (Grafik: Campana & Schott)\"},{\"@type\":\"BreadcrumbList\",\"@id\":\"https:\\\/\\\/www.organisator.ch\\\/management\\\/2019-11-19\\\/agilitaet-steigert-die-unternehmensleistung\\\/#breadcrumb\",\"itemListElement\":[{\"@type\":\"ListItem\",\"position\":1,\"name\":\"Home\",\"item\":\"https:\\\/\\\/www.organisator.ch\\\/\"},{\"@type\":\"ListItem\",\"position\":2,\"name\":\"Agilit\u00e4t steigert die Unternehmensleistung\"}]},{\"@type\":\"WebSite\",\"@id\":\"https:\\\/\\\/www.organisator.ch\\\/#website\",\"url\":\"https:\\\/\\\/www.organisator.ch\\\/\",\"name\":\"Organisator\",\"description\":\"Kompetent. Praxisnah. Der ORGANISATOR bereitet in 10 Ausgaben pro Jahr die wesentlichen Themen f\u00fcr F\u00fchrungskr\u00e4fte von KMU auf.\",\"publisher\":{\"@id\":\"https:\\\/\\\/www.organisator.ch\\\/#organization\"},\"potentialAction\":[{\"@type\":\"SearchAction\",\"target\":{\"@type\":\"EntryPoint\",\"urlTemplate\":\"https:\\\/\\\/www.organisator.ch\\\/?s={search_term_string}\"},\"query-input\":{\"@type\":\"PropertyValueSpecification\",\"valueRequired\":true,\"valueName\":\"search_term_string\"}}],\"inLanguage\":\"it-IT\"},{\"@type\":\"Organization\",\"@id\":\"https:\\\/\\\/www.organisator.ch\\\/#organization\",\"name\":\"Organisator\",\"url\":\"https:\\\/\\\/www.organisator.ch\\\/\",\"logo\":{\"@type\":\"ImageObject\",\"inLanguage\":\"it-IT\",\"@id\":\"https:\\\/\\\/www.organisator.ch\\\/#\\\/schema\\\/logo\\\/image\\\/\",\"url\":\"https:\\\/\\\/www.organisator.ch\\\/wp-content\\\/uploads\\\/2022\\\/01\\\/Logo_Organisator_Website.png\",\"contentUrl\":\"https:\\\/\\\/www.organisator.ch\\\/wp-content\\\/uploads\\\/2022\\\/01\\\/Logo_Organisator_Website.png\",\"width\":800,\"height\":77,\"caption\":\"Organisator\"},\"image\":{\"@id\":\"https:\\\/\\\/www.organisator.ch\\\/#\\\/schema\\\/logo\\\/image\\\/\"},\"sameAs\":[\"https:\\\/\\\/www.facebook.com\\\/OrganisatorFachmagazin\",\"https:\\\/\\\/www.linkedin.com\\\/showcase\\\/organisator-das-magazin-fr-kmu\",\"https:\\\/\\\/www.xing.com\\\/news\\\/pages\\\/organisator-ch-695\",\"https:\\\/\\\/www.youtube.com\\\/channel\\\/UCGP2Sq0iWaZwT3BdIAQFYpw\"]},{\"@type\":\"Person\",\"@id\":\"https:\\\/\\\/www.organisator.ch\\\/#\\\/schema\\\/person\\\/6f650f90b2842cd4c0cc334b4e36f67e\",\"name\":\"thomas.berner\",\"image\":{\"@type\":\"ImageObject\",\"inLanguage\":\"it-IT\",\"@id\":\"https:\\\/\\\/secure.gravatar.com\\\/avatar\\\/ac5001d2a36cb6c6cd3e50789007ffca834b477b74a2144564522e944eabff61?s=96&d=mm&r=g\",\"url\":\"https:\\\/\\\/secure.gravatar.com\\\/avatar\\\/ac5001d2a36cb6c6cd3e50789007ffca834b477b74a2144564522e944eabff61?s=96&d=mm&r=g\",\"contentUrl\":\"https:\\\/\\\/secure.gravatar.com\\\/avatar\\\/ac5001d2a36cb6c6cd3e50789007ffca834b477b74a2144564522e944eabff61?s=96&d=mm&r=g\",\"caption\":\"thomas.berner\"},\"url\":\"https:\\\/\\\/www.organisator.ch\\\/it\\\/author\\\/thomas-berner\\\/\"}]}<\/script>\n<!-- \/ Yoast SEO plugin. -->","yoast_head_json":{"title":"L'agilit\u00e0 aumenta le prestazioni aziendali - Organizzatore","description":"Esiste un chiaro legame tra agilit\u00e0 aziendale e performance aziendale. Lo dimostra il Rapporto sull'organizzazione futura.","robots":{"index":"index","follow":"follow","max-snippet":"max-snippet:-1","max-image-preview":"max-image-preview:large","max-video-preview":"max-video-preview:-1"},"canonical":"https:\/\/www.organisator.ch\/it\/gestione-2\/2019-11-19\/agilitaet-steigert-die-unternehmensleistung\/","og_locale":"it_IT","og_type":"article","og_title":"Agilit\u00e4t steigert die Unternehmensleistung","og_description":"Es besteht ein klarer Zusammenhang zwischen Unternehmensagilit\u00e4t und Unternehmensleistung. Dies zeigt der Future Organization Report.","og_url":"https:\/\/www.organisator.ch\/it\/gestione-2\/2019-11-19\/agilitaet-steigert-die-unternehmensleistung\/","og_site_name":"Organisator","article_publisher":"https:\/\/www.facebook.com\/OrganisatorFachmagazin","article_published_time":"2019-11-19T16:34:34+00:00","og_image":[{"width":654,"height":370,"url":"https:\/\/www.organisator.ch\/wp-content\/uploads\/2021\/07\/organisator_IT_Busines_Software_2016_1.png","type":"image\/png"}],"author":"thomas.berner","twitter_card":"summary_large_image","twitter_title":"Agilit\u00e4t steigert die #Unternehmensleistung","twitter_description":"Es besteht ein klarer Zusammenhang zwischen #Unternehmensagilit\u00e4t und #Unternehmensleistung. Dies zeigt der Future Organization Report.","twitter_image":"https:\/\/www.organisator.ch\/wp-content\/uploads\/2021\/07\/organisator_IT_Busines_Software_2016_1.png","schema":{"@context":"https:\/\/schema.org","@graph":[{"@type":"Article","@id":"https:\/\/www.organisator.ch\/management\/2019-11-19\/agilitaet-steigert-die-unternehmensleistung\/#article","isPartOf":{"@id":"https:\/\/www.organisator.ch\/management\/2019-11-19\/agilitaet-steigert-die-unternehmensleistung\/"},"author":{"name":"thomas.berner","@id":"https:\/\/www.organisator.ch\/#\/schema\/person\/6f650f90b2842cd4c0cc334b4e36f67e"},"headline":"Agilit\u00e4t steigert die Unternehmensleistung","datePublished":"2019-11-19T16:34:34+00:00","mainEntityOfPage":{"@id":"https:\/\/www.organisator.ch\/management\/2019-11-19\/agilitaet-steigert-die-unternehmensleistung\/"},"wordCount":462,"publisher":{"@id":"https:\/\/www.organisator.ch\/#organization"},"image":{"@id":"https:\/\/www.organisator.ch\/management\/2019-11-19\/agilitaet-steigert-die-unternehmensleistung\/#primaryimage"},"thumbnailUrl":"https:\/\/www.organisator.ch\/wp-content\/uploads\/2019\/11\/Agilitaet-steigert-die-Unternehmensleistung_Organisator.jpg","keywords":["Agilit\u00e4t","Forschung","Management und Unternehmensf\u00fchrung","Studie"],"articleSection":["MANAGEMENT"],"inLanguage":"it-IT"},{"@type":"WebPage","@id":"https:\/\/www.organisator.ch\/management\/2019-11-19\/agilitaet-steigert-die-unternehmensleistung\/","url":"https:\/\/www.organisator.ch\/management\/2019-11-19\/agilitaet-steigert-die-unternehmensleistung\/","name":"L'agilit\u00e0 aumenta le prestazioni aziendali - Organizzatore","isPartOf":{"@id":"https:\/\/www.organisator.ch\/#website"},"primaryImageOfPage":{"@id":"https:\/\/www.organisator.ch\/management\/2019-11-19\/agilitaet-steigert-die-unternehmensleistung\/#primaryimage"},"image":{"@id":"https:\/\/www.organisator.ch\/management\/2019-11-19\/agilitaet-steigert-die-unternehmensleistung\/#primaryimage"},"thumbnailUrl":"https:\/\/www.organisator.ch\/wp-content\/uploads\/2019\/11\/Agilitaet-steigert-die-Unternehmensleistung_Organisator.jpg","datePublished":"2019-11-19T16:34:34+00:00","description":"Esiste un chiaro legame tra agilit\u00e0 aziendale e performance aziendale. Lo dimostra il Rapporto sull'organizzazione futura.","breadcrumb":{"@id":"https:\/\/www.organisator.ch\/management\/2019-11-19\/agilitaet-steigert-die-unternehmensleistung\/#breadcrumb"},"inLanguage":"it-IT","potentialAction":[{"@type":"ReadAction","target":["https:\/\/www.organisator.ch\/management\/2019-11-19\/agilitaet-steigert-die-unternehmensleistung\/"]}]},{"@type":"ImageObject","inLanguage":"it-IT","@id":"https:\/\/www.organisator.ch\/management\/2019-11-19\/agilitaet-steigert-die-unternehmensleistung\/#primaryimage","url":"https:\/\/www.organisator.ch\/wp-content\/uploads\/2019\/11\/Agilitaet-steigert-die-Unternehmensleistung_Organisator.jpg","contentUrl":"https:\/\/www.organisator.ch\/wp-content\/uploads\/2019\/11\/Agilitaet-steigert-die-Unternehmensleistung_Organisator.jpg","width":680,"height":382,"caption":"Die Grafik zeigt, wie Agilit\u00e4t und Unternehmensleistung zusammenh\u00e4ngen. (Grafik: Campana & Schott)"},{"@type":"BreadcrumbList","@id":"https:\/\/www.organisator.ch\/management\/2019-11-19\/agilitaet-steigert-die-unternehmensleistung\/#breadcrumb","itemListElement":[{"@type":"ListItem","position":1,"name":"Home","item":"https:\/\/www.organisator.ch\/"},{"@type":"ListItem","position":2,"name":"Agilit\u00e4t steigert die Unternehmensleistung"}]},{"@type":"WebSite","@id":"https:\/\/www.organisator.ch\/#website","url":"https:\/\/www.organisator.ch\/","name":"Organizzatore","description":"Competente. Pratico. In 10 numeri all'anno, ORGANISATOR presenta i temi essenziali per i manager delle PMI.","publisher":{"@id":"https:\/\/www.organisator.ch\/#organization"},"potentialAction":[{"@type":"SearchAction","target":{"@type":"EntryPoint","urlTemplate":"https:\/\/www.organisator.ch\/?s={search_term_string}"},"query-input":{"@type":"PropertyValueSpecification","valueRequired":true,"valueName":"search_term_string"}}],"inLanguage":"it-IT"},{"@type":"Organization","@id":"https:\/\/www.organisator.ch\/#organization","name":"Organizzatore","url":"https:\/\/www.organisator.ch\/","logo":{"@type":"ImageObject","inLanguage":"it-IT","@id":"https:\/\/www.organisator.ch\/#\/schema\/logo\/image\/","url":"https:\/\/www.organisator.ch\/wp-content\/uploads\/2022\/01\/Logo_Organisator_Website.png","contentUrl":"https:\/\/www.organisator.ch\/wp-content\/uploads\/2022\/01\/Logo_Organisator_Website.png","width":800,"height":77,"caption":"Organisator"},"image":{"@id":"https:\/\/www.organisator.ch\/#\/schema\/logo\/image\/"},"sameAs":["https:\/\/www.facebook.com\/OrganisatorFachmagazin","https:\/\/www.linkedin.com\/showcase\/organisator-das-magazin-fr-kmu","https:\/\/www.xing.com\/news\/pages\/organisator-ch-695","https:\/\/www.youtube.com\/channel\/UCGP2Sq0iWaZwT3BdIAQFYpw"]},{"@type":"Person","@id":"https:\/\/www.organisator.ch\/#\/schema\/person\/6f650f90b2842cd4c0cc334b4e36f67e","name":"Tommaso.berner","image":{"@type":"ImageObject","inLanguage":"it-IT","@id":"https:\/\/secure.gravatar.com\/avatar\/ac5001d2a36cb6c6cd3e50789007ffca834b477b74a2144564522e944eabff61?s=96&d=mm&r=g","url":"https:\/\/secure.gravatar.com\/avatar\/ac5001d2a36cb6c6cd3e50789007ffca834b477b74a2144564522e944eabff61?s=96&d=mm&r=g","contentUrl":"https:\/\/secure.gravatar.com\/avatar\/ac5001d2a36cb6c6cd3e50789007ffca834b477b74a2144564522e944eabff61?s=96&d=mm&r=g","caption":"thomas.berner"},"url":"https:\/\/www.organisator.ch\/it\/author\/thomas-berner\/"}]}},"_links":{"self":[{"href":"https:\/\/www.organisator.ch\/it\/wp-json\/wp\/v2\/posts\/8594","targetHints":{"allow":["GET"]}}],"collection":[{"href":"https:\/\/www.organisator.ch\/it\/wp-json\/wp\/v2\/posts"}],"about":[{"href":"https:\/\/www.organisator.ch\/it\/wp-json\/wp\/v2\/types\/post"}],"author":[{"embeddable":true,"href":"https:\/\/www.organisator.ch\/it\/wp-json\/wp\/v2\/users\/4"}],"replies":[{"embeddable":true,"href":"https:\/\/www.organisator.ch\/it\/wp-json\/wp\/v2\/comments?post=8594"}],"version-history":[{"count":0,"href":"https:\/\/www.organisator.ch\/it\/wp-json\/wp\/v2\/posts\/8594\/revisions"}],"wp:featuredmedia":[{"embeddable":true,"href":"https:\/\/www.organisator.ch\/it\/wp-json\/wp\/v2\/media\/8506"}],"wp:attachment":[{"href":"https:\/\/www.organisator.ch\/it\/wp-json\/wp\/v2\/media?parent=8594"}],"wp:term":[{"taxonomy":"category","embeddable":true,"href":"https:\/\/www.organisator.ch\/it\/wp-json\/wp\/v2\/categories?post=8594"},{"taxonomy":"post_tag","embeddable":true,"href":"https:\/\/www.organisator.ch\/it\/wp-json\/wp\/v2\/tags?post=8594"}],"curies":[{"name":"wp","href":"https:\/\/api.w.org\/{rel}","templated":true}]}}