{"id":8598,"date":"2019-11-26T09:31:32","date_gmt":"2019-11-26T08:31:32","guid":{"rendered":"https:\/\/www.organisator.ch\/?p=6065"},"modified":"2019-11-26T09:31:32","modified_gmt":"2019-11-26T08:31:32","slug":"100-jahre-snv-2010-bis-2020-ein-blick-in-die-zukunft","status":"publish","type":"post","link":"https:\/\/www.organisator.ch\/it\/management\/2019-11-26\/100-jahre-snv-2010-bis-2020-ein-blick-in-die-zukunft\/","title":{"rendered":"100 anni di SNV: dal 2010 al 2020 - uno sguardo al futuro"},"content":{"rendered":"<p>In 100 anni molto \u00e8 cambiato, ma qualcosa \u00e8 rimasto invariato: SNV \u00e8 impegnata come sempre su temi rilevanti per il futuro. I responsabili dei programmi SNV assicurano che temi come l'autenticit\u00e0 degli alimenti, la blockchain, l'energia, l'economia circolare e la manifattura additiva siano allineati alle esigenze dell'economia e della societ\u00e0.<\/p>\n<h2>I responsabili dei programmi guardano al futuro<\/h2>\n<p>Il compito dei responsabili di programma SNV \u00e8 quello di identificare le tendenze future e coordinare i progetti di standardizzazione fin dall'inizio. Organizzano riunioni di avvio, acquisiscono esperti, spiegano il processo di standardizzazione alle parti interessate e accompagnano il lavoro di progetto del comitato, che \u00e8 composto da circa 10-50 esperti a seconda dell'argomento e si riunisce solitamente una volta all'anno. Sono responsabili della gestione degli stakeholder e della rete di esperti. L'obiettivo dei responsabili del programma \u00e8 quello di superare la mentalit\u00e0 del silos e di portare le varie parti interessate allo stesso tavolo.<\/p>\n<p>Su quali temi futuri stanno lavorando i responsabili del programma? Quattro responsabili di programma e il loro supervisore parlano di alcune questioni su cui stanno lavorando e danno uno sguardo al futuro.<\/p>\n<h2>Lea Leibundgut, Responsabile di programma Alimentazione<\/h2>\n<figure id=\"attachment_6066\" aria-describedby=\"caption-attachment-6066\" style=\"width: 680px\" class=\"wp-caption alignnone\"><img loading=\"lazy\" decoding=\"async\" class=\"size-medium wp-image-6066\" src=\"https:\/\/www.organisator.ch\/wp-content\/uploads\/2019\/11\/Lea-Leibundgut_klein.jpg\" alt=\"\" width=\"680\" height=\"510\" \/><figcaption id=\"caption-attachment-6066\" class=\"wp-caption-text\">(Immagine: SNV)<\/figcaption><\/figure>\n<p><em>Siete responsabili del tema dell'autenticit\u00e0 degli alimenti. Da quanto tempo lavorate agli standard in questo settore?<br \/>\n<\/em><strong>Lea Leibundgut:<\/strong> L'ISO ha un comitato tecnico che si occupa di alimenti dal 1947. Il comitato e i suoi sottogruppi hanno gi\u00e0 pubblicato 858 standard. Dal 2016, gli esperti internazionali dell'organizzazione europea degli standard CEN si occupano del tema dell'autenticit\u00e0 degli alimenti. In quest'area tematica non si lavora solo su un singolo standard, ma su un'intera serie di standard: Ogni alimento si differenzia dagli altri per la sua composizione. Nel caso delle contraffazioni alimentari, a volte non si sa nemmeno esattamente cosa si sta cercando, a differenza di quanto accade per i residui di pesticidi o altri contaminanti come i metalli.<\/p>\n<p><em>Qual \u00e8 l'obiettivo del vostro lavoro?<br \/>\n<\/em>L'obiettivo nell'area tematica dell'autenticit\u00e0 degli alimenti \u00e8 quello di sviluppare standard sui metodi per dimostrare l'autenticit\u00e0 degli alimenti. Questi standard dovrebbero creare chiarezza e trasparenza su come garantire la prova di autenticit\u00e0. In questo modo, i produttori locali possono essere sicuri che le loro materie prime e i loro semilavorati non siano contraffatti e i consumatori possono essere certi che il loro olio extravergine di oliva, ad esempio, non contenga olio proveniente da una spremitura a caldo.<\/p>\n<p><em>Perch\u00e9 il vostro argomento \u00e8 rilevante per il futuro?<br \/>\n<\/em>Nel mondo occidentale, l'alimentazione non si limita a soddisfare la fame. Nutrizione significa piacere ed \u00e8 una fonte di identificazione, come il cibo vegetariano o vegano. Gli svizzeri sono disposti a spendere di pi\u00f9 per una qualit\u00e0 migliore. Inoltre, gli alimenti contraffatti possono essere non solo di qualit\u00e0 inferiore, ma anche pericolosi per la salute. Con la globalizzazione, sempre pi\u00f9 prodotti grezzi e semilavorati provengono da lontano e gli acquirenti non conoscono personalmente i venditori. Invece di una fiducia cieca, entrambe le parti vogliono la certezza di ottenere ci\u00f2 per cui pagano. Sono gi\u00e0 state proposte anche soluzioni Blockchain per la tracciabilit\u00e0 degli alimenti.<\/p>\n<p><em>Dove vede la sfida pi\u00f9 grande?<br \/>\n<\/em>\u00c8 necessario trovare metodi di analisi affidabili e significativi per diversi alimenti. Inoltre, questi metodi di prova dovrebbero essere poco costosi da utilizzare.<\/p>\n<h2>Melanie Hasler, responsabile del programma Blockchain<\/h2>\n<figure id=\"attachment_6067\" aria-describedby=\"caption-attachment-6067\" style=\"width: 680px\" class=\"wp-caption alignnone\"><img loading=\"lazy\" decoding=\"async\" class=\"size-medium wp-image-6067\" src=\"https:\/\/www.organisator.ch\/wp-content\/uploads\/2019\/11\/Melanie-Hasler_klein.jpg\" alt=\"\" width=\"680\" height=\"510\" \/><figcaption id=\"caption-attachment-6067\" class=\"wp-caption-text\">(Immagine: SNV)<\/figcaption><\/figure>\n<p><em>Siete responsabili dell'argomento blockchain. Da quanto tempo lavorate sugli standard?<br \/>\n<\/em><strong>Melanie Hasler:<\/strong> L'ISO\/TC 307 Blockchain and distributed ledger technologies (DLT) \u00e8 stato istituito nel 2016. Da allora, 43 Paesi sono stati coinvolti attivamente nella standardizzazione internazionale. Anche la Svizzera \u00e8 una di queste. 13 Paesi sono registrati come \"osservatori\" nel comitato. Dalla sua fondazione, \u00e8 stato pubblicato il rapporto tecnico \"Blockchain and Distributed Ledger Technologies - Overview of and Interactions Between Smart Contracts in Blockchain and Distributed Ledger Technology Systems\". Altri dieci progetti di standardizzazione internazionale sono attualmente in fase di sviluppo. Il mese scorso \u00e8 stato istituito in Europa anche un Comitato tecnico (TC) su Blockchain\/DLT. Il comitato europeo si concentrer\u00e0 principalmente sulla compatibilit\u00e0 della nuova tecnologia con i requisiti della legislazione europea, come il Regolamento generale sulla protezione dei dati (GDPR). I primi due gruppi di lavoro all'interno del TC si occuperanno dell'impegnativo tema della blockchain\/DLT e del GDPR, nonch\u00e9 dell'identit\u00e0 elettronica (e-ID). A livello nazionale, questo mese \u00e8 stato lanciato il progetto di standardizzazione DLT-for-Power. Il progetto \u00e8 guidato dall'industria energetica svizzera insieme all'SNV e definir\u00e0 un \"Sistema di gestione e contabilit\u00e0 dell'energia basato su DLT\". La standardizzazione della piattaforma di comunicazione basata su DLT dovrebbe consentire la compatibilit\u00e0 delle varie applicazioni DLT tra tutti gli attori coinvolti. La partecipazione e la collaborazione sono aperte a tutte le parti interessate.<\/p>\n<p><em>Qual \u00e8 l'obiettivo del vostro lavoro?<br \/>\n<\/em>L'interoperabilit\u00e0 tra diversi fornitori, piattaforme e applicazioni \u00e8 molto importante. La standardizzazione nel settore della blockchain\/DLT contribuisce a garantire che i produttori, i consumatori, l'economia e la societ\u00e0 abbiano la certezza che la tecnologia che utilizzano o sviluppano abbia un futuro e che sia o sar\u00e0 compatibile con altri sistemi.<\/p>\n<p><em>Perch\u00e9 il vostro argomento \u00e8 rilevante per il futuro?<br \/>\n<\/em>Con la valuta digitale Bitcoin, la blockchain \u00e8 diventata nota a livello mondiale come incarnazione delle cosiddette tecnologie a libro mastro distribuito (DLT). Quasi nessuno parla di nuovi modelli di business digitali senza considerare la DLT e la blockchain. In effetti, lo sviluppo di nuove soluzioni decentralizzate basate sulla DLT \u00e8 in grande fermento.<\/p>\n<p><em>Dove vede la sfida pi\u00f9 grande?<br \/>\n<\/em>I numerosi esperti devono essere ben coordinati e il mandato deve essere chiaro. Ci\u00f2 richiede una buona comunicazione.<\/p>\n<h2>Lukas M\u00f6hr, responsabile del programma Ambiente<\/h2>\n<figure id=\"attachment_6068\" aria-describedby=\"caption-attachment-6068\" style=\"width: 680px\" class=\"wp-caption alignnone\"><img loading=\"lazy\" decoding=\"async\" class=\"size-medium wp-image-6068\" src=\"https:\/\/www.organisator.ch\/wp-content\/uploads\/2019\/11\/Lukas-Moehr_klein.jpg\" alt=\"\" width=\"680\" height=\"510\" \/><figcaption id=\"caption-attachment-6068\" class=\"wp-caption-text\">(Immagine: SNV)<\/figcaption><\/figure>\n<p><em>Da quanto tempo lavorate sugli standard dell'economia circolare?<br \/>\n<\/em><strong>Lukas M\u00f6hr:<\/strong> Un nuovo comitato tecnico dell'ISO \u00e8 l'ISO\/TC 323 Economia circolare. \u00c8 stata fondata solo nel 2018 e quindi non ha ancora pubblicato uno standard finito. Al momento, il comitato sta svolgendo un lavoro preparatorio a livello internazionale per poter iniziare a redigere uno standard nel prossimo futuro. Sono coinvolti esperti di 58 Paesi diversi.<\/p>\n<p><em>Qual \u00e8 l'obiettivo del vostro lavoro?<br \/>\n<\/em>Nel campo dell'economia circolare, la standardizzazione pu\u00f2 fornire un impulso per unificare i vari sforzi. Diverse parti interessate iniziano con appelli o gi\u00e0 con misure concrete contro l'economia lineare, che aumenta lo spreco di risorse. Ma se questi sono rivolti in direzioni diverse, l'effetto si esaurisce. La standardizzazione aiuta a garantire che tutti stiano tirando nella stessa direzione.<\/p>\n<p><em>Perch\u00e9 il vostro argomento \u00e8 rilevante per il futuro?<br \/>\n<\/em>Il cambiamento climatico non \u00e8 una preoccupazione solo per la popolazione svizzera, ma anche per quella di quasi tutti gli altri Paesi del mondo. Gli esperti sono alla ricerca di approcci diversi per ridurre l'impatto delle diverse situazioni di vita sull'ambiente. Un approccio in discussione \u00e8 l'economia circolare. Si cerca di ritrattare un prodotto dopo l'uso, completamente o almeno in parte, in modo da poterlo riutilizzare o come nuova materia prima. L'attenzione \u00e8 rivolta al rallentamento e alla chiusura dei cicli della materia e dell'energia. Un esempio \u00e8 la costruzione, il riutilizzo o il riciclaggio duraturo di un prodotto.<\/p>\n<p><em>Dove vede la sfida pi\u00f9 grande?<br \/>\n<\/em>Il tema dell'ambiente e dell'economia circolare in particolare \u00e8 sulla bocca di tutti in questo momento. \u00c8 quindi importante che sia trattata con seriet\u00e0 e che non sia eccessivamente tesa. Non bisogna insistere troppo fin dall'inizio, in modo che dopo un po' la motivazione si affievolisca e le soluzioni proposte si esauriscano. Si noti inoltre che i requisiti possono essere introdotti gradualmente. Un aumento troppo rapido non raggiunger\u00e0 l'obiettivo. Tuttavia, \u00e8 importante non indugiare.<\/p>\n<h2>Barbara Guder, responsabile del programma Energia<\/h2>\n<figure id=\"attachment_6069\" aria-describedby=\"caption-attachment-6069\" style=\"width: 680px\" class=\"wp-caption alignnone\"><img loading=\"lazy\" decoding=\"async\" class=\"size-medium wp-image-6069\" src=\"https:\/\/www.organisator.ch\/wp-content\/uploads\/2019\/11\/Barbara-Guder_klein.jpg\" alt=\"\" width=\"680\" height=\"510\" \/><figcaption id=\"caption-attachment-6069\" class=\"wp-caption-text\">(Immagine: SNV)<\/figcaption><\/figure>\n<p><em>Da quanto tempo si occupa di standard per la fornitura di energia e gas?<br \/>\n<\/em><strong>Barbara Guder:<\/strong> Gestisco progetti standard nel campo della fornitura di energia e gas e della rete di stazioni di servizio. In questi settori consolidati, gli standard internazionali sono stati sviluppati e applicati per decenni. Il tema dell'energia \u00e8 molto vario e le norme vengono pertanto sviluppate in vari comitati di normazione, di solito separatamente per ciascun vettore energetico. Ad esempio, esiste l'ISO\/TC 28 Petrolio e prodotti e combustibili correlati e l'ISO\/TC 193 Gas naturale. Esiste persino una Commissione Elettrotecnica Internazionale (IEC) separata per il settore dell'energia elettrica. Attualmente, l'intero settore energetico \u00e8 in uno stato di sconvolgimento. Per raggiungere gli obiettivi climatici, il sistema energetico odierno deve essere trasformato, abbandonando le energie fossili per passare alle energie rinnovabili. Questa trasformazione tecnologica pu\u00f2 essere attuata solo con l'aiuto degli standard.<\/p>\n<p><em>Qual \u00e8 l'obiettivo del vostro lavoro?<br \/>\n<\/em>La decarbonizzazione del sistema energetico e l'integrazione delle energie rinnovabili volatili rappresentano una sfida importante. A differenza del sistema centralizzato di oggi, il sistema energetico del futuro sar\u00e0 un sistema decentralizzato, flessibile e intelligente. I confini tradizionali tra i settori dell'elettricit\u00e0, del gas e del calore saranno sempre pi\u00f9 cancellati. Affinch\u00e9 una rete energetica intelligente funzioni senza problemi, i diversi componenti e le interfacce devono essere ben coordinati. Gli esperti di tutto il mondo stanno sviluppando standard per le nuove tecnologie power-to-X, per i dispositivi di misura e i sensori intelligenti e per i nuovi tipi di tecnologie di stoccaggio. Ma anche i requisiti di qualit\u00e0 per le fonti energetiche rinnovabili come il biogas, l'olio per biocarburanti e l'idrogeno sono in via di definizione negli standard.<\/p>\n<p><em>Perch\u00e9 il vostro argomento \u00e8 rilevante per il futuro?<br \/>\n<\/em>Il cambiamento climatico \u00e8 una sfida globale e in tutto il mondo si stanno sviluppando programmi e cataloghi di misure per prevenire un ulteriore riscaldamento globale e ridurre le emissioni di CO<sub>2<\/sub>-emissioni. Poich\u00e9 il settore edilizio e la mobilit\u00e0 contribuiscono in modo significativo alle emissioni di CO<sub>2<\/sub>-emissioni, stanno cercando di tirare la leva e di aprire un nuovo terreno. Il sistema energetico del futuro deve essere pensato \"pi\u00f9 in l\u00e0\" rispetto al passato e sar\u00e0 molto pi\u00f9 interconnesso. Le reti elettriche, del gas e del calore si stanno avvicinando e gli edifici e le automobili stanno diventando parte del futuro sistema energetico. Gli edifici producono elettricit\u00e0 con i pannelli solari e le auto servono come accumulatori di energia o consumano idrogeno rinnovabile in una guida a celle a combustibile.<\/p>\n<p><em>Dove vede la sfida pi\u00f9 grande?<br \/>\n<\/em>Proprio mentre le tecnologie si avvicinano sempre di pi\u00f9 e sono richiesti approcci interdisciplinari alle soluzioni, anche le organizzazioni e le aziende devono trasformarsi, formare reti e avviare cooperazioni. Allontanare la mentalit\u00e0 di nicchia (silo) per passare a team interdisciplinari. Si tratta di una grande sfida per il settore energetico, che ha una posizione piuttosto conservativa e finora ha agito in modo fortemente separato a seconda delle fonti energetiche. Anche i mercati sono regolamentati in modo diverso, ad esempio i mercati dell'elettricit\u00e0 e del gas. In questo caso, il legislatore \u00e8 chiamato a emanare nuove norme orientate al mercato. Un'altra sfida \u00e8 rappresentata dal fatto che la Svizzera \u00e8 inserita in un mercato energetico europeo (una rete energetica) e non pu\u00f2 stabilire soluzioni isolate. Quando si tratta di integrare gas rinnovabili come il biogas e l'idrogeno nella rete energetica, la commissione nazionale per gli standard INB NK 162 \"Gas\" \u00e8 di grande importanza. Attualmente fanno parte del comitato per gli standard 20 esperti, provenienti soprattutto dalle associazioni di categoria. Vorremmo vedere pi\u00f9 rappresentanti dell'industria e della ricerca. Purtroppo la Svizzera \u00e8 attualmente solo un osservatore passivo nella standardizzazione internazionale dell'idrogeno. L'obiettivo per il 2020 \u00e8 che la Svizzera assuma un ruolo pi\u00f9 attivo nella standardizzazione e contribuisca con il suo know-how alla standardizzazione internazionale.<\/p>\n<h2>Marcel Knecht, responsabile della standardizzazione e delle relazioni internazionali, responsabile del programma SWISSMEM Argomenti<\/h2>\n<figure id=\"attachment_6070\" aria-describedby=\"caption-attachment-6070\" style=\"width: 680px\" class=\"wp-caption alignnone\"><img loading=\"lazy\" decoding=\"async\" class=\"size-medium wp-image-6070\" src=\"https:\/\/www.organisator.ch\/wp-content\/uploads\/2019\/11\/Marcel-Knecht_klein.jpg\" alt=\"\" width=\"680\" height=\"510\" \/><figcaption id=\"caption-attachment-6070\" class=\"wp-caption-text\">(Immagine: SNV)<\/figcaption><\/figure>\n<p><em>Da quanto tempo lavorate agli standard per la produzione additiva?<br \/>\n<\/em><strong>Marcel Knecht:<\/strong> L'ISO\/TC 261 Fabbricazione additiva \u00e8 stato fondato nel 2011. Da allora, 25 Paesi sono stati coinvolti attivamente nella standardizzazione internazionale. Anche la Svizzera \u00e8 una di queste. 8 Paesi sono registrati come osservatori nel Comitato. Dalla sua fondazione, sono gi\u00e0 stati pubblicati 13 standard. Attualmente sono in fase di sviluppo altri 24 progetti di standardizzazione internazionale. La maggior parte di questi progetti di standardizzazione viene sviluppata in collaborazione con l'organizzazione statunitense ASTM. A livello europeo, il CEN\/TC 439 \u00e8 stato fondato nel 2015. Il Comitato europeo non lavora attualmente a progetti di normazione propri, ma contribuisce con la sua esperienza all'ISO. A livello nazionale, gli esperti di SWISSMEM\/NK 1261 Rapid Prototyping and Rapid Manufacturing contribuiscono con la loro esperienza al comitato per gli standard ISO.<\/p>\n<p><em>Qual \u00e8 l'obiettivo del vostro lavoro?<br \/>\n<\/em>La manifattura additiva \u00e8 una tecnologia ancora molto giovane, che si prevede avr\u00e0 un futuro molto brillante. In una prima fase, sono stati sviluppati standard sui requisiti di base e sulla terminologia. I nuovi progetti di standard si concentrano ora sui dettagli tecnici, come i metodi di prova, i metodi di post-elaborazione o i formati dei file. L'obiettivo principale \u00e8 migliorare l'interoperabilit\u00e0 e la comparabilit\u00e0 dei prodotti.<\/p>\n<p><em>Perch\u00e9 il vostro argomento \u00e8 rilevante per il futuro?<br \/>\n<\/em>La produzione additiva \u00e8 molto importante per il futuro. Grazie a questa tecnologia di produzione con applicazione di materiali, \u00e8 possibile produrre componenti con strutture e geometrie completamente nuove che non sono possibili con i processi di produzione convenzionali come la fresatura, la tornitura e la foratura. In questo modo, gli spessori dei materiali e le geometrie dei pezzi possono essere adattati con precisione ai carichi e si possono produrre componenti particolarmente leggeri e resistenti. Inoltre, il processo \u00e8 molto flessibile. Le aziende altamente tecnologiche producono pezzi per i prototipi entro 24 ore e possono cos\u00ec accorciare enormemente i tempi di sviluppo di nuovi prodotti.<\/p>\n<p><em>Dove vede la sfida pi\u00f9 grande?<br \/>\n<\/em>Poich\u00e9 molte start-up sono attive nel campo della produzione additiva, \u00e8 molto difficile spiegare i vantaggi del loro impegno nella standardizzazione. In molti casi, il fallimento \u00e8 dovuto alle limitate risorse umane di queste giovani aziende. Tuttavia, \u00e8 fondamentale, soprattutto per le start-up, tenere sotto controllo i progetti standard.<\/p>\n<h2>\u00c8 necessaria la vostra partecipazione!<\/h2>\n<p>Volete partecipare allo sviluppo internazionale degli standard? Partecipando a un comitato nazionale per gli standard, potete portare i vostri prodotti e servizi sul mercato pi\u00f9 rapidamente, grazie a un vantaggio informativo sui concorrenti. In qualit\u00e0 di membro del comitato, potrete incontrare altri esperti nazionali del settore e discutere con loro le nuove bozze di standard. Avrete anche l'opportunit\u00e0 di stabilire contatti internazionali.<\/p>\n<p><em>Per saperne di pi\u00f9 <a href=\"https:\/\/www.snv.ch\/de\/mitglieder\/vorteile-der-mitgliedschaft.html\">https:\/\/www.snv.ch\/de\/mitglieder\/vorteile-der-mitgliedschaft.html<\/a>!<\/em><\/p>","protected":false},"excerpt":{"rendered":"<p>Vieles hat sich in 100 Jahren ver\u00e4ndert, aber etwas ist gleich geblieben: Die SNV engagiert sich genau wie fr\u00fcher mit grossem Engagement f\u00fcr Themen, die relevant sind f\u00fcr die Zukunft. Die Programme Manager der SNV stellen sicher, dass Themen wie Food-Authenticity, Blockchain, Energie, Kreislaufwirtschaft oder Additive Manufacturing auf die Bed\u00fcrfnisse von Wirtschaft und Gesellschaft ausgerichtet [&hellip;]<\/p>\n","protected":false},"author":4,"featured_media":8513,"comment_status":"closed","ping_status":"closed","sticky":false,"template":"","format":"standard","meta":{"_acf_changed":false,"_yoast_wpseo_focuskw":"Zukunft","_yoast_wpseo_metadesc":"Die SNV hat w\u00e4hrend der letzten 100 Jahre wertvolle und nachhaltige Beitr\u00e4ge geleistet. Nun folgt ein kurzer Blick in die Zukunft.","articlekey":"","footnotes":""},"categories":[28],"tags":[292,335,364,503],"class_list":["post-8598","post","type-post","status-publish","format-standard","has-post-thumbnail","hentry","category-management","tag-jubilaeum","tag-management-und-unternehmensfuehrung","tag-normenstandards","tag-verbaende"],"acf":[],"yoast_head":"<!-- This site is optimized with the Yoast SEO plugin v27.4 - https:\/\/yoast.com\/product\/yoast-seo-wordpress\/ -->\n<title>100 Jahre SNV: 2010 bis 2020 - ein Blick in die Zukunft - Organisator<\/title>\n<meta name=\"description\" content=\"Die SNV hat w\u00e4hrend der letzten 100 Jahre wertvolle und nachhaltige Beitr\u00e4ge geleistet. Nun folgt ein kurzer Blick in die Zukunft.\" \/>\n<meta name=\"robots\" content=\"index, follow, max-snippet:-1, max-image-preview:large, max-video-preview:-1\" \/>\n<link rel=\"canonical\" href=\"https:\/\/www.organisator.ch\/it\/gestione-2\/2019-11-26\/100-jahre-snv-2010-bis-2020-ein-blick-in-die-zukunft\/\" \/>\n<meta property=\"og:locale\" content=\"it_IT\" \/>\n<meta property=\"og:type\" content=\"article\" \/>\n<meta property=\"og:title\" content=\"100 Jahre SNV: 2010 bis 2020 - ein Blick in die Zukunft\" \/>\n<meta property=\"og:description\" content=\"Die SNV hat w\u00e4hrend der letzten 100 Jahre wertvolle und nachhaltige Beitr\u00e4ge geleistet. Nun folgt ein kurzer Blick in die Zukunft.\" \/>\n<meta property=\"og:url\" content=\"https:\/\/www.organisator.ch\/it\/gestione-2\/2019-11-26\/100-jahre-snv-2010-bis-2020-ein-blick-in-die-zukunft\/\" \/>\n<meta property=\"og:site_name\" content=\"Organisator\" \/>\n<meta property=\"article:publisher\" content=\"https:\/\/www.facebook.com\/OrganisatorFachmagazin\" \/>\n<meta property=\"article:published_time\" content=\"2019-11-26T08:31:32+00:00\" \/>\n<meta name=\"author\" content=\"thomas.berner\" \/>\n<meta name=\"twitter:card\" content=\"summary_large_image\" \/>\n<meta name=\"twitter:title\" content=\"100 Jahre #SNV: 2010 bis 2020 - ein Blick in die #Zukunft\" \/>\n<meta name=\"twitter:description\" content=\"Die #SNV hat w\u00e4hrend der letzten 100 Jahre wertvolle und nachhaltige Beitr\u00e4ge geleistet. Nun folgt ein kurzer Blick in die #Zukunft.\" \/>\n<meta name=\"twitter:image\" content=\"https:\/\/www.organisator.ch\/wp-content\/uploads\/2021\/07\/organisator_2015_5.png\" \/>\n<script type=\"application\/ld+json\" class=\"yoast-schema-graph\">{\"@context\":\"https:\\\/\\\/schema.org\",\"@graph\":[{\"@type\":\"Article\",\"@id\":\"https:\\\/\\\/www.organisator.ch\\\/management\\\/2019-11-26\\\/100-jahre-snv-2010-bis-2020-ein-blick-in-die-zukunft\\\/#article\",\"isPartOf\":{\"@id\":\"https:\\\/\\\/www.organisator.ch\\\/management\\\/2019-11-26\\\/100-jahre-snv-2010-bis-2020-ein-blick-in-die-zukunft\\\/\"},\"author\":{\"name\":\"thomas.berner\",\"@id\":\"https:\\\/\\\/www.organisator.ch\\\/#\\\/schema\\\/person\\\/6f650f90b2842cd4c0cc334b4e36f67e\"},\"headline\":\"100 Jahre SNV: 2010 bis 2020 &#8211; ein Blick in die Zukunft\",\"datePublished\":\"2019-11-26T08:31:32+00:00\",\"mainEntityOfPage\":{\"@id\":\"https:\\\/\\\/www.organisator.ch\\\/management\\\/2019-11-26\\\/100-jahre-snv-2010-bis-2020-ein-blick-in-die-zukunft\\\/\"},\"wordCount\":2291,\"publisher\":{\"@id\":\"https:\\\/\\\/www.organisator.ch\\\/#organization\"},\"image\":{\"@id\":\"https:\\\/\\\/www.organisator.ch\\\/management\\\/2019-11-26\\\/100-jahre-snv-2010-bis-2020-ein-blick-in-die-zukunft\\\/#primaryimage\"},\"thumbnailUrl\":\"https:\\\/\\\/www.organisator.ch\\\/wp-content\\\/uploads\\\/2019\\\/11\\\/Barbara-Guder_klein.jpg\",\"keywords\":[\"Jubil\u00e4um\",\"Management und Unternehmensf\u00fchrung\",\"Normen\\\/Standards\",\"Verb\u00e4nde\"],\"articleSection\":[\"MANAGEMENT\"],\"inLanguage\":\"it-IT\"},{\"@type\":\"WebPage\",\"@id\":\"https:\\\/\\\/www.organisator.ch\\\/management\\\/2019-11-26\\\/100-jahre-snv-2010-bis-2020-ein-blick-in-die-zukunft\\\/\",\"url\":\"https:\\\/\\\/www.organisator.ch\\\/management\\\/2019-11-26\\\/100-jahre-snv-2010-bis-2020-ein-blick-in-die-zukunft\\\/\",\"name\":\"100 Jahre SNV: 2010 bis 2020 - ein Blick in die Zukunft - Organisator\",\"isPartOf\":{\"@id\":\"https:\\\/\\\/www.organisator.ch\\\/#website\"},\"primaryImageOfPage\":{\"@id\":\"https:\\\/\\\/www.organisator.ch\\\/management\\\/2019-11-26\\\/100-jahre-snv-2010-bis-2020-ein-blick-in-die-zukunft\\\/#primaryimage\"},\"image\":{\"@id\":\"https:\\\/\\\/www.organisator.ch\\\/management\\\/2019-11-26\\\/100-jahre-snv-2010-bis-2020-ein-blick-in-die-zukunft\\\/#primaryimage\"},\"thumbnailUrl\":\"https:\\\/\\\/www.organisator.ch\\\/wp-content\\\/uploads\\\/2019\\\/11\\\/Barbara-Guder_klein.jpg\",\"datePublished\":\"2019-11-26T08:31:32+00:00\",\"description\":\"Die SNV hat w\u00e4hrend der letzten 100 Jahre wertvolle und nachhaltige Beitr\u00e4ge geleistet. Nun folgt ein kurzer Blick in die Zukunft.\",\"breadcrumb\":{\"@id\":\"https:\\\/\\\/www.organisator.ch\\\/management\\\/2019-11-26\\\/100-jahre-snv-2010-bis-2020-ein-blick-in-die-zukunft\\\/#breadcrumb\"},\"inLanguage\":\"it-IT\",\"potentialAction\":[{\"@type\":\"ReadAction\",\"target\":[\"https:\\\/\\\/www.organisator.ch\\\/management\\\/2019-11-26\\\/100-jahre-snv-2010-bis-2020-ein-blick-in-die-zukunft\\\/\"]}]},{\"@type\":\"ImageObject\",\"inLanguage\":\"it-IT\",\"@id\":\"https:\\\/\\\/www.organisator.ch\\\/management\\\/2019-11-26\\\/100-jahre-snv-2010-bis-2020-ein-blick-in-die-zukunft\\\/#primaryimage\",\"url\":\"https:\\\/\\\/www.organisator.ch\\\/wp-content\\\/uploads\\\/2019\\\/11\\\/Barbara-Guder_klein.jpg\",\"contentUrl\":\"https:\\\/\\\/www.organisator.ch\\\/wp-content\\\/uploads\\\/2019\\\/11\\\/Barbara-Guder_klein.jpg\",\"width\":680,\"height\":510,\"caption\":\"(Bild: SNV)\"},{\"@type\":\"BreadcrumbList\",\"@id\":\"https:\\\/\\\/www.organisator.ch\\\/management\\\/2019-11-26\\\/100-jahre-snv-2010-bis-2020-ein-blick-in-die-zukunft\\\/#breadcrumb\",\"itemListElement\":[{\"@type\":\"ListItem\",\"position\":1,\"name\":\"Home\",\"item\":\"https:\\\/\\\/www.organisator.ch\\\/\"},{\"@type\":\"ListItem\",\"position\":2,\"name\":\"100 Jahre SNV: 2010 bis 2020 &#8211; ein Blick in die Zukunft\"}]},{\"@type\":\"WebSite\",\"@id\":\"https:\\\/\\\/www.organisator.ch\\\/#website\",\"url\":\"https:\\\/\\\/www.organisator.ch\\\/\",\"name\":\"Organisator\",\"description\":\"Kompetent. Praxisnah. Der ORGANISATOR bereitet in 10 Ausgaben pro Jahr die wesentlichen Themen f\u00fcr F\u00fchrungskr\u00e4fte von KMU auf.\",\"publisher\":{\"@id\":\"https:\\\/\\\/www.organisator.ch\\\/#organization\"},\"potentialAction\":[{\"@type\":\"SearchAction\",\"target\":{\"@type\":\"EntryPoint\",\"urlTemplate\":\"https:\\\/\\\/www.organisator.ch\\\/?s={search_term_string}\"},\"query-input\":{\"@type\":\"PropertyValueSpecification\",\"valueRequired\":true,\"valueName\":\"search_term_string\"}}],\"inLanguage\":\"it-IT\"},{\"@type\":\"Organization\",\"@id\":\"https:\\\/\\\/www.organisator.ch\\\/#organization\",\"name\":\"Organisator\",\"url\":\"https:\\\/\\\/www.organisator.ch\\\/\",\"logo\":{\"@type\":\"ImageObject\",\"inLanguage\":\"it-IT\",\"@id\":\"https:\\\/\\\/www.organisator.ch\\\/#\\\/schema\\\/logo\\\/image\\\/\",\"url\":\"https:\\\/\\\/www.organisator.ch\\\/wp-content\\\/uploads\\\/2022\\\/01\\\/Logo_Organisator_Website.png\",\"contentUrl\":\"https:\\\/\\\/www.organisator.ch\\\/wp-content\\\/uploads\\\/2022\\\/01\\\/Logo_Organisator_Website.png\",\"width\":800,\"height\":77,\"caption\":\"Organisator\"},\"image\":{\"@id\":\"https:\\\/\\\/www.organisator.ch\\\/#\\\/schema\\\/logo\\\/image\\\/\"},\"sameAs\":[\"https:\\\/\\\/www.facebook.com\\\/OrganisatorFachmagazin\",\"https:\\\/\\\/www.linkedin.com\\\/showcase\\\/organisator-das-magazin-fr-kmu\",\"https:\\\/\\\/www.xing.com\\\/news\\\/pages\\\/organisator-ch-695\",\"https:\\\/\\\/www.youtube.com\\\/channel\\\/UCGP2Sq0iWaZwT3BdIAQFYpw\"]},{\"@type\":\"Person\",\"@id\":\"https:\\\/\\\/www.organisator.ch\\\/#\\\/schema\\\/person\\\/6f650f90b2842cd4c0cc334b4e36f67e\",\"name\":\"thomas.berner\",\"image\":{\"@type\":\"ImageObject\",\"inLanguage\":\"it-IT\",\"@id\":\"https:\\\/\\\/secure.gravatar.com\\\/avatar\\\/ac5001d2a36cb6c6cd3e50789007ffca834b477b74a2144564522e944eabff61?s=96&d=mm&r=g\",\"url\":\"https:\\\/\\\/secure.gravatar.com\\\/avatar\\\/ac5001d2a36cb6c6cd3e50789007ffca834b477b74a2144564522e944eabff61?s=96&d=mm&r=g\",\"contentUrl\":\"https:\\\/\\\/secure.gravatar.com\\\/avatar\\\/ac5001d2a36cb6c6cd3e50789007ffca834b477b74a2144564522e944eabff61?s=96&d=mm&r=g\",\"caption\":\"thomas.berner\"},\"url\":\"https:\\\/\\\/www.organisator.ch\\\/it\\\/author\\\/thomas-berner\\\/\"}]}<\/script>\n<!-- \/ Yoast SEO plugin. -->","yoast_head_json":{"title":"100 anni di SNV: dal 2010 al 2020 - uno sguardo al futuro - Organizzatore","description":"Negli ultimi 100 anni, SNV ha dato un contributo prezioso e sostenibile. Ora segue un breve sguardo al futuro.","robots":{"index":"index","follow":"follow","max-snippet":"max-snippet:-1","max-image-preview":"max-image-preview:large","max-video-preview":"max-video-preview:-1"},"canonical":"https:\/\/www.organisator.ch\/it\/gestione-2\/2019-11-26\/100-jahre-snv-2010-bis-2020-ein-blick-in-die-zukunft\/","og_locale":"it_IT","og_type":"article","og_title":"100 Jahre SNV: 2010 bis 2020 - ein Blick in die Zukunft","og_description":"Die SNV hat w\u00e4hrend der letzten 100 Jahre wertvolle und nachhaltige Beitr\u00e4ge geleistet. Nun folgt ein kurzer Blick in die Zukunft.","og_url":"https:\/\/www.organisator.ch\/it\/gestione-2\/2019-11-26\/100-jahre-snv-2010-bis-2020-ein-blick-in-die-zukunft\/","og_site_name":"Organisator","article_publisher":"https:\/\/www.facebook.com\/OrganisatorFachmagazin","article_published_time":"2019-11-26T08:31:32+00:00","author":"thomas.berner","twitter_card":"summary_large_image","twitter_title":"100 Jahre #SNV: 2010 bis 2020 - ein Blick in die #Zukunft","twitter_description":"Die #SNV hat w\u00e4hrend der letzten 100 Jahre wertvolle und nachhaltige Beitr\u00e4ge geleistet. Nun folgt ein kurzer Blick in die #Zukunft.","twitter_image":"https:\/\/www.organisator.ch\/wp-content\/uploads\/2021\/07\/organisator_2015_5.png","schema":{"@context":"https:\/\/schema.org","@graph":[{"@type":"Article","@id":"https:\/\/www.organisator.ch\/management\/2019-11-26\/100-jahre-snv-2010-bis-2020-ein-blick-in-die-zukunft\/#article","isPartOf":{"@id":"https:\/\/www.organisator.ch\/management\/2019-11-26\/100-jahre-snv-2010-bis-2020-ein-blick-in-die-zukunft\/"},"author":{"name":"thomas.berner","@id":"https:\/\/www.organisator.ch\/#\/schema\/person\/6f650f90b2842cd4c0cc334b4e36f67e"},"headline":"100 Jahre SNV: 2010 bis 2020 &#8211; ein Blick in die Zukunft","datePublished":"2019-11-26T08:31:32+00:00","mainEntityOfPage":{"@id":"https:\/\/www.organisator.ch\/management\/2019-11-26\/100-jahre-snv-2010-bis-2020-ein-blick-in-die-zukunft\/"},"wordCount":2291,"publisher":{"@id":"https:\/\/www.organisator.ch\/#organization"},"image":{"@id":"https:\/\/www.organisator.ch\/management\/2019-11-26\/100-jahre-snv-2010-bis-2020-ein-blick-in-die-zukunft\/#primaryimage"},"thumbnailUrl":"https:\/\/www.organisator.ch\/wp-content\/uploads\/2019\/11\/Barbara-Guder_klein.jpg","keywords":["Jubil\u00e4um","Management und Unternehmensf\u00fchrung","Normen\/Standards","Verb\u00e4nde"],"articleSection":["MANAGEMENT"],"inLanguage":"it-IT"},{"@type":"WebPage","@id":"https:\/\/www.organisator.ch\/management\/2019-11-26\/100-jahre-snv-2010-bis-2020-ein-blick-in-die-zukunft\/","url":"https:\/\/www.organisator.ch\/management\/2019-11-26\/100-jahre-snv-2010-bis-2020-ein-blick-in-die-zukunft\/","name":"100 anni di SNV: dal 2010 al 2020 - uno sguardo al futuro - Organizzatore","isPartOf":{"@id":"https:\/\/www.organisator.ch\/#website"},"primaryImageOfPage":{"@id":"https:\/\/www.organisator.ch\/management\/2019-11-26\/100-jahre-snv-2010-bis-2020-ein-blick-in-die-zukunft\/#primaryimage"},"image":{"@id":"https:\/\/www.organisator.ch\/management\/2019-11-26\/100-jahre-snv-2010-bis-2020-ein-blick-in-die-zukunft\/#primaryimage"},"thumbnailUrl":"https:\/\/www.organisator.ch\/wp-content\/uploads\/2019\/11\/Barbara-Guder_klein.jpg","datePublished":"2019-11-26T08:31:32+00:00","description":"Negli ultimi 100 anni, SNV ha dato un contributo prezioso e sostenibile. Ora segue un breve sguardo al futuro.","breadcrumb":{"@id":"https:\/\/www.organisator.ch\/management\/2019-11-26\/100-jahre-snv-2010-bis-2020-ein-blick-in-die-zukunft\/#breadcrumb"},"inLanguage":"it-IT","potentialAction":[{"@type":"ReadAction","target":["https:\/\/www.organisator.ch\/management\/2019-11-26\/100-jahre-snv-2010-bis-2020-ein-blick-in-die-zukunft\/"]}]},{"@type":"ImageObject","inLanguage":"it-IT","@id":"https:\/\/www.organisator.ch\/management\/2019-11-26\/100-jahre-snv-2010-bis-2020-ein-blick-in-die-zukunft\/#primaryimage","url":"https:\/\/www.organisator.ch\/wp-content\/uploads\/2019\/11\/Barbara-Guder_klein.jpg","contentUrl":"https:\/\/www.organisator.ch\/wp-content\/uploads\/2019\/11\/Barbara-Guder_klein.jpg","width":680,"height":510,"caption":"(Bild: SNV)"},{"@type":"BreadcrumbList","@id":"https:\/\/www.organisator.ch\/management\/2019-11-26\/100-jahre-snv-2010-bis-2020-ein-blick-in-die-zukunft\/#breadcrumb","itemListElement":[{"@type":"ListItem","position":1,"name":"Home","item":"https:\/\/www.organisator.ch\/"},{"@type":"ListItem","position":2,"name":"100 Jahre SNV: 2010 bis 2020 &#8211; ein Blick in die Zukunft"}]},{"@type":"WebSite","@id":"https:\/\/www.organisator.ch\/#website","url":"https:\/\/www.organisator.ch\/","name":"Organizzatore","description":"Competente. Pratico. In 10 numeri all'anno, ORGANISATOR presenta i temi essenziali per i manager delle PMI.","publisher":{"@id":"https:\/\/www.organisator.ch\/#organization"},"potentialAction":[{"@type":"SearchAction","target":{"@type":"EntryPoint","urlTemplate":"https:\/\/www.organisator.ch\/?s={search_term_string}"},"query-input":{"@type":"PropertyValueSpecification","valueRequired":true,"valueName":"search_term_string"}}],"inLanguage":"it-IT"},{"@type":"Organization","@id":"https:\/\/www.organisator.ch\/#organization","name":"Organizzatore","url":"https:\/\/www.organisator.ch\/","logo":{"@type":"ImageObject","inLanguage":"it-IT","@id":"https:\/\/www.organisator.ch\/#\/schema\/logo\/image\/","url":"https:\/\/www.organisator.ch\/wp-content\/uploads\/2022\/01\/Logo_Organisator_Website.png","contentUrl":"https:\/\/www.organisator.ch\/wp-content\/uploads\/2022\/01\/Logo_Organisator_Website.png","width":800,"height":77,"caption":"Organisator"},"image":{"@id":"https:\/\/www.organisator.ch\/#\/schema\/logo\/image\/"},"sameAs":["https:\/\/www.facebook.com\/OrganisatorFachmagazin","https:\/\/www.linkedin.com\/showcase\/organisator-das-magazin-fr-kmu","https:\/\/www.xing.com\/news\/pages\/organisator-ch-695","https:\/\/www.youtube.com\/channel\/UCGP2Sq0iWaZwT3BdIAQFYpw"]},{"@type":"Person","@id":"https:\/\/www.organisator.ch\/#\/schema\/person\/6f650f90b2842cd4c0cc334b4e36f67e","name":"Tommaso.berner","image":{"@type":"ImageObject","inLanguage":"it-IT","@id":"https:\/\/secure.gravatar.com\/avatar\/ac5001d2a36cb6c6cd3e50789007ffca834b477b74a2144564522e944eabff61?s=96&d=mm&r=g","url":"https:\/\/secure.gravatar.com\/avatar\/ac5001d2a36cb6c6cd3e50789007ffca834b477b74a2144564522e944eabff61?s=96&d=mm&r=g","contentUrl":"https:\/\/secure.gravatar.com\/avatar\/ac5001d2a36cb6c6cd3e50789007ffca834b477b74a2144564522e944eabff61?s=96&d=mm&r=g","caption":"thomas.berner"},"url":"https:\/\/www.organisator.ch\/it\/author\/thomas-berner\/"}]}},"_links":{"self":[{"href":"https:\/\/www.organisator.ch\/it\/wp-json\/wp\/v2\/posts\/8598","targetHints":{"allow":["GET"]}}],"collection":[{"href":"https:\/\/www.organisator.ch\/it\/wp-json\/wp\/v2\/posts"}],"about":[{"href":"https:\/\/www.organisator.ch\/it\/wp-json\/wp\/v2\/types\/post"}],"author":[{"embeddable":true,"href":"https:\/\/www.organisator.ch\/it\/wp-json\/wp\/v2\/users\/4"}],"replies":[{"embeddable":true,"href":"https:\/\/www.organisator.ch\/it\/wp-json\/wp\/v2\/comments?post=8598"}],"version-history":[{"count":0,"href":"https:\/\/www.organisator.ch\/it\/wp-json\/wp\/v2\/posts\/8598\/revisions"}],"wp:featuredmedia":[{"embeddable":true,"href":"https:\/\/www.organisator.ch\/it\/wp-json\/wp\/v2\/media\/8513"}],"wp:attachment":[{"href":"https:\/\/www.organisator.ch\/it\/wp-json\/wp\/v2\/media?parent=8598"}],"wp:term":[{"taxonomy":"category","embeddable":true,"href":"https:\/\/www.organisator.ch\/it\/wp-json\/wp\/v2\/categories?post=8598"},{"taxonomy":"post_tag","embeddable":true,"href":"https:\/\/www.organisator.ch\/it\/wp-json\/wp\/v2\/tags?post=8598"}],"curies":[{"name":"wp","href":"https:\/\/api.w.org\/{rel}","templated":true}]}}