{"id":8600,"date":"2019-11-27T11:13:22","date_gmt":"2019-11-27T10:13:22","guid":{"rendered":"https:\/\/www.organisator.ch\/?p=6077"},"modified":"2019-11-27T11:13:22","modified_gmt":"2019-11-27T10:13:22","slug":"die-zukunft-hat-angeklopft-rueckblick-zum-swiss-leadership-forum-2019","status":"publish","type":"post","link":"https:\/\/www.organisator.ch\/it\/management\/2019-11-27\/die-zukunft-hat-angeklopft-rueckblick-zum-swiss-leadership-forum-2019\/","title":{"rendered":"Il futuro ha bussato: bilancio dello Swiss Leadership Forum 2019"},"content":{"rendered":"<figure id=\"attachment_6078\" aria-describedby=\"caption-attachment-6078\" style=\"width: 680px\" class=\"wp-caption alignnone\"><img loading=\"lazy\" decoding=\"async\" class=\"size-medium wp-image-6078\" src=\"https:\/\/www.organisator.ch\/wp-content\/uploads\/2019\/11\/Die-Zukunft-hat-angeklopft-Rueckblick-zum-Swiss-Leadership-Forum-2019_Organisator.jpg\" alt=\"\" width=\"680\" height=\"396\" \/><figcaption id=\"caption-attachment-6078\" class=\"wp-caption-text\">Il pi\u00f9 importante futurologo del mondo, Magnus Lindqvist, \u00e8 intervenuto allo Swiss Leadership Forum 2019 (Foto: Markus Senn)<\/figcaption><\/figure>\n<p>450 partecipanti, dirigenti, amministratori delegati e manager, insieme ai relatori e agli oratori principali, hanno gettato uno sguardo sul futuro digitale da plasmare. Perch\u00e9 \"se non ci modelliamo, saremo modellati e dovremo accettare i vari scenari che sembrano profilarsi all'orizzonte\", ha dichiarato il padrone di casa, iniziatore e CEO dello Swiss Leadership Forum, Stephan Isenschmid.<\/p>\n<h2>L'empowerment digitale richiesto<\/h2>\n<p>In quanto membri volontari della societ\u00e0 globale dei dati, da un lato godiamo di un elevato livello di comfort, ma dall'altro ci sottraiamo al controllo. Il Prof. Dr. Dirk Helbing, docente di Scienze Sociali Computazionali presso il Politecnico di Zurigo, lo sconsiglia vivamente. Nel suo discorso di apertura, ha invocato una riprogettazione della societ\u00e0 e un \"empowerment digitale\": \"Utilizzando l'IoT in combinazione con la blockchain, si potrebbe realizzare un feedback multidimensionale in tempo reale che promuova le aziende e le persone in base a obiettivi (ecosostenibili). Il risultato \u00e8 un'economia circolare e un'economia della condivisione che consente un'innovazione combinatoria, un'intelligenza collettiva che rafforza la democrazia e un feedback multidimensionale in tempo reale che salva la natura. Perch\u00e9 non siamo sostenibili se non abbiamo un'economia sostenibile\".<\/p>\n<h2>Come la nostra memoria ci \"imbroglia\"<\/h2>\n<p>La psicologa legale ed esperta di intelligenza artificiale Julia Shaw ha dato una dimostrazione impressionante di come si possano manipolare i ricordi. Possiamo anche ricordare cose che non sono mai accadute. La colpa \u00e8 della nostra \"falsa memoria\": \"I ricordi sono una simulazione personale. Ecco perch\u00e9 consiglio di annotare o registrare sempre le cose importanti, partendo dal presupposto che verranno dimenticate\", afferma l'autore di \"La memoria ingannevole\". Questo non ha nulla a che vedere con l'\"amnesia digitale\". Anche se oggi non dobbiamo memorizzare tante cose, dobbiamo pensare in modo pi\u00f9 interconnesso, il che \u00e8 anche una grande impresa di memoria.<\/p>\n<h2>\"L'innovazione avviene quando le idee fanno sesso\"<\/h2>\n<p>Come saranno la vita, la societ\u00e0 e l'economia del futuro? E come possiamo prepararci ad affrontarlo? Il futurologo e \"agopunturista intellettuale\" Magnus Lindkvist raccomanda nelle sue 7 tesi per il futuro di non copiare ma di sperimentare, di non adagiarsi sul proprio successo ma di cercare un significato, di avere un \"rapporto aperto\" con le regole, di coltivare la diversit\u00e0 in azienda, di cercare l'attrito creativo e di non capitolare quando i primi tentativi falliscono: \"Anche aziende come Nestl\u00e9, Twitter e Roomba hanno dovuto accettare il fallimento all'inizio\".<\/p>\n<h2>Molti altri punti salienti dello Swiss Leadership Forum 2019<\/h2>\n<p>Il ricercatore sui giovani Simon Schnetzer ha scoperto cosa vogliono i giovani talenti dal loro lavoro: significato, divertimento e sicurezza. Charlotte de Brabandt, 30 Under 30 Megawatt Supply Chain Star, ha condiviso le intuizioni su ci\u00f2 che rende un buon leader: eccellenti capacit\u00e0 di comunicazione e influenza, soft skills e intelligenza emotiva, curiosit\u00e0, intuizione, gestione del cambiamento e uno stile di leadership agile e collaborativo. Per una nuova leadership, lontana dal \"comando e controllo\", verso un leader autentico e stimolante, dotato di competenze personali, sociali e di attuazione, l'autore di \"Un forte NOI inizia con VOI\", J\u00fcrgen Balhuber, incoraggia. E il ricercatore strategico-empirico Dr. Andreas Bausch dell'Universit\u00e0 Justus Liebig di Giessen \u00e8 riuscito a dimostrare che il passato non \u00e8 mai stato cos\u00ec insignificante per il successo come oggi, ma che l'amministratore delegato ha un'enorme influenza sul successo dell'azienda.<\/p>\n<h2>Il prossimo Swiss Leadership Forum<\/h2>\n<p>Durante le pause della conferenza e la cena conclusiva, i partecipanti hanno goduto di uno stimolante scambio di idee tra persone che la pensano allo stesso modo, hanno discusso i nuovi spunti di riflessione e si sono impegnati in conversazioni approfondite. La 17a edizione dello Swiss Leadership Forum si terr\u00e0 il 19 novembre 2020 presso il Dolder Grand Hotel.<\/p>\n<p><em><a href=\"http:\/\/www.swissleader.ch\">www.swissleader.ch<\/a><\/em><\/p>","protected":false},"excerpt":{"rendered":"<p>450 Teilnehmerinnen und Teilnehmer, Executives, Gesch\u00e4ftsf\u00fchrer und Kaderleute, warfen zusammen mit den Impulsgebern und Keynote-Referentinnen einen Blick in die digitale Zukunft, die es zu gestalten gilt. Denn \u00abwenn wir nicht gestalten, werden wir gestaltet und m\u00fcssen diverse Szenarien, wie sie sich anzubahnen scheinen, hinnehmen\u00bb, so Gastgeber, Initiator und Gesch\u00e4ftsf\u00fchrer des Swiss Leadership Forums, Stephan Isenschmid. [&hellip;]<\/p>\n","protected":false},"author":4,"featured_media":8516,"comment_status":"closed","ping_status":"closed","sticky":false,"template":"","format":"standard","meta":{"_acf_changed":false,"_yoast_wpseo_focuskw":"Swiss Leadership","_yoast_wpseo_metadesc":"Antworten auf brennende Fragen lieferte das Swiss Leadership Forum, welches am 21. November 2019 F\u00fchrungskr\u00e4fte quer durch alle Branchen bewegte.","articlekey":"","footnotes":""},"categories":[28],"tags":[186,320,335,502],"class_list":["post-8600","post","type-post","status-publish","format-standard","has-post-thumbnail","hentry","category-management","tag-event","tag-leadership","tag-management-und-unternehmensfuehrung","tag-veranstaltungen"],"acf":[],"yoast_head":"<!-- This site is optimized with the Yoast SEO plugin v27.5 - https:\/\/yoast.com\/product\/yoast-seo-wordpress\/ -->\n<title>Die Zukunft hat angeklopft: R\u00fcckblick zum Swiss Leadership Forum 2019 - Organisator<\/title>\n<meta name=\"description\" content=\"Antworten auf brennende Fragen lieferte das Swiss Leadership Forum, welches am 21. November 2019 F\u00fchrungskr\u00e4fte quer durch alle Branchen bewegte.\" \/>\n<meta name=\"robots\" content=\"index, follow, max-snippet:-1, max-image-preview:large, max-video-preview:-1\" \/>\n<link rel=\"canonical\" href=\"https:\/\/www.organisator.ch\/it\/gestione-2\/2019-11-27\/die-zukunft-hat-angeklopft-rueckblick-zum-swiss-leadership-forum-2019\/\" \/>\n<meta property=\"og:locale\" content=\"it_IT\" \/>\n<meta property=\"og:type\" content=\"article\" \/>\n<meta property=\"og:title\" content=\"Die Zukunft hat angeklopft: R\u00fcckblick zum Swiss Leadership Forum 2019\" \/>\n<meta property=\"og:description\" content=\"Antworten auf brennende Fragen lieferte das Swiss Leadership Forum, welches am 21. November 2019 F\u00fchrungskr\u00e4fte quer durch alle Branchen bewegte.\" \/>\n<meta property=\"og:url\" content=\"https:\/\/www.organisator.ch\/it\/gestione-2\/2019-11-27\/die-zukunft-hat-angeklopft-rueckblick-zum-swiss-leadership-forum-2019\/\" \/>\n<meta property=\"og:site_name\" content=\"Organisator\" \/>\n<meta property=\"article:publisher\" content=\"https:\/\/www.facebook.com\/OrganisatorFachmagazin\" \/>\n<meta property=\"article:published_time\" content=\"2019-11-27T10:13:22+00:00\" \/>\n<meta name=\"author\" content=\"thomas.berner\" \/>\n<meta name=\"twitter:card\" content=\"summary_large_image\" \/>\n<meta name=\"twitter:title\" content=\"Die Zukunft hat angeklopft: R\u00fcckblick zum Swiss Leadership Forum 2019\" \/>\n<meta name=\"twitter:description\" content=\"Antworten auf brennende Fragen lieferte das Swiss Leadership Forum, welches am 21. November 2019 F\u00fchrungskr\u00e4fte quer durch alle Branchen bewegte.\" \/>\n<script type=\"application\/ld+json\" class=\"yoast-schema-graph\">{\"@context\":\"https:\\\/\\\/schema.org\",\"@graph\":[{\"@type\":\"Article\",\"@id\":\"https:\\\/\\\/www.organisator.ch\\\/management\\\/2019-11-27\\\/die-zukunft-hat-angeklopft-rueckblick-zum-swiss-leadership-forum-2019\\\/#article\",\"isPartOf\":{\"@id\":\"https:\\\/\\\/www.organisator.ch\\\/management\\\/2019-11-27\\\/die-zukunft-hat-angeklopft-rueckblick-zum-swiss-leadership-forum-2019\\\/\"},\"author\":{\"name\":\"thomas.berner\",\"@id\":\"https:\\\/\\\/www.organisator.ch\\\/#\\\/schema\\\/person\\\/6f650f90b2842cd4c0cc334b4e36f67e\"},\"headline\":\"Die Zukunft hat angeklopft: R\u00fcckblick zum Swiss Leadership Forum 2019\",\"datePublished\":\"2019-11-27T10:13:22+00:00\",\"mainEntityOfPage\":{\"@id\":\"https:\\\/\\\/www.organisator.ch\\\/management\\\/2019-11-27\\\/die-zukunft-hat-angeklopft-rueckblick-zum-swiss-leadership-forum-2019\\\/\"},\"wordCount\":596,\"publisher\":{\"@id\":\"https:\\\/\\\/www.organisator.ch\\\/#organization\"},\"image\":{\"@id\":\"https:\\\/\\\/www.organisator.ch\\\/management\\\/2019-11-27\\\/die-zukunft-hat-angeklopft-rueckblick-zum-swiss-leadership-forum-2019\\\/#primaryimage\"},\"thumbnailUrl\":\"https:\\\/\\\/www.organisator.ch\\\/wp-content\\\/uploads\\\/2019\\\/11\\\/Die-Zukunft-hat-angeklopft-Rueckblick-zum-Swiss-Leadership-Forum-2019_Organisator.jpg\",\"keywords\":[\"Event\",\"Leadership\",\"Management und Unternehmensf\u00fchrung\",\"Veranstaltungen\"],\"articleSection\":[\"MANAGEMENT\"],\"inLanguage\":\"it-IT\"},{\"@type\":\"WebPage\",\"@id\":\"https:\\\/\\\/www.organisator.ch\\\/management\\\/2019-11-27\\\/die-zukunft-hat-angeklopft-rueckblick-zum-swiss-leadership-forum-2019\\\/\",\"url\":\"https:\\\/\\\/www.organisator.ch\\\/management\\\/2019-11-27\\\/die-zukunft-hat-angeklopft-rueckblick-zum-swiss-leadership-forum-2019\\\/\",\"name\":\"Die Zukunft hat angeklopft: R\u00fcckblick zum Swiss Leadership Forum 2019 - Organisator\",\"isPartOf\":{\"@id\":\"https:\\\/\\\/www.organisator.ch\\\/#website\"},\"primaryImageOfPage\":{\"@id\":\"https:\\\/\\\/www.organisator.ch\\\/management\\\/2019-11-27\\\/die-zukunft-hat-angeklopft-rueckblick-zum-swiss-leadership-forum-2019\\\/#primaryimage\"},\"image\":{\"@id\":\"https:\\\/\\\/www.organisator.ch\\\/management\\\/2019-11-27\\\/die-zukunft-hat-angeklopft-rueckblick-zum-swiss-leadership-forum-2019\\\/#primaryimage\"},\"thumbnailUrl\":\"https:\\\/\\\/www.organisator.ch\\\/wp-content\\\/uploads\\\/2019\\\/11\\\/Die-Zukunft-hat-angeklopft-Rueckblick-zum-Swiss-Leadership-Forum-2019_Organisator.jpg\",\"datePublished\":\"2019-11-27T10:13:22+00:00\",\"description\":\"Antworten auf brennende Fragen lieferte das Swiss Leadership Forum, welches am 21. November 2019 F\u00fchrungskr\u00e4fte quer durch alle Branchen bewegte.\",\"breadcrumb\":{\"@id\":\"https:\\\/\\\/www.organisator.ch\\\/management\\\/2019-11-27\\\/die-zukunft-hat-angeklopft-rueckblick-zum-swiss-leadership-forum-2019\\\/#breadcrumb\"},\"inLanguage\":\"it-IT\",\"potentialAction\":[{\"@type\":\"ReadAction\",\"target\":[\"https:\\\/\\\/www.organisator.ch\\\/management\\\/2019-11-27\\\/die-zukunft-hat-angeklopft-rueckblick-zum-swiss-leadership-forum-2019\\\/\"]}]},{\"@type\":\"ImageObject\",\"inLanguage\":\"it-IT\",\"@id\":\"https:\\\/\\\/www.organisator.ch\\\/management\\\/2019-11-27\\\/die-zukunft-hat-angeklopft-rueckblick-zum-swiss-leadership-forum-2019\\\/#primaryimage\",\"url\":\"https:\\\/\\\/www.organisator.ch\\\/wp-content\\\/uploads\\\/2019\\\/11\\\/Die-Zukunft-hat-angeklopft-Rueckblick-zum-Swiss-Leadership-Forum-2019_Organisator.jpg\",\"contentUrl\":\"https:\\\/\\\/www.organisator.ch\\\/wp-content\\\/uploads\\\/2019\\\/11\\\/Die-Zukunft-hat-angeklopft-Rueckblick-zum-Swiss-Leadership-Forum-2019_Organisator.jpg\",\"width\":680,\"height\":396,\"caption\":\"Der weltweit f\u00fchrende Futurologe Magnus Lindqvist sprach am Swiss Leadership Forum 2019 (Foto: Markus Senn)\"},{\"@type\":\"BreadcrumbList\",\"@id\":\"https:\\\/\\\/www.organisator.ch\\\/management\\\/2019-11-27\\\/die-zukunft-hat-angeklopft-rueckblick-zum-swiss-leadership-forum-2019\\\/#breadcrumb\",\"itemListElement\":[{\"@type\":\"ListItem\",\"position\":1,\"name\":\"Home\",\"item\":\"https:\\\/\\\/www.organisator.ch\\\/\"},{\"@type\":\"ListItem\",\"position\":2,\"name\":\"Die Zukunft hat angeklopft: R\u00fcckblick zum Swiss Leadership Forum 2019\"}]},{\"@type\":\"WebSite\",\"@id\":\"https:\\\/\\\/www.organisator.ch\\\/#website\",\"url\":\"https:\\\/\\\/www.organisator.ch\\\/\",\"name\":\"Organisator\",\"description\":\"Kompetent. Praxisnah. Der ORGANISATOR bereitet in 10 Ausgaben pro Jahr die wesentlichen Themen f\u00fcr F\u00fchrungskr\u00e4fte von KMU auf.\",\"publisher\":{\"@id\":\"https:\\\/\\\/www.organisator.ch\\\/#organization\"},\"potentialAction\":[{\"@type\":\"SearchAction\",\"target\":{\"@type\":\"EntryPoint\",\"urlTemplate\":\"https:\\\/\\\/www.organisator.ch\\\/?s={search_term_string}\"},\"query-input\":{\"@type\":\"PropertyValueSpecification\",\"valueRequired\":true,\"valueName\":\"search_term_string\"}}],\"inLanguage\":\"it-IT\"},{\"@type\":\"Organization\",\"@id\":\"https:\\\/\\\/www.organisator.ch\\\/#organization\",\"name\":\"Organisator\",\"url\":\"https:\\\/\\\/www.organisator.ch\\\/\",\"logo\":{\"@type\":\"ImageObject\",\"inLanguage\":\"it-IT\",\"@id\":\"https:\\\/\\\/www.organisator.ch\\\/#\\\/schema\\\/logo\\\/image\\\/\",\"url\":\"https:\\\/\\\/www.organisator.ch\\\/wp-content\\\/uploads\\\/2022\\\/01\\\/Logo_Organisator_Website.png\",\"contentUrl\":\"https:\\\/\\\/www.organisator.ch\\\/wp-content\\\/uploads\\\/2022\\\/01\\\/Logo_Organisator_Website.png\",\"width\":800,\"height\":77,\"caption\":\"Organisator\"},\"image\":{\"@id\":\"https:\\\/\\\/www.organisator.ch\\\/#\\\/schema\\\/logo\\\/image\\\/\"},\"sameAs\":[\"https:\\\/\\\/www.facebook.com\\\/OrganisatorFachmagazin\",\"https:\\\/\\\/www.linkedin.com\\\/showcase\\\/organisator-das-magazin-fr-kmu\",\"https:\\\/\\\/www.xing.com\\\/news\\\/pages\\\/organisator-ch-695\",\"https:\\\/\\\/www.youtube.com\\\/channel\\\/UCGP2Sq0iWaZwT3BdIAQFYpw\"]},{\"@type\":\"Person\",\"@id\":\"https:\\\/\\\/www.organisator.ch\\\/#\\\/schema\\\/person\\\/6f650f90b2842cd4c0cc334b4e36f67e\",\"name\":\"thomas.berner\",\"image\":{\"@type\":\"ImageObject\",\"inLanguage\":\"it-IT\",\"@id\":\"https:\\\/\\\/secure.gravatar.com\\\/avatar\\\/ac5001d2a36cb6c6cd3e50789007ffca834b477b74a2144564522e944eabff61?s=96&d=mm&r=g\",\"url\":\"https:\\\/\\\/secure.gravatar.com\\\/avatar\\\/ac5001d2a36cb6c6cd3e50789007ffca834b477b74a2144564522e944eabff61?s=96&d=mm&r=g\",\"contentUrl\":\"https:\\\/\\\/secure.gravatar.com\\\/avatar\\\/ac5001d2a36cb6c6cd3e50789007ffca834b477b74a2144564522e944eabff61?s=96&d=mm&r=g\",\"caption\":\"thomas.berner\"},\"url\":\"https:\\\/\\\/www.organisator.ch\\\/it\\\/author\\\/thomas-berner\\\/\"}]}<\/script>\n<!-- \/ Yoast SEO plugin. -->","yoast_head_json":{"title":"Il futuro ha bussato: bilancio dello Swiss Leadership Forum 2019 - Organizzatore","description":"Le risposte alle domande pi\u00f9 scottanti sono state fornite dallo Swiss Leadership Forum, che il 21 novembre 2019 ha coinvolto leader di tutti i settori.","robots":{"index":"index","follow":"follow","max-snippet":"max-snippet:-1","max-image-preview":"max-image-preview:large","max-video-preview":"max-video-preview:-1"},"canonical":"https:\/\/www.organisator.ch\/it\/gestione-2\/2019-11-27\/die-zukunft-hat-angeklopft-rueckblick-zum-swiss-leadership-forum-2019\/","og_locale":"it_IT","og_type":"article","og_title":"Die Zukunft hat angeklopft: R\u00fcckblick zum Swiss Leadership Forum 2019","og_description":"Antworten auf brennende Fragen lieferte das Swiss Leadership Forum, welches am 21. November 2019 F\u00fchrungskr\u00e4fte quer durch alle Branchen bewegte.","og_url":"https:\/\/www.organisator.ch\/it\/gestione-2\/2019-11-27\/die-zukunft-hat-angeklopft-rueckblick-zum-swiss-leadership-forum-2019\/","og_site_name":"Organisator","article_publisher":"https:\/\/www.facebook.com\/OrganisatorFachmagazin","article_published_time":"2019-11-27T10:13:22+00:00","author":"thomas.berner","twitter_card":"summary_large_image","twitter_title":"Die Zukunft hat angeklopft: R\u00fcckblick zum Swiss Leadership Forum 2019","twitter_description":"Antworten auf brennende Fragen lieferte das Swiss Leadership Forum, welches am 21. November 2019 F\u00fchrungskr\u00e4fte quer durch alle Branchen bewegte.","schema":{"@context":"https:\/\/schema.org","@graph":[{"@type":"Article","@id":"https:\/\/www.organisator.ch\/management\/2019-11-27\/die-zukunft-hat-angeklopft-rueckblick-zum-swiss-leadership-forum-2019\/#article","isPartOf":{"@id":"https:\/\/www.organisator.ch\/management\/2019-11-27\/die-zukunft-hat-angeklopft-rueckblick-zum-swiss-leadership-forum-2019\/"},"author":{"name":"thomas.berner","@id":"https:\/\/www.organisator.ch\/#\/schema\/person\/6f650f90b2842cd4c0cc334b4e36f67e"},"headline":"Die Zukunft hat angeklopft: R\u00fcckblick zum Swiss Leadership Forum 2019","datePublished":"2019-11-27T10:13:22+00:00","mainEntityOfPage":{"@id":"https:\/\/www.organisator.ch\/management\/2019-11-27\/die-zukunft-hat-angeklopft-rueckblick-zum-swiss-leadership-forum-2019\/"},"wordCount":596,"publisher":{"@id":"https:\/\/www.organisator.ch\/#organization"},"image":{"@id":"https:\/\/www.organisator.ch\/management\/2019-11-27\/die-zukunft-hat-angeklopft-rueckblick-zum-swiss-leadership-forum-2019\/#primaryimage"},"thumbnailUrl":"https:\/\/www.organisator.ch\/wp-content\/uploads\/2019\/11\/Die-Zukunft-hat-angeklopft-Rueckblick-zum-Swiss-Leadership-Forum-2019_Organisator.jpg","keywords":["Event","Leadership","Management und Unternehmensf\u00fchrung","Veranstaltungen"],"articleSection":["MANAGEMENT"],"inLanguage":"it-IT"},{"@type":"WebPage","@id":"https:\/\/www.organisator.ch\/management\/2019-11-27\/die-zukunft-hat-angeklopft-rueckblick-zum-swiss-leadership-forum-2019\/","url":"https:\/\/www.organisator.ch\/management\/2019-11-27\/die-zukunft-hat-angeklopft-rueckblick-zum-swiss-leadership-forum-2019\/","name":"Il futuro ha bussato: bilancio dello Swiss Leadership Forum 2019 - Organizzatore","isPartOf":{"@id":"https:\/\/www.organisator.ch\/#website"},"primaryImageOfPage":{"@id":"https:\/\/www.organisator.ch\/management\/2019-11-27\/die-zukunft-hat-angeklopft-rueckblick-zum-swiss-leadership-forum-2019\/#primaryimage"},"image":{"@id":"https:\/\/www.organisator.ch\/management\/2019-11-27\/die-zukunft-hat-angeklopft-rueckblick-zum-swiss-leadership-forum-2019\/#primaryimage"},"thumbnailUrl":"https:\/\/www.organisator.ch\/wp-content\/uploads\/2019\/11\/Die-Zukunft-hat-angeklopft-Rueckblick-zum-Swiss-Leadership-Forum-2019_Organisator.jpg","datePublished":"2019-11-27T10:13:22+00:00","description":"Le risposte alle domande pi\u00f9 scottanti sono state fornite dallo Swiss Leadership Forum, che il 21 novembre 2019 ha coinvolto leader di tutti i settori.","breadcrumb":{"@id":"https:\/\/www.organisator.ch\/management\/2019-11-27\/die-zukunft-hat-angeklopft-rueckblick-zum-swiss-leadership-forum-2019\/#breadcrumb"},"inLanguage":"it-IT","potentialAction":[{"@type":"ReadAction","target":["https:\/\/www.organisator.ch\/management\/2019-11-27\/die-zukunft-hat-angeklopft-rueckblick-zum-swiss-leadership-forum-2019\/"]}]},{"@type":"ImageObject","inLanguage":"it-IT","@id":"https:\/\/www.organisator.ch\/management\/2019-11-27\/die-zukunft-hat-angeklopft-rueckblick-zum-swiss-leadership-forum-2019\/#primaryimage","url":"https:\/\/www.organisator.ch\/wp-content\/uploads\/2019\/11\/Die-Zukunft-hat-angeklopft-Rueckblick-zum-Swiss-Leadership-Forum-2019_Organisator.jpg","contentUrl":"https:\/\/www.organisator.ch\/wp-content\/uploads\/2019\/11\/Die-Zukunft-hat-angeklopft-Rueckblick-zum-Swiss-Leadership-Forum-2019_Organisator.jpg","width":680,"height":396,"caption":"Der weltweit f\u00fchrende Futurologe Magnus Lindqvist sprach am Swiss Leadership Forum 2019 (Foto: Markus Senn)"},{"@type":"BreadcrumbList","@id":"https:\/\/www.organisator.ch\/management\/2019-11-27\/die-zukunft-hat-angeklopft-rueckblick-zum-swiss-leadership-forum-2019\/#breadcrumb","itemListElement":[{"@type":"ListItem","position":1,"name":"Home","item":"https:\/\/www.organisator.ch\/"},{"@type":"ListItem","position":2,"name":"Die Zukunft hat angeklopft: R\u00fcckblick zum Swiss Leadership Forum 2019"}]},{"@type":"WebSite","@id":"https:\/\/www.organisator.ch\/#website","url":"https:\/\/www.organisator.ch\/","name":"Organizzatore","description":"Competente. Pratico. In 10 numeri all'anno, ORGANISATOR presenta i temi essenziali per i manager delle PMI.","publisher":{"@id":"https:\/\/www.organisator.ch\/#organization"},"potentialAction":[{"@type":"SearchAction","target":{"@type":"EntryPoint","urlTemplate":"https:\/\/www.organisator.ch\/?s={search_term_string}"},"query-input":{"@type":"PropertyValueSpecification","valueRequired":true,"valueName":"search_term_string"}}],"inLanguage":"it-IT"},{"@type":"Organization","@id":"https:\/\/www.organisator.ch\/#organization","name":"Organizzatore","url":"https:\/\/www.organisator.ch\/","logo":{"@type":"ImageObject","inLanguage":"it-IT","@id":"https:\/\/www.organisator.ch\/#\/schema\/logo\/image\/","url":"https:\/\/www.organisator.ch\/wp-content\/uploads\/2022\/01\/Logo_Organisator_Website.png","contentUrl":"https:\/\/www.organisator.ch\/wp-content\/uploads\/2022\/01\/Logo_Organisator_Website.png","width":800,"height":77,"caption":"Organisator"},"image":{"@id":"https:\/\/www.organisator.ch\/#\/schema\/logo\/image\/"},"sameAs":["https:\/\/www.facebook.com\/OrganisatorFachmagazin","https:\/\/www.linkedin.com\/showcase\/organisator-das-magazin-fr-kmu","https:\/\/www.xing.com\/news\/pages\/organisator-ch-695","https:\/\/www.youtube.com\/channel\/UCGP2Sq0iWaZwT3BdIAQFYpw"]},{"@type":"Person","@id":"https:\/\/www.organisator.ch\/#\/schema\/person\/6f650f90b2842cd4c0cc334b4e36f67e","name":"Tommaso.berner","image":{"@type":"ImageObject","inLanguage":"it-IT","@id":"https:\/\/secure.gravatar.com\/avatar\/ac5001d2a36cb6c6cd3e50789007ffca834b477b74a2144564522e944eabff61?s=96&d=mm&r=g","url":"https:\/\/secure.gravatar.com\/avatar\/ac5001d2a36cb6c6cd3e50789007ffca834b477b74a2144564522e944eabff61?s=96&d=mm&r=g","contentUrl":"https:\/\/secure.gravatar.com\/avatar\/ac5001d2a36cb6c6cd3e50789007ffca834b477b74a2144564522e944eabff61?s=96&d=mm&r=g","caption":"thomas.berner"},"url":"https:\/\/www.organisator.ch\/it\/author\/thomas-berner\/"}]}},"_links":{"self":[{"href":"https:\/\/www.organisator.ch\/it\/wp-json\/wp\/v2\/posts\/8600","targetHints":{"allow":["GET"]}}],"collection":[{"href":"https:\/\/www.organisator.ch\/it\/wp-json\/wp\/v2\/posts"}],"about":[{"href":"https:\/\/www.organisator.ch\/it\/wp-json\/wp\/v2\/types\/post"}],"author":[{"embeddable":true,"href":"https:\/\/www.organisator.ch\/it\/wp-json\/wp\/v2\/users\/4"}],"replies":[{"embeddable":true,"href":"https:\/\/www.organisator.ch\/it\/wp-json\/wp\/v2\/comments?post=8600"}],"version-history":[{"count":0,"href":"https:\/\/www.organisator.ch\/it\/wp-json\/wp\/v2\/posts\/8600\/revisions"}],"wp:featuredmedia":[{"embeddable":true,"href":"https:\/\/www.organisator.ch\/it\/wp-json\/wp\/v2\/media\/8516"}],"wp:attachment":[{"href":"https:\/\/www.organisator.ch\/it\/wp-json\/wp\/v2\/media?parent=8600"}],"wp:term":[{"taxonomy":"category","embeddable":true,"href":"https:\/\/www.organisator.ch\/it\/wp-json\/wp\/v2\/categories?post=8600"},{"taxonomy":"post_tag","embeddable":true,"href":"https:\/\/www.organisator.ch\/it\/wp-json\/wp\/v2\/tags?post=8600"}],"curies":[{"name":"wp","href":"https:\/\/api.w.org\/{rel}","templated":true}]}}