{"id":8602,"date":"2019-11-28T11:54:21","date_gmt":"2019-11-28T10:54:21","guid":{"rendered":"https:\/\/www.organisator.ch\/?p=6084"},"modified":"2019-11-28T11:54:21","modified_gmt":"2019-11-28T10:54:21","slug":"fachkraeftemangel-in-der-schweiz-ist-weiter-gestiegen","status":"publish","type":"post","link":"https:\/\/www.organisator.ch\/it\/human-resources\/hrm\/2019-11-28\/fachkraeftemangel-in-der-schweiz-ist-weiter-gestiegen\/","title":{"rendered":"La carenza di lavoratori qualificati in Svizzera \u00e8 aumentata ulteriormente"},"content":{"rendered":"<figure id=\"attachment_6085\" aria-describedby=\"caption-attachment-6085\" style=\"width: 680px\" class=\"wp-caption alignnone\"><img loading=\"lazy\" decoding=\"async\" class=\"size-medium wp-image-6085\" src=\"https:\/\/www.organisator.ch\/wp-content\/uploads\/2019\/11\/Fachkraeftemangel-in-der-Schweiz-ist-weiter-gestiegen_Organisator.jpg\" alt=\"\" width=\"680\" height=\"261\" \/><figcaption id=\"caption-attachment-6085\" class=\"wp-caption-text\">La carenza di lavoratori qualificati in Svizzera \u00e8 aumentata ulteriormente. Questo \u00e8 dimostrato dall'ultimo Skilled Worker Shortage Index. (Grafico: Adecco Group)<\/figcaption><\/figure>\n<p>La carenza di lavoratori qualificati in Svizzera \u00e8 aumentata: La situazione nelle professioni con la maggiore carenza di lavoratori qualificati si \u00e8 nuovamente aggravata rispetto all'anno precedente. Le aziende hanno quindi ancora pi\u00f9 difficolt\u00e0 a trovare personale adatto alle professioni in questione nel 2019 rispetto a un anno fa. \"Le aziende lottano per i migliori professionisti sul mercato e si sforzano sempre pi\u00f9 di essere un top employer\", aggiunge Nicole Burth, CEO di Adecco Group Switzerland.<\/p>\n<p>La classifica della carenza di competenze mostra anche che in molte occupazioni ci sono molte pi\u00f9 persone alla ricerca di un lavoro di quante siano le offerte di lavoro pubblicate. Tuttavia, la situazione per le persone in cerca di lavoro si \u00e8 un po' attenuata nella maggior parte delle occupazioni con un eccesso di offerta di lavoratori qualificati rispetto all'anno precedente: il numero di posti vacanti \u00e8 aumentato nella maggior parte dei casi, mentre il numero di persone in cerca di lavoro \u00e8 un po' diminuito. \"Nelle occupazioni in fondo alla classifica, con un'offerta eccessiva di lavoratori qualificati, \u00e8 probabile che chi cerca lavoro continui ad avere difficolt\u00e0 a trovare un'occupazione e a negoziare le condizioni di lavoro\", commenta Helen Buchs dello Swiss Job Market Monitor.<\/p>\n<h2>Carenza di lavoratori qualificati in Svizzera: acuta nelle professioni ingegneristiche, tecniche e fiduciarie<\/h2>\n<p>Nel 2019, come nell'anno precedente, le professioni dell'ingegneria sono al primo posto nella classifica delle carenze di manodopera qualificata. Questo gruppo occupazionale include, per esempio, ingegneri civili ed elettronici. Nel 2019, le occupazioni della tecnologia, che erano al terzo posto nel 2018, sono salite al secondo posto. Questo gruppo professionale include, per esempio, i tecnici del riscaldamento, della ventilazione e dell'aria condizionata. Le occupazioni informatiche, che includono analisti e programmatori, sono al quarto posto. \"Per le aziende, il cosiddetto upskilling e reskilling del personale esistente o appena assunto gioca un ruolo sempre pi\u00f9 importante. Da un lato, l'espansione delle qualifiche esistenti \u00e8 importante. Per esempio, se un'azienda sostiene un ingegnere elettrico nel continuare la sua formazione per diventare ingegnere elettrico mentre lavora. D'altra parte, \u00e8 essenziale ampliare continuamente le qualifiche dei dipendenti sul posto di lavoro attraverso la formazione e lo sviluppo\", sottolinea Luca Semeraro, responsabile del reclutamento professionale del Gruppo Adecco Svizzera.<\/p>\n<p>Nel 2019, come nell'anno precedente, c'\u00e8 un'acuta carenza di lavoratori qualificati nelle professioni fiduciarie, che includono revisori, fiduciari e consulenti fiscali. Di conseguenza, questo gruppo occupazionale \u00e8 al terzo posto, e trovare personale adatto per le posizioni pubblicizzate in questo settore \u00e8 attualmente una grande sfida. \"Le aziende pi\u00f9 piccole, in particolare, stanno attualmente lottando per tenere il passo con le condizioni, le opportunit\u00e0 di carriera e l'ambiente di lavoro delle 'Big 4'. Inoltre, l'equilibrio tra lavoro e vita privata sta diventando sempre pi\u00f9 importante. La battaglia per i professionisti formati si \u00e8 intensificata nel settore fiduciario\", sa Semeraro.<\/p>\n<p>Per le professioni della medicina umana e della farmacia, la carenza di lavoratori qualificati in Svizzera \u00e8 diventata maggiore rispetto all'anno precedente, perch\u00e9 attualmente ci sono pi\u00f9 posti vacanti annunciati rispetto al 2018, tra cui farmacisti e assistenti di farmacia. \"Come \u00e8 evidente da tempo, il numero di professionisti medici formati non pu\u00f2 tenere il passo con la domanda del nostro sistema sanitario in espansione. Il cambiamento demografico procede pi\u00f9 velocemente dell'istruzione e della formazione degli specialisti necessari. Tuttavia, ci sono opportunit\u00e0 per rendere le condizioni di lavoro ancora pi\u00f9 attraenti. \u00c8 qui che le aziende sanitarie sono particolarmente richieste\", commenta Corinne Scheiber, responsabile delle soluzioni professionali di Adecco Group Switzerland.<\/p>\n<h2>Il pi\u00f9 forte eccesso di offerta di lavoratori qualificati nelle occupazioni di pulizia, igiene e cura della persona<\/h2>\n<p>Le occupazioni con bassi requisiti di formazione sono particolarmente colpite da un eccesso di offerta di lavoratori qualificati. La competizione tra le persone in cerca di lavoro per i lavori in queste professioni sar\u00e0 probabilmente altrettanto forte. \"Pi\u00f9 alto \u00e8 il livello di formazione e di specializzazione, pi\u00f9 i lavoratori qualificati corrispondenti sono richiesti. Vale quindi la pena di istruirsi continuamente\", aggiunge Helen Buchs del Job Market Monitor Svizzera.<\/p>\n<p>Le occupazioni nel settore della pulizia e dell'igiene e della cura della persona hanno la maggiore sovrabbondanza di lavoratori qualificati di tutti i gruppi occupazionali nel 2019 e attualmente occupano l'ultimo posto nella classifica delle carenze di lavoratori qualificati. Questo gruppo occupazionale include, per esempio, professioni nella cura dei tessuti, governanti, parrucchieri ed estetisti. Anche se il rapporto tra le offerte di lavoro pubblicate e le persone in cerca di lavoro \u00e8 allo stesso basso livello dell'anno precedente, il gruppo professionale perde un posto. Questo perch\u00e9 la situazione \u00e8 leggermente migliorata nelle altre occupazioni in fondo alla classifica, dove l'eccesso di offerta \u00e8 un po' diminuito. Tuttavia, le stesse occupazioni rimangono in fondo alla classifica.<\/p>\n<p>Il terzultimo posto della classifica \u00e8 occupato dalle occupazioni nel settore dell'ospitalit\u00e0 e delle pulizie, come il personale di servizio o di cucina o i lavoratori domestici. Questo gruppo professionale ha perso un grado nel 2019 rispetto all'anno precedente. D'altra parte, le occupazioni nel settore delle costruzioni sono state in grado di recuperare un posto nel 2019 e sono ora al 29\u00b0 posto. Questo gruppo professionale comprende, per esempio, muratori, carpentieri, idraulici ed elettricisti. La situazione di eccesso di offerta si \u00e8 attenuata qui rispetto all'anno precedente, poich\u00e9 il numero di annunci di lavoro \u00e8 aumentato e il numero di persone in cerca di lavoro \u00e8 diminuito leggermente allo stesso tempo.<\/p>\n<h2>Eccedenza di manodopera qualificata anche nelle occupazioni d'ufficio<\/h2>\n<p>Anche le professioni del commercio e della vendita (per esempio commessi o cassieri) soffrono di un forte eccesso di offerta di lavoratori qualificati (quintultimo posto). \"Nelle vendite, per esempio, stiamo osservando da un lato uno spostamento verso il business online, e dall'altro, le attivit\u00e0 prima svolte dal personale nei negozi vengono sempre pi\u00f9 trasferite alle macchine, attualmente la cassa in particolare. Per i venditori, questo significa che devono concentrarsi su attivit\u00e0 che sono meno facilmente sostituibili, come consigliare e convincere i clienti\", commenta Helen Buchs del Job Market Monitor Svizzera.<\/p>\n<p>Le occupazioni con la maggiore eccedenza di lavoratori qualificati includono anche le occupazioni commerciali e amministrative come le occupazioni impiegatizie, i funzionari amministrativi o gli specialisti dell'organizzazione. Sono al penultimo posto della classifica. \"Le aziende stanno approfittando delle crescenti opportunit\u00e0 offerte dall'automazione, dalla digitalizzazione e dall'outsourcing. I cambiamenti nei contenuti e nelle tecniche di lavoro riguardano molti dipendenti di questo grande gruppo occupazionale. La formazione e la specializzazione, specialmente nelle competenze digitali, sono urgentemente necessarie per stare al passo con i progressi della digitalizzazione\", commenta Helen Buchs del Job Market Monitor Switzerland.<\/p>\n<h2>Cercasi nella Svizzera tedesca: Ingegneri e informatici<\/h2>\n<p>Nella Svizzera tedesca, le professioni dell'ingegneria e dell'informatica occupano i due primi posti nella classifica 2019 delle carenze di manodopera qualificata. Rispetto all'anno precedente, gli ingegneri hanno difeso con successo il loro primo posto, mentre gli informatici hanno recuperato due posti e la carenza di lavoratori qualificati \u00e8 diventata ancora pi\u00f9 acuta per queste professioni. Le professioni fiduciarie sono al terzo posto della classifica e hanno cos\u00ec perso un posto rispetto all'anno precedente.<\/p>\n<p>All'ultimo posto della classifica ci sono le occupazioni di pulizia e igiene e cura della persona, al penultimo posto le occupazioni di ospitalit\u00e0 e pulizia della casa, e al terzultimo posto le occupazioni di costruzione. Per questi ultimi, l'eccesso di offerta di lavoratori qualificati si \u00e8 un po' attenuato rispetto all'anno precedente e sono stati in grado di recuperare un posto.<\/p>\n<p><em>Fonte: <a href=\"http:\/\/www.adeccogroup.ch\">Gruppo Adecco<\/a><\/em><\/p>","protected":false},"excerpt":{"rendered":"<p>Der Fachkr\u00e4ftemangel in der Schweiz hat zugenommen: Die Situation in den Berufen mit dem gr\u00f6ssten Fachkr\u00e4ftemangel hat sich im Vergleich zum Vorjahr nochmals akzentuiert. Unternehmen f\u00e4llt es im Jahr 2019 damit noch schwerer, f\u00fcr die betroffenen Berufe geeignetes Personal zu finden, als noch vor einem Jahr. \u00abUnternehmen k\u00e4mpfen um die besten Fachkr\u00e4fte auf dem Markt [&hellip;]<\/p>\n","protected":false},"author":4,"featured_media":8518,"comment_status":"closed","ping_status":"closed","sticky":false,"template":"","format":"standard","meta":{"_acf_changed":false,"_yoast_wpseo_focuskw":"Fachkr\u00e4ftemangel in der Schweiz","_yoast_wpseo_metadesc":"Der Fachkr\u00e4ftemangel in der Schweiz nimmt weiter zu. Spitzenreiter sind Ingenieur- und Technikberufe sowie Berufe des Treuhandwesens.","articlekey":"","footnotes":""},"categories":[26],"tags":[62,194,254,459],"class_list":["post-8602","post","type-post","status-publish","format-standard","has-post-thumbnail","hentry","category-hrm","tag-aus-weiterbildung","tag-fachkraeftemangel","tag-hrm","tag-studie"],"acf":[],"yoast_head":"<!-- This site is optimized with the Yoast SEO plugin v27.5 - https:\/\/yoast.com\/product\/yoast-seo-wordpress\/ -->\n<title>Fachkr\u00e4ftemangel in der Schweiz ist weiter gestiegen - Organisator<\/title>\n<meta name=\"description\" content=\"Der Fachkr\u00e4ftemangel in der Schweiz nimmt weiter zu. Spitzenreiter sind Ingenieur- und Technikberufe sowie Berufe des Treuhandwesens.\" \/>\n<meta name=\"robots\" content=\"index, follow, max-snippet:-1, max-image-preview:large, max-video-preview:-1\" \/>\n<link rel=\"canonical\" href=\"https:\/\/www.organisator.ch\/it\/risorse-umane\/hrm\/2019-11-28\/fachkraeftemangel-in-der-schweiz-ist-weiter-gestiegen\/\" \/>\n<meta property=\"og:locale\" content=\"it_IT\" \/>\n<meta property=\"og:type\" content=\"article\" \/>\n<meta property=\"og:title\" content=\"Fachkr\u00e4ftemangel in der Schweiz ist weiter gestiegen\" \/>\n<meta property=\"og:description\" content=\"Der Fachkr\u00e4ftemangel in der Schweiz nimmt weiter zu. Spitzenreiter sind Ingenieur- und Technikberufe sowie Berufe des Treuhandwesens.\" \/>\n<meta property=\"og:url\" content=\"https:\/\/www.organisator.ch\/it\/risorse-umane\/hrm\/2019-11-28\/fachkraeftemangel-in-der-schweiz-ist-weiter-gestiegen\/\" \/>\n<meta property=\"og:site_name\" content=\"Organisator\" \/>\n<meta property=\"article:publisher\" content=\"https:\/\/www.facebook.com\/OrganisatorFachmagazin\" \/>\n<meta property=\"article:published_time\" content=\"2019-11-28T10:54:21+00:00\" \/>\n<meta name=\"author\" content=\"thomas.berner\" \/>\n<meta name=\"twitter:card\" content=\"summary_large_image\" \/>\n<meta name=\"twitter:title\" content=\"#Fachkr\u00e4ftemangel in der Schweiz ist weiter gestiegen\" \/>\n<meta name=\"twitter:description\" content=\"Der #Fachkr\u00e4ftemangel in der Schweiz nimmt weiter zu. Spitzenreiter sind Ingenieur- und #Technikberufe sowie Berufe des #Treuhandwesens.\" \/>\n<script type=\"application\/ld+json\" class=\"yoast-schema-graph\">{\"@context\":\"https:\\\/\\\/schema.org\",\"@graph\":[{\"@type\":\"Article\",\"@id\":\"https:\\\/\\\/www.organisator.ch\\\/human-resources\\\/hrm\\\/2019-11-28\\\/fachkraeftemangel-in-der-schweiz-ist-weiter-gestiegen\\\/#article\",\"isPartOf\":{\"@id\":\"https:\\\/\\\/www.organisator.ch\\\/human-resources\\\/hrm\\\/2019-11-28\\\/fachkraeftemangel-in-der-schweiz-ist-weiter-gestiegen\\\/\"},\"author\":{\"name\":\"thomas.berner\",\"@id\":\"https:\\\/\\\/www.organisator.ch\\\/#\\\/schema\\\/person\\\/6f650f90b2842cd4c0cc334b4e36f67e\"},\"headline\":\"Fachkr\u00e4ftemangel in der Schweiz ist weiter gestiegen\",\"datePublished\":\"2019-11-28T10:54:21+00:00\",\"mainEntityOfPage\":{\"@id\":\"https:\\\/\\\/www.organisator.ch\\\/human-resources\\\/hrm\\\/2019-11-28\\\/fachkraeftemangel-in-der-schweiz-ist-weiter-gestiegen\\\/\"},\"wordCount\":1155,\"publisher\":{\"@id\":\"https:\\\/\\\/www.organisator.ch\\\/#organization\"},\"image\":{\"@id\":\"https:\\\/\\\/www.organisator.ch\\\/human-resources\\\/hrm\\\/2019-11-28\\\/fachkraeftemangel-in-der-schweiz-ist-weiter-gestiegen\\\/#primaryimage\"},\"thumbnailUrl\":\"https:\\\/\\\/www.organisator.ch\\\/wp-content\\\/uploads\\\/2019\\\/11\\\/Fachkraeftemangel-in-der-Schweiz-ist-weiter-gestiegen_Organisator.jpg\",\"keywords\":[\"Aus-\\\/Weiterbildung\",\"Fachkr\u00e4ftemangel\",\"HRM\",\"Studie\"],\"articleSection\":[\"HRM\"],\"inLanguage\":\"it-IT\"},{\"@type\":\"WebPage\",\"@id\":\"https:\\\/\\\/www.organisator.ch\\\/human-resources\\\/hrm\\\/2019-11-28\\\/fachkraeftemangel-in-der-schweiz-ist-weiter-gestiegen\\\/\",\"url\":\"https:\\\/\\\/www.organisator.ch\\\/human-resources\\\/hrm\\\/2019-11-28\\\/fachkraeftemangel-in-der-schweiz-ist-weiter-gestiegen\\\/\",\"name\":\"Fachkr\u00e4ftemangel in der Schweiz ist weiter gestiegen - Organisator\",\"isPartOf\":{\"@id\":\"https:\\\/\\\/www.organisator.ch\\\/#website\"},\"primaryImageOfPage\":{\"@id\":\"https:\\\/\\\/www.organisator.ch\\\/human-resources\\\/hrm\\\/2019-11-28\\\/fachkraeftemangel-in-der-schweiz-ist-weiter-gestiegen\\\/#primaryimage\"},\"image\":{\"@id\":\"https:\\\/\\\/www.organisator.ch\\\/human-resources\\\/hrm\\\/2019-11-28\\\/fachkraeftemangel-in-der-schweiz-ist-weiter-gestiegen\\\/#primaryimage\"},\"thumbnailUrl\":\"https:\\\/\\\/www.organisator.ch\\\/wp-content\\\/uploads\\\/2019\\\/11\\\/Fachkraeftemangel-in-der-Schweiz-ist-weiter-gestiegen_Organisator.jpg\",\"datePublished\":\"2019-11-28T10:54:21+00:00\",\"description\":\"Der Fachkr\u00e4ftemangel in der Schweiz nimmt weiter zu. Spitzenreiter sind Ingenieur- und Technikberufe sowie Berufe des Treuhandwesens.\",\"breadcrumb\":{\"@id\":\"https:\\\/\\\/www.organisator.ch\\\/human-resources\\\/hrm\\\/2019-11-28\\\/fachkraeftemangel-in-der-schweiz-ist-weiter-gestiegen\\\/#breadcrumb\"},\"inLanguage\":\"it-IT\",\"potentialAction\":[{\"@type\":\"ReadAction\",\"target\":[\"https:\\\/\\\/www.organisator.ch\\\/human-resources\\\/hrm\\\/2019-11-28\\\/fachkraeftemangel-in-der-schweiz-ist-weiter-gestiegen\\\/\"]}]},{\"@type\":\"ImageObject\",\"inLanguage\":\"it-IT\",\"@id\":\"https:\\\/\\\/www.organisator.ch\\\/human-resources\\\/hrm\\\/2019-11-28\\\/fachkraeftemangel-in-der-schweiz-ist-weiter-gestiegen\\\/#primaryimage\",\"url\":\"https:\\\/\\\/www.organisator.ch\\\/wp-content\\\/uploads\\\/2019\\\/11\\\/Fachkraeftemangel-in-der-Schweiz-ist-weiter-gestiegen_Organisator.jpg\",\"contentUrl\":\"https:\\\/\\\/www.organisator.ch\\\/wp-content\\\/uploads\\\/2019\\\/11\\\/Fachkraeftemangel-in-der-Schweiz-ist-weiter-gestiegen_Organisator.jpg\",\"width\":680,\"height\":261,\"caption\":\"Der Fachkr\u00e4ftemangel in der Schweiz ist weiter gestiegen. Dies zeigt der j\u00fcngste Fachkr\u00e4ftemangel Index. (Grafik: Adecco Group)\"},{\"@type\":\"BreadcrumbList\",\"@id\":\"https:\\\/\\\/www.organisator.ch\\\/human-resources\\\/hrm\\\/2019-11-28\\\/fachkraeftemangel-in-der-schweiz-ist-weiter-gestiegen\\\/#breadcrumb\",\"itemListElement\":[{\"@type\":\"ListItem\",\"position\":1,\"name\":\"Home\",\"item\":\"https:\\\/\\\/www.organisator.ch\\\/\"},{\"@type\":\"ListItem\",\"position\":2,\"name\":\"Fachkr\u00e4ftemangel in der Schweiz ist weiter gestiegen\"}]},{\"@type\":\"WebSite\",\"@id\":\"https:\\\/\\\/www.organisator.ch\\\/#website\",\"url\":\"https:\\\/\\\/www.organisator.ch\\\/\",\"name\":\"Organisator\",\"description\":\"Kompetent. Praxisnah. Der ORGANISATOR bereitet in 10 Ausgaben pro Jahr die wesentlichen Themen f\u00fcr F\u00fchrungskr\u00e4fte von KMU auf.\",\"publisher\":{\"@id\":\"https:\\\/\\\/www.organisator.ch\\\/#organization\"},\"potentialAction\":[{\"@type\":\"SearchAction\",\"target\":{\"@type\":\"EntryPoint\",\"urlTemplate\":\"https:\\\/\\\/www.organisator.ch\\\/?s={search_term_string}\"},\"query-input\":{\"@type\":\"PropertyValueSpecification\",\"valueRequired\":true,\"valueName\":\"search_term_string\"}}],\"inLanguage\":\"it-IT\"},{\"@type\":\"Organization\",\"@id\":\"https:\\\/\\\/www.organisator.ch\\\/#organization\",\"name\":\"Organisator\",\"url\":\"https:\\\/\\\/www.organisator.ch\\\/\",\"logo\":{\"@type\":\"ImageObject\",\"inLanguage\":\"it-IT\",\"@id\":\"https:\\\/\\\/www.organisator.ch\\\/#\\\/schema\\\/logo\\\/image\\\/\",\"url\":\"https:\\\/\\\/www.organisator.ch\\\/wp-content\\\/uploads\\\/2022\\\/01\\\/Logo_Organisator_Website.png\",\"contentUrl\":\"https:\\\/\\\/www.organisator.ch\\\/wp-content\\\/uploads\\\/2022\\\/01\\\/Logo_Organisator_Website.png\",\"width\":800,\"height\":77,\"caption\":\"Organisator\"},\"image\":{\"@id\":\"https:\\\/\\\/www.organisator.ch\\\/#\\\/schema\\\/logo\\\/image\\\/\"},\"sameAs\":[\"https:\\\/\\\/www.facebook.com\\\/OrganisatorFachmagazin\",\"https:\\\/\\\/www.linkedin.com\\\/showcase\\\/organisator-das-magazin-fr-kmu\",\"https:\\\/\\\/www.xing.com\\\/news\\\/pages\\\/organisator-ch-695\",\"https:\\\/\\\/www.youtube.com\\\/channel\\\/UCGP2Sq0iWaZwT3BdIAQFYpw\"]},{\"@type\":\"Person\",\"@id\":\"https:\\\/\\\/www.organisator.ch\\\/#\\\/schema\\\/person\\\/6f650f90b2842cd4c0cc334b4e36f67e\",\"name\":\"thomas.berner\",\"image\":{\"@type\":\"ImageObject\",\"inLanguage\":\"it-IT\",\"@id\":\"https:\\\/\\\/secure.gravatar.com\\\/avatar\\\/ac5001d2a36cb6c6cd3e50789007ffca834b477b74a2144564522e944eabff61?s=96&d=mm&r=g\",\"url\":\"https:\\\/\\\/secure.gravatar.com\\\/avatar\\\/ac5001d2a36cb6c6cd3e50789007ffca834b477b74a2144564522e944eabff61?s=96&d=mm&r=g\",\"contentUrl\":\"https:\\\/\\\/secure.gravatar.com\\\/avatar\\\/ac5001d2a36cb6c6cd3e50789007ffca834b477b74a2144564522e944eabff61?s=96&d=mm&r=g\",\"caption\":\"thomas.berner\"},\"url\":\"https:\\\/\\\/www.organisator.ch\\\/it\\\/author\\\/thomas-berner\\\/\"}]}<\/script>\n<!-- \/ Yoast SEO plugin. -->","yoast_head_json":{"title":"La carenza di lavoratori qualificati in Svizzera \u00e8 aumentata ulteriormente - Organizzatore","description":"La carenza di lavoratori qualificati in Svizzera continua a crescere. In testa ci sono le professioni ingegneristiche e tecniche e quelle del settore fiduciario.","robots":{"index":"index","follow":"follow","max-snippet":"max-snippet:-1","max-image-preview":"max-image-preview:large","max-video-preview":"max-video-preview:-1"},"canonical":"https:\/\/www.organisator.ch\/it\/risorse-umane\/hrm\/2019-11-28\/fachkraeftemangel-in-der-schweiz-ist-weiter-gestiegen\/","og_locale":"it_IT","og_type":"article","og_title":"Fachkr\u00e4ftemangel in der Schweiz ist weiter gestiegen","og_description":"Der Fachkr\u00e4ftemangel in der Schweiz nimmt weiter zu. Spitzenreiter sind Ingenieur- und Technikberufe sowie Berufe des Treuhandwesens.","og_url":"https:\/\/www.organisator.ch\/it\/risorse-umane\/hrm\/2019-11-28\/fachkraeftemangel-in-der-schweiz-ist-weiter-gestiegen\/","og_site_name":"Organisator","article_publisher":"https:\/\/www.facebook.com\/OrganisatorFachmagazin","article_published_time":"2019-11-28T10:54:21+00:00","author":"thomas.berner","twitter_card":"summary_large_image","twitter_title":"#Fachkr\u00e4ftemangel in der Schweiz ist weiter gestiegen","twitter_description":"Der #Fachkr\u00e4ftemangel in der Schweiz nimmt weiter zu. Spitzenreiter sind Ingenieur- und #Technikberufe sowie Berufe des #Treuhandwesens.","schema":{"@context":"https:\/\/schema.org","@graph":[{"@type":"Article","@id":"https:\/\/www.organisator.ch\/human-resources\/hrm\/2019-11-28\/fachkraeftemangel-in-der-schweiz-ist-weiter-gestiegen\/#article","isPartOf":{"@id":"https:\/\/www.organisator.ch\/human-resources\/hrm\/2019-11-28\/fachkraeftemangel-in-der-schweiz-ist-weiter-gestiegen\/"},"author":{"name":"thomas.berner","@id":"https:\/\/www.organisator.ch\/#\/schema\/person\/6f650f90b2842cd4c0cc334b4e36f67e"},"headline":"Fachkr\u00e4ftemangel in der Schweiz ist weiter gestiegen","datePublished":"2019-11-28T10:54:21+00:00","mainEntityOfPage":{"@id":"https:\/\/www.organisator.ch\/human-resources\/hrm\/2019-11-28\/fachkraeftemangel-in-der-schweiz-ist-weiter-gestiegen\/"},"wordCount":1155,"publisher":{"@id":"https:\/\/www.organisator.ch\/#organization"},"image":{"@id":"https:\/\/www.organisator.ch\/human-resources\/hrm\/2019-11-28\/fachkraeftemangel-in-der-schweiz-ist-weiter-gestiegen\/#primaryimage"},"thumbnailUrl":"https:\/\/www.organisator.ch\/wp-content\/uploads\/2019\/11\/Fachkraeftemangel-in-der-Schweiz-ist-weiter-gestiegen_Organisator.jpg","keywords":["Aus-\/Weiterbildung","Fachkr\u00e4ftemangel","HRM","Studie"],"articleSection":["HRM"],"inLanguage":"it-IT"},{"@type":"WebPage","@id":"https:\/\/www.organisator.ch\/human-resources\/hrm\/2019-11-28\/fachkraeftemangel-in-der-schweiz-ist-weiter-gestiegen\/","url":"https:\/\/www.organisator.ch\/human-resources\/hrm\/2019-11-28\/fachkraeftemangel-in-der-schweiz-ist-weiter-gestiegen\/","name":"La carenza di lavoratori qualificati in Svizzera \u00e8 aumentata ulteriormente - Organizzatore","isPartOf":{"@id":"https:\/\/www.organisator.ch\/#website"},"primaryImageOfPage":{"@id":"https:\/\/www.organisator.ch\/human-resources\/hrm\/2019-11-28\/fachkraeftemangel-in-der-schweiz-ist-weiter-gestiegen\/#primaryimage"},"image":{"@id":"https:\/\/www.organisator.ch\/human-resources\/hrm\/2019-11-28\/fachkraeftemangel-in-der-schweiz-ist-weiter-gestiegen\/#primaryimage"},"thumbnailUrl":"https:\/\/www.organisator.ch\/wp-content\/uploads\/2019\/11\/Fachkraeftemangel-in-der-Schweiz-ist-weiter-gestiegen_Organisator.jpg","datePublished":"2019-11-28T10:54:21+00:00","description":"La carenza di lavoratori qualificati in Svizzera continua a crescere. In testa ci sono le professioni ingegneristiche e tecniche e quelle del settore fiduciario.","breadcrumb":{"@id":"https:\/\/www.organisator.ch\/human-resources\/hrm\/2019-11-28\/fachkraeftemangel-in-der-schweiz-ist-weiter-gestiegen\/#breadcrumb"},"inLanguage":"it-IT","potentialAction":[{"@type":"ReadAction","target":["https:\/\/www.organisator.ch\/human-resources\/hrm\/2019-11-28\/fachkraeftemangel-in-der-schweiz-ist-weiter-gestiegen\/"]}]},{"@type":"ImageObject","inLanguage":"it-IT","@id":"https:\/\/www.organisator.ch\/human-resources\/hrm\/2019-11-28\/fachkraeftemangel-in-der-schweiz-ist-weiter-gestiegen\/#primaryimage","url":"https:\/\/www.organisator.ch\/wp-content\/uploads\/2019\/11\/Fachkraeftemangel-in-der-Schweiz-ist-weiter-gestiegen_Organisator.jpg","contentUrl":"https:\/\/www.organisator.ch\/wp-content\/uploads\/2019\/11\/Fachkraeftemangel-in-der-Schweiz-ist-weiter-gestiegen_Organisator.jpg","width":680,"height":261,"caption":"Der Fachkr\u00e4ftemangel in der Schweiz ist weiter gestiegen. Dies zeigt der j\u00fcngste Fachkr\u00e4ftemangel Index. (Grafik: Adecco Group)"},{"@type":"BreadcrumbList","@id":"https:\/\/www.organisator.ch\/human-resources\/hrm\/2019-11-28\/fachkraeftemangel-in-der-schweiz-ist-weiter-gestiegen\/#breadcrumb","itemListElement":[{"@type":"ListItem","position":1,"name":"Home","item":"https:\/\/www.organisator.ch\/"},{"@type":"ListItem","position":2,"name":"Fachkr\u00e4ftemangel in der Schweiz ist weiter gestiegen"}]},{"@type":"WebSite","@id":"https:\/\/www.organisator.ch\/#website","url":"https:\/\/www.organisator.ch\/","name":"Organizzatore","description":"Competente. Pratico. In 10 numeri all'anno, ORGANISATOR presenta i temi essenziali per i manager delle PMI.","publisher":{"@id":"https:\/\/www.organisator.ch\/#organization"},"potentialAction":[{"@type":"SearchAction","target":{"@type":"EntryPoint","urlTemplate":"https:\/\/www.organisator.ch\/?s={search_term_string}"},"query-input":{"@type":"PropertyValueSpecification","valueRequired":true,"valueName":"search_term_string"}}],"inLanguage":"it-IT"},{"@type":"Organization","@id":"https:\/\/www.organisator.ch\/#organization","name":"Organizzatore","url":"https:\/\/www.organisator.ch\/","logo":{"@type":"ImageObject","inLanguage":"it-IT","@id":"https:\/\/www.organisator.ch\/#\/schema\/logo\/image\/","url":"https:\/\/www.organisator.ch\/wp-content\/uploads\/2022\/01\/Logo_Organisator_Website.png","contentUrl":"https:\/\/www.organisator.ch\/wp-content\/uploads\/2022\/01\/Logo_Organisator_Website.png","width":800,"height":77,"caption":"Organisator"},"image":{"@id":"https:\/\/www.organisator.ch\/#\/schema\/logo\/image\/"},"sameAs":["https:\/\/www.facebook.com\/OrganisatorFachmagazin","https:\/\/www.linkedin.com\/showcase\/organisator-das-magazin-fr-kmu","https:\/\/www.xing.com\/news\/pages\/organisator-ch-695","https:\/\/www.youtube.com\/channel\/UCGP2Sq0iWaZwT3BdIAQFYpw"]},{"@type":"Person","@id":"https:\/\/www.organisator.ch\/#\/schema\/person\/6f650f90b2842cd4c0cc334b4e36f67e","name":"Tommaso.berner","image":{"@type":"ImageObject","inLanguage":"it-IT","@id":"https:\/\/secure.gravatar.com\/avatar\/ac5001d2a36cb6c6cd3e50789007ffca834b477b74a2144564522e944eabff61?s=96&d=mm&r=g","url":"https:\/\/secure.gravatar.com\/avatar\/ac5001d2a36cb6c6cd3e50789007ffca834b477b74a2144564522e944eabff61?s=96&d=mm&r=g","contentUrl":"https:\/\/secure.gravatar.com\/avatar\/ac5001d2a36cb6c6cd3e50789007ffca834b477b74a2144564522e944eabff61?s=96&d=mm&r=g","caption":"thomas.berner"},"url":"https:\/\/www.organisator.ch\/it\/author\/thomas-berner\/"}]}},"_links":{"self":[{"href":"https:\/\/www.organisator.ch\/it\/wp-json\/wp\/v2\/posts\/8602","targetHints":{"allow":["GET"]}}],"collection":[{"href":"https:\/\/www.organisator.ch\/it\/wp-json\/wp\/v2\/posts"}],"about":[{"href":"https:\/\/www.organisator.ch\/it\/wp-json\/wp\/v2\/types\/post"}],"author":[{"embeddable":true,"href":"https:\/\/www.organisator.ch\/it\/wp-json\/wp\/v2\/users\/4"}],"replies":[{"embeddable":true,"href":"https:\/\/www.organisator.ch\/it\/wp-json\/wp\/v2\/comments?post=8602"}],"version-history":[{"count":0,"href":"https:\/\/www.organisator.ch\/it\/wp-json\/wp\/v2\/posts\/8602\/revisions"}],"wp:featuredmedia":[{"embeddable":true,"href":"https:\/\/www.organisator.ch\/it\/wp-json\/wp\/v2\/media\/8518"}],"wp:attachment":[{"href":"https:\/\/www.organisator.ch\/it\/wp-json\/wp\/v2\/media?parent=8602"}],"wp:term":[{"taxonomy":"category","embeddable":true,"href":"https:\/\/www.organisator.ch\/it\/wp-json\/wp\/v2\/categories?post=8602"},{"taxonomy":"post_tag","embeddable":true,"href":"https:\/\/www.organisator.ch\/it\/wp-json\/wp\/v2\/tags?post=8602"}],"curies":[{"name":"wp","href":"https:\/\/api.w.org\/{rel}","templated":true}]}}