{"id":8603,"date":"2019-11-29T09:31:40","date_gmt":"2019-11-29T08:31:40","guid":{"rendered":"https:\/\/www.organisator.ch\/?p=6087"},"modified":"2019-11-29T09:31:40","modified_gmt":"2019-11-29T08:31:40","slug":"die-haering-gruppe-gewinnt-den-prix-svc-nordschweiz-2019","status":"publish","type":"post","link":"https:\/\/www.organisator.ch\/it\/management\/2019-11-29\/die-haering-gruppe-gewinnt-den-prix-svc-nordschweiz-2019\/","title":{"rendered":"Il gruppo H\u00e4ring vince il premio SVC Nordschweiz 2019"},"content":{"rendered":"<figure id=\"attachment_6088\" aria-describedby=\"caption-attachment-6088\" style=\"width: 680px\" class=\"wp-caption alignnone\"><img loading=\"lazy\" decoding=\"async\" class=\"size-medium wp-image-6088\" src=\"https:\/\/www.organisator.ch\/wp-content\/uploads\/2019\/11\/Die-Haering-Gruppe-gewinnt-den-Prix-SVC-Nordschweiz-2019-1_Organisator.jpg\" alt=\"\" width=\"680\" height=\"474\" \/><figcaption id=\"caption-attachment-6088\" class=\"wp-caption-text\">Christoph H\u00e4ring, proprietario e VRP del Gruppo H\u00e4ring, con il trofeo del vincitore del Prix SVC Nordschweiz 2019. A destra: il presidente della SVC Andreas Gerber. (Foto: Thomas Berner)<\/figcaption><\/figure>\n<p>\u00c8 diventata una tradizione in sette regioni economiche della Svizzera: l'assegnazione del Prix SVC da parte dello Swiss Venture Club (SVC). Questa associazione indipendente di aziende per imprenditori si \u00e8 posta l'obiettivo di sostenere l'economia svizzera come forza trainante. Ogni due anni, nelle sette regioni economiche dell'Espace Mittelland, della Svizzera centrale, della Svizzera orientale, di Zurigo, del Ticino, della Svizzera francese e, da ultimo, il 28 novembre 2019 nella regione della Svizzera settentrionale, le PMI vengono premiate per i loro eccellenti risultati economici. All'evento, tradizionalmente festoso ed emozionante, condotto da Nubya e Dani von Wattenwyl, hanno partecipato circa 1.200 ospiti del mondo politico, economico e culturale. Hanno reso la cerimonia di premiazione un importante punto di incontro per la comunit\u00e0 imprenditoriale della Svizzera settentrionale.<\/p>\n<h2>Decisione ravvicinata al Prix SVC Nordschweiz 2019<\/h2>\n<p>Il vincitore del 9\u00b0 Prix SVC Nordschweiz \u00e8 stato il Gruppo H\u00e4ring, un'impresa generale di costruzioni in legno con sede a Eiken, in Argovia. Al secondo posto si \u00e8 piazzato il rivenditore online Brack.ch e al terzo l'azienda informatica BSI Business Integration Systems AG. Il grado di diploma \u00e8 condiviso da Burckhardt + Partner AG (architettura), Solvias AG (ricerca farmaceutica a contratto) e Zaugg Maschinenbau AG. I sei vincitori del premio sono stati messi alla prova dalla giuria in un processo di selezione in pi\u00f9 fasi tra oltre 100 aziende. In un'intervista con la moderatrice Dani von Wattenwyl, il presidente della giuria Willy Gl\u00e4ser ha rivelato che questa volta la selezione finale \u00e8 stata molto combattuta. Ogni finalista \u00e8 stato classificato al primo posto almeno una volta dai singoli membri della giuria; non era mai successo prima in questa forma.<\/p>\n<figure id=\"attachment_6089\" aria-describedby=\"caption-attachment-6089\" style=\"width: 680px\" class=\"wp-caption alignnone\"><img loading=\"lazy\" decoding=\"async\" class=\"size-medium wp-image-6089\" src=\"https:\/\/www.organisator.ch\/wp-content\/uploads\/2019\/11\/Die-Haering-Gruppe-gewinnt-den-Prix-SVC-Nordschweiz-2019-3_Organisator.jpg\" alt=\"\" width=\"680\" height=\"412\" \/><figcaption id=\"caption-attachment-6089\" class=\"wp-caption-text\">Il presidente della giuria Willy Gl\u00e4ser, intervistato dalla presentatrice Dani von Wattenwyl. (Immagine: Thomas Berner)<\/figcaption><\/figure>\n<h2>Il legno: il materiale da costruzione pi\u00f9 moderno<\/h2>\n<p>Alla fine sono saliti sul palco Christoph H\u00e4ring, proprietario e CEO del Gruppo H\u00e4ring, e Marc Isler, CEO di Brack.ch AG. Entrambi erano esteriormente calmi, ma era visibile una certa tensione. \"Posso valutare la situazione\", ha risposto Christoph H\u00e4ring quando Dani von Wattenwyl gli ha chiesto come si sentisse. Si stava preparando per il secondo posto. La sorpresa \u00e8 stata ancora pi\u00f9 grande quando il presidente dell'USC Andreas Gerber ha letto il nome del gruppo H\u00e4ring come vincitore... Nella successiva cerimonia di premiazione, il direttore regionale dell'USC per la Svizzera settentrionale e membro della giuria Bernhard B. Fischer ha sottolineato: \"Il premio \u00e8 anche un riconoscimento a Christoph H\u00e4ring per il lavoro di una vita. Vivendo l'imprenditorialit\u00e0, ha sempre guidato il Gruppo H\u00e4ring con successo, anche in tempi difficili\". Fondata nel 1879, l'azienda familiare \u00e8 oggi gestita dalla quinta generazione e conta 130 dipendenti. H\u00e4ring sviluppa e produce nuovi prodotti, processi e modelli commerciali utilizzando il legno come materiale da costruzione sostenibile. Dalle case unifamiliari ai grattacieli, dai ponti agli edifici industriali, sia a livello nazionale che internazionale. Tra gli edifici pi\u00f9 noti vi sono la cupola in legno pi\u00f9 grande d'Europa per le saline del Reno, l'\"onda\" della stazione ferroviaria principale di Berna e un complesso di templi buddisti in Cina. Con l'ultima idea commerciale \"Attico\", una possibilit\u00e0 di dotare le case a tetto piano di piani aggiuntivi in costruzione leggera di legno, l'azienda sta dando un contributo anche alla tendenza dell'edilizia densa.<\/p>\n<figure id=\"attachment_6090\" aria-describedby=\"caption-attachment-6090\" style=\"width: 680px\" class=\"wp-caption alignnone\"><img loading=\"lazy\" decoding=\"async\" class=\"size-medium wp-image-6090\" src=\"https:\/\/www.organisator.ch\/wp-content\/uploads\/2019\/11\/Die-Haering-Gruppe-gewinnt-den-Prix-SVC-Nordschweiz-2019-2_Organisator.jpg\" alt=\"\" width=\"680\" height=\"452\" \/><figcaption id=\"caption-attachment-6090\" class=\"wp-caption-text\">Il grande momento: l'annuncio del vincitore del Prix SVC Nordschweiz 2019: da sinistra a destra Andreas Gerber (Presidente SVC), Dani von Wattenwyl (presentatore), Christoph H\u00e4ring (Gruppo H\u00e4ring), Marc Isler (Brack.ch AG, 2\u00b0 classificato), Nubya (presentatore e cantante). (Immagine: Thomas Berner)<\/figcaption><\/figure>\n<h2>Brack.ch e BSI Business Systems Integration sul podio<\/h2>\n<p>Data la sua fama nazionale, alcuni spettatori avevano probabilmente scommesso su Brack.ch AG come vincitore. Per il pi\u00f9 grande negozio online indipendente della Svizzera, fondato nel 1994 da Roland Brack, il CEO Marc Isler, che rappresentava il fondatore assente per malattia, ha potuto accettare il secondo premio. Il bronzo \u00e8 stato assegnato alla BSI Business Systems Integration AG di Baden, gestita dal proprietario. L'azienda di software, con un totale di otto sedi in Svizzera e Germania, offre soluzioni industriali intelligenti per il commercio al dettaglio, le banche, le assicurazioni e le scienze della vita, che convincono per la loro facilit\u00e0 d'uso. L'azienda \u00e8 specializzata in software per il CRM e l'automazione del marketing basati su tecnologie innovative.<\/p>\n<figure id=\"attachment_6091\" aria-describedby=\"caption-attachment-6091\" style=\"width: 680px\" class=\"wp-caption alignnone\"><img loading=\"lazy\" decoding=\"async\" class=\"size-medium wp-image-6091\" src=\"https:\/\/www.organisator.ch\/wp-content\/uploads\/2019\/11\/Die-Haering-Gruppe-gewinnt-den-Prix-SVC-Nordschweiz-2019-4_Organisator.jpg\" alt=\"\" width=\"680\" height=\"452\" \/><figcaption id=\"caption-attachment-6091\" class=\"wp-caption-text\">A rappresentare i finalisti di quest'anno il 28 novembre 2019 a Basilea: da sinistra a destra Marc Isler (Brack.ch AG), Markus Brunold (BSI Business Integration Systems AG), Samuel Schultze (Burckhardt + Partner AG), Christoph H\u00e4ring (H\u00e4ring Group), Karen H\u00fcbscher (Solvias AG) e Toni Zaugg (Zaugg Maschinenbau AG). All'estrema sinistra Bernhard B. Fischer, Direttore regionale SVC Svizzera settentrionale. (Immagine: Thomas Berner)<\/figcaption><\/figure>\n<p><em>Ulteriori informazioni: <a href=\"http:\/\/www.swiss-venture-club.ch\">Club svizzero di Venture<\/a><\/em><\/p>","protected":false},"excerpt":{"rendered":"<p>Sie haben Tradition in sieben Wirtschaftsregionen der Schweiz: die Verleihungen des Prix SVC durch den Swiss Venture Club (SVC). Dieser unabh\u00e4ngige Verein von Unternehmen f\u00fcr Unternehmer hat sich zum Ziel gemacht, als treibende Kraft die Schweizer Wirtschaft zu unterst\u00fctzen. Jeweils alle zwei Jahre werden in den sieben Wirtschaftsregionen Espace Mittelland, Zentralschweiz, Ostschweiz, Z\u00fcrich, Tessin, Romandie [&hellip;]<\/p>\n","protected":false},"author":4,"featured_media":8521,"comment_status":"closed","ping_status":"closed","sticky":false,"template":"","format":"standard","meta":{"_acf_changed":false,"_yoast_wpseo_focuskw":"H\u00e4ring-Gruppe","_yoast_wpseo_metadesc":"Der Prix SVC Nordschweiz 2019 geht an die H\u00e4ring-Gruppe. BRACK.CH AG und BSI Business Systems Integration AG klassieren sich ebenfalls auf dem Podest.","articlekey":"","footnotes":""},"categories":[28],"tags":[66,335,492,504],"class_list":["post-8603","post","type-post","status-publish","format-standard","has-post-thumbnail","hentry","category-management","tag-awards","tag-management-und-unternehmensfuehrung","tag-unternehmen","tag-vereine"],"acf":[],"yoast_head":"<!-- This site is optimized with the Yoast SEO plugin v27.4 - https:\/\/yoast.com\/product\/yoast-seo-wordpress\/ -->\n<title>Die H\u00e4ring-Gruppe gewinnt den Prix SVC Nordschweiz 2019 - Organisator<\/title>\n<meta name=\"description\" content=\"Der Prix SVC Nordschweiz 2019 geht an die H\u00e4ring-Gruppe. BRACK.CH AG und BSI Business Systems Integration AG klassieren sich ebenfalls auf dem Podest.\" \/>\n<meta name=\"robots\" content=\"index, follow, max-snippet:-1, max-image-preview:large, max-video-preview:-1\" \/>\n<link rel=\"canonical\" href=\"https:\/\/www.organisator.ch\/it\/gestione-2\/2019-11-29\/die-haering-gruppe-gewinnt-den-prix-svc-nordschweiz-2019\/\" \/>\n<meta property=\"og:locale\" content=\"it_IT\" \/>\n<meta property=\"og:type\" content=\"article\" \/>\n<meta property=\"og:title\" content=\"Die H\u00e4ring-Gruppe gewinnt den Prix SVC Nordschweiz 2019\" \/>\n<meta property=\"og:description\" content=\"Der Prix SVC Nordschweiz 2019 geht an die H\u00e4ring-Gruppe. BRACK.CH AG und BSI Business Systems Integration AG klassieren sich ebenfalls auf dem Podest.\" \/>\n<meta property=\"og:url\" content=\"https:\/\/www.organisator.ch\/it\/gestione-2\/2019-11-29\/die-haering-gruppe-gewinnt-den-prix-svc-nordschweiz-2019\/\" \/>\n<meta property=\"og:site_name\" content=\"Organisator\" \/>\n<meta property=\"article:publisher\" content=\"https:\/\/www.facebook.com\/OrganisatorFachmagazin\" \/>\n<meta property=\"article:published_time\" content=\"2019-11-29T08:31:40+00:00\" \/>\n<meta name=\"author\" content=\"thomas.berner\" \/>\n<meta name=\"twitter:card\" content=\"summary_large_image\" \/>\n<meta name=\"twitter:title\" content=\"Die H\u00e4ring-Gruppe gewinnt den Prix #SVC Nordschweiz 2019\" \/>\n<meta name=\"twitter:description\" content=\"Der Prix SVC Nordschweiz 2019 geht an die #H\u00e4ring-Gruppe. #BRACK.CH AG und #BSI Business Systems Integration AG klassieren sich ebenfalls auf dem Podest.\" \/>\n<script type=\"application\/ld+json\" class=\"yoast-schema-graph\">{\"@context\":\"https:\\\/\\\/schema.org\",\"@graph\":[{\"@type\":\"Article\",\"@id\":\"https:\\\/\\\/www.organisator.ch\\\/management\\\/2019-11-29\\\/die-haering-gruppe-gewinnt-den-prix-svc-nordschweiz-2019\\\/#article\",\"isPartOf\":{\"@id\":\"https:\\\/\\\/www.organisator.ch\\\/management\\\/2019-11-29\\\/die-haering-gruppe-gewinnt-den-prix-svc-nordschweiz-2019\\\/\"},\"author\":{\"name\":\"thomas.berner\",\"@id\":\"https:\\\/\\\/www.organisator.ch\\\/#\\\/schema\\\/person\\\/6f650f90b2842cd4c0cc334b4e36f67e\"},\"headline\":\"Die H\u00e4ring-Gruppe gewinnt den Prix SVC Nordschweiz 2019\",\"datePublished\":\"2019-11-29T08:31:40+00:00\",\"mainEntityOfPage\":{\"@id\":\"https:\\\/\\\/www.organisator.ch\\\/management\\\/2019-11-29\\\/die-haering-gruppe-gewinnt-den-prix-svc-nordschweiz-2019\\\/\"},\"wordCount\":774,\"publisher\":{\"@id\":\"https:\\\/\\\/www.organisator.ch\\\/#organization\"},\"image\":{\"@id\":\"https:\\\/\\\/www.organisator.ch\\\/management\\\/2019-11-29\\\/die-haering-gruppe-gewinnt-den-prix-svc-nordschweiz-2019\\\/#primaryimage\"},\"thumbnailUrl\":\"https:\\\/\\\/www.organisator.ch\\\/wp-content\\\/uploads\\\/2019\\\/11\\\/Die-Haering-Gruppe-gewinnt-den-Prix-SVC-Nordschweiz-2019-2_Organisator.jpg\",\"keywords\":[\"Awards\",\"Management und Unternehmensf\u00fchrung\",\"Unternehmen\",\"Vereine\"],\"articleSection\":[\"MANAGEMENT\"],\"inLanguage\":\"it-IT\"},{\"@type\":\"WebPage\",\"@id\":\"https:\\\/\\\/www.organisator.ch\\\/management\\\/2019-11-29\\\/die-haering-gruppe-gewinnt-den-prix-svc-nordschweiz-2019\\\/\",\"url\":\"https:\\\/\\\/www.organisator.ch\\\/management\\\/2019-11-29\\\/die-haering-gruppe-gewinnt-den-prix-svc-nordschweiz-2019\\\/\",\"name\":\"Die H\u00e4ring-Gruppe gewinnt den Prix SVC Nordschweiz 2019 - Organisator\",\"isPartOf\":{\"@id\":\"https:\\\/\\\/www.organisator.ch\\\/#website\"},\"primaryImageOfPage\":{\"@id\":\"https:\\\/\\\/www.organisator.ch\\\/management\\\/2019-11-29\\\/die-haering-gruppe-gewinnt-den-prix-svc-nordschweiz-2019\\\/#primaryimage\"},\"image\":{\"@id\":\"https:\\\/\\\/www.organisator.ch\\\/management\\\/2019-11-29\\\/die-haering-gruppe-gewinnt-den-prix-svc-nordschweiz-2019\\\/#primaryimage\"},\"thumbnailUrl\":\"https:\\\/\\\/www.organisator.ch\\\/wp-content\\\/uploads\\\/2019\\\/11\\\/Die-Haering-Gruppe-gewinnt-den-Prix-SVC-Nordschweiz-2019-2_Organisator.jpg\",\"datePublished\":\"2019-11-29T08:31:40+00:00\",\"description\":\"Der Prix SVC Nordschweiz 2019 geht an die H\u00e4ring-Gruppe. BRACK.CH AG und BSI Business Systems Integration AG klassieren sich ebenfalls auf dem Podest.\",\"breadcrumb\":{\"@id\":\"https:\\\/\\\/www.organisator.ch\\\/management\\\/2019-11-29\\\/die-haering-gruppe-gewinnt-den-prix-svc-nordschweiz-2019\\\/#breadcrumb\"},\"inLanguage\":\"it-IT\",\"potentialAction\":[{\"@type\":\"ReadAction\",\"target\":[\"https:\\\/\\\/www.organisator.ch\\\/management\\\/2019-11-29\\\/die-haering-gruppe-gewinnt-den-prix-svc-nordschweiz-2019\\\/\"]}]},{\"@type\":\"ImageObject\",\"inLanguage\":\"it-IT\",\"@id\":\"https:\\\/\\\/www.organisator.ch\\\/management\\\/2019-11-29\\\/die-haering-gruppe-gewinnt-den-prix-svc-nordschweiz-2019\\\/#primaryimage\",\"url\":\"https:\\\/\\\/www.organisator.ch\\\/wp-content\\\/uploads\\\/2019\\\/11\\\/Die-Haering-Gruppe-gewinnt-den-Prix-SVC-Nordschweiz-2019-2_Organisator.jpg\",\"contentUrl\":\"https:\\\/\\\/www.organisator.ch\\\/wp-content\\\/uploads\\\/2019\\\/11\\\/Die-Haering-Gruppe-gewinnt-den-Prix-SVC-Nordschweiz-2019-2_Organisator.jpg\",\"width\":680,\"height\":452,\"caption\":\"Der grosse Moment: Die Verk\u00fcndung des Gewinners des Prix SVC Nordschweiz 2019: (Bild: Thomas Berner)\"},{\"@type\":\"BreadcrumbList\",\"@id\":\"https:\\\/\\\/www.organisator.ch\\\/management\\\/2019-11-29\\\/die-haering-gruppe-gewinnt-den-prix-svc-nordschweiz-2019\\\/#breadcrumb\",\"itemListElement\":[{\"@type\":\"ListItem\",\"position\":1,\"name\":\"Home\",\"item\":\"https:\\\/\\\/www.organisator.ch\\\/\"},{\"@type\":\"ListItem\",\"position\":2,\"name\":\"Die H\u00e4ring-Gruppe gewinnt den Prix SVC Nordschweiz 2019\"}]},{\"@type\":\"WebSite\",\"@id\":\"https:\\\/\\\/www.organisator.ch\\\/#website\",\"url\":\"https:\\\/\\\/www.organisator.ch\\\/\",\"name\":\"Organisator\",\"description\":\"Kompetent. Praxisnah. Der ORGANISATOR bereitet in 10 Ausgaben pro Jahr die wesentlichen Themen f\u00fcr F\u00fchrungskr\u00e4fte von KMU auf.\",\"publisher\":{\"@id\":\"https:\\\/\\\/www.organisator.ch\\\/#organization\"},\"potentialAction\":[{\"@type\":\"SearchAction\",\"target\":{\"@type\":\"EntryPoint\",\"urlTemplate\":\"https:\\\/\\\/www.organisator.ch\\\/?s={search_term_string}\"},\"query-input\":{\"@type\":\"PropertyValueSpecification\",\"valueRequired\":true,\"valueName\":\"search_term_string\"}}],\"inLanguage\":\"it-IT\"},{\"@type\":\"Organization\",\"@id\":\"https:\\\/\\\/www.organisator.ch\\\/#organization\",\"name\":\"Organisator\",\"url\":\"https:\\\/\\\/www.organisator.ch\\\/\",\"logo\":{\"@type\":\"ImageObject\",\"inLanguage\":\"it-IT\",\"@id\":\"https:\\\/\\\/www.organisator.ch\\\/#\\\/schema\\\/logo\\\/image\\\/\",\"url\":\"https:\\\/\\\/www.organisator.ch\\\/wp-content\\\/uploads\\\/2022\\\/01\\\/Logo_Organisator_Website.png\",\"contentUrl\":\"https:\\\/\\\/www.organisator.ch\\\/wp-content\\\/uploads\\\/2022\\\/01\\\/Logo_Organisator_Website.png\",\"width\":800,\"height\":77,\"caption\":\"Organisator\"},\"image\":{\"@id\":\"https:\\\/\\\/www.organisator.ch\\\/#\\\/schema\\\/logo\\\/image\\\/\"},\"sameAs\":[\"https:\\\/\\\/www.facebook.com\\\/OrganisatorFachmagazin\",\"https:\\\/\\\/www.linkedin.com\\\/showcase\\\/organisator-das-magazin-fr-kmu\",\"https:\\\/\\\/www.xing.com\\\/news\\\/pages\\\/organisator-ch-695\",\"https:\\\/\\\/www.youtube.com\\\/channel\\\/UCGP2Sq0iWaZwT3BdIAQFYpw\"]},{\"@type\":\"Person\",\"@id\":\"https:\\\/\\\/www.organisator.ch\\\/#\\\/schema\\\/person\\\/6f650f90b2842cd4c0cc334b4e36f67e\",\"name\":\"thomas.berner\",\"image\":{\"@type\":\"ImageObject\",\"inLanguage\":\"it-IT\",\"@id\":\"https:\\\/\\\/secure.gravatar.com\\\/avatar\\\/ac5001d2a36cb6c6cd3e50789007ffca834b477b74a2144564522e944eabff61?s=96&d=mm&r=g\",\"url\":\"https:\\\/\\\/secure.gravatar.com\\\/avatar\\\/ac5001d2a36cb6c6cd3e50789007ffca834b477b74a2144564522e944eabff61?s=96&d=mm&r=g\",\"contentUrl\":\"https:\\\/\\\/secure.gravatar.com\\\/avatar\\\/ac5001d2a36cb6c6cd3e50789007ffca834b477b74a2144564522e944eabff61?s=96&d=mm&r=g\",\"caption\":\"thomas.berner\"},\"url\":\"https:\\\/\\\/www.organisator.ch\\\/it\\\/author\\\/thomas-berner\\\/\"}]}<\/script>\n<!-- \/ Yoast SEO plugin. -->","yoast_head_json":{"title":"Il Gruppo H\u00e4ring vince il Prix SVC Nordschweiz 2019 - Organizzatore","description":"Il Prix SVC Svizzera settentrionale 2019 va al Gruppo H\u00e4ring. Anche BRACK.CH AG e BSI Business Systems Integration AG sono sul podio.","robots":{"index":"index","follow":"follow","max-snippet":"max-snippet:-1","max-image-preview":"max-image-preview:large","max-video-preview":"max-video-preview:-1"},"canonical":"https:\/\/www.organisator.ch\/it\/gestione-2\/2019-11-29\/die-haering-gruppe-gewinnt-den-prix-svc-nordschweiz-2019\/","og_locale":"it_IT","og_type":"article","og_title":"Die H\u00e4ring-Gruppe gewinnt den Prix SVC Nordschweiz 2019","og_description":"Der Prix SVC Nordschweiz 2019 geht an die H\u00e4ring-Gruppe. BRACK.CH AG und BSI Business Systems Integration AG klassieren sich ebenfalls auf dem Podest.","og_url":"https:\/\/www.organisator.ch\/it\/gestione-2\/2019-11-29\/die-haering-gruppe-gewinnt-den-prix-svc-nordschweiz-2019\/","og_site_name":"Organisator","article_publisher":"https:\/\/www.facebook.com\/OrganisatorFachmagazin","article_published_time":"2019-11-29T08:31:40+00:00","author":"thomas.berner","twitter_card":"summary_large_image","twitter_title":"Die H\u00e4ring-Gruppe gewinnt den Prix #SVC Nordschweiz 2019","twitter_description":"Der Prix SVC Nordschweiz 2019 geht an die #H\u00e4ring-Gruppe. #BRACK.CH AG und #BSI Business Systems Integration AG klassieren sich ebenfalls auf dem Podest.","schema":{"@context":"https:\/\/schema.org","@graph":[{"@type":"Article","@id":"https:\/\/www.organisator.ch\/management\/2019-11-29\/die-haering-gruppe-gewinnt-den-prix-svc-nordschweiz-2019\/#article","isPartOf":{"@id":"https:\/\/www.organisator.ch\/management\/2019-11-29\/die-haering-gruppe-gewinnt-den-prix-svc-nordschweiz-2019\/"},"author":{"name":"thomas.berner","@id":"https:\/\/www.organisator.ch\/#\/schema\/person\/6f650f90b2842cd4c0cc334b4e36f67e"},"headline":"Die H\u00e4ring-Gruppe gewinnt den Prix SVC Nordschweiz 2019","datePublished":"2019-11-29T08:31:40+00:00","mainEntityOfPage":{"@id":"https:\/\/www.organisator.ch\/management\/2019-11-29\/die-haering-gruppe-gewinnt-den-prix-svc-nordschweiz-2019\/"},"wordCount":774,"publisher":{"@id":"https:\/\/www.organisator.ch\/#organization"},"image":{"@id":"https:\/\/www.organisator.ch\/management\/2019-11-29\/die-haering-gruppe-gewinnt-den-prix-svc-nordschweiz-2019\/#primaryimage"},"thumbnailUrl":"https:\/\/www.organisator.ch\/wp-content\/uploads\/2019\/11\/Die-Haering-Gruppe-gewinnt-den-Prix-SVC-Nordschweiz-2019-2_Organisator.jpg","keywords":["Awards","Management und Unternehmensf\u00fchrung","Unternehmen","Vereine"],"articleSection":["MANAGEMENT"],"inLanguage":"it-IT"},{"@type":"WebPage","@id":"https:\/\/www.organisator.ch\/management\/2019-11-29\/die-haering-gruppe-gewinnt-den-prix-svc-nordschweiz-2019\/","url":"https:\/\/www.organisator.ch\/management\/2019-11-29\/die-haering-gruppe-gewinnt-den-prix-svc-nordschweiz-2019\/","name":"Il Gruppo H\u00e4ring vince il Prix SVC Nordschweiz 2019 - Organizzatore","isPartOf":{"@id":"https:\/\/www.organisator.ch\/#website"},"primaryImageOfPage":{"@id":"https:\/\/www.organisator.ch\/management\/2019-11-29\/die-haering-gruppe-gewinnt-den-prix-svc-nordschweiz-2019\/#primaryimage"},"image":{"@id":"https:\/\/www.organisator.ch\/management\/2019-11-29\/die-haering-gruppe-gewinnt-den-prix-svc-nordschweiz-2019\/#primaryimage"},"thumbnailUrl":"https:\/\/www.organisator.ch\/wp-content\/uploads\/2019\/11\/Die-Haering-Gruppe-gewinnt-den-Prix-SVC-Nordschweiz-2019-2_Organisator.jpg","datePublished":"2019-11-29T08:31:40+00:00","description":"Il Prix SVC Svizzera settentrionale 2019 va al Gruppo H\u00e4ring. Anche BRACK.CH AG e BSI Business Systems Integration AG sono sul podio.","breadcrumb":{"@id":"https:\/\/www.organisator.ch\/management\/2019-11-29\/die-haering-gruppe-gewinnt-den-prix-svc-nordschweiz-2019\/#breadcrumb"},"inLanguage":"it-IT","potentialAction":[{"@type":"ReadAction","target":["https:\/\/www.organisator.ch\/management\/2019-11-29\/die-haering-gruppe-gewinnt-den-prix-svc-nordschweiz-2019\/"]}]},{"@type":"ImageObject","inLanguage":"it-IT","@id":"https:\/\/www.organisator.ch\/management\/2019-11-29\/die-haering-gruppe-gewinnt-den-prix-svc-nordschweiz-2019\/#primaryimage","url":"https:\/\/www.organisator.ch\/wp-content\/uploads\/2019\/11\/Die-Haering-Gruppe-gewinnt-den-Prix-SVC-Nordschweiz-2019-2_Organisator.jpg","contentUrl":"https:\/\/www.organisator.ch\/wp-content\/uploads\/2019\/11\/Die-Haering-Gruppe-gewinnt-den-Prix-SVC-Nordschweiz-2019-2_Organisator.jpg","width":680,"height":452,"caption":"Der grosse Moment: Die Verk\u00fcndung des Gewinners des Prix SVC Nordschweiz 2019: (Bild: Thomas Berner)"},{"@type":"BreadcrumbList","@id":"https:\/\/www.organisator.ch\/management\/2019-11-29\/die-haering-gruppe-gewinnt-den-prix-svc-nordschweiz-2019\/#breadcrumb","itemListElement":[{"@type":"ListItem","position":1,"name":"Home","item":"https:\/\/www.organisator.ch\/"},{"@type":"ListItem","position":2,"name":"Die H\u00e4ring-Gruppe gewinnt den Prix SVC Nordschweiz 2019"}]},{"@type":"WebSite","@id":"https:\/\/www.organisator.ch\/#website","url":"https:\/\/www.organisator.ch\/","name":"Organizzatore","description":"Competente. Pratico. In 10 numeri all'anno, ORGANISATOR presenta i temi essenziali per i manager delle PMI.","publisher":{"@id":"https:\/\/www.organisator.ch\/#organization"},"potentialAction":[{"@type":"SearchAction","target":{"@type":"EntryPoint","urlTemplate":"https:\/\/www.organisator.ch\/?s={search_term_string}"},"query-input":{"@type":"PropertyValueSpecification","valueRequired":true,"valueName":"search_term_string"}}],"inLanguage":"it-IT"},{"@type":"Organization","@id":"https:\/\/www.organisator.ch\/#organization","name":"Organizzatore","url":"https:\/\/www.organisator.ch\/","logo":{"@type":"ImageObject","inLanguage":"it-IT","@id":"https:\/\/www.organisator.ch\/#\/schema\/logo\/image\/","url":"https:\/\/www.organisator.ch\/wp-content\/uploads\/2022\/01\/Logo_Organisator_Website.png","contentUrl":"https:\/\/www.organisator.ch\/wp-content\/uploads\/2022\/01\/Logo_Organisator_Website.png","width":800,"height":77,"caption":"Organisator"},"image":{"@id":"https:\/\/www.organisator.ch\/#\/schema\/logo\/image\/"},"sameAs":["https:\/\/www.facebook.com\/OrganisatorFachmagazin","https:\/\/www.linkedin.com\/showcase\/organisator-das-magazin-fr-kmu","https:\/\/www.xing.com\/news\/pages\/organisator-ch-695","https:\/\/www.youtube.com\/channel\/UCGP2Sq0iWaZwT3BdIAQFYpw"]},{"@type":"Person","@id":"https:\/\/www.organisator.ch\/#\/schema\/person\/6f650f90b2842cd4c0cc334b4e36f67e","name":"Tommaso.berner","image":{"@type":"ImageObject","inLanguage":"it-IT","@id":"https:\/\/secure.gravatar.com\/avatar\/ac5001d2a36cb6c6cd3e50789007ffca834b477b74a2144564522e944eabff61?s=96&d=mm&r=g","url":"https:\/\/secure.gravatar.com\/avatar\/ac5001d2a36cb6c6cd3e50789007ffca834b477b74a2144564522e944eabff61?s=96&d=mm&r=g","contentUrl":"https:\/\/secure.gravatar.com\/avatar\/ac5001d2a36cb6c6cd3e50789007ffca834b477b74a2144564522e944eabff61?s=96&d=mm&r=g","caption":"thomas.berner"},"url":"https:\/\/www.organisator.ch\/it\/author\/thomas-berner\/"}]}},"_links":{"self":[{"href":"https:\/\/www.organisator.ch\/it\/wp-json\/wp\/v2\/posts\/8603","targetHints":{"allow":["GET"]}}],"collection":[{"href":"https:\/\/www.organisator.ch\/it\/wp-json\/wp\/v2\/posts"}],"about":[{"href":"https:\/\/www.organisator.ch\/it\/wp-json\/wp\/v2\/types\/post"}],"author":[{"embeddable":true,"href":"https:\/\/www.organisator.ch\/it\/wp-json\/wp\/v2\/users\/4"}],"replies":[{"embeddable":true,"href":"https:\/\/www.organisator.ch\/it\/wp-json\/wp\/v2\/comments?post=8603"}],"version-history":[{"count":0,"href":"https:\/\/www.organisator.ch\/it\/wp-json\/wp\/v2\/posts\/8603\/revisions"}],"wp:featuredmedia":[{"embeddable":true,"href":"https:\/\/www.organisator.ch\/it\/wp-json\/wp\/v2\/media\/8521"}],"wp:attachment":[{"href":"https:\/\/www.organisator.ch\/it\/wp-json\/wp\/v2\/media?parent=8603"}],"wp:term":[{"taxonomy":"category","embeddable":true,"href":"https:\/\/www.organisator.ch\/it\/wp-json\/wp\/v2\/categories?post=8603"},{"taxonomy":"post_tag","embeddable":true,"href":"https:\/\/www.organisator.ch\/it\/wp-json\/wp\/v2\/tags?post=8603"}],"curies":[{"name":"wp","href":"https:\/\/api.w.org\/{rel}","templated":true}]}}