{"id":8615,"date":"2019-12-12T10:23:35","date_gmt":"2019-12-12T09:23:35","guid":{"rendered":"https:\/\/www.organisator.ch\/?p=6151"},"modified":"2019-12-12T10:23:35","modified_gmt":"2019-12-12T09:23:35","slug":"remo-fehlmann-wird-neuer-direktor-des-campus-sursee","status":"publish","type":"post","link":"https:\/\/www.organisator.ch\/it\/management\/2019-12-12\/remo-fehlmann-wird-neuer-direktor-des-campus-sursee\/","title":{"rendered":"Remo Fehlmann diventa il nuovo direttore del Campus Sursee"},"content":{"rendered":"<figure id=\"attachment_6152\" aria-describedby=\"caption-attachment-6152\" style=\"width: 680px\" class=\"wp-caption alignnone\"><img loading=\"lazy\" decoding=\"async\" class=\"size-medium wp-image-6152\" src=\"https:\/\/www.organisator.ch\/wp-content\/uploads\/2019\/12\/Remo-Fehlmann-wird-neuer-Direktor-des-Campus-Sursee_Organisator.jpg\" alt=\"\" width=\"680\" height=\"636\" \/><figcaption id=\"caption-attachment-6152\" class=\"wp-caption-text\">Remo Fehlmann, futuro direttore del campus di Sursee. (Immagine: zVg)<\/figcaption><\/figure>\n<p>Dopo un'intensa fase di selezione, il Consiglio di fondazione del Campus Sursee presenta ora il successore di Daniel Suter, che andr\u00e0 in pensione nel 2020: Remo Fehlmann (51). Con la Fehlmann, la Fondazione guadagna un leader esperto con una vasta e ben fondata esperienza nel campo del seminario, dell'istruzione e della gestione delle associazioni. Fehlmann \u00e8 stato direttore del Seminarhotel Sempachersee a Nottwil (LU) dal 2000 al 2015 e poi direttore di Gastrosuisse per un anno e mezzo. Ha anche un Master of Advanced Studies in Business Excellence.<\/p>\n<h2>Forte personalit\u00e0 di leadership con molti anni di esperienza<\/h2>\n<p>Gian-Luca Lardi, presidente del consiglio di fondazione, \u00e8 soddisfatto dell'elezione: \"Con Remo Fehlmann, abbiamo una forte personalit\u00e0 di leadership a bordo. Oltre alla sua vasta esperienza e al suo curriculum, la sua leadership e le sue capacit\u00e0 sociali sono una misura ideale per il Campus Sursee. E come ex direttore di lunga data del Seminarhotel Sempachersee (gi\u00e0 Fondazione Centro di formazione della Croce Rossa Svizzera), conosce molto bene l'allora concorrente Campus. Inoltre, come imprenditore e implementatore provato con oltre 25 anni di esperienza in posizioni di gestione strategica e operativa, Fehlmann ha una grande rete a sua disposizione\".<\/p>\n<h2>Con Remo Fehlmann nel prossimo decennio<\/h2>\n<p>Il compito della Fehlmann sar\u00e0, tra l'altro, quello di definire e attuare la strategia per il prossimo decennio in stretta collaborazione con il consiglio di fondazione. L'attenzione si concentrer\u00e0 sul compito principale del campus Sursee, l'istruzione e la formazione del settore edile; questo beneficer\u00e0 del seminario e delle attivit\u00e0 sportive che si sono diffuse negli ultimi anni.<\/p>\n<p>Remo Fehlmann \u00e8 padre di due bambini e vive a Nottwil (LU). Il Consiglio di fondazione \u00e8 lieto di averlo tra le sue fila ed \u00e8 convinto che, insieme a lui, continuer\u00e0 a guidare il Campus Sursee verso un futuro di successo.<\/p>\n<p><em><a href=\"https:\/\/www.campus-sursee.ch\/\">www.campus-sursee.ch<\/a><\/em><\/p>","protected":false},"excerpt":{"rendered":"<p>Nach einer intensiven Selektionsphase pr\u00e4sentiert der Stiftungsrat von Campus Sursee nun den Nachfolger f\u00fcr Daniel Suter, der 2020 pensioniert wird: Remo Fehlmann (51). Mit Fehlmann gewinnt die Stiftung eine erfahrene F\u00fchrungspers\u00f6nlichkeit mit umfangreichem und fundiertem Leistungsausweis im Bereich Seminar-, Ausbildungs- und Verbandswesen. Fehlmann war von 2000 bis 2015 Direktor des Seminarhotels Sempachersee in Nottwil (LU) [&hellip;]<\/p>\n","protected":false},"author":4,"featured_media":8538,"comment_status":"closed","ping_status":"closed","sticky":false,"template":"","format":"standard","meta":{"_acf_changed":false,"_yoast_wpseo_focuskw":"Remo Fehlmann","_yoast_wpseo_metadesc":"Remo Fehlmann \u00fcbernimmt ab 1. August 2020 die Direktion des Campus Sursee. Er tritt die Nachfolge von Daniel Suter an, der dann in Pension geht.","articlekey":"","footnotes":""},"categories":[28],"tags":[335,381,492],"class_list":["post-8615","post","type-post","status-publish","format-standard","has-post-thumbnail","hentry","category-management","tag-management-und-unternehmensfuehrung","tag-personalia","tag-unternehmen"],"acf":[],"yoast_head":"<!-- This site is optimized with the Yoast SEO plugin v27.5 - https:\/\/yoast.com\/product\/yoast-seo-wordpress\/ -->\n<title>Remo Fehlmann wird neuer Direktor des Campus Sursee - Organisator<\/title>\n<meta name=\"description\" content=\"Remo Fehlmann \u00fcbernimmt ab 1. August 2020 die Direktion des Campus Sursee. Er tritt die Nachfolge von Daniel Suter an, der dann in Pension geht.\" \/>\n<meta name=\"robots\" content=\"index, follow, max-snippet:-1, max-image-preview:large, max-video-preview:-1\" \/>\n<link rel=\"canonical\" href=\"https:\/\/www.organisator.ch\/it\/gestione-2\/2019-12-12\/remo-fehlmann-wird-neuer-direktor-des-campus-sursee\/\" \/>\n<meta property=\"og:locale\" content=\"it_IT\" \/>\n<meta property=\"og:type\" content=\"article\" \/>\n<meta property=\"og:title\" content=\"Remo Fehlmann wird neuer Direktor des Campus Sursee\" \/>\n<meta property=\"og:description\" content=\"Remo Fehlmann \u00fcbernimmt ab 1. August 2020 die Direktion des Campus Sursee. Er tritt die Nachfolge von Daniel Suter an, der dann in Pension geht.\" \/>\n<meta property=\"og:url\" content=\"https:\/\/www.organisator.ch\/it\/gestione-2\/2019-12-12\/remo-fehlmann-wird-neuer-direktor-des-campus-sursee\/\" \/>\n<meta property=\"og:site_name\" content=\"Organisator\" \/>\n<meta property=\"article:publisher\" content=\"https:\/\/www.facebook.com\/OrganisatorFachmagazin\" \/>\n<meta property=\"article:published_time\" content=\"2019-12-12T09:23:35+00:00\" \/>\n<meta name=\"author\" content=\"thomas.berner\" \/>\n<meta name=\"twitter:card\" content=\"summary_large_image\" \/>\n<meta name=\"twitter:title\" content=\"Remo #Fehlmann wird neuer Direktor des #CampusSursee\" \/>\n<meta name=\"twitter:description\" content=\"Remo #Fehlmann \u00fcbernimmt ab 1. August 2020 die Direktion des #CampusSursee. Er tritt die Nachfolge von Daniel Suter an, der dann in Pension geht.\" \/>\n<script type=\"application\/ld+json\" class=\"yoast-schema-graph\">{\"@context\":\"https:\\\/\\\/schema.org\",\"@graph\":[{\"@type\":\"Article\",\"@id\":\"https:\\\/\\\/www.organisator.ch\\\/management\\\/2019-12-12\\\/remo-fehlmann-wird-neuer-direktor-des-campus-sursee\\\/#article\",\"isPartOf\":{\"@id\":\"https:\\\/\\\/www.organisator.ch\\\/management\\\/2019-12-12\\\/remo-fehlmann-wird-neuer-direktor-des-campus-sursee\\\/\"},\"author\":{\"name\":\"thomas.berner\",\"@id\":\"https:\\\/\\\/www.organisator.ch\\\/#\\\/schema\\\/person\\\/6f650f90b2842cd4c0cc334b4e36f67e\"},\"headline\":\"Remo Fehlmann wird neuer Direktor des Campus Sursee\",\"datePublished\":\"2019-12-12T09:23:35+00:00\",\"mainEntityOfPage\":{\"@id\":\"https:\\\/\\\/www.organisator.ch\\\/management\\\/2019-12-12\\\/remo-fehlmann-wird-neuer-direktor-des-campus-sursee\\\/\"},\"wordCount\":301,\"publisher\":{\"@id\":\"https:\\\/\\\/www.organisator.ch\\\/#organization\"},\"image\":{\"@id\":\"https:\\\/\\\/www.organisator.ch\\\/management\\\/2019-12-12\\\/remo-fehlmann-wird-neuer-direktor-des-campus-sursee\\\/#primaryimage\"},\"thumbnailUrl\":\"https:\\\/\\\/www.organisator.ch\\\/wp-content\\\/uploads\\\/2019\\\/12\\\/Remo-Fehlmann-wird-neuer-Direktor-des-Campus-Sursee_Organisator.jpg\",\"keywords\":[\"Management und Unternehmensf\u00fchrung\",\"Personalia\",\"Unternehmen\"],\"articleSection\":[\"MANAGEMENT\"],\"inLanguage\":\"it-IT\"},{\"@type\":\"WebPage\",\"@id\":\"https:\\\/\\\/www.organisator.ch\\\/management\\\/2019-12-12\\\/remo-fehlmann-wird-neuer-direktor-des-campus-sursee\\\/\",\"url\":\"https:\\\/\\\/www.organisator.ch\\\/management\\\/2019-12-12\\\/remo-fehlmann-wird-neuer-direktor-des-campus-sursee\\\/\",\"name\":\"Remo Fehlmann wird neuer Direktor des Campus Sursee - Organisator\",\"isPartOf\":{\"@id\":\"https:\\\/\\\/www.organisator.ch\\\/#website\"},\"primaryImageOfPage\":{\"@id\":\"https:\\\/\\\/www.organisator.ch\\\/management\\\/2019-12-12\\\/remo-fehlmann-wird-neuer-direktor-des-campus-sursee\\\/#primaryimage\"},\"image\":{\"@id\":\"https:\\\/\\\/www.organisator.ch\\\/management\\\/2019-12-12\\\/remo-fehlmann-wird-neuer-direktor-des-campus-sursee\\\/#primaryimage\"},\"thumbnailUrl\":\"https:\\\/\\\/www.organisator.ch\\\/wp-content\\\/uploads\\\/2019\\\/12\\\/Remo-Fehlmann-wird-neuer-Direktor-des-Campus-Sursee_Organisator.jpg\",\"datePublished\":\"2019-12-12T09:23:35+00:00\",\"description\":\"Remo Fehlmann \u00fcbernimmt ab 1. August 2020 die Direktion des Campus Sursee. Er tritt die Nachfolge von Daniel Suter an, der dann in Pension geht.\",\"breadcrumb\":{\"@id\":\"https:\\\/\\\/www.organisator.ch\\\/management\\\/2019-12-12\\\/remo-fehlmann-wird-neuer-direktor-des-campus-sursee\\\/#breadcrumb\"},\"inLanguage\":\"it-IT\",\"potentialAction\":[{\"@type\":\"ReadAction\",\"target\":[\"https:\\\/\\\/www.organisator.ch\\\/management\\\/2019-12-12\\\/remo-fehlmann-wird-neuer-direktor-des-campus-sursee\\\/\"]}]},{\"@type\":\"ImageObject\",\"inLanguage\":\"it-IT\",\"@id\":\"https:\\\/\\\/www.organisator.ch\\\/management\\\/2019-12-12\\\/remo-fehlmann-wird-neuer-direktor-des-campus-sursee\\\/#primaryimage\",\"url\":\"https:\\\/\\\/www.organisator.ch\\\/wp-content\\\/uploads\\\/2019\\\/12\\\/Remo-Fehlmann-wird-neuer-Direktor-des-Campus-Sursee_Organisator.jpg\",\"contentUrl\":\"https:\\\/\\\/www.organisator.ch\\\/wp-content\\\/uploads\\\/2019\\\/12\\\/Remo-Fehlmann-wird-neuer-Direktor-des-Campus-Sursee_Organisator.jpg\",\"width\":680,\"height\":636,\"caption\":\"Remo Fehlmann, k\u00fcnftiger Direktor Campus Sursee. (Bild: zVg)\"},{\"@type\":\"BreadcrumbList\",\"@id\":\"https:\\\/\\\/www.organisator.ch\\\/management\\\/2019-12-12\\\/remo-fehlmann-wird-neuer-direktor-des-campus-sursee\\\/#breadcrumb\",\"itemListElement\":[{\"@type\":\"ListItem\",\"position\":1,\"name\":\"Home\",\"item\":\"https:\\\/\\\/www.organisator.ch\\\/\"},{\"@type\":\"ListItem\",\"position\":2,\"name\":\"Remo Fehlmann wird neuer Direktor des Campus Sursee\"}]},{\"@type\":\"WebSite\",\"@id\":\"https:\\\/\\\/www.organisator.ch\\\/#website\",\"url\":\"https:\\\/\\\/www.organisator.ch\\\/\",\"name\":\"Organisator\",\"description\":\"Kompetent. Praxisnah. Der ORGANISATOR bereitet in 10 Ausgaben pro Jahr die wesentlichen Themen f\u00fcr F\u00fchrungskr\u00e4fte von KMU auf.\",\"publisher\":{\"@id\":\"https:\\\/\\\/www.organisator.ch\\\/#organization\"},\"potentialAction\":[{\"@type\":\"SearchAction\",\"target\":{\"@type\":\"EntryPoint\",\"urlTemplate\":\"https:\\\/\\\/www.organisator.ch\\\/?s={search_term_string}\"},\"query-input\":{\"@type\":\"PropertyValueSpecification\",\"valueRequired\":true,\"valueName\":\"search_term_string\"}}],\"inLanguage\":\"it-IT\"},{\"@type\":\"Organization\",\"@id\":\"https:\\\/\\\/www.organisator.ch\\\/#organization\",\"name\":\"Organisator\",\"url\":\"https:\\\/\\\/www.organisator.ch\\\/\",\"logo\":{\"@type\":\"ImageObject\",\"inLanguage\":\"it-IT\",\"@id\":\"https:\\\/\\\/www.organisator.ch\\\/#\\\/schema\\\/logo\\\/image\\\/\",\"url\":\"https:\\\/\\\/www.organisator.ch\\\/wp-content\\\/uploads\\\/2022\\\/01\\\/Logo_Organisator_Website.png\",\"contentUrl\":\"https:\\\/\\\/www.organisator.ch\\\/wp-content\\\/uploads\\\/2022\\\/01\\\/Logo_Organisator_Website.png\",\"width\":800,\"height\":77,\"caption\":\"Organisator\"},\"image\":{\"@id\":\"https:\\\/\\\/www.organisator.ch\\\/#\\\/schema\\\/logo\\\/image\\\/\"},\"sameAs\":[\"https:\\\/\\\/www.facebook.com\\\/OrganisatorFachmagazin\",\"https:\\\/\\\/www.linkedin.com\\\/showcase\\\/organisator-das-magazin-fr-kmu\",\"https:\\\/\\\/www.xing.com\\\/news\\\/pages\\\/organisator-ch-695\",\"https:\\\/\\\/www.youtube.com\\\/channel\\\/UCGP2Sq0iWaZwT3BdIAQFYpw\"]},{\"@type\":\"Person\",\"@id\":\"https:\\\/\\\/www.organisator.ch\\\/#\\\/schema\\\/person\\\/6f650f90b2842cd4c0cc334b4e36f67e\",\"name\":\"thomas.berner\",\"image\":{\"@type\":\"ImageObject\",\"inLanguage\":\"it-IT\",\"@id\":\"https:\\\/\\\/secure.gravatar.com\\\/avatar\\\/ac5001d2a36cb6c6cd3e50789007ffca834b477b74a2144564522e944eabff61?s=96&d=mm&r=g\",\"url\":\"https:\\\/\\\/secure.gravatar.com\\\/avatar\\\/ac5001d2a36cb6c6cd3e50789007ffca834b477b74a2144564522e944eabff61?s=96&d=mm&r=g\",\"contentUrl\":\"https:\\\/\\\/secure.gravatar.com\\\/avatar\\\/ac5001d2a36cb6c6cd3e50789007ffca834b477b74a2144564522e944eabff61?s=96&d=mm&r=g\",\"caption\":\"thomas.berner\"},\"url\":\"https:\\\/\\\/www.organisator.ch\\\/it\\\/author\\\/thomas-berner\\\/\"}]}<\/script>\n<!-- \/ Yoast SEO plugin. -->","yoast_head_json":{"title":"Remo Fehlmann diventa il nuovo direttore del Sursee Campus - Organizzatore","description":"Remo Fehlmann assumer\u00e0 la direzione del Sursee Campus il 1\u00b0 agosto 2020. Succeder\u00e0 a Daniel Suter, che andr\u00e0 in pensione.","robots":{"index":"index","follow":"follow","max-snippet":"max-snippet:-1","max-image-preview":"max-image-preview:large","max-video-preview":"max-video-preview:-1"},"canonical":"https:\/\/www.organisator.ch\/it\/gestione-2\/2019-12-12\/remo-fehlmann-wird-neuer-direktor-des-campus-sursee\/","og_locale":"it_IT","og_type":"article","og_title":"Remo Fehlmann wird neuer Direktor des Campus Sursee","og_description":"Remo Fehlmann \u00fcbernimmt ab 1. August 2020 die Direktion des Campus Sursee. Er tritt die Nachfolge von Daniel Suter an, der dann in Pension geht.","og_url":"https:\/\/www.organisator.ch\/it\/gestione-2\/2019-12-12\/remo-fehlmann-wird-neuer-direktor-des-campus-sursee\/","og_site_name":"Organisator","article_publisher":"https:\/\/www.facebook.com\/OrganisatorFachmagazin","article_published_time":"2019-12-12T09:23:35+00:00","author":"thomas.berner","twitter_card":"summary_large_image","twitter_title":"Remo #Fehlmann wird neuer Direktor des #CampusSursee","twitter_description":"Remo #Fehlmann \u00fcbernimmt ab 1. August 2020 die Direktion des #CampusSursee. Er tritt die Nachfolge von Daniel Suter an, der dann in Pension geht.","schema":{"@context":"https:\/\/schema.org","@graph":[{"@type":"Article","@id":"https:\/\/www.organisator.ch\/management\/2019-12-12\/remo-fehlmann-wird-neuer-direktor-des-campus-sursee\/#article","isPartOf":{"@id":"https:\/\/www.organisator.ch\/management\/2019-12-12\/remo-fehlmann-wird-neuer-direktor-des-campus-sursee\/"},"author":{"name":"thomas.berner","@id":"https:\/\/www.organisator.ch\/#\/schema\/person\/6f650f90b2842cd4c0cc334b4e36f67e"},"headline":"Remo Fehlmann wird neuer Direktor des Campus Sursee","datePublished":"2019-12-12T09:23:35+00:00","mainEntityOfPage":{"@id":"https:\/\/www.organisator.ch\/management\/2019-12-12\/remo-fehlmann-wird-neuer-direktor-des-campus-sursee\/"},"wordCount":301,"publisher":{"@id":"https:\/\/www.organisator.ch\/#organization"},"image":{"@id":"https:\/\/www.organisator.ch\/management\/2019-12-12\/remo-fehlmann-wird-neuer-direktor-des-campus-sursee\/#primaryimage"},"thumbnailUrl":"https:\/\/www.organisator.ch\/wp-content\/uploads\/2019\/12\/Remo-Fehlmann-wird-neuer-Direktor-des-Campus-Sursee_Organisator.jpg","keywords":["Management und Unternehmensf\u00fchrung","Personalia","Unternehmen"],"articleSection":["MANAGEMENT"],"inLanguage":"it-IT"},{"@type":"WebPage","@id":"https:\/\/www.organisator.ch\/management\/2019-12-12\/remo-fehlmann-wird-neuer-direktor-des-campus-sursee\/","url":"https:\/\/www.organisator.ch\/management\/2019-12-12\/remo-fehlmann-wird-neuer-direktor-des-campus-sursee\/","name":"Remo Fehlmann diventa il nuovo direttore del Sursee Campus - Organizzatore","isPartOf":{"@id":"https:\/\/www.organisator.ch\/#website"},"primaryImageOfPage":{"@id":"https:\/\/www.organisator.ch\/management\/2019-12-12\/remo-fehlmann-wird-neuer-direktor-des-campus-sursee\/#primaryimage"},"image":{"@id":"https:\/\/www.organisator.ch\/management\/2019-12-12\/remo-fehlmann-wird-neuer-direktor-des-campus-sursee\/#primaryimage"},"thumbnailUrl":"https:\/\/www.organisator.ch\/wp-content\/uploads\/2019\/12\/Remo-Fehlmann-wird-neuer-Direktor-des-Campus-Sursee_Organisator.jpg","datePublished":"2019-12-12T09:23:35+00:00","description":"Remo Fehlmann assumer\u00e0 la direzione del Sursee Campus il 1\u00b0 agosto 2020. Succeder\u00e0 a Daniel Suter, che andr\u00e0 in pensione.","breadcrumb":{"@id":"https:\/\/www.organisator.ch\/management\/2019-12-12\/remo-fehlmann-wird-neuer-direktor-des-campus-sursee\/#breadcrumb"},"inLanguage":"it-IT","potentialAction":[{"@type":"ReadAction","target":["https:\/\/www.organisator.ch\/management\/2019-12-12\/remo-fehlmann-wird-neuer-direktor-des-campus-sursee\/"]}]},{"@type":"ImageObject","inLanguage":"it-IT","@id":"https:\/\/www.organisator.ch\/management\/2019-12-12\/remo-fehlmann-wird-neuer-direktor-des-campus-sursee\/#primaryimage","url":"https:\/\/www.organisator.ch\/wp-content\/uploads\/2019\/12\/Remo-Fehlmann-wird-neuer-Direktor-des-Campus-Sursee_Organisator.jpg","contentUrl":"https:\/\/www.organisator.ch\/wp-content\/uploads\/2019\/12\/Remo-Fehlmann-wird-neuer-Direktor-des-Campus-Sursee_Organisator.jpg","width":680,"height":636,"caption":"Remo Fehlmann, k\u00fcnftiger Direktor Campus Sursee. (Bild: zVg)"},{"@type":"BreadcrumbList","@id":"https:\/\/www.organisator.ch\/management\/2019-12-12\/remo-fehlmann-wird-neuer-direktor-des-campus-sursee\/#breadcrumb","itemListElement":[{"@type":"ListItem","position":1,"name":"Home","item":"https:\/\/www.organisator.ch\/"},{"@type":"ListItem","position":2,"name":"Remo Fehlmann wird neuer Direktor des Campus Sursee"}]},{"@type":"WebSite","@id":"https:\/\/www.organisator.ch\/#website","url":"https:\/\/www.organisator.ch\/","name":"Organizzatore","description":"Competente. Pratico. In 10 numeri all'anno, ORGANISATOR presenta i temi essenziali per i manager delle PMI.","publisher":{"@id":"https:\/\/www.organisator.ch\/#organization"},"potentialAction":[{"@type":"SearchAction","target":{"@type":"EntryPoint","urlTemplate":"https:\/\/www.organisator.ch\/?s={search_term_string}"},"query-input":{"@type":"PropertyValueSpecification","valueRequired":true,"valueName":"search_term_string"}}],"inLanguage":"it-IT"},{"@type":"Organization","@id":"https:\/\/www.organisator.ch\/#organization","name":"Organizzatore","url":"https:\/\/www.organisator.ch\/","logo":{"@type":"ImageObject","inLanguage":"it-IT","@id":"https:\/\/www.organisator.ch\/#\/schema\/logo\/image\/","url":"https:\/\/www.organisator.ch\/wp-content\/uploads\/2022\/01\/Logo_Organisator_Website.png","contentUrl":"https:\/\/www.organisator.ch\/wp-content\/uploads\/2022\/01\/Logo_Organisator_Website.png","width":800,"height":77,"caption":"Organisator"},"image":{"@id":"https:\/\/www.organisator.ch\/#\/schema\/logo\/image\/"},"sameAs":["https:\/\/www.facebook.com\/OrganisatorFachmagazin","https:\/\/www.linkedin.com\/showcase\/organisator-das-magazin-fr-kmu","https:\/\/www.xing.com\/news\/pages\/organisator-ch-695","https:\/\/www.youtube.com\/channel\/UCGP2Sq0iWaZwT3BdIAQFYpw"]},{"@type":"Person","@id":"https:\/\/www.organisator.ch\/#\/schema\/person\/6f650f90b2842cd4c0cc334b4e36f67e","name":"Tommaso.berner","image":{"@type":"ImageObject","inLanguage":"it-IT","@id":"https:\/\/secure.gravatar.com\/avatar\/ac5001d2a36cb6c6cd3e50789007ffca834b477b74a2144564522e944eabff61?s=96&d=mm&r=g","url":"https:\/\/secure.gravatar.com\/avatar\/ac5001d2a36cb6c6cd3e50789007ffca834b477b74a2144564522e944eabff61?s=96&d=mm&r=g","contentUrl":"https:\/\/secure.gravatar.com\/avatar\/ac5001d2a36cb6c6cd3e50789007ffca834b477b74a2144564522e944eabff61?s=96&d=mm&r=g","caption":"thomas.berner"},"url":"https:\/\/www.organisator.ch\/it\/author\/thomas-berner\/"}]}},"_links":{"self":[{"href":"https:\/\/www.organisator.ch\/it\/wp-json\/wp\/v2\/posts\/8615","targetHints":{"allow":["GET"]}}],"collection":[{"href":"https:\/\/www.organisator.ch\/it\/wp-json\/wp\/v2\/posts"}],"about":[{"href":"https:\/\/www.organisator.ch\/it\/wp-json\/wp\/v2\/types\/post"}],"author":[{"embeddable":true,"href":"https:\/\/www.organisator.ch\/it\/wp-json\/wp\/v2\/users\/4"}],"replies":[{"embeddable":true,"href":"https:\/\/www.organisator.ch\/it\/wp-json\/wp\/v2\/comments?post=8615"}],"version-history":[{"count":0,"href":"https:\/\/www.organisator.ch\/it\/wp-json\/wp\/v2\/posts\/8615\/revisions"}],"wp:featuredmedia":[{"embeddable":true,"href":"https:\/\/www.organisator.ch\/it\/wp-json\/wp\/v2\/media\/8538"}],"wp:attachment":[{"href":"https:\/\/www.organisator.ch\/it\/wp-json\/wp\/v2\/media?parent=8615"}],"wp:term":[{"taxonomy":"category","embeddable":true,"href":"https:\/\/www.organisator.ch\/it\/wp-json\/wp\/v2\/categories?post=8615"},{"taxonomy":"post_tag","embeddable":true,"href":"https:\/\/www.organisator.ch\/it\/wp-json\/wp\/v2\/tags?post=8615"}],"curies":[{"name":"wp","href":"https:\/\/api.w.org\/{rel}","templated":true}]}}