{"id":8616,"date":"2019-12-12T10:58:11","date_gmt":"2019-12-12T09:58:11","guid":{"rendered":"https:\/\/www.organisator.ch\/?p=6155"},"modified":"2019-12-12T10:58:11","modified_gmt":"2019-12-12T09:58:11","slug":"neu-formierte-schweizer-industriegruppe-mit-fokus-medtech","status":"publish","type":"post","link":"https:\/\/www.organisator.ch\/it\/management\/2019-12-12\/neu-formierte-schweizer-industriegruppe-mit-fokus-medtech\/","title":{"rendered":"Nuovo gruppo industriale svizzero con focus su MedTech"},"content":{"rendered":"<p><img loading=\"lazy\" decoding=\"async\" class=\"alignnone size-medium wp-image-6156\" src=\"https:\/\/www.organisator.ch\/wp-content\/uploads\/2019\/12\/Neu-formierte-Schweizer-Industriegruppe-mit-Fokus-MedTech_Organisator.jpg\" alt=\"\" width=\"680\" height=\"76\" \/><\/p>\n<p>Jossi AG si unisce a Br\u00fctsch Elektronik AG sotto l'ombrello del Gruppo Inovu con focus sul MedTech: questo gruppo di aziende con le filiali Br\u00fctsch Elektronik e Jossi riunisce ora 250 dipendenti e un fatturato di 75 milioni di franchi svizzeri. Inovu \u00e8 posseduto in maggioranza da diverse famiglie di imprenditori svizzeri sotto la guida della societ\u00e0 di investimento Kontivia. Sono coinvolti anche Oliver Br\u00fctsch, il maggiore azionista singolo, e i gruppi dirigenti di Br\u00fctsch Elektronik e Jossi.<\/p>\n<h2>Focus MedTech<\/h2>\n<p>Jossi sviluppa e produce apparecchiature di precisione per conto dei clienti per applicazioni nella tecnologia medica e di laboratorio e per altri settori esigenti. L'azienda opera nei siti di Islikon e W\u00e4ngi (TG) e con una filiale a Jihlawa (Repubblica Ceca). Jossi \u00e8 guidata dall'amministratore delegato di lunga data Philip Howis insieme a Cuno Weisser, responsabile della catena di approvvigionamento.<\/p>\n<p>Br\u00fctsch Elektronik supporta i principali produttori di tecnologia medica nello sviluppo e nella produzione dei loro prodotti. In qualit\u00e0 di partner strategico di outsourcing, l'azienda accompagna i propri clienti durante l'intero ciclo di vita del prodotto. L'azienda \u00e8 attiva anche come partner ingegneristico nel settore dell'automazione. Con 130 dipendenti, l'azienda realizza un fatturato di 45 milioni di franchi svizzeri. Il CEO di lunga data Markus Simmen passer\u00e0 la gestione operativa dell'azienda a Oliver Br\u00fctsch all'inizio del prossimo anno.<\/p>\n<h2>Complementariet\u00e0 lungo la catena del valore<\/h2>\n<p>Il nuovo gruppo industriale svizzero opera essenzialmente come partner di un produttore di apparecchiature originali (OEM) con particolare attenzione alla tecnologia medica. Le competenze delle due aziende si completano in modo ideale lungo l'intera catena del valore, che comprende lo sviluppo, l'industrializzazione, la produzione e l'assistenza o il supporto delle applicazioni dei prodotti per l'intero ciclo di vita. Le competenze complementari di Br\u00fctsch Elektronik (sviluppo software, elettronica e meccatronica) con un focus sull'innovazione\/ingegneria e di Jossi (meccanica, tecnologia di azionamento e raffreddamento) con un focus sull'industrializzazione consentono al Gruppo Inovu di offrire ai propri clienti un'ampia gamma di servizi da un unico fornitore. La transazione sar\u00e0 completata nelle prossime settimane.<\/p>\n<h2>Una solida pianificazione della successione a lungo termine con una soluzione industriale svizzera<\/h2>\n<p>Armin Jossi: \"Negli ultimi anni, Jossi AG si \u00e8 distinta come costruttore di sistemi competente nel settore medtech. Per ampliare questa posizione e l'ulteriore crescita che ne consegue sono necessari ingenti investimenti. Sotto il solido ombrello del Gruppo Inovu, vedo ottime condizioni e prospettive di sviluppo. Con la futura consociata Br\u00fctsch Elektronik, ci sono interessanti sinergie e ulteriori vantaggi per i nostri clienti. Sono lieto che questa soluzione, che si basa sulla nostra attuale strategia, risolva in modo convincente il problema della successione per la nostra azienda familiare. In particolare, questo garantir\u00e0 anche a lungo termine i nostri posti di lavoro nella regione di Frauenfeld\".<\/p>\n<p>Alexander Krebs, Presidente del Consiglio di Amministrazione dell'acquirente: \"La base del nuovo gruppo di aziende \u00e8 costituita da due imprese familiari svizzere di successo con un modello commerciale simile e competenze di base complementari, che possono posizionarsi in modo pi\u00f9 ampio unendo le forze per un ulteriore sviluppo di successo. Siamo molto contenti della nuova partnership con Jossi AG, che continuer\u00e0 ad essere un'azienda indipendente\".<\/p>\n<p><em>Fonte e ulteriori informazioni: <a href=\"http:\/\/www.jossi.ch\">www.jossi.ch<\/a>, <a href=\"http:\/\/www.brel.ch\">www.brel.ch<\/a>, <a href=\"http:\/\/www.kontivia.com\">www.kontivia.com<\/a><\/em><\/p>","protected":false},"excerpt":{"rendered":"<p>Die Jossi AG begibt sich neu mit Br\u00fctsch Elektronik AG unter das Dach der Inovu Gruppe mit Fokus MedTech: Diese Firmengruppe mit den Tochtergesellschaften Br\u00fctsch Elektronik und Jossi vereint nun 250 Mitarbeitende und einen Umsatz von CHF 75 Mio. Inovu ist unter F\u00fchrung der Beteiligungsgesellschaft Kontivia im Mehrheitsbesitz verschiedener Schweizer Unternehmerfamilien. Oliver Br\u00fctsch als gr\u00f6sster [&hellip;]<\/p>\n","protected":false},"author":4,"featured_media":8539,"comment_status":"closed","ping_status":"closed","sticky":false,"template":"","format":"standard","meta":{"_acf_changed":false,"_yoast_wpseo_focuskw":"Fokus MedTech","_yoast_wpseo_metadesc":"Die Jossi AG mit Sitz in Islikon (TG) regelt die Nachfolge: Die Eigent\u00fcmer verkaufen ihr Unternehmen an die Inovu Gruppe mit dem Fokus MedTech.","articlekey":"","footnotes":""},"categories":[28],"tags":[207,335,492],"class_list":["post-8616","post","type-post","status-publish","format-standard","has-post-thumbnail","hentry","category-management","tag-firmennachfolge","tag-management-und-unternehmensfuehrung","tag-unternehmen"],"acf":[],"yoast_head":"<!-- This site is optimized with the Yoast SEO plugin v27.5 - https:\/\/yoast.com\/product\/yoast-seo-wordpress\/ -->\n<title>Neu formierte Schweizer Industriegruppe mit Fokus MedTech - Organisator<\/title>\n<meta name=\"description\" content=\"Die Jossi AG mit Sitz in Islikon (TG) regelt die Nachfolge: Die Eigent\u00fcmer verkaufen ihr Unternehmen an die Inovu Gruppe mit dem Fokus MedTech.\" \/>\n<meta name=\"robots\" content=\"index, follow, max-snippet:-1, max-image-preview:large, max-video-preview:-1\" \/>\n<link rel=\"canonical\" href=\"https:\/\/www.organisator.ch\/it\/gestione-2\/2019-12-12\/neu-formierte-schweizer-industriegruppe-mit-fokus-medtech\/\" \/>\n<meta property=\"og:locale\" content=\"it_IT\" \/>\n<meta property=\"og:type\" content=\"article\" \/>\n<meta property=\"og:title\" content=\"Neu formierte Schweizer Industriegruppe mit Fokus MedTech\" \/>\n<meta property=\"og:description\" content=\"Die Jossi AG mit Sitz in Islikon (TG) regelt die Nachfolge: Die Eigent\u00fcmer verkaufen ihr Unternehmen an die Inovu Gruppe mit dem Fokus MedTech.\" \/>\n<meta property=\"og:url\" content=\"https:\/\/www.organisator.ch\/it\/gestione-2\/2019-12-12\/neu-formierte-schweizer-industriegruppe-mit-fokus-medtech\/\" \/>\n<meta property=\"og:site_name\" content=\"Organisator\" \/>\n<meta property=\"article:publisher\" content=\"https:\/\/www.facebook.com\/OrganisatorFachmagazin\" \/>\n<meta property=\"article:published_time\" content=\"2019-12-12T09:58:11+00:00\" \/>\n<meta name=\"author\" content=\"thomas.berner\" \/>\n<meta name=\"twitter:card\" content=\"summary_large_image\" \/>\n<meta name=\"twitter:title\" content=\"Neu formierte Schweizer #Industriegruppe mit Fokus #MedTech\" \/>\n<meta name=\"twitter:description\" content=\"Die Jossi AG mit Sitz in Islikon (TG) regelt die Nachfolge: Die Eigent\u00fcmer verkaufen ihr Unternehmen an die Inovu Gruppe mit dem Fokus #MedTech.\" \/>\n<script type=\"application\/ld+json\" class=\"yoast-schema-graph\">{\"@context\":\"https:\\\/\\\/schema.org\",\"@graph\":[{\"@type\":\"Article\",\"@id\":\"https:\\\/\\\/www.organisator.ch\\\/management\\\/2019-12-12\\\/neu-formierte-schweizer-industriegruppe-mit-fokus-medtech\\\/#article\",\"isPartOf\":{\"@id\":\"https:\\\/\\\/www.organisator.ch\\\/management\\\/2019-12-12\\\/neu-formierte-schweizer-industriegruppe-mit-fokus-medtech\\\/\"},\"author\":{\"name\":\"thomas.berner\",\"@id\":\"https:\\\/\\\/www.organisator.ch\\\/#\\\/schema\\\/person\\\/6f650f90b2842cd4c0cc334b4e36f67e\"},\"headline\":\"Neu formierte Schweizer Industriegruppe mit Fokus MedTech\",\"datePublished\":\"2019-12-12T09:58:11+00:00\",\"mainEntityOfPage\":{\"@id\":\"https:\\\/\\\/www.organisator.ch\\\/management\\\/2019-12-12\\\/neu-formierte-schweizer-industriegruppe-mit-fokus-medtech\\\/\"},\"wordCount\":517,\"publisher\":{\"@id\":\"https:\\\/\\\/www.organisator.ch\\\/#organization\"},\"image\":{\"@id\":\"https:\\\/\\\/www.organisator.ch\\\/management\\\/2019-12-12\\\/neu-formierte-schweizer-industriegruppe-mit-fokus-medtech\\\/#primaryimage\"},\"thumbnailUrl\":\"https:\\\/\\\/www.organisator.ch\\\/wp-content\\\/uploads\\\/2019\\\/12\\\/Neu-formierte-Schweizer-Industriegruppe-mit-Fokus-MedTech_Organisator.jpg\",\"keywords\":[\"Firmennachfolge\",\"Management und Unternehmensf\u00fchrung\",\"Unternehmen\"],\"articleSection\":[\"MANAGEMENT\"],\"inLanguage\":\"it-IT\"},{\"@type\":\"WebPage\",\"@id\":\"https:\\\/\\\/www.organisator.ch\\\/management\\\/2019-12-12\\\/neu-formierte-schweizer-industriegruppe-mit-fokus-medtech\\\/\",\"url\":\"https:\\\/\\\/www.organisator.ch\\\/management\\\/2019-12-12\\\/neu-formierte-schweizer-industriegruppe-mit-fokus-medtech\\\/\",\"name\":\"Neu formierte Schweizer Industriegruppe mit Fokus MedTech - Organisator\",\"isPartOf\":{\"@id\":\"https:\\\/\\\/www.organisator.ch\\\/#website\"},\"primaryImageOfPage\":{\"@id\":\"https:\\\/\\\/www.organisator.ch\\\/management\\\/2019-12-12\\\/neu-formierte-schweizer-industriegruppe-mit-fokus-medtech\\\/#primaryimage\"},\"image\":{\"@id\":\"https:\\\/\\\/www.organisator.ch\\\/management\\\/2019-12-12\\\/neu-formierte-schweizer-industriegruppe-mit-fokus-medtech\\\/#primaryimage\"},\"thumbnailUrl\":\"https:\\\/\\\/www.organisator.ch\\\/wp-content\\\/uploads\\\/2019\\\/12\\\/Neu-formierte-Schweizer-Industriegruppe-mit-Fokus-MedTech_Organisator.jpg\",\"datePublished\":\"2019-12-12T09:58:11+00:00\",\"description\":\"Die Jossi AG mit Sitz in Islikon (TG) regelt die Nachfolge: Die Eigent\u00fcmer verkaufen ihr Unternehmen an die Inovu Gruppe mit dem Fokus MedTech.\",\"breadcrumb\":{\"@id\":\"https:\\\/\\\/www.organisator.ch\\\/management\\\/2019-12-12\\\/neu-formierte-schweizer-industriegruppe-mit-fokus-medtech\\\/#breadcrumb\"},\"inLanguage\":\"it-IT\",\"potentialAction\":[{\"@type\":\"ReadAction\",\"target\":[\"https:\\\/\\\/www.organisator.ch\\\/management\\\/2019-12-12\\\/neu-formierte-schweizer-industriegruppe-mit-fokus-medtech\\\/\"]}]},{\"@type\":\"ImageObject\",\"inLanguage\":\"it-IT\",\"@id\":\"https:\\\/\\\/www.organisator.ch\\\/management\\\/2019-12-12\\\/neu-formierte-schweizer-industriegruppe-mit-fokus-medtech\\\/#primaryimage\",\"url\":\"https:\\\/\\\/www.organisator.ch\\\/wp-content\\\/uploads\\\/2019\\\/12\\\/Neu-formierte-Schweizer-Industriegruppe-mit-Fokus-MedTech_Organisator.jpg\",\"contentUrl\":\"https:\\\/\\\/www.organisator.ch\\\/wp-content\\\/uploads\\\/2019\\\/12\\\/Neu-formierte-Schweizer-Industriegruppe-mit-Fokus-MedTech_Organisator.jpg\",\"width\":680,\"height\":76},{\"@type\":\"BreadcrumbList\",\"@id\":\"https:\\\/\\\/www.organisator.ch\\\/management\\\/2019-12-12\\\/neu-formierte-schweizer-industriegruppe-mit-fokus-medtech\\\/#breadcrumb\",\"itemListElement\":[{\"@type\":\"ListItem\",\"position\":1,\"name\":\"Home\",\"item\":\"https:\\\/\\\/www.organisator.ch\\\/\"},{\"@type\":\"ListItem\",\"position\":2,\"name\":\"Neu formierte Schweizer Industriegruppe mit Fokus MedTech\"}]},{\"@type\":\"WebSite\",\"@id\":\"https:\\\/\\\/www.organisator.ch\\\/#website\",\"url\":\"https:\\\/\\\/www.organisator.ch\\\/\",\"name\":\"Organisator\",\"description\":\"Kompetent. Praxisnah. Der ORGANISATOR bereitet in 10 Ausgaben pro Jahr die wesentlichen Themen f\u00fcr F\u00fchrungskr\u00e4fte von KMU auf.\",\"publisher\":{\"@id\":\"https:\\\/\\\/www.organisator.ch\\\/#organization\"},\"potentialAction\":[{\"@type\":\"SearchAction\",\"target\":{\"@type\":\"EntryPoint\",\"urlTemplate\":\"https:\\\/\\\/www.organisator.ch\\\/?s={search_term_string}\"},\"query-input\":{\"@type\":\"PropertyValueSpecification\",\"valueRequired\":true,\"valueName\":\"search_term_string\"}}],\"inLanguage\":\"it-IT\"},{\"@type\":\"Organization\",\"@id\":\"https:\\\/\\\/www.organisator.ch\\\/#organization\",\"name\":\"Organisator\",\"url\":\"https:\\\/\\\/www.organisator.ch\\\/\",\"logo\":{\"@type\":\"ImageObject\",\"inLanguage\":\"it-IT\",\"@id\":\"https:\\\/\\\/www.organisator.ch\\\/#\\\/schema\\\/logo\\\/image\\\/\",\"url\":\"https:\\\/\\\/www.organisator.ch\\\/wp-content\\\/uploads\\\/2022\\\/01\\\/Logo_Organisator_Website.png\",\"contentUrl\":\"https:\\\/\\\/www.organisator.ch\\\/wp-content\\\/uploads\\\/2022\\\/01\\\/Logo_Organisator_Website.png\",\"width\":800,\"height\":77,\"caption\":\"Organisator\"},\"image\":{\"@id\":\"https:\\\/\\\/www.organisator.ch\\\/#\\\/schema\\\/logo\\\/image\\\/\"},\"sameAs\":[\"https:\\\/\\\/www.facebook.com\\\/OrganisatorFachmagazin\",\"https:\\\/\\\/www.linkedin.com\\\/showcase\\\/organisator-das-magazin-fr-kmu\",\"https:\\\/\\\/www.xing.com\\\/news\\\/pages\\\/organisator-ch-695\",\"https:\\\/\\\/www.youtube.com\\\/channel\\\/UCGP2Sq0iWaZwT3BdIAQFYpw\"]},{\"@type\":\"Person\",\"@id\":\"https:\\\/\\\/www.organisator.ch\\\/#\\\/schema\\\/person\\\/6f650f90b2842cd4c0cc334b4e36f67e\",\"name\":\"thomas.berner\",\"image\":{\"@type\":\"ImageObject\",\"inLanguage\":\"it-IT\",\"@id\":\"https:\\\/\\\/secure.gravatar.com\\\/avatar\\\/ac5001d2a36cb6c6cd3e50789007ffca834b477b74a2144564522e944eabff61?s=96&d=mm&r=g\",\"url\":\"https:\\\/\\\/secure.gravatar.com\\\/avatar\\\/ac5001d2a36cb6c6cd3e50789007ffca834b477b74a2144564522e944eabff61?s=96&d=mm&r=g\",\"contentUrl\":\"https:\\\/\\\/secure.gravatar.com\\\/avatar\\\/ac5001d2a36cb6c6cd3e50789007ffca834b477b74a2144564522e944eabff61?s=96&d=mm&r=g\",\"caption\":\"thomas.berner\"},\"url\":\"https:\\\/\\\/www.organisator.ch\\\/it\\\/author\\\/thomas-berner\\\/\"}]}<\/script>\n<!-- \/ Yoast SEO plugin. -->","yoast_head_json":{"title":"Gruppo industriale svizzero di nuova costituzione con focus sul settore MedTech - Organizzatore","description":"Jossi AG, con sede a Islikon (TG), sta risolvendo la sua successione: i proprietari stanno vendendo la loro azienda al Gruppo Inovu, che si occupa di MedTech.","robots":{"index":"index","follow":"follow","max-snippet":"max-snippet:-1","max-image-preview":"max-image-preview:large","max-video-preview":"max-video-preview:-1"},"canonical":"https:\/\/www.organisator.ch\/it\/gestione-2\/2019-12-12\/neu-formierte-schweizer-industriegruppe-mit-fokus-medtech\/","og_locale":"it_IT","og_type":"article","og_title":"Neu formierte Schweizer Industriegruppe mit Fokus MedTech","og_description":"Die Jossi AG mit Sitz in Islikon (TG) regelt die Nachfolge: Die Eigent\u00fcmer verkaufen ihr Unternehmen an die Inovu Gruppe mit dem Fokus MedTech.","og_url":"https:\/\/www.organisator.ch\/it\/gestione-2\/2019-12-12\/neu-formierte-schweizer-industriegruppe-mit-fokus-medtech\/","og_site_name":"Organisator","article_publisher":"https:\/\/www.facebook.com\/OrganisatorFachmagazin","article_published_time":"2019-12-12T09:58:11+00:00","author":"thomas.berner","twitter_card":"summary_large_image","twitter_title":"Neu formierte Schweizer #Industriegruppe mit Fokus #MedTech","twitter_description":"Die Jossi AG mit Sitz in Islikon (TG) regelt die Nachfolge: Die Eigent\u00fcmer verkaufen ihr Unternehmen an die Inovu Gruppe mit dem Fokus #MedTech.","schema":{"@context":"https:\/\/schema.org","@graph":[{"@type":"Article","@id":"https:\/\/www.organisator.ch\/management\/2019-12-12\/neu-formierte-schweizer-industriegruppe-mit-fokus-medtech\/#article","isPartOf":{"@id":"https:\/\/www.organisator.ch\/management\/2019-12-12\/neu-formierte-schweizer-industriegruppe-mit-fokus-medtech\/"},"author":{"name":"thomas.berner","@id":"https:\/\/www.organisator.ch\/#\/schema\/person\/6f650f90b2842cd4c0cc334b4e36f67e"},"headline":"Neu formierte Schweizer Industriegruppe mit Fokus MedTech","datePublished":"2019-12-12T09:58:11+00:00","mainEntityOfPage":{"@id":"https:\/\/www.organisator.ch\/management\/2019-12-12\/neu-formierte-schweizer-industriegruppe-mit-fokus-medtech\/"},"wordCount":517,"publisher":{"@id":"https:\/\/www.organisator.ch\/#organization"},"image":{"@id":"https:\/\/www.organisator.ch\/management\/2019-12-12\/neu-formierte-schweizer-industriegruppe-mit-fokus-medtech\/#primaryimage"},"thumbnailUrl":"https:\/\/www.organisator.ch\/wp-content\/uploads\/2019\/12\/Neu-formierte-Schweizer-Industriegruppe-mit-Fokus-MedTech_Organisator.jpg","keywords":["Firmennachfolge","Management und Unternehmensf\u00fchrung","Unternehmen"],"articleSection":["MANAGEMENT"],"inLanguage":"it-IT"},{"@type":"WebPage","@id":"https:\/\/www.organisator.ch\/management\/2019-12-12\/neu-formierte-schweizer-industriegruppe-mit-fokus-medtech\/","url":"https:\/\/www.organisator.ch\/management\/2019-12-12\/neu-formierte-schweizer-industriegruppe-mit-fokus-medtech\/","name":"Gruppo industriale svizzero di nuova costituzione con focus sul settore MedTech - Organizzatore","isPartOf":{"@id":"https:\/\/www.organisator.ch\/#website"},"primaryImageOfPage":{"@id":"https:\/\/www.organisator.ch\/management\/2019-12-12\/neu-formierte-schweizer-industriegruppe-mit-fokus-medtech\/#primaryimage"},"image":{"@id":"https:\/\/www.organisator.ch\/management\/2019-12-12\/neu-formierte-schweizer-industriegruppe-mit-fokus-medtech\/#primaryimage"},"thumbnailUrl":"https:\/\/www.organisator.ch\/wp-content\/uploads\/2019\/12\/Neu-formierte-Schweizer-Industriegruppe-mit-Fokus-MedTech_Organisator.jpg","datePublished":"2019-12-12T09:58:11+00:00","description":"Jossi AG, con sede a Islikon (TG), sta risolvendo la sua successione: i proprietari stanno vendendo la loro azienda al Gruppo Inovu, che si occupa di MedTech.","breadcrumb":{"@id":"https:\/\/www.organisator.ch\/management\/2019-12-12\/neu-formierte-schweizer-industriegruppe-mit-fokus-medtech\/#breadcrumb"},"inLanguage":"it-IT","potentialAction":[{"@type":"ReadAction","target":["https:\/\/www.organisator.ch\/management\/2019-12-12\/neu-formierte-schweizer-industriegruppe-mit-fokus-medtech\/"]}]},{"@type":"ImageObject","inLanguage":"it-IT","@id":"https:\/\/www.organisator.ch\/management\/2019-12-12\/neu-formierte-schweizer-industriegruppe-mit-fokus-medtech\/#primaryimage","url":"https:\/\/www.organisator.ch\/wp-content\/uploads\/2019\/12\/Neu-formierte-Schweizer-Industriegruppe-mit-Fokus-MedTech_Organisator.jpg","contentUrl":"https:\/\/www.organisator.ch\/wp-content\/uploads\/2019\/12\/Neu-formierte-Schweizer-Industriegruppe-mit-Fokus-MedTech_Organisator.jpg","width":680,"height":76},{"@type":"BreadcrumbList","@id":"https:\/\/www.organisator.ch\/management\/2019-12-12\/neu-formierte-schweizer-industriegruppe-mit-fokus-medtech\/#breadcrumb","itemListElement":[{"@type":"ListItem","position":1,"name":"Home","item":"https:\/\/www.organisator.ch\/"},{"@type":"ListItem","position":2,"name":"Neu formierte Schweizer Industriegruppe mit Fokus MedTech"}]},{"@type":"WebSite","@id":"https:\/\/www.organisator.ch\/#website","url":"https:\/\/www.organisator.ch\/","name":"Organizzatore","description":"Competente. Pratico. In 10 numeri all'anno, ORGANISATOR presenta i temi essenziali per i manager delle PMI.","publisher":{"@id":"https:\/\/www.organisator.ch\/#organization"},"potentialAction":[{"@type":"SearchAction","target":{"@type":"EntryPoint","urlTemplate":"https:\/\/www.organisator.ch\/?s={search_term_string}"},"query-input":{"@type":"PropertyValueSpecification","valueRequired":true,"valueName":"search_term_string"}}],"inLanguage":"it-IT"},{"@type":"Organization","@id":"https:\/\/www.organisator.ch\/#organization","name":"Organizzatore","url":"https:\/\/www.organisator.ch\/","logo":{"@type":"ImageObject","inLanguage":"it-IT","@id":"https:\/\/www.organisator.ch\/#\/schema\/logo\/image\/","url":"https:\/\/www.organisator.ch\/wp-content\/uploads\/2022\/01\/Logo_Organisator_Website.png","contentUrl":"https:\/\/www.organisator.ch\/wp-content\/uploads\/2022\/01\/Logo_Organisator_Website.png","width":800,"height":77,"caption":"Organisator"},"image":{"@id":"https:\/\/www.organisator.ch\/#\/schema\/logo\/image\/"},"sameAs":["https:\/\/www.facebook.com\/OrganisatorFachmagazin","https:\/\/www.linkedin.com\/showcase\/organisator-das-magazin-fr-kmu","https:\/\/www.xing.com\/news\/pages\/organisator-ch-695","https:\/\/www.youtube.com\/channel\/UCGP2Sq0iWaZwT3BdIAQFYpw"]},{"@type":"Person","@id":"https:\/\/www.organisator.ch\/#\/schema\/person\/6f650f90b2842cd4c0cc334b4e36f67e","name":"Tommaso.berner","image":{"@type":"ImageObject","inLanguage":"it-IT","@id":"https:\/\/secure.gravatar.com\/avatar\/ac5001d2a36cb6c6cd3e50789007ffca834b477b74a2144564522e944eabff61?s=96&d=mm&r=g","url":"https:\/\/secure.gravatar.com\/avatar\/ac5001d2a36cb6c6cd3e50789007ffca834b477b74a2144564522e944eabff61?s=96&d=mm&r=g","contentUrl":"https:\/\/secure.gravatar.com\/avatar\/ac5001d2a36cb6c6cd3e50789007ffca834b477b74a2144564522e944eabff61?s=96&d=mm&r=g","caption":"thomas.berner"},"url":"https:\/\/www.organisator.ch\/it\/author\/thomas-berner\/"}]}},"_links":{"self":[{"href":"https:\/\/www.organisator.ch\/it\/wp-json\/wp\/v2\/posts\/8616","targetHints":{"allow":["GET"]}}],"collection":[{"href":"https:\/\/www.organisator.ch\/it\/wp-json\/wp\/v2\/posts"}],"about":[{"href":"https:\/\/www.organisator.ch\/it\/wp-json\/wp\/v2\/types\/post"}],"author":[{"embeddable":true,"href":"https:\/\/www.organisator.ch\/it\/wp-json\/wp\/v2\/users\/4"}],"replies":[{"embeddable":true,"href":"https:\/\/www.organisator.ch\/it\/wp-json\/wp\/v2\/comments?post=8616"}],"version-history":[{"count":0,"href":"https:\/\/www.organisator.ch\/it\/wp-json\/wp\/v2\/posts\/8616\/revisions"}],"wp:featuredmedia":[{"embeddable":true,"href":"https:\/\/www.organisator.ch\/it\/wp-json\/wp\/v2\/media\/8539"}],"wp:attachment":[{"href":"https:\/\/www.organisator.ch\/it\/wp-json\/wp\/v2\/media?parent=8616"}],"wp:term":[{"taxonomy":"category","embeddable":true,"href":"https:\/\/www.organisator.ch\/it\/wp-json\/wp\/v2\/categories?post=8616"},{"taxonomy":"post_tag","embeddable":true,"href":"https:\/\/www.organisator.ch\/it\/wp-json\/wp\/v2\/tags?post=8616"}],"curies":[{"name":"wp","href":"https:\/\/api.w.org\/{rel}","templated":true}]}}