{"id":8624,"date":"2020-01-06T10:01:26","date_gmt":"2020-01-06T09:01:26","guid":{"rendered":"https:\/\/www.organisator.ch\/?p=6196"},"modified":"2020-01-06T10:01:26","modified_gmt":"2020-01-06T09:01:26","slug":"stressfrei-durch-veraenderungsprozesse-ein-maerchen","status":"publish","type":"post","link":"https:\/\/www.organisator.ch\/it\/management\/2020-01-06\/stressfrei-durch-veraenderungsprozesse-ein-maerchen\/","title":{"rendered":"Senza stress attraverso i processi di cambiamento - una favola?"},"content":{"rendered":"<figure id=\"attachment_6198\" aria-describedby=\"caption-attachment-6198\" style=\"width: 680px\" class=\"wp-caption alignnone\"><img loading=\"lazy\" decoding=\"async\" class=\"size-medium wp-image-6198\" src=\"https:\/\/www.organisator.ch\/wp-content\/uploads\/2020\/01\/Stressfrei-durch-Veraenderungsprozesse-ein-Maerchen_Organisator.jpg\" alt=\"\" width=\"680\" height=\"463\" \/><figcaption id=\"caption-attachment-6198\" class=\"wp-caption-text\">Michael Hoffmann di Nova Change presenta un moderno concetto di seminario per i processi di cambiamento. (Immagine: zVg Nova Change)<\/figcaption><\/figure>\n<p>Di per s\u00e9, un cambiamento a livello emotivo non \u00e8 di buon auspicio per i dipendenti. Per le persone interessate, un'innovazione significa da un lato uno sforzo di apprendimento e dall'altro un'incertezza sull'esito e sulle conseguenze personali dell'intera impresa - anche le opportunit\u00e0 sono qualcosa di incerto. In questo modo si nasconde il potenziale della cosiddetta resistenza, che da un punto di vista sistemico rappresenta la ricerca della stabilit\u00e0 e della sicurezza, che \u00e8 importante per tutte le persone, naturalmente in misura diversa.<\/p>\n<h2>Che cosa rende impegnativi i progetti di cambiamento?<\/h2>\n<p>Quanto pi\u00f9 stabile \u00e8 la situazione iniziale nella percezione delle persone coinvolte, tanto maggiore \u00e8 il potenziale di resistenza. Va notato che la propria percezione come manager o iniziatore non corrisponde alla percezione di tutti gli interessati. Sebbene i fattori scatenanti del cambiamento siano spesso di natura tecnica e\/o strategica, i progetti di cambiamento passano molto rapidamente a un livello emotivo. In questo contesto, le competenze corrispondenti del middle e senior management, ma anche dei dipendenti nell'affrontare il cambiamento, giocano un ruolo decisivo. In particolare, spesso sono necessarie competenze specifiche e morbide nell'organizzazione. Ci\u00f2 si riflette anche nell'indagine condotta su Xing da Nova Change, una rete di cooperazione composta da diversi consulenti di gestione provenienti dalla Germania e dalla Svizzera.<\/p>\n<h2>Una fata madrina per i processi di cambiamento?<\/h2>\n<p>In risposta alla domanda: \"Quali desideri in relazione ai processi di cambiamento rivolgeresti a una fata madrina?\", i manager e le persone coinvolte hanno risposto, tra le altre, con le seguenti affermazioni:<\/p>\n<ul>\n<li>lasciare che i risultati siano visibili pi\u00f9 velocemente e mantenere la motivazione,<\/li>\n<li>Rafforzare le capacit\u00e0 di autogestione dei dipendenti nell'affrontare le proprie paure e resistenze,<\/li>\n<li>migliorare la fiducia nell'esperienza dei leader,<\/li>\n<li>lasciare che sia il management a guidare il cambiamento e a metterci il cuore,<\/li>\n<li>per favore... fate in modo che gli altri credano nel lato positivo del cambiamento e vedano pi\u00f9 opportunit\u00e0 che rischi!<\/li>\n<\/ul>\n<h2>Utilizzare i moderni metodi di educazione degli adulti per insegnare a gestire i cambiamenti.<\/h2>\n<p>Purtroppo le fate buone esistono solo nelle favole... o forse s\u00ec? Nova Change sembra averne trovato uno, sotto forma di un moderno EDP di apprendimento e di una metodologia di educazione degli adulti specificamente progettata per la facilitazione e la formazione nei progetti di cambiamento - Actee Change. Il sistema \u00e8 gi\u00e0 ampiamente diffuso in Danimarca e in alcuni Paesi del Nord Europa. Con entusiasmo, curiosit\u00e0 e gioia, questa metodologia permette alle persone di cogliere in poco tempo l'aspetto emotivo della gestione del cambiamento e di allenarsi a gestirlo. Potete sperimentare come funziona in occasione di un evento a Soletta.<\/p>\n<p><em>Seminario: Gestione del cambiamento BeGREPING <\/em><br \/>\n<em>Dove: Coworking Uferbau, Ritterquai 8, 4500 Solothurn <\/em><br \/>\n<em>Quando: 06.02.2020 09:00 - 16:00 <\/em><br \/>\n<em>Informazioni e registrazione: <a href=\"https:\/\/www.xing.com\/events\/2391274\">https:\/\/www.xing.com\/events\/2391274<\/a><\/em><\/p>","protected":false},"excerpt":{"rendered":"<p>An sich verspricht eine Ver\u00e4nderung auf der emotionalen Ebene f\u00fcr die Mitarbeitenden noch nichts Gutes. Eine Neuerung bedeutet f\u00fcr die Betroffenen einerseits einen Lernaufwand und andererseits eine Ungewissheit in Bezug auf den Ausgang und pers\u00f6nliche Konsequenzen des gesamten Vorhabens \u2013 auch Chancen sind etwas Ungewisses. Darin verbirgt sich das Potenzial f\u00fcr den sogenannten Widerstand, der [&hellip;]<\/p>\n","protected":false},"author":4,"featured_media":8548,"comment_status":"closed","ping_status":"closed","sticky":false,"template":"","format":"standard","meta":{"_acf_changed":false,"_yoast_wpseo_focuskw":"Ver\u00e4nderungsprozesse","_yoast_wpseo_metadesc":"Ver\u00e4nderungsprozesse sind in der heutigen Gesch\u00e4ftswelt eine allt\u00e4gliche Herausforderung, die nicht selten mit Emotionen und Spannungen verbunden sind.","articlekey":"","footnotes":""},"categories":[28],"tags":[62,193,335,430],"class_list":["post-8624","post","type-post","status-publish","format-standard","has-post-thumbnail","hentry","category-management","tag-aus-weiterbildung","tag-fachkongressfachmesse","tag-management-und-unternehmensfuehrung","tag-seminar"],"acf":[],"yoast_head":"<!-- This site is optimized with the Yoast SEO plugin v27.4 - https:\/\/yoast.com\/product\/yoast-seo-wordpress\/ -->\n<title>Stressfrei durch Ver\u00e4nderungsprozesse \u2013 ein M\u00e4rchen? - Organisator<\/title>\n<meta name=\"description\" content=\"Ver\u00e4nderungsprozesse sind in der heutigen Gesch\u00e4ftswelt eine allt\u00e4gliche Herausforderung, die nicht selten mit Emotionen und Spannungen verbunden sind.\" \/>\n<meta name=\"robots\" content=\"index, follow, max-snippet:-1, max-image-preview:large, max-video-preview:-1\" \/>\n<link rel=\"canonical\" href=\"https:\/\/www.organisator.ch\/it\/gestione-2\/2020-01-06\/stressfrei-durch-veraenderungsprozesse-ein-maerchen\/\" \/>\n<meta property=\"og:locale\" content=\"it_IT\" \/>\n<meta property=\"og:type\" content=\"article\" \/>\n<meta property=\"og:title\" content=\"Stressfrei durch Ver\u00e4nderungsprozesse \u2013 ein M\u00e4rchen?\" \/>\n<meta property=\"og:description\" content=\"Ver\u00e4nderungsprozesse sind in der heutigen Gesch\u00e4ftswelt eine allt\u00e4gliche Herausforderung, die nicht selten mit Emotionen und Spannungen verbunden sind.\" \/>\n<meta property=\"og:url\" content=\"https:\/\/www.organisator.ch\/it\/gestione-2\/2020-01-06\/stressfrei-durch-veraenderungsprozesse-ein-maerchen\/\" \/>\n<meta property=\"og:site_name\" content=\"Organisator\" \/>\n<meta property=\"article:publisher\" content=\"https:\/\/www.facebook.com\/OrganisatorFachmagazin\" \/>\n<meta property=\"article:published_time\" content=\"2020-01-06T09:01:26+00:00\" \/>\n<meta name=\"author\" content=\"thomas.berner\" \/>\n<meta name=\"twitter:card\" content=\"summary_large_image\" \/>\n<meta name=\"twitter:title\" content=\"Stressfrei durch #Ver\u00e4nderungsprozesse \u2013 ein #M\u00e4rchen?\" \/>\n<meta name=\"twitter:description\" content=\"#Ver\u00e4nderungsprozesse sind in der heutigen Gesch\u00e4ftswelt eine allt\u00e4gliche Herausforderung, die nicht selten mit #Emotionen und Spannungen verbunden sind.\" \/>\n<script type=\"application\/ld+json\" class=\"yoast-schema-graph\">{\"@context\":\"https:\\\/\\\/schema.org\",\"@graph\":[{\"@type\":\"Article\",\"@id\":\"https:\\\/\\\/www.organisator.ch\\\/management\\\/2020-01-06\\\/stressfrei-durch-veraenderungsprozesse-ein-maerchen\\\/#article\",\"isPartOf\":{\"@id\":\"https:\\\/\\\/www.organisator.ch\\\/management\\\/2020-01-06\\\/stressfrei-durch-veraenderungsprozesse-ein-maerchen\\\/\"},\"author\":{\"name\":\"thomas.berner\",\"@id\":\"https:\\\/\\\/www.organisator.ch\\\/#\\\/schema\\\/person\\\/6f650f90b2842cd4c0cc334b4e36f67e\"},\"headline\":\"Stressfrei durch Ver\u00e4nderungsprozesse \u2013 ein M\u00e4rchen?\",\"datePublished\":\"2020-01-06T09:01:26+00:00\",\"mainEntityOfPage\":{\"@id\":\"https:\\\/\\\/www.organisator.ch\\\/management\\\/2020-01-06\\\/stressfrei-durch-veraenderungsprozesse-ein-maerchen\\\/\"},\"wordCount\":477,\"publisher\":{\"@id\":\"https:\\\/\\\/www.organisator.ch\\\/#organization\"},\"image\":{\"@id\":\"https:\\\/\\\/www.organisator.ch\\\/management\\\/2020-01-06\\\/stressfrei-durch-veraenderungsprozesse-ein-maerchen\\\/#primaryimage\"},\"thumbnailUrl\":\"https:\\\/\\\/www.organisator.ch\\\/wp-content\\\/uploads\\\/2020\\\/01\\\/Stressfrei-durch-Veraenderungsprozesse-ein-Maerchen_Organisator.jpg\",\"keywords\":[\"Aus-\\\/Weiterbildung\",\"Fachkongress\\\/Fachmesse\",\"Management und Unternehmensf\u00fchrung\",\"Seminar\"],\"articleSection\":[\"MANAGEMENT\"],\"inLanguage\":\"it-IT\"},{\"@type\":\"WebPage\",\"@id\":\"https:\\\/\\\/www.organisator.ch\\\/management\\\/2020-01-06\\\/stressfrei-durch-veraenderungsprozesse-ein-maerchen\\\/\",\"url\":\"https:\\\/\\\/www.organisator.ch\\\/management\\\/2020-01-06\\\/stressfrei-durch-veraenderungsprozesse-ein-maerchen\\\/\",\"name\":\"Stressfrei durch Ver\u00e4nderungsprozesse \u2013 ein M\u00e4rchen? - Organisator\",\"isPartOf\":{\"@id\":\"https:\\\/\\\/www.organisator.ch\\\/#website\"},\"primaryImageOfPage\":{\"@id\":\"https:\\\/\\\/www.organisator.ch\\\/management\\\/2020-01-06\\\/stressfrei-durch-veraenderungsprozesse-ein-maerchen\\\/#primaryimage\"},\"image\":{\"@id\":\"https:\\\/\\\/www.organisator.ch\\\/management\\\/2020-01-06\\\/stressfrei-durch-veraenderungsprozesse-ein-maerchen\\\/#primaryimage\"},\"thumbnailUrl\":\"https:\\\/\\\/www.organisator.ch\\\/wp-content\\\/uploads\\\/2020\\\/01\\\/Stressfrei-durch-Veraenderungsprozesse-ein-Maerchen_Organisator.jpg\",\"datePublished\":\"2020-01-06T09:01:26+00:00\",\"description\":\"Ver\u00e4nderungsprozesse sind in der heutigen Gesch\u00e4ftswelt eine allt\u00e4gliche Herausforderung, die nicht selten mit Emotionen und Spannungen verbunden sind.\",\"breadcrumb\":{\"@id\":\"https:\\\/\\\/www.organisator.ch\\\/management\\\/2020-01-06\\\/stressfrei-durch-veraenderungsprozesse-ein-maerchen\\\/#breadcrumb\"},\"inLanguage\":\"it-IT\",\"potentialAction\":[{\"@type\":\"ReadAction\",\"target\":[\"https:\\\/\\\/www.organisator.ch\\\/management\\\/2020-01-06\\\/stressfrei-durch-veraenderungsprozesse-ein-maerchen\\\/\"]}]},{\"@type\":\"ImageObject\",\"inLanguage\":\"it-IT\",\"@id\":\"https:\\\/\\\/www.organisator.ch\\\/management\\\/2020-01-06\\\/stressfrei-durch-veraenderungsprozesse-ein-maerchen\\\/#primaryimage\",\"url\":\"https:\\\/\\\/www.organisator.ch\\\/wp-content\\\/uploads\\\/2020\\\/01\\\/Stressfrei-durch-Veraenderungsprozesse-ein-Maerchen_Organisator.jpg\",\"contentUrl\":\"https:\\\/\\\/www.organisator.ch\\\/wp-content\\\/uploads\\\/2020\\\/01\\\/Stressfrei-durch-Veraenderungsprozesse-ein-Maerchen_Organisator.jpg\",\"width\":680,\"height\":463,\"caption\":\"Michael Hoffmann von Nova Change pr\u00e4sentiert ein modernes Seminarkonzept f\u00fcr Ver\u00e4nderungsprozesse. (Bild: zVg Nova Change)\"},{\"@type\":\"BreadcrumbList\",\"@id\":\"https:\\\/\\\/www.organisator.ch\\\/management\\\/2020-01-06\\\/stressfrei-durch-veraenderungsprozesse-ein-maerchen\\\/#breadcrumb\",\"itemListElement\":[{\"@type\":\"ListItem\",\"position\":1,\"name\":\"Home\",\"item\":\"https:\\\/\\\/www.organisator.ch\\\/\"},{\"@type\":\"ListItem\",\"position\":2,\"name\":\"Stressfrei durch Ver\u00e4nderungsprozesse \u2013 ein M\u00e4rchen?\"}]},{\"@type\":\"WebSite\",\"@id\":\"https:\\\/\\\/www.organisator.ch\\\/#website\",\"url\":\"https:\\\/\\\/www.organisator.ch\\\/\",\"name\":\"Organisator\",\"description\":\"Kompetent. Praxisnah. Der ORGANISATOR bereitet in 10 Ausgaben pro Jahr die wesentlichen Themen f\u00fcr F\u00fchrungskr\u00e4fte von KMU auf.\",\"publisher\":{\"@id\":\"https:\\\/\\\/www.organisator.ch\\\/#organization\"},\"potentialAction\":[{\"@type\":\"SearchAction\",\"target\":{\"@type\":\"EntryPoint\",\"urlTemplate\":\"https:\\\/\\\/www.organisator.ch\\\/?s={search_term_string}\"},\"query-input\":{\"@type\":\"PropertyValueSpecification\",\"valueRequired\":true,\"valueName\":\"search_term_string\"}}],\"inLanguage\":\"it-IT\"},{\"@type\":\"Organization\",\"@id\":\"https:\\\/\\\/www.organisator.ch\\\/#organization\",\"name\":\"Organisator\",\"url\":\"https:\\\/\\\/www.organisator.ch\\\/\",\"logo\":{\"@type\":\"ImageObject\",\"inLanguage\":\"it-IT\",\"@id\":\"https:\\\/\\\/www.organisator.ch\\\/#\\\/schema\\\/logo\\\/image\\\/\",\"url\":\"https:\\\/\\\/www.organisator.ch\\\/wp-content\\\/uploads\\\/2022\\\/01\\\/Logo_Organisator_Website.png\",\"contentUrl\":\"https:\\\/\\\/www.organisator.ch\\\/wp-content\\\/uploads\\\/2022\\\/01\\\/Logo_Organisator_Website.png\",\"width\":800,\"height\":77,\"caption\":\"Organisator\"},\"image\":{\"@id\":\"https:\\\/\\\/www.organisator.ch\\\/#\\\/schema\\\/logo\\\/image\\\/\"},\"sameAs\":[\"https:\\\/\\\/www.facebook.com\\\/OrganisatorFachmagazin\",\"https:\\\/\\\/www.linkedin.com\\\/showcase\\\/organisator-das-magazin-fr-kmu\",\"https:\\\/\\\/www.xing.com\\\/news\\\/pages\\\/organisator-ch-695\",\"https:\\\/\\\/www.youtube.com\\\/channel\\\/UCGP2Sq0iWaZwT3BdIAQFYpw\"]},{\"@type\":\"Person\",\"@id\":\"https:\\\/\\\/www.organisator.ch\\\/#\\\/schema\\\/person\\\/6f650f90b2842cd4c0cc334b4e36f67e\",\"name\":\"thomas.berner\",\"image\":{\"@type\":\"ImageObject\",\"inLanguage\":\"it-IT\",\"@id\":\"https:\\\/\\\/secure.gravatar.com\\\/avatar\\\/ac5001d2a36cb6c6cd3e50789007ffca834b477b74a2144564522e944eabff61?s=96&d=mm&r=g\",\"url\":\"https:\\\/\\\/secure.gravatar.com\\\/avatar\\\/ac5001d2a36cb6c6cd3e50789007ffca834b477b74a2144564522e944eabff61?s=96&d=mm&r=g\",\"contentUrl\":\"https:\\\/\\\/secure.gravatar.com\\\/avatar\\\/ac5001d2a36cb6c6cd3e50789007ffca834b477b74a2144564522e944eabff61?s=96&d=mm&r=g\",\"caption\":\"thomas.berner\"},\"url\":\"https:\\\/\\\/www.organisator.ch\\\/it\\\/author\\\/thomas-berner\\\/\"}]}<\/script>\n<!-- \/ Yoast SEO plugin. -->","yoast_head_json":{"title":"Senza stress attraverso i processi di cambiamento: una favola? - Organizzatore","description":"Nel mondo aziendale di oggi, i processi di cambiamento sono una sfida quotidiana, non di rado associata a emozioni e tensioni.","robots":{"index":"index","follow":"follow","max-snippet":"max-snippet:-1","max-image-preview":"max-image-preview:large","max-video-preview":"max-video-preview:-1"},"canonical":"https:\/\/www.organisator.ch\/it\/gestione-2\/2020-01-06\/stressfrei-durch-veraenderungsprozesse-ein-maerchen\/","og_locale":"it_IT","og_type":"article","og_title":"Stressfrei durch Ver\u00e4nderungsprozesse \u2013 ein M\u00e4rchen?","og_description":"Ver\u00e4nderungsprozesse sind in der heutigen Gesch\u00e4ftswelt eine allt\u00e4gliche Herausforderung, die nicht selten mit Emotionen und Spannungen verbunden sind.","og_url":"https:\/\/www.organisator.ch\/it\/gestione-2\/2020-01-06\/stressfrei-durch-veraenderungsprozesse-ein-maerchen\/","og_site_name":"Organisator","article_publisher":"https:\/\/www.facebook.com\/OrganisatorFachmagazin","article_published_time":"2020-01-06T09:01:26+00:00","author":"thomas.berner","twitter_card":"summary_large_image","twitter_title":"Stressfrei durch #Ver\u00e4nderungsprozesse \u2013 ein #M\u00e4rchen?","twitter_description":"#Ver\u00e4nderungsprozesse sind in der heutigen Gesch\u00e4ftswelt eine allt\u00e4gliche Herausforderung, die nicht selten mit #Emotionen und Spannungen verbunden sind.","schema":{"@context":"https:\/\/schema.org","@graph":[{"@type":"Article","@id":"https:\/\/www.organisator.ch\/management\/2020-01-06\/stressfrei-durch-veraenderungsprozesse-ein-maerchen\/#article","isPartOf":{"@id":"https:\/\/www.organisator.ch\/management\/2020-01-06\/stressfrei-durch-veraenderungsprozesse-ein-maerchen\/"},"author":{"name":"thomas.berner","@id":"https:\/\/www.organisator.ch\/#\/schema\/person\/6f650f90b2842cd4c0cc334b4e36f67e"},"headline":"Stressfrei durch Ver\u00e4nderungsprozesse \u2013 ein M\u00e4rchen?","datePublished":"2020-01-06T09:01:26+00:00","mainEntityOfPage":{"@id":"https:\/\/www.organisator.ch\/management\/2020-01-06\/stressfrei-durch-veraenderungsprozesse-ein-maerchen\/"},"wordCount":477,"publisher":{"@id":"https:\/\/www.organisator.ch\/#organization"},"image":{"@id":"https:\/\/www.organisator.ch\/management\/2020-01-06\/stressfrei-durch-veraenderungsprozesse-ein-maerchen\/#primaryimage"},"thumbnailUrl":"https:\/\/www.organisator.ch\/wp-content\/uploads\/2020\/01\/Stressfrei-durch-Veraenderungsprozesse-ein-Maerchen_Organisator.jpg","keywords":["Aus-\/Weiterbildung","Fachkongress\/Fachmesse","Management und Unternehmensf\u00fchrung","Seminar"],"articleSection":["MANAGEMENT"],"inLanguage":"it-IT"},{"@type":"WebPage","@id":"https:\/\/www.organisator.ch\/management\/2020-01-06\/stressfrei-durch-veraenderungsprozesse-ein-maerchen\/","url":"https:\/\/www.organisator.ch\/management\/2020-01-06\/stressfrei-durch-veraenderungsprozesse-ein-maerchen\/","name":"Senza stress attraverso i processi di cambiamento: una favola? - Organizzatore","isPartOf":{"@id":"https:\/\/www.organisator.ch\/#website"},"primaryImageOfPage":{"@id":"https:\/\/www.organisator.ch\/management\/2020-01-06\/stressfrei-durch-veraenderungsprozesse-ein-maerchen\/#primaryimage"},"image":{"@id":"https:\/\/www.organisator.ch\/management\/2020-01-06\/stressfrei-durch-veraenderungsprozesse-ein-maerchen\/#primaryimage"},"thumbnailUrl":"https:\/\/www.organisator.ch\/wp-content\/uploads\/2020\/01\/Stressfrei-durch-Veraenderungsprozesse-ein-Maerchen_Organisator.jpg","datePublished":"2020-01-06T09:01:26+00:00","description":"Nel mondo aziendale di oggi, i processi di cambiamento sono una sfida quotidiana, non di rado associata a emozioni e tensioni.","breadcrumb":{"@id":"https:\/\/www.organisator.ch\/management\/2020-01-06\/stressfrei-durch-veraenderungsprozesse-ein-maerchen\/#breadcrumb"},"inLanguage":"it-IT","potentialAction":[{"@type":"ReadAction","target":["https:\/\/www.organisator.ch\/management\/2020-01-06\/stressfrei-durch-veraenderungsprozesse-ein-maerchen\/"]}]},{"@type":"ImageObject","inLanguage":"it-IT","@id":"https:\/\/www.organisator.ch\/management\/2020-01-06\/stressfrei-durch-veraenderungsprozesse-ein-maerchen\/#primaryimage","url":"https:\/\/www.organisator.ch\/wp-content\/uploads\/2020\/01\/Stressfrei-durch-Veraenderungsprozesse-ein-Maerchen_Organisator.jpg","contentUrl":"https:\/\/www.organisator.ch\/wp-content\/uploads\/2020\/01\/Stressfrei-durch-Veraenderungsprozesse-ein-Maerchen_Organisator.jpg","width":680,"height":463,"caption":"Michael Hoffmann von Nova Change pr\u00e4sentiert ein modernes Seminarkonzept f\u00fcr Ver\u00e4nderungsprozesse. (Bild: zVg Nova Change)"},{"@type":"BreadcrumbList","@id":"https:\/\/www.organisator.ch\/management\/2020-01-06\/stressfrei-durch-veraenderungsprozesse-ein-maerchen\/#breadcrumb","itemListElement":[{"@type":"ListItem","position":1,"name":"Home","item":"https:\/\/www.organisator.ch\/"},{"@type":"ListItem","position":2,"name":"Stressfrei durch Ver\u00e4nderungsprozesse \u2013 ein M\u00e4rchen?"}]},{"@type":"WebSite","@id":"https:\/\/www.organisator.ch\/#website","url":"https:\/\/www.organisator.ch\/","name":"Organizzatore","description":"Competente. Pratico. In 10 numeri all'anno, ORGANISATOR presenta i temi essenziali per i manager delle PMI.","publisher":{"@id":"https:\/\/www.organisator.ch\/#organization"},"potentialAction":[{"@type":"SearchAction","target":{"@type":"EntryPoint","urlTemplate":"https:\/\/www.organisator.ch\/?s={search_term_string}"},"query-input":{"@type":"PropertyValueSpecification","valueRequired":true,"valueName":"search_term_string"}}],"inLanguage":"it-IT"},{"@type":"Organization","@id":"https:\/\/www.organisator.ch\/#organization","name":"Organizzatore","url":"https:\/\/www.organisator.ch\/","logo":{"@type":"ImageObject","inLanguage":"it-IT","@id":"https:\/\/www.organisator.ch\/#\/schema\/logo\/image\/","url":"https:\/\/www.organisator.ch\/wp-content\/uploads\/2022\/01\/Logo_Organisator_Website.png","contentUrl":"https:\/\/www.organisator.ch\/wp-content\/uploads\/2022\/01\/Logo_Organisator_Website.png","width":800,"height":77,"caption":"Organisator"},"image":{"@id":"https:\/\/www.organisator.ch\/#\/schema\/logo\/image\/"},"sameAs":["https:\/\/www.facebook.com\/OrganisatorFachmagazin","https:\/\/www.linkedin.com\/showcase\/organisator-das-magazin-fr-kmu","https:\/\/www.xing.com\/news\/pages\/organisator-ch-695","https:\/\/www.youtube.com\/channel\/UCGP2Sq0iWaZwT3BdIAQFYpw"]},{"@type":"Person","@id":"https:\/\/www.organisator.ch\/#\/schema\/person\/6f650f90b2842cd4c0cc334b4e36f67e","name":"Tommaso.berner","image":{"@type":"ImageObject","inLanguage":"it-IT","@id":"https:\/\/secure.gravatar.com\/avatar\/ac5001d2a36cb6c6cd3e50789007ffca834b477b74a2144564522e944eabff61?s=96&d=mm&r=g","url":"https:\/\/secure.gravatar.com\/avatar\/ac5001d2a36cb6c6cd3e50789007ffca834b477b74a2144564522e944eabff61?s=96&d=mm&r=g","contentUrl":"https:\/\/secure.gravatar.com\/avatar\/ac5001d2a36cb6c6cd3e50789007ffca834b477b74a2144564522e944eabff61?s=96&d=mm&r=g","caption":"thomas.berner"},"url":"https:\/\/www.organisator.ch\/it\/author\/thomas-berner\/"}]}},"_links":{"self":[{"href":"https:\/\/www.organisator.ch\/it\/wp-json\/wp\/v2\/posts\/8624","targetHints":{"allow":["GET"]}}],"collection":[{"href":"https:\/\/www.organisator.ch\/it\/wp-json\/wp\/v2\/posts"}],"about":[{"href":"https:\/\/www.organisator.ch\/it\/wp-json\/wp\/v2\/types\/post"}],"author":[{"embeddable":true,"href":"https:\/\/www.organisator.ch\/it\/wp-json\/wp\/v2\/users\/4"}],"replies":[{"embeddable":true,"href":"https:\/\/www.organisator.ch\/it\/wp-json\/wp\/v2\/comments?post=8624"}],"version-history":[{"count":0,"href":"https:\/\/www.organisator.ch\/it\/wp-json\/wp\/v2\/posts\/8624\/revisions"}],"wp:featuredmedia":[{"embeddable":true,"href":"https:\/\/www.organisator.ch\/it\/wp-json\/wp\/v2\/media\/8548"}],"wp:attachment":[{"href":"https:\/\/www.organisator.ch\/it\/wp-json\/wp\/v2\/media?parent=8624"}],"wp:term":[{"taxonomy":"category","embeddable":true,"href":"https:\/\/www.organisator.ch\/it\/wp-json\/wp\/v2\/categories?post=8624"},{"taxonomy":"post_tag","embeddable":true,"href":"https:\/\/www.organisator.ch\/it\/wp-json\/wp\/v2\/tags?post=8624"}],"curies":[{"name":"wp","href":"https:\/\/api.w.org\/{rel}","templated":true}]}}